{"id":203168,"date":"2020-10-22T19:06:01","date_gmt":"2020-10-22T19:06:01","guid":{"rendered":"https:\/\/www.meydan.tv\/article\/azerbaycan-ordusu-daha-bir-nece-kendi-isgaldan-azad-etdi\/"},"modified":"2020-10-22T19:06:01","modified_gmt":"2020-10-22T19:06:01","slug":"azerbaycan-ordusu-daha-bir-nece-kendi-isgaldan-azad-etdi","status":"publish","type":"post","link":"https:\/\/www.meydan.tv\/az\/article\/azerbaycan-ordusu-daha-bir-nece-kendi-isgaldan-azad-etdi\/","title":{"rendered":"Az\u0259rbaycan ordusu daha bir ne\u00e7\u0259 k\u0259ndi i\u015f\u011faldan azad etdi"},"content":{"rendered":"<p>\n  <i><br \/>\n    A\u011fb\u0259nd q\u0259s\u0259b\u0259si d\u0259 i\u015f\u011faldan azad edilib<br \/>\n  <\/i>\n<\/p>\n<p>\n  Az\u0259rbaycan Ordusu F\u00fczuli rayonunun Mollav\u0259li, Yuxar\u0131 R\u0259f\u0259dinli, A\u015fa\u011f\u0131 R\u0259f\u0259dinli, C\u0259bray\u0131l rayonunun Sirik, \u015e\u0131xlar, M\u0259stal\u0131b\u0259yli, D\u0259rzili, Z\u0259ngilan rayonunun Kolluq\u0131\u015flaq, Malatke\u015fin, K\u0259nd Z\u0259ngilan, Genlik, V\u0259liqulub\u0259yli, Qarad\u0259r\u0259, \u00c7\u00f6p\u0259d\u0259r\u0259, Tatar, Tiri, \u018fmirxanl\u0131, Qarqulu, Bartaz, D\u0259ll\u0259kli k\u0259ndl\u0259rini v\u0259 A\u011fb\u0259nd q\u0259s\u0259b\u0259sini i\u015f\u011faldan azad edib.\n<\/p>\n<p>\n  Bu bar\u0259d\u0259 Az\u0259rbaycan d\u00f6vl\u0259t ba\u015f\u00e7\u0131s\u0131 \u0130lham \u018fliyev oktyabr\u0131n 22-d\u0259 \u00f6z\u00fcn\u00fcn \u201cTwitter\u201d s\u0259hif\u0259sind\u0259 m\u0259lumat payla\u015f\u0131b.<\/p>\n","protected":false},"excerpt":{"rendered":"<p>Bu bar\u0259d\u0259 Az\u0259rbaycan d\u00f6vl\u0259t ba\u015f\u00e7\u0131s\u0131 \u0130lham \u018fliyev oktyabr\u0131n 22-d\u0259 \u00f6z\u00fcn\u00fcn \u201cTwitter\u201d s\u0259hif\u0259sind\u0259 m\u0259lumat payla\u015f\u0131b<\/p>\n","protected":false},"author":11,"featured_media":150122,"comment_status":"closed","ping_status":"open","sticky":false,"template":"","format":"standard","meta":{"_acf_changed":false,"_sitemap_exclude":false,"_sitemap_priority":"","_sitemap_frequency":"","footnotes":""},"categories":[59],"tags":[],"class_list":["post-203168","post","type-post","status-publish","format-standard","has-post-thumbnail","hentry","category-siyaset","infinite-scroll-item","generate-columns","tablet-grid-50","mobile-grid-100","grid-parent","grid-33","no-featured-image-padding"],"acf":[],"yoast_head":"<!-- This site is optimized with the Yoast SEO plugin v28.4 - https:\/\/yoast.com\/product\/yoast-seo-wordpress\/ -->\n<title>Az\u0259rbaycan ordusu daha bir ne\u00e7\u0259 k\u0259ndi i\u015f\u011faldan azad etdi - MEYDAN.TV<\/title>\n<meta name=\"robots\" content=\"index, follow, max-snippet:-1, max-image-preview:large, max-video-preview:-1\" \/>\n<link rel=\"canonical\" href=\"https:\/\/www.meydan.tv\/az\/article\/azerbaycan-ordusu-daha-bir-nece-kendi-isgaldan-azad-etdi\/\" \/>\n<meta property=\"og:locale\" content=\"az_AZ\" \/>\n<meta property=\"og:type\" content=\"article\" \/>\n<meta property=\"og:title\" content=\"Az\u0259rbaycan ordusu daha bir ne\u00e7\u0259 k\u0259ndi i\u015f\u011faldan azad etdi - MEYDAN.TV\" \/>\n<meta property=\"og:description\" content=\"Bu bar\u0259d\u0259 Az\u0259rbaycan d\u00f6vl\u0259t ba\u015f\u00e7\u0131s\u0131 \u0130lham \u018fliyev oktyabr\u0131n 22-d\u0259 \u00f6z\u00fcn\u00fcn \u201cTwitter\u201d s\u0259hif\u0259sind\u0259 m\u0259lumat payla\u015f\u0131b\" \/>\n<meta property=\"og:url\" content=\"https:\/\/www.meydan.tv\/az\/article\/azerbaycan-ordusu-daha-bir-nece-kendi-isgaldan-azad-etdi\/\" \/>\n<meta property=\"og:site_name\" content=\"MEYDAN.TV\" \/>\n<meta property=\"article:published_time\" content=\"2020-10-22T19:06:01+00:00\" \/>\n<meta property=\"og:image\" content=\"https:\/\/www.meydan.tv\/wp-content\/uploads\/aliyev_qu9zhov-scaled.jpg\" \/>\n\t<meta property=\"og:image:width\" content=\"2560\" \/>\n\t<meta property=\"og:image:height\" content=\"1707\" \/>\n\t<meta property=\"og:image:type\" content=\"image\/jpeg\" \/>\n<meta name=\"twitter:card\" content=\"summary_large_image\" \/>\n<!-- \/ Yoast SEO plugin. -->","yoast_head_json":{"title":"Az\u0259rbaycan ordusu daha bir ne\u00e7\u0259 k\u0259ndi i\u015f\u011faldan azad etdi - MEYDAN.TV","robots":{"index":"index","follow":"follow","max-snippet":"max-snippet:-1","max-image-preview":"max-image-preview:large","max-video-preview":"max-video-preview:-1"},"canonical":"https:\/\/www.meydan.tv\/az\/article\/azerbaycan-ordusu-daha-bir-nece-kendi-isgaldan-azad-etdi\/","og_locale":"az_AZ","og_type":"article","og_title":"Az\u0259rbaycan ordusu daha bir ne\u00e7\u0259 k\u0259ndi i\u015f\u011faldan azad etdi - MEYDAN.TV","og_description":"Bu bar\u0259d\u0259 Az\u0259rbaycan d\u00f6vl\u0259t ba\u015f\u00e7\u0131s\u0131 \u0130lham \u018fliyev oktyabr\u0131n 22-d\u0259 \u00f6z\u00fcn\u00fcn \u201cTwitter\u201d s\u0259hif\u0259sind\u0259 m\u0259lumat payla\u015f\u0131b","og_url":"https:\/\/www.meydan.tv\/az\/article\/azerbaycan-ordusu-daha-bir-nece-kendi-isgaldan-azad-etdi\/","og_site_name":"MEYDAN.TV","article_published_time":"2020-10-22T19:06:01+00:00","og_image":[{"width":2560,"height":1707,"url":"https:\/\/www.meydan.tv\/wp-content\/uploads\/aliyev_qu9zhov-scaled.jpg","type":"image\/jpeg"}],"twitter_card":"summary_large_image","schema":{"@context":"https:\/\/schema.org","@graph":[{"@type":"Article","@id":"https:\/\/www.meydan.tv\/az\/article\/azerbaycan-ordusu-daha-bir-nece-kendi-isgaldan-azad-etdi\/#article","isPartOf":{"@id":"https:\/\/www.meydan.tv\/az\/article\/azerbaycan-ordusu-daha-bir-nece-kendi-isgaldan-azad-etdi\/"},"author":{"name":"user-manager","@id":"https:\/\/www.meydan.tv\/az\/#\/schema\/person\/10d11eccf6da3662cf5fdab9806ea91a"},"headline":"Az\u0259rbaycan ordusu daha bir ne\u00e7\u0259 k\u0259ndi i\u015f\u011faldan azad etdi","datePublished":"2020-10-22T19:06:01+00:00","mainEntityOfPage":{"@id":"https:\/\/www.meydan.tv\/az\/article\/azerbaycan-ordusu-daha-bir-nece-kendi-isgaldan-azad-etdi\/"},"wordCount":122,"publisher":{"@id":"https:\/\/www.meydan.tv\/az\/#organization"},"image":{"@id":"https:\/\/www.meydan.tv\/az\/article\/azerbaycan-ordusu-daha-bir-nece-kendi-isgaldan-azad-etdi\/#primaryimage"},"thumbnailUrl":"https:\/\/www.meydan.tv\/wp-content\/uploads\/aliyev_qu9zhov-scaled.jpg","articleSection":["Siyas\u0259t"],"inLanguage":"az"},{"@type":"WebPage","@id":"https:\/\/www.meydan.tv\/az\/article\/azerbaycan-ordusu-daha-bir-nece-kendi-isgaldan-azad-etdi\/","url":"https:\/\/www.meydan.tv\/az\/article\/azerbaycan-ordusu-daha-bir-nece-kendi-isgaldan-azad-etdi\/","name":"Az\u0259rbaycan ordusu daha bir ne\u00e7\u0259 k\u0259ndi i\u015f\u011faldan azad etdi - MEYDAN.TV","isPartOf":{"@id":"https:\/\/www.meydan.tv\/az\/#website"},"primaryImageOfPage":{"@id":"https:\/\/www.meydan.tv\/az\/article\/azerbaycan-ordusu-daha-bir-nece-kendi-isgaldan-azad-etdi\/#primaryimage"},"image":{"@id":"https:\/\/www.meydan.tv\/az\/article\/azerbaycan-ordusu-daha-bir-nece-kendi-isgaldan-azad-etdi\/#primaryimage"},"thumbnailUrl":"https:\/\/www.meydan.tv\/wp-content\/uploads\/aliyev_qu9zhov-scaled.jpg","datePublished":"2020-10-22T19:06:01+00:00","breadcrumb":{"@id":"https:\/\/www.meydan.tv\/az\/article\/azerbaycan-ordusu-daha-bir-nece-kendi-isgaldan-azad-etdi\/#breadcrumb"},"inLanguage":"az","potentialAction":[{"@type":"ReadAction","target":["https:\/\/www.meydan.tv\/az\/article\/azerbaycan-ordusu-daha-bir-nece-kendi-isgaldan-azad-etdi\/"]}]},{"@type":"ImageObject","inLanguage":"az","@id":"https:\/\/www.meydan.tv\/az\/article\/azerbaycan-ordusu-daha-bir-nece-kendi-isgaldan-azad-etdi\/#primaryimage","url":"https:\/\/www.meydan.tv\/wp-content\/uploads\/aliyev_qu9zhov-scaled.jpg","contentUrl":"https:\/\/www.meydan.tv\/wp-content\/uploads\/aliyev_qu9zhov-scaled.jpg","width":2560,"height":1707,"caption":"Source: \u0418\u043b\u043b\u044e\u0441\u0442\u0440\u0430\u0446\u0438\u044f \u041c\u0435\u0439\u0434\u0430\u043d \u0422\u0412"},{"@type":"BreadcrumbList","@id":"https:\/\/www.meydan.tv\/az\/article\/azerbaycan-ordusu-daha-bir-nece-kendi-isgaldan-azad-etdi\/#breadcrumb","itemListElement":[{"@type":"ListItem","position":1,"name":"Ana s\u0259hif\u0259","item":"https:\/\/www.meydan.tv\/az\/"},{"@type":"ListItem","position":2,"name":"Siyas\u0259t","item":"https:\/\/www.meydan.tv\/az\/section\/siyaset\/"},{"@type":"ListItem","position":3,"name":"Az\u0259rbaycan ordusu daha bir ne\u00e7\u0259 k\u0259ndi i\u015f\u011faldan azad etdi"}]},{"@type":"WebSite","@id":"https:\/\/www.meydan.tv\/az\/#website","url":"https:\/\/www.meydan.tv\/az\/","name":"MEYDAN.TV","description":"Meydan TV Az\u0259rbaycan\u0131n media m\u0259kan\u0131ndak\u0131 alternativ s\u0259sidir","publisher":{"@id":"https:\/\/www.meydan.tv\/az\/#organization"},"potentialAction":[{"@type":"SearchAction","target":{"@type":"EntryPoint","urlTemplate":"https:\/\/www.meydan.tv\/az\/?s={search_term_string}"},"query-input":{"@type":"PropertyValueSpecification","valueRequired":true,"valueName":"search_term_string"}}],"inLanguage":"az"},{"@type":"Organization","@id":"https:\/\/www.meydan.tv\/az\/#organization","name":"Meydan TV","url":"https:\/\/www.meydan.tv\/az\/","logo":{"@type":"ImageObject","inLanguage":"az","@id":"https:\/\/www.meydan.tv\/az\/#\/schema\/logo\/image\/","url":"https:\/\/www.meydan.tv\/wp-content\/uploads\/2021\/07\/meydan-logo.svg","contentUrl":"https:\/\/www.meydan.tv\/wp-content\/uploads\/2021\/07\/meydan-logo.svg","width":195,"height":46,"caption":"Meydan TV"},"image":{"@id":"https:\/\/www.meydan.tv\/az\/#\/schema\/logo\/image\/"}},{"@type":"Person","@id":"https:\/\/www.meydan.tv\/az\/#\/schema\/person\/10d11eccf6da3662cf5fdab9806ea91a","name":"user-manager"}]}},"_links":{"self":[{"href":"https:\/\/www.meydan.tv\/az\/wp-json\/wp\/v2\/posts\/203168","targetHints":{"allow":["GET"]}}],"collection":[{"href":"https:\/\/www.meydan.tv\/az\/wp-json\/wp\/v2\/posts"}],"about":[{"href":"https:\/\/www.meydan.tv\/az\/wp-json\/wp\/v2\/types\/post"}],"author":[{"embeddable":true,"href":"https:\/\/www.meydan.tv\/az\/wp-json\/wp\/v2\/users\/11"}],"replies":[{"embeddable":true,"href":"https:\/\/www.meydan.tv\/az\/wp-json\/wp\/v2\/comments?post=203168"}],"version-history":[{"count":0,"href":"https:\/\/www.meydan.tv\/az\/wp-json\/wp\/v2\/posts\/203168\/revisions"}],"wp:featuredmedia":[{"embeddable":true,"href":"https:\/\/www.meydan.tv\/az\/wp-json\/wp\/v2\/media\/150122"}],"wp:attachment":[{"href":"https:\/\/www.meydan.tv\/az\/wp-json\/wp\/v2\/media?parent=203168"}],"wp:term":[{"taxonomy":"category","embeddable":true,"href":"https:\/\/www.meydan.tv\/az\/wp-json\/wp\/v2\/categories?post=203168"},{"taxonomy":"post_tag","embeddable":true,"href":"https:\/\/www.meydan.tv\/az\/wp-json\/wp\/v2\/tags?post=203168"}],"curies":[{"name":"wp","href":"https:\/\/api.w.org\/{rel}","templated":true}]}}