{"id":203142,"date":"2020-10-21T19:00:31","date_gmt":"2020-10-21T19:00:31","guid":{"rendered":"https:\/\/www.meydan.tv\/article\/ilham-eliyev-mincivan-qesebesi-azad-edilib\/"},"modified":"2020-10-21T19:00:31","modified_gmt":"2020-10-21T19:00:31","slug":"ilham-eliyev-mincivan-qesebesi-azad-edilib","status":"publish","type":"post","link":"https:\/\/www.meydan.tv\/az\/article\/ilham-eliyev-mincivan-qesebesi-azad-edilib\/","title":{"rendered":"\u0130lham \u018fliyev: Mincivan q\u0259s\u0259b\u0259si azad edilib"},"content":{"rendered":"<p>\n  Prezident daha 21 k\u0259ndin i\u015f\u011faldan azad edildiyini yaz\u0131b\n<\/p>\n<p>\n  Az\u0259rbaycan ordusu F\u00fczuli rayonunun Gec\u0259g\u00f6zl\u00fc, A\u015fa\u011f\u0131 Seyid\u0259hm\u0259dli, Z\u0259rg\u0259r, C\u0259bray\u0131l rayonunun Balyand, Pap\u0131, Tulus, Hac\u0131l\u0131, Tinli, Z\u0259ngilan rayonunun Mincivan q\u0259s\u0259b\u0259sini, Xurama, Xumarl\u0131, Sar\u0131l, Babayl\u0131, \u00dc\u00e7\u00fcnc\u00fc A\u011fal\u0131, Hacall\u0131, Q\u0131rax M\u00fc\u015flan, \u00dcdg\u00fcn, Turabad, \u0130\u00e7\u0259ri M\u00fc\u015flan, M\u0259likli, Cahangirb\u0259yli, Baharl\u0131 k\u0259ndl\u0259rini i\u015f\u011faldan azad edib.\n<\/p>\n<p>\n  Bu bar\u0259d\u0259 Az\u0259rbaycan Prezidenti \u0130lham \u018fliyev \u00f6z\u00fcn\u00fcn \u201cTwitter\u201d s\u0259hif\u0259sind\u0259 payla\u015f\u0131m edib.\n<\/p>\n<p>\n  Mincivan q\u0259s\u0259b\u0259si 1993-ci ild\u0259 Erm\u0259nistan Respublikas\u0131 Silahl\u0131 Q\u00fcvv\u0259l\u0259ri t\u0259r\u0259find\u0259n i\u015f\u011fal edilib.\n<\/p>\n<p>\n  Oktyabr\u0131n 4-d\u0259 C\u0259bray\u0131l, oktyabr\u0131n 18-d\u0259 F\u00fczuli, oktyabr\u0131n 20-d\u0259 Z\u0259ngilan rayonu i\u015f\u011faldan azad olunub.<\/p>\n","protected":false},"excerpt":{"rendered":"<p>Mincivan q\u0259s\u0259b\u0259si 1993-ci ild\u0259 Erm\u0259nistan Respublikas\u0131 Silahl\u0131 Q\u00fcvv\u0259l\u0259ri t\u0259r\u0259find\u0259n i\u015f\u011fal edilib.<\/p>\n","protected":false},"author":11,"featured_media":149972,"comment_status":"closed","ping_status":"open","sticky":false,"template":"","format":"standard","meta":{"_acf_changed":false,"_sitemap_exclude":false,"_sitemap_priority":"","_sitemap_frequency":"","footnotes":""},"categories":[59],"tags":[],"class_list":["post-203142","post","type-post","status-publish","format-standard","has-post-thumbnail","hentry","category-siyaset","infinite-scroll-item","generate-columns","tablet-grid-50","mobile-grid-100","grid-parent","grid-33","no-featured-image-padding"],"acf":[],"yoast_head":"<!-- This site is optimized with the Yoast SEO plugin v28.4 - https:\/\/yoast.com\/product\/yoast-seo-wordpress\/ -->\n<title>\u0130lham \u018fliyev: Mincivan q\u0259s\u0259b\u0259si azad edilib - MEYDAN.TV<\/title>\n<meta name=\"robots\" content=\"index, follow, max-snippet:-1, max-image-preview:large, max-video-preview:-1\" \/>\n<link rel=\"canonical\" href=\"https:\/\/www.meydan.tv\/az\/article\/ilham-eliyev-mincivan-qesebesi-azad-edilib\/\" \/>\n<meta property=\"og:locale\" content=\"az_AZ\" \/>\n<meta property=\"og:type\" content=\"article\" \/>\n<meta property=\"og:title\" content=\"\u0130lham \u018fliyev: Mincivan q\u0259s\u0259b\u0259si azad edilib - MEYDAN.TV\" \/>\n<meta property=\"og:description\" content=\"Mincivan q\u0259s\u0259b\u0259si 1993-ci ild\u0259 Erm\u0259nistan Respublikas\u0131 Silahl\u0131 Q\u00fcvv\u0259l\u0259ri t\u0259r\u0259find\u0259n i\u015f\u011fal edilib.\" \/>\n<meta property=\"og:url\" content=\"https:\/\/www.meydan.tv\/az\/article\/ilham-eliyev-mincivan-qesebesi-azad-edilib\/\" \/>\n<meta property=\"og:site_name\" content=\"MEYDAN.TV\" \/>\n<meta property=\"article:published_time\" content=\"2020-10-21T19:00:31+00:00\" \/>\n<meta property=\"og:image\" content=\"https:\/\/www.meydan.tv\/wp-content\/uploads\/16031926412561852115_1000x669.jpg\" \/>\n\t<meta property=\"og:image:width\" content=\"1000\" \/>\n\t<meta property=\"og:image:height\" content=\"561\" \/>\n\t<meta property=\"og:image:type\" content=\"image\/jpeg\" \/>\n<meta name=\"twitter:card\" content=\"summary_large_image\" \/>\n<!-- \/ Yoast SEO plugin. -->","yoast_head_json":{"title":"\u0130lham \u018fliyev: Mincivan q\u0259s\u0259b\u0259si azad edilib - MEYDAN.TV","robots":{"index":"index","follow":"follow","max-snippet":"max-snippet:-1","max-image-preview":"max-image-preview:large","max-video-preview":"max-video-preview:-1"},"canonical":"https:\/\/www.meydan.tv\/az\/article\/ilham-eliyev-mincivan-qesebesi-azad-edilib\/","og_locale":"az_AZ","og_type":"article","og_title":"\u0130lham \u018fliyev: Mincivan q\u0259s\u0259b\u0259si azad edilib - MEYDAN.TV","og_description":"Mincivan q\u0259s\u0259b\u0259si 1993-ci ild\u0259 Erm\u0259nistan Respublikas\u0131 Silahl\u0131 Q\u00fcvv\u0259l\u0259ri t\u0259r\u0259find\u0259n i\u015f\u011fal edilib.","og_url":"https:\/\/www.meydan.tv\/az\/article\/ilham-eliyev-mincivan-qesebesi-azad-edilib\/","og_site_name":"MEYDAN.TV","article_published_time":"2020-10-21T19:00:31+00:00","og_image":[{"width":1000,"height":561,"url":"https:\/\/www.meydan.tv\/wp-content\/uploads\/16031926412561852115_1000x669.jpg","type":"image\/jpeg"}],"twitter_card":"summary_large_image","schema":{"@context":"https:\/\/schema.org","@graph":[{"@type":"Article","@id":"https:\/\/www.meydan.tv\/az\/article\/ilham-eliyev-mincivan-qesebesi-azad-edilib\/#article","isPartOf":{"@id":"https:\/\/www.meydan.tv\/az\/article\/ilham-eliyev-mincivan-qesebesi-azad-edilib\/"},"author":{"name":"user-manager","@id":"https:\/\/www.meydan.tv\/az\/#\/schema\/person\/10d11eccf6da3662cf5fdab9806ea91a"},"headline":"\u0130lham \u018fliyev: Mincivan q\u0259s\u0259b\u0259si azad edilib","datePublished":"2020-10-21T19:00:31+00:00","mainEntityOfPage":{"@id":"https:\/\/www.meydan.tv\/az\/article\/ilham-eliyev-mincivan-qesebesi-azad-edilib\/"},"wordCount":146,"publisher":{"@id":"https:\/\/www.meydan.tv\/az\/#organization"},"image":{"@id":"https:\/\/www.meydan.tv\/az\/article\/ilham-eliyev-mincivan-qesebesi-azad-edilib\/#primaryimage"},"thumbnailUrl":"https:\/\/www.meydan.tv\/wp-content\/uploads\/16031926412561852115_1000x669.jpg","articleSection":["Siyas\u0259t"],"inLanguage":"az"},{"@type":"WebPage","@id":"https:\/\/www.meydan.tv\/az\/article\/ilham-eliyev-mincivan-qesebesi-azad-edilib\/","url":"https:\/\/www.meydan.tv\/az\/article\/ilham-eliyev-mincivan-qesebesi-azad-edilib\/","name":"\u0130lham \u018fliyev: Mincivan q\u0259s\u0259b\u0259si azad edilib - MEYDAN.TV","isPartOf":{"@id":"https:\/\/www.meydan.tv\/az\/#website"},"primaryImageOfPage":{"@id":"https:\/\/www.meydan.tv\/az\/article\/ilham-eliyev-mincivan-qesebesi-azad-edilib\/#primaryimage"},"image":{"@id":"https:\/\/www.meydan.tv\/az\/article\/ilham-eliyev-mincivan-qesebesi-azad-edilib\/#primaryimage"},"thumbnailUrl":"https:\/\/www.meydan.tv\/wp-content\/uploads\/16031926412561852115_1000x669.jpg","datePublished":"2020-10-21T19:00:31+00:00","breadcrumb":{"@id":"https:\/\/www.meydan.tv\/az\/article\/ilham-eliyev-mincivan-qesebesi-azad-edilib\/#breadcrumb"},"inLanguage":"az","potentialAction":[{"@type":"ReadAction","target":["https:\/\/www.meydan.tv\/az\/article\/ilham-eliyev-mincivan-qesebesi-azad-edilib\/"]}]},{"@type":"ImageObject","inLanguage":"az","@id":"https:\/\/www.meydan.tv\/az\/article\/ilham-eliyev-mincivan-qesebesi-azad-edilib\/#primaryimage","url":"https:\/\/www.meydan.tv\/wp-content\/uploads\/16031926412561852115_1000x669.jpg","contentUrl":"https:\/\/www.meydan.tv\/wp-content\/uploads\/16031926412561852115_1000x669.jpg","width":1000,"height":561,"caption":"Source: Specify Source"},{"@type":"BreadcrumbList","@id":"https:\/\/www.meydan.tv\/az\/article\/ilham-eliyev-mincivan-qesebesi-azad-edilib\/#breadcrumb","itemListElement":[{"@type":"ListItem","position":1,"name":"Ana s\u0259hif\u0259","item":"https:\/\/www.meydan.tv\/az\/"},{"@type":"ListItem","position":2,"name":"Siyas\u0259t","item":"https:\/\/www.meydan.tv\/az\/section\/siyaset\/"},{"@type":"ListItem","position":3,"name":"\u0130lham \u018fliyev: Mincivan q\u0259s\u0259b\u0259si azad edilib"}]},{"@type":"WebSite","@id":"https:\/\/www.meydan.tv\/az\/#website","url":"https:\/\/www.meydan.tv\/az\/","name":"MEYDAN.TV","description":"Meydan TV Az\u0259rbaycan\u0131n media m\u0259kan\u0131ndak\u0131 alternativ s\u0259sidir","publisher":{"@id":"https:\/\/www.meydan.tv\/az\/#organization"},"potentialAction":[{"@type":"SearchAction","target":{"@type":"EntryPoint","urlTemplate":"https:\/\/www.meydan.tv\/az\/?s={search_term_string}"},"query-input":{"@type":"PropertyValueSpecification","valueRequired":true,"valueName":"search_term_string"}}],"inLanguage":"az"},{"@type":"Organization","@id":"https:\/\/www.meydan.tv\/az\/#organization","name":"Meydan TV","url":"https:\/\/www.meydan.tv\/az\/","logo":{"@type":"ImageObject","inLanguage":"az","@id":"https:\/\/www.meydan.tv\/az\/#\/schema\/logo\/image\/","url":"https:\/\/www.meydan.tv\/wp-content\/uploads\/2021\/07\/meydan-logo.svg","contentUrl":"https:\/\/www.meydan.tv\/wp-content\/uploads\/2021\/07\/meydan-logo.svg","width":195,"height":46,"caption":"Meydan TV"},"image":{"@id":"https:\/\/www.meydan.tv\/az\/#\/schema\/logo\/image\/"}},{"@type":"Person","@id":"https:\/\/www.meydan.tv\/az\/#\/schema\/person\/10d11eccf6da3662cf5fdab9806ea91a","name":"user-manager"}]}},"_links":{"self":[{"href":"https:\/\/www.meydan.tv\/az\/wp-json\/wp\/v2\/posts\/203142","targetHints":{"allow":["GET"]}}],"collection":[{"href":"https:\/\/www.meydan.tv\/az\/wp-json\/wp\/v2\/posts"}],"about":[{"href":"https:\/\/www.meydan.tv\/az\/wp-json\/wp\/v2\/types\/post"}],"author":[{"embeddable":true,"href":"https:\/\/www.meydan.tv\/az\/wp-json\/wp\/v2\/users\/11"}],"replies":[{"embeddable":true,"href":"https:\/\/www.meydan.tv\/az\/wp-json\/wp\/v2\/comments?post=203142"}],"version-history":[{"count":0,"href":"https:\/\/www.meydan.tv\/az\/wp-json\/wp\/v2\/posts\/203142\/revisions"}],"wp:featuredmedia":[{"embeddable":true,"href":"https:\/\/www.meydan.tv\/az\/wp-json\/wp\/v2\/media\/149972"}],"wp:attachment":[{"href":"https:\/\/www.meydan.tv\/az\/wp-json\/wp\/v2\/media?parent=203142"}],"wp:term":[{"taxonomy":"category","embeddable":true,"href":"https:\/\/www.meydan.tv\/az\/wp-json\/wp\/v2\/categories?post=203142"},{"taxonomy":"post_tag","embeddable":true,"href":"https:\/\/www.meydan.tv\/az\/wp-json\/wp\/v2\/tags?post=203142"}],"curies":[{"name":"wp","href":"https:\/\/api.w.org\/{rel}","templated":true}]}}