{"id":203136,"date":"2020-10-21T15:15:32","date_gmt":"2020-10-21T15:15:32","guid":{"rendered":"https:\/\/www.meydan.tv\/article\/mecburi-kockunler-yarimtikilide-yasamaqdan-bezmisik\/"},"modified":"2020-10-21T15:15:32","modified_gmt":"2020-10-21T15:15:32","slug":"mecburi-kockunler-yarimtikilide-yasamaqdan-bezmisik","status":"publish","type":"post","link":"https:\/\/www.meydan.tv\/az\/article\/mecburi-kockunler-yarimtikilide-yasamaqdan-bezmisik\/","title":{"rendered":"M\u0259cburi k\u00f6\u00e7k\u00fcnl\u0259r: Yar\u0131mtikilid\u0259 ya\u015famaqdan bezmi\u015fik"},"content":{"rendered":"<p>\n  <i><br \/>\n    \u201cYa\u015fama\u011fa m\u0259cburuq, di\u015fimizi can\u0131m\u0131za tutub d\u00f6z\u00fcr\u00fck\u201d<br \/>\n  <\/i>\n<\/p>\n<p>\n  \u201cEl\u0259 bilirl\u0259r biz\u0259 bu \u015f\u0259raitd\u0259 ya\u015famaq xo\u015fdur. \u0130nan\u0131n ki, xo\u015f deyil. 26 ildir bu binada z\u00fclm i\u00e7ind\u0259 ya\u015fay\u0131r\u0131q. \u0130lk ill\u0259rd\u0259 p\u0259nc\u0259r\u0259l\u0259ri d\u0259 yox idi, q\u0131\u015f\u0131n saza\u011f\u0131nda k\u00f6rp\u0259l\u0259rimiz, qocalar\u0131m\u0131z soyuqlay\u0131b x\u0259st\u0259lik tap\u0131rd\u0131. Sonradan \u00f6z g\u00fcc\u00fcm\u00fcz\u0259 a\u00e7\u0131q yerl\u0259ri ba\u011flad\u0131q, k\u00fcl\u0259yin, soyu\u011fun qar\u015f\u0131s\u0131n\u0131 ald\u0131q.\n<\/p>\n<p>\n  Bunu Meydan TV-y\u0259 Qara\u00e7uxur q\u0259s\u0259b\u0259sind\u0259 vaxtil\u0259 f\u0259hl\u0259l\u0259r \u00fc\u00e7\u00fcn tikilm\u0259kd\u0259 olan v\u0259 tikintisi yar\u0131m\u00e7\u0131q qalm\u0131\u015f binada m\u0259skunla\u015fm\u0131\u015f k\u00f6\u00e7k\u00fcnl\u0259r deyir.\n<\/p>\n<p>\n  \u00d6t\u0259n h\u0259ft\u0259 \u201cEvsiz bak\u0131l\u0131lar\u201d t\u0259\u015fkilat\u0131n\u0131n \u00fczvl\u0259ri m\u00fcraci\u0259t ed\u0259r\u0259k 4042-4046-c\u0131 m\u0259h\u0259ll\u0259, ev 45 \u00fcnvan\u0131nda vaxtil\u0259 onlar \u00fc\u00e7\u00fcn tikilm\u0259kd\u0259 olan v\u0259 tikintisi yar\u0131m\u00e7\u0131q qalan binada h\u0259l\u0259 d\u0259 k\u00f6\u00e7k\u00fcnl\u0259rin ya\u015famas\u0131ndan, \u00f6zl\u0259rinin is\u0259 kiray\u0259l\u0259rd\u0259 qalmas\u0131ndan \u015fikay\u0259tl\u0259nmi\u015fdil\u0259r.\n<\/p>\n<p>\n  <b><br \/>\n    \u201cYar\u0131mtikili, \u015f\u0259raitsiz binada ya\u015fay\u0131r\u0131q\u201d<br \/>\n  <\/b>\n<\/p>\n<p>\n  9 m\u0259rt\u0259b\u0259li, yar\u0131m\u00e7\u0131q tikiliy\u0259 k\u00f6\u00e7 1994-c\u00fc ild\u0259n ba\u015flay\u0131b. Sonradan ke\u00e7mi\u015f Prezident Heyd\u0259r \u018fliyev k\u00f6\u00e7k\u00fcnl\u0259rin m\u0259skunla\u015fd\u0131qlar\u0131 yerl\u0259rd\u0259n \u00e7\u0131xar\u0131lmamas\u0131 bar\u0259d\u0259 g\u00f6st\u0259ri\u015f verib. Buna g\u00f6r\u0259 d\u0259 m\u0259hk\u0259m\u0259l\u0259r evl\u0259ri z\u0259bt olunmu\u015f insanlar\u0131n h\u0259min evl\u0259r\u0259 h\u00fcququnu t\u0259sdiql\u0259s\u0259 d\u0259, evl\u0259rin yaln\u0131z i\u015f\u011faldak\u0131 torpaqlar\u0131n azad edilm\u0259sind\u0259n sonra bo\u015fald\u0131laraq onlara qaytar\u0131lmas\u0131 bar\u0259d\u0259 q\u0259rarlar \u00e7\u0131xar\u0131b. T\u0259xmin\u0259n 10 il \u0259vv\u0259l is\u0259 Avropa M\u0259hk\u0259m\u0259sinin Az\u0259rbaycana t\u00f6vsiy\u0259sind\u0259n sonra m\u0259hk\u0259m\u0259l\u0259r bu tipli i\u015fl\u0259r\u0259 baxark\u0259n k\u00f6\u00e7k\u00fcnl\u0259rin ya\u015fay\u0131\u015f \u015f\u0259raitinin yax\u015f\u0131la\u015fd\u0131r\u0131lmas\u0131n\u0131 m\u00fcvafiq d\u00f6vl\u0259t qurumlar\u0131n\u0131n \u00fcz\u0259rin\u0259 \u00f6hd\u0259lik kimi qoymaqla onlar\u0131n m\u0259nzili bo\u015faltmas\u0131 bar\u0259d\u0259 q\u0259rar \u00e7\u0131xar\u0131r. K\u00f6\u00e7k\u00fcnl\u0259r deyir, yar\u0131m\u00e7\u0131q v\u0259 \u015f\u0259raitsiz tikilid\u0259n k\u00f6\u00e7\u00fcr\u00fclm\u0259k onlar\u0131n da \u00fcr\u0259yinc\u0259 olar.\n<\/p>\n<p>\n  <b><br \/>\n    \u201cDi\u015fimizi can\u0131m\u0131za tutub d\u00f6z\u00fcr\u00fck\u201d<br \/>\n  <\/b>\n<\/p>\n<p>\n  K\u00f6\u00e7k\u00fcn Sevda H\u0259s\u0259nova:\n<\/p>\n<p>\n  \u201c\u0130ll\u0259rdir ki, burda \u0259ziyy\u0259t \u00e7\u0259kirik, kanalizasiya, i\u015f\u0131q, su x\u0259ttin\u0259 kimi h\u0259r \u015feyi \u00f6z\u00fcm\u00fcz bildiyimiz kimi \u00e7\u0259kmi\u015fik evl\u0259rimiz\u0259&#8230; Binan\u0131n pill\u0259k\u0259nl\u0259ri adam\u0131n aya\u011f\u0131n\u0131n alt\u0131ndan qa\u00e7\u0131r, hamamlar\u0131m\u0131z\u0131, m\u0259tb\u0259xl\u0259rimizi g\u00f6rs\u0259niz, dey\u0259rsiz, ilahi, burda insanm\u0131 ya\u015fayar? Ancaq ya\u015fama\u011fa m\u0259cburuq, di\u015fimizi can\u0131m\u0131za tutub d\u00f6z\u00fcr\u00fck. \u201cQa\u00e7q\u0131nkom\u201dun bizi buradan k\u00f6\u00e7\u00fcr\u0259c\u0259yi g\u00fcn\u00fc s\u0259birsizlikl\u0259 g\u00f6zl\u0259yirik\u201d.\n<\/p>\n<p>\n  9 m\u0259rt\u0259b\u0259li binan\u0131n eyvanlar\u0131 da \u00e7\u00f6km\u0259k \u00fczr\u0259dir. Su x\u0259tl\u0259ri s\u0131radan \u00e7\u0131xd\u0131\u011f\u0131ndan yuxar\u0131 m\u0259rt\u0259b\u0259nin suyu a\u015fa\u011f\u0131 m\u0259rt\u0259b\u0259l\u0259r\u0259 ax\u0131r. Binan\u0131n dam \u00f6rt\u00fcy\u00fcnd\u0259n is\u0259 dan\u0131\u015fma\u011fa d\u0259ym\u0259z. K\u00f6\u00e7k\u00fcnl\u0259r dam \u00f6rt\u00fcy\u00fcn\u00fc \u00f6z hesablar\u0131na d\u0259f\u0259l\u0259rl\u0259 t\u0259mir etdirs\u0259l\u0259r d\u0259, xeyri olmay\u0131b.\n<\/p>\n<p>\n  Sakinl\u0259rin daha bir naraz\u0131l\u0131\u011f\u0131 binan\u0131n \u0259traf\u0131ndak\u0131 zibill\u0259rin vaxt\u0131nda da\u015f\u0131nmamas\u0131d\u0131r ki, bu da m\u00fcxt\u0259lif infeksion x\u0259st\u0259likl\u0259r\u0259 s\u0259b\u0259b ola bil\u0259r.\n<\/p>\n<p>\n  Suraxan\u0131 Rayon \u0130cra Hakimiyy\u0259tind\u0259n Meydan TV-y\u0259 bildirilib ki, qeyd olunan yar\u0131mtikilid\u0259ki k\u00f6\u00e7k\u00fcnl\u0259rin k\u00f6\u00e7\u00fcr\u00fclm\u0259si n\u0259z\u0259rd\u0259 tutulub. Binadak\u0131 m\u0259nzill\u0259rin sahibl\u0259ri m\u0259nzill\u0259rin bo\u015fald\u0131lmas\u0131 \u00fc\u00e7\u00fcn m\u0259hk\u0259m\u0259l\u0259r\u0259 m\u00fcraci\u0259t edib, h\u0259min binan\u0131n t\u0259mir-b\u0259rpas\u0131yla ba\u011fl\u0131 q\u0259rar k\u00f6\u00e7 prosesi ba\u015fa \u00e7atd\u0131qdan sonra veril\u0259c\u0259k.\n<\/p>\n<figure class=\"wp-block-image size-large\">\n  <img decoding=\"async\" src=\"https:\/\/www.meydan.tv\/az\/image-from-ios-21-jpg\/\" alt=\"Image from iOS (21).jpg\" class=\"wp-image-150062\"\/><figcaption>\n    Evin v\u0259ziyy\u0259ti<br \/>\n  <\/figcaption><\/figure>\n<figure class=\"wp-block-image size-large\">\n  <img decoding=\"async\" src=\"https:\/\/www.meydan.tv\/az\/image-from-ios-20-jpg\/\" alt=\"Image from iOS (20).jpg\" class=\"wp-image-150065\"\/><figcaption>\n    Evin v\u0259ziyy\u0259ti<br \/>\n  <\/figcaption><\/figure>\n<figure class=\"wp-block-image size-large\">\n  <img decoding=\"async\" src=\"https:\/\/www.meydan.tv\/az\/photo-2020-10-19-15-57-07-jpg\/\" alt=\"PHOTO-2020-10-19-15-57-07.jpg\" class=\"wp-image-150068\"\/><figcaption>\n    Evin V\u0259ziyy\u0259ti<br \/>\n  <\/figcaption><\/figure>\n","protected":false},"excerpt":{"rendered":"<p>\u201cYa\u015fama\u011fa m\u0259cburuq, di\u015fimizi can\u0131m\u0131za tutub d\u00f6z\u00fcr\u00fck\u201d<\/p>\n","protected":false},"author":11,"featured_media":150068,"comment_status":"closed","ping_status":"open","sticky":false,"template":"","format":"standard","meta":{"_acf_changed":false,"_sitemap_exclude":false,"_sitemap_priority":"","_sitemap_frequency":"","footnotes":""},"categories":[60],"tags":[],"class_list":["post-203136","post","type-post","status-publish","format-standard","has-post-thumbnail","hentry","category-bolge","infinite-scroll-item","generate-columns","tablet-grid-50","mobile-grid-100","grid-parent","grid-33","no-featured-image-padding"],"acf":[],"yoast_head":"<!-- This site is optimized with the Yoast SEO plugin v27.5 - https:\/\/yoast.com\/product\/yoast-seo-wordpress\/ -->\n<title>M\u0259cburi k\u00f6\u00e7k\u00fcnl\u0259r: Yar\u0131mtikilid\u0259 ya\u015famaqdan bezmi\u015fik - MEYDAN.TV<\/title>\n<meta name=\"robots\" content=\"index, follow, max-snippet:-1, max-image-preview:large, max-video-preview:-1\" \/>\n<link rel=\"canonical\" href=\"https:\/\/www.meydan.tv\/az\/article\/mecburi-kockunler-yarimtikilide-yasamaqdan-bezmisik\/\" \/>\n<meta property=\"og:locale\" content=\"az_AZ\" \/>\n<meta property=\"og:type\" content=\"article\" \/>\n<meta property=\"og:title\" content=\"M\u0259cburi k\u00f6\u00e7k\u00fcnl\u0259r: Yar\u0131mtikilid\u0259 ya\u015famaqdan bezmi\u015fik - MEYDAN.TV\" \/>\n<meta property=\"og:description\" content=\"\u201cYa\u015fama\u011fa m\u0259cburuq, di\u015fimizi can\u0131m\u0131za tutub d\u00f6z\u00fcr\u00fck\u201d\" \/>\n<meta property=\"og:url\" content=\"https:\/\/www.meydan.tv\/az\/article\/mecburi-kockunler-yarimtikilide-yasamaqdan-bezmisik\/\" \/>\n<meta property=\"og:site_name\" content=\"MEYDAN.TV\" \/>\n<meta property=\"article:published_time\" content=\"2020-10-21T15:15:32+00:00\" \/>\n<meta property=\"og:image\" content=\"https:\/\/www.meydan.tv\/wp-content\/uploads\/photo-2020-10-19-15-57-07.jpg\" \/>\n\t<meta property=\"og:image:width\" content=\"1280\" \/>\n\t<meta property=\"og:image:height\" content=\"720\" \/>\n\t<meta property=\"og:image:type\" content=\"image\/jpeg\" \/>\n<meta name=\"author\" content=\"user-manager\" \/>\n<meta name=\"twitter:card\" content=\"summary_large_image\" \/>\n<script type=\"application\/ld+json\" class=\"yoast-schema-graph\">{\"@context\":\"https:\\\/\\\/schema.org\",\"@graph\":[{\"@type\":\"Article\",\"@id\":\"https:\\\/\\\/www.meydan.tv\\\/az\\\/article\\\/mecburi-kockunler-yarimtikilide-yasamaqdan-bezmisik\\\/#article\",\"isPartOf\":{\"@id\":\"https:\\\/\\\/www.meydan.tv\\\/az\\\/article\\\/mecburi-kockunler-yarimtikilide-yasamaqdan-bezmisik\\\/\"},\"author\":{\"name\":\"user-manager\",\"@id\":\"https:\\\/\\\/www.meydan.tv\\\/az\\\/#\\\/schema\\\/person\\\/10d11eccf6da3662cf5fdab9806ea91a\"},\"headline\":\"M\u0259cburi k\u00f6\u00e7k\u00fcnl\u0259r: Yar\u0131mtikilid\u0259 ya\u015famaqdan bezmi\u015fik\",\"datePublished\":\"2020-10-21T15:15:32+00:00\",\"mainEntityOfPage\":{\"@id\":\"https:\\\/\\\/www.meydan.tv\\\/az\\\/article\\\/mecburi-kockunler-yarimtikilide-yasamaqdan-bezmisik\\\/\"},\"wordCount\":693,\"publisher\":{\"@id\":\"https:\\\/\\\/www.meydan.tv\\\/az\\\/#organization\"},\"image\":{\"@id\":\"https:\\\/\\\/www.meydan.tv\\\/az\\\/article\\\/mecburi-kockunler-yarimtikilide-yasamaqdan-bezmisik\\\/#primaryimage\"},\"thumbnailUrl\":\"https:\\\/\\\/www.meydan.tv\\\/wp-content\\\/uploads\\\/photo-2020-10-19-15-57-07.jpg\",\"articleSection\":[\"B\u00f6lg\u0259\"],\"inLanguage\":\"az\"},{\"@type\":\"WebPage\",\"@id\":\"https:\\\/\\\/www.meydan.tv\\\/az\\\/article\\\/mecburi-kockunler-yarimtikilide-yasamaqdan-bezmisik\\\/\",\"url\":\"https:\\\/\\\/www.meydan.tv\\\/az\\\/article\\\/mecburi-kockunler-yarimtikilide-yasamaqdan-bezmisik\\\/\",\"name\":\"M\u0259cburi k\u00f6\u00e7k\u00fcnl\u0259r: Yar\u0131mtikilid\u0259 ya\u015famaqdan bezmi\u015fik - MEYDAN.TV\",\"isPartOf\":{\"@id\":\"https:\\\/\\\/www.meydan.tv\\\/az\\\/#website\"},\"primaryImageOfPage\":{\"@id\":\"https:\\\/\\\/www.meydan.tv\\\/az\\\/article\\\/mecburi-kockunler-yarimtikilide-yasamaqdan-bezmisik\\\/#primaryimage\"},\"image\":{\"@id\":\"https:\\\/\\\/www.meydan.tv\\\/az\\\/article\\\/mecburi-kockunler-yarimtikilide-yasamaqdan-bezmisik\\\/#primaryimage\"},\"thumbnailUrl\":\"https:\\\/\\\/www.meydan.tv\\\/wp-content\\\/uploads\\\/photo-2020-10-19-15-57-07.jpg\",\"datePublished\":\"2020-10-21T15:15:32+00:00\",\"breadcrumb\":{\"@id\":\"https:\\\/\\\/www.meydan.tv\\\/az\\\/article\\\/mecburi-kockunler-yarimtikilide-yasamaqdan-bezmisik\\\/#breadcrumb\"},\"inLanguage\":\"az\",\"potentialAction\":[{\"@type\":\"ReadAction\",\"target\":[\"https:\\\/\\\/www.meydan.tv\\\/az\\\/article\\\/mecburi-kockunler-yarimtikilide-yasamaqdan-bezmisik\\\/\"]}]},{\"@type\":\"ImageObject\",\"inLanguage\":\"az\",\"@id\":\"https:\\\/\\\/www.meydan.tv\\\/az\\\/article\\\/mecburi-kockunler-yarimtikilide-yasamaqdan-bezmisik\\\/#primaryimage\",\"url\":\"https:\\\/\\\/www.meydan.tv\\\/wp-content\\\/uploads\\\/photo-2020-10-19-15-57-07.jpg\",\"contentUrl\":\"https:\\\/\\\/www.meydan.tv\\\/wp-content\\\/uploads\\\/photo-2020-10-19-15-57-07.jpg\",\"width\":1280,\"height\":720,\"caption\":\"Source: Meydan Tv\"},{\"@type\":\"BreadcrumbList\",\"@id\":\"https:\\\/\\\/www.meydan.tv\\\/az\\\/article\\\/mecburi-kockunler-yarimtikilide-yasamaqdan-bezmisik\\\/#breadcrumb\",\"itemListElement\":[{\"@type\":\"ListItem\",\"position\":1,\"name\":\"Ana s\u0259hif\u0259\",\"item\":\"https:\\\/\\\/www.meydan.tv\\\/az\\\/\"},{\"@type\":\"ListItem\",\"position\":2,\"name\":\"B\u00f6lg\u0259\",\"item\":\"https:\\\/\\\/www.meydan.tv\\\/az\\\/section\\\/bolge\\\/\"},{\"@type\":\"ListItem\",\"position\":3,\"name\":\"M\u0259cburi k\u00f6\u00e7k\u00fcnl\u0259r: Yar\u0131mtikilid\u0259 ya\u015famaqdan bezmi\u015fik\"}]},{\"@type\":\"WebSite\",\"@id\":\"https:\\\/\\\/www.meydan.tv\\\/az\\\/#website\",\"url\":\"https:\\\/\\\/www.meydan.tv\\\/az\\\/\",\"name\":\"MEYDAN.TV\",\"description\":\"Meydan TV Az\u0259rbaycan\u0131n media m\u0259kan\u0131ndak\u0131 alternativ s\u0259sidir\",\"publisher\":{\"@id\":\"https:\\\/\\\/www.meydan.tv\\\/az\\\/#organization\"},\"potentialAction\":[{\"@type\":\"SearchAction\",\"target\":{\"@type\":\"EntryPoint\",\"urlTemplate\":\"https:\\\/\\\/www.meydan.tv\\\/az\\\/?s={search_term_string}\"},\"query-input\":{\"@type\":\"PropertyValueSpecification\",\"valueRequired\":true,\"valueName\":\"search_term_string\"}}],\"inLanguage\":\"az\"},{\"@type\":\"Organization\",\"@id\":\"https:\\\/\\\/www.meydan.tv\\\/az\\\/#organization\",\"name\":\"Meydan TV\",\"url\":\"https:\\\/\\\/www.meydan.tv\\\/az\\\/\",\"logo\":{\"@type\":\"ImageObject\",\"inLanguage\":\"az\",\"@id\":\"https:\\\/\\\/www.meydan.tv\\\/az\\\/#\\\/schema\\\/logo\\\/image\\\/\",\"url\":\"https:\\\/\\\/www.meydan.tv\\\/wp-content\\\/uploads\\\/2021\\\/07\\\/meydan-logo.svg\",\"contentUrl\":\"https:\\\/\\\/www.meydan.tv\\\/wp-content\\\/uploads\\\/2021\\\/07\\\/meydan-logo.svg\",\"width\":195,\"height\":46,\"caption\":\"Meydan TV\"},\"image\":{\"@id\":\"https:\\\/\\\/www.meydan.tv\\\/az\\\/#\\\/schema\\\/logo\\\/image\\\/\"}},{\"@type\":\"Person\",\"@id\":\"https:\\\/\\\/www.meydan.tv\\\/az\\\/#\\\/schema\\\/person\\\/10d11eccf6da3662cf5fdab9806ea91a\",\"name\":\"user-manager\"}]}<\/script>\n<!-- \/ Yoast SEO plugin. -->","yoast_head_json":{"title":"M\u0259cburi k\u00f6\u00e7k\u00fcnl\u0259r: Yar\u0131mtikilid\u0259 ya\u015famaqdan bezmi\u015fik - MEYDAN.TV","robots":{"index":"index","follow":"follow","max-snippet":"max-snippet:-1","max-image-preview":"max-image-preview:large","max-video-preview":"max-video-preview:-1"},"canonical":"https:\/\/www.meydan.tv\/az\/article\/mecburi-kockunler-yarimtikilide-yasamaqdan-bezmisik\/","og_locale":"az_AZ","og_type":"article","og_title":"M\u0259cburi k\u00f6\u00e7k\u00fcnl\u0259r: Yar\u0131mtikilid\u0259 ya\u015famaqdan bezmi\u015fik - MEYDAN.TV","og_description":"\u201cYa\u015fama\u011fa m\u0259cburuq, di\u015fimizi can\u0131m\u0131za tutub d\u00f6z\u00fcr\u00fck\u201d","og_url":"https:\/\/www.meydan.tv\/az\/article\/mecburi-kockunler-yarimtikilide-yasamaqdan-bezmisik\/","og_site_name":"MEYDAN.TV","article_published_time":"2020-10-21T15:15:32+00:00","og_image":[{"width":1280,"height":720,"url":"https:\/\/www.meydan.tv\/wp-content\/uploads\/photo-2020-10-19-15-57-07.jpg","type":"image\/jpeg"}],"author":"user-manager","twitter_card":"summary_large_image","schema":{"@context":"https:\/\/schema.org","@graph":[{"@type":"Article","@id":"https:\/\/www.meydan.tv\/az\/article\/mecburi-kockunler-yarimtikilide-yasamaqdan-bezmisik\/#article","isPartOf":{"@id":"https:\/\/www.meydan.tv\/az\/article\/mecburi-kockunler-yarimtikilide-yasamaqdan-bezmisik\/"},"author":{"name":"user-manager","@id":"https:\/\/www.meydan.tv\/az\/#\/schema\/person\/10d11eccf6da3662cf5fdab9806ea91a"},"headline":"M\u0259cburi k\u00f6\u00e7k\u00fcnl\u0259r: Yar\u0131mtikilid\u0259 ya\u015famaqdan bezmi\u015fik","datePublished":"2020-10-21T15:15:32+00:00","mainEntityOfPage":{"@id":"https:\/\/www.meydan.tv\/az\/article\/mecburi-kockunler-yarimtikilide-yasamaqdan-bezmisik\/"},"wordCount":693,"publisher":{"@id":"https:\/\/www.meydan.tv\/az\/#organization"},"image":{"@id":"https:\/\/www.meydan.tv\/az\/article\/mecburi-kockunler-yarimtikilide-yasamaqdan-bezmisik\/#primaryimage"},"thumbnailUrl":"https:\/\/www.meydan.tv\/wp-content\/uploads\/photo-2020-10-19-15-57-07.jpg","articleSection":["B\u00f6lg\u0259"],"inLanguage":"az"},{"@type":"WebPage","@id":"https:\/\/www.meydan.tv\/az\/article\/mecburi-kockunler-yarimtikilide-yasamaqdan-bezmisik\/","url":"https:\/\/www.meydan.tv\/az\/article\/mecburi-kockunler-yarimtikilide-yasamaqdan-bezmisik\/","name":"M\u0259cburi k\u00f6\u00e7k\u00fcnl\u0259r: Yar\u0131mtikilid\u0259 ya\u015famaqdan bezmi\u015fik - MEYDAN.TV","isPartOf":{"@id":"https:\/\/www.meydan.tv\/az\/#website"},"primaryImageOfPage":{"@id":"https:\/\/www.meydan.tv\/az\/article\/mecburi-kockunler-yarimtikilide-yasamaqdan-bezmisik\/#primaryimage"},"image":{"@id":"https:\/\/www.meydan.tv\/az\/article\/mecburi-kockunler-yarimtikilide-yasamaqdan-bezmisik\/#primaryimage"},"thumbnailUrl":"https:\/\/www.meydan.tv\/wp-content\/uploads\/photo-2020-10-19-15-57-07.jpg","datePublished":"2020-10-21T15:15:32+00:00","breadcrumb":{"@id":"https:\/\/www.meydan.tv\/az\/article\/mecburi-kockunler-yarimtikilide-yasamaqdan-bezmisik\/#breadcrumb"},"inLanguage":"az","potentialAction":[{"@type":"ReadAction","target":["https:\/\/www.meydan.tv\/az\/article\/mecburi-kockunler-yarimtikilide-yasamaqdan-bezmisik\/"]}]},{"@type":"ImageObject","inLanguage":"az","@id":"https:\/\/www.meydan.tv\/az\/article\/mecburi-kockunler-yarimtikilide-yasamaqdan-bezmisik\/#primaryimage","url":"https:\/\/www.meydan.tv\/wp-content\/uploads\/photo-2020-10-19-15-57-07.jpg","contentUrl":"https:\/\/www.meydan.tv\/wp-content\/uploads\/photo-2020-10-19-15-57-07.jpg","width":1280,"height":720,"caption":"Source: Meydan Tv"},{"@type":"BreadcrumbList","@id":"https:\/\/www.meydan.tv\/az\/article\/mecburi-kockunler-yarimtikilide-yasamaqdan-bezmisik\/#breadcrumb","itemListElement":[{"@type":"ListItem","position":1,"name":"Ana s\u0259hif\u0259","item":"https:\/\/www.meydan.tv\/az\/"},{"@type":"ListItem","position":2,"name":"B\u00f6lg\u0259","item":"https:\/\/www.meydan.tv\/az\/section\/bolge\/"},{"@type":"ListItem","position":3,"name":"M\u0259cburi k\u00f6\u00e7k\u00fcnl\u0259r: Yar\u0131mtikilid\u0259 ya\u015famaqdan bezmi\u015fik"}]},{"@type":"WebSite","@id":"https:\/\/www.meydan.tv\/az\/#website","url":"https:\/\/www.meydan.tv\/az\/","name":"MEYDAN.TV","description":"Meydan TV Az\u0259rbaycan\u0131n media m\u0259kan\u0131ndak\u0131 alternativ s\u0259sidir","publisher":{"@id":"https:\/\/www.meydan.tv\/az\/#organization"},"potentialAction":[{"@type":"SearchAction","target":{"@type":"EntryPoint","urlTemplate":"https:\/\/www.meydan.tv\/az\/?s={search_term_string}"},"query-input":{"@type":"PropertyValueSpecification","valueRequired":true,"valueName":"search_term_string"}}],"inLanguage":"az"},{"@type":"Organization","@id":"https:\/\/www.meydan.tv\/az\/#organization","name":"Meydan TV","url":"https:\/\/www.meydan.tv\/az\/","logo":{"@type":"ImageObject","inLanguage":"az","@id":"https:\/\/www.meydan.tv\/az\/#\/schema\/logo\/image\/","url":"https:\/\/www.meydan.tv\/wp-content\/uploads\/2021\/07\/meydan-logo.svg","contentUrl":"https:\/\/www.meydan.tv\/wp-content\/uploads\/2021\/07\/meydan-logo.svg","width":195,"height":46,"caption":"Meydan TV"},"image":{"@id":"https:\/\/www.meydan.tv\/az\/#\/schema\/logo\/image\/"}},{"@type":"Person","@id":"https:\/\/www.meydan.tv\/az\/#\/schema\/person\/10d11eccf6da3662cf5fdab9806ea91a","name":"user-manager"}]}},"_links":{"self":[{"href":"https:\/\/www.meydan.tv\/az\/wp-json\/wp\/v2\/posts\/203136","targetHints":{"allow":["GET"]}}],"collection":[{"href":"https:\/\/www.meydan.tv\/az\/wp-json\/wp\/v2\/posts"}],"about":[{"href":"https:\/\/www.meydan.tv\/az\/wp-json\/wp\/v2\/types\/post"}],"author":[{"embeddable":true,"href":"https:\/\/www.meydan.tv\/az\/wp-json\/wp\/v2\/users\/11"}],"replies":[{"embeddable":true,"href":"https:\/\/www.meydan.tv\/az\/wp-json\/wp\/v2\/comments?post=203136"}],"version-history":[{"count":0,"href":"https:\/\/www.meydan.tv\/az\/wp-json\/wp\/v2\/posts\/203136\/revisions"}],"wp:featuredmedia":[{"embeddable":true,"href":"https:\/\/www.meydan.tv\/az\/wp-json\/wp\/v2\/media\/150068"}],"wp:attachment":[{"href":"https:\/\/www.meydan.tv\/az\/wp-json\/wp\/v2\/media?parent=203136"}],"wp:term":[{"taxonomy":"category","embeddable":true,"href":"https:\/\/www.meydan.tv\/az\/wp-json\/wp\/v2\/categories?post=203136"},{"taxonomy":"post_tag","embeddable":true,"href":"https:\/\/www.meydan.tv\/az\/wp-json\/wp\/v2\/tags?post=203136"}],"curies":[{"name":"wp","href":"https:\/\/api.w.org\/{rel}","templated":true}]}}