{"id":203130,"date":"2020-10-21T11:57:47","date_gmt":"2020-10-21T11:57:47","guid":{"rendered":"https:\/\/www.meydan.tv\/article\/ikinci-qrup-elil-bank-vefat-etmis-atamin-borcunu-menden-isteyir\/"},"modified":"2020-10-21T11:57:47","modified_gmt":"2020-10-21T11:57:47","slug":"ikinci-qrup-elil-bank-vefat-etmis-atamin-borcunu-menden-isteyir","status":"publish","type":"post","link":"https:\/\/www.meydan.tv\/az\/article\/ikinci-qrup-elil-bank-vefat-etmis-atamin-borcunu-menden-isteyir\/","title":{"rendered":"\u0130kinci qrup \u0259lil: Bank v\u0259fat etmi\u015f atam\u0131n borcunu m\u0259nd\u0259n ist\u0259yir"},"content":{"rendered":"<p>\n  <i><br \/>\n    \u201cAtamdan m\u0259n\u0259 bu borcdan ba\u015fqa he\u00e7 n\u0259 qalmay\u0131b ki, sat\u0131b \u00f6d\u0259yim\u201d.<br \/>\n  <\/i>\n<\/p>\n<p>\n  G\u00f6y\u00e7ay sakini Anar H\u00fcseynovun \u015fikay\u0259ti var. Deyir, Beyn\u0259lxalq Bank 2018-ci ild\u0259 v\u0259fat etmi\u015f atas\u0131n\u0131n kredit borcunu onun \u00f6d\u0259m\u0259sini t\u0259l\u0259b edir. Onun is\u0259 imkan\u0131 yoxdur, ikinci qrup \u0259lilliyi var v\u0259 d\u00fcn\u0259n\u0259c\u0259n kiray\u0259d\u0259 ya\u015fay\u0131rm\u0131\u015f. Deyir, \u00e7\u0259tinlikl\u0259 \u00f6z\u00fcn\u0259 ev tikib, onu da kreditl\u0259, borc-x\u0259rcl\u0259. \u00d6z kreditl\u0259rini g\u00fccl\u0259 \u00f6d\u0259yir, qald\u0131 atas\u0131n\u0131n kreditini \u00f6d\u0259m\u0259y\u0259 imkan\u0131 \u00e7ats\u0131n:\n<\/p>\n<p>\n  \u201c2 ildir v\u0259fat edib atam. T\u0259z\u0259likl\u0259 Beyn\u0259lxalq Bank-dan m\u0259ktub g\u0259lib ki, b\u0259s atam\u0131n varisi say\u0131l\u0131ram v\u0259 onun qalm\u0131\u015f borclar\u0131n\u0131 m\u0259n \u00f6d\u0259m\u0259liy\u0259m. Halbuki, atam kredit g\u00f6t\u00fcrd\u00fcy\u00fc zaman s\u0131\u011forta m\u00fcqavil\u0259si d\u0259 ba\u011flay\u0131b, h\u0259min m\u00fcqavil\u0259y\u0259 d\u0259 500 manatdan art\u0131q pul k\u00f6\u00e7\u00fcr\u00fcb. \u0130ndi h\u0259min borcu s\u0131\u011forta \u015firk\u0259ti \u00f6d\u0259m\u0259lidir, \u00f6d\u0259mir, bank d\u00fc\u015f\u00fcb m\u0259nim \u00fcst\u00fcm\u0259\u201d.\n<\/p>\n<p>\n  Anar H\u00fcseynov deyir ki, ill\u0259rdir kiray\u0259d\u0259 ya\u015fay\u0131b, indi \u00f6z\u00fcn\u0259 borc-x\u0259rcl\u0259 2 otaql\u0131 ev tikdirib. Evin t\u0259mirin\u0259 g\u00f6r\u0259 bir m\u00fcdd\u0259t \u0259vv\u0259l Beyn\u0259lxalq Banka da m\u00fcraci\u0259t edib. Ona r\u0259dd cavab\u0131 veribl\u0259r. S\u0259b\u0259b kimi d\u0259, ikinci qrup \u0259lillik m\u00fcavin\u0259tind\u0259n ba\u015fqa g\u0259lirinin olmad\u0131\u011f\u0131n\u0131 g\u00f6st\u0259ribl\u0259r:\n<\/p>\n<p>\n  \u201cM\u0259n\u0259 dedil\u0259r ki, h\u0259min \u0259lilik pensiyas\u0131 onsuz da azd\u0131r v\u0259 d\u0259rmanlara x\u0259rcl\u0259nm\u0259lidir. Bundan kredit tutula bilm\u0259z. B\u0259s indi n\u0259 d\u0259yi\u015fib? M\u0259nim yen\u0259 he\u00e7 bir g\u0259lirim yoxdur, ancaq bank m\u0259n\u0259 deyir ki, atam\u0131n kreditini \u00f6d\u0259m\u0259liy\u0259m. \u00d6z\u00fc d\u0259 s\u0131\u011forta \u00f6d\u0259m\u0259li oldu\u011fu halda\u201d.\n<\/p>\n<p>\n  Anar H\u00fcseynov h\u0259l\u0259 d\u0259 qohum-tan\u0131\u015f\u0131n\u0131n evind\u0259 ya\u015fay\u0131r. Evi haz\u0131r deyil. Deyir, h\u0259m epilepsiya, h\u0259m d\u0259 \u015f\u0259k\u0259rli diabetd\u0259n \u0259ziyy\u0259t \u00e7\u0259kir. M\u00fcalic\u0259sin\u0259 pensiyas\u0131 g\u00fccl\u0259 \u00e7at\u0131r. Qalan i\u015fl\u0259rini d\u0259 kredit, borc-x\u0259rc hesab\u0131na edib:\n<\/p>\n<p>\n  \u201c\u018flilliyim\u0259 g\u00f6r\u0259 ev n\u00f6vb\u0259sin\u0259 d\u0259 d\u00fc\u015fd\u00fcm, verm\u0259dil\u0259r. \u0130ndi birt\u0259h\u0259r, \u00f6z\u00fcm, \u00e7\u0259tinlikl\u0259 ba\u015flam\u0131\u015fam evimi haz\u0131rlama\u011fa. N\u0259 vaxta q\u0259d\u0259r qohum-tan\u0131\u015f\u0131n evind\u0259 qala bil\u0259rdim? \u0130ndi d\u0259 bank m\u0259n\u0259 imkan vermir. Bu \u00f6lk\u0259d\u0259 ya\u015famaq h\u0259r g\u00fcn m\u00fcbariz\u0259 aparmaq dem\u0259kdir. M\u0259n daha bezmi\u015f\u0259m m\u00fcbariz\u0259 aparmaqdan, \u00e7\u0259tinlik \u00e7\u0259km\u0259kd\u0259n. Bilmir\u0259m n\u0259 edim\u201d.\n<\/p>\n<p>\n  Anar H\u00fcseynovun ayl\u0131q 147 manat \u00f6d\u0259diyi kredit borcu da var. Deyir, atas\u0131n\u0131n ad\u0131na olan kredit d\u0259 hardasa 700 manata yax\u0131nd\u0131r. Bunu \u00f6d\u0259y\u0259 bilm\u0259k g\u00fcc\u00fcnd\u0259 deyil:\n<\/p>\n<p>\n  \u201cYoxdur, bunu ba\u015fqa c\u00fcr nec\u0259 ifad\u0259 edim, bilmir\u0259m. Atam s\u0131\u011forta \u00fc\u00e7\u00fcn 500 manata yax\u0131n pul \u00f6d\u0259yib. \u018fg\u0259r s\u0131\u011forta qalan m\u0259bl\u0259\u011fi yox, el\u0259 atam\u0131n onlara \u00f6d\u0259diyi pulu vers\u0259, \u00fcst\u00fcn\u00fc m\u0259n d\u00fcz\u0259ld\u0259r\u0259m. Ax\u0131 onu da vermir, ona da raz\u0131 deyil. H\u0259min qal\u0131q pulu b\u00fct\u00f6v \u00f6d\u0259m\u0259y\u0259 imkan\u0131m yoxdur. M\u0259n adic\u0259 evim\u0259 k\u00f6\u00e7\u0259 bilmir\u0259m, pulum olsa, onu ed\u0259r\u0259m d\u0259. \u00dcst\u0259lik, \u00f6z\u00fcm\u00fcn d\u0259 kreditim var v\u0259 onu da \u00e7\u0259tinlikl\u0259 \u00f6d\u0259yir\u0259m. Hardan al\u0131m bu q\u0259d\u0259r pulu?\u201d\n<\/p>\n<p>\n  Bank sah\u0259si \u00fczr\u0259 ekspert, h\u00fcquq\u015f\u00fcnas \u018fkr\u0259m H\u0259s\u0259nov deyir ki, \u0259g\u0259r kredit \u00fczr\u0259 h\u0259yat s\u0131\u011fortas\u0131 olubsa, s\u0131\u011forta \u015firk\u0259ti krediti tam ba\u011flamal\u0131d\u0131r. Amma \u0259ks\u0259r kreditl\u0259r \u00fczr\u0259 s\u0131\u011forta \u00fcmumiyy\u0259tl\u0259 olmur:\n<\/p>\n<p>\n  \u201c\u018fsas\u0259n, ipoteka kreditl\u0259rind\u0259 olur. 59 ayl\u0131q kreditd\u0259 y\u0259qin ki, s\u0131\u011forta yoxdur. B\u0259lk\u0259 d\u0259 o\u011flu n\u0259yis\u0259 \u00e7a\u015fd\u0131r\u0131r. H\u0259r bir halda s\u0131\u011forta yoxdursa, borc \u00f6l\u0259n \u015f\u0259xsin \u0259mlak\u0131 hesab\u0131na \u00f6d\u0259nilm\u0259lidir. Bu halda miras \u0259mlak v\u0259r\u0259s\u0259l\u0259r\u0259 ke\u00e7irs\u0259, h\u0259r bir v\u0259r\u0259s\u0259 ona ke\u00e7\u0259n miras \u0259mlak\u0131 h\u0259ddind\u0259 borcu \u00f6d\u0259m\u0259lidir\u201d.\n<\/p>\n<p>\n  \u018fkr\u0259m H\u0259s\u0259nov deyir ki, konkret bu halda atadan o\u011fula hans\u0131sa \u0259mlak v\u0259r\u0259s\u0259lik qaydas\u0131nda ke\u00e7ibs\u0259, o\u011ful h\u0259min \u0259mlak h\u0259ddind\u0259 \u00f6d\u0259m\u0259lidir. M\u0259s\u0259l\u0259n, atas\u0131n\u0131n borcu 10000 manatd\u0131srsa, o\u011fula 15000 manat (pul v\u0259 ya hans\u0131sa \u0259mlak\u0131n d\u0259y\u0259ri) atadan qal\u0131bsa, borcu tam \u00f6d\u0259m\u0259lidir. Yox, \u0259g\u0259r atadan o\u011fula c\u0259mi 5000 qal\u0131bsa, yaln\u0131z h\u0259min 5000-i \u00f6d\u0259m\u0259lidir. T\u0259bii, he\u00e7 n\u0259 qalmay\u0131bsa, he\u00e7 n\u0259 d\u0259 \u00f6d\u0259mir.\n<\/p>\n<p>\n  Beyn\u0259lxalq Bank\u0131n Problemli Kreditl\u0259rl\u0259 \u0130\u015f Departamentind\u0259n Meydan TV-y\u0259 bu bar\u0259d\u0259 a\u00e7\u0131qlama verm\u0259k s\u0259lahiyy\u0259tl\u0259rinin olmad\u0131\u011f\u0131n\u0131 s\u00f6yl\u0259yibl\u0259r. Yaln\u0131z kredit sahibin\u0259 m\u0259lumat ver\u0259 bil\u0259c\u0259kl\u0259rini v\u0259 onu m\u0259lumatland\u0131rd\u0131qlar\u0131n\u0131 deyibl\u0259r.\n<\/p>\n<p>\n  Anar H\u00fcseynov deyir ki, b\u0259li, d\u0259f\u0259l\u0259rl\u0259 m\u0259ktub g\u00f6nd\u0259ribl\u0259r, onu varis oldu\u011fu il\u0259 ba\u011fl\u0131 m\u0259lumatland\u0131r\u0131blar. Problem m\u0259lumatland\u0131rmaqda deyil, problem ondan bu v\u0259saiti qanunsuz t\u0259l\u0259b etm\u0259l\u0259rind\u0259dir:\n<\/p>\n<p>\n  \u201c\u00dcst\u0259lik, m\u0259n \u00f6z ayaqar\u0131 \u00fcz\u0259rind\u0259 duran biriy\u0259m. Atamdan m\u0259n\u0259 bu borcdan ba\u015fqa he\u00e7 n\u0259 qalmay\u0131b ki, sat\u0131b borcu ba\u011flayam\u201d.\n<\/p>\n<figure class=\"wp-block-image size-large\">\n  <img decoding=\"async\" src=\"https:\/\/www.meydan.tv\/az\/image-from-ios-16-jpg\/\" alt=\"Image from iOS (16).jpg\" class=\"wp-image-150041\"\/><figcaption>\n    S\u0259n\u0259d<br \/>\n  <\/figcaption><\/figure>\n<figure class=\"wp-block-image size-large\">\n  <img decoding=\"async\" src=\"https:\/\/www.meydan.tv\/az\/image-from-ios-17-jpg\/\" alt=\"Image from iOS (17).jpg\" class=\"wp-image-150038\"\/><figcaption>\n    S\u0259n\u0259d<br \/>\n  <\/figcaption><\/figure>\n<figure class=\"wp-block-image size-large\">\n  <img decoding=\"async\" src=\"https:\/\/www.meydan.tv\/az\/image-from-ios-18-jpg-2\/\" alt=\"Image from iOS (18).jpg\" class=\"wp-image-150047\"\/><figcaption>\n    s\u0259n\u0259d<br \/>\n  <\/figcaption><\/figure>\n","protected":false},"excerpt":{"rendered":"<p>\u201cAtamdan m\u0259n\u0259 bu borcdan ba\u015fqa he\u00e7 n\u0259 qalmay\u0131b ki, sat\u0131b \u00f6d\u0259yim\u201d.<\/p>\n","protected":false},"author":11,"featured_media":150035,"comment_status":"closed","ping_status":"open","sticky":false,"template":"","format":"standard","meta":{"_acf_changed":false,"_sitemap_exclude":false,"_sitemap_priority":"","_sitemap_frequency":"","footnotes":""},"categories":[60],"tags":[],"class_list":["post-203130","post","type-post","status-publish","format-standard","has-post-thumbnail","hentry","category-bolge","infinite-scroll-item","generate-columns","tablet-grid-50","mobile-grid-100","grid-parent","grid-33","no-featured-image-padding"],"acf":[],"yoast_head":"<!-- This site is optimized with the Yoast SEO plugin v27.5 - https:\/\/yoast.com\/product\/yoast-seo-wordpress\/ -->\n<title>\u0130kinci qrup \u0259lil: Bank v\u0259fat etmi\u015f atam\u0131n borcunu m\u0259nd\u0259n ist\u0259yir - MEYDAN.TV<\/title>\n<meta name=\"robots\" content=\"index, follow, max-snippet:-1, max-image-preview:large, max-video-preview:-1\" \/>\n<link rel=\"canonical\" href=\"https:\/\/www.meydan.tv\/az\/article\/ikinci-qrup-elil-bank-vefat-etmis-atamin-borcunu-menden-isteyir\/\" \/>\n<meta property=\"og:locale\" content=\"az_AZ\" \/>\n<meta property=\"og:type\" content=\"article\" \/>\n<meta property=\"og:title\" content=\"\u0130kinci qrup \u0259lil: Bank v\u0259fat etmi\u015f atam\u0131n borcunu m\u0259nd\u0259n ist\u0259yir - MEYDAN.TV\" \/>\n<meta property=\"og:description\" content=\"\u201cAtamdan m\u0259n\u0259 bu borcdan ba\u015fqa he\u00e7 n\u0259 qalmay\u0131b ki, sat\u0131b \u00f6d\u0259yim\u201d.\" \/>\n<meta property=\"og:url\" content=\"https:\/\/www.meydan.tv\/az\/article\/ikinci-qrup-elil-bank-vefat-etmis-atamin-borcunu-menden-isteyir\/\" \/>\n<meta property=\"og:site_name\" content=\"MEYDAN.TV\" \/>\n<meta property=\"article:published_time\" content=\"2020-10-21T11:57:47+00:00\" \/>\n<meta property=\"og:image\" content=\"https:\/\/www.meydan.tv\/wp-content\/uploads\/image_from_ios_15_kjm40hy-scaled.jpg\" \/>\n\t<meta property=\"og:image:width\" content=\"2560\" \/>\n\t<meta property=\"og:image:height\" content=\"1920\" \/>\n\t<meta property=\"og:image:type\" content=\"image\/jpeg\" \/>\n<meta name=\"author\" content=\"user-manager\" \/>\n<meta name=\"twitter:card\" content=\"summary_large_image\" \/>\n<script type=\"application\/ld+json\" class=\"yoast-schema-graph\">{\"@context\":\"https:\\\/\\\/schema.org\",\"@graph\":[{\"@type\":\"Article\",\"@id\":\"https:\\\/\\\/www.meydan.tv\\\/az\\\/article\\\/ikinci-qrup-elil-bank-vefat-etmis-atamin-borcunu-menden-isteyir\\\/#article\",\"isPartOf\":{\"@id\":\"https:\\\/\\\/www.meydan.tv\\\/az\\\/article\\\/ikinci-qrup-elil-bank-vefat-etmis-atamin-borcunu-menden-isteyir\\\/\"},\"author\":{\"name\":\"user-manager\",\"@id\":\"https:\\\/\\\/www.meydan.tv\\\/az\\\/#\\\/schema\\\/person\\\/10d11eccf6da3662cf5fdab9806ea91a\"},\"headline\":\"\u0130kinci qrup \u0259lil: Bank v\u0259fat etmi\u015f atam\u0131n borcunu m\u0259nd\u0259n ist\u0259yir\",\"datePublished\":\"2020-10-21T11:57:47+00:00\",\"mainEntityOfPage\":{\"@id\":\"https:\\\/\\\/www.meydan.tv\\\/az\\\/article\\\/ikinci-qrup-elil-bank-vefat-etmis-atamin-borcunu-menden-isteyir\\\/\"},\"wordCount\":934,\"publisher\":{\"@id\":\"https:\\\/\\\/www.meydan.tv\\\/az\\\/#organization\"},\"image\":{\"@id\":\"https:\\\/\\\/www.meydan.tv\\\/az\\\/article\\\/ikinci-qrup-elil-bank-vefat-etmis-atamin-borcunu-menden-isteyir\\\/#primaryimage\"},\"thumbnailUrl\":\"https:\\\/\\\/www.meydan.tv\\\/wp-content\\\/uploads\\\/image_from_ios_15_kjm40hy-scaled.jpg\",\"articleSection\":[\"B\u00f6lg\u0259\"],\"inLanguage\":\"az\"},{\"@type\":\"WebPage\",\"@id\":\"https:\\\/\\\/www.meydan.tv\\\/az\\\/article\\\/ikinci-qrup-elil-bank-vefat-etmis-atamin-borcunu-menden-isteyir\\\/\",\"url\":\"https:\\\/\\\/www.meydan.tv\\\/az\\\/article\\\/ikinci-qrup-elil-bank-vefat-etmis-atamin-borcunu-menden-isteyir\\\/\",\"name\":\"\u0130kinci qrup \u0259lil: Bank v\u0259fat etmi\u015f atam\u0131n borcunu m\u0259nd\u0259n ist\u0259yir - MEYDAN.TV\",\"isPartOf\":{\"@id\":\"https:\\\/\\\/www.meydan.tv\\\/az\\\/#website\"},\"primaryImageOfPage\":{\"@id\":\"https:\\\/\\\/www.meydan.tv\\\/az\\\/article\\\/ikinci-qrup-elil-bank-vefat-etmis-atamin-borcunu-menden-isteyir\\\/#primaryimage\"},\"image\":{\"@id\":\"https:\\\/\\\/www.meydan.tv\\\/az\\\/article\\\/ikinci-qrup-elil-bank-vefat-etmis-atamin-borcunu-menden-isteyir\\\/#primaryimage\"},\"thumbnailUrl\":\"https:\\\/\\\/www.meydan.tv\\\/wp-content\\\/uploads\\\/image_from_ios_15_kjm40hy-scaled.jpg\",\"datePublished\":\"2020-10-21T11:57:47+00:00\",\"breadcrumb\":{\"@id\":\"https:\\\/\\\/www.meydan.tv\\\/az\\\/article\\\/ikinci-qrup-elil-bank-vefat-etmis-atamin-borcunu-menden-isteyir\\\/#breadcrumb\"},\"inLanguage\":\"az\",\"potentialAction\":[{\"@type\":\"ReadAction\",\"target\":[\"https:\\\/\\\/www.meydan.tv\\\/az\\\/article\\\/ikinci-qrup-elil-bank-vefat-etmis-atamin-borcunu-menden-isteyir\\\/\"]}]},{\"@type\":\"ImageObject\",\"inLanguage\":\"az\",\"@id\":\"https:\\\/\\\/www.meydan.tv\\\/az\\\/article\\\/ikinci-qrup-elil-bank-vefat-etmis-atamin-borcunu-menden-isteyir\\\/#primaryimage\",\"url\":\"https:\\\/\\\/www.meydan.tv\\\/wp-content\\\/uploads\\\/image_from_ios_15_kjm40hy-scaled.jpg\",\"contentUrl\":\"https:\\\/\\\/www.meydan.tv\\\/wp-content\\\/uploads\\\/image_from_ios_15_kjm40hy-scaled.jpg\",\"width\":2560,\"height\":1920,\"caption\":\"Source: Meydan Tv\"},{\"@type\":\"BreadcrumbList\",\"@id\":\"https:\\\/\\\/www.meydan.tv\\\/az\\\/article\\\/ikinci-qrup-elil-bank-vefat-etmis-atamin-borcunu-menden-isteyir\\\/#breadcrumb\",\"itemListElement\":[{\"@type\":\"ListItem\",\"position\":1,\"name\":\"Ana s\u0259hif\u0259\",\"item\":\"https:\\\/\\\/www.meydan.tv\\\/az\\\/\"},{\"@type\":\"ListItem\",\"position\":2,\"name\":\"B\u00f6lg\u0259\",\"item\":\"https:\\\/\\\/www.meydan.tv\\\/az\\\/section\\\/bolge\\\/\"},{\"@type\":\"ListItem\",\"position\":3,\"name\":\"\u0130kinci qrup \u0259lil: Bank v\u0259fat etmi\u015f atam\u0131n borcunu m\u0259nd\u0259n ist\u0259yir\"}]},{\"@type\":\"WebSite\",\"@id\":\"https:\\\/\\\/www.meydan.tv\\\/az\\\/#website\",\"url\":\"https:\\\/\\\/www.meydan.tv\\\/az\\\/\",\"name\":\"MEYDAN.TV\",\"description\":\"Meydan TV Az\u0259rbaycan\u0131n media m\u0259kan\u0131ndak\u0131 alternativ s\u0259sidir\",\"publisher\":{\"@id\":\"https:\\\/\\\/www.meydan.tv\\\/az\\\/#organization\"},\"potentialAction\":[{\"@type\":\"SearchAction\",\"target\":{\"@type\":\"EntryPoint\",\"urlTemplate\":\"https:\\\/\\\/www.meydan.tv\\\/az\\\/?s={search_term_string}\"},\"query-input\":{\"@type\":\"PropertyValueSpecification\",\"valueRequired\":true,\"valueName\":\"search_term_string\"}}],\"inLanguage\":\"az\"},{\"@type\":\"Organization\",\"@id\":\"https:\\\/\\\/www.meydan.tv\\\/az\\\/#organization\",\"name\":\"Meydan TV\",\"url\":\"https:\\\/\\\/www.meydan.tv\\\/az\\\/\",\"logo\":{\"@type\":\"ImageObject\",\"inLanguage\":\"az\",\"@id\":\"https:\\\/\\\/www.meydan.tv\\\/az\\\/#\\\/schema\\\/logo\\\/image\\\/\",\"url\":\"https:\\\/\\\/www.meydan.tv\\\/wp-content\\\/uploads\\\/2021\\\/07\\\/meydan-logo.svg\",\"contentUrl\":\"https:\\\/\\\/www.meydan.tv\\\/wp-content\\\/uploads\\\/2021\\\/07\\\/meydan-logo.svg\",\"width\":195,\"height\":46,\"caption\":\"Meydan TV\"},\"image\":{\"@id\":\"https:\\\/\\\/www.meydan.tv\\\/az\\\/#\\\/schema\\\/logo\\\/image\\\/\"}},{\"@type\":\"Person\",\"@id\":\"https:\\\/\\\/www.meydan.tv\\\/az\\\/#\\\/schema\\\/person\\\/10d11eccf6da3662cf5fdab9806ea91a\",\"name\":\"user-manager\"}]}<\/script>\n<!-- \/ Yoast SEO plugin. -->","yoast_head_json":{"title":"\u0130kinci qrup \u0259lil: Bank v\u0259fat etmi\u015f atam\u0131n borcunu m\u0259nd\u0259n ist\u0259yir - MEYDAN.TV","robots":{"index":"index","follow":"follow","max-snippet":"max-snippet:-1","max-image-preview":"max-image-preview:large","max-video-preview":"max-video-preview:-1"},"canonical":"https:\/\/www.meydan.tv\/az\/article\/ikinci-qrup-elil-bank-vefat-etmis-atamin-borcunu-menden-isteyir\/","og_locale":"az_AZ","og_type":"article","og_title":"\u0130kinci qrup \u0259lil: Bank v\u0259fat etmi\u015f atam\u0131n borcunu m\u0259nd\u0259n ist\u0259yir - MEYDAN.TV","og_description":"\u201cAtamdan m\u0259n\u0259 bu borcdan ba\u015fqa he\u00e7 n\u0259 qalmay\u0131b ki, sat\u0131b \u00f6d\u0259yim\u201d.","og_url":"https:\/\/www.meydan.tv\/az\/article\/ikinci-qrup-elil-bank-vefat-etmis-atamin-borcunu-menden-isteyir\/","og_site_name":"MEYDAN.TV","article_published_time":"2020-10-21T11:57:47+00:00","og_image":[{"width":2560,"height":1920,"url":"https:\/\/www.meydan.tv\/wp-content\/uploads\/image_from_ios_15_kjm40hy-scaled.jpg","type":"image\/jpeg"}],"author":"user-manager","twitter_card":"summary_large_image","schema":{"@context":"https:\/\/schema.org","@graph":[{"@type":"Article","@id":"https:\/\/www.meydan.tv\/az\/article\/ikinci-qrup-elil-bank-vefat-etmis-atamin-borcunu-menden-isteyir\/#article","isPartOf":{"@id":"https:\/\/www.meydan.tv\/az\/article\/ikinci-qrup-elil-bank-vefat-etmis-atamin-borcunu-menden-isteyir\/"},"author":{"name":"user-manager","@id":"https:\/\/www.meydan.tv\/az\/#\/schema\/person\/10d11eccf6da3662cf5fdab9806ea91a"},"headline":"\u0130kinci qrup \u0259lil: Bank v\u0259fat etmi\u015f atam\u0131n borcunu m\u0259nd\u0259n ist\u0259yir","datePublished":"2020-10-21T11:57:47+00:00","mainEntityOfPage":{"@id":"https:\/\/www.meydan.tv\/az\/article\/ikinci-qrup-elil-bank-vefat-etmis-atamin-borcunu-menden-isteyir\/"},"wordCount":934,"publisher":{"@id":"https:\/\/www.meydan.tv\/az\/#organization"},"image":{"@id":"https:\/\/www.meydan.tv\/az\/article\/ikinci-qrup-elil-bank-vefat-etmis-atamin-borcunu-menden-isteyir\/#primaryimage"},"thumbnailUrl":"https:\/\/www.meydan.tv\/wp-content\/uploads\/image_from_ios_15_kjm40hy-scaled.jpg","articleSection":["B\u00f6lg\u0259"],"inLanguage":"az"},{"@type":"WebPage","@id":"https:\/\/www.meydan.tv\/az\/article\/ikinci-qrup-elil-bank-vefat-etmis-atamin-borcunu-menden-isteyir\/","url":"https:\/\/www.meydan.tv\/az\/article\/ikinci-qrup-elil-bank-vefat-etmis-atamin-borcunu-menden-isteyir\/","name":"\u0130kinci qrup \u0259lil: Bank v\u0259fat etmi\u015f atam\u0131n borcunu m\u0259nd\u0259n ist\u0259yir - MEYDAN.TV","isPartOf":{"@id":"https:\/\/www.meydan.tv\/az\/#website"},"primaryImageOfPage":{"@id":"https:\/\/www.meydan.tv\/az\/article\/ikinci-qrup-elil-bank-vefat-etmis-atamin-borcunu-menden-isteyir\/#primaryimage"},"image":{"@id":"https:\/\/www.meydan.tv\/az\/article\/ikinci-qrup-elil-bank-vefat-etmis-atamin-borcunu-menden-isteyir\/#primaryimage"},"thumbnailUrl":"https:\/\/www.meydan.tv\/wp-content\/uploads\/image_from_ios_15_kjm40hy-scaled.jpg","datePublished":"2020-10-21T11:57:47+00:00","breadcrumb":{"@id":"https:\/\/www.meydan.tv\/az\/article\/ikinci-qrup-elil-bank-vefat-etmis-atamin-borcunu-menden-isteyir\/#breadcrumb"},"inLanguage":"az","potentialAction":[{"@type":"ReadAction","target":["https:\/\/www.meydan.tv\/az\/article\/ikinci-qrup-elil-bank-vefat-etmis-atamin-borcunu-menden-isteyir\/"]}]},{"@type":"ImageObject","inLanguage":"az","@id":"https:\/\/www.meydan.tv\/az\/article\/ikinci-qrup-elil-bank-vefat-etmis-atamin-borcunu-menden-isteyir\/#primaryimage","url":"https:\/\/www.meydan.tv\/wp-content\/uploads\/image_from_ios_15_kjm40hy-scaled.jpg","contentUrl":"https:\/\/www.meydan.tv\/wp-content\/uploads\/image_from_ios_15_kjm40hy-scaled.jpg","width":2560,"height":1920,"caption":"Source: Meydan Tv"},{"@type":"BreadcrumbList","@id":"https:\/\/www.meydan.tv\/az\/article\/ikinci-qrup-elil-bank-vefat-etmis-atamin-borcunu-menden-isteyir\/#breadcrumb","itemListElement":[{"@type":"ListItem","position":1,"name":"Ana s\u0259hif\u0259","item":"https:\/\/www.meydan.tv\/az\/"},{"@type":"ListItem","position":2,"name":"B\u00f6lg\u0259","item":"https:\/\/www.meydan.tv\/az\/section\/bolge\/"},{"@type":"ListItem","position":3,"name":"\u0130kinci qrup \u0259lil: Bank v\u0259fat etmi\u015f atam\u0131n borcunu m\u0259nd\u0259n ist\u0259yir"}]},{"@type":"WebSite","@id":"https:\/\/www.meydan.tv\/az\/#website","url":"https:\/\/www.meydan.tv\/az\/","name":"MEYDAN.TV","description":"Meydan TV Az\u0259rbaycan\u0131n media m\u0259kan\u0131ndak\u0131 alternativ s\u0259sidir","publisher":{"@id":"https:\/\/www.meydan.tv\/az\/#organization"},"potentialAction":[{"@type":"SearchAction","target":{"@type":"EntryPoint","urlTemplate":"https:\/\/www.meydan.tv\/az\/?s={search_term_string}"},"query-input":{"@type":"PropertyValueSpecification","valueRequired":true,"valueName":"search_term_string"}}],"inLanguage":"az"},{"@type":"Organization","@id":"https:\/\/www.meydan.tv\/az\/#organization","name":"Meydan TV","url":"https:\/\/www.meydan.tv\/az\/","logo":{"@type":"ImageObject","inLanguage":"az","@id":"https:\/\/www.meydan.tv\/az\/#\/schema\/logo\/image\/","url":"https:\/\/www.meydan.tv\/wp-content\/uploads\/2021\/07\/meydan-logo.svg","contentUrl":"https:\/\/www.meydan.tv\/wp-content\/uploads\/2021\/07\/meydan-logo.svg","width":195,"height":46,"caption":"Meydan TV"},"image":{"@id":"https:\/\/www.meydan.tv\/az\/#\/schema\/logo\/image\/"}},{"@type":"Person","@id":"https:\/\/www.meydan.tv\/az\/#\/schema\/person\/10d11eccf6da3662cf5fdab9806ea91a","name":"user-manager"}]}},"_links":{"self":[{"href":"https:\/\/www.meydan.tv\/az\/wp-json\/wp\/v2\/posts\/203130","targetHints":{"allow":["GET"]}}],"collection":[{"href":"https:\/\/www.meydan.tv\/az\/wp-json\/wp\/v2\/posts"}],"about":[{"href":"https:\/\/www.meydan.tv\/az\/wp-json\/wp\/v2\/types\/post"}],"author":[{"embeddable":true,"href":"https:\/\/www.meydan.tv\/az\/wp-json\/wp\/v2\/users\/11"}],"replies":[{"embeddable":true,"href":"https:\/\/www.meydan.tv\/az\/wp-json\/wp\/v2\/comments?post=203130"}],"version-history":[{"count":0,"href":"https:\/\/www.meydan.tv\/az\/wp-json\/wp\/v2\/posts\/203130\/revisions"}],"wp:featuredmedia":[{"embeddable":true,"href":"https:\/\/www.meydan.tv\/az\/wp-json\/wp\/v2\/media\/150035"}],"wp:attachment":[{"href":"https:\/\/www.meydan.tv\/az\/wp-json\/wp\/v2\/media?parent=203130"}],"wp:term":[{"taxonomy":"category","embeddable":true,"href":"https:\/\/www.meydan.tv\/az\/wp-json\/wp\/v2\/categories?post=203130"},{"taxonomy":"post_tag","embeddable":true,"href":"https:\/\/www.meydan.tv\/az\/wp-json\/wp\/v2\/tags?post=203130"}],"curies":[{"name":"wp","href":"https:\/\/api.w.org\/{rel}","templated":true}]}}