{"id":203107,"date":"2020-10-20T14:08:35","date_gmt":"2020-10-20T14:08:35","guid":{"rendered":"https:\/\/www.meydan.tv\/article\/seyx-babi-turbesinin-mermi-ile-vurulmasi-xeberi-dogru-deyil\/"},"modified":"2020-10-20T14:08:35","modified_gmt":"2020-10-20T14:08:35","slug":"seyx-babi-turbesinin-mermi-ile-vurulmasi-xeberi-dogru-deyil","status":"publish","type":"post","link":"https:\/\/www.meydan.tv\/az\/article\/seyx-babi-turbesinin-mermi-ile-vurulmasi-xeberi-dogru-deyil\/","title":{"rendered":"\u201c\u015eeyx Bab\u0131 t\u00fcrb\u0259sinin m\u0259rmi il\u0259 vurulmas\u0131 x\u0259b\u0259ri do\u011fru deyil\u201d"},"content":{"rendered":"<p>\n  <i><br \/>\n    K\u0259nd sakinl\u0259ri: \u201cOla bilsin ki, qaz\u0131nt\u0131n\u0131 g\u00f6r\u0259nl\u0259r abid\u0259nin da\u011f\u0131ld\u0131\u011f\u0131 q\u0259na\u0259tin\u0259 g\u0259libl\u0259r\u201d<br \/>\n  <\/i>\n<\/p>\n<p>\n  Sentyabr\u0131n 30-da M\u0259d\u0259niyy\u0259t Nazirliyinin r\u0259smi sayt\u0131nda F\u00fczuli rayonu, Bab\u0131 k\u0259ndinin k\u00f6hn\u0259 q\u0259bristanl\u0131\u011f\u0131nda yerl\u0259\u015f\u0259n XIII \u0259sr\u0259 aid tarixi-memarl\u0131q abid\u0259si \u015eeyx Bab\u0131 Yaqub t\u00fcrb\u0259sinin Erm\u0259nistan silahl\u0131 q\u00fcvv\u0259l\u0259ri t\u0259r\u0259find\u0259n da\u011f\u0131d\u0131lmas\u0131 il\u0259 ba\u011fl\u0131 x\u0259b\u0259r yer<br \/>\n  <a href=\"http:\/\/mct.gov.az\/az\/umumi-xeberler\/13220\"><br \/>\n    al\u0131b<br \/>\n  <\/a><br \/>\n  . M\u0259lumatda bildirilir ki, m\u0259rmi tarixi abid\u0259nin fasad\u0131n\u0131 z\u0259d\u0259l\u0259yib, t\u00fcrb\u0259y\u0259 ciddi ziyan vurub.\n<\/p>\n<p>\n  K\u0259nd sakinl\u0259ri Meydan TV-y\u0259 bildiribl\u0259r ki, x\u0259b\u0259r h\u0259qiq\u0259ti \u0259ks etdirmir. Onlar\u0131n dediyin\u0259 g\u00f6r\u0259, 1993-c\u00fc ild\u0259 F\u00fczulinin i\u015f\u011fal\u0131 zaman\u0131 g\u00fcnb\u0259z hiss\u0259si da\u011f\u0131d\u0131lan t\u00fcrb\u0259, 2011-ci ild\u0259 b\u0259rpa edilib. H\u0259min zaman abid\u0259 kompleksinin yax\u0131nl\u0131\u011f\u0131nda torpaq alt\u0131nda qalan m\u0259scid v\u0259 onun h\u00fccr\u0259l\u0259ri a\u015fkarlan\u0131b. Bir m\u00fcdd\u0259t \u00f6nc\u0259 tarixi-abid\u0259d\u0259 b\u0259rpa-konservasiya i\u015fl\u0259ri apar\u0131l\u0131b.\n<\/p>\n<p>\n  \u201cOla bilsin ki, qaz\u0131nt\u0131n\u0131 g\u00f6r\u0259nl\u0259r abid\u0259nin da\u011f\u0131ld\u0131\u011f\u0131 q\u0259na\u0259tin\u0259 g\u0259libl\u0259r. Raket m\u0259rmisi q\u0259bristanl\u0131\u011f\u0131n Arayat\u0131l\u0131 k\u0259ndi \u0259razisind\u0259 d\u00fc\u015f\u00fcb. \u015e\u0131xbaba is\u0259 q\u0259bristanl\u0131\u011f\u0131n Bab\u0131 k\u0259ndi \u0259razisind\u0259dir v\u0259 he\u00e7 bir x\u0259sar\u0259t g\u00f6rm\u0259yib\u201d, &#8211; k\u0259nd sakinl\u0259ri bel\u0259 deyir.\n<\/p>\n<p>\n  \u015eeyx Bab\u0131 Yaqub t\u00fcrb\u0259si q\u0259dim ya\u015fay\u0131\u015f m\u0259sk\u0259nl\u0259rind\u0259n v\u0259 b\u00f6lg\u0259nin nadir tarixi abid\u0259l\u0259rind\u0259ndir. Yerli \u0259hali aras\u0131nda \u201c\u015e\u0131xbab\u0131 t\u00fcrb\u0259si\u201d ad\u0131 il\u0259 d\u0259 m\u0259h\u015fur olan abid\u0259 XIII \u0259srd\u0259 memar \u018fli M\u0259cid\u0259ddin t\u0259r\u0259find\u0259n in\u015fa edilib. Ad\u0131n\u0131n \u015eeyx Bab\u0131 Yaqub olmas\u0131, vaxtil\u0259 b\u00f6lg\u0259nin tan\u0131nm\u0131\u015f t\u0259riq\u0259t \u015feyxl\u0259rind\u0259n olan Yaqub ibn \u0130smay\u0131l\u0131n burada d\u0259fn edilm\u0259si il\u0259 izah edilir. A\u011f da\u015flardan h\u00f6r\u00fcl\u0259n t\u00fcrb\u0259 \u018fc\u0259mi memarl\u0131q m\u0259kt\u0259bin\u0259 aid olub, s\u0259kkiz g\u00fc\u015f\u0259d\u0259n ibar\u0259tdir. M\u0259scidin minar\u0259l\u0259rind\u0259n yaln\u0131z biri g\u00fcn\u00fcm\u00fcz\u0259 q\u0259d\u0259r g\u0259lib \u00e7at\u0131b. Dig\u0259ri is\u0259 Rusiya-\u0130ran m\u00fcharib\u0259l\u0259ri zaman\u0131 da\u011f\u0131l\u0131b. \u015eeyx Bab\u0131 Yaqub t\u00fcrb\u0259si \u015eu\u015fa v\u0259 Xudaf\u0259rin k\u00f6rp\u00fcs\u00fcnd\u0259n sonra Qaraba\u011f b\u00f6lg\u0259sind\u0259 \u0259n d\u0259y\u0259rli v\u0259 b\u00f6y\u00fck tarixi abid\u0259l\u0259rd\u0259n hesab olunur.\n<\/p>\n<p>\n  M\u0259d\u0259niyy\u0259t Nazirliyi yan\u0131nda M\u0259d\u0259ni \u0130rsin Qorunmas\u0131, \u0130nki\u015faf\u0131 v\u0259 B\u0259rpas\u0131 \u00fczr\u0259 D\u00f6vl\u0259t Xidm\u0259tind\u0259n Meydan TV-y\u0259 bildirilib ki, m\u0259lumat\u0131 abid\u0259nin m\u00fchafiz\u0259 i\u015f\u00e7isi verib. \u0130srarla iddia olunub ki, q\u0259bristanl\u0131\u011fa d\u00fc\u015f\u0259n raket m\u0259rmisi t\u00fcrb\u0259y\u0259 ciddi ziyan vurub.\n<\/p>\n<p>\n  \u015eeyx Bab\u0131 Yaqub t\u00fcrb\u0259sinin bir g\u00fcn \u00f6nc\u0259 \u00e7\u0259kil\u0259n fotolar\u0131n\u0131 t\u0259qdim edirik.<\/p>\n","protected":false},"excerpt":{"rendered":"<p>&#8220;\u015e\u0131xbaba is\u0259 q\u0259bristanl\u0131\u011f\u0131n Bab\u0131 k\u0259ndi \u0259razisind\u0259dir v\u0259 he\u00e7 bir x\u0259sar\u0259t g\u00f6rm\u0259yib\u201d, &#8211; k\u0259nd sakinl\u0259ri bel\u0259 deyir.<\/p>\n","protected":false},"author":11,"featured_media":149975,"comment_status":"closed","ping_status":"open","sticky":false,"template":"","format":"standard","meta":{"_acf_changed":false,"_sitemap_exclude":false,"_sitemap_priority":"","_sitemap_frequency":"","footnotes":""},"categories":[52],"tags":[],"class_list":["post-203107","post","type-post","status-publish","format-standard","has-post-thumbnail","hentry","category-medeniyyet","infinite-scroll-item","generate-columns","tablet-grid-50","mobile-grid-100","grid-parent","grid-33","no-featured-image-padding"],"acf":[],"yoast_head":"<!-- This site is optimized with the Yoast SEO plugin v27.4 - https:\/\/yoast.com\/product\/yoast-seo-wordpress\/ -->\n<title>\u201c\u015eeyx Bab\u0131 t\u00fcrb\u0259sinin m\u0259rmi il\u0259 vurulmas\u0131 x\u0259b\u0259ri do\u011fru deyil\u201d - MEYDAN.TV<\/title>\n<meta name=\"robots\" content=\"index, follow, max-snippet:-1, max-image-preview:large, max-video-preview:-1\" \/>\n<link rel=\"canonical\" href=\"https:\/\/www.meydan.tv\/az\/article\/seyx-babi-turbesinin-mermi-ile-vurulmasi-xeberi-dogru-deyil\/\" \/>\n<meta property=\"og:locale\" content=\"az_AZ\" \/>\n<meta property=\"og:type\" content=\"article\" \/>\n<meta property=\"og:title\" content=\"\u201c\u015eeyx Bab\u0131 t\u00fcrb\u0259sinin m\u0259rmi il\u0259 vurulmas\u0131 x\u0259b\u0259ri do\u011fru deyil\u201d - MEYDAN.TV\" \/>\n<meta property=\"og:description\" content=\"&quot;\u015e\u0131xbaba is\u0259 q\u0259bristanl\u0131\u011f\u0131n Bab\u0131 k\u0259ndi \u0259razisind\u0259dir v\u0259 he\u00e7 bir x\u0259sar\u0259t g\u00f6rm\u0259yib\u201d, - k\u0259nd sakinl\u0259ri bel\u0259 deyir.\" \/>\n<meta property=\"og:url\" content=\"https:\/\/www.meydan.tv\/az\/article\/seyx-babi-turbesinin-mermi-ile-vurulmasi-xeberi-dogru-deyil\/\" \/>\n<meta property=\"og:site_name\" content=\"MEYDAN.TV\" \/>\n<meta property=\"article:published_time\" content=\"2020-10-20T14:08:35+00:00\" \/>\n<meta property=\"og:image\" content=\"https:\/\/www.meydan.tv\/wp-content\/uploads\/photo-2020-10-20-12-08-30.jpg\" \/>\n\t<meta property=\"og:image:width\" content=\"1000\" \/>\n\t<meta property=\"og:image:height\" content=\"750\" \/>\n\t<meta property=\"og:image:type\" content=\"image\/jpeg\" \/>\n<meta name=\"author\" content=\"user-manager\" \/>\n<meta name=\"twitter:card\" content=\"summary_large_image\" \/>\n<script type=\"application\/ld+json\" class=\"yoast-schema-graph\">{\"@context\":\"https:\\\/\\\/schema.org\",\"@graph\":[{\"@type\":\"Article\",\"@id\":\"https:\\\/\\\/www.meydan.tv\\\/az\\\/article\\\/seyx-babi-turbesinin-mermi-ile-vurulmasi-xeberi-dogru-deyil\\\/#article\",\"isPartOf\":{\"@id\":\"https:\\\/\\\/www.meydan.tv\\\/az\\\/article\\\/seyx-babi-turbesinin-mermi-ile-vurulmasi-xeberi-dogru-deyil\\\/\"},\"author\":{\"name\":\"user-manager\",\"@id\":\"https:\\\/\\\/www.meydan.tv\\\/az\\\/#\\\/schema\\\/person\\\/10d11eccf6da3662cf5fdab9806ea91a\"},\"headline\":\"\u201c\u015eeyx Bab\u0131 t\u00fcrb\u0259sinin m\u0259rmi il\u0259 vurulmas\u0131 x\u0259b\u0259ri do\u011fru deyil\u201d\",\"datePublished\":\"2020-10-20T14:08:35+00:00\",\"mainEntityOfPage\":{\"@id\":\"https:\\\/\\\/www.meydan.tv\\\/az\\\/article\\\/seyx-babi-turbesinin-mermi-ile-vurulmasi-xeberi-dogru-deyil\\\/\"},\"wordCount\":516,\"publisher\":{\"@id\":\"https:\\\/\\\/www.meydan.tv\\\/az\\\/#organization\"},\"image\":{\"@id\":\"https:\\\/\\\/www.meydan.tv\\\/az\\\/article\\\/seyx-babi-turbesinin-mermi-ile-vurulmasi-xeberi-dogru-deyil\\\/#primaryimage\"},\"thumbnailUrl\":\"https:\\\/\\\/www.meydan.tv\\\/wp-content\\\/uploads\\\/photo-2020-10-20-12-08-30.jpg\",\"articleSection\":[\"M\u0259d\u0259niyy\u0259t\"],\"inLanguage\":\"az\"},{\"@type\":\"WebPage\",\"@id\":\"https:\\\/\\\/www.meydan.tv\\\/az\\\/article\\\/seyx-babi-turbesinin-mermi-ile-vurulmasi-xeberi-dogru-deyil\\\/\",\"url\":\"https:\\\/\\\/www.meydan.tv\\\/az\\\/article\\\/seyx-babi-turbesinin-mermi-ile-vurulmasi-xeberi-dogru-deyil\\\/\",\"name\":\"\u201c\u015eeyx Bab\u0131 t\u00fcrb\u0259sinin m\u0259rmi il\u0259 vurulmas\u0131 x\u0259b\u0259ri do\u011fru deyil\u201d - MEYDAN.TV\",\"isPartOf\":{\"@id\":\"https:\\\/\\\/www.meydan.tv\\\/az\\\/#website\"},\"primaryImageOfPage\":{\"@id\":\"https:\\\/\\\/www.meydan.tv\\\/az\\\/article\\\/seyx-babi-turbesinin-mermi-ile-vurulmasi-xeberi-dogru-deyil\\\/#primaryimage\"},\"image\":{\"@id\":\"https:\\\/\\\/www.meydan.tv\\\/az\\\/article\\\/seyx-babi-turbesinin-mermi-ile-vurulmasi-xeberi-dogru-deyil\\\/#primaryimage\"},\"thumbnailUrl\":\"https:\\\/\\\/www.meydan.tv\\\/wp-content\\\/uploads\\\/photo-2020-10-20-12-08-30.jpg\",\"datePublished\":\"2020-10-20T14:08:35+00:00\",\"breadcrumb\":{\"@id\":\"https:\\\/\\\/www.meydan.tv\\\/az\\\/article\\\/seyx-babi-turbesinin-mermi-ile-vurulmasi-xeberi-dogru-deyil\\\/#breadcrumb\"},\"inLanguage\":\"az\",\"potentialAction\":[{\"@type\":\"ReadAction\",\"target\":[\"https:\\\/\\\/www.meydan.tv\\\/az\\\/article\\\/seyx-babi-turbesinin-mermi-ile-vurulmasi-xeberi-dogru-deyil\\\/\"]}]},{\"@type\":\"ImageObject\",\"inLanguage\":\"az\",\"@id\":\"https:\\\/\\\/www.meydan.tv\\\/az\\\/article\\\/seyx-babi-turbesinin-mermi-ile-vurulmasi-xeberi-dogru-deyil\\\/#primaryimage\",\"url\":\"https:\\\/\\\/www.meydan.tv\\\/wp-content\\\/uploads\\\/photo-2020-10-20-12-08-30.jpg\",\"contentUrl\":\"https:\\\/\\\/www.meydan.tv\\\/wp-content\\\/uploads\\\/photo-2020-10-20-12-08-30.jpg\",\"width\":1000,\"height\":750,\"caption\":\"Source: Specify Source\"},{\"@type\":\"BreadcrumbList\",\"@id\":\"https:\\\/\\\/www.meydan.tv\\\/az\\\/article\\\/seyx-babi-turbesinin-mermi-ile-vurulmasi-xeberi-dogru-deyil\\\/#breadcrumb\",\"itemListElement\":[{\"@type\":\"ListItem\",\"position\":1,\"name\":\"Ana s\u0259hif\u0259\",\"item\":\"https:\\\/\\\/www.meydan.tv\\\/az\\\/\"},{\"@type\":\"ListItem\",\"position\":2,\"name\":\"M\u0259d\u0259niyy\u0259t\",\"item\":\"https:\\\/\\\/www.meydan.tv\\\/az\\\/section\\\/medeniyyet\\\/\"},{\"@type\":\"ListItem\",\"position\":3,\"name\":\"\u201c\u015eeyx Bab\u0131 t\u00fcrb\u0259sinin m\u0259rmi il\u0259 vurulmas\u0131 x\u0259b\u0259ri do\u011fru deyil\u201d\"}]},{\"@type\":\"WebSite\",\"@id\":\"https:\\\/\\\/www.meydan.tv\\\/az\\\/#website\",\"url\":\"https:\\\/\\\/www.meydan.tv\\\/az\\\/\",\"name\":\"MEYDAN.TV\",\"description\":\"Meydan TV Az\u0259rbaycan\u0131n media m\u0259kan\u0131ndak\u0131 alternativ s\u0259sidir\",\"publisher\":{\"@id\":\"https:\\\/\\\/www.meydan.tv\\\/az\\\/#organization\"},\"potentialAction\":[{\"@type\":\"SearchAction\",\"target\":{\"@type\":\"EntryPoint\",\"urlTemplate\":\"https:\\\/\\\/www.meydan.tv\\\/az\\\/?s={search_term_string}\"},\"query-input\":{\"@type\":\"PropertyValueSpecification\",\"valueRequired\":true,\"valueName\":\"search_term_string\"}}],\"inLanguage\":\"az\"},{\"@type\":\"Organization\",\"@id\":\"https:\\\/\\\/www.meydan.tv\\\/az\\\/#organization\",\"name\":\"Meydan TV\",\"url\":\"https:\\\/\\\/www.meydan.tv\\\/az\\\/\",\"logo\":{\"@type\":\"ImageObject\",\"inLanguage\":\"az\",\"@id\":\"https:\\\/\\\/www.meydan.tv\\\/az\\\/#\\\/schema\\\/logo\\\/image\\\/\",\"url\":\"https:\\\/\\\/www.meydan.tv\\\/wp-content\\\/uploads\\\/2021\\\/07\\\/meydan-logo.svg\",\"contentUrl\":\"https:\\\/\\\/www.meydan.tv\\\/wp-content\\\/uploads\\\/2021\\\/07\\\/meydan-logo.svg\",\"width\":195,\"height\":46,\"caption\":\"Meydan TV\"},\"image\":{\"@id\":\"https:\\\/\\\/www.meydan.tv\\\/az\\\/#\\\/schema\\\/logo\\\/image\\\/\"}},{\"@type\":\"Person\",\"@id\":\"https:\\\/\\\/www.meydan.tv\\\/az\\\/#\\\/schema\\\/person\\\/10d11eccf6da3662cf5fdab9806ea91a\",\"name\":\"user-manager\"}]}<\/script>\n<!-- \/ Yoast SEO plugin. -->","yoast_head_json":{"title":"\u201c\u015eeyx Bab\u0131 t\u00fcrb\u0259sinin m\u0259rmi il\u0259 vurulmas\u0131 x\u0259b\u0259ri do\u011fru deyil\u201d - MEYDAN.TV","robots":{"index":"index","follow":"follow","max-snippet":"max-snippet:-1","max-image-preview":"max-image-preview:large","max-video-preview":"max-video-preview:-1"},"canonical":"https:\/\/www.meydan.tv\/az\/article\/seyx-babi-turbesinin-mermi-ile-vurulmasi-xeberi-dogru-deyil\/","og_locale":"az_AZ","og_type":"article","og_title":"\u201c\u015eeyx Bab\u0131 t\u00fcrb\u0259sinin m\u0259rmi il\u0259 vurulmas\u0131 x\u0259b\u0259ri do\u011fru deyil\u201d - MEYDAN.TV","og_description":"\"\u015e\u0131xbaba is\u0259 q\u0259bristanl\u0131\u011f\u0131n Bab\u0131 k\u0259ndi \u0259razisind\u0259dir v\u0259 he\u00e7 bir x\u0259sar\u0259t g\u00f6rm\u0259yib\u201d, - k\u0259nd sakinl\u0259ri bel\u0259 deyir.","og_url":"https:\/\/www.meydan.tv\/az\/article\/seyx-babi-turbesinin-mermi-ile-vurulmasi-xeberi-dogru-deyil\/","og_site_name":"MEYDAN.TV","article_published_time":"2020-10-20T14:08:35+00:00","og_image":[{"width":1000,"height":750,"url":"https:\/\/www.meydan.tv\/wp-content\/uploads\/photo-2020-10-20-12-08-30.jpg","type":"image\/jpeg"}],"author":"user-manager","twitter_card":"summary_large_image","schema":{"@context":"https:\/\/schema.org","@graph":[{"@type":"Article","@id":"https:\/\/www.meydan.tv\/az\/article\/seyx-babi-turbesinin-mermi-ile-vurulmasi-xeberi-dogru-deyil\/#article","isPartOf":{"@id":"https:\/\/www.meydan.tv\/az\/article\/seyx-babi-turbesinin-mermi-ile-vurulmasi-xeberi-dogru-deyil\/"},"author":{"name":"user-manager","@id":"https:\/\/www.meydan.tv\/az\/#\/schema\/person\/10d11eccf6da3662cf5fdab9806ea91a"},"headline":"\u201c\u015eeyx Bab\u0131 t\u00fcrb\u0259sinin m\u0259rmi il\u0259 vurulmas\u0131 x\u0259b\u0259ri do\u011fru deyil\u201d","datePublished":"2020-10-20T14:08:35+00:00","mainEntityOfPage":{"@id":"https:\/\/www.meydan.tv\/az\/article\/seyx-babi-turbesinin-mermi-ile-vurulmasi-xeberi-dogru-deyil\/"},"wordCount":516,"publisher":{"@id":"https:\/\/www.meydan.tv\/az\/#organization"},"image":{"@id":"https:\/\/www.meydan.tv\/az\/article\/seyx-babi-turbesinin-mermi-ile-vurulmasi-xeberi-dogru-deyil\/#primaryimage"},"thumbnailUrl":"https:\/\/www.meydan.tv\/wp-content\/uploads\/photo-2020-10-20-12-08-30.jpg","articleSection":["M\u0259d\u0259niyy\u0259t"],"inLanguage":"az"},{"@type":"WebPage","@id":"https:\/\/www.meydan.tv\/az\/article\/seyx-babi-turbesinin-mermi-ile-vurulmasi-xeberi-dogru-deyil\/","url":"https:\/\/www.meydan.tv\/az\/article\/seyx-babi-turbesinin-mermi-ile-vurulmasi-xeberi-dogru-deyil\/","name":"\u201c\u015eeyx Bab\u0131 t\u00fcrb\u0259sinin m\u0259rmi il\u0259 vurulmas\u0131 x\u0259b\u0259ri do\u011fru deyil\u201d - MEYDAN.TV","isPartOf":{"@id":"https:\/\/www.meydan.tv\/az\/#website"},"primaryImageOfPage":{"@id":"https:\/\/www.meydan.tv\/az\/article\/seyx-babi-turbesinin-mermi-ile-vurulmasi-xeberi-dogru-deyil\/#primaryimage"},"image":{"@id":"https:\/\/www.meydan.tv\/az\/article\/seyx-babi-turbesinin-mermi-ile-vurulmasi-xeberi-dogru-deyil\/#primaryimage"},"thumbnailUrl":"https:\/\/www.meydan.tv\/wp-content\/uploads\/photo-2020-10-20-12-08-30.jpg","datePublished":"2020-10-20T14:08:35+00:00","breadcrumb":{"@id":"https:\/\/www.meydan.tv\/az\/article\/seyx-babi-turbesinin-mermi-ile-vurulmasi-xeberi-dogru-deyil\/#breadcrumb"},"inLanguage":"az","potentialAction":[{"@type":"ReadAction","target":["https:\/\/www.meydan.tv\/az\/article\/seyx-babi-turbesinin-mermi-ile-vurulmasi-xeberi-dogru-deyil\/"]}]},{"@type":"ImageObject","inLanguage":"az","@id":"https:\/\/www.meydan.tv\/az\/article\/seyx-babi-turbesinin-mermi-ile-vurulmasi-xeberi-dogru-deyil\/#primaryimage","url":"https:\/\/www.meydan.tv\/wp-content\/uploads\/photo-2020-10-20-12-08-30.jpg","contentUrl":"https:\/\/www.meydan.tv\/wp-content\/uploads\/photo-2020-10-20-12-08-30.jpg","width":1000,"height":750,"caption":"Source: Specify Source"},{"@type":"BreadcrumbList","@id":"https:\/\/www.meydan.tv\/az\/article\/seyx-babi-turbesinin-mermi-ile-vurulmasi-xeberi-dogru-deyil\/#breadcrumb","itemListElement":[{"@type":"ListItem","position":1,"name":"Ana s\u0259hif\u0259","item":"https:\/\/www.meydan.tv\/az\/"},{"@type":"ListItem","position":2,"name":"M\u0259d\u0259niyy\u0259t","item":"https:\/\/www.meydan.tv\/az\/section\/medeniyyet\/"},{"@type":"ListItem","position":3,"name":"\u201c\u015eeyx Bab\u0131 t\u00fcrb\u0259sinin m\u0259rmi il\u0259 vurulmas\u0131 x\u0259b\u0259ri do\u011fru deyil\u201d"}]},{"@type":"WebSite","@id":"https:\/\/www.meydan.tv\/az\/#website","url":"https:\/\/www.meydan.tv\/az\/","name":"MEYDAN.TV","description":"Meydan TV Az\u0259rbaycan\u0131n media m\u0259kan\u0131ndak\u0131 alternativ s\u0259sidir","publisher":{"@id":"https:\/\/www.meydan.tv\/az\/#organization"},"potentialAction":[{"@type":"SearchAction","target":{"@type":"EntryPoint","urlTemplate":"https:\/\/www.meydan.tv\/az\/?s={search_term_string}"},"query-input":{"@type":"PropertyValueSpecification","valueRequired":true,"valueName":"search_term_string"}}],"inLanguage":"az"},{"@type":"Organization","@id":"https:\/\/www.meydan.tv\/az\/#organization","name":"Meydan TV","url":"https:\/\/www.meydan.tv\/az\/","logo":{"@type":"ImageObject","inLanguage":"az","@id":"https:\/\/www.meydan.tv\/az\/#\/schema\/logo\/image\/","url":"https:\/\/www.meydan.tv\/wp-content\/uploads\/2021\/07\/meydan-logo.svg","contentUrl":"https:\/\/www.meydan.tv\/wp-content\/uploads\/2021\/07\/meydan-logo.svg","width":195,"height":46,"caption":"Meydan TV"},"image":{"@id":"https:\/\/www.meydan.tv\/az\/#\/schema\/logo\/image\/"}},{"@type":"Person","@id":"https:\/\/www.meydan.tv\/az\/#\/schema\/person\/10d11eccf6da3662cf5fdab9806ea91a","name":"user-manager"}]}},"_links":{"self":[{"href":"https:\/\/www.meydan.tv\/az\/wp-json\/wp\/v2\/posts\/203107","targetHints":{"allow":["GET"]}}],"collection":[{"href":"https:\/\/www.meydan.tv\/az\/wp-json\/wp\/v2\/posts"}],"about":[{"href":"https:\/\/www.meydan.tv\/az\/wp-json\/wp\/v2\/types\/post"}],"author":[{"embeddable":true,"href":"https:\/\/www.meydan.tv\/az\/wp-json\/wp\/v2\/users\/11"}],"replies":[{"embeddable":true,"href":"https:\/\/www.meydan.tv\/az\/wp-json\/wp\/v2\/comments?post=203107"}],"version-history":[{"count":0,"href":"https:\/\/www.meydan.tv\/az\/wp-json\/wp\/v2\/posts\/203107\/revisions"}],"wp:featuredmedia":[{"embeddable":true,"href":"https:\/\/www.meydan.tv\/az\/wp-json\/wp\/v2\/media\/149975"}],"wp:attachment":[{"href":"https:\/\/www.meydan.tv\/az\/wp-json\/wp\/v2\/media?parent=203107"}],"wp:term":[{"taxonomy":"category","embeddable":true,"href":"https:\/\/www.meydan.tv\/az\/wp-json\/wp\/v2\/categories?post=203107"},{"taxonomy":"post_tag","embeddable":true,"href":"https:\/\/www.meydan.tv\/az\/wp-json\/wp\/v2\/tags?post=203107"}],"curies":[{"name":"wp","href":"https:\/\/api.w.org\/{rel}","templated":true}]}}