{"id":203054,"date":"2020-10-17T12:54:29","date_gmt":"2020-10-17T12:54:29","guid":{"rendered":"https:\/\/www.meydan.tv\/article\/sirvan-sakini-evsizleri-bosalmis-yataqxana-otaqlarina-kocursunler\/"},"modified":"2020-10-17T12:54:29","modified_gmt":"2020-10-17T12:54:29","slug":"sirvan-sakini-evsizleri-bosalmis-yataqxana-otaqlarina-kocursunler","status":"publish","type":"post","link":"https:\/\/www.meydan.tv\/az\/article\/sirvan-sakini-evsizleri-bosalmis-yataqxana-otaqlarina-kocursunler\/","title":{"rendered":"\u015eirvan sakini: Evsizl\u0259ri bo\u015falm\u0131\u015f yataqxana otaqlar\u0131na k\u00f6\u00e7\u00fcrs\u00fcnl\u0259r"},"content":{"rendered":"<p>\n  <i><br \/>\n    Bu, kiray\u0259d\u0259 ya\u015fama\u011fa imkan\u0131 b\u00f6y\u00fck bir ail\u0259 ba\u015f\u00e7\u0131s\u0131n\u0131n arzusudur<br \/>\n  <\/i>\n<\/p>\n<p>\n  \u201cK\u00f6\u00e7k\u00fcnl\u0259r\u0259 ev tikilib, k\u00f6\u00e7\u00fcr\u00fcl\u00fcbl\u0259r, yataqxanadak\u0131 50 otaq bo\u015fal\u0131b, he\u00e7 olmasa kiray\u0259d\u0259 ya\u015fayan imkans\u0131zlar\u0131 o yataqxana binas\u0131na k\u00f6\u00e7\u00fcrs\u00fcnl\u0259r\u201d.\n<\/p>\n<p>\n  \u015eirvan sakini R\u0259\u015fad Xudayev Meydan TV-y\u0259 dan\u0131\u015f\u0131r ki, 7 n\u0259f\u0259rlik ail\u0259si il\u0259 bir otaql\u0131, dar\u0131sqal evd\u0259 ya\u015fay\u0131r. \u00dcst\u0259lik, he\u00e7 bu ev d\u0259 ail\u0259y\u0259 aid deyil, onlara kiray\u0259 verilib. Deyir, \u015eirvan \u015f\u0259h\u0259rind\u0259 ill\u0259rdir ki, k\u00f6\u00e7k\u00fcnl\u0259rin m\u0259skunla\u015fd\u0131\u011f\u0131 yataqxana bu yax\u0131nlarda bo\u015fald\u0131l\u0131b. Daha do\u011frusu, k\u00f6\u00e7k\u00fcnl\u0259r onlar \u00fc\u00e7\u00fcn tikilmi\u015f binaya k\u00f6\u00e7\u00fcr\u00fcl\u00fcb. Haz\u0131rda yataqxanada az\u0131 50 otaq istifad\u0259sizdir, v\u0259t\u0259nda\u015f t\u0259klif edir ki, rayon r\u0259hb\u0259rliyi kiray\u0259d\u0259 ya\u015fayan imkans\u0131z ail\u0259l\u0259ri h\u0259min yataqxanadak\u0131 otaqlara yerl\u0259\u015fdirsin.\n<\/p>\n<p>\n  <b><br \/>\n    \u201c7 n\u0259f\u0259rin \u00e7\u00f6r\u0259yini, suyunu zorla tap\u0131ram\u201d<br \/>\n  <\/b>\n<\/p>\n<p>\n  \u201cEvd\u0259 7 n\u0259f\u0259rik, x\u0259st\u0259, t\u0259qa\u00fcd\u00e7\u00fc anam, \u0259lil bac\u0131m, bac\u0131m\u0131n x\u0259st\u0259 \u00f6vlad\u0131, h\u0259yat yolda\u015f\u0131m v\u0259 iki azya\u015fl\u0131 \u00f6vlad\u0131m &#8211; ham\u0131s\u0131n\u0131n y\u00fck\u00fc m\u0259nim \u00e7iynimd\u0259dir. 7 n\u0259f\u0259rin \u00e7\u00f6r\u0259yini, suyunu zorla tap\u0131b verir\u0259m. Kiray\u0259haqq\u0131n\u0131 \u00f6d\u0259y\u0259 bilmir\u0259m. H\u0259r d\u0259f\u0259 \u00f6d\u0259ni\u015fin vaxt\u0131 \u00e7atanda g\u0259rginlik, stress ke\u00e7irir\u0259m, i\u00e7imd\u0259 qorxu hissi olur ki, pulu tap\u0131b verm\u0259s\u0259m, ev sahibi bu boyda k\u00fclf\u0259ti \u00e7\u00f6l\u0259 t\u00f6k\u0259c\u0259k. Bizim ail\u0259 kimi y\u00fczl\u0259rl\u0259 ail\u0259 var, camaat kiray\u0259pulu \u00f6d\u0259y\u0259 bilmir, k\u00f6\u00e7\u00fcrs\u00fcnl\u0259r \u0259n ehtiyacl\u0131, kas\u0131b, b\u00f6y\u00fck t\u0259rkibli ail\u0259l\u0259ri o bo\u015f yataqxana binas\u0131na, 50 ail\u0259 kiray\u0259haqq\u0131 \u00f6d\u0259m\u0259kd\u0259n azad olsun\u201d, &#8211; \u015fikay\u0259t\u00e7i deyib.\n<\/p>\n<p>\n  <b><br \/>\n    \u201cKiray\u0259l\u0259rd\u0259n can\u0131m\u0131z qurtarard\u0131\u201d<br \/>\n  <\/b>\n<\/p>\n<p>\n  R\u0259\u015fad Xudiyev bu xahi\u015fl\u0259 \u015eirvan \u015e\u0259h\u0259r \u0130cra Hakimiyy\u0259tind\u0259 d\u0259 olub:\n<\/p>\n<p>\n  \u201c\u018friz\u0259l\u0259rl\u0259 d\u0259 m\u00fcraci\u0259t etmi\u015f\u0259m, ba\u015f\u00e7\u0131n\u0131n yan\u0131nda da olmu\u015fam, ba\u015f\u00e7\u0131 g\u0259li\u015fimin m\u0259qs\u0259dini bil\u0259nd\u0259 m\u0259ni m\u00fcavininin yan\u0131na g\u00f6nd\u0259rdi, m\u00fcavin d\u0259 dedi, h\u0259l\u0259 yataqxana otaqlar\u0131 il\u0259 ba\u011fl\u0131 m\u0259s\u0259l\u0259y\u0259 bax\u0131lm\u0131r, bax\u0131landa s\u0259ni d\u0259 n\u0259z\u0259r\u0259 alar\u0131q. Onu da deyim ki, bundan \u0259vv\u0259l yataqxanan\u0131n xeyli ota\u011f\u0131 sat\u0131l\u0131b, buna g\u00f6r\u0259 i\u015fd\u0259n \u00e7\u0131xar\u0131lan, c\u0259zaland\u0131r\u0131lan da var. Ona g\u00f6r\u0259 d\u0259 h\u0259l\u0259lik he\u00e7 bir h\u0259r\u0259k\u0259t etmirl\u0259r, g\u00f6zl\u0259yirl\u0259r. Bina icra hakimiyy\u0259tinin balans\u0131ndad\u0131r, istifad\u0259y\u0259 yararl\u0131d\u0131r, m\u00f6hk\u0259mdir, ya\u015famaq \u00fc\u00e7\u00fcn \u015f\u0259raitlidir, haz\u0131rda da xeyli ail\u0259 ya\u015fay\u0131r orda, ancaq g\u0259l ki, bo\u015f otaqlar \u0259haliy\u0259 verilmir ki, \u0259halinin can\u0131 kiray\u0259l\u0259rd\u0259n qurtars\u0131n\u201d.\n<\/p>\n<p>\n  <b><br \/>\n    Meyarlara uy\u011fun g\u0259l\u0259n ail\u0259l\u0259r\u0259 veril\u0259c\u0259k<br \/>\n  <\/b>\n<\/p>\n<p>\n  \u015eirvan \u015e\u0259h\u0259r \u0130cra Hakimiyy\u0259tind\u0259n bildirilib ki, bu il Leytenant \u0130brahimov k\u00fc\u00e7\u0259sind\u0259 yerl\u0259\u015f\u0259n 1 sayl\u0131 yataqxanada m\u0259skunla\u015fm\u0131\u015f k\u00f6\u00e7k\u00fcnl\u0259r yeni q\u0259s\u0259b\u0259y\u0259 k\u00f6\u00e7\u00fcr\u00fcl\u00fcb. Haz\u0131rda yataqxanada yerli sakinl\u0259r ya\u015fay\u0131r. Qurum yataqxana otaqlar\u0131n\u0131n sat\u0131lmas\u0131 il\u0259 ba\u011fl\u0131 deyil\u0259nl\u0259ri t\u0259kzib edib. Bildirilib ki, h\u0259min otaqlar\u0131n ail\u0259l\u0259r\u0259 verilm\u0259si \u00fc\u00e7\u00fcn quruma xeyli m\u00fcraci\u0259t var, qurum bu m\u00fcraci\u0259tl\u0259ri d\u0259y\u0259rl\u0259ndirib otaqlar\u0131 m\u00fc\u0259yy\u0259n edilmi\u015f meyarlara uy\u011fun g\u0259l\u0259n ail\u0259l\u0259r aras\u0131nda payla\u015fd\u0131racaq.\n<\/p>\n<p>\n  \u00d6t\u0259n il dekabr\u0131n sonunda \u015eirvan \u015f\u0259h\u0259rind\u0259 k\u00f6\u00e7k\u00fcnl\u0259r \u00fc\u00e7\u00fcn yeni ya\u015fay\u0131\u015f kompleksi istifad\u0259y\u0259 verilib. Yeni q\u0259s\u0259b\u0259y\u0259 \u015eirvan \u015f\u0259h\u0259ri \u0259razisind\u0259ki yataqxana, m\u0259kt\u0259b, kiray\u0259 v\u0259 dig\u0259r inzibati binalarda m\u00fcv\u0259qq\u0259ti m\u0259skunla\u015fm\u0131\u015f, uzun m\u00fcdd\u0259tdir \u0259n a\u011f\u0131r \u015f\u0259raitd\u0259 ya\u015fayan, \u0259sas\u0259n, Z\u0259ngilan, F\u00fczuli v\u0259 C\u0259bray\u0131l rayonlar\u0131ndan olan 606 m\u0259cburi k\u00f6\u00e7k\u00fcn ail\u0259si k\u00f6\u00e7\u00fcr\u00fcl\u00fcb.<\/p>\n","protected":false},"excerpt":{"rendered":"<p>\u201c\u018friz\u0259l\u0259rl\u0259 d\u0259 m\u00fcraci\u0259t etmi\u015f\u0259m, ba\u015f\u00e7\u0131n\u0131n yan\u0131nda da olmu\u015fam, ba\u015f\u00e7\u0131 g\u0259li\u015fimin m\u0259qs\u0259dini bil\u0259nd\u0259 m\u0259ni m\u00fcavininin yan\u0131na g\u00f6nd\u0259rdi, m\u00fcavin d\u0259 dedi, h\u0259l\u0259 yataqxana otaqlar\u0131 il\u0259 ba\u011fl\u0131 m\u0259s\u0259l\u0259y\u0259 bax\u0131lm\u0131r, bax\u0131landa s\u0259ni d\u0259 n\u0259z\u0259r\u0259 alar\u0131q&#8221;<\/p>\n","protected":false},"author":11,"featured_media":149645,"comment_status":"closed","ping_status":"open","sticky":false,"template":"","format":"standard","meta":{"_acf_changed":false,"_sitemap_exclude":false,"_sitemap_priority":"","_sitemap_frequency":"","footnotes":""},"categories":[60],"tags":[],"class_list":["post-203054","post","type-post","status-publish","format-standard","has-post-thumbnail","hentry","category-bolge","infinite-scroll-item","generate-columns","tablet-grid-50","mobile-grid-100","grid-parent","grid-33","no-featured-image-padding"],"acf":[],"yoast_head":"<!-- This site is optimized with the Yoast SEO plugin v27.5 - https:\/\/yoast.com\/product\/yoast-seo-wordpress\/ -->\n<title>\u015eirvan sakini: Evsizl\u0259ri bo\u015falm\u0131\u015f yataqxana otaqlar\u0131na k\u00f6\u00e7\u00fcrs\u00fcnl\u0259r - MEYDAN.TV<\/title>\n<meta name=\"robots\" content=\"index, follow, max-snippet:-1, max-image-preview:large, max-video-preview:-1\" \/>\n<link rel=\"canonical\" href=\"https:\/\/www.meydan.tv\/az\/article\/sirvan-sakini-evsizleri-bosalmis-yataqxana-otaqlarina-kocursunler\/\" \/>\n<meta property=\"og:locale\" content=\"az_AZ\" \/>\n<meta property=\"og:type\" content=\"article\" \/>\n<meta property=\"og:title\" content=\"\u015eirvan sakini: Evsizl\u0259ri bo\u015falm\u0131\u015f yataqxana otaqlar\u0131na k\u00f6\u00e7\u00fcrs\u00fcnl\u0259r - MEYDAN.TV\" \/>\n<meta property=\"og:description\" content=\"\u201c\u018friz\u0259l\u0259rl\u0259 d\u0259 m\u00fcraci\u0259t etmi\u015f\u0259m, ba\u015f\u00e7\u0131n\u0131n yan\u0131nda da olmu\u015fam, ba\u015f\u00e7\u0131 g\u0259li\u015fimin m\u0259qs\u0259dini bil\u0259nd\u0259 m\u0259ni m\u00fcavininin yan\u0131na g\u00f6nd\u0259rdi, m\u00fcavin d\u0259 dedi, h\u0259l\u0259 yataqxana otaqlar\u0131 il\u0259 ba\u011fl\u0131 m\u0259s\u0259l\u0259y\u0259 bax\u0131lm\u0131r, bax\u0131landa s\u0259ni d\u0259 n\u0259z\u0259r\u0259 alar\u0131q&quot;\" \/>\n<meta property=\"og:url\" content=\"https:\/\/www.meydan.tv\/az\/article\/sirvan-sakini-evsizleri-bosalmis-yataqxana-otaqlarina-kocursunler\/\" \/>\n<meta property=\"og:site_name\" content=\"MEYDAN.TV\" \/>\n<meta property=\"article:published_time\" content=\"2020-10-17T12:54:29+00:00\" \/>\n<meta property=\"og:image\" content=\"https:\/\/www.meydan.tv\/wp-content\/uploads\/shirvan_city.jpg\" \/>\n\t<meta property=\"og:image:width\" content=\"1271\" \/>\n\t<meta property=\"og:image:height\" content=\"807\" \/>\n\t<meta property=\"og:image:type\" content=\"image\/jpeg\" \/>\n<meta name=\"author\" content=\"user-manager\" \/>\n<meta name=\"twitter:card\" content=\"summary_large_image\" \/>\n<script type=\"application\/ld+json\" class=\"yoast-schema-graph\">{\"@context\":\"https:\\\/\\\/schema.org\",\"@graph\":[{\"@type\":\"Article\",\"@id\":\"https:\\\/\\\/www.meydan.tv\\\/az\\\/article\\\/sirvan-sakini-evsizleri-bosalmis-yataqxana-otaqlarina-kocursunler\\\/#article\",\"isPartOf\":{\"@id\":\"https:\\\/\\\/www.meydan.tv\\\/az\\\/article\\\/sirvan-sakini-evsizleri-bosalmis-yataqxana-otaqlarina-kocursunler\\\/\"},\"author\":{\"name\":\"user-manager\",\"@id\":\"https:\\\/\\\/www.meydan.tv\\\/az\\\/#\\\/schema\\\/person\\\/10d11eccf6da3662cf5fdab9806ea91a\"},\"headline\":\"\u015eirvan sakini: Evsizl\u0259ri bo\u015falm\u0131\u015f yataqxana otaqlar\u0131na k\u00f6\u00e7\u00fcrs\u00fcnl\u0259r\",\"datePublished\":\"2020-10-17T12:54:29+00:00\",\"mainEntityOfPage\":{\"@id\":\"https:\\\/\\\/www.meydan.tv\\\/az\\\/article\\\/sirvan-sakini-evsizleri-bosalmis-yataqxana-otaqlarina-kocursunler\\\/\"},\"wordCount\":702,\"publisher\":{\"@id\":\"https:\\\/\\\/www.meydan.tv\\\/az\\\/#organization\"},\"image\":{\"@id\":\"https:\\\/\\\/www.meydan.tv\\\/az\\\/article\\\/sirvan-sakini-evsizleri-bosalmis-yataqxana-otaqlarina-kocursunler\\\/#primaryimage\"},\"thumbnailUrl\":\"https:\\\/\\\/www.meydan.tv\\\/wp-content\\\/uploads\\\/shirvan_city.jpg\",\"articleSection\":[\"B\u00f6lg\u0259\"],\"inLanguage\":\"az\"},{\"@type\":\"WebPage\",\"@id\":\"https:\\\/\\\/www.meydan.tv\\\/az\\\/article\\\/sirvan-sakini-evsizleri-bosalmis-yataqxana-otaqlarina-kocursunler\\\/\",\"url\":\"https:\\\/\\\/www.meydan.tv\\\/az\\\/article\\\/sirvan-sakini-evsizleri-bosalmis-yataqxana-otaqlarina-kocursunler\\\/\",\"name\":\"\u015eirvan sakini: Evsizl\u0259ri bo\u015falm\u0131\u015f yataqxana otaqlar\u0131na k\u00f6\u00e7\u00fcrs\u00fcnl\u0259r - MEYDAN.TV\",\"isPartOf\":{\"@id\":\"https:\\\/\\\/www.meydan.tv\\\/az\\\/#website\"},\"primaryImageOfPage\":{\"@id\":\"https:\\\/\\\/www.meydan.tv\\\/az\\\/article\\\/sirvan-sakini-evsizleri-bosalmis-yataqxana-otaqlarina-kocursunler\\\/#primaryimage\"},\"image\":{\"@id\":\"https:\\\/\\\/www.meydan.tv\\\/az\\\/article\\\/sirvan-sakini-evsizleri-bosalmis-yataqxana-otaqlarina-kocursunler\\\/#primaryimage\"},\"thumbnailUrl\":\"https:\\\/\\\/www.meydan.tv\\\/wp-content\\\/uploads\\\/shirvan_city.jpg\",\"datePublished\":\"2020-10-17T12:54:29+00:00\",\"breadcrumb\":{\"@id\":\"https:\\\/\\\/www.meydan.tv\\\/az\\\/article\\\/sirvan-sakini-evsizleri-bosalmis-yataqxana-otaqlarina-kocursunler\\\/#breadcrumb\"},\"inLanguage\":\"az\",\"potentialAction\":[{\"@type\":\"ReadAction\",\"target\":[\"https:\\\/\\\/www.meydan.tv\\\/az\\\/article\\\/sirvan-sakini-evsizleri-bosalmis-yataqxana-otaqlarina-kocursunler\\\/\"]}]},{\"@type\":\"ImageObject\",\"inLanguage\":\"az\",\"@id\":\"https:\\\/\\\/www.meydan.tv\\\/az\\\/article\\\/sirvan-sakini-evsizleri-bosalmis-yataqxana-otaqlarina-kocursunler\\\/#primaryimage\",\"url\":\"https:\\\/\\\/www.meydan.tv\\\/wp-content\\\/uploads\\\/shirvan_city.jpg\",\"contentUrl\":\"https:\\\/\\\/www.meydan.tv\\\/wp-content\\\/uploads\\\/shirvan_city.jpg\",\"width\":1271,\"height\":807,\"caption\":\"Source: Specify Source\"},{\"@type\":\"BreadcrumbList\",\"@id\":\"https:\\\/\\\/www.meydan.tv\\\/az\\\/article\\\/sirvan-sakini-evsizleri-bosalmis-yataqxana-otaqlarina-kocursunler\\\/#breadcrumb\",\"itemListElement\":[{\"@type\":\"ListItem\",\"position\":1,\"name\":\"Ana s\u0259hif\u0259\",\"item\":\"https:\\\/\\\/www.meydan.tv\\\/az\\\/\"},{\"@type\":\"ListItem\",\"position\":2,\"name\":\"B\u00f6lg\u0259\",\"item\":\"https:\\\/\\\/www.meydan.tv\\\/az\\\/section\\\/bolge\\\/\"},{\"@type\":\"ListItem\",\"position\":3,\"name\":\"\u015eirvan sakini: Evsizl\u0259ri bo\u015falm\u0131\u015f yataqxana otaqlar\u0131na k\u00f6\u00e7\u00fcrs\u00fcnl\u0259r\"}]},{\"@type\":\"WebSite\",\"@id\":\"https:\\\/\\\/www.meydan.tv\\\/az\\\/#website\",\"url\":\"https:\\\/\\\/www.meydan.tv\\\/az\\\/\",\"name\":\"MEYDAN.TV\",\"description\":\"Meydan TV Az\u0259rbaycan\u0131n media m\u0259kan\u0131ndak\u0131 alternativ s\u0259sidir\",\"publisher\":{\"@id\":\"https:\\\/\\\/www.meydan.tv\\\/az\\\/#organization\"},\"potentialAction\":[{\"@type\":\"SearchAction\",\"target\":{\"@type\":\"EntryPoint\",\"urlTemplate\":\"https:\\\/\\\/www.meydan.tv\\\/az\\\/?s={search_term_string}\"},\"query-input\":{\"@type\":\"PropertyValueSpecification\",\"valueRequired\":true,\"valueName\":\"search_term_string\"}}],\"inLanguage\":\"az\"},{\"@type\":\"Organization\",\"@id\":\"https:\\\/\\\/www.meydan.tv\\\/az\\\/#organization\",\"name\":\"Meydan TV\",\"url\":\"https:\\\/\\\/www.meydan.tv\\\/az\\\/\",\"logo\":{\"@type\":\"ImageObject\",\"inLanguage\":\"az\",\"@id\":\"https:\\\/\\\/www.meydan.tv\\\/az\\\/#\\\/schema\\\/logo\\\/image\\\/\",\"url\":\"https:\\\/\\\/www.meydan.tv\\\/wp-content\\\/uploads\\\/2021\\\/07\\\/meydan-logo.svg\",\"contentUrl\":\"https:\\\/\\\/www.meydan.tv\\\/wp-content\\\/uploads\\\/2021\\\/07\\\/meydan-logo.svg\",\"width\":195,\"height\":46,\"caption\":\"Meydan TV\"},\"image\":{\"@id\":\"https:\\\/\\\/www.meydan.tv\\\/az\\\/#\\\/schema\\\/logo\\\/image\\\/\"}},{\"@type\":\"Person\",\"@id\":\"https:\\\/\\\/www.meydan.tv\\\/az\\\/#\\\/schema\\\/person\\\/10d11eccf6da3662cf5fdab9806ea91a\",\"name\":\"user-manager\"}]}<\/script>\n<!-- \/ Yoast SEO plugin. -->","yoast_head_json":{"title":"\u015eirvan sakini: Evsizl\u0259ri bo\u015falm\u0131\u015f yataqxana otaqlar\u0131na k\u00f6\u00e7\u00fcrs\u00fcnl\u0259r - MEYDAN.TV","robots":{"index":"index","follow":"follow","max-snippet":"max-snippet:-1","max-image-preview":"max-image-preview:large","max-video-preview":"max-video-preview:-1"},"canonical":"https:\/\/www.meydan.tv\/az\/article\/sirvan-sakini-evsizleri-bosalmis-yataqxana-otaqlarina-kocursunler\/","og_locale":"az_AZ","og_type":"article","og_title":"\u015eirvan sakini: Evsizl\u0259ri bo\u015falm\u0131\u015f yataqxana otaqlar\u0131na k\u00f6\u00e7\u00fcrs\u00fcnl\u0259r - MEYDAN.TV","og_description":"\u201c\u018friz\u0259l\u0259rl\u0259 d\u0259 m\u00fcraci\u0259t etmi\u015f\u0259m, ba\u015f\u00e7\u0131n\u0131n yan\u0131nda da olmu\u015fam, ba\u015f\u00e7\u0131 g\u0259li\u015fimin m\u0259qs\u0259dini bil\u0259nd\u0259 m\u0259ni m\u00fcavininin yan\u0131na g\u00f6nd\u0259rdi, m\u00fcavin d\u0259 dedi, h\u0259l\u0259 yataqxana otaqlar\u0131 il\u0259 ba\u011fl\u0131 m\u0259s\u0259l\u0259y\u0259 bax\u0131lm\u0131r, bax\u0131landa s\u0259ni d\u0259 n\u0259z\u0259r\u0259 alar\u0131q\"","og_url":"https:\/\/www.meydan.tv\/az\/article\/sirvan-sakini-evsizleri-bosalmis-yataqxana-otaqlarina-kocursunler\/","og_site_name":"MEYDAN.TV","article_published_time":"2020-10-17T12:54:29+00:00","og_image":[{"width":1271,"height":807,"url":"https:\/\/www.meydan.tv\/wp-content\/uploads\/shirvan_city.jpg","type":"image\/jpeg"}],"author":"user-manager","twitter_card":"summary_large_image","schema":{"@context":"https:\/\/schema.org","@graph":[{"@type":"Article","@id":"https:\/\/www.meydan.tv\/az\/article\/sirvan-sakini-evsizleri-bosalmis-yataqxana-otaqlarina-kocursunler\/#article","isPartOf":{"@id":"https:\/\/www.meydan.tv\/az\/article\/sirvan-sakini-evsizleri-bosalmis-yataqxana-otaqlarina-kocursunler\/"},"author":{"name":"user-manager","@id":"https:\/\/www.meydan.tv\/az\/#\/schema\/person\/10d11eccf6da3662cf5fdab9806ea91a"},"headline":"\u015eirvan sakini: Evsizl\u0259ri bo\u015falm\u0131\u015f yataqxana otaqlar\u0131na k\u00f6\u00e7\u00fcrs\u00fcnl\u0259r","datePublished":"2020-10-17T12:54:29+00:00","mainEntityOfPage":{"@id":"https:\/\/www.meydan.tv\/az\/article\/sirvan-sakini-evsizleri-bosalmis-yataqxana-otaqlarina-kocursunler\/"},"wordCount":702,"publisher":{"@id":"https:\/\/www.meydan.tv\/az\/#organization"},"image":{"@id":"https:\/\/www.meydan.tv\/az\/article\/sirvan-sakini-evsizleri-bosalmis-yataqxana-otaqlarina-kocursunler\/#primaryimage"},"thumbnailUrl":"https:\/\/www.meydan.tv\/wp-content\/uploads\/shirvan_city.jpg","articleSection":["B\u00f6lg\u0259"],"inLanguage":"az"},{"@type":"WebPage","@id":"https:\/\/www.meydan.tv\/az\/article\/sirvan-sakini-evsizleri-bosalmis-yataqxana-otaqlarina-kocursunler\/","url":"https:\/\/www.meydan.tv\/az\/article\/sirvan-sakini-evsizleri-bosalmis-yataqxana-otaqlarina-kocursunler\/","name":"\u015eirvan sakini: Evsizl\u0259ri bo\u015falm\u0131\u015f yataqxana otaqlar\u0131na k\u00f6\u00e7\u00fcrs\u00fcnl\u0259r - MEYDAN.TV","isPartOf":{"@id":"https:\/\/www.meydan.tv\/az\/#website"},"primaryImageOfPage":{"@id":"https:\/\/www.meydan.tv\/az\/article\/sirvan-sakini-evsizleri-bosalmis-yataqxana-otaqlarina-kocursunler\/#primaryimage"},"image":{"@id":"https:\/\/www.meydan.tv\/az\/article\/sirvan-sakini-evsizleri-bosalmis-yataqxana-otaqlarina-kocursunler\/#primaryimage"},"thumbnailUrl":"https:\/\/www.meydan.tv\/wp-content\/uploads\/shirvan_city.jpg","datePublished":"2020-10-17T12:54:29+00:00","breadcrumb":{"@id":"https:\/\/www.meydan.tv\/az\/article\/sirvan-sakini-evsizleri-bosalmis-yataqxana-otaqlarina-kocursunler\/#breadcrumb"},"inLanguage":"az","potentialAction":[{"@type":"ReadAction","target":["https:\/\/www.meydan.tv\/az\/article\/sirvan-sakini-evsizleri-bosalmis-yataqxana-otaqlarina-kocursunler\/"]}]},{"@type":"ImageObject","inLanguage":"az","@id":"https:\/\/www.meydan.tv\/az\/article\/sirvan-sakini-evsizleri-bosalmis-yataqxana-otaqlarina-kocursunler\/#primaryimage","url":"https:\/\/www.meydan.tv\/wp-content\/uploads\/shirvan_city.jpg","contentUrl":"https:\/\/www.meydan.tv\/wp-content\/uploads\/shirvan_city.jpg","width":1271,"height":807,"caption":"Source: Specify Source"},{"@type":"BreadcrumbList","@id":"https:\/\/www.meydan.tv\/az\/article\/sirvan-sakini-evsizleri-bosalmis-yataqxana-otaqlarina-kocursunler\/#breadcrumb","itemListElement":[{"@type":"ListItem","position":1,"name":"Ana s\u0259hif\u0259","item":"https:\/\/www.meydan.tv\/az\/"},{"@type":"ListItem","position":2,"name":"B\u00f6lg\u0259","item":"https:\/\/www.meydan.tv\/az\/section\/bolge\/"},{"@type":"ListItem","position":3,"name":"\u015eirvan sakini: Evsizl\u0259ri bo\u015falm\u0131\u015f yataqxana otaqlar\u0131na k\u00f6\u00e7\u00fcrs\u00fcnl\u0259r"}]},{"@type":"WebSite","@id":"https:\/\/www.meydan.tv\/az\/#website","url":"https:\/\/www.meydan.tv\/az\/","name":"MEYDAN.TV","description":"Meydan TV Az\u0259rbaycan\u0131n media m\u0259kan\u0131ndak\u0131 alternativ s\u0259sidir","publisher":{"@id":"https:\/\/www.meydan.tv\/az\/#organization"},"potentialAction":[{"@type":"SearchAction","target":{"@type":"EntryPoint","urlTemplate":"https:\/\/www.meydan.tv\/az\/?s={search_term_string}"},"query-input":{"@type":"PropertyValueSpecification","valueRequired":true,"valueName":"search_term_string"}}],"inLanguage":"az"},{"@type":"Organization","@id":"https:\/\/www.meydan.tv\/az\/#organization","name":"Meydan TV","url":"https:\/\/www.meydan.tv\/az\/","logo":{"@type":"ImageObject","inLanguage":"az","@id":"https:\/\/www.meydan.tv\/az\/#\/schema\/logo\/image\/","url":"https:\/\/www.meydan.tv\/wp-content\/uploads\/2021\/07\/meydan-logo.svg","contentUrl":"https:\/\/www.meydan.tv\/wp-content\/uploads\/2021\/07\/meydan-logo.svg","width":195,"height":46,"caption":"Meydan TV"},"image":{"@id":"https:\/\/www.meydan.tv\/az\/#\/schema\/logo\/image\/"}},{"@type":"Person","@id":"https:\/\/www.meydan.tv\/az\/#\/schema\/person\/10d11eccf6da3662cf5fdab9806ea91a","name":"user-manager"}]}},"_links":{"self":[{"href":"https:\/\/www.meydan.tv\/az\/wp-json\/wp\/v2\/posts\/203054","targetHints":{"allow":["GET"]}}],"collection":[{"href":"https:\/\/www.meydan.tv\/az\/wp-json\/wp\/v2\/posts"}],"about":[{"href":"https:\/\/www.meydan.tv\/az\/wp-json\/wp\/v2\/types\/post"}],"author":[{"embeddable":true,"href":"https:\/\/www.meydan.tv\/az\/wp-json\/wp\/v2\/users\/11"}],"replies":[{"embeddable":true,"href":"https:\/\/www.meydan.tv\/az\/wp-json\/wp\/v2\/comments?post=203054"}],"version-history":[{"count":0,"href":"https:\/\/www.meydan.tv\/az\/wp-json\/wp\/v2\/posts\/203054\/revisions"}],"wp:featuredmedia":[{"embeddable":true,"href":"https:\/\/www.meydan.tv\/az\/wp-json\/wp\/v2\/media\/149645"}],"wp:attachment":[{"href":"https:\/\/www.meydan.tv\/az\/wp-json\/wp\/v2\/media?parent=203054"}],"wp:term":[{"taxonomy":"category","embeddable":true,"href":"https:\/\/www.meydan.tv\/az\/wp-json\/wp\/v2\/categories?post=203054"},{"taxonomy":"post_tag","embeddable":true,"href":"https:\/\/www.meydan.tv\/az\/wp-json\/wp\/v2\/tags?post=203054"}],"curies":[{"name":"wp","href":"https:\/\/api.w.org\/{rel}","templated":true}]}}