{"id":203012,"date":"2020-10-15T11:42:48","date_gmt":"2020-10-15T11:42:48","guid":{"rendered":"https:\/\/www.meydan.tv\/article\/cernobil-elilinin-ailesi-qohumlarin-evine-siginmisiq\/"},"modified":"2020-10-15T11:42:48","modified_gmt":"2020-10-15T11:42:48","slug":"cernobil-elilinin-ailesi-qohumlarin-evine-siginmisiq","status":"publish","type":"post","link":"https:\/\/www.meydan.tv\/az\/article\/cernobil-elilinin-ailesi-qohumlarin-evine-siginmisiq\/","title":{"rendered":"\u00c7ernob\u0131l \u0259lilinin ail\u0259si: Qohumlar\u0131n evin\u0259 s\u0131\u011f\u0131nm\u0131\u015f\u0131q"},"content":{"rendered":"<p>\n  <i><br \/>\n    \u201cAz qala 30 ildir ev n\u00f6vb\u0259si g\u00f6zl\u0259yirik\u201d<br \/>\n  <\/i>\n<\/p>\n<p>\n  A\u011fstafa rayonunun A\u015fa\u011f\u0131 K\u0259s\u0259m\u0259n k\u0259nd sakini C\u0259lil Mustafayev sa\u011flaml\u0131\u011f\u0131n\u0131 1986-c\u0131 ild\u0259 \u00c7ernob\u0131l Atom Elektrik Stansiyas\u0131nda partlay\u0131\u015fdan sonra itirib. \u0130ndi \u00c7ernob\u0131l \u0259lilinin ya\u015fama\u011fa yeri yoxdur.\n<\/p>\n<p>\n  <b><br \/>\n    \u201cGec\u0259 yata bilmir, sanki bo\u011fulur\u201d<br \/>\n  <\/b>\n<\/p>\n<p>\n  C\u0259lil Mustafayev h\u0259rbi xidm\u0259ti h\u0259min \u0259razid\u0259 ke\u00e7ib. \u018fsg\u0259r kimi partlay\u0131\u015f\u0131n n\u0259tic\u0259l\u0259rinin aradan qald\u0131r\u0131lmas\u0131nda i\u015ftirak edib. Ciddi \u015f\u00fcalanma dozas\u0131 al\u0131b. \u00c7ernob\u0131l \u0259lilinin h\u0259yat yolda\u015f\u0131 Xatir\u0259 Mustafayeva dan\u0131\u015f\u0131r ki, birlikd\u0259 ya\u015fad\u0131qlar\u0131 30 il \u0259rzind\u0259 \u0259rinin x\u0259st\u0259likd\u0259n \u0259ziyy\u0259t \u00e7\u0259kdiyini g\u00f6r\u00fcb:\n<\/p>\n<p>\n  \u201cBiz 1990-c\u0131 ilin sentyabr\u0131nda evl\u0259ndik. Zamanla \u00e7ox i\u00e7m\u0259y\u0259 ba\u015flad\u0131. Deyirdi ki, h\u0259l\u0259 \u00c7ernob\u0131lda bel\u0259 m\u0259sl\u0259h\u0259t g\u00f6r\u00fcbl\u0259r. Bir n\u00f6v \u015f\u00fcalanman\u0131n qar\u015f\u0131s\u0131n\u0131 almaq m\u0259qs\u0259di il\u0259 deyibl\u0259r. Evliliyin ilk ill\u0259rind\u0259n probleml\u0259r \u00f6z\u00fcn\u00fc g\u00f6st\u0259rdi. Tez-tez t\u0259zyiqi a\u015fa\u011f\u0131 d\u00fc\u015f\u00fcr, \u00fcr\u0259ktutmas\u0131 olur, gec\u0259 yata bilmir, sanki bo\u011fulur. M\u0259n onu gec\u0259 oyatmasam, az qal\u0131r ki, bo\u011fulsun. Ya\u015f artd\u0131qca v\u0259ziyy\u0259ti lap pisl\u0259\u015fir. Bu d\u0259qiq\u0259 \u0259ll\u0259rinin qab\u0131\u011f\u0131 t\u00f6k\u00fcl\u00fcr\u201d.\n<\/p>\n<p>\n  C\u0259lil Mustafayev iki d\u0259f\u0259 infarkt ke\u00e7irib. \u00dcr\u0259yind\u0259ki probleml\u0259rl\u0259 \u0259laq\u0259dar iki d\u0259f\u0259 G\u0259nc\u0259 x\u0259st\u0259xanas\u0131nda yat\u0131b. Xatir\u0259 Mustafayeva h\u0259yat yolda\u015f\u0131n\u0131n daim qay\u011f\u0131ya ehtiyac\u0131 oldu\u011funu deyir: \u201cOnu m\u0259n idar\u0259 el\u0259yir\u0259m. \u00d6z\u00fc dili il\u0259 deyir ki, m\u0259ni t\u0259k qoyub getm\u0259. \u00c7\u00fcnki sa\u011flaml\u0131\u011f\u0131 il\u0259 ba\u011fl\u0131 problemi \u00e7oxdur, h\u0259mi\u015f\u0259 yan\u0131nda adam olmal\u0131d\u0131r. Yeddinci sinifd\u0259 oxuyan o\u011flumu yan\u0131m\u0131zda yat\u0131rd\u0131r\u0131q ki, gec\u0259 bo\u011fulmas\u0131 olanda tez aya\u011fa qalxs\u0131n. \u00c7\u00fcnki m\u0259n b\u0259z\u0259n gec\u0259 yor\u011funluqdan vaxt\u0131nda oyana bilmir\u0259m\u201d.\n<\/p>\n<p>\n  <b><br \/>\n    \u201c\u0130cra hakimiyy\u0259ti bizi ba\u015f\u0131ndan el\u0259yir\u201d<br \/>\n  <\/b>\n<\/p>\n<p>\n  Ail\u0259 C\u0259lil Mustafayevin do\u011fuldu\u011fu A\u011fstafada ya\u015fay\u0131rm\u0131\u015f. Sonra m\u00fcalic\u0259 x\u0259rcl\u0259ri \u00fc\u00e7\u00fcn evi satmal\u0131 olublar. Bundan sonra Xatir\u0259 xan\u0131m\u0131n G\u0259nc\u0259d\u0259ki qohumlar\u0131n\u0131n evin\u0259 s\u0131\u011f\u0131nmaq m\u0259cburiyy\u0259tind\u0259 qal\u0131blar: \u201cM\u0259n G\u0259nc\u0259d\u0259 do\u011fulmu\u015fam. 2005-ci ild\u0259 h\u0259yat yolda\u015f\u0131m serroz oldu. Qaraciy\u0259rini t\u0259cili m\u00fcalic\u0259 el\u0259tdirm\u0259li olduq. Evi d\u0259 buna g\u00f6r\u0259 satd\u0131q. G\u0259nc\u0259y\u0259 g\u0259ldik. He\u00e7 kim ist\u0259m\u0259z ki, qohumun evind\u0259 ya\u015fas\u0131n, adamlara \u0259ziyy\u0259t versin\u201d.\n<\/p>\n<p>\n  Xatir\u0259 xan\u0131m deyir ki, A\u011fstafada ev n\u00f6vb\u0259sin\u0259 1995-ci ild\u0259n yaz\u0131l\u0131blar. 2007-ci ild\u0259 Mustafayevl\u0259r ail\u0259sinin n\u00f6vb\u0259si \u00e7at\u0131b, amma binada m\u0259nzil ala bilm\u0259yibl\u0259r:\n<\/p>\n<p>\n  \u201c\u00c7ox sevinmi\u015fdik. Biz\u0259 ev verm\u0259dil\u0259r. El\u0259 sars\u0131ld\u0131q ki&#8230; D\u00fc\u015f\u00fcn\u00fcr\u0259m, m\u00fc\u0259yy\u0259n q\u0259d\u0259r pul vers\u0259ydik, ev \u0259ld\u0259 el\u0259y\u0259 bil\u0259c\u0259kdik. M\u0259n \u0259limi yana salmam\u0131\u015fam. Prezident\u0259 d\u0259f\u0259l\u0259rl\u0259 yazm\u0131\u015fam. M\u0259ktub h\u0259r d\u0259f\u0259 icra hakimiyy\u0259tin\u0259 y\u00f6n\u0259ldilir ki, problemi h\u0259ll el\u0259sinl\u0259r. Amma bizi ba\u015f\u0131ndan el\u0259yirl\u0259r. H\u0259l\u0259 ke\u00e7mi\u015f icra ba\u015f\u00e7\u0131s\u0131n\u0131n vaxt\u0131nda n\u0259 q\u0259d\u0259r getmi\u015f\u0259m ora. Yeni icra ba\u015f\u00e7\u0131s\u0131 g\u0259lib \u2013 Seymur Orucov. A\u00e7\u0131q m\u0259ktub yazd\u0131m ona. Cavab g\u0259ldi ki, g\u00f6zl\u0259m\u0259lisiz. Az qala 30 ildir g\u00f6zl\u0259yirik\u201d. Xatir\u0259 Mustafayeva ax\u0131r\u0131nc\u0131 d\u0259f\u0259 Heyd\u0259r \u018fliyev Fondunun r\u0259hb\u0259ri Mehriban \u018fliyevaya m\u00fcraci\u0259t edib. M\u0259s\u0259l\u0259nin h\u0259lli yen\u0259 A\u011fstafa Rayon \u0130cra Hakimiyy\u0259tin\u0259 y\u00f6n\u0259ldilib. \u201cOradan dedil\u0259r ki, \u018fm\u0259k v\u0259 \u018fhalinin Sosial M\u00fcdafi\u0259si Nazirliyin\u0259 m\u00fcraci\u0259t el\u0259yin. Ora da yazm\u0131\u015fam. Onlar da icra hakimiyy\u0259tinin \u00fcst\u00fcn\u0259 g\u00f6nd\u0259rir. Biz ortal\u0131qda qalm\u0131\u015f\u0131q\u201d. \u201cQ\u0131z\u0131m\u0131n h\u0259yat yolda\u015f\u0131 u\u015faq x\u0259st\u0259 oldu\u011funa g\u00f6r\u0259 ayr\u0131ld\u0131\u201d\n<\/p>\n<figure class=\"wp-block-image size-large\">\n  <img decoding=\"async\" src=\"https:\/\/www.meydan.tv\/az\/image_from_ios-4-jpg-163\/\" alt=\"image_from_ios (4).jpg\" class=\"wp-image-149534\"\/><figcaption>\n    A\u011fstafa R\u0130H-nin cavab\u0131<br \/>\n  <\/figcaption><\/figure>\n<p>\n  Xatir\u0259 Mustafayeva h\u0259yat yolda\u015f\u0131 v\u0259 yeniyetm\u0259 o\u011flundan ba\u015fqa daha iki n\u0259f\u0259rin qay\u011f\u0131s\u0131na qalmal\u0131 olur. Ail\u0259nin q\u0131z \u00f6vlad\u0131 h\u0259yat yolda\u015f\u0131ndan ayr\u0131landan sonra anadang\u0259lm\u0259 onur\u011fa \u0259yriliyind\u0259n \u0259ziyy\u0259t \u00e7\u0259k\u0259n u\u015fa\u011f\u0131 il\u0259 valideynl\u0259rin\u0259 s\u0131\u011f\u0131n\u0131b: \u201c\u00dc\u00e7\u00fcnc\u00fc sinifd\u0259 oxuyur. \u00dcmumilikd\u0259 \u00fc\u00e7 x\u0259st\u0259liyi var. O u\u015fa\u011f\u0131 da m\u00fcalic\u0259 el\u0259tdirm\u0259y\u0259 \u00e7al\u0131\u015f\u0131r\u0131q. Q\u0131z\u0131m ayr\u0131l\u0131b g\u0259l\u0259nd\u0259n sonra bir il sosial yard\u0131m ala bildi. Sonra k\u0259sdil\u0259r. \u00dc\u00e7 ildir b\u0259rpa el\u0259tdir\u0259 bilmirik. Dedil\u0259r ki, q\u0131z\u0131n kiray\u0259 qalsa, veril\u0259 bil\u0259r. Biz ona hans\u0131 g\u00fccl\u0259 kiray\u0259 ev tuta bil\u0259rik? H\u0259m d\u0259 kiray\u0259 qal\u0131b yard\u0131m alma\u011f\u0131n n\u0259 m\u0259nas\u0131 var?\u201d\n<\/p>\n<p>\n  C\u0259lil Mustafayev prezident yard\u0131m\u0131n\u0131 da n\u0259z\u0259r\u0259 alsaq, ayda c\u0259mi 475 manat al\u0131r. \u00c7ernob\u0131l \u0259lilinin q\u0131z\u0131 h\u0259rd\u0259n g\u00fcn\u00fc 10 manata qab yuyur. Pandemiya d\u00f6vr\u00fcnd\u0259 bu i\u015f d\u0259 \u0259ld\u0259n \u00e7\u0131x\u0131b.\n<\/p>\n<p>\n  \u201cO\u011flumun g\u0259l\u0259c\u0259yini fikirl\u0259\u015f\u0259 bilmirik. \u0130st\u0259y\u0259rdik ki, yax\u015f\u0131 t\u0259hsil als\u0131n. Q\u0131z\u0131m\u0131n h\u0259yat yolda\u015f\u0131 u\u015faq x\u0259st\u0259 oldu\u011funa g\u00f6r\u0259 ayr\u0131ld\u0131. O u\u015fa\u011fa da x\u00fcsusi qay\u011f\u0131 laz\u0131md\u0131r. \u0130ndi y\u00fck\u00fcm\u00fcz \u00e7oxdu. \u00d6z\u00fcn\u00fcz d\u00fc\u015f\u00fcn\u00fcn, h\u0259min 475 manat bu boyda k\u00fclf\u0259ti t\u0259min el\u0259y\u0259 bil\u0259rmi?\u201d \u2013 Xatir\u0259 Mustafayeva soru\u015fur.\n<\/p>\n<p>\n  Ail\u0259 bir ne\u00e7\u0259 ay \u0259vv\u0259l Heyd\u0259r \u018fliyev Fondundan \u0259rzaq yard\u0131m\u0131 ala bilib. Amma C\u0259lil Mustafayevin pensiyas\u0131na g\u00f6r\u0259 190 manat yard\u0131m\u0131 ala bilm\u0259yibl\u0259r.\n<\/p>\n<p>\n  \u201cS\u00fcp\u00fcrg\u0259\u00e7i i\u015fi tapm\u0131\u015fd\u0131m. \u00dc\u00e7 g\u00fcn i\u015fl\u0259dim, h\u0259yat yolda\u015f\u0131m\u0131n hal\u0131 pisl\u0259\u015fdi dey\u0259, davam el\u0259tdir\u0259 bilm\u0259dim. El\u0259 o g\u00fcnd\u0259n sonra q\u0131z\u0131m orda-burda qab yuma\u011fa ba\u015flad\u0131. Ba\u015fqa \u00e7ar\u0259miz qalmad\u0131\u201d, &#8211; Xatir\u0259 Mustafayeva \u00e7ar\u0259siz g\u00f6r\u00fcn\u00fcr.\n<\/p>\n<p>\n  <b><br \/>\n    \u0130cra hakimiyy\u0259ti n\u0259 deyir?<br \/>\n  <\/b>\n<\/p>\n<p>\n  A\u011fstafa Rayon \u0130cra Hakimiyy\u0259ti ba\u015f\u00e7\u0131s\u0131n\u0131n ke\u00e7mi\u015f birinci m\u00fcavini Ramiz Tatarov \u00f6t\u0259n il C.Mustafayevin m\u00fcraci\u0259tin\u0259 cavab m\u0259ktubunda yaz\u0131b ki, m\u0259nzill\u0259rin b\u00f6l\u00fc\u015fd\u00fcr\u00fclm\u0259si \u018fm\u0259k v\u0259 \u018fhalinin Sosial M\u00fcdafi\u0259si Nazirliyinin yaratd\u0131\u011f\u0131 komissiyan\u0131n q\u0259rar\u0131 \u0259sas\u0131nda h\u0259yata ke\u00e7irilir: \u201cSizin m\u0259nzil-m\u0259i\u015f\u0259t \u015f\u0259raitinizin yax\u015f\u0131la\u015fd\u0131r\u0131lmas\u0131 m\u0259s\u0259l\u0259sin\u0259 n\u00f6vb\u0259lilik qaydas\u0131nda bax\u0131lacaq\u201d.\n<\/p>\n<p>\n  \u0130cra ba\u015f\u00e7\u0131s\u0131n\u0131n haz\u0131rk\u0131 m\u00fcavini, Sosial-iqtisadi inki\u015faf\u0131n t\u0259hlili v\u0259 proqnozla\u015fd\u0131r\u0131lmas\u0131 \u015f\u00f6b\u0259sinin m\u00fcdiri K\u0259nan \u0130brahimov is\u0259 bug\u00fcnl\u0259rd\u0259 C\u0259lilovlara yaz\u0131l\u0131 \u015f\u0259kild\u0259 bildirib ki, \u201cA\u015fa\u011f\u0131 K\u0259s\u0259m\u0259n b\u0259l\u0259diyy\u0259sinin perspektiv inki\u015faf plan\u0131nda h\u0259y\u0259tyan\u0131 m\u0259qs\u0259dil\u0259 asud\u0259 torpaq sah\u0259si yoxdur\u201d.\n<\/p>\n<p>\n  \u018fm\u0259k v\u0259 \u018fhalinin Sosial M\u00fcdafi\u0259si Nazirliyind\u0259n Meydan TV-y\u0259 deyibl\u0259r ki, v\u0259t\u0259nda\u015f yaz\u0131l\u0131 \u015f\u0259kild\u0259 m\u00fcraci\u0259t ed\u0259rs\u0259, problem ara\u015fd\u0131r\u0131lar.\n<\/p>\n<figure class=\"wp-block-image size-large\">\n  <img decoding=\"async\" src=\"https:\/\/www.meydan.tv\/az\/image_from_ios-3-jpg-140\/\" alt=\"image_from_ios (3).jpg\" class=\"wp-image-149537\"\/><figcaption>\n    \u0130cra ba\u015f\u00e7\u0131s\u0131n\u0131n m\u00fcavini Ramiz Tatarovun (haz\u0131rda h\u0259bsd\u0259dir) cavab m\u0259ktubu<br \/>\n  <\/figcaption><\/figure>\n","protected":false},"excerpt":{"rendered":"<p>C\u0259lil Mustafayev iki d\u0259f\u0259 infarkt ke\u00e7irib.<\/p>\n","protected":false},"author":11,"featured_media":149531,"comment_status":"closed","ping_status":"open","sticky":false,"template":"","format":"standard","meta":{"_acf_changed":false,"_sitemap_exclude":false,"_sitemap_priority":"","_sitemap_frequency":"","footnotes":""},"categories":[60],"tags":[],"class_list":["post-203012","post","type-post","status-publish","format-standard","has-post-thumbnail","hentry","category-bolge","infinite-scroll-item","generate-columns","tablet-grid-50","mobile-grid-100","grid-parent","grid-33","no-featured-image-padding"],"acf":[],"yoast_head":"<!-- This site is optimized with the Yoast SEO plugin v27.5 - https:\/\/yoast.com\/product\/yoast-seo-wordpress\/ -->\n<title>\u00c7ernob\u0131l \u0259lilinin ail\u0259si: Qohumlar\u0131n evin\u0259 s\u0131\u011f\u0131nm\u0131\u015f\u0131q - MEYDAN.TV<\/title>\n<meta name=\"robots\" content=\"index, follow, max-snippet:-1, max-image-preview:large, max-video-preview:-1\" \/>\n<link rel=\"canonical\" href=\"https:\/\/www.meydan.tv\/az\/article\/cernobil-elilinin-ailesi-qohumlarin-evine-siginmisiq\/\" \/>\n<meta property=\"og:locale\" content=\"az_AZ\" \/>\n<meta property=\"og:type\" content=\"article\" \/>\n<meta property=\"og:title\" content=\"\u00c7ernob\u0131l \u0259lilinin ail\u0259si: Qohumlar\u0131n evin\u0259 s\u0131\u011f\u0131nm\u0131\u015f\u0131q - MEYDAN.TV\" \/>\n<meta property=\"og:description\" content=\"C\u0259lil Mustafayev iki d\u0259f\u0259 infarkt ke\u00e7irib.\" \/>\n<meta property=\"og:url\" content=\"https:\/\/www.meydan.tv\/az\/article\/cernobil-elilinin-ailesi-qohumlarin-evine-siginmisiq\/\" \/>\n<meta property=\"og:site_name\" content=\"MEYDAN.TV\" \/>\n<meta property=\"article:published_time\" content=\"2020-10-15T11:42:48+00:00\" \/>\n<meta property=\"og:image\" content=\"https:\/\/www.meydan.tv\/wp-content\/uploads\/untitled_design_pn8vug1.jpg\" \/>\n\t<meta property=\"og:image:width\" content=\"920\" \/>\n\t<meta property=\"og:image:height\" content=\"517\" \/>\n\t<meta property=\"og:image:type\" content=\"image\/jpeg\" \/>\n<meta name=\"author\" content=\"user-manager\" \/>\n<meta name=\"twitter:card\" content=\"summary_large_image\" \/>\n<script type=\"application\/ld+json\" class=\"yoast-schema-graph\">{\"@context\":\"https:\\\/\\\/schema.org\",\"@graph\":[{\"@type\":\"Article\",\"@id\":\"https:\\\/\\\/www.meydan.tv\\\/az\\\/article\\\/cernobil-elilinin-ailesi-qohumlarin-evine-siginmisiq\\\/#article\",\"isPartOf\":{\"@id\":\"https:\\\/\\\/www.meydan.tv\\\/az\\\/article\\\/cernobil-elilinin-ailesi-qohumlarin-evine-siginmisiq\\\/\"},\"author\":{\"name\":\"user-manager\",\"@id\":\"https:\\\/\\\/www.meydan.tv\\\/az\\\/#\\\/schema\\\/person\\\/10d11eccf6da3662cf5fdab9806ea91a\"},\"headline\":\"\u00c7ernob\u0131l \u0259lilinin ail\u0259si: Qohumlar\u0131n evin\u0259 s\u0131\u011f\u0131nm\u0131\u015f\u0131q\",\"datePublished\":\"2020-10-15T11:42:48+00:00\",\"mainEntityOfPage\":{\"@id\":\"https:\\\/\\\/www.meydan.tv\\\/az\\\/article\\\/cernobil-elilinin-ailesi-qohumlarin-evine-siginmisiq\\\/\"},\"wordCount\":1232,\"publisher\":{\"@id\":\"https:\\\/\\\/www.meydan.tv\\\/az\\\/#organization\"},\"image\":{\"@id\":\"https:\\\/\\\/www.meydan.tv\\\/az\\\/article\\\/cernobil-elilinin-ailesi-qohumlarin-evine-siginmisiq\\\/#primaryimage\"},\"thumbnailUrl\":\"https:\\\/\\\/www.meydan.tv\\\/wp-content\\\/uploads\\\/untitled_design_pn8vug1.jpg\",\"articleSection\":[\"B\u00f6lg\u0259\"],\"inLanguage\":\"az\"},{\"@type\":\"WebPage\",\"@id\":\"https:\\\/\\\/www.meydan.tv\\\/az\\\/article\\\/cernobil-elilinin-ailesi-qohumlarin-evine-siginmisiq\\\/\",\"url\":\"https:\\\/\\\/www.meydan.tv\\\/az\\\/article\\\/cernobil-elilinin-ailesi-qohumlarin-evine-siginmisiq\\\/\",\"name\":\"\u00c7ernob\u0131l \u0259lilinin ail\u0259si: Qohumlar\u0131n evin\u0259 s\u0131\u011f\u0131nm\u0131\u015f\u0131q - MEYDAN.TV\",\"isPartOf\":{\"@id\":\"https:\\\/\\\/www.meydan.tv\\\/az\\\/#website\"},\"primaryImageOfPage\":{\"@id\":\"https:\\\/\\\/www.meydan.tv\\\/az\\\/article\\\/cernobil-elilinin-ailesi-qohumlarin-evine-siginmisiq\\\/#primaryimage\"},\"image\":{\"@id\":\"https:\\\/\\\/www.meydan.tv\\\/az\\\/article\\\/cernobil-elilinin-ailesi-qohumlarin-evine-siginmisiq\\\/#primaryimage\"},\"thumbnailUrl\":\"https:\\\/\\\/www.meydan.tv\\\/wp-content\\\/uploads\\\/untitled_design_pn8vug1.jpg\",\"datePublished\":\"2020-10-15T11:42:48+00:00\",\"breadcrumb\":{\"@id\":\"https:\\\/\\\/www.meydan.tv\\\/az\\\/article\\\/cernobil-elilinin-ailesi-qohumlarin-evine-siginmisiq\\\/#breadcrumb\"},\"inLanguage\":\"az\",\"potentialAction\":[{\"@type\":\"ReadAction\",\"target\":[\"https:\\\/\\\/www.meydan.tv\\\/az\\\/article\\\/cernobil-elilinin-ailesi-qohumlarin-evine-siginmisiq\\\/\"]}]},{\"@type\":\"ImageObject\",\"inLanguage\":\"az\",\"@id\":\"https:\\\/\\\/www.meydan.tv\\\/az\\\/article\\\/cernobil-elilinin-ailesi-qohumlarin-evine-siginmisiq\\\/#primaryimage\",\"url\":\"https:\\\/\\\/www.meydan.tv\\\/wp-content\\\/uploads\\\/untitled_design_pn8vug1.jpg\",\"contentUrl\":\"https:\\\/\\\/www.meydan.tv\\\/wp-content\\\/uploads\\\/untitled_design_pn8vug1.jpg\",\"width\":920,\"height\":517,\"caption\":\"Source: Meydan TV\"},{\"@type\":\"BreadcrumbList\",\"@id\":\"https:\\\/\\\/www.meydan.tv\\\/az\\\/article\\\/cernobil-elilinin-ailesi-qohumlarin-evine-siginmisiq\\\/#breadcrumb\",\"itemListElement\":[{\"@type\":\"ListItem\",\"position\":1,\"name\":\"Ana s\u0259hif\u0259\",\"item\":\"https:\\\/\\\/www.meydan.tv\\\/az\\\/\"},{\"@type\":\"ListItem\",\"position\":2,\"name\":\"B\u00f6lg\u0259\",\"item\":\"https:\\\/\\\/www.meydan.tv\\\/az\\\/section\\\/bolge\\\/\"},{\"@type\":\"ListItem\",\"position\":3,\"name\":\"\u00c7ernob\u0131l \u0259lilinin ail\u0259si: Qohumlar\u0131n evin\u0259 s\u0131\u011f\u0131nm\u0131\u015f\u0131q\"}]},{\"@type\":\"WebSite\",\"@id\":\"https:\\\/\\\/www.meydan.tv\\\/az\\\/#website\",\"url\":\"https:\\\/\\\/www.meydan.tv\\\/az\\\/\",\"name\":\"MEYDAN.TV\",\"description\":\"Meydan TV Az\u0259rbaycan\u0131n media m\u0259kan\u0131ndak\u0131 alternativ s\u0259sidir\",\"publisher\":{\"@id\":\"https:\\\/\\\/www.meydan.tv\\\/az\\\/#organization\"},\"potentialAction\":[{\"@type\":\"SearchAction\",\"target\":{\"@type\":\"EntryPoint\",\"urlTemplate\":\"https:\\\/\\\/www.meydan.tv\\\/az\\\/?s={search_term_string}\"},\"query-input\":{\"@type\":\"PropertyValueSpecification\",\"valueRequired\":true,\"valueName\":\"search_term_string\"}}],\"inLanguage\":\"az\"},{\"@type\":\"Organization\",\"@id\":\"https:\\\/\\\/www.meydan.tv\\\/az\\\/#organization\",\"name\":\"Meydan TV\",\"url\":\"https:\\\/\\\/www.meydan.tv\\\/az\\\/\",\"logo\":{\"@type\":\"ImageObject\",\"inLanguage\":\"az\",\"@id\":\"https:\\\/\\\/www.meydan.tv\\\/az\\\/#\\\/schema\\\/logo\\\/image\\\/\",\"url\":\"https:\\\/\\\/www.meydan.tv\\\/wp-content\\\/uploads\\\/2021\\\/07\\\/meydan-logo.svg\",\"contentUrl\":\"https:\\\/\\\/www.meydan.tv\\\/wp-content\\\/uploads\\\/2021\\\/07\\\/meydan-logo.svg\",\"width\":195,\"height\":46,\"caption\":\"Meydan TV\"},\"image\":{\"@id\":\"https:\\\/\\\/www.meydan.tv\\\/az\\\/#\\\/schema\\\/logo\\\/image\\\/\"}},{\"@type\":\"Person\",\"@id\":\"https:\\\/\\\/www.meydan.tv\\\/az\\\/#\\\/schema\\\/person\\\/10d11eccf6da3662cf5fdab9806ea91a\",\"name\":\"user-manager\"}]}<\/script>\n<!-- \/ Yoast SEO plugin. -->","yoast_head_json":{"title":"\u00c7ernob\u0131l \u0259lilinin ail\u0259si: Qohumlar\u0131n evin\u0259 s\u0131\u011f\u0131nm\u0131\u015f\u0131q - MEYDAN.TV","robots":{"index":"index","follow":"follow","max-snippet":"max-snippet:-1","max-image-preview":"max-image-preview:large","max-video-preview":"max-video-preview:-1"},"canonical":"https:\/\/www.meydan.tv\/az\/article\/cernobil-elilinin-ailesi-qohumlarin-evine-siginmisiq\/","og_locale":"az_AZ","og_type":"article","og_title":"\u00c7ernob\u0131l \u0259lilinin ail\u0259si: Qohumlar\u0131n evin\u0259 s\u0131\u011f\u0131nm\u0131\u015f\u0131q - MEYDAN.TV","og_description":"C\u0259lil Mustafayev iki d\u0259f\u0259 infarkt ke\u00e7irib.","og_url":"https:\/\/www.meydan.tv\/az\/article\/cernobil-elilinin-ailesi-qohumlarin-evine-siginmisiq\/","og_site_name":"MEYDAN.TV","article_published_time":"2020-10-15T11:42:48+00:00","og_image":[{"width":920,"height":517,"url":"https:\/\/www.meydan.tv\/wp-content\/uploads\/untitled_design_pn8vug1.jpg","type":"image\/jpeg"}],"author":"user-manager","twitter_card":"summary_large_image","schema":{"@context":"https:\/\/schema.org","@graph":[{"@type":"Article","@id":"https:\/\/www.meydan.tv\/az\/article\/cernobil-elilinin-ailesi-qohumlarin-evine-siginmisiq\/#article","isPartOf":{"@id":"https:\/\/www.meydan.tv\/az\/article\/cernobil-elilinin-ailesi-qohumlarin-evine-siginmisiq\/"},"author":{"name":"user-manager","@id":"https:\/\/www.meydan.tv\/az\/#\/schema\/person\/10d11eccf6da3662cf5fdab9806ea91a"},"headline":"\u00c7ernob\u0131l \u0259lilinin ail\u0259si: Qohumlar\u0131n evin\u0259 s\u0131\u011f\u0131nm\u0131\u015f\u0131q","datePublished":"2020-10-15T11:42:48+00:00","mainEntityOfPage":{"@id":"https:\/\/www.meydan.tv\/az\/article\/cernobil-elilinin-ailesi-qohumlarin-evine-siginmisiq\/"},"wordCount":1232,"publisher":{"@id":"https:\/\/www.meydan.tv\/az\/#organization"},"image":{"@id":"https:\/\/www.meydan.tv\/az\/article\/cernobil-elilinin-ailesi-qohumlarin-evine-siginmisiq\/#primaryimage"},"thumbnailUrl":"https:\/\/www.meydan.tv\/wp-content\/uploads\/untitled_design_pn8vug1.jpg","articleSection":["B\u00f6lg\u0259"],"inLanguage":"az"},{"@type":"WebPage","@id":"https:\/\/www.meydan.tv\/az\/article\/cernobil-elilinin-ailesi-qohumlarin-evine-siginmisiq\/","url":"https:\/\/www.meydan.tv\/az\/article\/cernobil-elilinin-ailesi-qohumlarin-evine-siginmisiq\/","name":"\u00c7ernob\u0131l \u0259lilinin ail\u0259si: Qohumlar\u0131n evin\u0259 s\u0131\u011f\u0131nm\u0131\u015f\u0131q - MEYDAN.TV","isPartOf":{"@id":"https:\/\/www.meydan.tv\/az\/#website"},"primaryImageOfPage":{"@id":"https:\/\/www.meydan.tv\/az\/article\/cernobil-elilinin-ailesi-qohumlarin-evine-siginmisiq\/#primaryimage"},"image":{"@id":"https:\/\/www.meydan.tv\/az\/article\/cernobil-elilinin-ailesi-qohumlarin-evine-siginmisiq\/#primaryimage"},"thumbnailUrl":"https:\/\/www.meydan.tv\/wp-content\/uploads\/untitled_design_pn8vug1.jpg","datePublished":"2020-10-15T11:42:48+00:00","breadcrumb":{"@id":"https:\/\/www.meydan.tv\/az\/article\/cernobil-elilinin-ailesi-qohumlarin-evine-siginmisiq\/#breadcrumb"},"inLanguage":"az","potentialAction":[{"@type":"ReadAction","target":["https:\/\/www.meydan.tv\/az\/article\/cernobil-elilinin-ailesi-qohumlarin-evine-siginmisiq\/"]}]},{"@type":"ImageObject","inLanguage":"az","@id":"https:\/\/www.meydan.tv\/az\/article\/cernobil-elilinin-ailesi-qohumlarin-evine-siginmisiq\/#primaryimage","url":"https:\/\/www.meydan.tv\/wp-content\/uploads\/untitled_design_pn8vug1.jpg","contentUrl":"https:\/\/www.meydan.tv\/wp-content\/uploads\/untitled_design_pn8vug1.jpg","width":920,"height":517,"caption":"Source: Meydan TV"},{"@type":"BreadcrumbList","@id":"https:\/\/www.meydan.tv\/az\/article\/cernobil-elilinin-ailesi-qohumlarin-evine-siginmisiq\/#breadcrumb","itemListElement":[{"@type":"ListItem","position":1,"name":"Ana s\u0259hif\u0259","item":"https:\/\/www.meydan.tv\/az\/"},{"@type":"ListItem","position":2,"name":"B\u00f6lg\u0259","item":"https:\/\/www.meydan.tv\/az\/section\/bolge\/"},{"@type":"ListItem","position":3,"name":"\u00c7ernob\u0131l \u0259lilinin ail\u0259si: Qohumlar\u0131n evin\u0259 s\u0131\u011f\u0131nm\u0131\u015f\u0131q"}]},{"@type":"WebSite","@id":"https:\/\/www.meydan.tv\/az\/#website","url":"https:\/\/www.meydan.tv\/az\/","name":"MEYDAN.TV","description":"Meydan TV Az\u0259rbaycan\u0131n media m\u0259kan\u0131ndak\u0131 alternativ s\u0259sidir","publisher":{"@id":"https:\/\/www.meydan.tv\/az\/#organization"},"potentialAction":[{"@type":"SearchAction","target":{"@type":"EntryPoint","urlTemplate":"https:\/\/www.meydan.tv\/az\/?s={search_term_string}"},"query-input":{"@type":"PropertyValueSpecification","valueRequired":true,"valueName":"search_term_string"}}],"inLanguage":"az"},{"@type":"Organization","@id":"https:\/\/www.meydan.tv\/az\/#organization","name":"Meydan TV","url":"https:\/\/www.meydan.tv\/az\/","logo":{"@type":"ImageObject","inLanguage":"az","@id":"https:\/\/www.meydan.tv\/az\/#\/schema\/logo\/image\/","url":"https:\/\/www.meydan.tv\/wp-content\/uploads\/2021\/07\/meydan-logo.svg","contentUrl":"https:\/\/www.meydan.tv\/wp-content\/uploads\/2021\/07\/meydan-logo.svg","width":195,"height":46,"caption":"Meydan TV"},"image":{"@id":"https:\/\/www.meydan.tv\/az\/#\/schema\/logo\/image\/"}},{"@type":"Person","@id":"https:\/\/www.meydan.tv\/az\/#\/schema\/person\/10d11eccf6da3662cf5fdab9806ea91a","name":"user-manager"}]}},"_links":{"self":[{"href":"https:\/\/www.meydan.tv\/az\/wp-json\/wp\/v2\/posts\/203012","targetHints":{"allow":["GET"]}}],"collection":[{"href":"https:\/\/www.meydan.tv\/az\/wp-json\/wp\/v2\/posts"}],"about":[{"href":"https:\/\/www.meydan.tv\/az\/wp-json\/wp\/v2\/types\/post"}],"author":[{"embeddable":true,"href":"https:\/\/www.meydan.tv\/az\/wp-json\/wp\/v2\/users\/11"}],"replies":[{"embeddable":true,"href":"https:\/\/www.meydan.tv\/az\/wp-json\/wp\/v2\/comments?post=203012"}],"version-history":[{"count":0,"href":"https:\/\/www.meydan.tv\/az\/wp-json\/wp\/v2\/posts\/203012\/revisions"}],"wp:featuredmedia":[{"embeddable":true,"href":"https:\/\/www.meydan.tv\/az\/wp-json\/wp\/v2\/media\/149531"}],"wp:attachment":[{"href":"https:\/\/www.meydan.tv\/az\/wp-json\/wp\/v2\/media?parent=203012"}],"wp:term":[{"taxonomy":"category","embeddable":true,"href":"https:\/\/www.meydan.tv\/az\/wp-json\/wp\/v2\/categories?post=203012"},{"taxonomy":"post_tag","embeddable":true,"href":"https:\/\/www.meydan.tv\/az\/wp-json\/wp\/v2\/tags?post=203012"}],"curies":[{"name":"wp","href":"https:\/\/api.w.org\/{rel}","templated":true}]}}