{"id":202991,"date":"2020-10-14T13:38:17","date_gmt":"2020-10-14T13:38:17","guid":{"rendered":"https:\/\/www.meydan.tv\/article\/siyasi-serhci-lavrovun-aciqlamasinda-tehlukeli-meqam-var\/"},"modified":"2020-10-14T13:38:17","modified_gmt":"2020-10-14T13:38:17","slug":"siyasi-serhci-lavrovun-aciqlamasinda-tehlukeli-meqam-var","status":"publish","type":"post","link":"https:\/\/www.meydan.tv\/az\/article\/siyasi-serhci-lavrovun-aciqlamasinda-tehlukeli-meqam-var\/","title":{"rendered":"Siyasi \u015f\u0259rh\u00e7i: Lavrovun a\u00e7\u0131qlamas\u0131nda t\u0259hl\u00fck\u0259li m\u0259qam var"},"content":{"rendered":"<p>\n  <i><br \/>\n    \u201cFaktiki olaraq, Rusiya Az\u0259rbaycan \u0259razisind\u0259 \u00f6z\u00fcn\u00fcn h\u0259rbi t\u0259msil\u00e7iliyini t\u0259klif edir\u201d<br \/>\n  <\/i>\n<\/p>\n<p>\n  Rusiyan\u0131n Xarici i\u015fl\u0259r naziri Sergey Lavrov Qaraba\u011f m\u00fcnaqi\u015f\u0259nin h\u0259llini nec\u0259 g\u00f6rd\u00fcy\u00fc bar\u0259d\u0259 dan\u0131\u015f\u0131b.\n<\/p>\n<p>\n  Nazir ke\u00e7irdiyi m\u0259tbuat konfrans\u0131nda bildirib ki, Qaraba\u011fda m\u00fcnaqi\u015f\u0259nin siyasi h\u0259lli m\u00fcmk\u00fcnd\u00fcr.\n<\/p>\n<p>\n  Onun s\u00f6zl\u0259rin\u0259 g\u00f6r\u0259, h\u0259ms\u0259drl\u0259rin \u00fcz\u0259rind\u0259 i\u015fl\u0259diyi v\u0259 i\u015fl\u0259m\u0259kd\u0259 davam etdiyi t\u0259klifl\u0259r dan\u0131\u015f\u0131qlar masas\u0131nda qal\u0131r:\n<\/p>\n<p>\n  \u201cBu, Qaraba\u011f\u0131n yekun statusu m\u00fc\u0259yy\u0259n edil\u0259n\u0259 q\u0259d\u0259r Qaraba\u011f \u0259traf\u0131nda 5 regiondan erm\u0259ni qo\u015funlar\u0131n\u0131n m\u0259rh\u0259l\u0259li \u015f\u0259kild\u0259 \u00e7\u0131xar\u0131lmas\u0131d\u0131r. Bu zaman Qaraba\u011f\u0131n t\u0259hl\u00fck\u0259sizlik z\u0259man\u0259tl\u0259rin\u0259 riay\u0259t olunmal\u0131 v\u0259 Erm\u0259nistanla Qaraba\u011f aras\u0131nda etibarl\u0131 \u0259laq\u0259 t\u0259min edilm\u0259lidir. Bundan sonra daha iki regionun azad edilm\u0259si v\u0259 Qaraba\u011f\u0131n statusunun m\u00fc\u0259yy\u0259n edilm\u0259si. Qaraba\u011fda s\u00fclh\u0259 b\u00fct\u00fcn bu m\u00fcdd\u0259t \u0259rzind\u0259, o c\u00fcml\u0259d\u0259n d\u0259 s\u00fclhm\u0259raml\u0131lar\u0131n d\u0259st\u0259yi il\u0259 riay\u0259t olunacaq\u201d.\n<\/p>\n<p>\n  &quot;\u015e\u0259r dem\u0259s\u0259n, xeyir g\u0259lm\u0259z. \u0130ndi b\u00fct\u00fcn faci\u0259vi hadis\u0259l\u0259r bu prosesl\u0259ri torpaqda t\u0259hl\u00fck\u0259sizlik m\u0259s\u0259l\u0259l\u0259rinin h\u0259llin\u0259 paralel olaraq aktivl\u0259\u015fdirm\u0259y\u0259 k\u00f6m\u0259k etm\u0259lidir&quot;, &#8211; dey\u0259 Lavrov fikrini tamamlay\u0131b.\n<\/p>\n<p>\n  Sergey Lavrovun a\u00e7\u0131qlamas\u0131n\u0131 Meydan TV-y\u0259 \u015f\u0259rh ed\u0259n siyasi icmal\u00e7\u0131 Rauf Mirq\u0259dirov deyir ki, Rusiya Xarici i\u015fl\u0259r nazirinin s\u00f6yl\u0259dikl\u0259rind\u0259 yeni bir \u015fey yoxdur v\u0259 o, Madrid Prinsipl\u0259rini t\u0259krar edib:\n<\/p>\n<figure class=\"wp-block-image size-large\">\n  <img decoding=\"async\" src=\"https:\/\/www.meydan.tv\/az\/rauf-mirkadyrov\/\" alt=\"\u0420\u0430\u0443\u0444 \u041c\u0438\u0440\u043a\u0430\u0434\u044b\u0440\u043e\u0432\" class=\"wp-image-80677\"\/><figcaption>\n    Rauf Mirq\u0259dirov<br \/>\n  <\/figcaption><\/figure>\n<p>\n  \u201cOnun a\u00e7\u0131qlamas\u0131nda ba\u015fqa t\u0259hl\u00fck\u0259li m\u0259qam var, y\u0259ni indiki m\u0259rh\u0259l\u0259d\u0259 at\u0259\u015fk\u0259s\u0259 nail olub, t\u0259mas x\u0259ttind\u0259 Rusiyan\u0131n h\u0259rbi m\u00fc\u015fahid\u0259\u00e7il\u0259rin yerl\u0259\u015fdirilm\u0259sini ist\u0259yir. Faktiki olaraq, Rusiya Az\u0259rbaycan \u0259razisind\u0259 \u00f6z\u00fcn\u00fcn h\u0259rbi t\u0259msil\u00e7iliyini t\u0259klif edir. \u018fg\u0259r bu t\u0259klif h\u0259yata ke\u00e7\u0259rs\u0259, h\u0259r iki t\u0259r\u0259f \u00fc\u00e7\u00fcn \u00e7ox t\u0259hl\u00fck\u0259li sonucla n\u0259tic\u0259l\u0259n\u0259c\u0259k. \u00c7\u00fcnki Rusiya qo\u015funlar\u0131n\u0131n G\u00fcrc\u00fcstanda, Ukraynada, Moldovada hans\u0131 f\u0259sadlara g\u0259tirdiyini ham\u0131 bilir, onlar n\u0259 s\u00fclh\u00fcn b\u0259rpas\u0131na g\u0259tirir, n\u0259 d\u0259 h\u0259min d\u00f6vl\u0259tl\u0259rin suverenliyinin m\u00f6hk\u0259ml\u0259nm\u0259sini. Rusiyan\u0131n h\u0259rbi t\u0259msil\u00e7iliyinin bir m\u0259qs\u0259di var: h\u0259min regionlar\u0131 n\u0259zar\u0259tind\u0259 saxlamaq\u201d.\n<\/p>\n<p>\n  Rauf Mirq\u0259dirov hesab edir ki, bu g\u00fcn Az\u0259rbaycan \u00fc\u00e7\u00fcn vacib m\u0259s\u0259l\u0259 birt\u0259r\u0259fli he\u00e7 bir raz\u0131la\u015fmaya getm\u0259m\u0259kdir:\n<\/p>\n<p>\n  \u201c\u018fg\u0259r regionda hans\u0131sa s\u00fclhm\u0259raml\u0131lar\u0131n yerl\u0259\u015fdirilm\u0259sind\u0259n s\u00f6hb\u0259t gedirs\u0259, bunun \u00fc\u00e7\u00fcn beyn\u0259lxalq ictimaiyy\u0259tin mandat\u0131 olmal\u0131d\u0131r. \u00d6t\u0259n \u0259srin 90-c\u0131 ill\u0259rind\u0259 bununla ba\u011fl\u0131 iki t\u0259klif ir\u0259li s\u00fcr\u00fclm\u00fc\u015fd\u00fc: s\u00fclhm\u0259raml\u0131lar\u0131n t\u0259rkibi regionda he\u00e7 bir mara\u011f\u0131 olmayan d\u00f6vl\u0259tl\u0259rin h\u0259rb\u00e7il\u0259rind\u0259n t\u0259\u015fkil edilm\u0259lidir. \u0130kinci, h\u0259ms\u0259dr d\u00f6vl\u0259tl\u0259rin s\u00fclhm\u0259raml\u0131larda pay\u0131 30 faizd\u0259n art\u0131q ola bilm\u0259z. Rusiya indi v\u0259ziyy\u0259tin g\u0259rginliyind\u0259n, d\u00fcnyan\u0131n diqq\u0259tinin yay\u0131nmas\u0131ndan istifad\u0259 edib \u00f6z h\u0259rbi t\u0259msil\u00e7iliyini m\u00fcnaqi\u015f\u0259nin qaynar fazas\u0131n\u0131 dayand\u0131rmaq \u00fc\u00e7\u00fcn s\u0131r\u0131maq ist\u0259yir. Az\u0259rbaycan he\u00e7 bir halda buna getm\u0259m\u0259lidir\u201d.<\/p>\n","protected":false},"excerpt":{"rendered":"<p>&#8220;Faktiki olaraq, Rusiya Az\u0259rbaycan \u0259razisind\u0259 \u00f6z\u00fcn\u00fcn h\u0259rbi t\u0259msil\u00e7iliyini t\u0259klif edir&#8221;<\/p>\n","protected":false},"author":11,"featured_media":149497,"comment_status":"closed","ping_status":"open","sticky":false,"template":"","format":"standard","meta":{"_acf_changed":false,"_sitemap_exclude":false,"_sitemap_priority":"","_sitemap_frequency":"","footnotes":""},"categories":[59],"tags":[],"class_list":["post-202991","post","type-post","status-publish","format-standard","has-post-thumbnail","hentry","category-siyaset","infinite-scroll-item","generate-columns","tablet-grid-50","mobile-grid-100","grid-parent","grid-33","no-featured-image-padding"],"acf":[],"yoast_head":"<!-- This site is optimized with the Yoast SEO plugin v28.4 - https:\/\/yoast.com\/product\/yoast-seo-wordpress\/ -->\n<title>Siyasi \u015f\u0259rh\u00e7i: Lavrovun a\u00e7\u0131qlamas\u0131nda t\u0259hl\u00fck\u0259li m\u0259qam var - MEYDAN.TV<\/title>\n<meta name=\"robots\" content=\"index, follow, max-snippet:-1, max-image-preview:large, max-video-preview:-1\" \/>\n<link rel=\"canonical\" href=\"https:\/\/www.meydan.tv\/az\/article\/siyasi-serhci-lavrovun-aciqlamasinda-tehlukeli-meqam-var\/\" \/>\n<meta property=\"og:locale\" content=\"az_AZ\" \/>\n<meta property=\"og:type\" content=\"article\" \/>\n<meta property=\"og:title\" content=\"Siyasi \u015f\u0259rh\u00e7i: Lavrovun a\u00e7\u0131qlamas\u0131nda t\u0259hl\u00fck\u0259li m\u0259qam var - MEYDAN.TV\" \/>\n<meta property=\"og:description\" content=\"&quot;Faktiki olaraq, Rusiya Az\u0259rbaycan \u0259razisind\u0259 \u00f6z\u00fcn\u00fcn h\u0259rbi t\u0259msil\u00e7iliyini t\u0259klif edir&quot;\" \/>\n<meta property=\"og:url\" content=\"https:\/\/www.meydan.tv\/az\/article\/siyasi-serhci-lavrovun-aciqlamasinda-tehlukeli-meqam-var\/\" \/>\n<meta property=\"og:site_name\" content=\"MEYDAN.TV\" \/>\n<meta property=\"article:published_time\" content=\"2020-10-14T13:38:17+00:00\" \/>\n<meta property=\"og:image\" content=\"https:\/\/www.meydan.tv\/wp-content\/uploads\/image_from_ios_1qqvwiw-scaled.jpg\" \/>\n\t<meta property=\"og:image:width\" content=\"2560\" \/>\n\t<meta property=\"og:image:height\" content=\"1707\" \/>\n\t<meta property=\"og:image:type\" content=\"image\/jpeg\" \/>\n<meta name=\"twitter:card\" content=\"summary_large_image\" \/>\n<!-- \/ Yoast SEO plugin. -->","yoast_head_json":{"title":"Siyasi \u015f\u0259rh\u00e7i: Lavrovun a\u00e7\u0131qlamas\u0131nda t\u0259hl\u00fck\u0259li m\u0259qam var - MEYDAN.TV","robots":{"index":"index","follow":"follow","max-snippet":"max-snippet:-1","max-image-preview":"max-image-preview:large","max-video-preview":"max-video-preview:-1"},"canonical":"https:\/\/www.meydan.tv\/az\/article\/siyasi-serhci-lavrovun-aciqlamasinda-tehlukeli-meqam-var\/","og_locale":"az_AZ","og_type":"article","og_title":"Siyasi \u015f\u0259rh\u00e7i: Lavrovun a\u00e7\u0131qlamas\u0131nda t\u0259hl\u00fck\u0259li m\u0259qam var - MEYDAN.TV","og_description":"\"Faktiki olaraq, Rusiya Az\u0259rbaycan \u0259razisind\u0259 \u00f6z\u00fcn\u00fcn h\u0259rbi t\u0259msil\u00e7iliyini t\u0259klif edir\"","og_url":"https:\/\/www.meydan.tv\/az\/article\/siyasi-serhci-lavrovun-aciqlamasinda-tehlukeli-meqam-var\/","og_site_name":"MEYDAN.TV","article_published_time":"2020-10-14T13:38:17+00:00","og_image":[{"width":2560,"height":1707,"url":"https:\/\/www.meydan.tv\/wp-content\/uploads\/image_from_ios_1qqvwiw-scaled.jpg","type":"image\/jpeg"}],"twitter_card":"summary_large_image","schema":{"@context":"https:\/\/schema.org","@graph":[{"@type":"Article","@id":"https:\/\/www.meydan.tv\/az\/article\/siyasi-serhci-lavrovun-aciqlamasinda-tehlukeli-meqam-var\/#article","isPartOf":{"@id":"https:\/\/www.meydan.tv\/az\/article\/siyasi-serhci-lavrovun-aciqlamasinda-tehlukeli-meqam-var\/"},"author":{"name":"user-manager","@id":"https:\/\/www.meydan.tv\/az\/#\/schema\/person\/10d11eccf6da3662cf5fdab9806ea91a"},"headline":"Siyasi \u015f\u0259rh\u00e7i: Lavrovun a\u00e7\u0131qlamas\u0131nda t\u0259hl\u00fck\u0259li m\u0259qam var","datePublished":"2020-10-14T13:38:17+00:00","mainEntityOfPage":{"@id":"https:\/\/www.meydan.tv\/az\/article\/siyasi-serhci-lavrovun-aciqlamasinda-tehlukeli-meqam-var\/"},"wordCount":617,"publisher":{"@id":"https:\/\/www.meydan.tv\/az\/#organization"},"image":{"@id":"https:\/\/www.meydan.tv\/az\/article\/siyasi-serhci-lavrovun-aciqlamasinda-tehlukeli-meqam-var\/#primaryimage"},"thumbnailUrl":"https:\/\/www.meydan.tv\/wp-content\/uploads\/image_from_ios_1qqvwiw-scaled.jpg","articleSection":["Siyas\u0259t"],"inLanguage":"az"},{"@type":"WebPage","@id":"https:\/\/www.meydan.tv\/az\/article\/siyasi-serhci-lavrovun-aciqlamasinda-tehlukeli-meqam-var\/","url":"https:\/\/www.meydan.tv\/az\/article\/siyasi-serhci-lavrovun-aciqlamasinda-tehlukeli-meqam-var\/","name":"Siyasi \u015f\u0259rh\u00e7i: Lavrovun a\u00e7\u0131qlamas\u0131nda t\u0259hl\u00fck\u0259li m\u0259qam var - MEYDAN.TV","isPartOf":{"@id":"https:\/\/www.meydan.tv\/az\/#website"},"primaryImageOfPage":{"@id":"https:\/\/www.meydan.tv\/az\/article\/siyasi-serhci-lavrovun-aciqlamasinda-tehlukeli-meqam-var\/#primaryimage"},"image":{"@id":"https:\/\/www.meydan.tv\/az\/article\/siyasi-serhci-lavrovun-aciqlamasinda-tehlukeli-meqam-var\/#primaryimage"},"thumbnailUrl":"https:\/\/www.meydan.tv\/wp-content\/uploads\/image_from_ios_1qqvwiw-scaled.jpg","datePublished":"2020-10-14T13:38:17+00:00","breadcrumb":{"@id":"https:\/\/www.meydan.tv\/az\/article\/siyasi-serhci-lavrovun-aciqlamasinda-tehlukeli-meqam-var\/#breadcrumb"},"inLanguage":"az","potentialAction":[{"@type":"ReadAction","target":["https:\/\/www.meydan.tv\/az\/article\/siyasi-serhci-lavrovun-aciqlamasinda-tehlukeli-meqam-var\/"]}]},{"@type":"ImageObject","inLanguage":"az","@id":"https:\/\/www.meydan.tv\/az\/article\/siyasi-serhci-lavrovun-aciqlamasinda-tehlukeli-meqam-var\/#primaryimage","url":"https:\/\/www.meydan.tv\/wp-content\/uploads\/image_from_ios_1qqvwiw-scaled.jpg","contentUrl":"https:\/\/www.meydan.tv\/wp-content\/uploads\/image_from_ios_1qqvwiw-scaled.jpg","width":2560,"height":1707,"caption":"Source: Specify Source"},{"@type":"BreadcrumbList","@id":"https:\/\/www.meydan.tv\/az\/article\/siyasi-serhci-lavrovun-aciqlamasinda-tehlukeli-meqam-var\/#breadcrumb","itemListElement":[{"@type":"ListItem","position":1,"name":"Ana s\u0259hif\u0259","item":"https:\/\/www.meydan.tv\/az\/"},{"@type":"ListItem","position":2,"name":"Siyas\u0259t","item":"https:\/\/www.meydan.tv\/az\/section\/siyaset\/"},{"@type":"ListItem","position":3,"name":"Siyasi \u015f\u0259rh\u00e7i: Lavrovun a\u00e7\u0131qlamas\u0131nda t\u0259hl\u00fck\u0259li m\u0259qam var"}]},{"@type":"WebSite","@id":"https:\/\/www.meydan.tv\/az\/#website","url":"https:\/\/www.meydan.tv\/az\/","name":"MEYDAN.TV","description":"Meydan TV Az\u0259rbaycan\u0131n media m\u0259kan\u0131ndak\u0131 alternativ s\u0259sidir","publisher":{"@id":"https:\/\/www.meydan.tv\/az\/#organization"},"potentialAction":[{"@type":"SearchAction","target":{"@type":"EntryPoint","urlTemplate":"https:\/\/www.meydan.tv\/az\/?s={search_term_string}"},"query-input":{"@type":"PropertyValueSpecification","valueRequired":true,"valueName":"search_term_string"}}],"inLanguage":"az"},{"@type":"Organization","@id":"https:\/\/www.meydan.tv\/az\/#organization","name":"Meydan TV","url":"https:\/\/www.meydan.tv\/az\/","logo":{"@type":"ImageObject","inLanguage":"az","@id":"https:\/\/www.meydan.tv\/az\/#\/schema\/logo\/image\/","url":"https:\/\/www.meydan.tv\/wp-content\/uploads\/2021\/07\/meydan-logo.svg","contentUrl":"https:\/\/www.meydan.tv\/wp-content\/uploads\/2021\/07\/meydan-logo.svg","width":195,"height":46,"caption":"Meydan TV"},"image":{"@id":"https:\/\/www.meydan.tv\/az\/#\/schema\/logo\/image\/"}},{"@type":"Person","@id":"https:\/\/www.meydan.tv\/az\/#\/schema\/person\/10d11eccf6da3662cf5fdab9806ea91a","name":"user-manager"}]}},"_links":{"self":[{"href":"https:\/\/www.meydan.tv\/az\/wp-json\/wp\/v2\/posts\/202991","targetHints":{"allow":["GET"]}}],"collection":[{"href":"https:\/\/www.meydan.tv\/az\/wp-json\/wp\/v2\/posts"}],"about":[{"href":"https:\/\/www.meydan.tv\/az\/wp-json\/wp\/v2\/types\/post"}],"author":[{"embeddable":true,"href":"https:\/\/www.meydan.tv\/az\/wp-json\/wp\/v2\/users\/11"}],"replies":[{"embeddable":true,"href":"https:\/\/www.meydan.tv\/az\/wp-json\/wp\/v2\/comments?post=202991"}],"version-history":[{"count":0,"href":"https:\/\/www.meydan.tv\/az\/wp-json\/wp\/v2\/posts\/202991\/revisions"}],"wp:featuredmedia":[{"embeddable":true,"href":"https:\/\/www.meydan.tv\/az\/wp-json\/wp\/v2\/media\/149497"}],"wp:attachment":[{"href":"https:\/\/www.meydan.tv\/az\/wp-json\/wp\/v2\/media?parent=202991"}],"wp:term":[{"taxonomy":"category","embeddable":true,"href":"https:\/\/www.meydan.tv\/az\/wp-json\/wp\/v2\/categories?post=202991"},{"taxonomy":"post_tag","embeddable":true,"href":"https:\/\/www.meydan.tv\/az\/wp-json\/wp\/v2\/tags?post=202991"}],"curies":[{"name":"wp","href":"https:\/\/api.w.org\/{rel}","templated":true}]}}