{"id":202965,"date":"2020-10-13T10:53:07","date_gmt":"2020-10-13T10:53:07","guid":{"rendered":"https:\/\/www.meydan.tv\/article\/belediyye-sedri-qohumu-vergiler-nazirinin-muavini-sahir-memmedxanova-arxalanib-meni-tutdurmaq-isteyir\/"},"modified":"2020-10-13T10:53:07","modified_gmt":"2020-10-13T10:53:07","slug":"belediyye-sedri-qohumu-vergiler-nazirinin-muavini-sahir-memmedxanova-arxalanib-meni-tutdurmaq-isteyir","status":"publish","type":"post","link":"https:\/\/www.meydan.tv\/az\/article\/belediyye-sedri-qohumu-vergiler-nazirinin-muavini-sahir-memmedxanova-arxalanib-meni-tutdurmaq-isteyir\/","title":{"rendered":"\u201cB\u0259l\u0259diyy\u0259 s\u0259dri qohumu, Vergil\u0259r nazirinin m\u00fcavini Sahir M\u0259mm\u0259dxanova arxalan\u0131b m\u0259ni tutdurmaq ist\u0259yir\u201d"},"content":{"rendered":"<p>\n  <i><br \/>\n    \u0130smay\u0131ll\u0131 sakini \u015fikay\u0259t etdiyi \u00fc\u00e7\u00fcn ail\u0259sinin t\u0259zyiql\u0259 \u00fczl\u0259\u015fdiyini deyir<br \/>\n  <\/i>\n<\/p>\n<p>\n  \u0130smay\u0131ll\u0131 rayonunun Qubax\u0259lilli k\u0259nd sakini R\u00fcst\u0259m H\u00fcseynov k\u0259ndin inzibati \u0259razi dair\u0259si \u00fczr\u0259 n\u00fcmay\u0259nd\u0259si Ya\u015far C\u0259lalovdan v\u0259 b\u0259l\u0259diyy\u0259 s\u0259dri Mirz\u0259a\u011fa Mirz\u0259xanovdan \u015fikay\u0259t\u00e7idir.\n<\/p>\n<p>\n  O, Meydan TV-y\u0259 m\u00fcsahib\u0259sind\u0259 deyib ki, h\u0259min \u015f\u0259xsl\u0259r v\u0259zif\u0259l\u0259rind\u0259n sui-istifad\u0259 edib, k\u0259nd camaat\u0131na m\u0259xsus \u00f6r\u00fc\u015f sah\u0259l\u0259rini m\u0259nims\u0259yibl\u0259r:\n<\/p>\n<p>\n  \u201c2014-c\u00fc ild\u0259n bu g\u00fcn\u0259 kimi bir s\u0131ra d\u00f6vl\u0259t qurumlar\u0131na k\u0259ndin inzibati \u0259razi dair\u0259si \u00fczr\u0259 n\u00fcmay\u0259nd\u0259si v\u0259 b\u0259l\u0259diyy\u0259 s\u0259drinin qanunsuz \u0259m\u0259ll\u0259ri il\u0259 ba\u011fl\u0131 d\u0259f\u0259l\u0259rl\u0259 m\u00fcraci\u0259t etmi\u015f\u0259m. T\u0259\u0259ss\u00fcf ki, he\u00e7 bir xeyri olmay\u0131b. Bu ill\u0259r \u0259rzind\u0259 Mirz\u0259a\u011fa Mirz\u0259xanov m\u0259ni bir ne\u00e7\u0259 d\u0259f\u0259 m\u0259hk\u0259m\u0259y\u0259 verib. Guya onun \u015f\u0259r\u0259f v\u0259 l\u0259yaq\u0259tini al\u00e7altm\u0131\u015fam, i\u015fg\u00fczar f\u0259aliyy\u0259tin\u0259 x\u0259l\u0259l g\u0259tirmi\u015f\u0259m. 2014-c\u00fc ild\u0259 m\u0259ni m\u0259hk\u0259m\u0259y\u0259 verib, iki min manat t\u0259zminat t\u0259l\u0259b etmi\u015fdi. 2016-c\u0131 ild\u0259 k\u0259ndd\u0259 insanlar\u0131n ya\u015fay\u0131\u015f\u0131n\u0131n yax\u015f\u0131la\u015fd\u0131r\u0131lmas\u0131 m\u0259qs\u0259dil\u0259 on be\u015f-on alt\u0131 adam\u0131n ad\u0131ndan \u00f6lk\u0259 ba\u015f\u00e7\u0131s\u0131na m\u0259ktub \u00fcnvanlad\u0131m. Xahi\u015f etdik ki, k\u0259ndimiz\u0259 investisiya qoyulsun, fermalar tikilsin, \u00fcz\u00fcm ba\u011flar\u0131 sal\u0131ns\u0131n, yeni i\u015f yerl\u0259ri a\u00e7\u0131ls\u0131n. B\u0259l\u0259diyy\u0259 s\u0259drinin m\u0259n\u0259 qar\u015f\u0131 d\u00fc\u015fm\u0259n\u00e7iliyi daha da artd\u0131\u201d.\n<\/p>\n<p>\n  R\u00fcst\u0259m H\u00fcseynov deyir ki, b\u0259l\u0259diyy\u0259 s\u0259dri onu 2019-cu ild\u0259 yenid\u0259n m\u0259hk\u0259m\u0259y\u0259 verib. Bu d\u0259f\u0259 be\u015f min manatdan \u00e7ox t\u0259zminat t\u0259l\u0259b edib. M\u0259hk\u0259m\u0259d\u0259 uduzan R\u00fcst\u0259m H\u00fcseynova h\u0259min pulu \u00f6d\u0259m\u0259k, ya da t\u0259kzib verm\u0259k \u015f\u0259rti qoyulub:\n<\/p>\n<p>\n  \u201c\u0130mkan\u0131m olmad\u0131\u011f\u0131 \u00fc\u00e7\u00fcn pulu \u00f6d\u0259y\u0259 bilm\u0259dim. Bunu f\u00fcrs\u0259t bilib, m\u0259ni \u00e7ox s\u0131xd\u0131lar. M\u0259hk\u0259m\u0259nin probasiya \u015f\u00f6b\u0259si m\u0259ni \u00f6t\u0259n ay \u00e7a\u011f\u0131rd\u0131 ki, biz ya s\u0259ni h\u0259bs etm\u0259liyik, ya da t\u0259kzib yazmal\u0131san. Dedil\u0259r ki, pul \u00f6d\u0259nilm\u0259s\u0259, cinay\u0259t i\u015fi a\u00e7\u0131lacaq. H\u0259tta on g\u00fcn m\u00fcdd\u0259tin\u0259 h\u0259bs olundum. V\u0259kiliml\u0259 d\u0259 m\u0259sl\u0259h\u0259tl\u0259\u015fdim, dedi ki, t\u0259kzib yazmasan, h\u0259bs olunacaqsan. \u0130\u00e7\u0259rid\u0259 d\u0259 bir iyn\u0259 vurub, \u00f6ld\u00fcrtd\u00fcr\u0259c\u0259kl\u0259r. T\u0259kzibi yazandan sonra b\u0259l\u0259diyy\u0259 s\u0259dri m\u0259n\u0259 qar\u015f\u0131 pul iddias\u0131n\u0131 geri g\u00f6t\u00fcrd\u00fc\u201d.\n<\/p>\n<p>\n  \u201c\u0130cra n\u00fcmay\u0259nd\u0259si il\u0259 b\u0259l\u0259diyy\u0259 k\u0259ndi da\u011f\u0131d\u0131r, \u00e7ap\u0131b-talay\u0131r\u201d \u2013 \u015fikay\u0259t\u00e7i bel\u0259 deyir:\n<\/p>\n<p>\n  \u201cPrezident Adminstrasiyas\u0131na m\u00fcraci\u0259t etmi\u015f\u0259m, d\u0259f\u0259l\u0259rl\u0259 rayonun icra hakimiyy\u0259tin\u0259 getmi\u015f\u0259m. Yerli icra hakimiyy\u0259ti d\u0259 onlar\u0131n t\u0259r\u0259find\u0259dir.\n<\/p>\n<p>\n  B\u00fct\u00fcn \u015fikay\u0259tl\u0259rim k\u0259ndin abadla\u015fd\u0131r\u0131lmas\u0131 namin\u0259 olub. Dayanmadan prezident\u0259 q\u0259d\u0259r ham\u0131ya yazm\u0131\u015fam, probleml\u0259ri qabartm\u0131\u015fam. Yol \u00e7\u0259kdirmi\u015f\u0259m, m\u0259kt\u0259bimizi d\u00fcz\u0259ltdirmi\u015f\u0259m. M\u0259kt\u0259bin sanitar qov\u015fa\u011f\u0131n\u0131 yenid\u0259n t\u0259mir etdirmi\u015f\u0259m. K\u0259ndin 2500 n\u0259f\u0259r \u0259halisi var. M\u0259nim bunlarla davam yaln\u0131z o olub ki, k\u0259ndin pulunu yeyirsiz. K\u0259ndin b\u00f6y\u00fck torpaq \u0259razisi var. Orada adamba\u015f\u0131na hektar yar\u0131m sah\u0259 d\u00fc\u015f\u00fcr. B\u00f6y\u00fck sah\u0259l\u0259rimiz, yayla\u011f\u0131m\u0131z, q\u0131\u015fla\u011f\u0131m\u0131z, \u0259kin sah\u0259l\u0259rimiz var. B\u0259l\u0259diyy\u0259 bunun ham\u0131s\u0131n\u0131n vergisini y\u0131\u011f\u0131b yeyir, da\u011f\u0131d\u0131r. Bu qanunsuzluqlar\u0131 if\u015fa etdiyim \u00fc\u00e7\u00fcn m\u0259ni d\u0259 m\u0259hk\u0259m\u0259y\u0259 veribl\u0259r\u201d.\n<\/p>\n<p>\n  \u015eikay\u0259t\u00e7i iddia edir ki, h\u0259yat\u0131 t\u0259hl\u00fck\u0259 qar\u015f\u0131s\u0131ndad\u0131r. Qorxu, s\u0259ks\u0259k\u0259 il\u0259 ya\u015fayan R\u00fcst\u0259m H\u00fcseyov art\u0131q kim\u0259 m\u00fcrac\u0259t ed\u0259c\u0259yini bilm\u0259diyini s\u00f6yl\u0259yir:\n<\/p>\n<p>\n  \u201cB\u0259l\u0259diyy\u0259 s\u0259dri qohumu, vergil\u0259r nazirinin birinci m\u00fcavini Sahir M\u0259mm\u0259dxanova arxalan\u0131b m\u0259ni tutdurmaq ist\u0259yir. Ya\u015far C\u0259lilov is\u0259 h\u0259r yerd\u0259 deyir ki, \u201cyuxar\u0131\u201dya 35 min manat pul vermi\u015f\u0259m. M\u0259n\u0259 he\u00e7 kim he\u00e7 n\u0259 ed\u0259 bilm\u0259z. M\u0259n\u0259 v\u0259 ail\u0259m\u0259 h\u0259d\u0259 v\u0259 t\u0259zyiql\u0259r olub. B\u0259l\u0259diyy\u0259 s\u0259dri Mirz\u0259a\u011fa Mirz\u0259xanov uzun m\u00fcdd\u0259t h\u0259bsd\u0259 yatm\u0131\u015f adama pul t\u0259klif edib ki, m\u0259ni o\u011furlas\u0131n. Polis evim\u0259 basq\u0131n edib. Ya\u015fl\u0131 atam\u0131 it\u0259l\u0259yib, yer\u0259 y\u0131x\u0131blar. Bunlar ham\u0131s\u0131 m\u00fcxt\u0259lif ill\u0259rd\u0259 ba\u015f verib. K\u00f6rp\u0259 u\u015fa\u011f\u0131m qorxudan epilepsiya ke\u00e7irib, anam iflic olub. Bu \u0259m\u0259ll\u0259ri t\u00f6r\u0259d\u0259n b\u0259l\u0259diyy\u0259 s\u0259dri Mirz\u0259a\u011fa Mirz\u0259xanovdur\u201d.\n<\/p>\n<p>\n  Qubax\u0259lilli k\u0259nd b\u0259l\u0259diyy\u0259sinin s\u0259dri Mirz\u0259a\u011fa Mirz\u0259xanov Meydan TV \u0259m\u0259kda\u015f\u0131 il\u0259 s\u00f6hb\u0259tind\u0259 haqq\u0131nda s\u00f6yl\u0259nil\u0259n ittihamlar\u0131 \u0259sass\u0131z adland\u0131r\u0131b:\n<\/p>\n<p>\n  \u201cTorpaqlar d\u00f6vl\u0259tin qayda-qanununa uy\u011fun olaraq, h\u0259rrac v\u0259 ya m\u00fcsabiq\u0259 yolu il\u0259 verilir. R\u00fcst\u0259m H\u00fcseynov t\u0259xmin\u0259n iyirmi g\u00fcn bundan \u00f6nc\u0259 h\u0259m videog\u00f6r\u00fcnt\u00fcl\u00fc, h\u0259m d\u0259 yaz\u0131l\u0131 olaraq t\u0259kzib etdi ki, m\u0259n s\u0259hv etmi\u015f\u0259m. Bir daha \u015fikay\u0259t etm\u0259y\u0259c\u0259y\u0259m. O adam kim\u0259 laz\u0131md\u0131r ki, o\u011furlans\u0131n da?! R\u00fcst\u0259m H\u00fcseynov el\u0259 bir insan deyil ki, onu o\u011furlas\u0131nlar, yaxud n\u0259s\u0259 etsinl\u0259r. O d\u00fc\u015f\u00fcn\u00fcr ki, m\u0259hk\u0259m\u0259 t\u0259r\u0259find\u0259n t\u0259yin olunan c\u0259rim\u0259 l\u0259\u011fv olunub. D\u00fc\u015f\u00fcn\u00fcr ki, t\u0259kzib veribs\u0259, c\u0259rim\u0259 silinib. \u0130st\u0259diyim vaxt h\u0259min c\u0259rim\u0259ni ondan t\u0259l\u0259b ed\u0259 bil\u0259r\u0259m. Sad\u0259c\u0259, bu, m\u0259nim ya\u015f\u0131ma, ba\u015f\u0131ma yara\u015fan bir i\u015f deyil\u201d.\n<\/p>\n<p>\n  Qubax\u0259lilli k\u0259ndinin inzibati \u0259razi dair\u0259si \u00fczr\u0259 n\u00fcmay\u0259nd\u0259si Ya\u015far C\u0259lalov Meydan TV-y\u0259 deyib ki, k\u0259ndd\u0259 he\u00e7 bir \u00f6r\u00fc\u015f sah\u0259si m\u0259nims\u0259nilm\u0259yib:\n<\/p>\n<p>\n  \u201cSah\u0259l\u0259r b\u0259l\u0259diyy\u0259nin balans\u0131ndad\u0131r, heyvandarl\u0131qla m\u0259\u015f\u011ful olan k\u0259nd camaat\u0131na icar\u0259y\u0259 verilir. \u0130ki min hektardan \u00e7ox \u00f6r\u00fc\u015f sah\u0259si var. R\u00fcst\u0259m H\u00fcseynovun d\u00f6rdayaql\u0131dan h\u0259tta bir pi\u015fiyi d\u0259 yoxdur ki, \u00f6r\u00fc\u015f yerind\u0259n istifad\u0259 etsin. O, n\u0259 etdiyini, niy\u0259 \u015fikay\u0259t\u00e7i oldu\u011funu \u00f6z\u00fc d\u0259 bilmir\u201d.<\/p>\n","protected":false},"excerpt":{"rendered":"<p>\u0130smay\u0131ll\u0131 sakini \u015fikay\u0259t etdiyi \u00fc\u00e7\u00fcn ail\u0259sinin t\u0259zyiql\u0259 \u00fczl\u0259\u015fdiyini deyir<\/p>\n","protected":false},"author":11,"featured_media":149449,"comment_status":"closed","ping_status":"open","sticky":false,"template":"","format":"standard","meta":{"_acf_changed":false,"_sitemap_exclude":false,"_sitemap_priority":"","_sitemap_frequency":"","footnotes":""},"categories":[60],"tags":[],"class_list":["post-202965","post","type-post","status-publish","format-standard","has-post-thumbnail","hentry","category-bolge","infinite-scroll-item","generate-columns","tablet-grid-50","mobile-grid-100","grid-parent","grid-33","no-featured-image-padding"],"acf":[],"yoast_head":"<!-- This site is optimized with the Yoast SEO plugin v27.5 - https:\/\/yoast.com\/product\/yoast-seo-wordpress\/ -->\n<title>\u201cB\u0259l\u0259diyy\u0259 s\u0259dri qohumu, Vergil\u0259r nazirinin m\u00fcavini Sahir M\u0259mm\u0259dxanova arxalan\u0131b m\u0259ni tutdurmaq ist\u0259yir\u201d - MEYDAN.TV<\/title>\n<meta name=\"robots\" content=\"index, follow, max-snippet:-1, max-image-preview:large, max-video-preview:-1\" \/>\n<link rel=\"canonical\" href=\"https:\/\/www.meydan.tv\/az\/article\/belediyye-sedri-qohumu-vergiler-nazirinin-muavini-sahir-memmedxanova-arxalanib-meni-tutdurmaq-isteyir\/\" \/>\n<meta property=\"og:locale\" content=\"az_AZ\" \/>\n<meta property=\"og:type\" content=\"article\" \/>\n<meta property=\"og:title\" content=\"\u201cB\u0259l\u0259diyy\u0259 s\u0259dri qohumu, Vergil\u0259r nazirinin m\u00fcavini Sahir M\u0259mm\u0259dxanova arxalan\u0131b m\u0259ni tutdurmaq ist\u0259yir\u201d - MEYDAN.TV\" \/>\n<meta property=\"og:description\" content=\"\u0130smay\u0131ll\u0131 sakini \u015fikay\u0259t etdiyi \u00fc\u00e7\u00fcn ail\u0259sinin t\u0259zyiql\u0259 \u00fczl\u0259\u015fdiyini deyir\" \/>\n<meta property=\"og:url\" content=\"https:\/\/www.meydan.tv\/az\/article\/belediyye-sedri-qohumu-vergiler-nazirinin-muavini-sahir-memmedxanova-arxalanib-meni-tutdurmaq-isteyir\/\" \/>\n<meta property=\"og:site_name\" content=\"MEYDAN.TV\" \/>\n<meta property=\"article:published_time\" content=\"2020-10-13T10:53:07+00:00\" \/>\n<meta property=\"og:image\" content=\"https:\/\/www.meydan.tv\/wp-content\/uploads\/img-20200922-wa0002.jpg\" \/>\n\t<meta property=\"og:image:width\" content=\"1032\" \/>\n\t<meta property=\"og:image:height\" content=\"774\" \/>\n\t<meta property=\"og:image:type\" content=\"image\/jpeg\" \/>\n<meta name=\"author\" content=\"user-manager\" \/>\n<meta name=\"twitter:card\" content=\"summary_large_image\" \/>\n<script type=\"application\/ld+json\" class=\"yoast-schema-graph\">{\"@context\":\"https:\\\/\\\/schema.org\",\"@graph\":[{\"@type\":\"Article\",\"@id\":\"https:\\\/\\\/www.meydan.tv\\\/az\\\/article\\\/belediyye-sedri-qohumu-vergiler-nazirinin-muavini-sahir-memmedxanova-arxalanib-meni-tutdurmaq-isteyir\\\/#article\",\"isPartOf\":{\"@id\":\"https:\\\/\\\/www.meydan.tv\\\/az\\\/article\\\/belediyye-sedri-qohumu-vergiler-nazirinin-muavini-sahir-memmedxanova-arxalanib-meni-tutdurmaq-isteyir\\\/\"},\"author\":{\"name\":\"user-manager\",\"@id\":\"https:\\\/\\\/www.meydan.tv\\\/az\\\/#\\\/schema\\\/person\\\/10d11eccf6da3662cf5fdab9806ea91a\"},\"headline\":\"\u201cB\u0259l\u0259diyy\u0259 s\u0259dri qohumu, Vergil\u0259r nazirinin m\u00fcavini Sahir M\u0259mm\u0259dxanova arxalan\u0131b m\u0259ni tutdurmaq ist\u0259yir\u201d\",\"datePublished\":\"2020-10-13T10:53:07+00:00\",\"mainEntityOfPage\":{\"@id\":\"https:\\\/\\\/www.meydan.tv\\\/az\\\/article\\\/belediyye-sedri-qohumu-vergiler-nazirinin-muavini-sahir-memmedxanova-arxalanib-meni-tutdurmaq-isteyir\\\/\"},\"wordCount\":1132,\"publisher\":{\"@id\":\"https:\\\/\\\/www.meydan.tv\\\/az\\\/#organization\"},\"image\":{\"@id\":\"https:\\\/\\\/www.meydan.tv\\\/az\\\/article\\\/belediyye-sedri-qohumu-vergiler-nazirinin-muavini-sahir-memmedxanova-arxalanib-meni-tutdurmaq-isteyir\\\/#primaryimage\"},\"thumbnailUrl\":\"https:\\\/\\\/www.meydan.tv\\\/wp-content\\\/uploads\\\/img-20200922-wa0002.jpg\",\"articleSection\":[\"B\u00f6lg\u0259\"],\"inLanguage\":\"az\"},{\"@type\":\"WebPage\",\"@id\":\"https:\\\/\\\/www.meydan.tv\\\/az\\\/article\\\/belediyye-sedri-qohumu-vergiler-nazirinin-muavini-sahir-memmedxanova-arxalanib-meni-tutdurmaq-isteyir\\\/\",\"url\":\"https:\\\/\\\/www.meydan.tv\\\/az\\\/article\\\/belediyye-sedri-qohumu-vergiler-nazirinin-muavini-sahir-memmedxanova-arxalanib-meni-tutdurmaq-isteyir\\\/\",\"name\":\"\u201cB\u0259l\u0259diyy\u0259 s\u0259dri qohumu, Vergil\u0259r nazirinin m\u00fcavini Sahir M\u0259mm\u0259dxanova arxalan\u0131b m\u0259ni tutdurmaq ist\u0259yir\u201d - MEYDAN.TV\",\"isPartOf\":{\"@id\":\"https:\\\/\\\/www.meydan.tv\\\/az\\\/#website\"},\"primaryImageOfPage\":{\"@id\":\"https:\\\/\\\/www.meydan.tv\\\/az\\\/article\\\/belediyye-sedri-qohumu-vergiler-nazirinin-muavini-sahir-memmedxanova-arxalanib-meni-tutdurmaq-isteyir\\\/#primaryimage\"},\"image\":{\"@id\":\"https:\\\/\\\/www.meydan.tv\\\/az\\\/article\\\/belediyye-sedri-qohumu-vergiler-nazirinin-muavini-sahir-memmedxanova-arxalanib-meni-tutdurmaq-isteyir\\\/#primaryimage\"},\"thumbnailUrl\":\"https:\\\/\\\/www.meydan.tv\\\/wp-content\\\/uploads\\\/img-20200922-wa0002.jpg\",\"datePublished\":\"2020-10-13T10:53:07+00:00\",\"breadcrumb\":{\"@id\":\"https:\\\/\\\/www.meydan.tv\\\/az\\\/article\\\/belediyye-sedri-qohumu-vergiler-nazirinin-muavini-sahir-memmedxanova-arxalanib-meni-tutdurmaq-isteyir\\\/#breadcrumb\"},\"inLanguage\":\"az\",\"potentialAction\":[{\"@type\":\"ReadAction\",\"target\":[\"https:\\\/\\\/www.meydan.tv\\\/az\\\/article\\\/belediyye-sedri-qohumu-vergiler-nazirinin-muavini-sahir-memmedxanova-arxalanib-meni-tutdurmaq-isteyir\\\/\"]}]},{\"@type\":\"ImageObject\",\"inLanguage\":\"az\",\"@id\":\"https:\\\/\\\/www.meydan.tv\\\/az\\\/article\\\/belediyye-sedri-qohumu-vergiler-nazirinin-muavini-sahir-memmedxanova-arxalanib-meni-tutdurmaq-isteyir\\\/#primaryimage\",\"url\":\"https:\\\/\\\/www.meydan.tv\\\/wp-content\\\/uploads\\\/img-20200922-wa0002.jpg\",\"contentUrl\":\"https:\\\/\\\/www.meydan.tv\\\/wp-content\\\/uploads\\\/img-20200922-wa0002.jpg\",\"width\":1032,\"height\":774,\"caption\":\"Source: Meydan Tv\"},{\"@type\":\"BreadcrumbList\",\"@id\":\"https:\\\/\\\/www.meydan.tv\\\/az\\\/article\\\/belediyye-sedri-qohumu-vergiler-nazirinin-muavini-sahir-memmedxanova-arxalanib-meni-tutdurmaq-isteyir\\\/#breadcrumb\",\"itemListElement\":[{\"@type\":\"ListItem\",\"position\":1,\"name\":\"Ana s\u0259hif\u0259\",\"item\":\"https:\\\/\\\/www.meydan.tv\\\/az\\\/\"},{\"@type\":\"ListItem\",\"position\":2,\"name\":\"B\u00f6lg\u0259\",\"item\":\"https:\\\/\\\/www.meydan.tv\\\/az\\\/section\\\/bolge\\\/\"},{\"@type\":\"ListItem\",\"position\":3,\"name\":\"\u201cB\u0259l\u0259diyy\u0259 s\u0259dri qohumu, Vergil\u0259r nazirinin m\u00fcavini Sahir M\u0259mm\u0259dxanova arxalan\u0131b m\u0259ni tutdurmaq ist\u0259yir\u201d\"}]},{\"@type\":\"WebSite\",\"@id\":\"https:\\\/\\\/www.meydan.tv\\\/az\\\/#website\",\"url\":\"https:\\\/\\\/www.meydan.tv\\\/az\\\/\",\"name\":\"MEYDAN.TV\",\"description\":\"Meydan TV Az\u0259rbaycan\u0131n media m\u0259kan\u0131ndak\u0131 alternativ s\u0259sidir\",\"publisher\":{\"@id\":\"https:\\\/\\\/www.meydan.tv\\\/az\\\/#organization\"},\"potentialAction\":[{\"@type\":\"SearchAction\",\"target\":{\"@type\":\"EntryPoint\",\"urlTemplate\":\"https:\\\/\\\/www.meydan.tv\\\/az\\\/?s={search_term_string}\"},\"query-input\":{\"@type\":\"PropertyValueSpecification\",\"valueRequired\":true,\"valueName\":\"search_term_string\"}}],\"inLanguage\":\"az\"},{\"@type\":\"Organization\",\"@id\":\"https:\\\/\\\/www.meydan.tv\\\/az\\\/#organization\",\"name\":\"Meydan TV\",\"url\":\"https:\\\/\\\/www.meydan.tv\\\/az\\\/\",\"logo\":{\"@type\":\"ImageObject\",\"inLanguage\":\"az\",\"@id\":\"https:\\\/\\\/www.meydan.tv\\\/az\\\/#\\\/schema\\\/logo\\\/image\\\/\",\"url\":\"https:\\\/\\\/www.meydan.tv\\\/wp-content\\\/uploads\\\/2021\\\/07\\\/meydan-logo.svg\",\"contentUrl\":\"https:\\\/\\\/www.meydan.tv\\\/wp-content\\\/uploads\\\/2021\\\/07\\\/meydan-logo.svg\",\"width\":195,\"height\":46,\"caption\":\"Meydan TV\"},\"image\":{\"@id\":\"https:\\\/\\\/www.meydan.tv\\\/az\\\/#\\\/schema\\\/logo\\\/image\\\/\"}},{\"@type\":\"Person\",\"@id\":\"https:\\\/\\\/www.meydan.tv\\\/az\\\/#\\\/schema\\\/person\\\/10d11eccf6da3662cf5fdab9806ea91a\",\"name\":\"user-manager\"}]}<\/script>\n<!-- \/ Yoast SEO plugin. -->","yoast_head_json":{"title":"\u201cB\u0259l\u0259diyy\u0259 s\u0259dri qohumu, Vergil\u0259r nazirinin m\u00fcavini Sahir M\u0259mm\u0259dxanova arxalan\u0131b m\u0259ni tutdurmaq ist\u0259yir\u201d - MEYDAN.TV","robots":{"index":"index","follow":"follow","max-snippet":"max-snippet:-1","max-image-preview":"max-image-preview:large","max-video-preview":"max-video-preview:-1"},"canonical":"https:\/\/www.meydan.tv\/az\/article\/belediyye-sedri-qohumu-vergiler-nazirinin-muavini-sahir-memmedxanova-arxalanib-meni-tutdurmaq-isteyir\/","og_locale":"az_AZ","og_type":"article","og_title":"\u201cB\u0259l\u0259diyy\u0259 s\u0259dri qohumu, Vergil\u0259r nazirinin m\u00fcavini Sahir M\u0259mm\u0259dxanova arxalan\u0131b m\u0259ni tutdurmaq ist\u0259yir\u201d - MEYDAN.TV","og_description":"\u0130smay\u0131ll\u0131 sakini \u015fikay\u0259t etdiyi \u00fc\u00e7\u00fcn ail\u0259sinin t\u0259zyiql\u0259 \u00fczl\u0259\u015fdiyini deyir","og_url":"https:\/\/www.meydan.tv\/az\/article\/belediyye-sedri-qohumu-vergiler-nazirinin-muavini-sahir-memmedxanova-arxalanib-meni-tutdurmaq-isteyir\/","og_site_name":"MEYDAN.TV","article_published_time":"2020-10-13T10:53:07+00:00","og_image":[{"width":1032,"height":774,"url":"https:\/\/www.meydan.tv\/wp-content\/uploads\/img-20200922-wa0002.jpg","type":"image\/jpeg"}],"author":"user-manager","twitter_card":"summary_large_image","schema":{"@context":"https:\/\/schema.org","@graph":[{"@type":"Article","@id":"https:\/\/www.meydan.tv\/az\/article\/belediyye-sedri-qohumu-vergiler-nazirinin-muavini-sahir-memmedxanova-arxalanib-meni-tutdurmaq-isteyir\/#article","isPartOf":{"@id":"https:\/\/www.meydan.tv\/az\/article\/belediyye-sedri-qohumu-vergiler-nazirinin-muavini-sahir-memmedxanova-arxalanib-meni-tutdurmaq-isteyir\/"},"author":{"name":"user-manager","@id":"https:\/\/www.meydan.tv\/az\/#\/schema\/person\/10d11eccf6da3662cf5fdab9806ea91a"},"headline":"\u201cB\u0259l\u0259diyy\u0259 s\u0259dri qohumu, Vergil\u0259r nazirinin m\u00fcavini Sahir M\u0259mm\u0259dxanova arxalan\u0131b m\u0259ni tutdurmaq ist\u0259yir\u201d","datePublished":"2020-10-13T10:53:07+00:00","mainEntityOfPage":{"@id":"https:\/\/www.meydan.tv\/az\/article\/belediyye-sedri-qohumu-vergiler-nazirinin-muavini-sahir-memmedxanova-arxalanib-meni-tutdurmaq-isteyir\/"},"wordCount":1132,"publisher":{"@id":"https:\/\/www.meydan.tv\/az\/#organization"},"image":{"@id":"https:\/\/www.meydan.tv\/az\/article\/belediyye-sedri-qohumu-vergiler-nazirinin-muavini-sahir-memmedxanova-arxalanib-meni-tutdurmaq-isteyir\/#primaryimage"},"thumbnailUrl":"https:\/\/www.meydan.tv\/wp-content\/uploads\/img-20200922-wa0002.jpg","articleSection":["B\u00f6lg\u0259"],"inLanguage":"az"},{"@type":"WebPage","@id":"https:\/\/www.meydan.tv\/az\/article\/belediyye-sedri-qohumu-vergiler-nazirinin-muavini-sahir-memmedxanova-arxalanib-meni-tutdurmaq-isteyir\/","url":"https:\/\/www.meydan.tv\/az\/article\/belediyye-sedri-qohumu-vergiler-nazirinin-muavini-sahir-memmedxanova-arxalanib-meni-tutdurmaq-isteyir\/","name":"\u201cB\u0259l\u0259diyy\u0259 s\u0259dri qohumu, Vergil\u0259r nazirinin m\u00fcavini Sahir M\u0259mm\u0259dxanova arxalan\u0131b m\u0259ni tutdurmaq ist\u0259yir\u201d - MEYDAN.TV","isPartOf":{"@id":"https:\/\/www.meydan.tv\/az\/#website"},"primaryImageOfPage":{"@id":"https:\/\/www.meydan.tv\/az\/article\/belediyye-sedri-qohumu-vergiler-nazirinin-muavini-sahir-memmedxanova-arxalanib-meni-tutdurmaq-isteyir\/#primaryimage"},"image":{"@id":"https:\/\/www.meydan.tv\/az\/article\/belediyye-sedri-qohumu-vergiler-nazirinin-muavini-sahir-memmedxanova-arxalanib-meni-tutdurmaq-isteyir\/#primaryimage"},"thumbnailUrl":"https:\/\/www.meydan.tv\/wp-content\/uploads\/img-20200922-wa0002.jpg","datePublished":"2020-10-13T10:53:07+00:00","breadcrumb":{"@id":"https:\/\/www.meydan.tv\/az\/article\/belediyye-sedri-qohumu-vergiler-nazirinin-muavini-sahir-memmedxanova-arxalanib-meni-tutdurmaq-isteyir\/#breadcrumb"},"inLanguage":"az","potentialAction":[{"@type":"ReadAction","target":["https:\/\/www.meydan.tv\/az\/article\/belediyye-sedri-qohumu-vergiler-nazirinin-muavini-sahir-memmedxanova-arxalanib-meni-tutdurmaq-isteyir\/"]}]},{"@type":"ImageObject","inLanguage":"az","@id":"https:\/\/www.meydan.tv\/az\/article\/belediyye-sedri-qohumu-vergiler-nazirinin-muavini-sahir-memmedxanova-arxalanib-meni-tutdurmaq-isteyir\/#primaryimage","url":"https:\/\/www.meydan.tv\/wp-content\/uploads\/img-20200922-wa0002.jpg","contentUrl":"https:\/\/www.meydan.tv\/wp-content\/uploads\/img-20200922-wa0002.jpg","width":1032,"height":774,"caption":"Source: Meydan Tv"},{"@type":"BreadcrumbList","@id":"https:\/\/www.meydan.tv\/az\/article\/belediyye-sedri-qohumu-vergiler-nazirinin-muavini-sahir-memmedxanova-arxalanib-meni-tutdurmaq-isteyir\/#breadcrumb","itemListElement":[{"@type":"ListItem","position":1,"name":"Ana s\u0259hif\u0259","item":"https:\/\/www.meydan.tv\/az\/"},{"@type":"ListItem","position":2,"name":"B\u00f6lg\u0259","item":"https:\/\/www.meydan.tv\/az\/section\/bolge\/"},{"@type":"ListItem","position":3,"name":"\u201cB\u0259l\u0259diyy\u0259 s\u0259dri qohumu, Vergil\u0259r nazirinin m\u00fcavini Sahir M\u0259mm\u0259dxanova arxalan\u0131b m\u0259ni tutdurmaq ist\u0259yir\u201d"}]},{"@type":"WebSite","@id":"https:\/\/www.meydan.tv\/az\/#website","url":"https:\/\/www.meydan.tv\/az\/","name":"MEYDAN.TV","description":"Meydan TV Az\u0259rbaycan\u0131n media m\u0259kan\u0131ndak\u0131 alternativ s\u0259sidir","publisher":{"@id":"https:\/\/www.meydan.tv\/az\/#organization"},"potentialAction":[{"@type":"SearchAction","target":{"@type":"EntryPoint","urlTemplate":"https:\/\/www.meydan.tv\/az\/?s={search_term_string}"},"query-input":{"@type":"PropertyValueSpecification","valueRequired":true,"valueName":"search_term_string"}}],"inLanguage":"az"},{"@type":"Organization","@id":"https:\/\/www.meydan.tv\/az\/#organization","name":"Meydan TV","url":"https:\/\/www.meydan.tv\/az\/","logo":{"@type":"ImageObject","inLanguage":"az","@id":"https:\/\/www.meydan.tv\/az\/#\/schema\/logo\/image\/","url":"https:\/\/www.meydan.tv\/wp-content\/uploads\/2021\/07\/meydan-logo.svg","contentUrl":"https:\/\/www.meydan.tv\/wp-content\/uploads\/2021\/07\/meydan-logo.svg","width":195,"height":46,"caption":"Meydan TV"},"image":{"@id":"https:\/\/www.meydan.tv\/az\/#\/schema\/logo\/image\/"}},{"@type":"Person","@id":"https:\/\/www.meydan.tv\/az\/#\/schema\/person\/10d11eccf6da3662cf5fdab9806ea91a","name":"user-manager"}]}},"_links":{"self":[{"href":"https:\/\/www.meydan.tv\/az\/wp-json\/wp\/v2\/posts\/202965","targetHints":{"allow":["GET"]}}],"collection":[{"href":"https:\/\/www.meydan.tv\/az\/wp-json\/wp\/v2\/posts"}],"about":[{"href":"https:\/\/www.meydan.tv\/az\/wp-json\/wp\/v2\/types\/post"}],"author":[{"embeddable":true,"href":"https:\/\/www.meydan.tv\/az\/wp-json\/wp\/v2\/users\/11"}],"replies":[{"embeddable":true,"href":"https:\/\/www.meydan.tv\/az\/wp-json\/wp\/v2\/comments?post=202965"}],"version-history":[{"count":0,"href":"https:\/\/www.meydan.tv\/az\/wp-json\/wp\/v2\/posts\/202965\/revisions"}],"wp:featuredmedia":[{"embeddable":true,"href":"https:\/\/www.meydan.tv\/az\/wp-json\/wp\/v2\/media\/149449"}],"wp:attachment":[{"href":"https:\/\/www.meydan.tv\/az\/wp-json\/wp\/v2\/media?parent=202965"}],"wp:term":[{"taxonomy":"category","embeddable":true,"href":"https:\/\/www.meydan.tv\/az\/wp-json\/wp\/v2\/categories?post=202965"},{"taxonomy":"post_tag","embeddable":true,"href":"https:\/\/www.meydan.tv\/az\/wp-json\/wp\/v2\/tags?post=202965"}],"curies":[{"name":"wp","href":"https:\/\/api.w.org\/{rel}","templated":true}]}}