{"id":202944,"date":"2020-10-12T05:27:21","date_gmt":"2020-10-12T05:27:21","guid":{"rendered":"https:\/\/www.meydan.tv\/article\/iki-heftedir-icmeli-sudan-les-iyi-gelir\/"},"modified":"2020-10-12T05:27:21","modified_gmt":"2020-10-12T05:27:21","slug":"iki-heftedir-icmeli-sudan-les-iyi-gelir","status":"publish","type":"post","link":"https:\/\/www.meydan.tv\/az\/article\/iki-heftedir-icmeli-sudan-les-iyi-gelir\/","title":{"rendered":"\u201c\u0130ki h\u0259ft\u0259dir i\u00e7m\u0259li sudan le\u015f iyi g\u0259lir\u201d"},"content":{"rendered":"<p>\n  <i><br \/>\n    Sabirabaddan v\u0259 Hac\u0131qabuldan i\u00e7m\u0259li su il\u0259 ba\u011fl\u0131 \u015fikay\u0259tl\u0259r var<br \/>\n  <\/i>\n<\/p>\n<p>\n  \u201cSudan kifl\u0259nmi\u015f qoxu g\u0259lir. Qoxu h\u0259rd\u0259n g\u00fccl\u00fc olur, h\u0259rd\u0259n z\u0259ifl\u0259yir. \u0130ki h\u0259ft\u0259dir ki, suyu ma\u011fazadan al\u0131b i\u00e7irik\u201d.\n<\/p>\n<p>\n  Sabirabaddan v\u0259 Hac\u0131qabuldan Meydan TV-y\u0259 i\u00e7m\u0259li su il\u0259 ba\u011fl\u0131 \u015fikay\u0259tl\u0259r var. N\u0259vahi sakini \u0130bad N\u0259zirov dan\u0131\u015f\u0131r ki, rayonun Qubal\u0131 Balo\u011flan, Pirsaat, R\u0259ncb\u0259r, N\u0259vahi, Atbulaq, Uzunburun, K\u00fcrd\u00e7\u00fc v\u0259 ba\u015fqa q\u0259s\u0259b\u0259l\u0259rind\u0259, k\u0259ndl\u0259rind\u0259 i\u00e7m\u0259lu su problemi ya\u015fan\u0131r. Su x\u0259tti il\u0259 \u0259haliy\u0259 veril\u0259n sudan pis qoxu g\u0259ldiyi \u00fc\u00e7\u00fcn adamlar i\u00e7m\u0259li suyu \u00fc\u00e7\u00fcn ma\u011fazalara \u00fcz tutmal\u0131 olur.\n<\/p>\n<p>\n  <b><br \/>\n    \u201cSanki kanalizasiya sular\u0131 i\u00e7m\u0259li suya qar\u0131\u015f\u0131b\u201d<br \/>\n  <\/b>\n<\/p>\n<p>\n  \u201cHac\u0131qabuldan Bak\u0131 istiqam\u0259tind\u0259 olan b\u00fct\u00fcn k\u0259ndl\u0259r, q\u0259s\u0259b\u0259l\u0259r i\u00e7m\u0259li sudan istifad\u0259 ed\u0259 bilmir. \u0130mkan\u0131 olan ma\u011fazadan 10-20 litlik su al\u0131r, imkan\u0131 olmayan m\u0259cburdur ki, qoxu ver\u0259n suyu qaynad\u0131b i\u00e7sin. Su kanalizasiya sular\u0131n\u0131n qoxusunu verir. Sanki hardasa kanalizasiya sular\u0131 i\u00e7m\u0259li sulara qar\u0131\u015f\u0131b. \u0130nsanlar bu suyu u\u00e7m\u0259k m\u0259cburiyy\u0259tind\u0259 qal\u0131r. Suyumuz 1960-c\u0131 ill\u0259rd\u0259 Hac\u0131qabuldak\u0131 Tal\u0131\u015f k\u0259ndind\u0259n \u00e7\u0259kil\u0259n su k\u0259m\u0259rl\u0259ri il\u0259 g\u0259lib k\u0259ndl\u0259rimizd\u0259n ke\u00e7ir, k\u0259ndl\u0259rimiz\u0259 g\u0259l\u0259n su qoxuludur, bizd\u0259n Sanqa\u00e7alda \u00f6t\u00fcr\u00fcl\u00fcr, orada iki d\u0259f\u0259 durulur, sonra Bak\u0131 \u015f\u0259h\u0259rin\u0259 \u00f6t\u00fcr\u00fcl\u00fcr\u201d.\n<\/p>\n<p>\n  \u018fhali Hac\u0131qabulun Tal\u0131\u015f k\u0259ndind\u0259 yerl\u0259\u015f\u0259n K\u00fcr Su K\u0259m\u0259rl\u0259ri \u0130stismar \u0130dar\u0259sin\u0259 d\u0259 m\u00fcraci\u0259t edibl\u0259r. Dem\u0259l\u0259rin\u0259 g\u00f6r\u0259, onlar\u0131n m\u00fcraci\u0259tl\u0259ri il\u0259 \u0259laq\u0259dar he\u00e7 bir t\u0259dbir g\u00f6r\u00fclm\u0259yib. N\u0259vahi sakini Fuad Nur\u0259liyev deyir, sentyabr\u0131n 26-da \u201cAz\u0259rsu\u201d ASC-nin Qaynar x\u0259ttin\u0259 z\u0259ng vurub, \u015fikay\u0259ti qeyd\u0259 al\u0131n\u0131b, ancaq he\u00e7 bir n\u0259tic\u0259si olmay\u0131b.\n<\/p>\n<p>\n  <b><br \/>\n    \u201c\u0130\u00e7irik, gerisind\u0259n Allah qorusun\u201d<br \/>\n  <\/b>\n<\/p>\n<p>\n  \u201cN\u0259vahi k\u0259ndind\u0259 550, N\u0259vahi q\u0259s\u0259b\u0259sind\u0259 400, Pirsaatda 100, Qa\u00e7q\u0131nlar q\u0259s\u0259b\u0259sind\u0259 300 ev var, h\u0259l\u0259 dig\u0259r k\u0259ndl\u0259ri, q\u0259s\u0259b\u0259l\u0259ri d\u0259 n\u0259z\u0259r\u0259 alsaq, minl\u0259rl\u0259 ail\u0259 bu sudan istifad\u0259 edir. Sudak\u0131 qoxu g\u00fcnb\u0259g\u00fcn daha da art\u0131r. \u0130nsanlar bu suyu i\u00e7m\u0259kd\u0259 davam edir, gerisind\u0259n Allah qorusun. Sanki kanalizasiya suyudur, qaynad\u0131b i\u00e7irik. \u201cAz\u0259rsu\u201d ASC-nin Qaynar x\u0259ttin\u0259 z\u0259ng vurdum, dedim, minl\u0259rl\u0259 ail\u0259 kanalizasiya suyu il\u0259 qidalan\u0131r, dinl\u0259dil\u0259r, dedil\u0259r, \u015fikay\u0259tiniz qeyd\u0259 al\u0131nd, ara\u015fd\u0131r\u0131lacaq, t\u0259dbir g\u00f6r\u00fcl\u0259c\u0259k. \u0130ki h\u0259ft\u0259 ke\u00e7ir, he\u00e7 bir t\u0259dbir g\u00f6r\u00fclm\u0259yib. B\u0259l\u0259diyy\u0259y\u0259 dedik, dedi, vallah, biz d\u0259 su idar\u0259sin\u0259 m\u0259lumat vermi\u015fik, dey\u0259s\u0259n i\u00e7m\u0259li su kanalizasiya sular\u0131na qar\u0131\u015f\u0131b. Hac\u0131qabuldak\u0131 su idar\u0259sin\u0259 gedirik, qar\u015f\u0131m\u0131za he\u00e7 kim \u00e7\u0131xm\u0131r. Abduabad, Neyniman, Xil\u0259mirz\u0259li, Mu\u011fan, Qarasu, ba\u015fqa k\u0259nd v\u0259 q\u0259s\u0259b\u0259l\u0259rd\u0259 d\u0259 minl\u0259rl\u0259 ail\u0259 can\u0131n\u0131 di\u015fin\u0259 tutub, bu suyu i\u00e7ir\u201d,- \u015fikay\u0259t\u00e7i deyir.\n<\/p>\n<p>\n  <b><br \/>\n    Sabirabadda da eyni v\u0259ziyy\u0259tdir<br \/>\n  <\/b>\n<\/p>\n<p>\n  Eyni \u015fikay\u0259tl\u0259r Sabirabaddan daxil olub. Rayon sakini R\u0259na Mehr\u0259liyeva deyir, 2 h\u0259ft\u0259dir ki, i\u00e7m\u0259li su qoxuludur:\n<\/p>\n<p>\n  \u201cHaz\u0131rda i\u00e7diyimiz su yoluxucu x\u0259st\u0259lik m\u0259nb\u0259yidir. Suya yax\u0131n getm\u0259k olmur, le\u015f iyi g\u0259lir. \u018fli \u00e7atan \u201cBulaql\u0131\u201d deyil\u0259n \u0259raziy\u0259 gedir, orda \u201cyeralt\u0131 bulaq\u201d var, o bulaqdan su bidonlar\u0131n\u0131 i\u00e7m\u0259li su il\u0259 doldurub g\u0259lir. Ora \u0259li \u00e7atmayanlarsa ma\u011fazadan su almaq m\u0259cburiyy\u0259tind\u0259 qal\u0131b. Aidiyy\u0259ti qurumlardan biri \u00e7\u0131x\u0131b a\u00e7\u0131qlama vermir ki, bu, n\u0259 m\u0259s\u0259l\u0259dir v\u0259 n\u0259 vaxta kimi davam ed\u0259c\u0259k\u201d.\n<\/p>\n<p>\n  H\u0259r iki rayonun icra hakimiyy\u0259tind\u0259n bildirilib ki, \u0259halinin naraz\u0131l\u0131\u011f\u0131 il\u0259 ba\u011fl\u0131 \u201cAz\u0259rsu\u201d ASC-y\u0259 m\u00fcraci\u0259t olunub, tezlikl\u0259 problem h\u0259llini tapacaq. \u201cAz\u0259rsu\u201d ASC-d\u0259n is\u0259 m\u00fcnasib\u0259t \u00f6yr\u0259nm\u0259k m\u00fcmk\u00fcn olmay\u0131b.<\/p>\n","protected":false},"excerpt":{"rendered":"<p>\u201cN\u0259vahi k\u0259ndind\u0259 550, N\u0259vahi q\u0259s\u0259b\u0259sind\u0259 400, Pirsaatda 100, Qa\u00e7q\u0131nlar q\u0259s\u0259b\u0259sind\u0259 300 ev var, h\u0259l\u0259 dig\u0259r k\u0259ndl\u0259ri, q\u0259s\u0259b\u0259l\u0259ri d\u0259 n\u0259z\u0259r\u0259 alsaq, minl\u0259rl\u0259 ail\u0259 bu sudan istifad\u0259 edir&#8221;<\/p>\n","protected":false},"author":11,"featured_media":149377,"comment_status":"closed","ping_status":"open","sticky":false,"template":"","format":"standard","meta":{"_acf_changed":false,"_sitemap_exclude":false,"_sitemap_priority":"","_sitemap_frequency":"","footnotes":""},"categories":[60],"tags":[],"class_list":["post-202944","post","type-post","status-publish","format-standard","has-post-thumbnail","hentry","category-bolge","infinite-scroll-item","generate-columns","tablet-grid-50","mobile-grid-100","grid-parent","grid-33","no-featured-image-padding"],"acf":[],"yoast_head":"<!-- This site is optimized with the Yoast SEO plugin v27.5 - https:\/\/yoast.com\/product\/yoast-seo-wordpress\/ -->\n<title>\u201c\u0130ki h\u0259ft\u0259dir i\u00e7m\u0259li sudan le\u015f iyi g\u0259lir\u201d - MEYDAN.TV<\/title>\n<meta name=\"robots\" content=\"index, follow, max-snippet:-1, max-image-preview:large, max-video-preview:-1\" \/>\n<link rel=\"canonical\" href=\"https:\/\/www.meydan.tv\/az\/article\/iki-heftedir-icmeli-sudan-les-iyi-gelir\/\" \/>\n<meta property=\"og:locale\" content=\"az_AZ\" \/>\n<meta property=\"og:type\" content=\"article\" \/>\n<meta property=\"og:title\" content=\"\u201c\u0130ki h\u0259ft\u0259dir i\u00e7m\u0259li sudan le\u015f iyi g\u0259lir\u201d - MEYDAN.TV\" \/>\n<meta property=\"og:description\" content=\"\u201cN\u0259vahi k\u0259ndind\u0259 550, N\u0259vahi q\u0259s\u0259b\u0259sind\u0259 400, Pirsaatda 100, Qa\u00e7q\u0131nlar q\u0259s\u0259b\u0259sind\u0259 300 ev var, h\u0259l\u0259 dig\u0259r k\u0259ndl\u0259ri, q\u0259s\u0259b\u0259l\u0259ri d\u0259 n\u0259z\u0259r\u0259 alsaq, minl\u0259rl\u0259 ail\u0259 bu sudan istifad\u0259 edir&quot;\" \/>\n<meta property=\"og:url\" content=\"https:\/\/www.meydan.tv\/az\/article\/iki-heftedir-icmeli-sudan-les-iyi-gelir\/\" \/>\n<meta property=\"og:site_name\" content=\"MEYDAN.TV\" \/>\n<meta property=\"article:published_time\" content=\"2020-10-12T05:27:21+00:00\" \/>\n<meta property=\"og:image\" content=\"https:\/\/www.meydan.tv\/wp-content\/uploads\/ilham_aliyev_kanal_19082017_-_11.jpg\" \/>\n\t<meta property=\"og:image:width\" content=\"1000\" \/>\n\t<meta property=\"og:image:height\" content=\"665\" \/>\n\t<meta property=\"og:image:type\" content=\"image\/jpeg\" \/>\n<meta name=\"author\" content=\"user-manager\" \/>\n<meta name=\"twitter:card\" content=\"summary_large_image\" \/>\n<script type=\"application\/ld+json\" class=\"yoast-schema-graph\">{\"@context\":\"https:\\\/\\\/schema.org\",\"@graph\":[{\"@type\":\"Article\",\"@id\":\"https:\\\/\\\/www.meydan.tv\\\/az\\\/article\\\/iki-heftedir-icmeli-sudan-les-iyi-gelir\\\/#article\",\"isPartOf\":{\"@id\":\"https:\\\/\\\/www.meydan.tv\\\/az\\\/article\\\/iki-heftedir-icmeli-sudan-les-iyi-gelir\\\/\"},\"author\":{\"name\":\"user-manager\",\"@id\":\"https:\\\/\\\/www.meydan.tv\\\/az\\\/#\\\/schema\\\/person\\\/10d11eccf6da3662cf5fdab9806ea91a\"},\"headline\":\"\u201c\u0130ki h\u0259ft\u0259dir i\u00e7m\u0259li sudan le\u015f iyi g\u0259lir\u201d\",\"datePublished\":\"2020-10-12T05:27:21+00:00\",\"mainEntityOfPage\":{\"@id\":\"https:\\\/\\\/www.meydan.tv\\\/az\\\/article\\\/iki-heftedir-icmeli-sudan-les-iyi-gelir\\\/\"},\"wordCount\":720,\"publisher\":{\"@id\":\"https:\\\/\\\/www.meydan.tv\\\/az\\\/#organization\"},\"image\":{\"@id\":\"https:\\\/\\\/www.meydan.tv\\\/az\\\/article\\\/iki-heftedir-icmeli-sudan-les-iyi-gelir\\\/#primaryimage\"},\"thumbnailUrl\":\"https:\\\/\\\/www.meydan.tv\\\/wp-content\\\/uploads\\\/ilham_aliyev_kanal_19082017_-_11.jpg\",\"articleSection\":[\"B\u00f6lg\u0259\"],\"inLanguage\":\"az\"},{\"@type\":\"WebPage\",\"@id\":\"https:\\\/\\\/www.meydan.tv\\\/az\\\/article\\\/iki-heftedir-icmeli-sudan-les-iyi-gelir\\\/\",\"url\":\"https:\\\/\\\/www.meydan.tv\\\/az\\\/article\\\/iki-heftedir-icmeli-sudan-les-iyi-gelir\\\/\",\"name\":\"\u201c\u0130ki h\u0259ft\u0259dir i\u00e7m\u0259li sudan le\u015f iyi g\u0259lir\u201d - MEYDAN.TV\",\"isPartOf\":{\"@id\":\"https:\\\/\\\/www.meydan.tv\\\/az\\\/#website\"},\"primaryImageOfPage\":{\"@id\":\"https:\\\/\\\/www.meydan.tv\\\/az\\\/article\\\/iki-heftedir-icmeli-sudan-les-iyi-gelir\\\/#primaryimage\"},\"image\":{\"@id\":\"https:\\\/\\\/www.meydan.tv\\\/az\\\/article\\\/iki-heftedir-icmeli-sudan-les-iyi-gelir\\\/#primaryimage\"},\"thumbnailUrl\":\"https:\\\/\\\/www.meydan.tv\\\/wp-content\\\/uploads\\\/ilham_aliyev_kanal_19082017_-_11.jpg\",\"datePublished\":\"2020-10-12T05:27:21+00:00\",\"breadcrumb\":{\"@id\":\"https:\\\/\\\/www.meydan.tv\\\/az\\\/article\\\/iki-heftedir-icmeli-sudan-les-iyi-gelir\\\/#breadcrumb\"},\"inLanguage\":\"az\",\"potentialAction\":[{\"@type\":\"ReadAction\",\"target\":[\"https:\\\/\\\/www.meydan.tv\\\/az\\\/article\\\/iki-heftedir-icmeli-sudan-les-iyi-gelir\\\/\"]}]},{\"@type\":\"ImageObject\",\"inLanguage\":\"az\",\"@id\":\"https:\\\/\\\/www.meydan.tv\\\/az\\\/article\\\/iki-heftedir-icmeli-sudan-les-iyi-gelir\\\/#primaryimage\",\"url\":\"https:\\\/\\\/www.meydan.tv\\\/wp-content\\\/uploads\\\/ilham_aliyev_kanal_19082017_-_11.jpg\",\"contentUrl\":\"https:\\\/\\\/www.meydan.tv\\\/wp-content\\\/uploads\\\/ilham_aliyev_kanal_19082017_-_11.jpg\",\"width\":1000,\"height\":665,\"caption\":\"Source: google.az\"},{\"@type\":\"BreadcrumbList\",\"@id\":\"https:\\\/\\\/www.meydan.tv\\\/az\\\/article\\\/iki-heftedir-icmeli-sudan-les-iyi-gelir\\\/#breadcrumb\",\"itemListElement\":[{\"@type\":\"ListItem\",\"position\":1,\"name\":\"Ana s\u0259hif\u0259\",\"item\":\"https:\\\/\\\/www.meydan.tv\\\/az\\\/\"},{\"@type\":\"ListItem\",\"position\":2,\"name\":\"B\u00f6lg\u0259\",\"item\":\"https:\\\/\\\/www.meydan.tv\\\/az\\\/section\\\/bolge\\\/\"},{\"@type\":\"ListItem\",\"position\":3,\"name\":\"\u201c\u0130ki h\u0259ft\u0259dir i\u00e7m\u0259li sudan le\u015f iyi g\u0259lir\u201d\"}]},{\"@type\":\"WebSite\",\"@id\":\"https:\\\/\\\/www.meydan.tv\\\/az\\\/#website\",\"url\":\"https:\\\/\\\/www.meydan.tv\\\/az\\\/\",\"name\":\"MEYDAN.TV\",\"description\":\"Meydan TV Az\u0259rbaycan\u0131n media m\u0259kan\u0131ndak\u0131 alternativ s\u0259sidir\",\"publisher\":{\"@id\":\"https:\\\/\\\/www.meydan.tv\\\/az\\\/#organization\"},\"potentialAction\":[{\"@type\":\"SearchAction\",\"target\":{\"@type\":\"EntryPoint\",\"urlTemplate\":\"https:\\\/\\\/www.meydan.tv\\\/az\\\/?s={search_term_string}\"},\"query-input\":{\"@type\":\"PropertyValueSpecification\",\"valueRequired\":true,\"valueName\":\"search_term_string\"}}],\"inLanguage\":\"az\"},{\"@type\":\"Organization\",\"@id\":\"https:\\\/\\\/www.meydan.tv\\\/az\\\/#organization\",\"name\":\"Meydan TV\",\"url\":\"https:\\\/\\\/www.meydan.tv\\\/az\\\/\",\"logo\":{\"@type\":\"ImageObject\",\"inLanguage\":\"az\",\"@id\":\"https:\\\/\\\/www.meydan.tv\\\/az\\\/#\\\/schema\\\/logo\\\/image\\\/\",\"url\":\"https:\\\/\\\/www.meydan.tv\\\/wp-content\\\/uploads\\\/2021\\\/07\\\/meydan-logo.svg\",\"contentUrl\":\"https:\\\/\\\/www.meydan.tv\\\/wp-content\\\/uploads\\\/2021\\\/07\\\/meydan-logo.svg\",\"width\":195,\"height\":46,\"caption\":\"Meydan TV\"},\"image\":{\"@id\":\"https:\\\/\\\/www.meydan.tv\\\/az\\\/#\\\/schema\\\/logo\\\/image\\\/\"}},{\"@type\":\"Person\",\"@id\":\"https:\\\/\\\/www.meydan.tv\\\/az\\\/#\\\/schema\\\/person\\\/10d11eccf6da3662cf5fdab9806ea91a\",\"name\":\"user-manager\"}]}<\/script>\n<!-- \/ Yoast SEO plugin. -->","yoast_head_json":{"title":"\u201c\u0130ki h\u0259ft\u0259dir i\u00e7m\u0259li sudan le\u015f iyi g\u0259lir\u201d - MEYDAN.TV","robots":{"index":"index","follow":"follow","max-snippet":"max-snippet:-1","max-image-preview":"max-image-preview:large","max-video-preview":"max-video-preview:-1"},"canonical":"https:\/\/www.meydan.tv\/az\/article\/iki-heftedir-icmeli-sudan-les-iyi-gelir\/","og_locale":"az_AZ","og_type":"article","og_title":"\u201c\u0130ki h\u0259ft\u0259dir i\u00e7m\u0259li sudan le\u015f iyi g\u0259lir\u201d - MEYDAN.TV","og_description":"\u201cN\u0259vahi k\u0259ndind\u0259 550, N\u0259vahi q\u0259s\u0259b\u0259sind\u0259 400, Pirsaatda 100, Qa\u00e7q\u0131nlar q\u0259s\u0259b\u0259sind\u0259 300 ev var, h\u0259l\u0259 dig\u0259r k\u0259ndl\u0259ri, q\u0259s\u0259b\u0259l\u0259ri d\u0259 n\u0259z\u0259r\u0259 alsaq, minl\u0259rl\u0259 ail\u0259 bu sudan istifad\u0259 edir\"","og_url":"https:\/\/www.meydan.tv\/az\/article\/iki-heftedir-icmeli-sudan-les-iyi-gelir\/","og_site_name":"MEYDAN.TV","article_published_time":"2020-10-12T05:27:21+00:00","og_image":[{"width":1000,"height":665,"url":"https:\/\/www.meydan.tv\/wp-content\/uploads\/ilham_aliyev_kanal_19082017_-_11.jpg","type":"image\/jpeg"}],"author":"user-manager","twitter_card":"summary_large_image","schema":{"@context":"https:\/\/schema.org","@graph":[{"@type":"Article","@id":"https:\/\/www.meydan.tv\/az\/article\/iki-heftedir-icmeli-sudan-les-iyi-gelir\/#article","isPartOf":{"@id":"https:\/\/www.meydan.tv\/az\/article\/iki-heftedir-icmeli-sudan-les-iyi-gelir\/"},"author":{"name":"user-manager","@id":"https:\/\/www.meydan.tv\/az\/#\/schema\/person\/10d11eccf6da3662cf5fdab9806ea91a"},"headline":"\u201c\u0130ki h\u0259ft\u0259dir i\u00e7m\u0259li sudan le\u015f iyi g\u0259lir\u201d","datePublished":"2020-10-12T05:27:21+00:00","mainEntityOfPage":{"@id":"https:\/\/www.meydan.tv\/az\/article\/iki-heftedir-icmeli-sudan-les-iyi-gelir\/"},"wordCount":720,"publisher":{"@id":"https:\/\/www.meydan.tv\/az\/#organization"},"image":{"@id":"https:\/\/www.meydan.tv\/az\/article\/iki-heftedir-icmeli-sudan-les-iyi-gelir\/#primaryimage"},"thumbnailUrl":"https:\/\/www.meydan.tv\/wp-content\/uploads\/ilham_aliyev_kanal_19082017_-_11.jpg","articleSection":["B\u00f6lg\u0259"],"inLanguage":"az"},{"@type":"WebPage","@id":"https:\/\/www.meydan.tv\/az\/article\/iki-heftedir-icmeli-sudan-les-iyi-gelir\/","url":"https:\/\/www.meydan.tv\/az\/article\/iki-heftedir-icmeli-sudan-les-iyi-gelir\/","name":"\u201c\u0130ki h\u0259ft\u0259dir i\u00e7m\u0259li sudan le\u015f iyi g\u0259lir\u201d - MEYDAN.TV","isPartOf":{"@id":"https:\/\/www.meydan.tv\/az\/#website"},"primaryImageOfPage":{"@id":"https:\/\/www.meydan.tv\/az\/article\/iki-heftedir-icmeli-sudan-les-iyi-gelir\/#primaryimage"},"image":{"@id":"https:\/\/www.meydan.tv\/az\/article\/iki-heftedir-icmeli-sudan-les-iyi-gelir\/#primaryimage"},"thumbnailUrl":"https:\/\/www.meydan.tv\/wp-content\/uploads\/ilham_aliyev_kanal_19082017_-_11.jpg","datePublished":"2020-10-12T05:27:21+00:00","breadcrumb":{"@id":"https:\/\/www.meydan.tv\/az\/article\/iki-heftedir-icmeli-sudan-les-iyi-gelir\/#breadcrumb"},"inLanguage":"az","potentialAction":[{"@type":"ReadAction","target":["https:\/\/www.meydan.tv\/az\/article\/iki-heftedir-icmeli-sudan-les-iyi-gelir\/"]}]},{"@type":"ImageObject","inLanguage":"az","@id":"https:\/\/www.meydan.tv\/az\/article\/iki-heftedir-icmeli-sudan-les-iyi-gelir\/#primaryimage","url":"https:\/\/www.meydan.tv\/wp-content\/uploads\/ilham_aliyev_kanal_19082017_-_11.jpg","contentUrl":"https:\/\/www.meydan.tv\/wp-content\/uploads\/ilham_aliyev_kanal_19082017_-_11.jpg","width":1000,"height":665,"caption":"Source: google.az"},{"@type":"BreadcrumbList","@id":"https:\/\/www.meydan.tv\/az\/article\/iki-heftedir-icmeli-sudan-les-iyi-gelir\/#breadcrumb","itemListElement":[{"@type":"ListItem","position":1,"name":"Ana s\u0259hif\u0259","item":"https:\/\/www.meydan.tv\/az\/"},{"@type":"ListItem","position":2,"name":"B\u00f6lg\u0259","item":"https:\/\/www.meydan.tv\/az\/section\/bolge\/"},{"@type":"ListItem","position":3,"name":"\u201c\u0130ki h\u0259ft\u0259dir i\u00e7m\u0259li sudan le\u015f iyi g\u0259lir\u201d"}]},{"@type":"WebSite","@id":"https:\/\/www.meydan.tv\/az\/#website","url":"https:\/\/www.meydan.tv\/az\/","name":"MEYDAN.TV","description":"Meydan TV Az\u0259rbaycan\u0131n media m\u0259kan\u0131ndak\u0131 alternativ s\u0259sidir","publisher":{"@id":"https:\/\/www.meydan.tv\/az\/#organization"},"potentialAction":[{"@type":"SearchAction","target":{"@type":"EntryPoint","urlTemplate":"https:\/\/www.meydan.tv\/az\/?s={search_term_string}"},"query-input":{"@type":"PropertyValueSpecification","valueRequired":true,"valueName":"search_term_string"}}],"inLanguage":"az"},{"@type":"Organization","@id":"https:\/\/www.meydan.tv\/az\/#organization","name":"Meydan TV","url":"https:\/\/www.meydan.tv\/az\/","logo":{"@type":"ImageObject","inLanguage":"az","@id":"https:\/\/www.meydan.tv\/az\/#\/schema\/logo\/image\/","url":"https:\/\/www.meydan.tv\/wp-content\/uploads\/2021\/07\/meydan-logo.svg","contentUrl":"https:\/\/www.meydan.tv\/wp-content\/uploads\/2021\/07\/meydan-logo.svg","width":195,"height":46,"caption":"Meydan TV"},"image":{"@id":"https:\/\/www.meydan.tv\/az\/#\/schema\/logo\/image\/"}},{"@type":"Person","@id":"https:\/\/www.meydan.tv\/az\/#\/schema\/person\/10d11eccf6da3662cf5fdab9806ea91a","name":"user-manager"}]}},"_links":{"self":[{"href":"https:\/\/www.meydan.tv\/az\/wp-json\/wp\/v2\/posts\/202944","targetHints":{"allow":["GET"]}}],"collection":[{"href":"https:\/\/www.meydan.tv\/az\/wp-json\/wp\/v2\/posts"}],"about":[{"href":"https:\/\/www.meydan.tv\/az\/wp-json\/wp\/v2\/types\/post"}],"author":[{"embeddable":true,"href":"https:\/\/www.meydan.tv\/az\/wp-json\/wp\/v2\/users\/11"}],"replies":[{"embeddable":true,"href":"https:\/\/www.meydan.tv\/az\/wp-json\/wp\/v2\/comments?post=202944"}],"version-history":[{"count":0,"href":"https:\/\/www.meydan.tv\/az\/wp-json\/wp\/v2\/posts\/202944\/revisions"}],"wp:featuredmedia":[{"embeddable":true,"href":"https:\/\/www.meydan.tv\/az\/wp-json\/wp\/v2\/media\/149377"}],"wp:attachment":[{"href":"https:\/\/www.meydan.tv\/az\/wp-json\/wp\/v2\/media?parent=202944"}],"wp:term":[{"taxonomy":"category","embeddable":true,"href":"https:\/\/www.meydan.tv\/az\/wp-json\/wp\/v2\/categories?post=202944"},{"taxonomy":"post_tag","embeddable":true,"href":"https:\/\/www.meydan.tv\/az\/wp-json\/wp\/v2\/tags?post=202944"}],"curies":[{"name":"wp","href":"https:\/\/api.w.org\/{rel}","templated":true}]}}