{"id":202938,"date":"2020-10-11T13:29:02","date_gmt":"2020-10-11T13:29:02","guid":{"rendered":"https:\/\/www.meydan.tv\/article\/muharibe-ictimai-fealin-heyatina-son-qoydu\/"},"modified":"2020-10-11T13:29:02","modified_gmt":"2020-10-11T13:29:02","slug":"muharibe-ictimai-fealin-heyatina-son-qoydu","status":"publish","type":"post","link":"https:\/\/www.meydan.tv\/az\/article\/muharibe-ictimai-fealin-heyatina-son-qoydu\/","title":{"rendered":"M\u00fcharib\u0259 ictimai f\u0259al\u0131n h\u0259yat\u0131na son qoydu"},"content":{"rendered":"<p>\n  <i><br \/>\n    S\u0259id Qas\u0131ml\u0131 Hadrut istiqam\u0259tind\u0259 ged\u0259n d\u00f6y\u00fc\u015fl\u0259rd\u0259 i\u015ftirak edib<br \/>\n  <\/i>\n<\/p>\n<p>\n  Oktyabr\u0131n 11-d\u0259 ictimai f\u0259al S\u0259id Qas\u0131ml\u0131 Hadrut q\u0259s\u0259b\u0259si \u0259traf\u0131nda ged\u0259n d\u00f6y\u00fc\u015fl\u0259rd\u0259 h\u0259yat\u0131n\u0131 itirib. Ba\u015f leytenant kimi m\u00fcharib\u0259y\u0259 \u00e7a\u011f\u0131r\u0131lan S\u0259if Qas\u0131ml\u0131n\u0131n F\u00fczulinin Bab\u0131 k\u0259ndind\u0259 d\u0259fn edil\u0259c\u0259yi bildirilir. O, F\u00fczuli rayonunun ke\u00e7mi\u015f icra ba\u015f\u00e7\u0131s\u0131 Nof\u0259l Qas\u0131movun o\u011fludur.\n<\/p>\n<p>\n  Sentyabr\u0131n 27-d\u0259n Az\u0259rbayca-Erm\u0259nistan aras\u0131nda m\u00fcharib\u0259 ba\u015flay\u0131b. M\u00fcharib\u0259 Az\u0259rbaycan\u0131n i\u015f\u011fal alt\u0131nda olan Qaraba\u011f \u0259razisind\u0259 gedir. Buna baxmayaraq, m\u00fcnaqi\u015f\u0259 zonas\u0131ndan uzaqda yerl\u0259\u015f\u0259n rayonlar da at\u0259\u015f\u0259 m\u0259ruz qal\u0131r.\n<\/p>\n<p>\n  Az\u0259rbaycan t\u0259r\u0259fi C\u0259bray\u0131l rayonunun m\u0259rk\u0259zi d\u0259 daxil olmaqla bir s\u0131ra k\u0259nd v\u0259 y\u00fcks\u0259kliyi i\u015f\u011faldan azad etdiyini deyir. Az\u0259rbaycan t\u0259r\u0259find\u0259n veril\u0259n r\u0259smi m\u0259lumatlara g\u00f6r\u0259, indiy\u0259d\u0259k 41 m\u00fclki \u015f\u0259xs \u00f6l\u00fcb, 205 sakin yaralan\u0131b.\n<\/p>\n<p>\n  T\u0259r\u0259fl\u0259r itirdikl\u0259ri \u0259sg\u0259r say\u0131n\u0131 a\u00e7\u0131qlam\u0131rlar.<\/p>\n","protected":false},"excerpt":{"rendered":"<p>O, F\u00fczuli rayonunun ke\u00e7mi\u015f icra ba\u015f\u00e7\u0131s\u0131 Nof\u0259l Qas\u0131movun o\u011fludur.<\/p>\n","protected":false},"author":11,"featured_media":149380,"comment_status":"closed","ping_status":"open","sticky":false,"template":"","format":"standard","meta":{"_acf_changed":false,"_sitemap_exclude":false,"_sitemap_priority":"","_sitemap_frequency":"","footnotes":""},"categories":[59],"tags":[],"class_list":["post-202938","post","type-post","status-publish","format-standard","has-post-thumbnail","hentry","category-siyaset","infinite-scroll-item","generate-columns","tablet-grid-50","mobile-grid-100","grid-parent","grid-33","no-featured-image-padding"],"acf":[],"yoast_head":"<!-- This site is optimized with the Yoast SEO plugin v28.4 - https:\/\/yoast.com\/product\/yoast-seo-wordpress\/ -->\n<title>M\u00fcharib\u0259 ictimai f\u0259al\u0131n h\u0259yat\u0131na son qoydu - MEYDAN.TV<\/title>\n<meta name=\"robots\" content=\"index, follow, max-snippet:-1, max-image-preview:large, max-video-preview:-1\" \/>\n<link rel=\"canonical\" href=\"https:\/\/www.meydan.tv\/az\/article\/muharibe-ictimai-fealin-heyatina-son-qoydu\/\" \/>\n<meta property=\"og:locale\" content=\"az_AZ\" \/>\n<meta property=\"og:type\" content=\"article\" \/>\n<meta property=\"og:title\" content=\"M\u00fcharib\u0259 ictimai f\u0259al\u0131n h\u0259yat\u0131na son qoydu - MEYDAN.TV\" \/>\n<meta property=\"og:description\" content=\"O, F\u00fczuli rayonunun ke\u00e7mi\u015f icra ba\u015f\u00e7\u0131s\u0131 Nof\u0259l Qas\u0131movun o\u011fludur.\" \/>\n<meta property=\"og:url\" content=\"https:\/\/www.meydan.tv\/az\/article\/muharibe-ictimai-fealin-heyatina-son-qoydu\/\" \/>\n<meta property=\"og:site_name\" content=\"MEYDAN.TV\" \/>\n<meta property=\"article:published_time\" content=\"2020-10-11T13:29:02+00:00\" \/>\n<meta property=\"og:image\" content=\"https:\/\/www.meydan.tv\/wp-content\/uploads\/screenshot_2020-10-11_at_13.27.38-1128x821.png\" \/>\n\t<meta property=\"og:image:width\" content=\"1128\" \/>\n\t<meta property=\"og:image:height\" content=\"821\" \/>\n\t<meta property=\"og:image:type\" content=\"image\/png\" \/>\n<meta name=\"twitter:card\" content=\"summary_large_image\" \/>\n<!-- \/ Yoast SEO plugin. -->","yoast_head_json":{"title":"M\u00fcharib\u0259 ictimai f\u0259al\u0131n h\u0259yat\u0131na son qoydu - MEYDAN.TV","robots":{"index":"index","follow":"follow","max-snippet":"max-snippet:-1","max-image-preview":"max-image-preview:large","max-video-preview":"max-video-preview:-1"},"canonical":"https:\/\/www.meydan.tv\/az\/article\/muharibe-ictimai-fealin-heyatina-son-qoydu\/","og_locale":"az_AZ","og_type":"article","og_title":"M\u00fcharib\u0259 ictimai f\u0259al\u0131n h\u0259yat\u0131na son qoydu - MEYDAN.TV","og_description":"O, F\u00fczuli rayonunun ke\u00e7mi\u015f icra ba\u015f\u00e7\u0131s\u0131 Nof\u0259l Qas\u0131movun o\u011fludur.","og_url":"https:\/\/www.meydan.tv\/az\/article\/muharibe-ictimai-fealin-heyatina-son-qoydu\/","og_site_name":"MEYDAN.TV","article_published_time":"2020-10-11T13:29:02+00:00","og_image":[{"width":1128,"height":821,"url":"https:\/\/www.meydan.tv\/wp-content\/uploads\/screenshot_2020-10-11_at_13.27.38-1128x821.png","type":"image\/png"}],"twitter_card":"summary_large_image","schema":{"@context":"https:\/\/schema.org","@graph":[{"@type":"Article","@id":"https:\/\/www.meydan.tv\/az\/article\/muharibe-ictimai-fealin-heyatina-son-qoydu\/#article","isPartOf":{"@id":"https:\/\/www.meydan.tv\/az\/article\/muharibe-ictimai-fealin-heyatina-son-qoydu\/"},"author":{"name":"user-manager","@id":"https:\/\/www.meydan.tv\/az\/#\/schema\/person\/10d11eccf6da3662cf5fdab9806ea91a"},"headline":"M\u00fcharib\u0259 ictimai f\u0259al\u0131n h\u0259yat\u0131na son qoydu","datePublished":"2020-10-11T13:29:02+00:00","mainEntityOfPage":{"@id":"https:\/\/www.meydan.tv\/az\/article\/muharibe-ictimai-fealin-heyatina-son-qoydu\/"},"wordCount":205,"publisher":{"@id":"https:\/\/www.meydan.tv\/az\/#organization"},"image":{"@id":"https:\/\/www.meydan.tv\/az\/article\/muharibe-ictimai-fealin-heyatina-son-qoydu\/#primaryimage"},"thumbnailUrl":"https:\/\/www.meydan.tv\/wp-content\/uploads\/screenshot_2020-10-11_at_13.27.38.png","articleSection":["Siyas\u0259t"],"inLanguage":"az"},{"@type":"WebPage","@id":"https:\/\/www.meydan.tv\/az\/article\/muharibe-ictimai-fealin-heyatina-son-qoydu\/","url":"https:\/\/www.meydan.tv\/az\/article\/muharibe-ictimai-fealin-heyatina-son-qoydu\/","name":"M\u00fcharib\u0259 ictimai f\u0259al\u0131n h\u0259yat\u0131na son qoydu - MEYDAN.TV","isPartOf":{"@id":"https:\/\/www.meydan.tv\/az\/#website"},"primaryImageOfPage":{"@id":"https:\/\/www.meydan.tv\/az\/article\/muharibe-ictimai-fealin-heyatina-son-qoydu\/#primaryimage"},"image":{"@id":"https:\/\/www.meydan.tv\/az\/article\/muharibe-ictimai-fealin-heyatina-son-qoydu\/#primaryimage"},"thumbnailUrl":"https:\/\/www.meydan.tv\/wp-content\/uploads\/screenshot_2020-10-11_at_13.27.38.png","datePublished":"2020-10-11T13:29:02+00:00","breadcrumb":{"@id":"https:\/\/www.meydan.tv\/az\/article\/muharibe-ictimai-fealin-heyatina-son-qoydu\/#breadcrumb"},"inLanguage":"az","potentialAction":[{"@type":"ReadAction","target":["https:\/\/www.meydan.tv\/az\/article\/muharibe-ictimai-fealin-heyatina-son-qoydu\/"]}]},{"@type":"ImageObject","inLanguage":"az","@id":"https:\/\/www.meydan.tv\/az\/article\/muharibe-ictimai-fealin-heyatina-son-qoydu\/#primaryimage","url":"https:\/\/www.meydan.tv\/wp-content\/uploads\/screenshot_2020-10-11_at_13.27.38.png","contentUrl":"https:\/\/www.meydan.tv\/wp-content\/uploads\/screenshot_2020-10-11_at_13.27.38.png","width":1860,"height":1354,"caption":"Source: Specify Source"},{"@type":"BreadcrumbList","@id":"https:\/\/www.meydan.tv\/az\/article\/muharibe-ictimai-fealin-heyatina-son-qoydu\/#breadcrumb","itemListElement":[{"@type":"ListItem","position":1,"name":"Ana s\u0259hif\u0259","item":"https:\/\/www.meydan.tv\/az\/"},{"@type":"ListItem","position":2,"name":"Siyas\u0259t","item":"https:\/\/www.meydan.tv\/az\/section\/siyaset\/"},{"@type":"ListItem","position":3,"name":"M\u00fcharib\u0259 ictimai f\u0259al\u0131n h\u0259yat\u0131na son qoydu"}]},{"@type":"WebSite","@id":"https:\/\/www.meydan.tv\/az\/#website","url":"https:\/\/www.meydan.tv\/az\/","name":"MEYDAN.TV","description":"Meydan TV Az\u0259rbaycan\u0131n media m\u0259kan\u0131ndak\u0131 alternativ s\u0259sidir","publisher":{"@id":"https:\/\/www.meydan.tv\/az\/#organization"},"potentialAction":[{"@type":"SearchAction","target":{"@type":"EntryPoint","urlTemplate":"https:\/\/www.meydan.tv\/az\/?s={search_term_string}"},"query-input":{"@type":"PropertyValueSpecification","valueRequired":true,"valueName":"search_term_string"}}],"inLanguage":"az"},{"@type":"Organization","@id":"https:\/\/www.meydan.tv\/az\/#organization","name":"Meydan TV","url":"https:\/\/www.meydan.tv\/az\/","logo":{"@type":"ImageObject","inLanguage":"az","@id":"https:\/\/www.meydan.tv\/az\/#\/schema\/logo\/image\/","url":"https:\/\/www.meydan.tv\/wp-content\/uploads\/2021\/07\/meydan-logo.svg","contentUrl":"https:\/\/www.meydan.tv\/wp-content\/uploads\/2021\/07\/meydan-logo.svg","width":195,"height":46,"caption":"Meydan TV"},"image":{"@id":"https:\/\/www.meydan.tv\/az\/#\/schema\/logo\/image\/"}},{"@type":"Person","@id":"https:\/\/www.meydan.tv\/az\/#\/schema\/person\/10d11eccf6da3662cf5fdab9806ea91a","name":"user-manager"}]}},"_links":{"self":[{"href":"https:\/\/www.meydan.tv\/az\/wp-json\/wp\/v2\/posts\/202938","targetHints":{"allow":["GET"]}}],"collection":[{"href":"https:\/\/www.meydan.tv\/az\/wp-json\/wp\/v2\/posts"}],"about":[{"href":"https:\/\/www.meydan.tv\/az\/wp-json\/wp\/v2\/types\/post"}],"author":[{"embeddable":true,"href":"https:\/\/www.meydan.tv\/az\/wp-json\/wp\/v2\/users\/11"}],"replies":[{"embeddable":true,"href":"https:\/\/www.meydan.tv\/az\/wp-json\/wp\/v2\/comments?post=202938"}],"version-history":[{"count":0,"href":"https:\/\/www.meydan.tv\/az\/wp-json\/wp\/v2\/posts\/202938\/revisions"}],"wp:featuredmedia":[{"embeddable":true,"href":"https:\/\/www.meydan.tv\/az\/wp-json\/wp\/v2\/media\/149380"}],"wp:attachment":[{"href":"https:\/\/www.meydan.tv\/az\/wp-json\/wp\/v2\/media?parent=202938"}],"wp:term":[{"taxonomy":"category","embeddable":true,"href":"https:\/\/www.meydan.tv\/az\/wp-json\/wp\/v2\/categories?post=202938"},{"taxonomy":"post_tag","embeddable":true,"href":"https:\/\/www.meydan.tv\/az\/wp-json\/wp\/v2\/tags?post=202938"}],"curies":[{"name":"wp","href":"https:\/\/api.w.org\/{rel}","templated":true}]}}