{"id":202922,"date":"2020-10-10T13:46:30","date_gmt":"2020-10-10T13:46:30","guid":{"rendered":"https:\/\/www.meydan.tv\/article\/azerbaycan-ve-ermenistan-arasinda-humanitar-ateskes-elan-olunur\/"},"modified":"2020-10-10T13:46:30","modified_gmt":"2020-10-10T13:46:30","slug":"azerbaycan-ve-ermenistan-arasinda-humanitar-ateskes-elan-olunur","status":"publish","type":"post","link":"https:\/\/www.meydan.tv\/az\/article\/azerbaycan-ve-ermenistan-arasinda-humanitar-ateskes-elan-olunur\/","title":{"rendered":"Az\u0259rbaycan v\u0259 Erm\u0259nistan aras\u0131nda humanitar at\u0259\u015fk\u0259s elan olunur"},"content":{"rendered":"<p>\n  <b><br \/>\n    <i><br \/>\n      Xarici i\u015fl\u0259r nazirl\u0259rinin 10 saatdan art\u0131q davam ed\u0259n g\u00f6r\u00fc\u015f\u00fcn\u00fcn n\u0259tic\u0259si a\u00e7\u0131qlan\u0131b<br \/>\n    <\/i><br \/>\n  <\/b>\n<\/p>\n<p>\n  Moskvada Rusiya, Az\u0259rbaycan v\u0259 Erm\u0259nistan Xarici i\u015fl\u0259r nazirl\u0259rinin \u00fc\u00e7t\u0259r\u0259fli g\u00f6r\u00fc\u015f\u00fc oktyabr\u0131n 10-da gec\u0259yar\u0131s\u0131 ba\u015fa \u00e7at\u0131b. 10 saatdan art\u0131q davam ed\u0259n g\u00f6r\u00fc\u015f\u00fcn yekunu il\u0259 ba\u011fl\u0131 b\u0259yanat\u0131 Rusiyan\u0131n Xarici i\u015fl\u0259r naziri Sergey Lavrov a\u00e7\u0131qlay\u0131b.\n<\/p>\n<p>\n  Raz\u0131l\u0131\u011fa \u0259sas\u0259n:\n<\/p>\n<p>\n  1. Az\u0259rbaycan v\u0259 Erm\u0259nistan t\u0259r\u0259fi aras\u0131nda 10 oktyabr saat 12:00 rad\u0259l\u0259rind\u0259n Beyn\u0259lxalq Q\u0131rm\u0131z\u0131 Xa\u00e7 Komit\u0259sinin vasit\u0259\u00e7iliyi v\u0259 kriteriyalar\u0131na uy\u011fun olaraq h\u0259rbi \u0259sirl\u0259rin v\u0259 saxlan\u0131lan \u015f\u0259xsl\u0259rin d\u0259yi\u015fdirilm\u0259si v\u0259 c\u0259s\u0259dl\u0259rin m\u00fcbadil\u0259si \u00fc\u00e7\u00fcn humanitar m\u0259qs\u0259dl\u0259rl\u0259 at\u0259\u015fk\u0259s elan olunur;\n<\/p>\n<p>\n  2. At\u0259\u015fk\u0259s rejiminin konkret parametrl\u0259ri \u0259lav\u0259 olaraq raz\u0131la\u015fd\u0131r\u0131lacaq;\n<\/p>\n<p>\n  3. Az\u0259rbaycan Respublikas\u0131 v\u0259 Erm\u0259nistan Respublikas\u0131 AT\u018fT-in Minsk Qrupunun h\u0259ms\u0259drl\u0259rinin vasit\u0259\u00e7iliyi il\u0259 t\u0259nziml\u0259nm\u0259nin \u0259sas prinsipl\u0259ri \u0259sas\u0131nda m\u00fcnaqi\u015f\u0259nin tezlikl\u0259 s\u00fclh yolu il\u0259 h\u0259lli m\u0259qs\u0259dil\u0259 substantiv dan\u0131\u015f\u0131qlara ba\u015flay\u0131rlar;\n<\/p>\n<p>\n  4. T\u0259r\u0259fl\u0259r dan\u0131\u015f\u0131qlar format\u0131n\u0131n d\u0259yi\u015film\u0259zliyini t\u0259sdiq edirl\u0259r.<\/p>\n","protected":false},"excerpt":{"rendered":"<p>Xarici i\u015fl\u0259r nazirl\u0259rinin 10 saatdan art\u0131q davam ed\u0259n g\u00f6r\u00fc\u015f\u00fcn\u00fcn n\u0259tic\u0259si a\u00e7\u0131qlan\u0131b<\/p>\n","protected":false},"author":11,"featured_media":149311,"comment_status":"closed","ping_status":"open","sticky":false,"template":"","format":"standard","meta":{"_acf_changed":false,"_sitemap_exclude":false,"_sitemap_priority":"","_sitemap_frequency":"","footnotes":""},"categories":[59],"tags":[],"class_list":["post-202922","post","type-post","status-publish","format-standard","has-post-thumbnail","hentry","category-siyaset","infinite-scroll-item","generate-columns","tablet-grid-50","mobile-grid-100","grid-parent","grid-33","no-featured-image-padding"],"acf":[],"yoast_head":"<!-- This site is optimized with the Yoast SEO plugin v28.4 - https:\/\/yoast.com\/product\/yoast-seo-wordpress\/ -->\n<title>Az\u0259rbaycan v\u0259 Erm\u0259nistan aras\u0131nda humanitar at\u0259\u015fk\u0259s elan olunur - MEYDAN.TV<\/title>\n<meta name=\"robots\" content=\"index, follow, max-snippet:-1, max-image-preview:large, max-video-preview:-1\" \/>\n<link rel=\"canonical\" href=\"https:\/\/www.meydan.tv\/az\/article\/azerbaycan-ve-ermenistan-arasinda-humanitar-ateskes-elan-olunur\/\" \/>\n<meta property=\"og:locale\" content=\"az_AZ\" \/>\n<meta property=\"og:type\" content=\"article\" \/>\n<meta property=\"og:title\" content=\"Az\u0259rbaycan v\u0259 Erm\u0259nistan aras\u0131nda humanitar at\u0259\u015fk\u0259s elan olunur - MEYDAN.TV\" \/>\n<meta property=\"og:description\" content=\"Xarici i\u015fl\u0259r nazirl\u0259rinin 10 saatdan art\u0131q davam ed\u0259n g\u00f6r\u00fc\u015f\u00fcn\u00fcn n\u0259tic\u0259si a\u00e7\u0131qlan\u0131b\" \/>\n<meta property=\"og:url\" content=\"https:\/\/www.meydan.tv\/az\/article\/azerbaycan-ve-ermenistan-arasinda-humanitar-ateskes-elan-olunur\/\" \/>\n<meta property=\"og:site_name\" content=\"MEYDAN.TV\" \/>\n<meta property=\"article:published_time\" content=\"2020-10-10T13:46:30+00:00\" \/>\n<meta property=\"og:image\" content=\"https:\/\/www.meydan.tv\/wp-content\/uploads\/untitled_design_1_wfu400c.png\" \/>\n\t<meta property=\"og:image:width\" content=\"1280\" \/>\n\t<meta property=\"og:image:height\" content=\"720\" \/>\n\t<meta property=\"og:image:type\" content=\"image\/png\" \/>\n<meta name=\"twitter:card\" content=\"summary_large_image\" \/>\n<!-- \/ Yoast SEO plugin. -->","yoast_head_json":{"title":"Az\u0259rbaycan v\u0259 Erm\u0259nistan aras\u0131nda humanitar at\u0259\u015fk\u0259s elan olunur - MEYDAN.TV","robots":{"index":"index","follow":"follow","max-snippet":"max-snippet:-1","max-image-preview":"max-image-preview:large","max-video-preview":"max-video-preview:-1"},"canonical":"https:\/\/www.meydan.tv\/az\/article\/azerbaycan-ve-ermenistan-arasinda-humanitar-ateskes-elan-olunur\/","og_locale":"az_AZ","og_type":"article","og_title":"Az\u0259rbaycan v\u0259 Erm\u0259nistan aras\u0131nda humanitar at\u0259\u015fk\u0259s elan olunur - MEYDAN.TV","og_description":"Xarici i\u015fl\u0259r nazirl\u0259rinin 10 saatdan art\u0131q davam ed\u0259n g\u00f6r\u00fc\u015f\u00fcn\u00fcn n\u0259tic\u0259si a\u00e7\u0131qlan\u0131b","og_url":"https:\/\/www.meydan.tv\/az\/article\/azerbaycan-ve-ermenistan-arasinda-humanitar-ateskes-elan-olunur\/","og_site_name":"MEYDAN.TV","article_published_time":"2020-10-10T13:46:30+00:00","og_image":[{"width":1280,"height":720,"url":"https:\/\/www.meydan.tv\/wp-content\/uploads\/untitled_design_1_wfu400c.png","type":"image\/png"}],"twitter_card":"summary_large_image","schema":{"@context":"https:\/\/schema.org","@graph":[{"@type":"Article","@id":"https:\/\/www.meydan.tv\/az\/article\/azerbaycan-ve-ermenistan-arasinda-humanitar-ateskes-elan-olunur\/#article","isPartOf":{"@id":"https:\/\/www.meydan.tv\/az\/article\/azerbaycan-ve-ermenistan-arasinda-humanitar-ateskes-elan-olunur\/"},"author":{"name":"user-manager","@id":"https:\/\/www.meydan.tv\/az\/#\/schema\/person\/10d11eccf6da3662cf5fdab9806ea91a"},"headline":"Az\u0259rbaycan v\u0259 Erm\u0259nistan aras\u0131nda humanitar at\u0259\u015fk\u0259s elan olunur","datePublished":"2020-10-10T13:46:30+00:00","mainEntityOfPage":{"@id":"https:\/\/www.meydan.tv\/az\/article\/azerbaycan-ve-ermenistan-arasinda-humanitar-ateskes-elan-olunur\/"},"wordCount":236,"publisher":{"@id":"https:\/\/www.meydan.tv\/az\/#organization"},"image":{"@id":"https:\/\/www.meydan.tv\/az\/article\/azerbaycan-ve-ermenistan-arasinda-humanitar-ateskes-elan-olunur\/#primaryimage"},"thumbnailUrl":"https:\/\/www.meydan.tv\/wp-content\/uploads\/untitled_design_1_wfu400c.png","articleSection":["Siyas\u0259t"],"inLanguage":"az"},{"@type":"WebPage","@id":"https:\/\/www.meydan.tv\/az\/article\/azerbaycan-ve-ermenistan-arasinda-humanitar-ateskes-elan-olunur\/","url":"https:\/\/www.meydan.tv\/az\/article\/azerbaycan-ve-ermenistan-arasinda-humanitar-ateskes-elan-olunur\/","name":"Az\u0259rbaycan v\u0259 Erm\u0259nistan aras\u0131nda humanitar at\u0259\u015fk\u0259s elan olunur - MEYDAN.TV","isPartOf":{"@id":"https:\/\/www.meydan.tv\/az\/#website"},"primaryImageOfPage":{"@id":"https:\/\/www.meydan.tv\/az\/article\/azerbaycan-ve-ermenistan-arasinda-humanitar-ateskes-elan-olunur\/#primaryimage"},"image":{"@id":"https:\/\/www.meydan.tv\/az\/article\/azerbaycan-ve-ermenistan-arasinda-humanitar-ateskes-elan-olunur\/#primaryimage"},"thumbnailUrl":"https:\/\/www.meydan.tv\/wp-content\/uploads\/untitled_design_1_wfu400c.png","datePublished":"2020-10-10T13:46:30+00:00","breadcrumb":{"@id":"https:\/\/www.meydan.tv\/az\/article\/azerbaycan-ve-ermenistan-arasinda-humanitar-ateskes-elan-olunur\/#breadcrumb"},"inLanguage":"az","potentialAction":[{"@type":"ReadAction","target":["https:\/\/www.meydan.tv\/az\/article\/azerbaycan-ve-ermenistan-arasinda-humanitar-ateskes-elan-olunur\/"]}]},{"@type":"ImageObject","inLanguage":"az","@id":"https:\/\/www.meydan.tv\/az\/article\/azerbaycan-ve-ermenistan-arasinda-humanitar-ateskes-elan-olunur\/#primaryimage","url":"https:\/\/www.meydan.tv\/wp-content\/uploads\/untitled_design_1_wfu400c.png","contentUrl":"https:\/\/www.meydan.tv\/wp-content\/uploads\/untitled_design_1_wfu400c.png","width":1280,"height":720,"caption":"Source: Reuters"},{"@type":"BreadcrumbList","@id":"https:\/\/www.meydan.tv\/az\/article\/azerbaycan-ve-ermenistan-arasinda-humanitar-ateskes-elan-olunur\/#breadcrumb","itemListElement":[{"@type":"ListItem","position":1,"name":"Ana s\u0259hif\u0259","item":"https:\/\/www.meydan.tv\/az\/"},{"@type":"ListItem","position":2,"name":"Siyas\u0259t","item":"https:\/\/www.meydan.tv\/az\/section\/siyaset\/"},{"@type":"ListItem","position":3,"name":"Az\u0259rbaycan v\u0259 Erm\u0259nistan aras\u0131nda humanitar at\u0259\u015fk\u0259s elan olunur"}]},{"@type":"WebSite","@id":"https:\/\/www.meydan.tv\/az\/#website","url":"https:\/\/www.meydan.tv\/az\/","name":"MEYDAN.TV","description":"Meydan TV Az\u0259rbaycan\u0131n media m\u0259kan\u0131ndak\u0131 alternativ s\u0259sidir","publisher":{"@id":"https:\/\/www.meydan.tv\/az\/#organization"},"potentialAction":[{"@type":"SearchAction","target":{"@type":"EntryPoint","urlTemplate":"https:\/\/www.meydan.tv\/az\/?s={search_term_string}"},"query-input":{"@type":"PropertyValueSpecification","valueRequired":true,"valueName":"search_term_string"}}],"inLanguage":"az"},{"@type":"Organization","@id":"https:\/\/www.meydan.tv\/az\/#organization","name":"Meydan TV","url":"https:\/\/www.meydan.tv\/az\/","logo":{"@type":"ImageObject","inLanguage":"az","@id":"https:\/\/www.meydan.tv\/az\/#\/schema\/logo\/image\/","url":"https:\/\/www.meydan.tv\/wp-content\/uploads\/2021\/07\/meydan-logo.svg","contentUrl":"https:\/\/www.meydan.tv\/wp-content\/uploads\/2021\/07\/meydan-logo.svg","width":195,"height":46,"caption":"Meydan TV"},"image":{"@id":"https:\/\/www.meydan.tv\/az\/#\/schema\/logo\/image\/"}},{"@type":"Person","@id":"https:\/\/www.meydan.tv\/az\/#\/schema\/person\/10d11eccf6da3662cf5fdab9806ea91a","name":"user-manager"}]}},"_links":{"self":[{"href":"https:\/\/www.meydan.tv\/az\/wp-json\/wp\/v2\/posts\/202922","targetHints":{"allow":["GET"]}}],"collection":[{"href":"https:\/\/www.meydan.tv\/az\/wp-json\/wp\/v2\/posts"}],"about":[{"href":"https:\/\/www.meydan.tv\/az\/wp-json\/wp\/v2\/types\/post"}],"author":[{"embeddable":true,"href":"https:\/\/www.meydan.tv\/az\/wp-json\/wp\/v2\/users\/11"}],"replies":[{"embeddable":true,"href":"https:\/\/www.meydan.tv\/az\/wp-json\/wp\/v2\/comments?post=202922"}],"version-history":[{"count":0,"href":"https:\/\/www.meydan.tv\/az\/wp-json\/wp\/v2\/posts\/202922\/revisions"}],"wp:featuredmedia":[{"embeddable":true,"href":"https:\/\/www.meydan.tv\/az\/wp-json\/wp\/v2\/media\/149311"}],"wp:attachment":[{"href":"https:\/\/www.meydan.tv\/az\/wp-json\/wp\/v2\/media?parent=202922"}],"wp:term":[{"taxonomy":"category","embeddable":true,"href":"https:\/\/www.meydan.tv\/az\/wp-json\/wp\/v2\/categories?post=202922"},{"taxonomy":"post_tag","embeddable":true,"href":"https:\/\/www.meydan.tv\/az\/wp-json\/wp\/v2\/tags?post=202922"}],"curies":[{"name":"wp","href":"https:\/\/api.w.org\/{rel}","templated":true}]}}