{"id":202913,"date":"2020-10-09T19:31:25","date_gmt":"2020-10-09T19:31:25","guid":{"rendered":"https:\/\/www.meydan.tv\/article\/ermenistan-mudafie-nazirliyi-yaydigi-video-goruntunun-hadrutdan-oldugunu-iddia-edir\/"},"modified":"2020-10-09T19:31:25","modified_gmt":"2020-10-09T19:31:25","slug":"ermenistan-mudafie-nazirliyi-yaydigi-video-goruntunun-hadrutdan-oldugunu-iddia-edir","status":"publish","type":"post","link":"https:\/\/www.meydan.tv\/az\/article\/ermenistan-mudafie-nazirliyi-yaydigi-video-goruntunun-hadrutdan-oldugunu-iddia-edir\/","title":{"rendered":"Erm\u0259nistan M\u00fcdafi\u0259 Nazirliyi yayd\u0131\u011f\u0131 video-g\u00f6r\u00fcnt\u00fcn\u00fcn Hadrutdan oldu\u011funu iddia edir"},"content":{"rendered":"<p>\n  <i><br \/>\n    \u015eu\u015fan Stepanyan: \u201cG\u00f6r\u00fcn\u00fcr, Az\u0259rbaycan hakimiyy\u0259ti v\u0259ziyy\u0259td\u0259n x\u0259b\u0259rsizdir\u201d<br \/>\n  <\/i>\n<\/p>\n<p>\n  Erm\u0259nistan M\u00fcdafi\u0259 Nazirliyinin m\u0259tbuat xidm\u0259tinin r\u0259hb\u0259ri \u015eu\u015fan Stepanyan \u00f6z\u00fcn\u00fcn &quot;Facebook&quot; s\u0259hif\u0259sind\u0259 Hadrut oldu\u011fu iddia edil\u0259n video-g\u00f6r\u00fcnt\u00fc payla\u015f\u0131b. H\u0259min videoda h\u0259rbi avtomobild\u0259n k\u00fc\u00e7\u0259l\u0259r \u00e7\u0259kilir.\n<\/p>\n<p>\n  \u015eu\u015fan Stepanyan g\u00f6r\u00fcnt\u00fcn\u00fcn d\u0259qiq\u0259l\u0259r \u00f6nc\u0259 Hadrutda \u00e7\u0259kildiyini iddia edir. Bildirir ki, g\u00f6r\u00fcn\u00fcr, Az\u0259rbaycan hakimiyy\u0259ti v\u0259ziyy\u0259td\u0259n x\u0259b\u0259rsizdir:\n<\/p>\n<p>\n  &quot;Hadrut bizd\u0259dir, bu, bir ne\u00e7\u0259 d\u0259qiq\u0259 \u00f6nc\u0259 \u00e7\u0259kilmi\u015f videodur&quot;.\n<\/p>\n<p>\n  Video t\u0259xmin\u0259n 2 saat \u00f6nc\u0259 yay\u0131mlan\u0131b. Az\u0259rbaycan Prezidenti \u0130lham \u018fliyevin \u00e7\u0131x\u0131\u015f\u0131ndan bir az sonra.\n<\/p>\n<p>\n  Bu g\u00fcn, oktyabr\u0131n 9-da Az\u0259rbaycan Prezidenti \u0130lham \u018fliyev xalqa m\u00fcraci\u0259t edib. Bildirib ki, Az\u0259rbaycan Ordusu Hadrud q\u0259s\u0259b\u0259si il\u0259 yana\u015f\u0131 bir ne\u00e7\u0259 k\u0259ndi i\u015f\u011faldan azad edib:\n<\/p>\n<p>\n  &quot;Hadrutla yana\u015f\u0131, \u00c7ayl\u0131, Yuxar\u0131 G\u00fczl\u0259k, Gorazili, Q\u0131\u015flaq, Qaracall\u0131, \u018ff\u0259ndil\u0259r, Sur v\u0259 S\u00fcleymanl\u0131 k\u0259ndl\u0259ri d\u0259 i\u015f\u011faldan azad edilib&quot;.<\/p>\n","protected":false},"excerpt":{"rendered":"<p>&#8220;Hadrut bizd\u0259dir, bu, bir ne\u00e7\u0259 d\u0259qiq\u0259 \u00f6nc\u0259 \u00e7\u0259kilmi\u015f videodur&#8221;.<\/p>\n","protected":false},"author":11,"featured_media":149293,"comment_status":"closed","ping_status":"open","sticky":false,"template":"","format":"standard","meta":{"_acf_changed":false,"_sitemap_exclude":false,"_sitemap_priority":"","_sitemap_frequency":"","footnotes":""},"categories":[59],"tags":[],"class_list":["post-202913","post","type-post","status-publish","format-standard","has-post-thumbnail","hentry","category-siyaset","infinite-scroll-item","generate-columns","tablet-grid-50","mobile-grid-100","grid-parent","grid-33","no-featured-image-padding"],"acf":[],"yoast_head":"<!-- This site is optimized with the Yoast SEO plugin v28.4 - https:\/\/yoast.com\/product\/yoast-seo-wordpress\/ -->\n<title>Erm\u0259nistan M\u00fcdafi\u0259 Nazirliyi yayd\u0131\u011f\u0131 video-g\u00f6r\u00fcnt\u00fcn\u00fcn Hadrutdan oldu\u011funu iddia edir - MEYDAN.TV<\/title>\n<meta name=\"robots\" content=\"index, follow, max-snippet:-1, max-image-preview:large, max-video-preview:-1\" \/>\n<link rel=\"canonical\" href=\"https:\/\/www.meydan.tv\/az\/article\/ermenistan-mudafie-nazirliyi-yaydigi-video-goruntunun-hadrutdan-oldugunu-iddia-edir\/\" \/>\n<meta property=\"og:locale\" content=\"az_AZ\" \/>\n<meta property=\"og:type\" content=\"article\" \/>\n<meta property=\"og:title\" content=\"Erm\u0259nistan M\u00fcdafi\u0259 Nazirliyi yayd\u0131\u011f\u0131 video-g\u00f6r\u00fcnt\u00fcn\u00fcn Hadrutdan oldu\u011funu iddia edir - MEYDAN.TV\" \/>\n<meta property=\"og:description\" content=\"&quot;Hadrut bizd\u0259dir, bu, bir ne\u00e7\u0259 d\u0259qiq\u0259 \u00f6nc\u0259 \u00e7\u0259kilmi\u015f videodur&quot;.\" \/>\n<meta property=\"og:url\" content=\"https:\/\/www.meydan.tv\/az\/article\/ermenistan-mudafie-nazirliyi-yaydigi-video-goruntunun-hadrutdan-oldugunu-iddia-edir\/\" \/>\n<meta property=\"og:site_name\" content=\"MEYDAN.TV\" \/>\n<meta property=\"article:published_time\" content=\"2020-10-09T19:31:25+00:00\" \/>\n<meta property=\"og:image\" content=\"https:\/\/www.meydan.tv\/wp-content\/uploads\/img_20201009_175752_665.jpg\" \/>\n\t<meta property=\"og:image:width\" content=\"1242\" \/>\n\t<meta property=\"og:image:height\" content=\"807\" \/>\n\t<meta property=\"og:image:type\" content=\"image\/jpeg\" \/>\n<meta name=\"twitter:card\" content=\"summary_large_image\" \/>\n<!-- \/ Yoast SEO plugin. -->","yoast_head_json":{"title":"Erm\u0259nistan M\u00fcdafi\u0259 Nazirliyi yayd\u0131\u011f\u0131 video-g\u00f6r\u00fcnt\u00fcn\u00fcn Hadrutdan oldu\u011funu iddia edir - MEYDAN.TV","robots":{"index":"index","follow":"follow","max-snippet":"max-snippet:-1","max-image-preview":"max-image-preview:large","max-video-preview":"max-video-preview:-1"},"canonical":"https:\/\/www.meydan.tv\/az\/article\/ermenistan-mudafie-nazirliyi-yaydigi-video-goruntunun-hadrutdan-oldugunu-iddia-edir\/","og_locale":"az_AZ","og_type":"article","og_title":"Erm\u0259nistan M\u00fcdafi\u0259 Nazirliyi yayd\u0131\u011f\u0131 video-g\u00f6r\u00fcnt\u00fcn\u00fcn Hadrutdan oldu\u011funu iddia edir - MEYDAN.TV","og_description":"\"Hadrut bizd\u0259dir, bu, bir ne\u00e7\u0259 d\u0259qiq\u0259 \u00f6nc\u0259 \u00e7\u0259kilmi\u015f videodur\".","og_url":"https:\/\/www.meydan.tv\/az\/article\/ermenistan-mudafie-nazirliyi-yaydigi-video-goruntunun-hadrutdan-oldugunu-iddia-edir\/","og_site_name":"MEYDAN.TV","article_published_time":"2020-10-09T19:31:25+00:00","og_image":[{"width":1242,"height":807,"url":"https:\/\/www.meydan.tv\/wp-content\/uploads\/img_20201009_175752_665.jpg","type":"image\/jpeg"}],"twitter_card":"summary_large_image","schema":{"@context":"https:\/\/schema.org","@graph":[{"@type":"Article","@id":"https:\/\/www.meydan.tv\/az\/article\/ermenistan-mudafie-nazirliyi-yaydigi-video-goruntunun-hadrutdan-oldugunu-iddia-edir\/#article","isPartOf":{"@id":"https:\/\/www.meydan.tv\/az\/article\/ermenistan-mudafie-nazirliyi-yaydigi-video-goruntunun-hadrutdan-oldugunu-iddia-edir\/"},"author":{"name":"user-manager","@id":"https:\/\/www.meydan.tv\/az\/#\/schema\/person\/10d11eccf6da3662cf5fdab9806ea91a"},"headline":"Erm\u0259nistan M\u00fcdafi\u0259 Nazirliyi yayd\u0131\u011f\u0131 video-g\u00f6r\u00fcnt\u00fcn\u00fcn Hadrutdan oldu\u011funu iddia edir","datePublished":"2020-10-09T19:31:25+00:00","mainEntityOfPage":{"@id":"https:\/\/www.meydan.tv\/az\/article\/ermenistan-mudafie-nazirliyi-yaydigi-video-goruntunun-hadrutdan-oldugunu-iddia-edir\/"},"wordCount":210,"publisher":{"@id":"https:\/\/www.meydan.tv\/az\/#organization"},"image":{"@id":"https:\/\/www.meydan.tv\/az\/article\/ermenistan-mudafie-nazirliyi-yaydigi-video-goruntunun-hadrutdan-oldugunu-iddia-edir\/#primaryimage"},"thumbnailUrl":"https:\/\/www.meydan.tv\/wp-content\/uploads\/img_20201009_175752_665.jpg","articleSection":["Siyas\u0259t"],"inLanguage":"az"},{"@type":"WebPage","@id":"https:\/\/www.meydan.tv\/az\/article\/ermenistan-mudafie-nazirliyi-yaydigi-video-goruntunun-hadrutdan-oldugunu-iddia-edir\/","url":"https:\/\/www.meydan.tv\/az\/article\/ermenistan-mudafie-nazirliyi-yaydigi-video-goruntunun-hadrutdan-oldugunu-iddia-edir\/","name":"Erm\u0259nistan M\u00fcdafi\u0259 Nazirliyi yayd\u0131\u011f\u0131 video-g\u00f6r\u00fcnt\u00fcn\u00fcn Hadrutdan oldu\u011funu iddia edir - MEYDAN.TV","isPartOf":{"@id":"https:\/\/www.meydan.tv\/az\/#website"},"primaryImageOfPage":{"@id":"https:\/\/www.meydan.tv\/az\/article\/ermenistan-mudafie-nazirliyi-yaydigi-video-goruntunun-hadrutdan-oldugunu-iddia-edir\/#primaryimage"},"image":{"@id":"https:\/\/www.meydan.tv\/az\/article\/ermenistan-mudafie-nazirliyi-yaydigi-video-goruntunun-hadrutdan-oldugunu-iddia-edir\/#primaryimage"},"thumbnailUrl":"https:\/\/www.meydan.tv\/wp-content\/uploads\/img_20201009_175752_665.jpg","datePublished":"2020-10-09T19:31:25+00:00","breadcrumb":{"@id":"https:\/\/www.meydan.tv\/az\/article\/ermenistan-mudafie-nazirliyi-yaydigi-video-goruntunun-hadrutdan-oldugunu-iddia-edir\/#breadcrumb"},"inLanguage":"az","potentialAction":[{"@type":"ReadAction","target":["https:\/\/www.meydan.tv\/az\/article\/ermenistan-mudafie-nazirliyi-yaydigi-video-goruntunun-hadrutdan-oldugunu-iddia-edir\/"]}]},{"@type":"ImageObject","inLanguage":"az","@id":"https:\/\/www.meydan.tv\/az\/article\/ermenistan-mudafie-nazirliyi-yaydigi-video-goruntunun-hadrutdan-oldugunu-iddia-edir\/#primaryimage","url":"https:\/\/www.meydan.tv\/wp-content\/uploads\/img_20201009_175752_665.jpg","contentUrl":"https:\/\/www.meydan.tv\/wp-content\/uploads\/img_20201009_175752_665.jpg","width":1242,"height":807,"caption":"Source: google.az"},{"@type":"BreadcrumbList","@id":"https:\/\/www.meydan.tv\/az\/article\/ermenistan-mudafie-nazirliyi-yaydigi-video-goruntunun-hadrutdan-oldugunu-iddia-edir\/#breadcrumb","itemListElement":[{"@type":"ListItem","position":1,"name":"Ana s\u0259hif\u0259","item":"https:\/\/www.meydan.tv\/az\/"},{"@type":"ListItem","position":2,"name":"Siyas\u0259t","item":"https:\/\/www.meydan.tv\/az\/section\/siyaset\/"},{"@type":"ListItem","position":3,"name":"Erm\u0259nistan M\u00fcdafi\u0259 Nazirliyi yayd\u0131\u011f\u0131 video-g\u00f6r\u00fcnt\u00fcn\u00fcn Hadrutdan oldu\u011funu iddia edir"}]},{"@type":"WebSite","@id":"https:\/\/www.meydan.tv\/az\/#website","url":"https:\/\/www.meydan.tv\/az\/","name":"MEYDAN.TV","description":"Meydan TV Az\u0259rbaycan\u0131n media m\u0259kan\u0131ndak\u0131 alternativ s\u0259sidir","publisher":{"@id":"https:\/\/www.meydan.tv\/az\/#organization"},"potentialAction":[{"@type":"SearchAction","target":{"@type":"EntryPoint","urlTemplate":"https:\/\/www.meydan.tv\/az\/?s={search_term_string}"},"query-input":{"@type":"PropertyValueSpecification","valueRequired":true,"valueName":"search_term_string"}}],"inLanguage":"az"},{"@type":"Organization","@id":"https:\/\/www.meydan.tv\/az\/#organization","name":"Meydan TV","url":"https:\/\/www.meydan.tv\/az\/","logo":{"@type":"ImageObject","inLanguage":"az","@id":"https:\/\/www.meydan.tv\/az\/#\/schema\/logo\/image\/","url":"https:\/\/www.meydan.tv\/wp-content\/uploads\/2021\/07\/meydan-logo.svg","contentUrl":"https:\/\/www.meydan.tv\/wp-content\/uploads\/2021\/07\/meydan-logo.svg","width":195,"height":46,"caption":"Meydan TV"},"image":{"@id":"https:\/\/www.meydan.tv\/az\/#\/schema\/logo\/image\/"}},{"@type":"Person","@id":"https:\/\/www.meydan.tv\/az\/#\/schema\/person\/10d11eccf6da3662cf5fdab9806ea91a","name":"user-manager"}]}},"_links":{"self":[{"href":"https:\/\/www.meydan.tv\/az\/wp-json\/wp\/v2\/posts\/202913","targetHints":{"allow":["GET"]}}],"collection":[{"href":"https:\/\/www.meydan.tv\/az\/wp-json\/wp\/v2\/posts"}],"about":[{"href":"https:\/\/www.meydan.tv\/az\/wp-json\/wp\/v2\/types\/post"}],"author":[{"embeddable":true,"href":"https:\/\/www.meydan.tv\/az\/wp-json\/wp\/v2\/users\/11"}],"replies":[{"embeddable":true,"href":"https:\/\/www.meydan.tv\/az\/wp-json\/wp\/v2\/comments?post=202913"}],"version-history":[{"count":0,"href":"https:\/\/www.meydan.tv\/az\/wp-json\/wp\/v2\/posts\/202913\/revisions"}],"wp:featuredmedia":[{"embeddable":true,"href":"https:\/\/www.meydan.tv\/az\/wp-json\/wp\/v2\/media\/149293"}],"wp:attachment":[{"href":"https:\/\/www.meydan.tv\/az\/wp-json\/wp\/v2\/media?parent=202913"}],"wp:term":[{"taxonomy":"category","embeddable":true,"href":"https:\/\/www.meydan.tv\/az\/wp-json\/wp\/v2\/categories?post=202913"},{"taxonomy":"post_tag","embeddable":true,"href":"https:\/\/www.meydan.tv\/az\/wp-json\/wp\/v2\/tags?post=202913"}],"curies":[{"name":"wp","href":"https:\/\/api.w.org\/{rel}","templated":true}]}}