{"id":202902,"date":"2020-10-08T22:57:39","date_gmt":"2020-10-08T22:57:39","guid":{"rendered":"https:\/\/www.meydan.tv\/article\/azerbaycan-ordusunun-elde-etdiyi-qenimetler\/"},"modified":"2021-10-29T16:37:05","modified_gmt":"2021-10-29T12:37:05","slug":"azerbaycan-ordusunun-elde-etdiyi-qenimetler","status":"publish","type":"post","link":"https:\/\/www.meydan.tv\/az\/article\/azerbaycan-ordusunun-elde-etdiyi-qenimetler\/","title":{"rendered":"Az\u0259rbaycan ordusunun \u0259ld\u0259 etdiyi q\u0259nim\u0259tl\u0259r"},"content":{"rendered":"<figure class=\"wp-block-image size-large\">\n  <img decoding=\"async\" src=\"https:\/\/www.meydan.tv\/az\/img_9347photo-jpg\/\" alt=\"IMG_9347~photo.jpg\" class=\"wp-image-149239\"\/><figcaption>\n    IMG_9347~photo.jpg<br \/>\n  <\/figcaption><\/figure>\n<figure class=\"wp-block-image size-large\">\n  <img decoding=\"async\" src=\"https:\/\/www.meydan.tv\/az\/img_9346photo-jpg\/\" alt=\"IMG_9346~photo.jpg\" class=\"wp-image-149233\"\/><figcaption>\n    IMG_9346~photo.jpg<br \/>\n  <\/figcaption><\/figure>\n<figure class=\"wp-block-image size-large\">\n  <img decoding=\"async\" src=\"https:\/\/www.meydan.tv\/az\/img_9344photo-jpg\/\" alt=\"IMG_9344~photo.jpg\" class=\"wp-image-149242\"\/><figcaption>\n    IMG_9344~photo.jpg<br \/>\n  <\/figcaption><\/figure>\n<figure class=\"wp-block-image size-large\">\n  <img decoding=\"async\" src=\"https:\/\/www.meydan.tv\/az\/img_9342photo-jpg\/\" alt=\"IMG_9342~photo.jpg\" class=\"wp-image-149230\"\/><figcaption>\n    IMG_9342~photo.jpg<br \/>\n  <\/figcaption><\/figure>\n<figure class=\"wp-block-image size-large\">\n  <img decoding=\"async\" src=\"https:\/\/www.meydan.tv\/az\/img_9339photo-jpg\/\" alt=\"IMG_9339~photo.jpg\" class=\"wp-image-149227\"\/><figcaption>\n    IMG_9339~photo.jpg<br \/>\n  <\/figcaption><\/figure>\n<figure class=\"wp-block-image size-large\">\n  <img decoding=\"async\" src=\"https:\/\/www.meydan.tv\/az\/img_9336photo-jpg\/\" alt=\"IMG_9336~photo.jpg\" class=\"wp-image-149224\"\/><figcaption>\n    IMG_9336~photo.jpg<br \/>\n  <\/figcaption><\/figure>\n<figure class=\"wp-block-image size-large\">\n  <img decoding=\"async\" src=\"https:\/\/www.meydan.tv\/az\/img_9334photo-jpg\/\" alt=\"IMG_9334~photo.jpg\" class=\"wp-image-149221\"\/><figcaption>\n    IMG_9334~photo.jpg<br \/>\n  <\/figcaption><\/figure>\n<figure class=\"wp-block-image size-large\">\n  <img decoding=\"async\" src=\"https:\/\/www.meydan.tv\/az\/img_9330photo-jpg\/\" alt=\"IMG_9330~photo.jpg\" class=\"wp-image-149218\"\/><figcaption>\n    IMG_9330~photo.jpg<br \/>\n  <\/figcaption><\/figure>\n<figure class=\"wp-block-image size-large\">\n  <img decoding=\"async\" src=\"https:\/\/www.meydan.tv\/az\/img_9328photo-jpg\/\" alt=\"IMG_9328~photo.jpg\" class=\"wp-image-149215\"\/><figcaption>\n    IMG_9328~photo.jpg<br \/>\n  <\/figcaption><\/figure>\n<figure class=\"wp-block-image size-large\">\n  <img decoding=\"async\" src=\"https:\/\/www.meydan.tv\/az\/_dsc7554-jpg\/\" alt=\"_DSC7554.jpg\" class=\"wp-image-149212\"\/><figcaption>\n    _DSC7554.jpg<br \/>\n  <\/figcaption><\/figure>\n<figure class=\"wp-block-image size-large\">\n  <img decoding=\"async\" src=\"https:\/\/www.meydan.tv\/az\/_dsc7467-jpg\/\" alt=\"_DSC7467.jpg\" class=\"wp-image-149203\"\/><figcaption>\n    _DSC7467.jpg<br \/>\n  <\/figcaption><\/figure>\n<figure class=\"wp-block-image size-large\">\n  <img decoding=\"async\" src=\"https:\/\/www.meydan.tv\/az\/_dsc7464-jpg\/\" alt=\"_DSC7464.jpg\" class=\"wp-image-149198\"\/><figcaption>\n    _DSC7464.jpg<br \/>\n  <\/figcaption><\/figure>\n<figure class=\"wp-block-image size-large\">\n  <img decoding=\"async\" src=\"https:\/\/www.meydan.tv\/az\/_dsc7445-jpg\/\" alt=\"_DSC7445.jpg\" class=\"wp-image-149206\"\/><figcaption>\n    _DSC7445.jpg<br \/>\n  <\/figcaption><\/figure>\n<p>\n  Sentyabr\u0131n 27-d\u0259 Az\u0259rbaycan-Erm\u0259nistan h\u0259rbi qo\u015funlar\u0131n\u0131n t\u0259mas x\u0259ttind\u0259 at\u0259\u015fk\u0259s pozulub v\u0259 m\u00fcharib\u0259 ba\u015flay\u0131b. Az\u0259rbaycan t\u0259r\u0259fi bir s\u0131ra k\u0259nd v\u0259 y\u00fcks\u0259klikl\u0259rin, el\u0259c\u0259 d\u0259 C\u0259bray\u0131l rayonunun i\u015f\u011faldan azad edildiyini bildirir. Ke\u00e7iril\u0259n h\u0259rbi \u0259m\u0259liyyatlar zaman\u0131 Erm\u0259nistan silahl\u0131 q\u00fcvv\u0259l\u0259rin\u0259 m\u0259xsus silah-sursat v\u0259 texnikan\u0131n \u0259l\u0259 ke\u00e7irildiyi haqda da m\u0259lumat verilir. Az\u0259rbaycan\u0131n M\u00fcdafi\u0259 Nazirliyi h\u0259rbi texnikalar\u0131n i\u015fl\u0259k v\u0259ziyy\u0259td\u0259 oldu\u011funu deyir.<\/p>\n","protected":false},"excerpt":{"rendered":"<p>Az\u0259rbaycan\u0131n M\u00fcdafi\u0259 Nazirliyi h\u0259rbi texnikalar\u0131n i\u015fl\u0259k v\u0259ziyy\u0259td\u0259 oldu\u011funu deyir.<\/p>\n","protected":false},"author":11,"featured_media":149209,"comment_status":"closed","ping_status":"open","sticky":false,"template":"","format":"standard","meta":{"_acf_changed":false,"_sitemap_exclude":false,"_sitemap_priority":"","_sitemap_frequency":"","footnotes":""},"categories":[58],"tags":[],"class_list":["post-202902","post","type-post","status-publish","format-standard","has-post-thumbnail","hentry","category-fotoreportaj","infinite-scroll-item","generate-columns","tablet-grid-50","mobile-grid-100","grid-parent","grid-33","no-featured-image-padding"],"acf":[],"yoast_head":"<!-- This site is optimized with the Yoast SEO plugin v27.4 - https:\/\/yoast.com\/product\/yoast-seo-wordpress\/ -->\n<title>Az\u0259rbaycan ordusunun \u0259ld\u0259 etdiyi q\u0259nim\u0259tl\u0259r - MEYDAN.TV<\/title>\n<meta name=\"robots\" content=\"index, follow, max-snippet:-1, max-image-preview:large, max-video-preview:-1\" \/>\n<link rel=\"canonical\" href=\"https:\/\/www.meydan.tv\/az\/article\/azerbaycan-ordusunun-elde-etdiyi-qenimetler\/\" \/>\n<meta property=\"og:locale\" content=\"az_AZ\" \/>\n<meta property=\"og:type\" content=\"article\" \/>\n<meta property=\"og:title\" content=\"Az\u0259rbaycan ordusunun \u0259ld\u0259 etdiyi q\u0259nim\u0259tl\u0259r - MEYDAN.TV\" \/>\n<meta property=\"og:description\" content=\"Az\u0259rbaycan\u0131n M\u00fcdafi\u0259 Nazirliyi h\u0259rbi texnikalar\u0131n i\u015fl\u0259k v\u0259ziyy\u0259td\u0259 oldu\u011funu deyir.\" \/>\n<meta property=\"og:url\" content=\"https:\/\/www.meydan.tv\/az\/article\/azerbaycan-ordusunun-elde-etdiyi-qenimetler\/\" \/>\n<meta property=\"og:site_name\" content=\"MEYDAN.TV\" \/>\n<meta property=\"article:published_time\" content=\"2020-10-08T22:57:39+00:00\" \/>\n<meta property=\"article:modified_time\" content=\"2021-10-29T12:37:05+00:00\" \/>\n<meta property=\"og:image\" content=\"https:\/\/www.meydan.tv\/wp-content\/uploads\/img_9319photo-1200x801.jpg\" \/>\n\t<meta property=\"og:image:width\" content=\"1200\" \/>\n\t<meta property=\"og:image:height\" content=\"801\" \/>\n\t<meta property=\"og:image:type\" content=\"image\/jpeg\" \/>\n<meta name=\"author\" content=\"user-manager\" \/>\n<meta name=\"twitter:card\" content=\"summary_large_image\" \/>\n<script type=\"application\/ld+json\" class=\"yoast-schema-graph\">{\"@context\":\"https:\\\/\\\/schema.org\",\"@graph\":[{\"@type\":\"Article\",\"@id\":\"https:\\\/\\\/www.meydan.tv\\\/az\\\/article\\\/azerbaycan-ordusunun-elde-etdiyi-qenimetler\\\/#article\",\"isPartOf\":{\"@id\":\"https:\\\/\\\/www.meydan.tv\\\/az\\\/article\\\/azerbaycan-ordusunun-elde-etdiyi-qenimetler\\\/\"},\"author\":{\"name\":\"user-manager\",\"@id\":\"https:\\\/\\\/www.meydan.tv\\\/az\\\/#\\\/schema\\\/person\\\/10d11eccf6da3662cf5fdab9806ea91a\"},\"headline\":\"Az\u0259rbaycan ordusunun \u0259ld\u0259 etdiyi q\u0259nim\u0259tl\u0259r\",\"datePublished\":\"2020-10-08T22:57:39+00:00\",\"dateModified\":\"2021-10-29T12:37:05+00:00\",\"mainEntityOfPage\":{\"@id\":\"https:\\\/\\\/www.meydan.tv\\\/az\\\/article\\\/azerbaycan-ordusunun-elde-etdiyi-qenimetler\\\/\"},\"wordCount\":145,\"publisher\":{\"@id\":\"https:\\\/\\\/www.meydan.tv\\\/az\\\/#organization\"},\"image\":{\"@id\":\"https:\\\/\\\/www.meydan.tv\\\/az\\\/article\\\/azerbaycan-ordusunun-elde-etdiyi-qenimetler\\\/#primaryimage\"},\"thumbnailUrl\":\"https:\\\/\\\/www.meydan.tv\\\/wp-content\\\/uploads\\\/img_9319photo.jpg\",\"articleSection\":[\"Fotoreportaj\"],\"inLanguage\":\"az\"},{\"@type\":\"WebPage\",\"@id\":\"https:\\\/\\\/www.meydan.tv\\\/az\\\/article\\\/azerbaycan-ordusunun-elde-etdiyi-qenimetler\\\/\",\"url\":\"https:\\\/\\\/www.meydan.tv\\\/az\\\/article\\\/azerbaycan-ordusunun-elde-etdiyi-qenimetler\\\/\",\"name\":\"Az\u0259rbaycan ordusunun \u0259ld\u0259 etdiyi q\u0259nim\u0259tl\u0259r - MEYDAN.TV\",\"isPartOf\":{\"@id\":\"https:\\\/\\\/www.meydan.tv\\\/az\\\/#website\"},\"primaryImageOfPage\":{\"@id\":\"https:\\\/\\\/www.meydan.tv\\\/az\\\/article\\\/azerbaycan-ordusunun-elde-etdiyi-qenimetler\\\/#primaryimage\"},\"image\":{\"@id\":\"https:\\\/\\\/www.meydan.tv\\\/az\\\/article\\\/azerbaycan-ordusunun-elde-etdiyi-qenimetler\\\/#primaryimage\"},\"thumbnailUrl\":\"https:\\\/\\\/www.meydan.tv\\\/wp-content\\\/uploads\\\/img_9319photo.jpg\",\"datePublished\":\"2020-10-08T22:57:39+00:00\",\"dateModified\":\"2021-10-29T12:37:05+00:00\",\"breadcrumb\":{\"@id\":\"https:\\\/\\\/www.meydan.tv\\\/az\\\/article\\\/azerbaycan-ordusunun-elde-etdiyi-qenimetler\\\/#breadcrumb\"},\"inLanguage\":\"az\",\"potentialAction\":[{\"@type\":\"ReadAction\",\"target\":[\"https:\\\/\\\/www.meydan.tv\\\/az\\\/article\\\/azerbaycan-ordusunun-elde-etdiyi-qenimetler\\\/\"]}]},{\"@type\":\"ImageObject\",\"inLanguage\":\"az\",\"@id\":\"https:\\\/\\\/www.meydan.tv\\\/az\\\/article\\\/azerbaycan-ordusunun-elde-etdiyi-qenimetler\\\/#primaryimage\",\"url\":\"https:\\\/\\\/www.meydan.tv\\\/wp-content\\\/uploads\\\/img_9319photo.jpg\",\"contentUrl\":\"https:\\\/\\\/www.meydan.tv\\\/wp-content\\\/uploads\\\/img_9319photo.jpg\",\"width\":2023,\"height\":1350,\"caption\":\"Source: Specify Source\"},{\"@type\":\"BreadcrumbList\",\"@id\":\"https:\\\/\\\/www.meydan.tv\\\/az\\\/article\\\/azerbaycan-ordusunun-elde-etdiyi-qenimetler\\\/#breadcrumb\",\"itemListElement\":[{\"@type\":\"ListItem\",\"position\":1,\"name\":\"Ana s\u0259hif\u0259\",\"item\":\"https:\\\/\\\/www.meydan.tv\\\/az\\\/\"},{\"@type\":\"ListItem\",\"position\":2,\"name\":\"Fotoreportaj\",\"item\":\"https:\\\/\\\/www.meydan.tv\\\/az\\\/section\\\/fotoreportaj\\\/\"},{\"@type\":\"ListItem\",\"position\":3,\"name\":\"Az\u0259rbaycan ordusunun \u0259ld\u0259 etdiyi q\u0259nim\u0259tl\u0259r\"}]},{\"@type\":\"WebSite\",\"@id\":\"https:\\\/\\\/www.meydan.tv\\\/az\\\/#website\",\"url\":\"https:\\\/\\\/www.meydan.tv\\\/az\\\/\",\"name\":\"MEYDAN.TV\",\"description\":\"Meydan TV Az\u0259rbaycan\u0131n media m\u0259kan\u0131ndak\u0131 alternativ s\u0259sidir\",\"publisher\":{\"@id\":\"https:\\\/\\\/www.meydan.tv\\\/az\\\/#organization\"},\"potentialAction\":[{\"@type\":\"SearchAction\",\"target\":{\"@type\":\"EntryPoint\",\"urlTemplate\":\"https:\\\/\\\/www.meydan.tv\\\/az\\\/?s={search_term_string}\"},\"query-input\":{\"@type\":\"PropertyValueSpecification\",\"valueRequired\":true,\"valueName\":\"search_term_string\"}}],\"inLanguage\":\"az\"},{\"@type\":\"Organization\",\"@id\":\"https:\\\/\\\/www.meydan.tv\\\/az\\\/#organization\",\"name\":\"Meydan TV\",\"url\":\"https:\\\/\\\/www.meydan.tv\\\/az\\\/\",\"logo\":{\"@type\":\"ImageObject\",\"inLanguage\":\"az\",\"@id\":\"https:\\\/\\\/www.meydan.tv\\\/az\\\/#\\\/schema\\\/logo\\\/image\\\/\",\"url\":\"https:\\\/\\\/www.meydan.tv\\\/wp-content\\\/uploads\\\/2021\\\/07\\\/meydan-logo.svg\",\"contentUrl\":\"https:\\\/\\\/www.meydan.tv\\\/wp-content\\\/uploads\\\/2021\\\/07\\\/meydan-logo.svg\",\"width\":195,\"height\":46,\"caption\":\"Meydan TV\"},\"image\":{\"@id\":\"https:\\\/\\\/www.meydan.tv\\\/az\\\/#\\\/schema\\\/logo\\\/image\\\/\"}},{\"@type\":\"Person\",\"@id\":\"https:\\\/\\\/www.meydan.tv\\\/az\\\/#\\\/schema\\\/person\\\/10d11eccf6da3662cf5fdab9806ea91a\",\"name\":\"user-manager\"}]}<\/script>\n<!-- \/ Yoast SEO plugin. -->","yoast_head_json":{"title":"Az\u0259rbaycan ordusunun \u0259ld\u0259 etdiyi q\u0259nim\u0259tl\u0259r - MEYDAN.TV","robots":{"index":"index","follow":"follow","max-snippet":"max-snippet:-1","max-image-preview":"max-image-preview:large","max-video-preview":"max-video-preview:-1"},"canonical":"https:\/\/www.meydan.tv\/az\/article\/azerbaycan-ordusunun-elde-etdiyi-qenimetler\/","og_locale":"az_AZ","og_type":"article","og_title":"Az\u0259rbaycan ordusunun \u0259ld\u0259 etdiyi q\u0259nim\u0259tl\u0259r - MEYDAN.TV","og_description":"Az\u0259rbaycan\u0131n M\u00fcdafi\u0259 Nazirliyi h\u0259rbi texnikalar\u0131n i\u015fl\u0259k v\u0259ziyy\u0259td\u0259 oldu\u011funu deyir.","og_url":"https:\/\/www.meydan.tv\/az\/article\/azerbaycan-ordusunun-elde-etdiyi-qenimetler\/","og_site_name":"MEYDAN.TV","article_published_time":"2020-10-08T22:57:39+00:00","article_modified_time":"2021-10-29T12:37:05+00:00","og_image":[{"width":1200,"height":801,"url":"https:\/\/www.meydan.tv\/wp-content\/uploads\/img_9319photo-1200x801.jpg","type":"image\/jpeg"}],"author":"user-manager","twitter_card":"summary_large_image","schema":{"@context":"https:\/\/schema.org","@graph":[{"@type":"Article","@id":"https:\/\/www.meydan.tv\/az\/article\/azerbaycan-ordusunun-elde-etdiyi-qenimetler\/#article","isPartOf":{"@id":"https:\/\/www.meydan.tv\/az\/article\/azerbaycan-ordusunun-elde-etdiyi-qenimetler\/"},"author":{"name":"user-manager","@id":"https:\/\/www.meydan.tv\/az\/#\/schema\/person\/10d11eccf6da3662cf5fdab9806ea91a"},"headline":"Az\u0259rbaycan ordusunun \u0259ld\u0259 etdiyi q\u0259nim\u0259tl\u0259r","datePublished":"2020-10-08T22:57:39+00:00","dateModified":"2021-10-29T12:37:05+00:00","mainEntityOfPage":{"@id":"https:\/\/www.meydan.tv\/az\/article\/azerbaycan-ordusunun-elde-etdiyi-qenimetler\/"},"wordCount":145,"publisher":{"@id":"https:\/\/www.meydan.tv\/az\/#organization"},"image":{"@id":"https:\/\/www.meydan.tv\/az\/article\/azerbaycan-ordusunun-elde-etdiyi-qenimetler\/#primaryimage"},"thumbnailUrl":"https:\/\/www.meydan.tv\/wp-content\/uploads\/img_9319photo.jpg","articleSection":["Fotoreportaj"],"inLanguage":"az"},{"@type":"WebPage","@id":"https:\/\/www.meydan.tv\/az\/article\/azerbaycan-ordusunun-elde-etdiyi-qenimetler\/","url":"https:\/\/www.meydan.tv\/az\/article\/azerbaycan-ordusunun-elde-etdiyi-qenimetler\/","name":"Az\u0259rbaycan ordusunun \u0259ld\u0259 etdiyi q\u0259nim\u0259tl\u0259r - MEYDAN.TV","isPartOf":{"@id":"https:\/\/www.meydan.tv\/az\/#website"},"primaryImageOfPage":{"@id":"https:\/\/www.meydan.tv\/az\/article\/azerbaycan-ordusunun-elde-etdiyi-qenimetler\/#primaryimage"},"image":{"@id":"https:\/\/www.meydan.tv\/az\/article\/azerbaycan-ordusunun-elde-etdiyi-qenimetler\/#primaryimage"},"thumbnailUrl":"https:\/\/www.meydan.tv\/wp-content\/uploads\/img_9319photo.jpg","datePublished":"2020-10-08T22:57:39+00:00","dateModified":"2021-10-29T12:37:05+00:00","breadcrumb":{"@id":"https:\/\/www.meydan.tv\/az\/article\/azerbaycan-ordusunun-elde-etdiyi-qenimetler\/#breadcrumb"},"inLanguage":"az","potentialAction":[{"@type":"ReadAction","target":["https:\/\/www.meydan.tv\/az\/article\/azerbaycan-ordusunun-elde-etdiyi-qenimetler\/"]}]},{"@type":"ImageObject","inLanguage":"az","@id":"https:\/\/www.meydan.tv\/az\/article\/azerbaycan-ordusunun-elde-etdiyi-qenimetler\/#primaryimage","url":"https:\/\/www.meydan.tv\/wp-content\/uploads\/img_9319photo.jpg","contentUrl":"https:\/\/www.meydan.tv\/wp-content\/uploads\/img_9319photo.jpg","width":2023,"height":1350,"caption":"Source: Specify Source"},{"@type":"BreadcrumbList","@id":"https:\/\/www.meydan.tv\/az\/article\/azerbaycan-ordusunun-elde-etdiyi-qenimetler\/#breadcrumb","itemListElement":[{"@type":"ListItem","position":1,"name":"Ana s\u0259hif\u0259","item":"https:\/\/www.meydan.tv\/az\/"},{"@type":"ListItem","position":2,"name":"Fotoreportaj","item":"https:\/\/www.meydan.tv\/az\/section\/fotoreportaj\/"},{"@type":"ListItem","position":3,"name":"Az\u0259rbaycan ordusunun \u0259ld\u0259 etdiyi q\u0259nim\u0259tl\u0259r"}]},{"@type":"WebSite","@id":"https:\/\/www.meydan.tv\/az\/#website","url":"https:\/\/www.meydan.tv\/az\/","name":"MEYDAN.TV","description":"Meydan TV Az\u0259rbaycan\u0131n media m\u0259kan\u0131ndak\u0131 alternativ s\u0259sidir","publisher":{"@id":"https:\/\/www.meydan.tv\/az\/#organization"},"potentialAction":[{"@type":"SearchAction","target":{"@type":"EntryPoint","urlTemplate":"https:\/\/www.meydan.tv\/az\/?s={search_term_string}"},"query-input":{"@type":"PropertyValueSpecification","valueRequired":true,"valueName":"search_term_string"}}],"inLanguage":"az"},{"@type":"Organization","@id":"https:\/\/www.meydan.tv\/az\/#organization","name":"Meydan TV","url":"https:\/\/www.meydan.tv\/az\/","logo":{"@type":"ImageObject","inLanguage":"az","@id":"https:\/\/www.meydan.tv\/az\/#\/schema\/logo\/image\/","url":"https:\/\/www.meydan.tv\/wp-content\/uploads\/2021\/07\/meydan-logo.svg","contentUrl":"https:\/\/www.meydan.tv\/wp-content\/uploads\/2021\/07\/meydan-logo.svg","width":195,"height":46,"caption":"Meydan TV"},"image":{"@id":"https:\/\/www.meydan.tv\/az\/#\/schema\/logo\/image\/"}},{"@type":"Person","@id":"https:\/\/www.meydan.tv\/az\/#\/schema\/person\/10d11eccf6da3662cf5fdab9806ea91a","name":"user-manager"}]}},"_links":{"self":[{"href":"https:\/\/www.meydan.tv\/az\/wp-json\/wp\/v2\/posts\/202902","targetHints":{"allow":["GET"]}}],"collection":[{"href":"https:\/\/www.meydan.tv\/az\/wp-json\/wp\/v2\/posts"}],"about":[{"href":"https:\/\/www.meydan.tv\/az\/wp-json\/wp\/v2\/types\/post"}],"author":[{"embeddable":true,"href":"https:\/\/www.meydan.tv\/az\/wp-json\/wp\/v2\/users\/11"}],"replies":[{"embeddable":true,"href":"https:\/\/www.meydan.tv\/az\/wp-json\/wp\/v2\/comments?post=202902"}],"version-history":[{"count":1,"href":"https:\/\/www.meydan.tv\/az\/wp-json\/wp\/v2\/posts\/202902\/revisions"}],"predecessor-version":[{"id":217103,"href":"https:\/\/www.meydan.tv\/az\/wp-json\/wp\/v2\/posts\/202902\/revisions\/217103"}],"wp:featuredmedia":[{"embeddable":true,"href":"https:\/\/www.meydan.tv\/az\/wp-json\/wp\/v2\/media\/149209"}],"wp:attachment":[{"href":"https:\/\/www.meydan.tv\/az\/wp-json\/wp\/v2\/media?parent=202902"}],"wp:term":[{"taxonomy":"category","embeddable":true,"href":"https:\/\/www.meydan.tv\/az\/wp-json\/wp\/v2\/categories?post=202902"},{"taxonomy":"post_tag","embeddable":true,"href":"https:\/\/www.meydan.tv\/az\/wp-json\/wp\/v2\/tags?post=202902"}],"curies":[{"name":"wp","href":"https:\/\/api.w.org\/{rel}","templated":true}]}}