{"id":202880,"date":"2020-10-08T13:22:18","date_gmt":"2020-10-08T13:22:18","guid":{"rendered":"https:\/\/www.meydan.tv\/article\/xeste-heyvanlara-gore-prezidente-tesekkur-etdirib-videoya-cekdiler\/"},"modified":"2020-10-08T13:22:18","modified_gmt":"2020-10-08T13:22:18","slug":"xeste-heyvanlara-gore-prezidente-tesekkur-etdirib-videoya-cekdiler","status":"publish","type":"post","link":"https:\/\/www.meydan.tv\/az\/article\/xeste-heyvanlara-gore-prezidente-tesekkur-etdirib-videoya-cekdiler\/","title":{"rendered":"\u201cX\u0259st\u0259 heyvanlara g\u00f6r\u0259 prezident\u0259 t\u0259\u015f\u0259kk\u00fcr etdirib, videoya \u00e7\u0259kdil\u0259r\u201d"},"content":{"rendered":"<p>\n  <i><br \/>\n    K\u0259ndli: \u201c9 ayd\u0131r z\u00fclm \u00e7\u0259kir\u0259m, art\u0131m, g\u0259lir yoxdur\u201d<br \/>\n  <\/i>\n<\/p>\n<p>\n  \u201cBir ay t\u0259lim ke\u00e7ib, get-g\u0259ld\u0259n sonra biznes plan\u0131 yazd\u0131m. Ax\u0131rda g\u0259tirib 22 ba\u015f x\u0259st\u0259, ayaq \u00fcst\u0259 dura bilm\u0259y\u0259n heyvan verdil\u0259r. Azm\u0131\u015f kimi bizi s\u0131raya d\u00fcz\u00fcb buna g\u00f6r\u0259 Prezident\u0259 t\u0259\u015f\u0259kk\u00fcr etdirib, videomuzu \u00e7\u0259kdil\u0259r. Qaranl\u0131qda heyvanlar\u0131n pis g\u00fcnd\u0259 oldu\u011funu g\u00f6rm\u0259dim, bir s\u00f6zl\u0259, aldad\u0131ld\u0131m. Sonrak\u0131 \u015fikay\u0259tl\u0259rim\u0259 is\u0259 baxan olmad\u0131\u201d.\n<\/p>\n<p>\n  Sabirabad\u0131n T\u00fcrk\u0259di k\u0259ndinin sakini, 64 ya\u015fl\u0131 F\u0259rman Salmanov bel\u0259 deyir.\n<\/p>\n<p>\n  <b><br \/>\n    \u201c\u018fziyy\u0259t \u00e7\u0259kir\u0259m, b\u0259hr\u0259sini g\u00f6rm\u00fcr\u0259m\u201d<br \/>\n  <\/b>\n<\/p>\n<p>\n  Bildirir ki, \u00e7\u0259tinlikl\u0259 doland\u0131\u011f\u0131ndan kredit \u00fc\u00e7\u00fcn Sahibkarl\u0131\u011fa D\u0259st\u0259k Fonduna m\u00fcraci\u0259t edib. Kredit verm\u0259k \u0259v\u0259zin\u0259, onu M\u0259\u015f\u011fulluq M\u0259rk\u0259zin\u0259 y\u00f6nl\u0259ndiribl\u0259r. \u00d6z\u00fcn\u00fcm\u0259\u015f\u011fulluq proqram\u0131na qat\u0131l\u0131b. \u0130mtahandan sonra 22 ba\u015f ke\u00e7i al\u0131b. O, 9 ay \u00f6nc\u0259 ald\u0131\u011f\u0131 ke\u00e7il\u0259rin c\u0259mi 8-nin bala verdiyini deyir. Onlardan 7-si q\u0131s\u0131r \u00e7\u0131x\u0131b, 6-s\u0131 is\u0259 \u00f6l\u00fcb:\n<\/p>\n<p>\n  \u201cBudur 9 ayd\u0131r h\u0259r g\u00fcn tezd\u0259n 5-d\u0259 durub ke\u00e7il\u0259ri otarma\u011fa apar\u0131ram. Vallah, \u0259ziyy\u0259t \u00e7\u0259kir\u0259m, b\u0259hr\u0259si d\u0259 yoxdur. Bu ya\u015f\u0131mda m\u0259n\u0259 laz\u0131m idi? Hara da m\u00fcraci\u0259t edirik, deyirl\u0259r, \u201cbizlik deyil\u201d. B\u0259s kimlikdir?\u201d\n<\/p>\n<p>\n  <b><br \/>\n    \u201cBizi Prezidentin ad\u0131yla aldatd\u0131lar\u201d<br \/>\n  <\/b>\n<\/p>\n<p>\n  F\u0259rman Salmanov Sabirabad Rayon M\u0259\u015f\u011fulluq M\u0259rk\u0259zinin \u00f6z\u00fcn\u00fcm\u0259\u015f\u011fulluq proqram\u0131na 2019-cu ilin sonunda c\u0259lb edildiyini deyir. Bir ay t\u0259lim ke\u00e7ib, imtahan verib, heyvan al\u0131b. K\u0259ndli el\u0259 h\u0259min heyvanlar\u0131 alma prosesind\u0259 aldad\u0131ld\u0131\u011f\u0131n\u0131 deyir:\n<\/p>\n<p>\n  \u201cDekabr\u0131n 29-da m\u0259n\u0259 dedil\u0259r ki, g\u0259l heyvan\u0131n\u0131 al. Saat 2-d\u0259 getdim. Ax\u015famacan g\u00f6zl\u0259dim, hava qaralanda iki b\u00f6y\u00fck ma\u015f\u0131n g\u0259ldi. Orada heyvan g\u00f6zl\u0259y\u0259nl\u0259rin h\u0259r birin\u0259 22 ba\u015f ke\u00e7i g\u0259tirmi\u015fdil\u0259r. He\u00e7 kimi d\u0259 yax\u0131na buraxmad\u0131lar. \u0130lk n\u00f6vb\u0259d\u0259 duran adam\u0131n 22 \u0259d\u0259d ke\u00e7isini atd\u0131lar yer\u0259. Qalan ham\u0131 k\u0259narda durub bax\u0131rd\u0131. Heyvan alacaq olanlara h\u0259min 22 ke\u00e7inin \u00f6n\u00fcnd\u0259 Prezident \u0130lham \u018fliyev\u0259 t\u0259\u015f\u0259kk\u00fcr etm\u0259sini ist\u0259dil\u0259r. El\u0259 i\u00e7i m\u0259n qar\u0131\u015f\u0131q. T\u0259\u015f\u0259kk\u00fcr etdim, dedim, bu proqram\u0131 t\u0259\u015fkil ed\u0259nl\u0259r sa\u011f olsunlar. Daha n\u0259 bil\u0259ydim ki, g\u00f6r\u0259c\u0259k g\u00fcnl\u0259rim qabaqdad\u0131r. Hardan bil\u0259ydim ki, bunlar bizi Prezidentin ad\u0131yla aldadacaqlar?\u201d\n<\/p>\n<p>\n  <b><br \/>\n    \u201c5 min \u0259v\u0259zin\u0259, 500-600 manatl\u0131q heyvan verilib\u201d<br \/>\n  <\/b>\n<\/p>\n<p>\n  F\u0259rman Salmanov deyir ki, problemi il\u0259 ba\u011fl\u0131 yazmad\u0131\u011f\u0131 d\u00f6vl\u0259t qurumu qalmay\u0131b. M\u0259ktublar\u0131na g\u0259l\u0259n b\u00fct\u00fcn cavablar Sabirabad Rayon \u0130cra Hakimiyy\u0259tin\u0259 g\u00f6nd\u0259rilir. Onlar da M\u0259\u015f\u011fulluq M\u0259rk\u0259zin\u0259 y\u00f6nl\u0259ndirirl\u0259r:\n<\/p>\n<p>\n  \u201cM\u0259\u015f\u011fulluq da he\u00e7 c\u00fcr k\u00f6m\u0259k etmir. \u00d6z s\u0259hvl\u0259ridir ax\u0131. N\u0259 desinl\u0259r? M\u0259n bu heyvanlar\u0131 q\u0131\u015fdan \u00e7\u0131xarmaq \u00fc\u00e7\u00fcn 20 ba\u011flama yonca, 45 ba\u011flama yaz otu alm\u0131\u015fam. H\u0259r ba\u011f\u0131 aparatda \u00e7\u0259km\u0259k d\u0259 50 q\u0259pikdir. \u00dcmumi 250 manat x\u0259rcim \u00e7\u0131x\u0131b. Arpa, \u00e7iyid v\u0259 k\u0259p\u0259y\u0259 d\u0259 bir 250 manat vermi\u015f\u0259m. X\u0259st\u0259l\u0259n\u0259nd\u0259 d\u0259rmanlar\u0131na 60 manat x\u0259rcl\u0259mi\u015f\u0259m. M\u0259n\u0259 9 ayda 560 manat maddi ziyan d\u0259yib. H\u0259l\u0259 m\u0259n\u0259vi ziyan\u0131 demir\u0259m. Ham\u0131m\u0131z \u00fcmidl\u0259nmi\u015fdik ki, h\u0259r \u015fey yax\u015f\u0131 olacaq. Buna kim cavab ver\u0259c\u0259k? H\u0259min ke\u00e7il\u0259rd\u0259n bu g\u00fcn\u0259d\u0259k 6-s\u0131 \u00f6l\u00fcb, 7-si q\u0131s\u0131rd\u0131r. Yerd\u0259 n\u0259 qald\u0131? Yerd\u0259 qalanlardan 1-i erk\u0259kdir. Qal\u0131r 8 heyvan. Onlar da o q\u0259d\u0259r ya\u015fl\u0131d\u0131r ki, do\u011fumda g\u00fcc-b\u0259la il\u0259 sa\u011f qal\u0131blar. Bu heyvanlar\u0131n birinin bazar d\u0259y\u0259ri 30-40 manatd\u0131r. Halbuki 5 min manat d\u0259y\u0259rind\u0259 heyvan verilm\u0259li idi\u201d.\n<\/p>\n<figure class=\"wp-block-image size-large\">\n  <img decoding=\"async\" src=\"https:\/\/www.meydan.tv\/az\/image_from_ios__5_-jpg-6\/\" alt=\"image_from_ios__5_.jpg\" class=\"wp-image-149161\"\/><figcaption>\n    F\u0259rman Salmanov deyir ki, problemi il\u0259 ba\u011fl\u0131 yazmad\u0131\u011f\u0131 d\u00f6vl\u0259t qurumu qalmay\u0131b<br \/>\n  <\/figcaption><\/figure>\n<p>\n  <b><br \/>\n    \u201cB\u0259lk\u0259 d\u0259 Prezidentin x\u0259b\u0259ri yoxdur\u201d<br \/>\n  <\/b>\n<\/p>\n<p>\n  F\u0259rman Salmanov deyir ki, bu c\u00fcr yax\u015f\u0131 proqram\u0131 bu g\u00fcn\u0259 qoyan m\u0259murlard\u0131r. B\u0259lk\u0259 d\u0259 Prezidentin bundan x\u0259b\u0259ri yoxdur:\n<\/p>\n<p>\n  \u201c\u0130ndi m\u0259n dan\u0131\u015f\u0131ram, ictimail\u0259\u015fdirir\u0259m ki, x\u0259b\u0259ri olsun. Bilsin ki, m\u0259murlar b\u00f6lg\u0259l\u0259rd\u0259 n\u0259 hoqqalardan \u00e7\u0131x\u0131rlar. Camaat\u0131 n\u0259 c\u00fcr dolay\u0131rlar. Onlar\u0131n haqq\u0131na nec\u0259 girirl\u0259r. Y\u0259qin indi Sahil Babayev gedib Prezident\u0259 m\u00fcsb\u0259t hesabat verir. Deyir, \u201cyerl\u0259rd\u0259 insanlar heyvanla t\u0259min olunub, h\u0259r \u015fey qaydas\u0131ndad\u0131r\u201d v\u0259 s. Han\u0131? Bizim 9 ayd\u0131r ba\u015f\u0131m\u0131za oyun a\u00e7\u0131rlar. Yazmad\u0131\u011f\u0131m\u0131z, getm\u0259diyimiz qurum qalmay\u0131b. Sahil Babayev g\u0259lsin, m\u0259nim v\u0259ziyy\u0259tim\u0259 baxs\u0131n. X\u0259st\u0259 ke\u00e7il\u0259rini apars\u0131n, m\u0259n\u0259 sa\u011flam, d\u00f6vl\u0259tin proqram\u0131nda n\u0259z\u0259rd\u0259 tutuan heyvan versin\u201d.\n<\/p>\n<p>\n  <b><br \/>\n    \u201cBunlar\u0131 ed\u0259n kimdir?\u201d<br \/>\n  <\/b>\n<\/p>\n<p>\n  F\u0259rman Salmanov \u0259lav\u0259 edir ki, \u0259g\u0259r heyvanlar yax\u015f\u0131, sa\u011flam olsayd\u0131, indiy\u0259 50 ba\u015f olmu\u015fdu:\n<\/p>\n<p>\n  \u201cB\u0259s m\u0259n bu q\u0259d\u0259r x\u0259rc \u00e7\u0259kmi\u015f\u0259m. N\u0259 il\u0259 dolanmal\u0131yam? Bu ya\u015f\u0131mda gedib \u00e7\u00f6ll\u0259rd\u0259 qal\u0131ram, bir xeyrim d\u0259 yox. M\u0259murlar deyirl\u0259r ki, bizim x\u0259b\u0259rimiz yoxdur. B\u0259s bunu kim edir? Bel\u0259 \u00e7\u0131x\u0131r ki, Prezident edir? Ya camaata normal heyvan verin, ya da bu proqram\u0131 l\u0259\u011fv edin. Vallah, bu yax\u015f\u0131l\u0131q deyil, z\u00fclmd\u00fcr. H\u0259r ke\u00e7inin qiym\u0259tinin 220 manat oldu\u011funu deyirl\u0259r. Ancaq he\u00e7 20 manat da deyil. Bu q\u0259d\u0259r qan i\u00e7m\u0259k olmaz, bu q\u0259d\u0259r Allahs\u0131zl\u0131q olmaz\u201d.\n<\/p>\n<p>\n  Sabirabad Rayon M\u0259\u015f\u011fulluq Xidm\u0259tinin \u0259m\u0259kda\u015f\u0131 Hac\u0131\u0259li \u0130smay\u0131lov is\u0259 Meydan TV-y\u0259 deyib ki, v\u0259t\u0259nda\u015fa sa\u011flam heyvan verilib. \u018fks halda, naraz\u0131yd\u0131sa, g\u0259r\u0259k 1 ay m\u00fcdd\u0259tind\u0259 m\u00fcraci\u0259t ed\u0259rdi:\n<\/p>\n<p>\n  \u201cQald\u0131, naraz\u0131 da deyil. Bizd\u0259 onun video-g\u00f6r\u00fcnt\u00fcl\u0259ri var, heyvanlardan raz\u0131l\u0131q edir, t\u0259\u015f\u0259kk\u00fcr\u00fcn\u00fc bildirir. Sonradan biz\u0259 d\u0259 naraz\u0131 oldu\u011funu bildirib v\u0259 biz bu bar\u0259d\u0259 \u018fm\u0259k v\u0259 \u018fhalinin Sosial M\u00fcdafi\u0259si Nazirliyin\u0259 m\u0259lumat vermi\u015fik. Y\u0259ni x\u0259b\u0259rl\u0259ri var. \u00c7al\u0131\u015faca\u011f\u0131q k\u00f6m\u0259klik g\u00f6st\u0259r\u0259k, ancaq qaydalara, imzalad\u0131\u011f\u0131 m\u00fcqavil\u0259y\u0259 g\u00f6r\u0259 \u0259g\u0259r heyvanlardan naraz\u0131yd\u0131sa, bunu ald\u0131\u011f\u0131 g\u00fcnd\u0259n 1 ay m\u00fcdd\u0259tin\u0259 b\u0259yan etm\u0259li idi\u201d.\n<\/p>\n<p>\n  <b><br \/>\n    \u201cHam\u0131n\u0131n bu problemd\u0259n x\u0259b\u0259ri var, sad\u0259c\u0259 baxan yoxdur\u201d<br \/>\n  <\/b>\n<\/p>\n<p>\n  F\u0259rman Salmanov deyir ki, ona heyvanlar hava t\u0259miz qaralandan sonra verilib. Qaranl\u0131qda onlar\u0131n n\u0259 v\u0259ziyy\u0259td\u0259 oldu\u011funu bilm\u0259yib:\n<\/p>\n<p>\n  \u201cS\u0259h\u0259r duranda g\u00f6rd\u00fcm ki, ke\u00e7il\u0259r ayaq \u00fcst\u0259 dura bilmir, ham\u0131s\u0131 x\u0259st\u0259dir, \u00f6sk\u00fcr\u00fcr. Biz hara m\u00fcraci\u0259t etdik, biz\u0259 cavab ver\u0259n olmad\u0131. \u00c7\u00fcnki n\u00f6vb\u0259ti 7 g\u00fcn bayram idi v\u0259 ham\u0131 t\u0259til\u0259 \u00e7\u0131xm\u0131\u015fd\u0131. Yanvar\u0131n 2-d\u0259 ke\u00e7inin biri \u00f6ld\u00fc. M\u0259\u015f\u011fulluq m\u0259rk\u0259zinin direktoruna x\u0259b\u0259r verdim. Vecin\u0259 almad\u0131. Sonradan d\u0259f\u0259l\u0259rl\u0259 M\u0259\u015f\u011fulluq M\u0259rk\u0259zind\u0259 oldum v\u0259 problemimi dan\u0131\u015fd\u0131m. Dedim, he\u00e7 olmasa yemin\u0259 k\u00f6m\u0259k edin. \u00c7\u00fcnki m\u0259nim b\u00fct\u00fcn pulum m\u00fcalic\u0259l\u0259r\u0259, d\u0259rmanlara gedirdi. He\u00e7 bir k\u00f6m\u0259klik etm\u0259dil\u0259r. Korrupsiya idar\u0259sind\u0259n tutmu\u015f, icra hakimiyy\u0259tin\u0259, nazirliy\u0259, prezident\u0259 q\u0259d\u0259r ham\u0131ya yazm\u0131\u015fam. Y\u0259ni ham\u0131n\u0131n bu problemd\u0259n x\u0259b\u0259ri var. Ancaq baxan yoxdur\u201d.\n<\/p>\n<p>\n  \u00d6t\u0259n il fevral\u0131n 14-d\u0259 \u018fm\u0259k v\u0259 \u0259halinin sosial m\u00fcdafi\u0259si naziri Sahil Babayev ke\u00e7irdiyi m\u0259tbuat konfrans\u0131nda m\u0259\u015f\u011fulluq proqram\u0131nda manipulyasiya il\u0259 m\u0259\u015f\u011ful olmaq ist\u0259y\u0259nl\u0259rin oldu\u011funu t\u0259sdiql\u0259yib. O, d\u0259yi\u015fdiril\u0259n heyvanlar\u0131n say\u0131n\u0131n 170-\u0259 yax\u0131n oldu\u011funu deyib:\n<\/p>\n<p>\n  \u201cAil\u0259l\u0259r\u0259 yarars\u0131z heyvan ver\u0259n m\u0259\u015f\u011fulluq m\u0259rk\u0259zl\u0259rinin n\u00fcmay\u0259nd\u0259l\u0259rin\u0259 inzibati t\u0259nbeh verilib. Ara\u015fd\u0131rma zaman\u0131 proqrama yaz\u0131lan b\u0259zi \u015f\u0259xsl\u0259rin azt\u0259minatl\u0131 yox, imkanl\u0131 oldu\u011fu m\u0259lum olub. M\u0259\u015f\u011fulluq proqram\u0131na uy\u011fun olmayan 800 \u015f\u0259xs siyah\u0131dan \u00e7\u0131xar\u0131l\u0131b. Onlar\u0131n \u00e7oxu m\u0259tbuata m\u00fcxt\u0259lif iddialarla \u00e7\u0131x\u0131b\u201d.\n<\/p>\n<figure class=\"wp-block-image size-large\">\n  <img decoding=\"async\" src=\"https:\/\/www.meydan.tv\/az\/image_from_ios__7_-jpg-2\/\" alt=\"image_from_ios__7_.jpg\" class=\"wp-image-149164\"\/><figcaption>\n    \u201cS\u0259h\u0259r duranda g\u00f6rd\u00fcm ki, ke\u00e7il\u0259r ayaq \u00fcst\u0259 dura bilmir, ham\u0131s\u0131 x\u0259st\u0259dir, \u00f6sk\u00fcr\u00fcr&#8221;.<br \/>\n  <\/figcaption><\/figure>\n<p>\n  <b><br \/>\n    35 milyon manatl\u0131q proqram<br \/>\n  <\/b>\n<\/p>\n<p>\n  R\u0259smi m\u0259lumatlara g\u00f6r\u0259, 2017-ci ild\u0259 \u00f6z\u00fcn\u00fcm\u0259\u015f\u011fulluq proqram\u0131ndan 1232 ail\u0259 faydalan\u0131b. 2018-ci ild\u0259 is\u0259 proqrama 35 milyon manat v\u0259sait ayr\u0131l\u0131b.\n<\/p>\n<p>\n  \u018fm\u0259k v\u0259 \u0259halinin sosial m\u00fcdafi\u0259si naziri Sahil Babayev 2018-ci ild\u0259 proqram\u0131n 7737 n\u0259f\u0259ri \u0259hat\u0259 etdiyini deyib:\n<\/p>\n<p>\n  \u201cOnlardan 1029 n\u0259f\u0259ri g\u0259nc, 1255 n\u0259f\u0259ri m\u0259cburi k\u00f6\u00e7k\u00fcn, 816 n\u0259f\u0259ri \u00fcnvanl\u0131 sosial yard\u0131m alan, 298 n\u0259f\u0259ri m\u00fcharib\u0259 veteran\u0131d\u0131r. Bundan ba\u015fqa, \u00f6z\u00fcn\u00fcm\u0259\u015f\u011fulluq proqram\u0131 il\u0259 1309 qad\u0131n, 913 fiziki m\u0259hdudiyy\u0259tli \u015f\u0259xs \u0259hat\u0259 olunub\u201d.\n<\/p>\n<p>\n  2019-cu ild\u0259 bu proqrama daha 8000 n\u0259f\u0259r c\u0259lb edilib. 30 milyondan art\u0131q v\u0259sait ayr\u0131l\u0131b. Bu bar\u0259d\u0259 Prezident Administrasiyas\u0131n\u0131n S\u0259n\u0259dl\u0259rl\u0259 v\u0259 v\u0259t\u0259nda\u015flar\u0131n m\u00fcraci\u0259tl\u0259ri il\u0259 i\u015f \u015f\u00f6b\u0259sinin m\u00fcdiri S\u00fcleyman \u0130smay\u0131lov bildirib ki, 2018-ci ild\u0259 proqrama c\u0259lb olunmu\u015f ail\u0259l\u0259rd\u0259n 7267- si biznes planlar\u0131n\u0131 u\u011furla m\u00fcdafi\u0259 edib. Bu da 2017-ci ill\u0259 m\u00fcqayis\u0259d\u0259 6,5 d\u0259f\u0259 \u00e7oxdur. B\u00fct\u00f6vl\u00fckd\u0259 5000-d\u0259n \u00e7ox ail\u0259 aktivl\u0259rl\u0259 t\u0259min olunub.\n<\/p>\n<p>\n  <b><br \/>\n    \u201cUcuz al\u0131nan heyvan\u0131 baha qiym\u0259t\u0259 r\u0259smil\u0259\u015fdirirl\u0259r\u201d<br \/>\n  <\/b>\n<\/p>\n<p>\n  \u0130qtisadi T\u0259dqiqatlar M\u0259rk\u0259zinin r\u0259hb\u0259ri, iqtisad\u00e7\u0131 Qalib To\u011frul deyir ki, Rusiya t\u0259cr\u00fcb\u0259sind\u0259n g\u00f6t\u00fcr\u00fcl\u0259n \u00f6z\u00fcnm\u0259\u015f\u011fulluq proqram\u0131 ideya kimi yax\u015f\u0131d\u0131r, ancaq t\u0259tbiqi il\u0259 ba\u011fl\u0131 probleml\u0259r var:\n<\/p>\n<p>\n  \u201cAncaq bu, he\u00e7 bir halda ail\u0259l\u0259ri yoxsulluqdan qurtara bilm\u0259z. H\u0259min ail\u0259l\u0259r\u0259 n\u00f6vb\u0259ti m\u0259rh\u0259l\u0259d\u0259 a\u015fa\u011f\u0131 faizl\u0259 kredit, \u0259v\u0259zsiz qrantlar verm\u0259lidirl\u0259r ki, sahibkar kimi formala\u015fa bilsinl\u0259r\u201d.\n<\/p>\n<p>\n  \u0130qtisad\u00e7\u0131 deyir ki, proqram\u0131n h\u0259yata ke\u00e7irilm\u0259si \u0259vv\u0259lki ill\u0259r\u0259 baxanda indi qapal\u0131 apar\u0131l\u0131r:\n<\/p>\n<p>\n  \u201c\u018fld\u0259 etdiyim m\u0259lumatlara g\u00f6r\u0259, t\u0259tbiqind\u0259 ciddi qanun pozuntular\u0131 da olub. M\u0259s\u0259l\u0259n, adic\u0259 nazirlik n\u0259z\u0259rd\u0259 tutulan v\u0259saiti ail\u0259nin \u00f6z\u00fcn\u0259 vers\u0259ydi, onlar gedib \u00f6zl\u0259rin\u0259 laz\u0131m olan heyvan\u0131 se\u00e7ib, alard\u0131lar. Ancaq m\u0259murlar heyvan\u0131 \u00f6zl\u0259ri al\u0131b, v\u0259t\u0259nda\u015fa verirl\u0259r. \u00c7\u00fcnki ucuz al\u0131nan heyvan\u0131 baha qiym\u0259t\u0259 r\u0259smil\u0259\u015fdirirl\u0259r. N\u0259tic\u0259d\u0259 heyvanlar x\u0259st\u0259, z\u0259if, q\u0131s\u0131r \u00e7\u0131x\u0131r. \u00dcst\u0259lik, n\u0259z\u0259rd\u0259 tutulur ki, bir ail\u0259y\u0259 maksimum 5 min manatl\u0131q heyvan al\u0131ns\u0131n. Veril\u0259n heyvanlar\u0131n d\u0259y\u0259ri is\u0259 ancaq 700-800 manat edir. Yaranan naraz\u0131l\u0131qlar\u0131n s\u0259b\u0259bi budur\u201d.\n<\/p>\n<figure class=\"wp-block-image size-large\">\n  <img decoding=\"async\" src=\"https:\/\/www.meydan.tv\/az\/image_from_ios__6_-jpg-5\/\" alt=\"image_from_ios__6_.jpg\" class=\"wp-image-149173\"\/><figcaption>\n    M\u00fcqavil\u0259<br \/>\n  <\/figcaption><\/figure>\n","protected":false},"excerpt":{"rendered":"<p>&#8220;N\u0259 il\u0259 dolanmal\u0131yam?&#8221;<\/p>\n","protected":false},"author":11,"featured_media":149167,"comment_status":"closed","ping_status":"open","sticky":false,"template":"","format":"standard","meta":{"_acf_changed":false,"_sitemap_exclude":false,"_sitemap_priority":"","_sitemap_frequency":"","footnotes":""},"categories":[60],"tags":[],"class_list":["post-202880","post","type-post","status-publish","format-standard","has-post-thumbnail","hentry","category-bolge","infinite-scroll-item","generate-columns","tablet-grid-50","mobile-grid-100","grid-parent","grid-33","no-featured-image-padding"],"acf":[],"yoast_head":"<!-- This site is optimized with the Yoast SEO plugin v27.5 - https:\/\/yoast.com\/product\/yoast-seo-wordpress\/ -->\n<title>\u201cX\u0259st\u0259 heyvanlara g\u00f6r\u0259 prezident\u0259 t\u0259\u015f\u0259kk\u00fcr etdirib, videoya \u00e7\u0259kdil\u0259r\u201d - MEYDAN.TV<\/title>\n<meta name=\"robots\" content=\"index, follow, max-snippet:-1, max-image-preview:large, max-video-preview:-1\" \/>\n<link rel=\"canonical\" href=\"https:\/\/www.meydan.tv\/az\/article\/xeste-heyvanlara-gore-prezidente-tesekkur-etdirib-videoya-cekdiler\/\" \/>\n<meta property=\"og:locale\" content=\"az_AZ\" \/>\n<meta property=\"og:type\" content=\"article\" \/>\n<meta property=\"og:title\" content=\"\u201cX\u0259st\u0259 heyvanlara g\u00f6r\u0259 prezident\u0259 t\u0259\u015f\u0259kk\u00fcr etdirib, videoya \u00e7\u0259kdil\u0259r\u201d - MEYDAN.TV\" \/>\n<meta property=\"og:description\" content=\"&quot;N\u0259 il\u0259 dolanmal\u0131yam?&quot;\" \/>\n<meta property=\"og:url\" content=\"https:\/\/www.meydan.tv\/az\/article\/xeste-heyvanlara-gore-prezidente-tesekkur-etdirib-videoya-cekdiler\/\" \/>\n<meta property=\"og:site_name\" content=\"MEYDAN.TV\" \/>\n<meta property=\"article:published_time\" content=\"2020-10-08T13:22:18+00:00\" \/>\n<meta property=\"og:image\" content=\"https:\/\/www.meydan.tv\/wp-content\/uploads\/image_from_ios__8__p9thrcm-scaled.jpg\" \/>\n\t<meta property=\"og:image:width\" content=\"2560\" \/>\n\t<meta property=\"og:image:height\" content=\"1920\" \/>\n\t<meta property=\"og:image:type\" content=\"image\/jpeg\" \/>\n<meta name=\"author\" content=\"user-manager\" \/>\n<meta name=\"twitter:card\" content=\"summary_large_image\" \/>\n<script type=\"application\/ld+json\" class=\"yoast-schema-graph\">{\"@context\":\"https:\\\/\\\/schema.org\",\"@graph\":[{\"@type\":\"Article\",\"@id\":\"https:\\\/\\\/www.meydan.tv\\\/az\\\/article\\\/xeste-heyvanlara-gore-prezidente-tesekkur-etdirib-videoya-cekdiler\\\/#article\",\"isPartOf\":{\"@id\":\"https:\\\/\\\/www.meydan.tv\\\/az\\\/article\\\/xeste-heyvanlara-gore-prezidente-tesekkur-etdirib-videoya-cekdiler\\\/\"},\"author\":{\"name\":\"user-manager\",\"@id\":\"https:\\\/\\\/www.meydan.tv\\\/az\\\/#\\\/schema\\\/person\\\/10d11eccf6da3662cf5fdab9806ea91a\"},\"headline\":\"\u201cX\u0259st\u0259 heyvanlara g\u00f6r\u0259 prezident\u0259 t\u0259\u015f\u0259kk\u00fcr etdirib, videoya \u00e7\u0259kdil\u0259r\u201d\",\"datePublished\":\"2020-10-08T13:22:18+00:00\",\"mainEntityOfPage\":{\"@id\":\"https:\\\/\\\/www.meydan.tv\\\/az\\\/article\\\/xeste-heyvanlara-gore-prezidente-tesekkur-etdirib-videoya-cekdiler\\\/\"},\"wordCount\":1863,\"publisher\":{\"@id\":\"https:\\\/\\\/www.meydan.tv\\\/az\\\/#organization\"},\"image\":{\"@id\":\"https:\\\/\\\/www.meydan.tv\\\/az\\\/article\\\/xeste-heyvanlara-gore-prezidente-tesekkur-etdirib-videoya-cekdiler\\\/#primaryimage\"},\"thumbnailUrl\":\"https:\\\/\\\/www.meydan.tv\\\/wp-content\\\/uploads\\\/image_from_ios__8__p9thrcm-scaled.jpg\",\"articleSection\":[\"B\u00f6lg\u0259\"],\"inLanguage\":\"az\"},{\"@type\":\"WebPage\",\"@id\":\"https:\\\/\\\/www.meydan.tv\\\/az\\\/article\\\/xeste-heyvanlara-gore-prezidente-tesekkur-etdirib-videoya-cekdiler\\\/\",\"url\":\"https:\\\/\\\/www.meydan.tv\\\/az\\\/article\\\/xeste-heyvanlara-gore-prezidente-tesekkur-etdirib-videoya-cekdiler\\\/\",\"name\":\"\u201cX\u0259st\u0259 heyvanlara g\u00f6r\u0259 prezident\u0259 t\u0259\u015f\u0259kk\u00fcr etdirib, videoya \u00e7\u0259kdil\u0259r\u201d - MEYDAN.TV\",\"isPartOf\":{\"@id\":\"https:\\\/\\\/www.meydan.tv\\\/az\\\/#website\"},\"primaryImageOfPage\":{\"@id\":\"https:\\\/\\\/www.meydan.tv\\\/az\\\/article\\\/xeste-heyvanlara-gore-prezidente-tesekkur-etdirib-videoya-cekdiler\\\/#primaryimage\"},\"image\":{\"@id\":\"https:\\\/\\\/www.meydan.tv\\\/az\\\/article\\\/xeste-heyvanlara-gore-prezidente-tesekkur-etdirib-videoya-cekdiler\\\/#primaryimage\"},\"thumbnailUrl\":\"https:\\\/\\\/www.meydan.tv\\\/wp-content\\\/uploads\\\/image_from_ios__8__p9thrcm-scaled.jpg\",\"datePublished\":\"2020-10-08T13:22:18+00:00\",\"breadcrumb\":{\"@id\":\"https:\\\/\\\/www.meydan.tv\\\/az\\\/article\\\/xeste-heyvanlara-gore-prezidente-tesekkur-etdirib-videoya-cekdiler\\\/#breadcrumb\"},\"inLanguage\":\"az\",\"potentialAction\":[{\"@type\":\"ReadAction\",\"target\":[\"https:\\\/\\\/www.meydan.tv\\\/az\\\/article\\\/xeste-heyvanlara-gore-prezidente-tesekkur-etdirib-videoya-cekdiler\\\/\"]}]},{\"@type\":\"ImageObject\",\"inLanguage\":\"az\",\"@id\":\"https:\\\/\\\/www.meydan.tv\\\/az\\\/article\\\/xeste-heyvanlara-gore-prezidente-tesekkur-etdirib-videoya-cekdiler\\\/#primaryimage\",\"url\":\"https:\\\/\\\/www.meydan.tv\\\/wp-content\\\/uploads\\\/image_from_ios__8__p9thrcm-scaled.jpg\",\"contentUrl\":\"https:\\\/\\\/www.meydan.tv\\\/wp-content\\\/uploads\\\/image_from_ios__8__p9thrcm-scaled.jpg\",\"width\":2560,\"height\":1920,\"caption\":\"Source: Specify Source\"},{\"@type\":\"BreadcrumbList\",\"@id\":\"https:\\\/\\\/www.meydan.tv\\\/az\\\/article\\\/xeste-heyvanlara-gore-prezidente-tesekkur-etdirib-videoya-cekdiler\\\/#breadcrumb\",\"itemListElement\":[{\"@type\":\"ListItem\",\"position\":1,\"name\":\"Ana s\u0259hif\u0259\",\"item\":\"https:\\\/\\\/www.meydan.tv\\\/az\\\/\"},{\"@type\":\"ListItem\",\"position\":2,\"name\":\"B\u00f6lg\u0259\",\"item\":\"https:\\\/\\\/www.meydan.tv\\\/az\\\/section\\\/bolge\\\/\"},{\"@type\":\"ListItem\",\"position\":3,\"name\":\"\u201cX\u0259st\u0259 heyvanlara g\u00f6r\u0259 prezident\u0259 t\u0259\u015f\u0259kk\u00fcr etdirib, videoya \u00e7\u0259kdil\u0259r\u201d\"}]},{\"@type\":\"WebSite\",\"@id\":\"https:\\\/\\\/www.meydan.tv\\\/az\\\/#website\",\"url\":\"https:\\\/\\\/www.meydan.tv\\\/az\\\/\",\"name\":\"MEYDAN.TV\",\"description\":\"Meydan TV Az\u0259rbaycan\u0131n media m\u0259kan\u0131ndak\u0131 alternativ s\u0259sidir\",\"publisher\":{\"@id\":\"https:\\\/\\\/www.meydan.tv\\\/az\\\/#organization\"},\"potentialAction\":[{\"@type\":\"SearchAction\",\"target\":{\"@type\":\"EntryPoint\",\"urlTemplate\":\"https:\\\/\\\/www.meydan.tv\\\/az\\\/?s={search_term_string}\"},\"query-input\":{\"@type\":\"PropertyValueSpecification\",\"valueRequired\":true,\"valueName\":\"search_term_string\"}}],\"inLanguage\":\"az\"},{\"@type\":\"Organization\",\"@id\":\"https:\\\/\\\/www.meydan.tv\\\/az\\\/#organization\",\"name\":\"Meydan TV\",\"url\":\"https:\\\/\\\/www.meydan.tv\\\/az\\\/\",\"logo\":{\"@type\":\"ImageObject\",\"inLanguage\":\"az\",\"@id\":\"https:\\\/\\\/www.meydan.tv\\\/az\\\/#\\\/schema\\\/logo\\\/image\\\/\",\"url\":\"https:\\\/\\\/www.meydan.tv\\\/wp-content\\\/uploads\\\/2021\\\/07\\\/meydan-logo.svg\",\"contentUrl\":\"https:\\\/\\\/www.meydan.tv\\\/wp-content\\\/uploads\\\/2021\\\/07\\\/meydan-logo.svg\",\"width\":195,\"height\":46,\"caption\":\"Meydan TV\"},\"image\":{\"@id\":\"https:\\\/\\\/www.meydan.tv\\\/az\\\/#\\\/schema\\\/logo\\\/image\\\/\"}},{\"@type\":\"Person\",\"@id\":\"https:\\\/\\\/www.meydan.tv\\\/az\\\/#\\\/schema\\\/person\\\/10d11eccf6da3662cf5fdab9806ea91a\",\"name\":\"user-manager\"}]}<\/script>\n<!-- \/ Yoast SEO plugin. -->","yoast_head_json":{"title":"\u201cX\u0259st\u0259 heyvanlara g\u00f6r\u0259 prezident\u0259 t\u0259\u015f\u0259kk\u00fcr etdirib, videoya \u00e7\u0259kdil\u0259r\u201d - MEYDAN.TV","robots":{"index":"index","follow":"follow","max-snippet":"max-snippet:-1","max-image-preview":"max-image-preview:large","max-video-preview":"max-video-preview:-1"},"canonical":"https:\/\/www.meydan.tv\/az\/article\/xeste-heyvanlara-gore-prezidente-tesekkur-etdirib-videoya-cekdiler\/","og_locale":"az_AZ","og_type":"article","og_title":"\u201cX\u0259st\u0259 heyvanlara g\u00f6r\u0259 prezident\u0259 t\u0259\u015f\u0259kk\u00fcr etdirib, videoya \u00e7\u0259kdil\u0259r\u201d - MEYDAN.TV","og_description":"\"N\u0259 il\u0259 dolanmal\u0131yam?\"","og_url":"https:\/\/www.meydan.tv\/az\/article\/xeste-heyvanlara-gore-prezidente-tesekkur-etdirib-videoya-cekdiler\/","og_site_name":"MEYDAN.TV","article_published_time":"2020-10-08T13:22:18+00:00","og_image":[{"width":2560,"height":1920,"url":"https:\/\/www.meydan.tv\/wp-content\/uploads\/image_from_ios__8__p9thrcm-scaled.jpg","type":"image\/jpeg"}],"author":"user-manager","twitter_card":"summary_large_image","schema":{"@context":"https:\/\/schema.org","@graph":[{"@type":"Article","@id":"https:\/\/www.meydan.tv\/az\/article\/xeste-heyvanlara-gore-prezidente-tesekkur-etdirib-videoya-cekdiler\/#article","isPartOf":{"@id":"https:\/\/www.meydan.tv\/az\/article\/xeste-heyvanlara-gore-prezidente-tesekkur-etdirib-videoya-cekdiler\/"},"author":{"name":"user-manager","@id":"https:\/\/www.meydan.tv\/az\/#\/schema\/person\/10d11eccf6da3662cf5fdab9806ea91a"},"headline":"\u201cX\u0259st\u0259 heyvanlara g\u00f6r\u0259 prezident\u0259 t\u0259\u015f\u0259kk\u00fcr etdirib, videoya \u00e7\u0259kdil\u0259r\u201d","datePublished":"2020-10-08T13:22:18+00:00","mainEntityOfPage":{"@id":"https:\/\/www.meydan.tv\/az\/article\/xeste-heyvanlara-gore-prezidente-tesekkur-etdirib-videoya-cekdiler\/"},"wordCount":1863,"publisher":{"@id":"https:\/\/www.meydan.tv\/az\/#organization"},"image":{"@id":"https:\/\/www.meydan.tv\/az\/article\/xeste-heyvanlara-gore-prezidente-tesekkur-etdirib-videoya-cekdiler\/#primaryimage"},"thumbnailUrl":"https:\/\/www.meydan.tv\/wp-content\/uploads\/image_from_ios__8__p9thrcm-scaled.jpg","articleSection":["B\u00f6lg\u0259"],"inLanguage":"az"},{"@type":"WebPage","@id":"https:\/\/www.meydan.tv\/az\/article\/xeste-heyvanlara-gore-prezidente-tesekkur-etdirib-videoya-cekdiler\/","url":"https:\/\/www.meydan.tv\/az\/article\/xeste-heyvanlara-gore-prezidente-tesekkur-etdirib-videoya-cekdiler\/","name":"\u201cX\u0259st\u0259 heyvanlara g\u00f6r\u0259 prezident\u0259 t\u0259\u015f\u0259kk\u00fcr etdirib, videoya \u00e7\u0259kdil\u0259r\u201d - MEYDAN.TV","isPartOf":{"@id":"https:\/\/www.meydan.tv\/az\/#website"},"primaryImageOfPage":{"@id":"https:\/\/www.meydan.tv\/az\/article\/xeste-heyvanlara-gore-prezidente-tesekkur-etdirib-videoya-cekdiler\/#primaryimage"},"image":{"@id":"https:\/\/www.meydan.tv\/az\/article\/xeste-heyvanlara-gore-prezidente-tesekkur-etdirib-videoya-cekdiler\/#primaryimage"},"thumbnailUrl":"https:\/\/www.meydan.tv\/wp-content\/uploads\/image_from_ios__8__p9thrcm-scaled.jpg","datePublished":"2020-10-08T13:22:18+00:00","breadcrumb":{"@id":"https:\/\/www.meydan.tv\/az\/article\/xeste-heyvanlara-gore-prezidente-tesekkur-etdirib-videoya-cekdiler\/#breadcrumb"},"inLanguage":"az","potentialAction":[{"@type":"ReadAction","target":["https:\/\/www.meydan.tv\/az\/article\/xeste-heyvanlara-gore-prezidente-tesekkur-etdirib-videoya-cekdiler\/"]}]},{"@type":"ImageObject","inLanguage":"az","@id":"https:\/\/www.meydan.tv\/az\/article\/xeste-heyvanlara-gore-prezidente-tesekkur-etdirib-videoya-cekdiler\/#primaryimage","url":"https:\/\/www.meydan.tv\/wp-content\/uploads\/image_from_ios__8__p9thrcm-scaled.jpg","contentUrl":"https:\/\/www.meydan.tv\/wp-content\/uploads\/image_from_ios__8__p9thrcm-scaled.jpg","width":2560,"height":1920,"caption":"Source: Specify Source"},{"@type":"BreadcrumbList","@id":"https:\/\/www.meydan.tv\/az\/article\/xeste-heyvanlara-gore-prezidente-tesekkur-etdirib-videoya-cekdiler\/#breadcrumb","itemListElement":[{"@type":"ListItem","position":1,"name":"Ana s\u0259hif\u0259","item":"https:\/\/www.meydan.tv\/az\/"},{"@type":"ListItem","position":2,"name":"B\u00f6lg\u0259","item":"https:\/\/www.meydan.tv\/az\/section\/bolge\/"},{"@type":"ListItem","position":3,"name":"\u201cX\u0259st\u0259 heyvanlara g\u00f6r\u0259 prezident\u0259 t\u0259\u015f\u0259kk\u00fcr etdirib, videoya \u00e7\u0259kdil\u0259r\u201d"}]},{"@type":"WebSite","@id":"https:\/\/www.meydan.tv\/az\/#website","url":"https:\/\/www.meydan.tv\/az\/","name":"MEYDAN.TV","description":"Meydan TV Az\u0259rbaycan\u0131n media m\u0259kan\u0131ndak\u0131 alternativ s\u0259sidir","publisher":{"@id":"https:\/\/www.meydan.tv\/az\/#organization"},"potentialAction":[{"@type":"SearchAction","target":{"@type":"EntryPoint","urlTemplate":"https:\/\/www.meydan.tv\/az\/?s={search_term_string}"},"query-input":{"@type":"PropertyValueSpecification","valueRequired":true,"valueName":"search_term_string"}}],"inLanguage":"az"},{"@type":"Organization","@id":"https:\/\/www.meydan.tv\/az\/#organization","name":"Meydan TV","url":"https:\/\/www.meydan.tv\/az\/","logo":{"@type":"ImageObject","inLanguage":"az","@id":"https:\/\/www.meydan.tv\/az\/#\/schema\/logo\/image\/","url":"https:\/\/www.meydan.tv\/wp-content\/uploads\/2021\/07\/meydan-logo.svg","contentUrl":"https:\/\/www.meydan.tv\/wp-content\/uploads\/2021\/07\/meydan-logo.svg","width":195,"height":46,"caption":"Meydan TV"},"image":{"@id":"https:\/\/www.meydan.tv\/az\/#\/schema\/logo\/image\/"}},{"@type":"Person","@id":"https:\/\/www.meydan.tv\/az\/#\/schema\/person\/10d11eccf6da3662cf5fdab9806ea91a","name":"user-manager"}]}},"_links":{"self":[{"href":"https:\/\/www.meydan.tv\/az\/wp-json\/wp\/v2\/posts\/202880","targetHints":{"allow":["GET"]}}],"collection":[{"href":"https:\/\/www.meydan.tv\/az\/wp-json\/wp\/v2\/posts"}],"about":[{"href":"https:\/\/www.meydan.tv\/az\/wp-json\/wp\/v2\/types\/post"}],"author":[{"embeddable":true,"href":"https:\/\/www.meydan.tv\/az\/wp-json\/wp\/v2\/users\/11"}],"replies":[{"embeddable":true,"href":"https:\/\/www.meydan.tv\/az\/wp-json\/wp\/v2\/comments?post=202880"}],"version-history":[{"count":0,"href":"https:\/\/www.meydan.tv\/az\/wp-json\/wp\/v2\/posts\/202880\/revisions"}],"wp:featuredmedia":[{"embeddable":true,"href":"https:\/\/www.meydan.tv\/az\/wp-json\/wp\/v2\/media\/149167"}],"wp:attachment":[{"href":"https:\/\/www.meydan.tv\/az\/wp-json\/wp\/v2\/media?parent=202880"}],"wp:term":[{"taxonomy":"category","embeddable":true,"href":"https:\/\/www.meydan.tv\/az\/wp-json\/wp\/v2\/categories?post=202880"},{"taxonomy":"post_tag","embeddable":true,"href":"https:\/\/www.meydan.tv\/az\/wp-json\/wp\/v2\/tags?post=202880"}],"curies":[{"name":"wp","href":"https:\/\/api.w.org\/{rel}","templated":true}]}}