{"id":202844,"date":"2020-10-07T12:33:23","date_gmt":"2020-10-07T12:33:23","guid":{"rendered":"https:\/\/www.meydan.tv\/article\/gence-atese-tutuldu-yaralilar-arasinda-korpe-de-var\/"},"modified":"2020-10-07T12:33:23","modified_gmt":"2020-10-07T12:33:23","slug":"gence-atese-tutuldu-yaralilar-arasinda-korpe-de-var","status":"publish","type":"post","link":"https:\/\/www.meydan.tv\/az\/article\/gence-atese-tutuldu-yaralilar-arasinda-korpe-de-var\/","title":{"rendered":"G\u0259nc\u0259 at\u0259\u015f\u0259 tutuldu, yaral\u0131lar aras\u0131nda k\u00f6rp\u0259 d\u0259 var"},"content":{"rendered":"<figure class=\"wp-block-embed is-type-video is-provider-youtube wp-block-embed-youtube wp-embed-aspect-16-9 wp-has-aspect-ratio\">\n<div class=\"wp-block-embed__wrapper\">\n    <iframe\ttitle=\"G\u0259nc\u0259 \u015f\u0259h\u0259ri bu g\u00fcn saat 10 rad\u0259l\u0259rind\u0259n Erm\u0259nistan \u0259razisind\u0259n at\u0259\u015f\u0259 tutulub\" width=\"1200\" height=\"675\" data-src=\"https:\/\/www.youtube.com\/embed\/R3Vv5QxDMzk\"\tframeborder=\"0\"\tallow=\"accelerometer; autoplay; clipboard-write; encrypted-media; gyroscope; picture-in-picture\" allowfullscreen src=\"data:image\/svg+xml;base64,PHN2ZyB3aWR0aD0iMSIgaGVpZ2h0PSIxIiB4bWxucz0iaHR0cDovL3d3dy53My5vcmcvMjAwMC9zdmciPjwvc3ZnPg==\" class=\"lazyload\" data-load-mode=\"1\"><\/iframe>\n  <\/div><figcaption>\n    G\u0259nc\u0259 \u015f\u0259h\u0259ri bu g\u00fcn saat 10 rad\u0259l\u0259rind\u0259n Erm\u0259nistan \u0259razisind\u0259n at\u0259\u015f\u0259 tutulub<br \/>\n  <\/figcaption><\/figure>\n<p>\n  <i><br \/>\n    10 ayl\u0131q u\u015faq \u0259m\u0259liyyat olunub<br \/>\n  <\/i>\n<\/p>\n<p>\n  Oktyabr\u0131n 5-d\u0259 Erm\u0259nistan Silahl\u0131 Q\u00fcvv\u0259l\u0259ri yen\u0259 G\u0259nc\u0259ni a\u011f\u0131r artilleriyadan at\u0259\u015f\u0259 tutub. Yaralananlar i\u00e7\u0259risind\u0259 10 ayl\u0131q k\u00f6rp\u0259 d\u0259 var.\n<\/p>\n<p>\n  \u201cReport\u201da dan\u0131\u015fan k\u00f6rp\u0259nin atas\u0131 X\u0259yyam Eyyubov s\u00f6zl\u0259rin\u0259 g\u00f6r\u0259, hadis\u0259 ba\u015f ver\u0259n zaman o evd\u0259 olmay\u0131b:\n<\/p>\n<p>\n  \u201cG\u0259ldim ki, \u00f6vlad\u0131m yaralan\u0131b. U\u015fa\u011f\u0131 x\u0259st\u0259xanaya \u00e7atd\u0131rd\u0131q v\u0259 \u0259m\u0259liyyat olundu. Haz\u0131rda s\u0259hh\u0259ti yax\u015f\u0131d\u0131r\u201d.\n<\/p>\n<p>\n  Hadis\u0259 zaman\u0131 evd\u0259n yaral\u0131 k\u00f6rp\u0259sini \u00e7\u0131xaran X\u0259yyam Eyyubov da\u011f\u0131nt\u0131lar aras\u0131nda qalan bayra\u011f\u0131 da g\u00f6t\u00fcrm\u0259yi unutmay\u0131b.\n<\/p>\n<p>\n  Quca\u011f\u0131nda yaral\u0131 10 ayl\u0131q k\u00f6rp\u0259, ba\u015f\u0131n\u0131n \u00fcz\u0259rind\u0259 is\u0259 Az\u0259rbaycan Bayra\u011f\u0131 olan X\u0259yyam Eyyubovun hadis\u0259 yerind\u0259n \u00e7\u0131x\u0131b x\u0259st\u0259xanaya qa\u00e7ark\u0259n \u00e7\u0259kil\u0259n fotosu d\u00fcnyan\u0131n g\u00fcnd\u0259min\u0259 \u00e7evrilib. G\u00fcn\u00fcn fotosu olub.\n<\/p>\n<p>\n  Oktyabr\u0131n 5-d\u0259 Erm\u0259nistan silahl\u0131 q\u00fcvv\u0259l\u0259ri A\u011fc\u0259b\u0259di v\u0259 Beyl\u0259qan \u015f\u0259h\u0259rl\u0259rini d\u0259 at\u0259\u015f\u0259 tutub. Az\u0259rbaycan M\u00fcdafi\u0259 Nazirliyi yaral\u0131lar\u0131n oldu\u011fu a\u00e7\u0131qlamas\u0131n\u0131 vermi\u015fdi. B\u0259rd\u0259 \u015f\u0259h\u0259rin\u0259 d\u00fc\u015f\u0259n m\u0259rmi n\u0259tic\u0259sind\u0259 1 n\u0259f\u0259r h\u0259yat\u0131n\u0131 itirib, yaralananlar var.\n<\/p>\n<figure class=\"wp-block-embed is-type-video is-provider-youtube wp-block-embed-youtube wp-embed-aspect-16-9 wp-has-aspect-ratio\">\n<div class=\"wp-block-embed__wrapper\">\n    <iframe\ttitle=\"G\u0259nc\u0259y\u0259 m\u0259rmil\u0259rin d\u00fc\u015fm\u0259si an\u0131 g\u00f6r\u00fcnt\u00fcl\u0259ri\" width=\"1200\" height=\"675\" data-src=\"https:\/\/www.youtube.com\/embed\/65G046YeNHQ\"\tframeborder=\"0\"\tallow=\"accelerometer; autoplay; clipboard-write; encrypted-media; gyroscope; picture-in-picture\" allowfullscreen src=\"data:image\/svg+xml;base64,PHN2ZyB3aWR0aD0iMSIgaGVpZ2h0PSIxIiB4bWxucz0iaHR0cDovL3d3dy53My5vcmcvMjAwMC9zdmciPjwvc3ZnPg==\" class=\"lazyload\" data-load-mode=\"1\"><\/iframe>\n  <\/div><figcaption>\n    G\u0259nc\u0259y\u0259 m\u0259rmil\u0259rin d\u00fc\u015fm\u0259si an\u0131 g\u00f6r\u00fcnt\u00fcl\u0259ri<br \/>\n  <\/figcaption><\/figure>\n<p>\n  Az\u0259rbaycan M\u00fcdafi\u0259 Nazirliyi oktyabr\u0131n 4-d\u0259 is\u0259 Az\u0259rbaycan\u0131n Ming\u0259\u00e7evir \u015f\u0259h\u0259rin\u0259 Erm\u0259nistan t\u0259r\u0259find\u0259n d\u00f6rd \u0259d\u0259d \u201cTo\u00e7ka\u201d q\u0131sam\u0259nzilli ballistik raket burax\u0131ld\u0131\u011f\u0131 bildirib. \u0130nfrastruktura ciddi ziyan d\u0259ym\u0259yib, be\u015f n\u0259f\u0259r yaralan\u0131b.\n<\/p>\n<p>\n  &quot;Oktyabr\u0131n 5-d\u0259 s\u0259h\u0259r saatlar\u0131nda Az\u0259rbaycan Hava H\u00fccumundan M\u00fcdafi\u0259 Q\u00fcvv\u0259l\u0259rinin Radiolokasiya sisteml\u0259rinin texniki vasit\u0259l\u0259ri Erm\u0259nistan\u0131n Cermuk, Qafan v\u0259 Berd rayonlar\u0131 \u0259razisind\u0259 yerl\u0259\u015f\u0259n start m\u00f6vqel\u0259rind\u0259n Az\u0259rbaycan \u0259razisin\u0259 at\u0131lan raket burax\u0131l\u0131\u015f\u0131n\u0131 qeyd\u0259 al\u0131b&quot;, &#8211; Az\u0259rbaycan M\u00fcdafi\u0259 Nazirliyi bildirib.\n<\/p>\n<p>\n  Nazirlik deyir ki, Erm\u0259nistandan Az\u0259rbaycan \u0259razisind\u0259 \u0259halinin kompakt ya\u015fad\u0131\u011f\u0131 m\u0259nt\u0259q\u0259l\u0259r\u0259, m\u00fclki infrastruktura sistematik raket z\u0259rb\u0259l\u0259ri endirir.\n<\/p>\n<p>\n  Erm\u0259nistan\u0131n M\u00fcdafi\u0259 Nazirliyi Az\u0259rbaycan \u0259razisinin Erm\u0259nistandan at\u0259\u015f\u0259 tutulmas\u0131 fakt\u0131n\u0131 inkar edir. G\u0259nc\u0259y\u0259 at\u0131lan artilleriyan\u0131n Erm\u0259nistandan yox, Qaraba\u011f \u0259razisind\u0259n at\u0131ld\u0131\u011f\u0131n\u0131 deyir.\n<\/p>\n<p>\n  Az\u0259rbaycan\u0131n Ba\u015f Prokurorlu\u011fu 27 sentyabrdan ba\u015flanan h\u0259rbi \u0259m\u0259liyyatlarda 25 m\u00fclki \u015f\u0259xsin h\u0259lak oldu\u011funu, 127 n\u0259f\u0259rin yaraland\u0131\u011f\u0131n\u0131 bildirib.\n<\/p>\n<p>\n  &quot;56 m\u00fclki obyekt v\u0259 313 ya\u015fay\u0131\u015f evi yaras\u0131z hala d\u00fc\u015f\u00fcb\u201d.<\/p>\n","protected":false},"excerpt":{"rendered":"<p>\u201cG\u0259ldim ki, \u00f6vlad\u0131m yaralan\u0131b. U\u015fa\u011f\u0131 x\u0259st\u0259xanaya \u00e7atd\u0131rd\u0131q v\u0259 \u0259m\u0259liyyat olundu. Haz\u0131rda s\u0259hh\u0259ti yax\u015f\u0131d\u0131r&#8221;<\/p>\n","protected":false},"author":11,"featured_media":149053,"comment_status":"closed","ping_status":"open","sticky":false,"template":"","format":"standard","meta":{"_acf_changed":false,"_sitemap_exclude":false,"_sitemap_priority":"","_sitemap_frequency":"","footnotes":""},"categories":[60],"tags":[],"class_list":["post-202844","post","type-post","status-publish","format-standard","has-post-thumbnail","hentry","category-bolge","infinite-scroll-item","generate-columns","tablet-grid-50","mobile-grid-100","grid-parent","grid-33","no-featured-image-padding"],"acf":[],"yoast_head":"<!-- This site is optimized with the Yoast SEO plugin v27.5 - https:\/\/yoast.com\/product\/yoast-seo-wordpress\/ -->\n<title>G\u0259nc\u0259 at\u0259\u015f\u0259 tutuldu, yaral\u0131lar aras\u0131nda k\u00f6rp\u0259 d\u0259 var - MEYDAN.TV<\/title>\n<meta name=\"robots\" content=\"index, follow, max-snippet:-1, max-image-preview:large, max-video-preview:-1\" \/>\n<link rel=\"canonical\" href=\"https:\/\/www.meydan.tv\/az\/article\/gence-atese-tutuldu-yaralilar-arasinda-korpe-de-var\/\" \/>\n<meta property=\"og:locale\" content=\"az_AZ\" \/>\n<meta property=\"og:type\" content=\"article\" \/>\n<meta property=\"og:title\" content=\"G\u0259nc\u0259 at\u0259\u015f\u0259 tutuldu, yaral\u0131lar aras\u0131nda k\u00f6rp\u0259 d\u0259 var - MEYDAN.TV\" \/>\n<meta property=\"og:description\" content=\"\u201cG\u0259ldim ki, \u00f6vlad\u0131m yaralan\u0131b. U\u015fa\u011f\u0131 x\u0259st\u0259xanaya \u00e7atd\u0131rd\u0131q v\u0259 \u0259m\u0259liyyat olundu. Haz\u0131rda s\u0259hh\u0259ti yax\u015f\u0131d\u0131r&quot;\" \/>\n<meta property=\"og:url\" content=\"https:\/\/www.meydan.tv\/az\/article\/gence-atese-tutuldu-yaralilar-arasinda-korpe-de-var\/\" \/>\n<meta property=\"og:site_name\" content=\"MEYDAN.TV\" \/>\n<meta property=\"article:published_time\" content=\"2020-10-07T12:33:23+00:00\" \/>\n<meta property=\"og:image\" content=\"https:\/\/www.meydan.tv\/wp-content\/uploads\/121076378_10220955605658606_3859412533804251479_o.jpg\" \/>\n\t<meta property=\"og:image:width\" content=\"1274\" \/>\n\t<meta property=\"og:image:height\" content=\"800\" \/>\n\t<meta property=\"og:image:type\" content=\"image\/jpeg\" \/>\n<meta name=\"author\" content=\"user-manager\" \/>\n<meta name=\"twitter:card\" content=\"summary_large_image\" \/>\n<script type=\"application\/ld+json\" class=\"yoast-schema-graph\">{\"@context\":\"https:\\\/\\\/schema.org\",\"@graph\":[{\"@type\":\"Article\",\"@id\":\"https:\\\/\\\/www.meydan.tv\\\/az\\\/article\\\/gence-atese-tutuldu-yaralilar-arasinda-korpe-de-var\\\/#article\",\"isPartOf\":{\"@id\":\"https:\\\/\\\/www.meydan.tv\\\/az\\\/article\\\/gence-atese-tutuldu-yaralilar-arasinda-korpe-de-var\\\/\"},\"author\":{\"name\":\"user-manager\",\"@id\":\"https:\\\/\\\/www.meydan.tv\\\/az\\\/#\\\/schema\\\/person\\\/10d11eccf6da3662cf5fdab9806ea91a\"},\"headline\":\"G\u0259nc\u0259 at\u0259\u015f\u0259 tutuldu, yaral\u0131lar aras\u0131nda k\u00f6rp\u0259 d\u0259 var\",\"datePublished\":\"2020-10-07T12:33:23+00:00\",\"mainEntityOfPage\":{\"@id\":\"https:\\\/\\\/www.meydan.tv\\\/az\\\/article\\\/gence-atese-tutuldu-yaralilar-arasinda-korpe-de-var\\\/\"},\"wordCount\":473,\"publisher\":{\"@id\":\"https:\\\/\\\/www.meydan.tv\\\/az\\\/#organization\"},\"image\":{\"@id\":\"https:\\\/\\\/www.meydan.tv\\\/az\\\/article\\\/gence-atese-tutuldu-yaralilar-arasinda-korpe-de-var\\\/#primaryimage\"},\"thumbnailUrl\":\"https:\\\/\\\/www.meydan.tv\\\/wp-content\\\/uploads\\\/121076378_10220955605658606_3859412533804251479_o.jpg\",\"articleSection\":[\"B\u00f6lg\u0259\"],\"inLanguage\":\"az\"},{\"@type\":\"WebPage\",\"@id\":\"https:\\\/\\\/www.meydan.tv\\\/az\\\/article\\\/gence-atese-tutuldu-yaralilar-arasinda-korpe-de-var\\\/\",\"url\":\"https:\\\/\\\/www.meydan.tv\\\/az\\\/article\\\/gence-atese-tutuldu-yaralilar-arasinda-korpe-de-var\\\/\",\"name\":\"G\u0259nc\u0259 at\u0259\u015f\u0259 tutuldu, yaral\u0131lar aras\u0131nda k\u00f6rp\u0259 d\u0259 var - MEYDAN.TV\",\"isPartOf\":{\"@id\":\"https:\\\/\\\/www.meydan.tv\\\/az\\\/#website\"},\"primaryImageOfPage\":{\"@id\":\"https:\\\/\\\/www.meydan.tv\\\/az\\\/article\\\/gence-atese-tutuldu-yaralilar-arasinda-korpe-de-var\\\/#primaryimage\"},\"image\":{\"@id\":\"https:\\\/\\\/www.meydan.tv\\\/az\\\/article\\\/gence-atese-tutuldu-yaralilar-arasinda-korpe-de-var\\\/#primaryimage\"},\"thumbnailUrl\":\"https:\\\/\\\/www.meydan.tv\\\/wp-content\\\/uploads\\\/121076378_10220955605658606_3859412533804251479_o.jpg\",\"datePublished\":\"2020-10-07T12:33:23+00:00\",\"breadcrumb\":{\"@id\":\"https:\\\/\\\/www.meydan.tv\\\/az\\\/article\\\/gence-atese-tutuldu-yaralilar-arasinda-korpe-de-var\\\/#breadcrumb\"},\"inLanguage\":\"az\",\"potentialAction\":[{\"@type\":\"ReadAction\",\"target\":[\"https:\\\/\\\/www.meydan.tv\\\/az\\\/article\\\/gence-atese-tutuldu-yaralilar-arasinda-korpe-de-var\\\/\"]}]},{\"@type\":\"ImageObject\",\"inLanguage\":\"az\",\"@id\":\"https:\\\/\\\/www.meydan.tv\\\/az\\\/article\\\/gence-atese-tutuldu-yaralilar-arasinda-korpe-de-var\\\/#primaryimage\",\"url\":\"https:\\\/\\\/www.meydan.tv\\\/wp-content\\\/uploads\\\/121076378_10220955605658606_3859412533804251479_o.jpg\",\"contentUrl\":\"https:\\\/\\\/www.meydan.tv\\\/wp-content\\\/uploads\\\/121076378_10220955605658606_3859412533804251479_o.jpg\",\"width\":1274,\"height\":800,\"caption\":\"Source: TASS, Valeri \u015earifulin\"},{\"@type\":\"BreadcrumbList\",\"@id\":\"https:\\\/\\\/www.meydan.tv\\\/az\\\/article\\\/gence-atese-tutuldu-yaralilar-arasinda-korpe-de-var\\\/#breadcrumb\",\"itemListElement\":[{\"@type\":\"ListItem\",\"position\":1,\"name\":\"Ana s\u0259hif\u0259\",\"item\":\"https:\\\/\\\/www.meydan.tv\\\/az\\\/\"},{\"@type\":\"ListItem\",\"position\":2,\"name\":\"B\u00f6lg\u0259\",\"item\":\"https:\\\/\\\/www.meydan.tv\\\/az\\\/section\\\/bolge\\\/\"},{\"@type\":\"ListItem\",\"position\":3,\"name\":\"G\u0259nc\u0259 at\u0259\u015f\u0259 tutuldu, yaral\u0131lar aras\u0131nda k\u00f6rp\u0259 d\u0259 var\"}]},{\"@type\":\"WebSite\",\"@id\":\"https:\\\/\\\/www.meydan.tv\\\/az\\\/#website\",\"url\":\"https:\\\/\\\/www.meydan.tv\\\/az\\\/\",\"name\":\"MEYDAN.TV\",\"description\":\"Meydan TV Az\u0259rbaycan\u0131n media m\u0259kan\u0131ndak\u0131 alternativ s\u0259sidir\",\"publisher\":{\"@id\":\"https:\\\/\\\/www.meydan.tv\\\/az\\\/#organization\"},\"potentialAction\":[{\"@type\":\"SearchAction\",\"target\":{\"@type\":\"EntryPoint\",\"urlTemplate\":\"https:\\\/\\\/www.meydan.tv\\\/az\\\/?s={search_term_string}\"},\"query-input\":{\"@type\":\"PropertyValueSpecification\",\"valueRequired\":true,\"valueName\":\"search_term_string\"}}],\"inLanguage\":\"az\"},{\"@type\":\"Organization\",\"@id\":\"https:\\\/\\\/www.meydan.tv\\\/az\\\/#organization\",\"name\":\"Meydan TV\",\"url\":\"https:\\\/\\\/www.meydan.tv\\\/az\\\/\",\"logo\":{\"@type\":\"ImageObject\",\"inLanguage\":\"az\",\"@id\":\"https:\\\/\\\/www.meydan.tv\\\/az\\\/#\\\/schema\\\/logo\\\/image\\\/\",\"url\":\"https:\\\/\\\/www.meydan.tv\\\/wp-content\\\/uploads\\\/2021\\\/07\\\/meydan-logo.svg\",\"contentUrl\":\"https:\\\/\\\/www.meydan.tv\\\/wp-content\\\/uploads\\\/2021\\\/07\\\/meydan-logo.svg\",\"width\":195,\"height\":46,\"caption\":\"Meydan TV\"},\"image\":{\"@id\":\"https:\\\/\\\/www.meydan.tv\\\/az\\\/#\\\/schema\\\/logo\\\/image\\\/\"}},{\"@type\":\"Person\",\"@id\":\"https:\\\/\\\/www.meydan.tv\\\/az\\\/#\\\/schema\\\/person\\\/10d11eccf6da3662cf5fdab9806ea91a\",\"name\":\"user-manager\"}]}<\/script>\n<!-- \/ Yoast SEO plugin. -->","yoast_head_json":{"title":"G\u0259nc\u0259 at\u0259\u015f\u0259 tutuldu, yaral\u0131lar aras\u0131nda k\u00f6rp\u0259 d\u0259 var - MEYDAN.TV","robots":{"index":"index","follow":"follow","max-snippet":"max-snippet:-1","max-image-preview":"max-image-preview:large","max-video-preview":"max-video-preview:-1"},"canonical":"https:\/\/www.meydan.tv\/az\/article\/gence-atese-tutuldu-yaralilar-arasinda-korpe-de-var\/","og_locale":"az_AZ","og_type":"article","og_title":"G\u0259nc\u0259 at\u0259\u015f\u0259 tutuldu, yaral\u0131lar aras\u0131nda k\u00f6rp\u0259 d\u0259 var - MEYDAN.TV","og_description":"\u201cG\u0259ldim ki, \u00f6vlad\u0131m yaralan\u0131b. U\u015fa\u011f\u0131 x\u0259st\u0259xanaya \u00e7atd\u0131rd\u0131q v\u0259 \u0259m\u0259liyyat olundu. Haz\u0131rda s\u0259hh\u0259ti yax\u015f\u0131d\u0131r\"","og_url":"https:\/\/www.meydan.tv\/az\/article\/gence-atese-tutuldu-yaralilar-arasinda-korpe-de-var\/","og_site_name":"MEYDAN.TV","article_published_time":"2020-10-07T12:33:23+00:00","og_image":[{"width":1274,"height":800,"url":"https:\/\/www.meydan.tv\/wp-content\/uploads\/121076378_10220955605658606_3859412533804251479_o.jpg","type":"image\/jpeg"}],"author":"user-manager","twitter_card":"summary_large_image","schema":{"@context":"https:\/\/schema.org","@graph":[{"@type":"Article","@id":"https:\/\/www.meydan.tv\/az\/article\/gence-atese-tutuldu-yaralilar-arasinda-korpe-de-var\/#article","isPartOf":{"@id":"https:\/\/www.meydan.tv\/az\/article\/gence-atese-tutuldu-yaralilar-arasinda-korpe-de-var\/"},"author":{"name":"user-manager","@id":"https:\/\/www.meydan.tv\/az\/#\/schema\/person\/10d11eccf6da3662cf5fdab9806ea91a"},"headline":"G\u0259nc\u0259 at\u0259\u015f\u0259 tutuldu, yaral\u0131lar aras\u0131nda k\u00f6rp\u0259 d\u0259 var","datePublished":"2020-10-07T12:33:23+00:00","mainEntityOfPage":{"@id":"https:\/\/www.meydan.tv\/az\/article\/gence-atese-tutuldu-yaralilar-arasinda-korpe-de-var\/"},"wordCount":473,"publisher":{"@id":"https:\/\/www.meydan.tv\/az\/#organization"},"image":{"@id":"https:\/\/www.meydan.tv\/az\/article\/gence-atese-tutuldu-yaralilar-arasinda-korpe-de-var\/#primaryimage"},"thumbnailUrl":"https:\/\/www.meydan.tv\/wp-content\/uploads\/121076378_10220955605658606_3859412533804251479_o.jpg","articleSection":["B\u00f6lg\u0259"],"inLanguage":"az"},{"@type":"WebPage","@id":"https:\/\/www.meydan.tv\/az\/article\/gence-atese-tutuldu-yaralilar-arasinda-korpe-de-var\/","url":"https:\/\/www.meydan.tv\/az\/article\/gence-atese-tutuldu-yaralilar-arasinda-korpe-de-var\/","name":"G\u0259nc\u0259 at\u0259\u015f\u0259 tutuldu, yaral\u0131lar aras\u0131nda k\u00f6rp\u0259 d\u0259 var - MEYDAN.TV","isPartOf":{"@id":"https:\/\/www.meydan.tv\/az\/#website"},"primaryImageOfPage":{"@id":"https:\/\/www.meydan.tv\/az\/article\/gence-atese-tutuldu-yaralilar-arasinda-korpe-de-var\/#primaryimage"},"image":{"@id":"https:\/\/www.meydan.tv\/az\/article\/gence-atese-tutuldu-yaralilar-arasinda-korpe-de-var\/#primaryimage"},"thumbnailUrl":"https:\/\/www.meydan.tv\/wp-content\/uploads\/121076378_10220955605658606_3859412533804251479_o.jpg","datePublished":"2020-10-07T12:33:23+00:00","breadcrumb":{"@id":"https:\/\/www.meydan.tv\/az\/article\/gence-atese-tutuldu-yaralilar-arasinda-korpe-de-var\/#breadcrumb"},"inLanguage":"az","potentialAction":[{"@type":"ReadAction","target":["https:\/\/www.meydan.tv\/az\/article\/gence-atese-tutuldu-yaralilar-arasinda-korpe-de-var\/"]}]},{"@type":"ImageObject","inLanguage":"az","@id":"https:\/\/www.meydan.tv\/az\/article\/gence-atese-tutuldu-yaralilar-arasinda-korpe-de-var\/#primaryimage","url":"https:\/\/www.meydan.tv\/wp-content\/uploads\/121076378_10220955605658606_3859412533804251479_o.jpg","contentUrl":"https:\/\/www.meydan.tv\/wp-content\/uploads\/121076378_10220955605658606_3859412533804251479_o.jpg","width":1274,"height":800,"caption":"Source: TASS, Valeri \u015earifulin"},{"@type":"BreadcrumbList","@id":"https:\/\/www.meydan.tv\/az\/article\/gence-atese-tutuldu-yaralilar-arasinda-korpe-de-var\/#breadcrumb","itemListElement":[{"@type":"ListItem","position":1,"name":"Ana s\u0259hif\u0259","item":"https:\/\/www.meydan.tv\/az\/"},{"@type":"ListItem","position":2,"name":"B\u00f6lg\u0259","item":"https:\/\/www.meydan.tv\/az\/section\/bolge\/"},{"@type":"ListItem","position":3,"name":"G\u0259nc\u0259 at\u0259\u015f\u0259 tutuldu, yaral\u0131lar aras\u0131nda k\u00f6rp\u0259 d\u0259 var"}]},{"@type":"WebSite","@id":"https:\/\/www.meydan.tv\/az\/#website","url":"https:\/\/www.meydan.tv\/az\/","name":"MEYDAN.TV","description":"Meydan TV Az\u0259rbaycan\u0131n media m\u0259kan\u0131ndak\u0131 alternativ s\u0259sidir","publisher":{"@id":"https:\/\/www.meydan.tv\/az\/#organization"},"potentialAction":[{"@type":"SearchAction","target":{"@type":"EntryPoint","urlTemplate":"https:\/\/www.meydan.tv\/az\/?s={search_term_string}"},"query-input":{"@type":"PropertyValueSpecification","valueRequired":true,"valueName":"search_term_string"}}],"inLanguage":"az"},{"@type":"Organization","@id":"https:\/\/www.meydan.tv\/az\/#organization","name":"Meydan TV","url":"https:\/\/www.meydan.tv\/az\/","logo":{"@type":"ImageObject","inLanguage":"az","@id":"https:\/\/www.meydan.tv\/az\/#\/schema\/logo\/image\/","url":"https:\/\/www.meydan.tv\/wp-content\/uploads\/2021\/07\/meydan-logo.svg","contentUrl":"https:\/\/www.meydan.tv\/wp-content\/uploads\/2021\/07\/meydan-logo.svg","width":195,"height":46,"caption":"Meydan TV"},"image":{"@id":"https:\/\/www.meydan.tv\/az\/#\/schema\/logo\/image\/"}},{"@type":"Person","@id":"https:\/\/www.meydan.tv\/az\/#\/schema\/person\/10d11eccf6da3662cf5fdab9806ea91a","name":"user-manager"}]}},"_links":{"self":[{"href":"https:\/\/www.meydan.tv\/az\/wp-json\/wp\/v2\/posts\/202844","targetHints":{"allow":["GET"]}}],"collection":[{"href":"https:\/\/www.meydan.tv\/az\/wp-json\/wp\/v2\/posts"}],"about":[{"href":"https:\/\/www.meydan.tv\/az\/wp-json\/wp\/v2\/types\/post"}],"author":[{"embeddable":true,"href":"https:\/\/www.meydan.tv\/az\/wp-json\/wp\/v2\/users\/11"}],"replies":[{"embeddable":true,"href":"https:\/\/www.meydan.tv\/az\/wp-json\/wp\/v2\/comments?post=202844"}],"version-history":[{"count":0,"href":"https:\/\/www.meydan.tv\/az\/wp-json\/wp\/v2\/posts\/202844\/revisions"}],"wp:featuredmedia":[{"embeddable":true,"href":"https:\/\/www.meydan.tv\/az\/wp-json\/wp\/v2\/media\/149053"}],"wp:attachment":[{"href":"https:\/\/www.meydan.tv\/az\/wp-json\/wp\/v2\/media?parent=202844"}],"wp:term":[{"taxonomy":"category","embeddable":true,"href":"https:\/\/www.meydan.tv\/az\/wp-json\/wp\/v2\/categories?post=202844"},{"taxonomy":"post_tag","embeddable":true,"href":"https:\/\/www.meydan.tv\/az\/wp-json\/wp\/v2\/tags?post=202844"}],"curies":[{"name":"wp","href":"https:\/\/api.w.org\/{rel}","templated":true}]}}