{"id":202732,"date":"2020-09-30T21:08:01","date_gmt":"2020-09-30T21:08:01","guid":{"rendered":"https:\/\/www.meydan.tv\/article\/birlesmis-milletler-teskilati-movcuddurmu\/"},"modified":"2020-09-30T21:08:01","modified_gmt":"2020-09-30T21:08:01","slug":"birlesmis-milletler-teskilati-movcuddurmu","status":"publish","type":"post","link":"https:\/\/www.meydan.tv\/az\/article\/birlesmis-milletler-teskilati-movcuddurmu\/","title":{"rendered":"Birl\u0259\u015fmi\u015f Mill\u0259tl\u0259r T\u0259\u015fkilat\u0131  m\u00f6vcuddurmu?"},"content":{"rendered":"<p>\n  <i><br \/>\n    Art\u0131q \u0259n\u0259n\u0259vi beyn\u0259lxalq t\u0259hl\u00fck\u0259sizlik sistemi \u00e7\u00f6k\u00fcb<br \/>\n  <\/i>\n<\/p>\n<p>\n  D\u00fcn\u0259n BMT-nin T\u0259hl\u00fck\u0259sizlik \u015euras\u0131 27 il fasil\u0259d\u0259n sonra Qaraba\u011f problemini m\u00fczakir\u0259y\u0259 \u00e7\u0131xarsa da, bu d\u0259f\u0259 he\u00e7 bir q\u0259rar q\u0259bul etm\u0259di. Deklorativ \u201cat\u0259\u015fk\u0259s \u00e7a\u011f\u0131r\u0131\u015flar\u0131\u201d il\u0259 kifay\u0259tl\u0259nm\u0259li oldu.\n<\/p>\n<p>\n  Bu yaz\u0131da Az\u0259rbaycan\u0131n \u00f6z \u0259razil\u0259rini i\u015f\u011faldan azad etm\u0259k y\u00f6n\u00fcnd\u0259 ortaya h\u0259rbi-siyasi irad\u0259 qoymas\u0131n\u0131n beyn\u0259lxalq m\u00fcst\u0259vid\u0259 nec\u0259 qar\u015f\u0131lanaca\u011f\u0131, eyni zamanda, s\u0259rgil\u0259n\u0259n m\u00fcnasib\u0259tl\u0259rin \u0259h\u0259miyy\u0259ti haqda fikirl\u0259rimi b\u00f6l\u00fc\u015fm\u0259y\u0259 \u00e7al\u0131\u015facam.\n<\/p>\n<p>\n  He\u00e7 \u015f\u00fcbh\u0259 yoxdur ki, Qaraba\u011f m\u00fcnaqi\u015f\u0259sind\u0259 Az\u0259rbaycan beyn\u0259lxalq h\u00fcququn prinsipl\u0259ri bax\u0131m\u0131ndan tam haql\u0131d\u0131r: Ham\u0131l\u0131qla tan\u0131nan suveren \u0259razil\u0259ri 30 ildir i\u015f\u011fal alt\u0131ndad\u0131r. Bu, h\u0259min d\u00f6vrd\u0259 qlobal siyas\u0259tin \u0259sas h\u0259lledici oyuncusu olan BMT T\u015e t\u0259r\u0259find\u0259n d\u0259 t\u0259sbit olunub v\u0259 i\u015f\u011fal edilmi\u015f Az\u0259rbaycan \u0259razil\u0259rini erm\u0259ni h\u0259rbi birl\u0259\u015fm\u0259l\u0259rinin t\u0259rk etm\u0259sin\u0259 dair 4 q\u0259tnam\u0259 q\u0259bul olunub. Ancaq onlar\u0131n icras\u0131 \u00fc\u00e7\u00fcn he\u00e7 bir \u0259m\u0259li add\u0131m at\u0131lmay\u0131b.\n<\/p>\n<p>\n  Haz\u0131rk\u0131 v\u0259ziyy\u0259td\u0259, i\u015f\u011fal fakt\u0131n\u0131 aradan qald\u0131r\u0131lmas\u0131 y\u00f6n\u00fcnd\u0259 apard\u0131\u011f\u0131m\u0131z h\u0259rbi \u0259m\u0259liyyatlara g\u00f6r\u0259 m\u00f6vcud beyn\u0259lxalq m\u00fcnasib\u0259tl\u0259r sisteminin (varm\u0131?) biz\u0259 t\u0259siri n\u0259d\u0259n ibar\u0259t ola bil\u0259r?\n<\/p>\n<p>\n  Bu m\u0259s\u0259l\u0259y\u0259 ke\u00e7m\u0259d\u0259n \u00f6nc\u0259 m\u00fcst\u0259qil d\u00f6vl\u0259t olduqdan sonra bizim d\u0259 t\u0259rkib hiss\u0259si oldu\u011fumuz \u0259n\u0259n\u0259vi beyn\u0259lxalq t\u0259hl\u00fck\u0259sizlik sisteminin formala\u015fmas\u0131, f\u0259aliyy\u0259ti v\u0259 indiki durumu haqda q\u0259na\u0259timi q\u0131sa tezisl\u0259rl\u0259 bildirm\u0259y\u0259 \u00e7al\u0131\u015faca\u011fam.\n<\/p>\n<p>\n  BMT \u0130kinci d\u00fcnya m\u00fcharib\u0259sind\u0259n sonra formala\u015fd\u0131r\u0131lan beyn\u0259lxalq t\u0259hl\u00fck\u0259sizlik sisteminin \u0259sas ali qurumudur. \u0130kinci d\u00fcnya m\u00fcharib\u0259sin\u0259 q\u0259d\u0259r d\u00f6vl\u0259tl\u0259r \u00f6z milli t\u0259hl\u00fck\u0259sizlikl\u0259rini \u201ciki v\u0259 ya \u00e7oxt\u0259r\u0259fli strateji h\u0259rbi m\u00fctt\u0259fiqlik\u201d formas\u0131nda qoruma\u011fa \u00e7al\u0131\u015f\u0131rd\u0131 v\u0259 bu format h\u0259r d\u0259f\u0259 daha b\u00f6y\u00fckmiqyasl\u0131 m\u00fcharib\u0259l\u0259r\u0259 s\u0259b\u0259b olurdu. Hitler nasizminin y\u00fcks\u0259li\u015fi v\u0259 2-ci d\u00fcnya m\u00fcharib\u0259sinin d\u0259h\u015f\u0259tli n\u0259tic\u0259l\u0259ri, n\u0259hay\u0259t, g\u00fccl\u00fc d\u00f6vl\u0259tl\u0259ri d\u00fcnya s\u00fclh\u00fcn\u00fcn t\u0259sisi \u00fc\u00e7\u00fcn daha optimal forman\u0131n tap\u0131lmas\u0131na s\u00f6vq etdi. \u00c7\u00fcnki ortada Avropan\u0131n ya\u015fad\u0131\u011f\u0131 d\u0259h\u015f\u0259tli bir paradoks vard\u0131. XX \u0259srin \u0259vv\u0259lind\u0259 b\u00fct\u00fcn planeti \u00f6z\u00fcn\u00fcn m\u00fcst\u0259ml\u0259k\u0259sin\u0259 \u00e7evirmi\u015f g\u00fccl\u00fc Avropa d\u00f6vl\u0259tl\u0259ri imperial maraqlar u\u011fruna \u00f6z aralar\u0131nda apard\u0131\u011f\u0131 b\u00f6y\u00fck m\u00fcharib\u0259l\u0259rd\u0259n sonra iki hiss\u0259y\u0259 b\u00f6l\u00fcn\u0259r\u0259k, Q\u0259rb hiss\u0259si AB\u015e-\u0131n, \u015e\u0259rq hiss\u0259si SSR\u0130-nin mandas\u0131na \u00e7evrilmi\u015f oldu. M\u0259hz bu a\u011f\u0131r m\u00fcharib\u0259 d\u0259rsl\u0259ri beyn\u0259lxalq t\u0259\u015fkilat kimi BMT-ni ortaya \u00e7\u0131xard\u0131.\n<\/p>\n<p>\n  Y\u0259ni h\u0259min vaxta q\u0259d\u0259r populyar olan \u201cmilli maraqlar\u0131n suveren d\u00f6vl\u0259tl\u0259rin \u00f6zl\u0259ri v\u0259 ya m\u00fctt\u0259fiql\u0259ri il\u0259 birg\u0259 t\u0259mini\u201d \u0259v\u0259zin\u0259 \u00f6lk\u0259l\u0259rin milli t\u0259hl\u00fck\u0259sizliyinin beyn\u0259lxalq t\u0259hl\u00fck\u0259sizlik sisteminin i\u00e7ind\u0259, BMT \u00e7\u0259r\u00e7iv\u0259sind\u0259 t\u0259min edilm\u0259si formas\u0131 quruldu. Bu, h\u0259m d\u0259 \u0259srl\u0259rd\u0259n b\u0259ri filosoflar\u0131n m\u00fczakir\u0259 etdiyi \u201cd\u00fcnya s\u00fclh\u00fc\u201d ideyas\u0131n\u0131n realla\u015fd\u0131r\u0131lmas\u0131 \u00fc\u00e7\u00fcn tap\u0131lan \u00fcmidverici format oldu. BMT \u00f6z nizamnam\u0259sind\u0259 bir t\u0259r\u0259fd\u0259n \u00f6lk\u0259l\u0259rin \u0259razi b\u00fct\u00f6vl\u00fcy\u00fcn\u00fcn toxunuzmazl\u0131\u011f\u0131n\u0131 dig\u0259r b\u00fct\u00fcn \u00f6lk\u0259l\u0259rin \u00fcz\u0259rin\u0259 \u201cham\u0131l\u0131qla qorunmal\u0131 \u0259sas prinsip\u201d kimi qoyurdusa, dig\u0259r t\u0259r\u0259fd\u0259n is\u0259 xalqlar\u0131n \u00f6z m\u00fcqq\u0259dd\u0259rat\u0131n\u0131 t\u0259yin etm\u0259 prinsipini (seperatizmin sui-istifad\u0259sin\u0259 yol verilm\u0259d\u0259n) m\u0259nims\u0259yirdi. Y\u0259ni bir t\u0259r\u0259fd\u0259n \u00f6lk\u0259l\u0259rin biri-birin\u0259 t\u0259cav\u00fcz\u00fcn\u00fc q\u0259bul edilm\u0259z say\u0131r, dig\u0259r t\u0259r\u0259fd\u0259n is\u0259 g\u00fccl\u00fc d\u00f6vl\u0259tl\u0259rin imperial maraqlar\u0131n\u0131n xalqlar\u0131n suverenliyind\u0259n \u00fcst\u00fcn olmad\u0131\u011f\u0131n\u0131 g\u00f6st\u0259rirdi.\n<\/p>\n<p>\n  \u018flb\u0259tt\u0259, bu format ideal d\u00fcnya s\u00fclh\u00fcn\u00fc formala\u015fd\u0131ra bilm\u0259di. Ancaq m\u00f6vcud oldu\u011fu t\u0259xmin\u0259n yar\u0131m \u0259srlik d\u00f6vrd\u0259 \u201cikiq\u00fctbl\u00fc d\u00fcnya\u201d, NATO v\u0259 Var\u015fava bloku formas\u0131nda Fransa burjua inqilab\u0131ndan sonrak\u0131 yeni d\u00fcnyan\u0131n beyn\u0259lxalq m\u00fcnasib\u0259tl\u0259r sisteminin h\u0259min vaxta q\u0259d\u0259rki \u0259n u\u011furlu modeli kimi f\u0259aliyy\u0259t g\u00f6st\u0259r\u0259 bildi. Bu d\u00f6vr \u0259rzind\u0259 ke\u00e7mi\u015f m\u00fcharib\u0259l\u0259rin katalizatoru olan Avropa qit\u0259sinin b\u00f6y\u00fck d\u00f6vl\u0259tl\u0259ri d\u0259rin inteqrasiya siyas\u0259ti il\u0259 h\u0259m iqtisadi inki\u015fafa, h\u0259m rifah c\u0259miyy\u0259tin\u0259, h\u0259m d\u0259 insan haqlar\u0131n\u0131n ali d\u0259y\u0259r kimi qorundu\u011fu co\u011frafiyaya \u00e7evril\u0259 bildi. 1989-cu ild\u0259 Berlin (Bu bar\u0259d\u0259 Berlin divar\u0131n\u0131n b\u0259rpas\u0131<br \/>\n  <a href=\"https:\/\/azlogos.eu\/berlin-divarinin-b%C9%99rpasi\/\"><br \/>\n    yaz\u0131s\u0131<br \/>\n  <\/a><br \/>\n  ndan \u0259trafl\u0131 oxuya bil\u0259rsiniz) divar\u0131n\u0131n, ard\u0131nca da SSR\u0130-nin da\u011f\u0131lmas\u0131 il\u0259 d\u0259 bu proses \u00f6z\u00fcn\u00fcn zirv\u0259sin\u0259 \u00e7atm\u0131\u015f oldu.\n<\/p>\n<p>\n  \u018fn\u0259n\u0259vi beyn\u0259lxalq t\u0259hl\u00fck\u0259sizlik sistemi g\u00fcc\u00fcn\u00fcn zirv\u0259sin\u0259 \u00e7atd\u0131\u011f\u0131 bu d\u00f6vrd\u0259 \u0259sas qay\u0259sin\u0259 uy\u011fun olaraq d\u00fcnya s\u00fclh\u00fc m\u00fcst\u0259visind\u0259 ciddi u\u011furlar \u0259ld\u0259 etmi\u015f oldu.\n<\/p>\n<ol>\n<li>\n    <i><br \/>\n      SSR\u0130-nin da\u011f\u0131lmas\u0131 il\u0259 yeni m\u00fcst\u0259qillik qazanan \u00f6lk\u0259l\u0259r BMT-y\u0259 q\u0259bul edil\u0259rk\u0259n onlar\u0131n \u0259razi b\u00fct\u00f6vl\u00fcy\u00fcn\u0259 ali prinsip kimi yana\u015f\u0131ld\u0131. (Bu yana\u015fma say\u0259sind\u0259 Az\u0259rbaycan\u0131n \u0259razi b\u00fct\u00f6vl\u00fcy\u00fc beyn\u0259lxalq h\u00fcququn \u00e7\u0259tiri alt\u0131na d\u00fc\u015f\u0259 bildi)<br \/>\n    <\/i>\n  <\/li>\n<li>\n    <i><br \/>\n      Bu \u00f6lk\u0259l\u0259rin suverenliyin\u0259 beyn\u0259lxaq t\u0259hl\u00fck\u0259sizlik sistemi t\u0259rkibind\u0259 m\u00f6hk\u0259m t\u0259minat verildi ( 5 dekabr 1994 Budape\u015ft memorandumu)<br \/>\n    <\/i>\n  <\/li>\n<\/ol>\n<figure class=\"wp-block-image size-large\">\n  <img decoding=\"async\" src=\"https:\/\/www.meydan.tv\/az\/image_from_ios-1-jpg-154\/\" alt=\"image_from_ios (1).jpg\" class=\"wp-image-148789\"\/><figcaption>\n    BMT<br \/>\n  <\/figcaption><\/figure>\n<p>\n  Lakin son 30 illik d\u00f6vr \u0259rzind\u0259 \u0259n\u0259n\u0259vi t\u0259hl\u00fck\u0259sizlik sistemi h\u0259r ke\u00e7\u0259n g\u00fcn bir az daha \u00e7ox laxlama\u011fa ba\u015flad\u0131. \u201c2013-c\u00fc ild\u0259 Ukraynada ba\u015flayan \u201cikinci maydan\u201d hadis\u0259sini h\u0259zm ed\u0259 bilm\u0259y\u0259n Rusiya Ukraynan\u0131n \u0259razi b\u00fct\u00f6vl\u00fcy\u00fcn\u0259 t\u0259minat ver\u0259n \u00f6lk\u0259l\u0259rd\u0259n (AB\u015e, B\u00f6y\u00fck Britaniya il\u0259 birg\u0259) biri olmas\u0131na r\u0259\u011fm\u0259n Kr\u0131m\u0131 ilhaq etm\u0259kl\u0259, t\u0259minat\u00e7\u0131 \u00f6lk\u0259d\u0259n t\u0259cav\u00fczkar \u00f6lk\u0259y\u0259 \u00e7evrildi. Bu, \u0259n\u0259n\u0259vi t\u0259hl\u00fck\u0259sizlik sisteminin \u00e7okm\u0259sini r\u0259smil\u0259\u015fdir\u0259n halledici hadis\u0259 oldu. \u00c7\u00fcnki dig\u0259r<br \/>\n  <a href=\"https:\/\/www.brookings.edu\/blog\/up-front\/2014\/12\/04\/the-budapest-memorandum-and-u-s-obligations\/\"><br \/>\n    t\u0259minat\u00e7\u0131 \u00f6lk\u0259l\u0259r<br \/>\n  <\/a><br \/>\n  olan AB\u015e v\u0259 B\u00f6y\u00fck Britaniya Ukraynan\u0131n suverenliyinin v\u0259 \u0259razi b\u00f6t\u00f6vl\u00fcy\u00fcn\u00fcn qorunmas\u0131 y\u00f6n\u00fcnd\u0259 \u00fcz\u0259rl\u0259rin\u0259 g\u00f6t\u00fcrd\u00fckl\u0259ri \u00f6hd\u0259likl\u0259ri icra etm\u0259k \u00fc\u00e7\u00fcn \u0259m\u0259li i\u015f g\u00f6rm\u0259dil\u0259r. Halbuki Ukrayna SSR\u0130 da\u011f\u0131ld\u0131qdan sonra qeyri-r\u0259smi n\u00fcv\u0259 \u00f6lk\u0259sin\u0259 \u00e7evrilmi\u015fdi. M\u0259hz bu 3 \u00f6lk\u0259nin onun suverenliyin\u0259 v\u0259 \u0259razi b\u00f6t\u00f6vl\u00fcy\u00fcn\u0259 verdiyi t\u0259minatdan sonra n\u00fcv\u0259d\u0259n imtina etmi\u015fdi.\n<\/p>\n<p>\n  Kr\u0131m\u0131n i\u015f\u011fal\u0131ndan ke\u00e7\u0259n 7 illik d\u00f6vr a\u00e7\u0131q \u015f\u0259kild\u0259 g\u00f6st\u0259rdi ki, d\u00fcnya s\u00fcr\u0259tl\u0259 2-ci d\u00fcnya m\u00fcharib\u0259si \u00f6nc\u0259sind\u0259ki beyn\u0259lxalq sistem\u0259 s\u00fcr\u00fckl\u0259nir v\u0259 \u00f6lk\u0259l\u0259r \u00f6z milli t\u0259hl\u00fck\u0259sizliyinin t\u0259minini yenid\u0259n iki t\u0259r\u0259fli v\u0259 \u00e7ox t\u0259r\u0259fli h\u0259rbi m\u00fctt\u0259fiqlik formas\u0131nda tapma\u011fa meyll\u0259nib. Y\u0259ni indiki halda BMT funksionall\u0131\u011f\u0131n\u0131 b\u00f6y\u00fck \u00f6l\u00e7\u00fcd\u0259 itirmi\u015f quruma \u00e7evrilib. He\u00e7 bir \u00f6lk\u0259nin, o c\u00fcml\u0259d\u0259n d\u0259, bizim suverenliyimiz\u0259 t\u0259minat ver\u0259c\u0259k vasit\u0259l\u0259r\u0259 sahib deyil.\n<\/p>\n<p>\n  Q\u0131sas\u0131, art\u0131q \u0259n\u0259n\u0259vi beyn\u0259lxalq t\u0259hl\u00fck\u0259sizlik sistemi \u00e7\u00f6k\u00fcb (bu haqda bu<br \/>\n  <a href=\"https:\/\/www.meydan.tv\/en\/article\/musavat-party-deputy-chairmen-elman-fattah-on-changing-world-order\/\"><br \/>\n    yaz\u0131<br \/>\n  <\/a><br \/>\n  dan \u0259trafl\u0131 oxuya bil\u0259rsiniz) v\u0259 \u00f6lk\u0259l\u0259r \u00f6z suverenliyini qoruya bilm\u0259k \u00fc\u00e7\u00fcn etibarl\u0131 m\u00fctt\u0259fiq axtar\u0131\u015f\u0131na \u00e7\u0131x\u0131blar. Biz d\u0259 real politikan\u0131n dikt\u0259 etdiyi reall\u0131qla hesabla\u015fma\u011fa m\u0259cburuq. Bunun \u00fc\u00e7\u00fcn etibarl\u0131 m\u00fctt\u0259fiqlik halqas\u0131 qura bilm\u0259liyik. \u0130lk n\u00f6vb\u0259d\u0259 \u00e7al\u0131\u015fmal\u0131y\u0131q ki, T\u00fcrkiy\u0259yl\u0259 olan m\u00f6hk\u0259m m\u00fctt\u0259fiqliy\u0259 (bizi yox olmaqdan qoruyacaq yegan\u0259 resurs) sad\u0131q qalaq. AB\u015e, B\u00f6y\u00fck Britaniya kimi \u00f6lk\u0259l\u0259rl\u0259 d\u0259 a\u00e7\u0131q m\u00fctt\u0259fiqlik m\u00fcnasib\u0259tl\u0259ri qurma\u011fa nail olmaqla g\u0259l\u0259c\u0259k t\u0259hl\u00fck\u0259sizliyimiz\u0259 etibarl\u0131 t\u0259minat yaradaq.\n<\/p>\n<p>\n  \u018fslind\u0259, biz h\u0259rbi \u0259m\u0259liyyatlar ba\u015flamadan \u00f6nc\u0259 ciddi etibarl\u0131 m\u00fctt\u0259fiql\u0259r\u0259 v\u0259 \u0259m\u0259liyyatlar\u0131n gedi\u015fat\u0131na t\u0259sir ed\u0259 bil\u0259c\u0259k g\u00fccl\u00fc d\u00f6vl\u0259tl\u0259rin neytrall\u0131\u011f\u0131na nail olmal\u0131yd\u0131q. T\u00fcrkiy\u0259nin timsal\u0131nda g\u00fccl\u00fc m\u00fctt\u0259fiq\u0259 sahib olmam\u0131z h\u0259tta d\u00fc\u015fm\u0259n t\u0259r\u0259find\u0259 d\u0259 \u015f\u00fcbh\u0259 do\u011furmur. Rusiya v\u0259 \u0130ran\u0131n neytrall\u0131\u011f\u0131na is\u0259 t\u0259\u0259ss\u00fcf ki, tam nail ola bilm\u0259mi\u015fik.\n<\/p>\n<p>\n  Bel\u0259likl\u0259, intensiv h\u0259rbi \u0259m\u0259liyyatlar\u0131n davam etdiyi haz\u0131rk\u0131 \u015f\u0259raitd\u0259 geoplotik g\u00f6zl\u0259ntil\u0259r a\u015fa\u011f\u0131dak\u0131 iki kobud senari \u00fczr\u0259 c\u0259r\u0259yan ed\u0259 bil\u0259r:\n<\/p>\n<figure class=\"wp-block-image size-large\">\n  <img decoding=\"async\" src=\"https:\/\/www.meydan.tv\/az\/image_from_ios-jpg-201\/\" alt=\"image_from_ios.jpg\" class=\"wp-image-148777\"\/><figcaption>\n    M\u0259hz bu a\u011f\u0131r m\u00fcharib\u0259 d\u0259rsl\u0259ri  beyn\u0259lxalq  t\u0259\u015fkilat kimi BMT-ni ortaya \u00e7\u0131xard\u0131.<br \/>\n  <\/figcaption><\/figure>\n<p>\n  <b><br \/>\n    Pozitiv ssenari<br \/>\n  <\/b>\n<\/p>\n<ol>\n<li>\n    Az\u0259rbaycan ordusu s\u00fcr\u0259tli h\u0259rbi \u0259m\u0259liyyatlarla i\u015f\u011fal edilmi\u015f \u0259razil\u0259rin \u0259h\u0259miyy\u0259tli hiss\u0259sini azad edir, h\u0259rbi-strateji bax\u0131mdan h\u0259lledici d\u0259r\u0259c\u0259d\u0259 m\u00fch\u00fcm m\u00f6vqel\u0259ri (hans\u0131lar ki, Da\u011fl\u0131q Qaraba\u011fdak\u0131 qondarma rejimi daimi qorxu alt\u0131nda saxlama\u011fa imkan ver\u0259c\u0259k) q\u0131sa m\u00fcdd\u0259td\u0259 \u0259l\u0259 ke\u00e7irir v\u0259 m\u00f6hk\u0259ml\u0259nir. Lakin h\u0259rbi \u0259m\u0259liyyatlar\u0131n dayand\u0131r\u0131lmas\u0131 y\u00f6n\u00fcnd\u0259 ba\u015flayan permanent t\u0259zyiql\u0259r s\u0259b\u0259bind\u0259n Az\u0259rbaycan i\u015f\u011fal edilmi\u015f \u0259razil\u0259rin tamam\u0131n\u0131 azad etm\u0259d\u0259n, eyni zamanda status-kvonu \u00f6z xeyrin\u0259 d\u0259yi\u015fdir\u0259r\u0259k dan\u0131\u015f\u0131qlar masas\u0131na \u0259vv\u0259lki d\u00f6vrl\u0259 m\u00fcqayis\u0259d\u0259 g\u00fccl\u0259n\u0259r\u0259k qay\u0131d\u0131r.\n  <\/li>\n<\/ol>\n<p>\n  <b><br \/>\n    Neqativ ssenari<br \/>\n  <\/b>\n<\/p>\n<ol>\n<li>\n    Beyn\u0259lxalq h\u00fcququn ayaqlar alt\u0131na al\u0131nd\u0131\u011f\u0131 indiki real politik \u015f\u0259raitd\u0259 h\u0259rbi \u0259m\u0259liyyatlara \u00fc\u00e7\u00fcnc\u00fc \u00f6lk\u0259l\u0259r (T\u00fcrkiy\u0259, Rusiya) birba\u015fa m\u00fcdaxil olur v\u0259 d\u00f6y\u00fc\u015fl\u0259r Az\u0259rbaycan v\u0259 Erm\u0259nistan\u0131n m\u00fctt\u0259fiql\u0259rinin i\u015ftirak\u0131 il\u0259 daha geni\u015f miqyas alaraq qeyri-m\u00fc\u0259yy\u0259n m\u00fcdd\u0259t\u0259 q\u0259d\u0259r uzan\u0131r.\n  <\/li>\n<\/ol>\n<p>\n  Erm\u0259nistan t\u0259r\u0259finin siyas\u0259tin\u0259 diqq\u0259t ets\u0259k, Pa\u015finyan yax\u015f\u0131 anlay\u0131r ki, h\u0259rbi \u0259m\u0259liyyatlar\u0131n indiki konfiqurasiyas\u0131 ona yaln\u0131z v\u0259 yaln\u0131z itki v\u0259d edir. H\u0259rbi \u0259m\u0259liyyatlar davam etdiyi halda, Erm\u0259nistan\u0131n indiki d\u00f6y\u00fc\u015f potensial\u0131 i\u015f\u011fal etdiyi Az\u0259rbaycan \u0259razil\u0259rini \u0259lind\u0259 saxlama\u011fa imkan vermir. O, ya Az\u0259rbaycan\u0131n hucum \u0259m\u0259liyyatlar\u0131n\u0131 dayand\u0131rmas\u0131 \u00fc\u00e7\u00fcn d\u0259rhal v\u0259 qeyd-\u015f\u0259rtsiz dan\u0131\u015f\u0131qlar masas\u0131na qay\u0131tmal\u0131d\u0131r, ya da tam m\u0259\u011flubiyy\u0259ti q\u0259bul etm\u0259li olacaq. Ona g\u00f6r\u0259 d\u0259 b\u00fct\u00fcn imkanlar\u0131 il\u0259 \u00e7al\u0131\u015f\u0131r ki, m\u00fcnaqi\u015f\u0259nin co\u011frafiyas\u0131n\u0131 geni\u015fl\u0259ndir\u0259r\u0259k proses\u0259 \u00fc\u00e7\u00fcnc\u00fc \u00f6lk\u0259l\u0259rin c\u0259lb edilm\u0259si il\u0259 lokal h\u0259rbi \u0259m\u0259liyyatlar\u0131n miqyasl\u0131 m\u00fcharib\u0259y\u0259 \u00e7evrilm\u0259sin\u0259 nail ola bilsin v\u0259 bu say\u0259d\u0259 tam m\u0259\u011flubiyy\u0259td\u0259n xilas olsun.\n<\/p>\n<p>\n  Az\u0259rbaycan\u0131n h\u0259rbi \u0259m\u0259liyyatlar\u0131 is\u0259 m\u00fctl\u0259q m\u0259nada yaln\u0131z i\u015f\u011fal edilmi\u015f \u0259razil\u0259rin azad edilm\u0259si namin\u0259 lokal h\u0259d\u0259fl\u0259r\u0259 y\u00f6n\u0259lib. Az\u0259rbaycan bu taktikan\u0131 m\u00f6hk\u0259m \u015f\u0259kild\u0259 qorumal\u0131, d\u00f6y\u00fc\u015f \u0259m\u0259liyyatlar\u0131n\u0131n k\u0259narlara s\u0131\u00e7ramas\u0131na imkan verm\u0259m\u0259li, Erm\u0259nistan\u0131n arzulad\u0131\u011f\u0131 formada \u00fc\u00e7\u00fcnc\u00fc \u00f6lk\u0259l\u0259rin birba\u015fa m\u00fcdaxil\u0259sin\u0259 f\u00fcrs\u0259t verm\u0259m\u0259kl\u0259 \u00fcmid edil\u0259n u\u011furlu n\u0259tic\u0259y\u0259 nail olmal\u0131d\u0131r.\n<\/p>\n<figure class=\"wp-block-image size-large\">\n  <img decoding=\"async\" src=\"https:\/\/www.meydan.tv\/az\/image_from_ios-2-jpg-175\/\" alt=\"image_from_ios (2).jpg\" class=\"wp-image-148795\"\/><figcaption>\n    Lakin son 30 illik d\u00f6vr \u0259rzind\u0259 \u0259n\u0259n\u0259vi t\u0259hl\u00fck\u0259sizlik sistemi h\u0259r ke\u00e7\u0259n g\u00fcn bir az daha \u00e7ox laxlama\u011fa ba\u015flad\u0131.<br \/>\n  <\/figcaption><\/figure>\n","protected":false},"excerpt":{"rendered":"<p>\u018fn\u0259n\u0259vi beyn\u0259lxalq t\u0259hl\u00fck\u0259sizlik sistemi g\u00fcc\u00fcn\u00fcn zirv\u0259sin\u0259 \u00e7atd\u0131\u011f\u0131 bu d\u00f6vrd\u0259 \u0259sas qay\u0259sin\u0259 uy\u011fun olaraq d\u00fcnya s\u00fclh\u00fc m\u00fcst\u0259visind\u0259 ciddi u\u011furlar \u0259ld\u0259 etmi\u015f oldu.<\/p>\n","protected":false},"author":11,"featured_media":100110,"comment_status":"closed","ping_status":"open","sticky":false,"template":"","format":"standard","meta":{"_acf_changed":false,"_sitemap_exclude":false,"_sitemap_priority":"","_sitemap_frequency":"","footnotes":""},"categories":[51],"tags":[],"class_list":["post-202732","post","type-post","status-publish","format-standard","has-post-thumbnail","hentry","category-analitika","infinite-scroll-item","generate-columns","tablet-grid-50","mobile-grid-100","grid-parent","grid-33","no-featured-image-padding"],"acf":[],"yoast_head":"<!-- This site is optimized with the Yoast SEO plugin v27.4 - https:\/\/yoast.com\/product\/yoast-seo-wordpress\/ -->\n<title>Birl\u0259\u015fmi\u015f Mill\u0259tl\u0259r T\u0259\u015fkilat\u0131 m\u00f6vcuddurmu? - MEYDAN.TV<\/title>\n<meta name=\"robots\" content=\"index, follow, max-snippet:-1, max-image-preview:large, max-video-preview:-1\" \/>\n<link rel=\"canonical\" href=\"https:\/\/www.meydan.tv\/az\/article\/birlesmis-milletler-teskilati-movcuddurmu\/\" \/>\n<meta property=\"og:locale\" content=\"az_AZ\" \/>\n<meta property=\"og:type\" content=\"article\" \/>\n<meta property=\"og:title\" content=\"Birl\u0259\u015fmi\u015f Mill\u0259tl\u0259r T\u0259\u015fkilat\u0131 m\u00f6vcuddurmu? - MEYDAN.TV\" \/>\n<meta property=\"og:description\" content=\"\u018fn\u0259n\u0259vi beyn\u0259lxalq t\u0259hl\u00fck\u0259sizlik sistemi g\u00fcc\u00fcn\u00fcn zirv\u0259sin\u0259 \u00e7atd\u0131\u011f\u0131 bu d\u00f6vrd\u0259 \u0259sas qay\u0259sin\u0259 uy\u011fun olaraq d\u00fcnya s\u00fclh\u00fc m\u00fcst\u0259visind\u0259 ciddi u\u011furlar \u0259ld\u0259 etmi\u015f oldu.\" \/>\n<meta property=\"og:url\" content=\"https:\/\/www.meydan.tv\/az\/article\/birlesmis-milletler-teskilati-movcuddurmu\/\" \/>\n<meta property=\"og:site_name\" content=\"MEYDAN.TV\" \/>\n<meta property=\"article:published_time\" content=\"2020-09-30T21:08:01+00:00\" \/>\n<meta property=\"og:image\" content=\"https:\/\/www.meydan.tv\/wp-content\/uploads\/39609.jpg\" \/>\n\t<meta property=\"og:image:width\" content=\"1024\" \/>\n\t<meta property=\"og:image:height\" content=\"576\" \/>\n\t<meta property=\"og:image:type\" content=\"image\/jpeg\" \/>\n<meta name=\"author\" content=\"user-manager\" \/>\n<meta name=\"twitter:card\" content=\"summary_large_image\" \/>\n<script type=\"application\/ld+json\" class=\"yoast-schema-graph\">{\"@context\":\"https:\\\/\\\/schema.org\",\"@graph\":[{\"@type\":\"Article\",\"@id\":\"https:\\\/\\\/www.meydan.tv\\\/az\\\/article\\\/birlesmis-milletler-teskilati-movcuddurmu\\\/#article\",\"isPartOf\":{\"@id\":\"https:\\\/\\\/www.meydan.tv\\\/az\\\/article\\\/birlesmis-milletler-teskilati-movcuddurmu\\\/\"},\"author\":{\"name\":\"user-manager\",\"@id\":\"https:\\\/\\\/www.meydan.tv\\\/az\\\/#\\\/schema\\\/person\\\/10d11eccf6da3662cf5fdab9806ea91a\"},\"headline\":\"Birl\u0259\u015fmi\u015f Mill\u0259tl\u0259r T\u0259\u015fkilat\u0131 m\u00f6vcuddurmu?\",\"datePublished\":\"2020-09-30T21:08:01+00:00\",\"mainEntityOfPage\":{\"@id\":\"https:\\\/\\\/www.meydan.tv\\\/az\\\/article\\\/birlesmis-milletler-teskilati-movcuddurmu\\\/\"},\"wordCount\":2085,\"publisher\":{\"@id\":\"https:\\\/\\\/www.meydan.tv\\\/az\\\/#organization\"},\"image\":{\"@id\":\"https:\\\/\\\/www.meydan.tv\\\/az\\\/article\\\/birlesmis-milletler-teskilati-movcuddurmu\\\/#primaryimage\"},\"thumbnailUrl\":\"https:\\\/\\\/www.meydan.tv\\\/wp-content\\\/uploads\\\/39609.jpg\",\"articleSection\":[\"Analitika\"],\"inLanguage\":\"az\"},{\"@type\":\"WebPage\",\"@id\":\"https:\\\/\\\/www.meydan.tv\\\/az\\\/article\\\/birlesmis-milletler-teskilati-movcuddurmu\\\/\",\"url\":\"https:\\\/\\\/www.meydan.tv\\\/az\\\/article\\\/birlesmis-milletler-teskilati-movcuddurmu\\\/\",\"name\":\"Birl\u0259\u015fmi\u015f Mill\u0259tl\u0259r T\u0259\u015fkilat\u0131 m\u00f6vcuddurmu? - MEYDAN.TV\",\"isPartOf\":{\"@id\":\"https:\\\/\\\/www.meydan.tv\\\/az\\\/#website\"},\"primaryImageOfPage\":{\"@id\":\"https:\\\/\\\/www.meydan.tv\\\/az\\\/article\\\/birlesmis-milletler-teskilati-movcuddurmu\\\/#primaryimage\"},\"image\":{\"@id\":\"https:\\\/\\\/www.meydan.tv\\\/az\\\/article\\\/birlesmis-milletler-teskilati-movcuddurmu\\\/#primaryimage\"},\"thumbnailUrl\":\"https:\\\/\\\/www.meydan.tv\\\/wp-content\\\/uploads\\\/39609.jpg\",\"datePublished\":\"2020-09-30T21:08:01+00:00\",\"breadcrumb\":{\"@id\":\"https:\\\/\\\/www.meydan.tv\\\/az\\\/article\\\/birlesmis-milletler-teskilati-movcuddurmu\\\/#breadcrumb\"},\"inLanguage\":\"az\",\"potentialAction\":[{\"@type\":\"ReadAction\",\"target\":[\"https:\\\/\\\/www.meydan.tv\\\/az\\\/article\\\/birlesmis-milletler-teskilati-movcuddurmu\\\/\"]}]},{\"@type\":\"ImageObject\",\"inLanguage\":\"az\",\"@id\":\"https:\\\/\\\/www.meydan.tv\\\/az\\\/article\\\/birlesmis-milletler-teskilati-movcuddurmu\\\/#primaryimage\",\"url\":\"https:\\\/\\\/www.meydan.tv\\\/wp-content\\\/uploads\\\/39609.jpg\",\"contentUrl\":\"https:\\\/\\\/www.meydan.tv\\\/wp-content\\\/uploads\\\/39609.jpg\",\"width\":1024,\"height\":576,\"caption\":\"Foto: Elman F\u0259ttah\u0131n \u015f\u0259xsi arxivind\u0259n\"},{\"@type\":\"BreadcrumbList\",\"@id\":\"https:\\\/\\\/www.meydan.tv\\\/az\\\/article\\\/birlesmis-milletler-teskilati-movcuddurmu\\\/#breadcrumb\",\"itemListElement\":[{\"@type\":\"ListItem\",\"position\":1,\"name\":\"Ana s\u0259hif\u0259\",\"item\":\"https:\\\/\\\/www.meydan.tv\\\/az\\\/\"},{\"@type\":\"ListItem\",\"position\":2,\"name\":\"Analitika\",\"item\":\"https:\\\/\\\/www.meydan.tv\\\/az\\\/section\\\/analitika\\\/\"},{\"@type\":\"ListItem\",\"position\":3,\"name\":\"Birl\u0259\u015fmi\u015f Mill\u0259tl\u0259r T\u0259\u015fkilat\u0131 m\u00f6vcuddurmu?\"}]},{\"@type\":\"WebSite\",\"@id\":\"https:\\\/\\\/www.meydan.tv\\\/az\\\/#website\",\"url\":\"https:\\\/\\\/www.meydan.tv\\\/az\\\/\",\"name\":\"MEYDAN.TV\",\"description\":\"Meydan TV Az\u0259rbaycan\u0131n media m\u0259kan\u0131ndak\u0131 alternativ s\u0259sidir\",\"publisher\":{\"@id\":\"https:\\\/\\\/www.meydan.tv\\\/az\\\/#organization\"},\"potentialAction\":[{\"@type\":\"SearchAction\",\"target\":{\"@type\":\"EntryPoint\",\"urlTemplate\":\"https:\\\/\\\/www.meydan.tv\\\/az\\\/?s={search_term_string}\"},\"query-input\":{\"@type\":\"PropertyValueSpecification\",\"valueRequired\":true,\"valueName\":\"search_term_string\"}}],\"inLanguage\":\"az\"},{\"@type\":\"Organization\",\"@id\":\"https:\\\/\\\/www.meydan.tv\\\/az\\\/#organization\",\"name\":\"Meydan TV\",\"url\":\"https:\\\/\\\/www.meydan.tv\\\/az\\\/\",\"logo\":{\"@type\":\"ImageObject\",\"inLanguage\":\"az\",\"@id\":\"https:\\\/\\\/www.meydan.tv\\\/az\\\/#\\\/schema\\\/logo\\\/image\\\/\",\"url\":\"https:\\\/\\\/www.meydan.tv\\\/wp-content\\\/uploads\\\/2021\\\/07\\\/meydan-logo.svg\",\"contentUrl\":\"https:\\\/\\\/www.meydan.tv\\\/wp-content\\\/uploads\\\/2021\\\/07\\\/meydan-logo.svg\",\"width\":195,\"height\":46,\"caption\":\"Meydan TV\"},\"image\":{\"@id\":\"https:\\\/\\\/www.meydan.tv\\\/az\\\/#\\\/schema\\\/logo\\\/image\\\/\"}},{\"@type\":\"Person\",\"@id\":\"https:\\\/\\\/www.meydan.tv\\\/az\\\/#\\\/schema\\\/person\\\/10d11eccf6da3662cf5fdab9806ea91a\",\"name\":\"user-manager\"}]}<\/script>\n<!-- \/ Yoast SEO plugin. -->","yoast_head_json":{"title":"Birl\u0259\u015fmi\u015f Mill\u0259tl\u0259r T\u0259\u015fkilat\u0131 m\u00f6vcuddurmu? - MEYDAN.TV","robots":{"index":"index","follow":"follow","max-snippet":"max-snippet:-1","max-image-preview":"max-image-preview:large","max-video-preview":"max-video-preview:-1"},"canonical":"https:\/\/www.meydan.tv\/az\/article\/birlesmis-milletler-teskilati-movcuddurmu\/","og_locale":"az_AZ","og_type":"article","og_title":"Birl\u0259\u015fmi\u015f Mill\u0259tl\u0259r T\u0259\u015fkilat\u0131 m\u00f6vcuddurmu? - MEYDAN.TV","og_description":"\u018fn\u0259n\u0259vi beyn\u0259lxalq t\u0259hl\u00fck\u0259sizlik sistemi g\u00fcc\u00fcn\u00fcn zirv\u0259sin\u0259 \u00e7atd\u0131\u011f\u0131 bu d\u00f6vrd\u0259 \u0259sas qay\u0259sin\u0259 uy\u011fun olaraq d\u00fcnya s\u00fclh\u00fc m\u00fcst\u0259visind\u0259 ciddi u\u011furlar \u0259ld\u0259 etmi\u015f oldu.","og_url":"https:\/\/www.meydan.tv\/az\/article\/birlesmis-milletler-teskilati-movcuddurmu\/","og_site_name":"MEYDAN.TV","article_published_time":"2020-09-30T21:08:01+00:00","og_image":[{"width":1024,"height":576,"url":"https:\/\/www.meydan.tv\/wp-content\/uploads\/39609.jpg","type":"image\/jpeg"}],"author":"user-manager","twitter_card":"summary_large_image","schema":{"@context":"https:\/\/schema.org","@graph":[{"@type":"Article","@id":"https:\/\/www.meydan.tv\/az\/article\/birlesmis-milletler-teskilati-movcuddurmu\/#article","isPartOf":{"@id":"https:\/\/www.meydan.tv\/az\/article\/birlesmis-milletler-teskilati-movcuddurmu\/"},"author":{"name":"user-manager","@id":"https:\/\/www.meydan.tv\/az\/#\/schema\/person\/10d11eccf6da3662cf5fdab9806ea91a"},"headline":"Birl\u0259\u015fmi\u015f Mill\u0259tl\u0259r T\u0259\u015fkilat\u0131 m\u00f6vcuddurmu?","datePublished":"2020-09-30T21:08:01+00:00","mainEntityOfPage":{"@id":"https:\/\/www.meydan.tv\/az\/article\/birlesmis-milletler-teskilati-movcuddurmu\/"},"wordCount":2085,"publisher":{"@id":"https:\/\/www.meydan.tv\/az\/#organization"},"image":{"@id":"https:\/\/www.meydan.tv\/az\/article\/birlesmis-milletler-teskilati-movcuddurmu\/#primaryimage"},"thumbnailUrl":"https:\/\/www.meydan.tv\/wp-content\/uploads\/39609.jpg","articleSection":["Analitika"],"inLanguage":"az"},{"@type":"WebPage","@id":"https:\/\/www.meydan.tv\/az\/article\/birlesmis-milletler-teskilati-movcuddurmu\/","url":"https:\/\/www.meydan.tv\/az\/article\/birlesmis-milletler-teskilati-movcuddurmu\/","name":"Birl\u0259\u015fmi\u015f Mill\u0259tl\u0259r T\u0259\u015fkilat\u0131 m\u00f6vcuddurmu? - MEYDAN.TV","isPartOf":{"@id":"https:\/\/www.meydan.tv\/az\/#website"},"primaryImageOfPage":{"@id":"https:\/\/www.meydan.tv\/az\/article\/birlesmis-milletler-teskilati-movcuddurmu\/#primaryimage"},"image":{"@id":"https:\/\/www.meydan.tv\/az\/article\/birlesmis-milletler-teskilati-movcuddurmu\/#primaryimage"},"thumbnailUrl":"https:\/\/www.meydan.tv\/wp-content\/uploads\/39609.jpg","datePublished":"2020-09-30T21:08:01+00:00","breadcrumb":{"@id":"https:\/\/www.meydan.tv\/az\/article\/birlesmis-milletler-teskilati-movcuddurmu\/#breadcrumb"},"inLanguage":"az","potentialAction":[{"@type":"ReadAction","target":["https:\/\/www.meydan.tv\/az\/article\/birlesmis-milletler-teskilati-movcuddurmu\/"]}]},{"@type":"ImageObject","inLanguage":"az","@id":"https:\/\/www.meydan.tv\/az\/article\/birlesmis-milletler-teskilati-movcuddurmu\/#primaryimage","url":"https:\/\/www.meydan.tv\/wp-content\/uploads\/39609.jpg","contentUrl":"https:\/\/www.meydan.tv\/wp-content\/uploads\/39609.jpg","width":1024,"height":576,"caption":"Foto: Elman F\u0259ttah\u0131n \u015f\u0259xsi arxivind\u0259n"},{"@type":"BreadcrumbList","@id":"https:\/\/www.meydan.tv\/az\/article\/birlesmis-milletler-teskilati-movcuddurmu\/#breadcrumb","itemListElement":[{"@type":"ListItem","position":1,"name":"Ana s\u0259hif\u0259","item":"https:\/\/www.meydan.tv\/az\/"},{"@type":"ListItem","position":2,"name":"Analitika","item":"https:\/\/www.meydan.tv\/az\/section\/analitika\/"},{"@type":"ListItem","position":3,"name":"Birl\u0259\u015fmi\u015f Mill\u0259tl\u0259r T\u0259\u015fkilat\u0131 m\u00f6vcuddurmu?"}]},{"@type":"WebSite","@id":"https:\/\/www.meydan.tv\/az\/#website","url":"https:\/\/www.meydan.tv\/az\/","name":"MEYDAN.TV","description":"Meydan TV Az\u0259rbaycan\u0131n media m\u0259kan\u0131ndak\u0131 alternativ s\u0259sidir","publisher":{"@id":"https:\/\/www.meydan.tv\/az\/#organization"},"potentialAction":[{"@type":"SearchAction","target":{"@type":"EntryPoint","urlTemplate":"https:\/\/www.meydan.tv\/az\/?s={search_term_string}"},"query-input":{"@type":"PropertyValueSpecification","valueRequired":true,"valueName":"search_term_string"}}],"inLanguage":"az"},{"@type":"Organization","@id":"https:\/\/www.meydan.tv\/az\/#organization","name":"Meydan TV","url":"https:\/\/www.meydan.tv\/az\/","logo":{"@type":"ImageObject","inLanguage":"az","@id":"https:\/\/www.meydan.tv\/az\/#\/schema\/logo\/image\/","url":"https:\/\/www.meydan.tv\/wp-content\/uploads\/2021\/07\/meydan-logo.svg","contentUrl":"https:\/\/www.meydan.tv\/wp-content\/uploads\/2021\/07\/meydan-logo.svg","width":195,"height":46,"caption":"Meydan TV"},"image":{"@id":"https:\/\/www.meydan.tv\/az\/#\/schema\/logo\/image\/"}},{"@type":"Person","@id":"https:\/\/www.meydan.tv\/az\/#\/schema\/person\/10d11eccf6da3662cf5fdab9806ea91a","name":"user-manager"}]}},"_links":{"self":[{"href":"https:\/\/www.meydan.tv\/az\/wp-json\/wp\/v2\/posts\/202732","targetHints":{"allow":["GET"]}}],"collection":[{"href":"https:\/\/www.meydan.tv\/az\/wp-json\/wp\/v2\/posts"}],"about":[{"href":"https:\/\/www.meydan.tv\/az\/wp-json\/wp\/v2\/types\/post"}],"author":[{"embeddable":true,"href":"https:\/\/www.meydan.tv\/az\/wp-json\/wp\/v2\/users\/11"}],"replies":[{"embeddable":true,"href":"https:\/\/www.meydan.tv\/az\/wp-json\/wp\/v2\/comments?post=202732"}],"version-history":[{"count":0,"href":"https:\/\/www.meydan.tv\/az\/wp-json\/wp\/v2\/posts\/202732\/revisions"}],"wp:featuredmedia":[{"embeddable":true,"href":"https:\/\/www.meydan.tv\/az\/wp-json\/wp\/v2\/media\/100110"}],"wp:attachment":[{"href":"https:\/\/www.meydan.tv\/az\/wp-json\/wp\/v2\/media?parent=202732"}],"wp:term":[{"taxonomy":"category","embeddable":true,"href":"https:\/\/www.meydan.tv\/az\/wp-json\/wp\/v2\/categories?post=202732"},{"taxonomy":"post_tag","embeddable":true,"href":"https:\/\/www.meydan.tv\/az\/wp-json\/wp\/v2\/tags?post=202732"}],"curies":[{"name":"wp","href":"https:\/\/api.w.org\/{rel}","templated":true}]}}