{"id":202728,"date":"2020-09-30T18:32:26","date_gmt":"2020-09-30T18:32:26","guid":{"rendered":"https:\/\/www.meydan.tv\/article\/zibillikden-icki-qablari-yigib-satiram-ki-eve-makaron-alim\/"},"modified":"2020-09-30T18:32:26","modified_gmt":"2020-09-30T18:32:26","slug":"zibillikden-icki-qablari-yigib-satiram-ki-eve-makaron-alim","status":"publish","type":"post","link":"https:\/\/www.meydan.tv\/az\/article\/zibillikden-icki-qablari-yigib-satiram-ki-eve-makaron-alim\/","title":{"rendered":"\u201cZibillikd\u0259n i\u00e7ki qablar\u0131 y\u0131\u011f\u0131b sat\u0131ram ki, ev\u0259 makaron al\u0131m\u201d"},"content":{"rendered":"<p>\n  <i><br \/>\n    L\u0259nk\u0259ran sakini: \u201c\u018flimd\u0259n g\u0259l\u0259ni edir\u0259m ki, u\u015faqlara n\u0259s\u0259 tap\u0131b g\u0259tirim\u201d<br \/>\n  <\/i>\n<\/p>\n<p>\n  L\u0259nk\u0259ran\u0131n Gird\u0259ni k\u0259ndind\u0259 m\u0259skunla\u015fan H\u00fcseynovlar ail\u0259si 6 n\u0259f\u0259rd\u0259n ibar\u0259tdir. Ail\u0259nin b\u00f6y\u00fck s\u0131x\u0131nt\u0131 i\u00e7\u0259risind\u0259 ya\u015famas\u0131 el\u0259 evinin kandar\u0131ndan b\u0259lli olur.\n<\/p>\n<p>\n  <b><br \/>\n    \u201cBiz he\u00e7 vaxt ev\u0259 \u0259t alm\u0131r\u0131q\u201d<br \/>\n  <\/b>\n<\/p>\n<p>\n  D\u00f6rd u\u015faq atas\u0131 Emin H\u00fcseynov Gird\u0259nid\u0259ki abadl\u0131q idar\u0259sind\u0259 i\u015fl\u0259yir, c\u0259mi 240 manat m\u0259vacib al\u0131r. O, ail\u0259nin ba\u015fqa daimi qazanc m\u0259nb\u0259yi olmad\u0131\u011f\u0131n\u0131 bildirir.\n<\/p>\n<p>\n  \u201cH\u0259yat yolda\u015f\u0131m i\u015fl\u0259mir. He\u00e7 i\u015fl\u0259y\u0259 d\u0259 bilm\u0259z. U\u015faqlardan ikisi x\u0259st\u0259di. M\u0259n ail\u0259ni t\u0259k doland\u0131rma\u011fa \u00e7al\u0131\u015f\u0131ram. \u00c7ox b\u00f6y\u00fck \u0259ziyy\u0259t \u00e7\u0259kirik. Be\u015f ya\u015fl\u0131 q\u0131z\u0131m daun x\u0259st\u0259sidi. Bak\u0131ya aparm\u0131\u015fd\u0131m. Dedil\u0259r ki, m\u00fcalic\u0259si yoxdu. Pensiyaya g\u00f6r\u0259 ka\u011f\u0131z vermi\u015fdil\u0259r. Burda b\u0259han\u0259 el\u0259dil\u0259r ki, Bak\u0131da on g\u00fcn yatmal\u0131d\u0131, yoxsa pensiya d\u00fc\u015fm\u00fcr. M\u0259nim is\u0259 Bak\u0131ya aparma\u011fa, onlar\u0131n dediyini el\u0259m\u0259y\u0259 g\u00fcc\u00fcm \u00e7atmad\u0131\u201d.\n<\/p>\n<p>\n  38 ya\u015fl\u0131 k\u0259nd sakini \u0259n ki\u00e7ik \u00f6vlad\u0131n\u0131n tutmalar\u0131 olmas\u0131ndan dan\u0131\u015f\u0131r. Dediyin\u0259 g\u00f6r\u0259, onun m\u00fcalic\u0259sin\u0259 d\u0259 az z\u0259hm\u0259t s\u0259rf etm\u0259yibl\u0259r. U\u015faq son vaxtlar \u00f6z\u00fcn\u00fc bir az yax\u015f\u0131 hiss etm\u0259y\u0259 ba\u015flay\u0131b.\n<\/p>\n<p>\n  \u201cMaddi s\u0131x\u0131nt\u0131lar h\u0259r c\u00fcr \u00f6z\u00fcn\u00fc g\u00f6st\u0259rir. \u018flimd\u0259n g\u0259l\u0259ni edir\u0259m ki, u\u015faqlara n\u0259s\u0259 tap\u0131b g\u0259tirim. K\u00f6hn\u0259 \u201cMuravey\u201d motosikletim var. Onunla k\u0259nd camaat\u0131n\u0131n b\u0259zi y\u00fckl\u0259rini da\u015f\u0131y\u0131ram ki, 2-3 manat al\u0131m. Biz he\u00e7 vaxt ev\u0259 \u0259t alm\u0131r\u0131q. Makarondan ba\u015fqa, dem\u0259k olar, he\u00e7 n\u0259 yemirik. \u00dc\u00e7 g\u00fcnd\u0259n bir d\u0259f\u0259 bir manata \u201cM\u00f6c\u00fcz\u0259\u201d ya\u011f\u0131 al\u0131r\u0131q, istifad\u0259 el\u0259yirik. Kilo il\u0259 ya\u011f ald\u0131\u011f\u0131m da yad\u0131ma g\u0259lmir\u201d.\n<\/p>\n<p>\n  <b><br \/>\n    \u201cU\u015faqlara geyindirm\u0259y\u0259 paltar yoxdu\u201d<br \/>\n  <\/b>\n<\/p>\n<p>\n  Ail\u0259 indi ya\u015fad\u0131\u011f\u0131 evd\u0259 \u0259vv\u0259ll\u0259r kiray\u0259 qal\u0131rm\u0131\u015f. Ayda 50 manat verirl\u0259rmi\u015f. Sonra ev yiy\u0259si il\u0259 raz\u0131la\u015f\u0131blar ki, ayda 200 manat \u00f6d\u0259nilm\u0259k \u015f\u0259rtil\u0259 evi ail\u0259y\u0259 sats\u0131n.\n<\/p>\n<p>\n  \u201cSon aylar he\u00e7 dolanmaq olmur. Buna g\u00f6r\u0259 d\u0259 \u00fcst-\u00fcst\u0259 borc y\u0131\u011f\u0131l\u0131b. Ev sahibin\u0259 1000 manata q\u0259d\u0259r verm\u0259liy\u0259m. Dir\u0259nmi\u015f\u0259m, he\u00e7 ver\u0259 bilmir\u0259m. O da ard\u0131c\u0131l z\u0259ng vurur m\u0259n\u0259. Birt\u0259h\u0259r sakitl\u0259\u015fdirir\u0259m\u201d, &#8211; Emin H\u00fcseynov deyir.\n<\/p>\n<p>\n  Ail\u0259nin iki b\u00f6y\u00fck \u00f6vlad\u0131 m\u0259kt\u0259b\u0259 gedir. Daha do\u011frusu, he\u00e7 ged\u0259 bilmirl\u0259r. Emin H\u00fcseynov imkans\u0131zl\u0131qdan u\u015faqlar\u0131n d\u0259rsd\u0259n qald\u0131\u011f\u0131n\u0131 deyir.\n<\/p>\n<p>\n  \u201cU\u015faqlar\u0131 m\u0259kt\u0259b\u0259 g\u00f6nd\u0259r\u0259 bilmir\u0259m. M\u0259kt\u0259bd\u0259n \u00e7a\u011f\u0131r\u0131b s\u00f6hb\u0259t el\u0259yibl\u0259r. V\u0259ziyy\u0259ti ba\u015fa salm\u0131\u015fam. U\u015faqlara geyindirm\u0259y\u0259 paltar yoxdu. Deyirl\u0259r ki, onda \u00e7\u0131xaraq m\u0259kt\u0259bd\u0259n. Yalvard\u0131m ki, \u00e7\u0131xarmas\u0131nlar. Yax\u0131n g\u00fcnl\u0259rd\u0259 maa\u015f ver\u0259c\u0259kl\u0259r. Paltar al\u0131b yola salaram. G\u00f6r\u00fcm ev sahibin\u0259 n\u0259 dey\u0259 bil\u0259r\u0259m&#8230; He\u00e7 olmasa, bu ay 200 manat\u0131 ist\u0259m\u0259sin\u201d.\n<\/p>\n<p>\n  Ata dan\u0131\u015f\u0131r ki, ad\u0259t\u0259n, u\u015faqlar\u0131 m\u0259kt\u0259b\u0259 qon\u015fular\u0131n verdiyi k\u00f6hn\u0259 \u00e7antalarla yola sal\u0131rlar. T\u0259z\u0259sini alma\u011fa imkan \u00e7atm\u0131r: \u201cOnlar\u0131n t\u0259hsil almas\u0131n\u0131 ist\u0259rdim. U\u015faqlar\u0131m\u0131 savads\u0131z el\u0259y\u0259 bilm\u0259r\u0259m ax\u0131&#8230;\u201d\n<\/p>\n<p>\n  <b><br \/>\n    \u201cD\u00fckan sahibindan z\u0259ng g\u0259l\u0259nd\u0259 x\u0259cal\u0259t \u00e7\u0259kir\u0259m\u201d<br \/>\n  <\/b>\n<\/p>\n<p>\n  H\u0259r ay ev\u0259 g\u00f6r\u0259 pul \u00f6d\u0259nilm\u0259si ail\u0259ni lap \u0259ld\u0259n sal\u0131r. Emin H\u00fcseynov ba\u015fqa qazanc yollar\u0131 d\u00fc\u015f\u00fcnm\u0259y\u0259 vadar olur.\n<\/p>\n<p>\n  \u201cZibillikd\u0259n i\u00e7ki qablar\u0131 y\u0131\u011f\u0131b sat\u0131ram ki, ev\u0259 makaron al\u0131m. \u201cMetallom\u201da t\u0259hvil verir\u0259m. Yolun k\u0259nar\u0131ndak\u0131 zibill\u0259ri toplay\u0131ram. Onlar\u0131n aras\u0131ndan i\u00e7ki qablar\u0131n\u0131 se\u00e7ib ay\u0131r\u0131ram. Kilosunu 40 q\u0259piy\u0259 g\u00f6t\u00fcr\u00fcrl\u0259r. Bir kis\u0259 2-3 kilo g\u0259lir. B\u00fct\u00fcn g\u00fcn\u00fc g\u0259zir\u0259m ki, ax\u015fama q\u0259d\u0259r bir kilo toplay\u0131m\u201d.\n<\/p>\n<p>\n  Gird\u0259ni sakini deyir ki, i\u015f yolda\u015flar\u0131 da onun v\u0259ziyy\u0259tini yax\u015f\u0131 ba\u015fa d\u00fc\u015f\u00fcr. Harada enerji i\u00e7kil\u0259rinin qab\u0131ndan g\u00f6rs\u0259l\u0259r, g\u00f6t\u00fcr\u00fcb g\u0259lirl\u0259r.\n<\/p>\n<p>\n  \u201cK\u00f6m\u0259k el\u0259m\u0259y\u0259 \u00e7al\u0131\u015f\u0131rlar. Havalar soyuyanda h\u0259m d\u0259 evi q\u0131zd\u0131rmaq qay\u011f\u0131s\u0131 ortaya \u00e7\u0131x\u0131r. Onda i\u00e7ki qablar\u0131 il\u0259 yana\u015f\u0131, odun par\u00e7alar\u0131 da toplama\u011fa \u00e7al\u0131\u015f\u0131ram. Qaz var, amma kommunal borclar\u0131 \u00f6d\u0259y\u0259 bilmirik. \u0130ndiy\u0259 q\u0259d\u0259r 200 manata q\u0259d\u0259r qaz borcu y\u0131\u011f\u0131l\u0131b. \u018fvv\u0259ll\u0259r yaln\u0131z kiray\u0259 pulu verirdim. Onda kommunal x\u0259rcl\u0259ri birt\u0259h\u0259r \u00f6d\u0259m\u0259k olurdu. \u0130ndi ayda 200 manat ev\u0259 g\u00f6r\u0259 verm\u0259k laz\u0131m g\u0259lir. Qaza, i\u015f\u0131\u011fa pul qalm\u0131r\u201d.\n<\/p>\n<p>\n  Ail\u0259 sosial yard\u0131m ala bilm\u0259yib. K\u0259ndd\u0259ki \u0259rzaq d\u00fckanlar\u0131na xeyli borc y\u0131\u011f\u0131l\u0131b. Bu qay\u011f\u0131 Emin H\u00fcseynovu \u00e7ox dilxor edir: \u201cD\u00fckan sahibind\u0259n h\u0259r z\u0259ng g\u0259l\u0259nd\u0259 x\u0259cal\u0259t \u00e7\u0259kir\u0259m\u201d.<\/p>\n","protected":false},"excerpt":{"rendered":"<p>L\u0259nk\u0259ran sakini: \u201c\u018flimd\u0259n g\u0259l\u0259ni edir\u0259m ki, u\u015faqlara n\u0259s\u0259 tap\u0131b g\u0259tirim\u201d<\/p>\n","protected":false},"author":11,"featured_media":148729,"comment_status":"closed","ping_status":"open","sticky":false,"template":"","format":"standard","meta":{"_acf_changed":false,"_sitemap_exclude":false,"_sitemap_priority":"","_sitemap_frequency":"","footnotes":""},"categories":[60],"tags":[],"class_list":["post-202728","post","type-post","status-publish","format-standard","has-post-thumbnail","hentry","category-bolge","infinite-scroll-item","generate-columns","tablet-grid-50","mobile-grid-100","grid-parent","grid-33","no-featured-image-padding"],"acf":[],"yoast_head":"<!-- This site is optimized with the Yoast SEO plugin v27.5 - https:\/\/yoast.com\/product\/yoast-seo-wordpress\/ -->\n<title>\u201cZibillikd\u0259n i\u00e7ki qablar\u0131 y\u0131\u011f\u0131b sat\u0131ram ki, ev\u0259 makaron al\u0131m\u201d - MEYDAN.TV<\/title>\n<meta name=\"robots\" content=\"index, follow, max-snippet:-1, max-image-preview:large, max-video-preview:-1\" \/>\n<link rel=\"canonical\" href=\"https:\/\/www.meydan.tv\/az\/article\/zibillikden-icki-qablari-yigib-satiram-ki-eve-makaron-alim\/\" \/>\n<meta property=\"og:locale\" content=\"az_AZ\" \/>\n<meta property=\"og:type\" content=\"article\" \/>\n<meta property=\"og:title\" content=\"\u201cZibillikd\u0259n i\u00e7ki qablar\u0131 y\u0131\u011f\u0131b sat\u0131ram ki, ev\u0259 makaron al\u0131m\u201d - MEYDAN.TV\" \/>\n<meta property=\"og:description\" content=\"L\u0259nk\u0259ran sakini: \u201c\u018flimd\u0259n g\u0259l\u0259ni edir\u0259m ki, u\u015faqlara n\u0259s\u0259 tap\u0131b g\u0259tirim\u201d\" \/>\n<meta property=\"og:url\" content=\"https:\/\/www.meydan.tv\/az\/article\/zibillikden-icki-qablari-yigib-satiram-ki-eve-makaron-alim\/\" \/>\n<meta property=\"og:site_name\" content=\"MEYDAN.TV\" \/>\n<meta property=\"article:published_time\" content=\"2020-09-30T18:32:26+00:00\" \/>\n<meta property=\"og:image\" content=\"https:\/\/www.meydan.tv\/wp-content\/uploads\/untitled_design_11.png\" \/>\n\t<meta property=\"og:image:width\" content=\"1280\" \/>\n\t<meta property=\"og:image:height\" content=\"720\" \/>\n\t<meta property=\"og:image:type\" content=\"image\/png\" \/>\n<meta name=\"author\" content=\"user-manager\" \/>\n<meta name=\"twitter:card\" content=\"summary_large_image\" \/>\n<script type=\"application\/ld+json\" class=\"yoast-schema-graph\">{\"@context\":\"https:\\\/\\\/schema.org\",\"@graph\":[{\"@type\":\"Article\",\"@id\":\"https:\\\/\\\/www.meydan.tv\\\/az\\\/article\\\/zibillikden-icki-qablari-yigib-satiram-ki-eve-makaron-alim\\\/#article\",\"isPartOf\":{\"@id\":\"https:\\\/\\\/www.meydan.tv\\\/az\\\/article\\\/zibillikden-icki-qablari-yigib-satiram-ki-eve-makaron-alim\\\/\"},\"author\":{\"name\":\"user-manager\",\"@id\":\"https:\\\/\\\/www.meydan.tv\\\/az\\\/#\\\/schema\\\/person\\\/10d11eccf6da3662cf5fdab9806ea91a\"},\"headline\":\"\u201cZibillikd\u0259n i\u00e7ki qablar\u0131 y\u0131\u011f\u0131b sat\u0131ram ki, ev\u0259 makaron al\u0131m\u201d\",\"datePublished\":\"2020-09-30T18:32:26+00:00\",\"mainEntityOfPage\":{\"@id\":\"https:\\\/\\\/www.meydan.tv\\\/az\\\/article\\\/zibillikden-icki-qablari-yigib-satiram-ki-eve-makaron-alim\\\/\"},\"wordCount\":918,\"publisher\":{\"@id\":\"https:\\\/\\\/www.meydan.tv\\\/az\\\/#organization\"},\"image\":{\"@id\":\"https:\\\/\\\/www.meydan.tv\\\/az\\\/article\\\/zibillikden-icki-qablari-yigib-satiram-ki-eve-makaron-alim\\\/#primaryimage\"},\"thumbnailUrl\":\"https:\\\/\\\/www.meydan.tv\\\/wp-content\\\/uploads\\\/untitled_design_11.png\",\"articleSection\":[\"B\u00f6lg\u0259\"],\"inLanguage\":\"az\"},{\"@type\":\"WebPage\",\"@id\":\"https:\\\/\\\/www.meydan.tv\\\/az\\\/article\\\/zibillikden-icki-qablari-yigib-satiram-ki-eve-makaron-alim\\\/\",\"url\":\"https:\\\/\\\/www.meydan.tv\\\/az\\\/article\\\/zibillikden-icki-qablari-yigib-satiram-ki-eve-makaron-alim\\\/\",\"name\":\"\u201cZibillikd\u0259n i\u00e7ki qablar\u0131 y\u0131\u011f\u0131b sat\u0131ram ki, ev\u0259 makaron al\u0131m\u201d - MEYDAN.TV\",\"isPartOf\":{\"@id\":\"https:\\\/\\\/www.meydan.tv\\\/az\\\/#website\"},\"primaryImageOfPage\":{\"@id\":\"https:\\\/\\\/www.meydan.tv\\\/az\\\/article\\\/zibillikden-icki-qablari-yigib-satiram-ki-eve-makaron-alim\\\/#primaryimage\"},\"image\":{\"@id\":\"https:\\\/\\\/www.meydan.tv\\\/az\\\/article\\\/zibillikden-icki-qablari-yigib-satiram-ki-eve-makaron-alim\\\/#primaryimage\"},\"thumbnailUrl\":\"https:\\\/\\\/www.meydan.tv\\\/wp-content\\\/uploads\\\/untitled_design_11.png\",\"datePublished\":\"2020-09-30T18:32:26+00:00\",\"breadcrumb\":{\"@id\":\"https:\\\/\\\/www.meydan.tv\\\/az\\\/article\\\/zibillikden-icki-qablari-yigib-satiram-ki-eve-makaron-alim\\\/#breadcrumb\"},\"inLanguage\":\"az\",\"potentialAction\":[{\"@type\":\"ReadAction\",\"target\":[\"https:\\\/\\\/www.meydan.tv\\\/az\\\/article\\\/zibillikden-icki-qablari-yigib-satiram-ki-eve-makaron-alim\\\/\"]}]},{\"@type\":\"ImageObject\",\"inLanguage\":\"az\",\"@id\":\"https:\\\/\\\/www.meydan.tv\\\/az\\\/article\\\/zibillikden-icki-qablari-yigib-satiram-ki-eve-makaron-alim\\\/#primaryimage\",\"url\":\"https:\\\/\\\/www.meydan.tv\\\/wp-content\\\/uploads\\\/untitled_design_11.png\",\"contentUrl\":\"https:\\\/\\\/www.meydan.tv\\\/wp-content\\\/uploads\\\/untitled_design_11.png\",\"width\":1280,\"height\":720,\"caption\":\"Source: google\"},{\"@type\":\"BreadcrumbList\",\"@id\":\"https:\\\/\\\/www.meydan.tv\\\/az\\\/article\\\/zibillikden-icki-qablari-yigib-satiram-ki-eve-makaron-alim\\\/#breadcrumb\",\"itemListElement\":[{\"@type\":\"ListItem\",\"position\":1,\"name\":\"Ana s\u0259hif\u0259\",\"item\":\"https:\\\/\\\/www.meydan.tv\\\/az\\\/\"},{\"@type\":\"ListItem\",\"position\":2,\"name\":\"B\u00f6lg\u0259\",\"item\":\"https:\\\/\\\/www.meydan.tv\\\/az\\\/section\\\/bolge\\\/\"},{\"@type\":\"ListItem\",\"position\":3,\"name\":\"\u201cZibillikd\u0259n i\u00e7ki qablar\u0131 y\u0131\u011f\u0131b sat\u0131ram ki, ev\u0259 makaron al\u0131m\u201d\"}]},{\"@type\":\"WebSite\",\"@id\":\"https:\\\/\\\/www.meydan.tv\\\/az\\\/#website\",\"url\":\"https:\\\/\\\/www.meydan.tv\\\/az\\\/\",\"name\":\"MEYDAN.TV\",\"description\":\"Meydan TV Az\u0259rbaycan\u0131n media m\u0259kan\u0131ndak\u0131 alternativ s\u0259sidir\",\"publisher\":{\"@id\":\"https:\\\/\\\/www.meydan.tv\\\/az\\\/#organization\"},\"potentialAction\":[{\"@type\":\"SearchAction\",\"target\":{\"@type\":\"EntryPoint\",\"urlTemplate\":\"https:\\\/\\\/www.meydan.tv\\\/az\\\/?s={search_term_string}\"},\"query-input\":{\"@type\":\"PropertyValueSpecification\",\"valueRequired\":true,\"valueName\":\"search_term_string\"}}],\"inLanguage\":\"az\"},{\"@type\":\"Organization\",\"@id\":\"https:\\\/\\\/www.meydan.tv\\\/az\\\/#organization\",\"name\":\"Meydan TV\",\"url\":\"https:\\\/\\\/www.meydan.tv\\\/az\\\/\",\"logo\":{\"@type\":\"ImageObject\",\"inLanguage\":\"az\",\"@id\":\"https:\\\/\\\/www.meydan.tv\\\/az\\\/#\\\/schema\\\/logo\\\/image\\\/\",\"url\":\"https:\\\/\\\/www.meydan.tv\\\/wp-content\\\/uploads\\\/2021\\\/07\\\/meydan-logo.svg\",\"contentUrl\":\"https:\\\/\\\/www.meydan.tv\\\/wp-content\\\/uploads\\\/2021\\\/07\\\/meydan-logo.svg\",\"width\":195,\"height\":46,\"caption\":\"Meydan TV\"},\"image\":{\"@id\":\"https:\\\/\\\/www.meydan.tv\\\/az\\\/#\\\/schema\\\/logo\\\/image\\\/\"}},{\"@type\":\"Person\",\"@id\":\"https:\\\/\\\/www.meydan.tv\\\/az\\\/#\\\/schema\\\/person\\\/10d11eccf6da3662cf5fdab9806ea91a\",\"name\":\"user-manager\"}]}<\/script>\n<!-- \/ Yoast SEO plugin. -->","yoast_head_json":{"title":"\u201cZibillikd\u0259n i\u00e7ki qablar\u0131 y\u0131\u011f\u0131b sat\u0131ram ki, ev\u0259 makaron al\u0131m\u201d - MEYDAN.TV","robots":{"index":"index","follow":"follow","max-snippet":"max-snippet:-1","max-image-preview":"max-image-preview:large","max-video-preview":"max-video-preview:-1"},"canonical":"https:\/\/www.meydan.tv\/az\/article\/zibillikden-icki-qablari-yigib-satiram-ki-eve-makaron-alim\/","og_locale":"az_AZ","og_type":"article","og_title":"\u201cZibillikd\u0259n i\u00e7ki qablar\u0131 y\u0131\u011f\u0131b sat\u0131ram ki, ev\u0259 makaron al\u0131m\u201d - MEYDAN.TV","og_description":"L\u0259nk\u0259ran sakini: \u201c\u018flimd\u0259n g\u0259l\u0259ni edir\u0259m ki, u\u015faqlara n\u0259s\u0259 tap\u0131b g\u0259tirim\u201d","og_url":"https:\/\/www.meydan.tv\/az\/article\/zibillikden-icki-qablari-yigib-satiram-ki-eve-makaron-alim\/","og_site_name":"MEYDAN.TV","article_published_time":"2020-09-30T18:32:26+00:00","og_image":[{"width":1280,"height":720,"url":"https:\/\/www.meydan.tv\/wp-content\/uploads\/untitled_design_11.png","type":"image\/png"}],"author":"user-manager","twitter_card":"summary_large_image","schema":{"@context":"https:\/\/schema.org","@graph":[{"@type":"Article","@id":"https:\/\/www.meydan.tv\/az\/article\/zibillikden-icki-qablari-yigib-satiram-ki-eve-makaron-alim\/#article","isPartOf":{"@id":"https:\/\/www.meydan.tv\/az\/article\/zibillikden-icki-qablari-yigib-satiram-ki-eve-makaron-alim\/"},"author":{"name":"user-manager","@id":"https:\/\/www.meydan.tv\/az\/#\/schema\/person\/10d11eccf6da3662cf5fdab9806ea91a"},"headline":"\u201cZibillikd\u0259n i\u00e7ki qablar\u0131 y\u0131\u011f\u0131b sat\u0131ram ki, ev\u0259 makaron al\u0131m\u201d","datePublished":"2020-09-30T18:32:26+00:00","mainEntityOfPage":{"@id":"https:\/\/www.meydan.tv\/az\/article\/zibillikden-icki-qablari-yigib-satiram-ki-eve-makaron-alim\/"},"wordCount":918,"publisher":{"@id":"https:\/\/www.meydan.tv\/az\/#organization"},"image":{"@id":"https:\/\/www.meydan.tv\/az\/article\/zibillikden-icki-qablari-yigib-satiram-ki-eve-makaron-alim\/#primaryimage"},"thumbnailUrl":"https:\/\/www.meydan.tv\/wp-content\/uploads\/untitled_design_11.png","articleSection":["B\u00f6lg\u0259"],"inLanguage":"az"},{"@type":"WebPage","@id":"https:\/\/www.meydan.tv\/az\/article\/zibillikden-icki-qablari-yigib-satiram-ki-eve-makaron-alim\/","url":"https:\/\/www.meydan.tv\/az\/article\/zibillikden-icki-qablari-yigib-satiram-ki-eve-makaron-alim\/","name":"\u201cZibillikd\u0259n i\u00e7ki qablar\u0131 y\u0131\u011f\u0131b sat\u0131ram ki, ev\u0259 makaron al\u0131m\u201d - MEYDAN.TV","isPartOf":{"@id":"https:\/\/www.meydan.tv\/az\/#website"},"primaryImageOfPage":{"@id":"https:\/\/www.meydan.tv\/az\/article\/zibillikden-icki-qablari-yigib-satiram-ki-eve-makaron-alim\/#primaryimage"},"image":{"@id":"https:\/\/www.meydan.tv\/az\/article\/zibillikden-icki-qablari-yigib-satiram-ki-eve-makaron-alim\/#primaryimage"},"thumbnailUrl":"https:\/\/www.meydan.tv\/wp-content\/uploads\/untitled_design_11.png","datePublished":"2020-09-30T18:32:26+00:00","breadcrumb":{"@id":"https:\/\/www.meydan.tv\/az\/article\/zibillikden-icki-qablari-yigib-satiram-ki-eve-makaron-alim\/#breadcrumb"},"inLanguage":"az","potentialAction":[{"@type":"ReadAction","target":["https:\/\/www.meydan.tv\/az\/article\/zibillikden-icki-qablari-yigib-satiram-ki-eve-makaron-alim\/"]}]},{"@type":"ImageObject","inLanguage":"az","@id":"https:\/\/www.meydan.tv\/az\/article\/zibillikden-icki-qablari-yigib-satiram-ki-eve-makaron-alim\/#primaryimage","url":"https:\/\/www.meydan.tv\/wp-content\/uploads\/untitled_design_11.png","contentUrl":"https:\/\/www.meydan.tv\/wp-content\/uploads\/untitled_design_11.png","width":1280,"height":720,"caption":"Source: google"},{"@type":"BreadcrumbList","@id":"https:\/\/www.meydan.tv\/az\/article\/zibillikden-icki-qablari-yigib-satiram-ki-eve-makaron-alim\/#breadcrumb","itemListElement":[{"@type":"ListItem","position":1,"name":"Ana s\u0259hif\u0259","item":"https:\/\/www.meydan.tv\/az\/"},{"@type":"ListItem","position":2,"name":"B\u00f6lg\u0259","item":"https:\/\/www.meydan.tv\/az\/section\/bolge\/"},{"@type":"ListItem","position":3,"name":"\u201cZibillikd\u0259n i\u00e7ki qablar\u0131 y\u0131\u011f\u0131b sat\u0131ram ki, ev\u0259 makaron al\u0131m\u201d"}]},{"@type":"WebSite","@id":"https:\/\/www.meydan.tv\/az\/#website","url":"https:\/\/www.meydan.tv\/az\/","name":"MEYDAN.TV","description":"Meydan TV Az\u0259rbaycan\u0131n media m\u0259kan\u0131ndak\u0131 alternativ s\u0259sidir","publisher":{"@id":"https:\/\/www.meydan.tv\/az\/#organization"},"potentialAction":[{"@type":"SearchAction","target":{"@type":"EntryPoint","urlTemplate":"https:\/\/www.meydan.tv\/az\/?s={search_term_string}"},"query-input":{"@type":"PropertyValueSpecification","valueRequired":true,"valueName":"search_term_string"}}],"inLanguage":"az"},{"@type":"Organization","@id":"https:\/\/www.meydan.tv\/az\/#organization","name":"Meydan TV","url":"https:\/\/www.meydan.tv\/az\/","logo":{"@type":"ImageObject","inLanguage":"az","@id":"https:\/\/www.meydan.tv\/az\/#\/schema\/logo\/image\/","url":"https:\/\/www.meydan.tv\/wp-content\/uploads\/2021\/07\/meydan-logo.svg","contentUrl":"https:\/\/www.meydan.tv\/wp-content\/uploads\/2021\/07\/meydan-logo.svg","width":195,"height":46,"caption":"Meydan TV"},"image":{"@id":"https:\/\/www.meydan.tv\/az\/#\/schema\/logo\/image\/"}},{"@type":"Person","@id":"https:\/\/www.meydan.tv\/az\/#\/schema\/person\/10d11eccf6da3662cf5fdab9806ea91a","name":"user-manager"}]}},"_links":{"self":[{"href":"https:\/\/www.meydan.tv\/az\/wp-json\/wp\/v2\/posts\/202728","targetHints":{"allow":["GET"]}}],"collection":[{"href":"https:\/\/www.meydan.tv\/az\/wp-json\/wp\/v2\/posts"}],"about":[{"href":"https:\/\/www.meydan.tv\/az\/wp-json\/wp\/v2\/types\/post"}],"author":[{"embeddable":true,"href":"https:\/\/www.meydan.tv\/az\/wp-json\/wp\/v2\/users\/11"}],"replies":[{"embeddable":true,"href":"https:\/\/www.meydan.tv\/az\/wp-json\/wp\/v2\/comments?post=202728"}],"version-history":[{"count":0,"href":"https:\/\/www.meydan.tv\/az\/wp-json\/wp\/v2\/posts\/202728\/revisions"}],"wp:featuredmedia":[{"embeddable":true,"href":"https:\/\/www.meydan.tv\/az\/wp-json\/wp\/v2\/media\/148729"}],"wp:attachment":[{"href":"https:\/\/www.meydan.tv\/az\/wp-json\/wp\/v2\/media?parent=202728"}],"wp:term":[{"taxonomy":"category","embeddable":true,"href":"https:\/\/www.meydan.tv\/az\/wp-json\/wp\/v2\/categories?post=202728"},{"taxonomy":"post_tag","embeddable":true,"href":"https:\/\/www.meydan.tv\/az\/wp-json\/wp\/v2\/tags?post=202728"}],"curies":[{"name":"wp","href":"https:\/\/api.w.org\/{rel}","templated":true}]}}