{"id":202725,"date":"2020-09-30T18:02:02","date_gmt":"2020-09-30T18:02:02","guid":{"rendered":"https:\/\/www.meydan.tv\/article\/niyameddin-ehmedov-eli-kerimlinin-muhafizecisi-olduguma-gore-hebs-edilmisem\/"},"modified":"2020-09-30T18:02:02","modified_gmt":"2020-09-30T18:02:02","slug":"niyameddin-ehmedov-eli-kerimlinin-muhafizecisi-olduguma-gore-hebs-edilmisem","status":"publish","type":"post","link":"https:\/\/www.meydan.tv\/az\/article\/niyameddin-ehmedov-eli-kerimlinin-muhafizecisi-olduguma-gore-hebs-edilmisem\/","title":{"rendered":"Niyam\u0259ddin \u018fhm\u0259dov: \u018fli K\u0259rimlinin m\u00fchafiz\u0259\u00e7isi oldu\u011fuma g\u00f6r\u0259 h\u0259bs edilmi\u015f\u0259m"},"content":{"rendered":"<p>\n  <i><br \/>\n    AXCP s\u0259drinin m\u00fchafiz\u0259\u00e7isi ev dustaql\u0131\u011f\u0131na burax\u0131lmad\u0131<br \/>\n  <\/i>\n<\/p>\n<p>\n  Sentyabr\u0131n 30-da N\u0259simi Rayon M\u0259hk\u0259m\u0259sind\u0259 Az\u0259rbaycan Xalq C\u0259bh\u0259si Partiyas\u0131n\u0131n (AXCP) s\u0259dri \u018fli K\u0259rimlinin ictimai \u0259saslarla m\u00fchafiz\u0259\u00e7isi Niyam\u0259ddin \u018fhm\u0259dovun ev dustaql\u0131\u011f\u0131na burax\u0131lmas\u0131 bar\u0259d\u0259 v\u0259sat\u0259t\u0259 bax\u0131l\u0131b.\n<\/p>\n<p>\n  N.\u018fhm\u0259dovun ail\u0259 \u00fczvl\u0259rinin Meydan TV-y\u0259 verdiyi m\u0259lumata g\u00f6r\u0259, m\u0259hk\u0259m\u0259d\u0259 onun \u00f6z\u00fc d\u0259 i\u015ftirak edib:\n<\/p>\n<p>\n  \u201cH\u0259m v\u0259kil dan\u0131\u015f\u0131b, h\u0259m d\u0259 \u00f6z\u00fc. V\u0259kil deyib ki, d\u00f6rd ayd\u0131r h\u0259bsd\u0259dir, b\u00fct\u00fcn laz\u0131mi istintaq h\u0259r\u0259k\u0259tl\u0259ri apar\u0131l\u0131b, ekspertizalar ke\u00e7irilib. Bu i\u015fd\u0259 \u0259sas ad\u0131 ke\u00e7\u0259n Qabil M\u0259mm\u0259dovdur ki, o da Az\u0259rbaycanda yoxdur, Almaniyadad\u0131r. Niyam\u0259ddin h\u0259bsd\u0259n burax\u0131lsa bel\u0259, onun he\u00e7 bir \u015fahid\u0259 t\u0259zyiq g\u00f6st\u0259rm\u0259k, istintaq\u0131n gedi\u015fin\u0259 mane olmaq fikri d\u0259, imkan\u0131 da yoxdur. Niyam\u0259ddin \u00f6z\u00fc d\u0259 deyib ki, ona qar\u015f\u0131 ir\u0259li s\u00fcr\u00fclm\u00fc\u015f ittiham absurddur. Bildirib ki, h\u0259bsinin s\u0259b\u0259bi \u018fli K\u0259rimlinin ictimai \u0259saslarla m\u00fchafiz\u0259\u00e7isi olmas\u0131d\u0131r\u201d.\n<\/p>\n<p>\n  Hakim Elm\u0259ddin H\u00fcseynov v\u0259sat\u0259ti t\u0259min etm\u0259yib. N.\u018fhm\u0259dovun v\u0259kili Zibeyd\u0259 Sad\u0131qova bu q\u0259rardan apelyasiya \u015fikay\u0259ti ver\u0259c\u0259k.\n<\/p>\n<p>\n  N.\u018fhm\u0259dov bu ilin may\u0131ndan h\u0259bsd\u0259dir. H\u0259bs yerl\u0259rind\u0259 saxlan\u0131lan \u015f\u0259xsl\u0259rin ail\u0259 \u00fczvl\u0259ril\u0259 h\u0259ft\u0259d\u0259 iki d\u0259f\u0259 telefonla dan\u0131\u015fmaq v\u0259 bir d\u0259f\u0259 d\u0259 g\u00f6r\u00fc\u015fm\u0259k h\u00fcququ var. Amma N.\u018fhm\u0259dov ail\u0259 \u00fczvl\u0259ril\u0259 n\u0259 g\u00f6r\u00fc\u015f\u0259 bilib, n\u0259 d\u0259 telefonla dan\u0131\u015f\u0131b.\n<\/p>\n<p>\n  Bu qada\u011fa il\u0259 \u0259laq\u0259dar m\u0259hk\u0259m\u0259y\u0259 m\u00fcraci\u0259t olunub. N.\u018fhm\u0259dovun bu \u015fikay\u0259tin\u0259 d\u0259 N\u0259simi Rayon M\u0259hk\u0259m\u0259sind\u0259 bax\u0131lacaq.\n<\/p>\n<p>\n  N.\u018fhm\u0259dov \u00f6nc\u0259 bu ilin aprel ay\u0131nda karantin rejimi qaydalar\u0131n\u0131 pozma ittiham\u0131yla saxlan\u0131l\u0131b, ona 30 sutka inzibati h\u0259bs c\u0259zas\u0131 k\u0259silib. Bu c\u0259za ba\u015fa \u00e7atandan sonra ona qar\u015f\u0131 Cinay\u0259t M\u0259c\u0259ll\u0259sinin 214-1 (terror\u00e7ulu\u011fu maliyy\u0259l\u0259\u015fdirm\u0259) madd\u0259sil\u0259 ittiham ir\u0259li s\u00fcr\u00fcl\u00fcb. Onun bar\u0259sind\u0259 ilkin istintaq d\u00f6vr\u00fc \u00fc\u00e7\u00fcn 4 ayl\u0131q h\u0259bs q\u0259timkan t\u0259dbiri se\u00e7ilib. Sentyabr\u0131n 10-da is\u0259 h\u0259bs m\u00fcdd\u0259ti noyabra q\u0259d\u0259r uzad\u0131l\u0131b.\n<\/p>\n<p>\n  CM-in 214-1 madd\u0259sind\u0259 10 ild\u0259n 14 il\u0259 q\u0259d\u0259r azadl\u0131qdan m\u0259hrumetm\u0259 c\u0259zas\u0131 n\u0259z\u0259rd\u0259 tutulub.\n<\/p>\n<p>\n  \u0130ddia olunur ki, Almaniyada siyasi s\u0131\u011f\u0131nacaq alm\u0131\u015f, sosial \u015f\u0259b\u0259k\u0259l\u0259rd\u0259 Az\u0259rbaycan hakimiyy\u0259tini t\u0259nqid ed\u0259n, bir s\u0131ra hallarda t\u0259hqirl\u0259r d\u0259 s\u0259sl\u0259ndir\u0259n Qabil M\u0259mm\u0259dov Az\u0259rbaycanda terror t\u00f6r\u0259tm\u0259k ist\u0259yib. Bu m\u0259qs\u0259dl\u0259 d\u0259 N.\u018fhm\u0259dova pul g\u00f6nd\u0259rib.\n<\/p>\n<p>\n  N.\u018fhm\u0259dov is\u0259 Q.M\u0259mm\u0259dovla eyni k\u0259ndd\u0259 qon\u015fu olduqlar\u0131n\u0131 bildirir. Hesab edir ki, ona qar\u015f\u0131 saxta ittiham\u0131 qura\u015fd\u0131rmaq \u00fc\u00e7\u00fcn bundan istifad\u0259 olunub.\n<\/p>\n<p>\n  AXCP d\u0259 N.\u018fhm\u0259dova qar\u015f\u0131 ittiham\u0131n c\u0259f\u0259ndiyyat oldu\u011funu b\u0259yan edib. Onun h\u0259bsini partiyaya v\u0259 \u018fli K\u0259rimliy\u0259 qar\u015f\u0131 repressiyalar\u0131n davam\u0131 kimi qiym\u0259tl\u0259ndirib.\n<\/p>\n<p>\n  \u201cM\u00fcxalif\u0259t f\u0259allar\u0131n\u0131n saxta ittihamlarla h\u0259bsi yeni x\u0259b\u0259r deyil v\u0259 he\u00e7 kimi t\u0259\u0259cc\u00fcbl\u0259ndirmir. Lakin \u0259vv\u0259ll\u0259r bu saxta ittihamlar narkotik, xuliqanl\u0131q kimi cinay\u0259tl\u0259rl\u0259 ba\u011fl\u0131 olurdu. Terror\u00e7ulu\u011fun maliyy\u0259l\u0259\u015fdirilm\u0259si kimi a\u011f\u0131r, g\u00f6zl\u0259nilm\u0259z cinay\u0259td\u0259 ittiham is\u0259 sad\u0259c\u0259 absurdun dibi deyil, m\u00fcxalif\u0259ti d\u00fc\u015fm\u0259n elan etm\u0259yin n\u0259tic\u0259sidir v\u0259 repressiyalar\u0131n n\u00f6vb\u0259ti, daha \u00fcst s\u0259viyy\u0259y\u0259 ke\u00e7idind\u0259n x\u0259b\u0259r verir\u201d, &#8211; dey\u0259 \u018f.K\u0259rimli bildirib.<\/p>\n","protected":false},"excerpt":{"rendered":"<p>AXCP s\u0259drinin m\u00fchafiz\u0259\u00e7isi ev dustaql\u0131\u011f\u0131na burax\u0131lmad\u0131<\/p>\n","protected":false},"author":11,"featured_media":141989,"comment_status":"closed","ping_status":"open","sticky":false,"template":"","format":"standard","meta":{"_acf_changed":false,"_sitemap_exclude":false,"_sitemap_priority":"","_sitemap_frequency":"","footnotes":""},"categories":[56],"tags":[],"class_list":["post-202725","post","type-post","status-publish","format-standard","has-post-thumbnail","hentry","category-xeberler","infinite-scroll-item","generate-columns","tablet-grid-50","mobile-grid-100","grid-parent","grid-33","no-featured-image-padding"],"acf":[],"yoast_head":"<!-- This site is optimized with the Yoast SEO plugin v27.4 - https:\/\/yoast.com\/product\/yoast-seo-wordpress\/ -->\n<title>Niyam\u0259ddin \u018fhm\u0259dov: \u018fli K\u0259rimlinin m\u00fchafiz\u0259\u00e7isi oldu\u011fuma g\u00f6r\u0259 h\u0259bs edilmi\u015f\u0259m - MEYDAN.TV<\/title>\n<meta name=\"robots\" content=\"index, follow, max-snippet:-1, max-image-preview:large, max-video-preview:-1\" \/>\n<link rel=\"canonical\" href=\"https:\/\/www.meydan.tv\/az\/article\/niyameddin-ehmedov-eli-kerimlinin-muhafizecisi-olduguma-gore-hebs-edilmisem\/\" \/>\n<meta property=\"og:locale\" content=\"az_AZ\" \/>\n<meta property=\"og:type\" content=\"article\" \/>\n<meta property=\"og:title\" content=\"Niyam\u0259ddin \u018fhm\u0259dov: \u018fli K\u0259rimlinin m\u00fchafiz\u0259\u00e7isi oldu\u011fuma g\u00f6r\u0259 h\u0259bs edilmi\u015f\u0259m - MEYDAN.TV\" \/>\n<meta property=\"og:description\" content=\"AXCP s\u0259drinin m\u00fchafiz\u0259\u00e7isi ev dustaql\u0131\u011f\u0131na burax\u0131lmad\u0131\" \/>\n<meta property=\"og:url\" content=\"https:\/\/www.meydan.tv\/az\/article\/niyameddin-ehmedov-eli-kerimlinin-muhafizecisi-olduguma-gore-hebs-edilmisem\/\" \/>\n<meta property=\"og:site_name\" content=\"MEYDAN.TV\" \/>\n<meta property=\"article:published_time\" content=\"2020-09-30T18:02:02+00:00\" \/>\n<meta property=\"og:image\" content=\"https:\/\/www.meydan.tv\/wp-content\/uploads\/98186607_3552624474767140_3643335819923554304_n.jpg\" \/>\n\t<meta property=\"og:image:width\" content=\"720\" \/>\n\t<meta property=\"og:image:height\" content=\"480\" \/>\n\t<meta property=\"og:image:type\" content=\"image\/jpeg\" \/>\n<meta name=\"author\" content=\"user-manager\" \/>\n<meta name=\"twitter:card\" content=\"summary_large_image\" \/>\n<script type=\"application\/ld+json\" class=\"yoast-schema-graph\">{\"@context\":\"https:\\\/\\\/schema.org\",\"@graph\":[{\"@type\":\"Article\",\"@id\":\"https:\\\/\\\/www.meydan.tv\\\/az\\\/article\\\/niyameddin-ehmedov-eli-kerimlinin-muhafizecisi-olduguma-gore-hebs-edilmisem\\\/#article\",\"isPartOf\":{\"@id\":\"https:\\\/\\\/www.meydan.tv\\\/az\\\/article\\\/niyameddin-ehmedov-eli-kerimlinin-muhafizecisi-olduguma-gore-hebs-edilmisem\\\/\"},\"author\":{\"name\":\"user-manager\",\"@id\":\"https:\\\/\\\/www.meydan.tv\\\/az\\\/#\\\/schema\\\/person\\\/10d11eccf6da3662cf5fdab9806ea91a\"},\"headline\":\"Niyam\u0259ddin \u018fhm\u0259dov: \u018fli K\u0259rimlinin m\u00fchafiz\u0259\u00e7isi oldu\u011fuma g\u00f6r\u0259 h\u0259bs edilmi\u015f\u0259m\",\"datePublished\":\"2020-09-30T18:02:02+00:00\",\"mainEntityOfPage\":{\"@id\":\"https:\\\/\\\/www.meydan.tv\\\/az\\\/article\\\/niyameddin-ehmedov-eli-kerimlinin-muhafizecisi-olduguma-gore-hebs-edilmisem\\\/\"},\"wordCount\":666,\"publisher\":{\"@id\":\"https:\\\/\\\/www.meydan.tv\\\/az\\\/#organization\"},\"image\":{\"@id\":\"https:\\\/\\\/www.meydan.tv\\\/az\\\/article\\\/niyameddin-ehmedov-eli-kerimlinin-muhafizecisi-olduguma-gore-hebs-edilmisem\\\/#primaryimage\"},\"thumbnailUrl\":\"https:\\\/\\\/www.meydan.tv\\\/wp-content\\\/uploads\\\/98186607_3552624474767140_3643335819923554304_n.jpg\",\"articleSection\":[\"X\u0259b\u0259rl\u0259r\"],\"inLanguage\":\"az\"},{\"@type\":\"WebPage\",\"@id\":\"https:\\\/\\\/www.meydan.tv\\\/az\\\/article\\\/niyameddin-ehmedov-eli-kerimlinin-muhafizecisi-olduguma-gore-hebs-edilmisem\\\/\",\"url\":\"https:\\\/\\\/www.meydan.tv\\\/az\\\/article\\\/niyameddin-ehmedov-eli-kerimlinin-muhafizecisi-olduguma-gore-hebs-edilmisem\\\/\",\"name\":\"Niyam\u0259ddin \u018fhm\u0259dov: \u018fli K\u0259rimlinin m\u00fchafiz\u0259\u00e7isi oldu\u011fuma g\u00f6r\u0259 h\u0259bs edilmi\u015f\u0259m - MEYDAN.TV\",\"isPartOf\":{\"@id\":\"https:\\\/\\\/www.meydan.tv\\\/az\\\/#website\"},\"primaryImageOfPage\":{\"@id\":\"https:\\\/\\\/www.meydan.tv\\\/az\\\/article\\\/niyameddin-ehmedov-eli-kerimlinin-muhafizecisi-olduguma-gore-hebs-edilmisem\\\/#primaryimage\"},\"image\":{\"@id\":\"https:\\\/\\\/www.meydan.tv\\\/az\\\/article\\\/niyameddin-ehmedov-eli-kerimlinin-muhafizecisi-olduguma-gore-hebs-edilmisem\\\/#primaryimage\"},\"thumbnailUrl\":\"https:\\\/\\\/www.meydan.tv\\\/wp-content\\\/uploads\\\/98186607_3552624474767140_3643335819923554304_n.jpg\",\"datePublished\":\"2020-09-30T18:02:02+00:00\",\"breadcrumb\":{\"@id\":\"https:\\\/\\\/www.meydan.tv\\\/az\\\/article\\\/niyameddin-ehmedov-eli-kerimlinin-muhafizecisi-olduguma-gore-hebs-edilmisem\\\/#breadcrumb\"},\"inLanguage\":\"az\",\"potentialAction\":[{\"@type\":\"ReadAction\",\"target\":[\"https:\\\/\\\/www.meydan.tv\\\/az\\\/article\\\/niyameddin-ehmedov-eli-kerimlinin-muhafizecisi-olduguma-gore-hebs-edilmisem\\\/\"]}]},{\"@type\":\"ImageObject\",\"inLanguage\":\"az\",\"@id\":\"https:\\\/\\\/www.meydan.tv\\\/az\\\/article\\\/niyameddin-ehmedov-eli-kerimlinin-muhafizecisi-olduguma-gore-hebs-edilmisem\\\/#primaryimage\",\"url\":\"https:\\\/\\\/www.meydan.tv\\\/wp-content\\\/uploads\\\/98186607_3552624474767140_3643335819923554304_n.jpg\",\"contentUrl\":\"https:\\\/\\\/www.meydan.tv\\\/wp-content\\\/uploads\\\/98186607_3552624474767140_3643335819923554304_n.jpg\",\"width\":720,\"height\":480,\"caption\":\"Source: Foto: sosial \u015f\u0259b\u0259k\u0259\"},{\"@type\":\"BreadcrumbList\",\"@id\":\"https:\\\/\\\/www.meydan.tv\\\/az\\\/article\\\/niyameddin-ehmedov-eli-kerimlinin-muhafizecisi-olduguma-gore-hebs-edilmisem\\\/#breadcrumb\",\"itemListElement\":[{\"@type\":\"ListItem\",\"position\":1,\"name\":\"Ana s\u0259hif\u0259\",\"item\":\"https:\\\/\\\/www.meydan.tv\\\/az\\\/\"},{\"@type\":\"ListItem\",\"position\":2,\"name\":\"X\u0259b\u0259rl\u0259r\",\"item\":\"https:\\\/\\\/www.meydan.tv\\\/az\\\/section\\\/xeberler\\\/\"},{\"@type\":\"ListItem\",\"position\":3,\"name\":\"Niyam\u0259ddin \u018fhm\u0259dov: \u018fli K\u0259rimlinin m\u00fchafiz\u0259\u00e7isi oldu\u011fuma g\u00f6r\u0259 h\u0259bs edilmi\u015f\u0259m\"}]},{\"@type\":\"WebSite\",\"@id\":\"https:\\\/\\\/www.meydan.tv\\\/az\\\/#website\",\"url\":\"https:\\\/\\\/www.meydan.tv\\\/az\\\/\",\"name\":\"MEYDAN.TV\",\"description\":\"Meydan TV Az\u0259rbaycan\u0131n media m\u0259kan\u0131ndak\u0131 alternativ s\u0259sidir\",\"publisher\":{\"@id\":\"https:\\\/\\\/www.meydan.tv\\\/az\\\/#organization\"},\"potentialAction\":[{\"@type\":\"SearchAction\",\"target\":{\"@type\":\"EntryPoint\",\"urlTemplate\":\"https:\\\/\\\/www.meydan.tv\\\/az\\\/?s={search_term_string}\"},\"query-input\":{\"@type\":\"PropertyValueSpecification\",\"valueRequired\":true,\"valueName\":\"search_term_string\"}}],\"inLanguage\":\"az\"},{\"@type\":\"Organization\",\"@id\":\"https:\\\/\\\/www.meydan.tv\\\/az\\\/#organization\",\"name\":\"Meydan TV\",\"url\":\"https:\\\/\\\/www.meydan.tv\\\/az\\\/\",\"logo\":{\"@type\":\"ImageObject\",\"inLanguage\":\"az\",\"@id\":\"https:\\\/\\\/www.meydan.tv\\\/az\\\/#\\\/schema\\\/logo\\\/image\\\/\",\"url\":\"https:\\\/\\\/www.meydan.tv\\\/wp-content\\\/uploads\\\/2021\\\/07\\\/meydan-logo.svg\",\"contentUrl\":\"https:\\\/\\\/www.meydan.tv\\\/wp-content\\\/uploads\\\/2021\\\/07\\\/meydan-logo.svg\",\"width\":195,\"height\":46,\"caption\":\"Meydan TV\"},\"image\":{\"@id\":\"https:\\\/\\\/www.meydan.tv\\\/az\\\/#\\\/schema\\\/logo\\\/image\\\/\"}},{\"@type\":\"Person\",\"@id\":\"https:\\\/\\\/www.meydan.tv\\\/az\\\/#\\\/schema\\\/person\\\/10d11eccf6da3662cf5fdab9806ea91a\",\"name\":\"user-manager\"}]}<\/script>\n<!-- \/ Yoast SEO plugin. -->","yoast_head_json":{"title":"Niyam\u0259ddin \u018fhm\u0259dov: \u018fli K\u0259rimlinin m\u00fchafiz\u0259\u00e7isi oldu\u011fuma g\u00f6r\u0259 h\u0259bs edilmi\u015f\u0259m - MEYDAN.TV","robots":{"index":"index","follow":"follow","max-snippet":"max-snippet:-1","max-image-preview":"max-image-preview:large","max-video-preview":"max-video-preview:-1"},"canonical":"https:\/\/www.meydan.tv\/az\/article\/niyameddin-ehmedov-eli-kerimlinin-muhafizecisi-olduguma-gore-hebs-edilmisem\/","og_locale":"az_AZ","og_type":"article","og_title":"Niyam\u0259ddin \u018fhm\u0259dov: \u018fli K\u0259rimlinin m\u00fchafiz\u0259\u00e7isi oldu\u011fuma g\u00f6r\u0259 h\u0259bs edilmi\u015f\u0259m - MEYDAN.TV","og_description":"AXCP s\u0259drinin m\u00fchafiz\u0259\u00e7isi ev dustaql\u0131\u011f\u0131na burax\u0131lmad\u0131","og_url":"https:\/\/www.meydan.tv\/az\/article\/niyameddin-ehmedov-eli-kerimlinin-muhafizecisi-olduguma-gore-hebs-edilmisem\/","og_site_name":"MEYDAN.TV","article_published_time":"2020-09-30T18:02:02+00:00","og_image":[{"width":720,"height":480,"url":"https:\/\/www.meydan.tv\/wp-content\/uploads\/98186607_3552624474767140_3643335819923554304_n.jpg","type":"image\/jpeg"}],"author":"user-manager","twitter_card":"summary_large_image","schema":{"@context":"https:\/\/schema.org","@graph":[{"@type":"Article","@id":"https:\/\/www.meydan.tv\/az\/article\/niyameddin-ehmedov-eli-kerimlinin-muhafizecisi-olduguma-gore-hebs-edilmisem\/#article","isPartOf":{"@id":"https:\/\/www.meydan.tv\/az\/article\/niyameddin-ehmedov-eli-kerimlinin-muhafizecisi-olduguma-gore-hebs-edilmisem\/"},"author":{"name":"user-manager","@id":"https:\/\/www.meydan.tv\/az\/#\/schema\/person\/10d11eccf6da3662cf5fdab9806ea91a"},"headline":"Niyam\u0259ddin \u018fhm\u0259dov: \u018fli K\u0259rimlinin m\u00fchafiz\u0259\u00e7isi oldu\u011fuma g\u00f6r\u0259 h\u0259bs edilmi\u015f\u0259m","datePublished":"2020-09-30T18:02:02+00:00","mainEntityOfPage":{"@id":"https:\/\/www.meydan.tv\/az\/article\/niyameddin-ehmedov-eli-kerimlinin-muhafizecisi-olduguma-gore-hebs-edilmisem\/"},"wordCount":666,"publisher":{"@id":"https:\/\/www.meydan.tv\/az\/#organization"},"image":{"@id":"https:\/\/www.meydan.tv\/az\/article\/niyameddin-ehmedov-eli-kerimlinin-muhafizecisi-olduguma-gore-hebs-edilmisem\/#primaryimage"},"thumbnailUrl":"https:\/\/www.meydan.tv\/wp-content\/uploads\/98186607_3552624474767140_3643335819923554304_n.jpg","articleSection":["X\u0259b\u0259rl\u0259r"],"inLanguage":"az"},{"@type":"WebPage","@id":"https:\/\/www.meydan.tv\/az\/article\/niyameddin-ehmedov-eli-kerimlinin-muhafizecisi-olduguma-gore-hebs-edilmisem\/","url":"https:\/\/www.meydan.tv\/az\/article\/niyameddin-ehmedov-eli-kerimlinin-muhafizecisi-olduguma-gore-hebs-edilmisem\/","name":"Niyam\u0259ddin \u018fhm\u0259dov: \u018fli K\u0259rimlinin m\u00fchafiz\u0259\u00e7isi oldu\u011fuma g\u00f6r\u0259 h\u0259bs edilmi\u015f\u0259m - MEYDAN.TV","isPartOf":{"@id":"https:\/\/www.meydan.tv\/az\/#website"},"primaryImageOfPage":{"@id":"https:\/\/www.meydan.tv\/az\/article\/niyameddin-ehmedov-eli-kerimlinin-muhafizecisi-olduguma-gore-hebs-edilmisem\/#primaryimage"},"image":{"@id":"https:\/\/www.meydan.tv\/az\/article\/niyameddin-ehmedov-eli-kerimlinin-muhafizecisi-olduguma-gore-hebs-edilmisem\/#primaryimage"},"thumbnailUrl":"https:\/\/www.meydan.tv\/wp-content\/uploads\/98186607_3552624474767140_3643335819923554304_n.jpg","datePublished":"2020-09-30T18:02:02+00:00","breadcrumb":{"@id":"https:\/\/www.meydan.tv\/az\/article\/niyameddin-ehmedov-eli-kerimlinin-muhafizecisi-olduguma-gore-hebs-edilmisem\/#breadcrumb"},"inLanguage":"az","potentialAction":[{"@type":"ReadAction","target":["https:\/\/www.meydan.tv\/az\/article\/niyameddin-ehmedov-eli-kerimlinin-muhafizecisi-olduguma-gore-hebs-edilmisem\/"]}]},{"@type":"ImageObject","inLanguage":"az","@id":"https:\/\/www.meydan.tv\/az\/article\/niyameddin-ehmedov-eli-kerimlinin-muhafizecisi-olduguma-gore-hebs-edilmisem\/#primaryimage","url":"https:\/\/www.meydan.tv\/wp-content\/uploads\/98186607_3552624474767140_3643335819923554304_n.jpg","contentUrl":"https:\/\/www.meydan.tv\/wp-content\/uploads\/98186607_3552624474767140_3643335819923554304_n.jpg","width":720,"height":480,"caption":"Source: Foto: sosial \u015f\u0259b\u0259k\u0259"},{"@type":"BreadcrumbList","@id":"https:\/\/www.meydan.tv\/az\/article\/niyameddin-ehmedov-eli-kerimlinin-muhafizecisi-olduguma-gore-hebs-edilmisem\/#breadcrumb","itemListElement":[{"@type":"ListItem","position":1,"name":"Ana s\u0259hif\u0259","item":"https:\/\/www.meydan.tv\/az\/"},{"@type":"ListItem","position":2,"name":"X\u0259b\u0259rl\u0259r","item":"https:\/\/www.meydan.tv\/az\/section\/xeberler\/"},{"@type":"ListItem","position":3,"name":"Niyam\u0259ddin \u018fhm\u0259dov: \u018fli K\u0259rimlinin m\u00fchafiz\u0259\u00e7isi oldu\u011fuma g\u00f6r\u0259 h\u0259bs edilmi\u015f\u0259m"}]},{"@type":"WebSite","@id":"https:\/\/www.meydan.tv\/az\/#website","url":"https:\/\/www.meydan.tv\/az\/","name":"MEYDAN.TV","description":"Meydan TV Az\u0259rbaycan\u0131n media m\u0259kan\u0131ndak\u0131 alternativ s\u0259sidir","publisher":{"@id":"https:\/\/www.meydan.tv\/az\/#organization"},"potentialAction":[{"@type":"SearchAction","target":{"@type":"EntryPoint","urlTemplate":"https:\/\/www.meydan.tv\/az\/?s={search_term_string}"},"query-input":{"@type":"PropertyValueSpecification","valueRequired":true,"valueName":"search_term_string"}}],"inLanguage":"az"},{"@type":"Organization","@id":"https:\/\/www.meydan.tv\/az\/#organization","name":"Meydan TV","url":"https:\/\/www.meydan.tv\/az\/","logo":{"@type":"ImageObject","inLanguage":"az","@id":"https:\/\/www.meydan.tv\/az\/#\/schema\/logo\/image\/","url":"https:\/\/www.meydan.tv\/wp-content\/uploads\/2021\/07\/meydan-logo.svg","contentUrl":"https:\/\/www.meydan.tv\/wp-content\/uploads\/2021\/07\/meydan-logo.svg","width":195,"height":46,"caption":"Meydan TV"},"image":{"@id":"https:\/\/www.meydan.tv\/az\/#\/schema\/logo\/image\/"}},{"@type":"Person","@id":"https:\/\/www.meydan.tv\/az\/#\/schema\/person\/10d11eccf6da3662cf5fdab9806ea91a","name":"user-manager"}]}},"_links":{"self":[{"href":"https:\/\/www.meydan.tv\/az\/wp-json\/wp\/v2\/posts\/202725","targetHints":{"allow":["GET"]}}],"collection":[{"href":"https:\/\/www.meydan.tv\/az\/wp-json\/wp\/v2\/posts"}],"about":[{"href":"https:\/\/www.meydan.tv\/az\/wp-json\/wp\/v2\/types\/post"}],"author":[{"embeddable":true,"href":"https:\/\/www.meydan.tv\/az\/wp-json\/wp\/v2\/users\/11"}],"replies":[{"embeddable":true,"href":"https:\/\/www.meydan.tv\/az\/wp-json\/wp\/v2\/comments?post=202725"}],"version-history":[{"count":0,"href":"https:\/\/www.meydan.tv\/az\/wp-json\/wp\/v2\/posts\/202725\/revisions"}],"wp:featuredmedia":[{"embeddable":true,"href":"https:\/\/www.meydan.tv\/az\/wp-json\/wp\/v2\/media\/141989"}],"wp:attachment":[{"href":"https:\/\/www.meydan.tv\/az\/wp-json\/wp\/v2\/media?parent=202725"}],"wp:term":[{"taxonomy":"category","embeddable":true,"href":"https:\/\/www.meydan.tv\/az\/wp-json\/wp\/v2\/categories?post=202725"},{"taxonomy":"post_tag","embeddable":true,"href":"https:\/\/www.meydan.tv\/az\/wp-json\/wp\/v2\/tags?post=202725"}],"curies":[{"name":"wp","href":"https:\/\/api.w.org\/{rel}","templated":true}]}}