{"id":202699,"date":"2020-09-29T18:59:27","date_gmt":"2020-09-29T18:59:27","guid":{"rendered":"https:\/\/www.meydan.tv\/article\/agsu-bazarindan-evine-corek-aparanlar-iki-ilden-coxdur-bizi-surundururler\/"},"modified":"2020-09-29T18:59:27","modified_gmt":"2020-09-29T18:59:27","slug":"agsu-bazarindan-evine-corek-aparanlar-iki-ilden-coxdur-bizi-surundururler","status":"publish","type":"post","link":"https:\/\/www.meydan.tv\/az\/article\/agsu-bazarindan-evine-corek-aparanlar-iki-ilden-coxdur-bizi-surundururler\/","title":{"rendered":"A\u011fsu bazar\u0131ndan evin\u0259 \u00e7\u00f6r\u0259k aparanlar: \u0130ki ild\u0259n \u00e7oxdur bizi s\u00fcr\u00fcnd\u00fcr\u00fcrl\u0259r"},"content":{"rendered":"<p>\n  <i><br \/>\n    \u201cPrezidentd\u0259n xahi\u015f edirik ki, s\u0131\u011fortan\u0131n d\u00fczg\u00fcn, qayda-qanunla \u00f6d\u0259nilm\u0259sind\u0259 biz\u0259 k\u00f6m\u0259k el\u0259sin\u201d<br \/>\n  <\/i>\n<\/p>\n<p>\n  A\u011fsu \u015f\u0259h\u0259rind\u0259ki m\u0259rk\u0259zi bazarda ba\u015f vermi\u015f yan\u011f\u0131ndan iki ild\u0259n \u00e7ox vaxt ke\u00e7ir. Amma yan\u011f\u0131n n\u0259tic\u0259sind\u0259 d\u0259ymi\u015f ziyana g\u00f6r\u0259 s\u0131\u011forta \u00f6d\u0259ni\u015fil\u0259 ba\u011fl\u0131 m\u00fcbahis\u0259 h\u0259l\u0259 d\u0259 h\u0259llini tapmay\u0131b. Bazarda i\u015fl\u0259yib evin\u0259 \u00e7\u00f6r\u0259k aparanlar deyir ki, Prezident Administrasiyas\u0131ndan tutmu\u015f, parlamentd\u0259 A\u011fsunu t\u0259msil ed\u0259n deputat Tahir K\u0259rimliy\u0259, Maliyy\u0259 Bazarlar\u0131na N\u0259zar\u0259t Palatas\u0131na q\u0259d\u0259r m\u00fcxt\u0259lif d\u00f6vl\u0259t orqanlar\u0131na \u00fcz tutublar.\n<\/p>\n<p>\n  Bazar\u0131n r\u0259hb\u0259rliyi m\u0259hk\u0259m\u0259d\u0259 \u201cAzS\u0131\u011forta\u201d \u015firk\u0259tin\u0259 qar\u015f\u0131 iddia qald\u0131r\u0131b. G\u00f6st\u0259rib ki, s\u0131\u011forta \u015firk\u0259ti bazarda \u00e7al\u0131\u015fan sahibkarlara qar\u015f\u0131 \u0259dal\u0259tli davranmay\u0131b. Yan\u011f\u0131n n\u0259tic\u0259sind\u0259 d\u0259ymi\u015f ziyan \u0259dal\u0259tli qiym\u0259tl\u0259ndirilm\u0259yib, vaxt\u0131nda \u00f6d\u0259ni\u015f edilm\u0259yib ki, insanlar i\u015fini b\u0259rpa ed\u0259 bilsin.\n<\/p>\n<p>\n  M\u00fcbahis\u0259y\u0259 xeyli vaxtd\u0131r Bak\u0131 Kommersiya M\u0259hk\u0259m\u0259sind\u0259 hakim S\u0259bin\u0259 Nuriyeva bax\u0131r.\n<\/p>\n<p>\n  <b><br \/>\n    \u201c\u015eoka d\u00fc\u015fd\u00fcm, dedim, nec\u0259 y\u0259ni 15 min?\u201d<br \/>\n  <\/b>\n<\/p>\n<p>\n  Bazar\u0131n t\u0259sis\u00e7il\u0259rind\u0259n Varis N\u0259z\u0259rov deyir ki, yan\u011f\u0131n 2018-ci il aprelin 15-d\u0259 ba\u015f verib. Hadis\u0259 n\u0259tic\u0259sind\u0259 bazara da\u015f\u0131nmaz \u0259mlak \u00fczr\u0259 75 min 541 manat, da\u015f\u0131nar \u0259mlak\u0131n s\u0131radan \u00e7\u0131xmas\u0131na g\u00f6r\u0259 is\u0259 114 min 606 manat ziyan d\u0259ydiyi m\u00fc\u0259yy\u0259nl\u0259\u015fdirilib:\n<\/p>\n<p>\n  \u201cYan\u011f\u0131n olan kimi s\u0131\u011forta \u015firk\u0259ti g\u0259lib ara\u015fd\u0131rd\u0131. Ekspertizadan da adam g\u0259lmi\u015fdi. Birlikd\u0259 \u00f6l\u00e7\u00fcb-bi\u00e7dil\u0259r v\u0259 bel\u0259 n\u0259tic\u0259y\u0259 g\u0259ldil\u0259r ki, burada q\u0259sd\u0259n t\u00f6r\u0259dilm\u0259 &#8211; cinay\u0259t t\u0259rkibi yoxdur. Biz\u0259 \u00e7ox ziyan d\u0259ymi\u015fdi, birc\u0259 \u00e7\u00f6p d\u0259 \u00e7\u0131xara bilm\u0259mi\u015fdik. Binan\u0131 s\u0131\u011fortalam\u0131\u015fd\u0131q, amma i\u00e7ind\u0259ki avadanl\u0131\u011f\u0131 yox. Binaya \u0259slind\u0259, 150 min manata q\u0259d\u0259r ziyan d\u0259ymi\u015fdi. Dedil\u0259r ki, \u00e7oxdu. N\u0259s\u0259, t\u0259xmin\u0259n 76 min ziyan qeyd\u0259 ald\u0131lar. Biz d\u0259 raz\u0131la\u015fd\u0131q, d\u00fc\u015f\u00fcnd\u00fck ki, n\u0259 d\u0259 olsa, k\u00f6m\u0259kdi\u2026\u201d\n<\/p>\n<p>\n  V.N\u0259z\u0259rovun s\u00f6zl\u0259rin\u0259 g\u00f6r\u0259, sonradan bu v\u0259saiti d\u0259 \u00f6d\u0259m\u0259k ist\u0259m\u0259yibl\u0259r, amma bunu a\u00e7\u0131q \u015f\u0259kild\u0259 dem\u0259yibl\u0259r. Bir m\u00fcdd\u0259t ke\u00e7\u0259nd\u0259n sonra bazar r\u0259hb\u0259rliyi s\u0131\u011forta \u015firk\u0259tin\u0259 m\u00fcraci\u0259t ed\u0259r\u0259k, \u00f6d\u0259ni\u015fin h\u0259yata ke\u00e7irilm\u0259sini ist\u0259yib. Cavab al\u0131blar ki, \u00f6d\u0259ni\u015f bir q\u0259d\u0259r vaxt aparan prosesdir, s\u0259br el\u0259m\u0259k laz\u0131md\u0131r:\n<\/p>\n<p>\n  \u201cAmma bizi \u0259min el\u0259mi\u015fdil\u0259r ki, \u00f6d\u0259ni\u015f olacaq. Ekspertiza da icaz\u0259 verdi ki, b\u0259rpa i\u015fl\u0259rin\u0259 ba\u015flayaq. \u00c7\u00fcnki onlar ara\u015fd\u0131rma \u00fc\u00e7\u00fcn n\u0259 laz\u0131md\u0131sa, art\u0131q el\u0259mi\u015fdil\u0259r. Biz d\u0259 borc tap\u0131b, b\u0259rpa i\u015fl\u0259rin\u0259 ba\u015flad\u0131q. D\u00fc\u015f\u00fcnd\u00fck ki, s\u0131\u011forta \u00f6d\u0259nil\u0259nd\u0259 borcu qaytaraca\u011f\u0131q. Bir m\u00fcdd\u0259t sonra s\u0131\u011forta \u015firk\u0259tind\u0259n z\u0259ng vurub soru\u015fdular ki, 15 min manat b\u0259sinizdir? \u015eoka d\u00fc\u015fd\u00fcm, dedim, nec\u0259 y\u0259ni 15 min? Akt yaz\u0131l\u0131b, z\u0259r\u0259r qeyd\u0259 al\u0131n\u0131b. G\u00f6rd\u00fck, verm\u0259k ist\u0259mirl\u0259r, ba\u015flad\u0131q \u015fikay\u0259tl\u0259r etm\u0259y\u0259\u2026\u201d\n<\/p>\n<figure class=\"wp-block-image size-large\">\n  <img decoding=\"async\" src=\"https:\/\/www.meydan.tv\/az\/bazar-png\/\" alt=\"bazar.png\" class=\"wp-image-148666\"\/><figcaption>\n    Nizam \u018fhm\u0259dov<br \/>\n  <\/figcaption><\/figure>\n<p>\n  <b><br \/>\n    \u201cYanan bazard\u0131, amma biz\u0259 avtomobil haqda cavab m\u0259ktubu g\u00f6nd\u0259ribl\u0259r\u201d<br \/>\n  <\/b>\n<\/p>\n<p>\n  Sahibkar deyir ki, onlar\u0131n \u015fikay\u0259tl\u0259rini Maliyy\u0259 Bazarlar\u0131na N\u0259zar\u0259t Palatas\u0131na y\u00f6nl\u0259ndiribl\u0259r. V.N\u0259z\u0259rov iddia edir ki, bu qurumda da he\u00e7 bir ara\u015fd\u0131rma aparmadan onlara cavab g\u00f6nd\u0259ribl\u0259r: \u201cT\u0259s\u0259vv\u00fcr edin, he\u00e7 n\u0259d\u0259n s\u00f6hb\u0259t getdiyini bilmirl\u0259r. Yanan bazard\u0131, biz\u0259 yaz\u0131blar ki, \u201cma\u015f\u0131n\u0131n\u0131za d\u0259ymi\u015f ziyan\u0131n hesablanmas\u0131 \u00fc\u00e7\u00fcn ekspertiza t\u0259yin edilsin\u201d. Yen\u0259 \u015fikay\u0259tl\u0259ri davam etdirdik. Bundan sonra z\u0259ng el\u0259yib dedil\u0259r ki, ara\u015fd\u0131rm\u0131\u015f\u0131q, 27 min 500 manat \u00f6d\u0259nilm\u0259lidi. Etiraz el\u0259dim. Dedil\u0259r ki, yen\u0259 ekspertiza ke\u00e7irilm\u0259lidi. A\u015fkar yubatma\u011fa ba\u015flad\u0131lar, ona g\u00f6r\u0259 m\u0259hk\u0259m\u0259y\u0259 m\u00fcraci\u0259t el\u0259m\u0259y\u0259 m\u0259cbur olduq. M\u0259hk\u0259m\u0259d\u0259 d\u0259 xeyli yuband\u0131. Dedil\u0259r ki, yen\u0259 ekspertiza olmal\u0131d\u0131. Etiraz etdim ki, n\u0259yi ekspertizadan ke\u00e7ir\u0259c\u0259ksiz, ax\u0131 b\u0259rpa olunub art\u0131q? Baxmad\u0131lar, yen\u0259 ekspertiza t\u0259yin el\u0259dil\u0259r. Ekspert g\u0259lib g\u00f6r\u0259nd\u0259 t\u0259\u0259cc\u00fcbl\u0259ndi ki, \u201cm\u0259ni niy\u0259 bura g\u00f6nd\u0259ribl\u0259r\u201d. \u00c7\u00fcnki tikilib qurtar\u0131rd\u0131 h\u0259r \u015fey&#8230;\u201d\n<\/p>\n<p>\n  <b><br \/>\n    \u201cPrezidentd\u0259n xahi\u015f edirik, biz\u0259 k\u00f6m\u0259k el\u0259sin\u201d<br \/>\n  <\/b>\n<\/p>\n<p>\n  Bazar\u0131n t\u0259sis\u00e7isi il\u0259 yana\u015f\u0131, orada \u00e7al\u0131\u015fan sahibkarlar, sat\u0131c\u0131lar da deyir ki, \u00f6zl\u0259rini aldad\u0131lm\u0131\u015f hiss edirl\u0259r. \u00c7\u00fcnki s\u0131\u011forta \u00f6d\u0259ni\u015fi edil\u0259c\u0259yini d\u00fc\u015f\u00fcn\u00fcb, borcla b\u0259rpa i\u015fl\u0259rin\u0259 ba\u015flay\u0131blar.\n<\/p>\n<p>\n  \u201c\u0130nand\u0131q ki, pulumuz \u00f6d\u0259nil\u0259c\u0259k. \u0130\u015fin dayanmas\u0131n\u0131 da ist\u0259mirdik. \u00c7\u00fcnki evimiz\u0259 buradan \u00e7\u00f6r\u0259k apar\u0131r\u0131q. \u0130\u015f\u0259 ba\u015flama\u011f\u0131m\u0131z bunlar\u0131 lap arxay\u0131nla\u015fd\u0131rd\u0131\u201d, &#8211; bazarda i\u015fl\u0259y\u0259nl\u0259r bel\u0259 deyir.\n<\/p>\n<p>\n  A\u011fsu sakini Nizam N\u0259hm\u0259dov m\u0259hk\u0259m\u0259nin d\u0259 uzanmas\u0131ndan naraz\u0131d\u0131r. O, \u00f6lk\u0259 r\u0259hb\u0259rliyin\u0259 m\u00fcraci\u0259t ed\u0259r\u0259k, bu i\u015fi n\u0259zar\u0259tin\u0259 g\u00f6t\u00fcrm\u0259sini ist\u0259yib: \u201c\u0130ki ild\u0259n \u00e7oxdur bizi s\u00fcr\u00fcnd\u00fcr\u00fcrl\u0259r.\n<\/p>\n<figure class=\"wp-block-image size-large\">\n  <img decoding=\"async\" src=\"https:\/\/www.meydan.tv\/az\/untitled-design-1-png-23\/\" alt=\"Untitled design (1).png\" class=\"wp-image-148669\"\/><figcaption>\n    Mustafa \u0130smay\u0131lov<br \/>\n  <\/figcaption><\/figure>\n<p>\n  <b><br \/>\n    \u00dcmidimiz prezident\u0259dir\u201d.<br \/>\n  <\/b>\n<\/p>\n<p>\n  A\u011fsudak\u0131 m\u0259rk\u0259zi bazarda q\u0259nnad\u0131 m\u0259hsullar\u0131n\u0131n sat\u0131\u015f\u0131yla m\u0259\u015f\u011ful olan Mustafa \u0130smay\u0131lov dan\u0131\u015f\u0131r ki, onun f\u0259aliyy\u0259t g\u00f6st\u0259rdiyi \u0259razi \u0259n \u00e7ox yanan hiss\u0259 olub. Obyekt s\u0131\u011fortal\u0131 olsa da, pulu ala bilmirl\u0259r:\n<\/p>\n<p>\n  \u201cPrezidentd\u0259n xahi\u015f edirik ki, s\u0131\u011fortan\u0131n d\u00fczg\u00fcn, qayda-qanunla \u00f6d\u0259nilm\u0259sind\u0259 biz\u0259 k\u00f6m\u0259k el\u0259sin\u201d. \u201cAzS\u0131\u011forta\u201d \u015firk\u0259tinin n\u00fcmay\u0259nd\u0259si is\u0259 m\u0259hk\u0259m\u0259d\u0259 bildirib ki, s\u0131\u011forta \u00f6d\u0259ni\u015fi qar\u015f\u0131 t\u0259r\u0259fin raz\u0131la\u015fmamas\u0131na g\u00f6r\u0259 gecikib. N\u00fcmay\u0259nd\u0259 deyib ki, bazar tam yox, m\u00fc\u0259yy\u0259n hiss\u0259l\u0259ri s\u0131\u011fortalan\u0131b. \u015eirk\u0259t hesablama apar\u0131b v\u0259 t\u0259xmin\u0259n 30 min manat \u00f6d\u0259ni\u015f etm\u0259y\u0259 raz\u0131l\u0131q verib.<\/p>\n","protected":false},"excerpt":{"rendered":"<p>Bazar\u0131n t\u0259sis\u00e7isi il\u0259 yana\u015f\u0131, orada \u00e7al\u0131\u015fan sahibkarlar, sat\u0131c\u0131lar da deyir ki, \u00f6zl\u0259rini aldad\u0131lm\u0131\u015f hiss edirl\u0259r.<\/p>\n","protected":false},"author":11,"featured_media":99978,"comment_status":"closed","ping_status":"open","sticky":false,"template":"","format":"standard","meta":{"_acf_changed":false,"_sitemap_exclude":false,"_sitemap_priority":"","_sitemap_frequency":"","footnotes":""},"categories":[60],"tags":[],"class_list":["post-202699","post","type-post","status-publish","format-standard","has-post-thumbnail","hentry","category-bolge","infinite-scroll-item","generate-columns","tablet-grid-50","mobile-grid-100","grid-parent","grid-33","no-featured-image-padding"],"acf":[],"yoast_head":"<!-- This site is optimized with the Yoast SEO plugin v27.5 - https:\/\/yoast.com\/product\/yoast-seo-wordpress\/ -->\n<title>A\u011fsu bazar\u0131ndan evin\u0259 \u00e7\u00f6r\u0259k aparanlar: \u0130ki ild\u0259n \u00e7oxdur bizi s\u00fcr\u00fcnd\u00fcr\u00fcrl\u0259r - MEYDAN.TV<\/title>\n<meta name=\"robots\" content=\"index, follow, max-snippet:-1, max-image-preview:large, max-video-preview:-1\" \/>\n<link rel=\"canonical\" href=\"https:\/\/www.meydan.tv\/az\/article\/agsu-bazarindan-evine-corek-aparanlar-iki-ilden-coxdur-bizi-surundururler\/\" \/>\n<meta property=\"og:locale\" content=\"az_AZ\" \/>\n<meta property=\"og:type\" content=\"article\" \/>\n<meta property=\"og:title\" content=\"A\u011fsu bazar\u0131ndan evin\u0259 \u00e7\u00f6r\u0259k aparanlar: \u0130ki ild\u0259n \u00e7oxdur bizi s\u00fcr\u00fcnd\u00fcr\u00fcrl\u0259r - MEYDAN.TV\" \/>\n<meta property=\"og:description\" content=\"Bazar\u0131n t\u0259sis\u00e7isi il\u0259 yana\u015f\u0131, orada \u00e7al\u0131\u015fan sahibkarlar, sat\u0131c\u0131lar da deyir ki, \u00f6zl\u0259rini aldad\u0131lm\u0131\u015f hiss edirl\u0259r.\" \/>\n<meta property=\"og:url\" content=\"https:\/\/www.meydan.tv\/az\/article\/agsu-bazarindan-evine-corek-aparanlar-iki-ilden-coxdur-bizi-surundururler\/\" \/>\n<meta property=\"og:site_name\" content=\"MEYDAN.TV\" \/>\n<meta property=\"article:published_time\" content=\"2020-09-29T18:59:27+00:00\" \/>\n<meta property=\"og:image\" content=\"https:\/\/www.meydan.tv\/wp-content\/uploads\/39544-scaled.jpg\" \/>\n\t<meta property=\"og:image:width\" content=\"2560\" \/>\n\t<meta property=\"og:image:height\" content=\"1700\" \/>\n\t<meta property=\"og:image:type\" content=\"image\/jpeg\" \/>\n<meta name=\"author\" content=\"user-manager\" \/>\n<meta name=\"twitter:card\" content=\"summary_large_image\" \/>\n<script type=\"application\/ld+json\" class=\"yoast-schema-graph\">{\"@context\":\"https:\\\/\\\/schema.org\",\"@graph\":[{\"@type\":\"Article\",\"@id\":\"https:\\\/\\\/www.meydan.tv\\\/az\\\/article\\\/agsu-bazarindan-evine-corek-aparanlar-iki-ilden-coxdur-bizi-surundururler\\\/#article\",\"isPartOf\":{\"@id\":\"https:\\\/\\\/www.meydan.tv\\\/az\\\/article\\\/agsu-bazarindan-evine-corek-aparanlar-iki-ilden-coxdur-bizi-surundururler\\\/\"},\"author\":{\"name\":\"user-manager\",\"@id\":\"https:\\\/\\\/www.meydan.tv\\\/az\\\/#\\\/schema\\\/person\\\/10d11eccf6da3662cf5fdab9806ea91a\"},\"headline\":\"A\u011fsu bazar\u0131ndan evin\u0259 \u00e7\u00f6r\u0259k aparanlar: \u0130ki ild\u0259n \u00e7oxdur bizi s\u00fcr\u00fcnd\u00fcr\u00fcrl\u0259r\",\"datePublished\":\"2020-09-29T18:59:27+00:00\",\"mainEntityOfPage\":{\"@id\":\"https:\\\/\\\/www.meydan.tv\\\/az\\\/article\\\/agsu-bazarindan-evine-corek-aparanlar-iki-ilden-coxdur-bizi-surundururler\\\/\"},\"wordCount\":1090,\"publisher\":{\"@id\":\"https:\\\/\\\/www.meydan.tv\\\/az\\\/#organization\"},\"image\":{\"@id\":\"https:\\\/\\\/www.meydan.tv\\\/az\\\/article\\\/agsu-bazarindan-evine-corek-aparanlar-iki-ilden-coxdur-bizi-surundururler\\\/#primaryimage\"},\"thumbnailUrl\":\"https:\\\/\\\/www.meydan.tv\\\/wp-content\\\/uploads\\\/39544-scaled.jpg\",\"articleSection\":[\"B\u00f6lg\u0259\"],\"inLanguage\":\"az\"},{\"@type\":\"WebPage\",\"@id\":\"https:\\\/\\\/www.meydan.tv\\\/az\\\/article\\\/agsu-bazarindan-evine-corek-aparanlar-iki-ilden-coxdur-bizi-surundururler\\\/\",\"url\":\"https:\\\/\\\/www.meydan.tv\\\/az\\\/article\\\/agsu-bazarindan-evine-corek-aparanlar-iki-ilden-coxdur-bizi-surundururler\\\/\",\"name\":\"A\u011fsu bazar\u0131ndan evin\u0259 \u00e7\u00f6r\u0259k aparanlar: \u0130ki ild\u0259n \u00e7oxdur bizi s\u00fcr\u00fcnd\u00fcr\u00fcrl\u0259r - MEYDAN.TV\",\"isPartOf\":{\"@id\":\"https:\\\/\\\/www.meydan.tv\\\/az\\\/#website\"},\"primaryImageOfPage\":{\"@id\":\"https:\\\/\\\/www.meydan.tv\\\/az\\\/article\\\/agsu-bazarindan-evine-corek-aparanlar-iki-ilden-coxdur-bizi-surundururler\\\/#primaryimage\"},\"image\":{\"@id\":\"https:\\\/\\\/www.meydan.tv\\\/az\\\/article\\\/agsu-bazarindan-evine-corek-aparanlar-iki-ilden-coxdur-bizi-surundururler\\\/#primaryimage\"},\"thumbnailUrl\":\"https:\\\/\\\/www.meydan.tv\\\/wp-content\\\/uploads\\\/39544-scaled.jpg\",\"datePublished\":\"2020-09-29T18:59:27+00:00\",\"breadcrumb\":{\"@id\":\"https:\\\/\\\/www.meydan.tv\\\/az\\\/article\\\/agsu-bazarindan-evine-corek-aparanlar-iki-ilden-coxdur-bizi-surundururler\\\/#breadcrumb\"},\"inLanguage\":\"az\",\"potentialAction\":[{\"@type\":\"ReadAction\",\"target\":[\"https:\\\/\\\/www.meydan.tv\\\/az\\\/article\\\/agsu-bazarindan-evine-corek-aparanlar-iki-ilden-coxdur-bizi-surundururler\\\/\"]}]},{\"@type\":\"ImageObject\",\"inLanguage\":\"az\",\"@id\":\"https:\\\/\\\/www.meydan.tv\\\/az\\\/article\\\/agsu-bazarindan-evine-corek-aparanlar-iki-ilden-coxdur-bizi-surundururler\\\/#primaryimage\",\"url\":\"https:\\\/\\\/www.meydan.tv\\\/wp-content\\\/uploads\\\/39544-scaled.jpg\",\"contentUrl\":\"https:\\\/\\\/www.meydan.tv\\\/wp-content\\\/uploads\\\/39544-scaled.jpg\",\"width\":2560,\"height\":1700,\"caption\":\"Source:\"},{\"@type\":\"BreadcrumbList\",\"@id\":\"https:\\\/\\\/www.meydan.tv\\\/az\\\/article\\\/agsu-bazarindan-evine-corek-aparanlar-iki-ilden-coxdur-bizi-surundururler\\\/#breadcrumb\",\"itemListElement\":[{\"@type\":\"ListItem\",\"position\":1,\"name\":\"Ana s\u0259hif\u0259\",\"item\":\"https:\\\/\\\/www.meydan.tv\\\/az\\\/\"},{\"@type\":\"ListItem\",\"position\":2,\"name\":\"B\u00f6lg\u0259\",\"item\":\"https:\\\/\\\/www.meydan.tv\\\/az\\\/section\\\/bolge\\\/\"},{\"@type\":\"ListItem\",\"position\":3,\"name\":\"A\u011fsu bazar\u0131ndan evin\u0259 \u00e7\u00f6r\u0259k aparanlar: \u0130ki ild\u0259n \u00e7oxdur bizi s\u00fcr\u00fcnd\u00fcr\u00fcrl\u0259r\"}]},{\"@type\":\"WebSite\",\"@id\":\"https:\\\/\\\/www.meydan.tv\\\/az\\\/#website\",\"url\":\"https:\\\/\\\/www.meydan.tv\\\/az\\\/\",\"name\":\"MEYDAN.TV\",\"description\":\"Meydan TV Az\u0259rbaycan\u0131n media m\u0259kan\u0131ndak\u0131 alternativ s\u0259sidir\",\"publisher\":{\"@id\":\"https:\\\/\\\/www.meydan.tv\\\/az\\\/#organization\"},\"potentialAction\":[{\"@type\":\"SearchAction\",\"target\":{\"@type\":\"EntryPoint\",\"urlTemplate\":\"https:\\\/\\\/www.meydan.tv\\\/az\\\/?s={search_term_string}\"},\"query-input\":{\"@type\":\"PropertyValueSpecification\",\"valueRequired\":true,\"valueName\":\"search_term_string\"}}],\"inLanguage\":\"az\"},{\"@type\":\"Organization\",\"@id\":\"https:\\\/\\\/www.meydan.tv\\\/az\\\/#organization\",\"name\":\"Meydan TV\",\"url\":\"https:\\\/\\\/www.meydan.tv\\\/az\\\/\",\"logo\":{\"@type\":\"ImageObject\",\"inLanguage\":\"az\",\"@id\":\"https:\\\/\\\/www.meydan.tv\\\/az\\\/#\\\/schema\\\/logo\\\/image\\\/\",\"url\":\"https:\\\/\\\/www.meydan.tv\\\/wp-content\\\/uploads\\\/2021\\\/07\\\/meydan-logo.svg\",\"contentUrl\":\"https:\\\/\\\/www.meydan.tv\\\/wp-content\\\/uploads\\\/2021\\\/07\\\/meydan-logo.svg\",\"width\":195,\"height\":46,\"caption\":\"Meydan TV\"},\"image\":{\"@id\":\"https:\\\/\\\/www.meydan.tv\\\/az\\\/#\\\/schema\\\/logo\\\/image\\\/\"}},{\"@type\":\"Person\",\"@id\":\"https:\\\/\\\/www.meydan.tv\\\/az\\\/#\\\/schema\\\/person\\\/10d11eccf6da3662cf5fdab9806ea91a\",\"name\":\"user-manager\"}]}<\/script>\n<!-- \/ Yoast SEO plugin. -->","yoast_head_json":{"title":"A\u011fsu bazar\u0131ndan evin\u0259 \u00e7\u00f6r\u0259k aparanlar: \u0130ki ild\u0259n \u00e7oxdur bizi s\u00fcr\u00fcnd\u00fcr\u00fcrl\u0259r - MEYDAN.TV","robots":{"index":"index","follow":"follow","max-snippet":"max-snippet:-1","max-image-preview":"max-image-preview:large","max-video-preview":"max-video-preview:-1"},"canonical":"https:\/\/www.meydan.tv\/az\/article\/agsu-bazarindan-evine-corek-aparanlar-iki-ilden-coxdur-bizi-surundururler\/","og_locale":"az_AZ","og_type":"article","og_title":"A\u011fsu bazar\u0131ndan evin\u0259 \u00e7\u00f6r\u0259k aparanlar: \u0130ki ild\u0259n \u00e7oxdur bizi s\u00fcr\u00fcnd\u00fcr\u00fcrl\u0259r - MEYDAN.TV","og_description":"Bazar\u0131n t\u0259sis\u00e7isi il\u0259 yana\u015f\u0131, orada \u00e7al\u0131\u015fan sahibkarlar, sat\u0131c\u0131lar da deyir ki, \u00f6zl\u0259rini aldad\u0131lm\u0131\u015f hiss edirl\u0259r.","og_url":"https:\/\/www.meydan.tv\/az\/article\/agsu-bazarindan-evine-corek-aparanlar-iki-ilden-coxdur-bizi-surundururler\/","og_site_name":"MEYDAN.TV","article_published_time":"2020-09-29T18:59:27+00:00","og_image":[{"width":2560,"height":1700,"url":"https:\/\/www.meydan.tv\/wp-content\/uploads\/39544-scaled.jpg","type":"image\/jpeg"}],"author":"user-manager","twitter_card":"summary_large_image","schema":{"@context":"https:\/\/schema.org","@graph":[{"@type":"Article","@id":"https:\/\/www.meydan.tv\/az\/article\/agsu-bazarindan-evine-corek-aparanlar-iki-ilden-coxdur-bizi-surundururler\/#article","isPartOf":{"@id":"https:\/\/www.meydan.tv\/az\/article\/agsu-bazarindan-evine-corek-aparanlar-iki-ilden-coxdur-bizi-surundururler\/"},"author":{"name":"user-manager","@id":"https:\/\/www.meydan.tv\/az\/#\/schema\/person\/10d11eccf6da3662cf5fdab9806ea91a"},"headline":"A\u011fsu bazar\u0131ndan evin\u0259 \u00e7\u00f6r\u0259k aparanlar: \u0130ki ild\u0259n \u00e7oxdur bizi s\u00fcr\u00fcnd\u00fcr\u00fcrl\u0259r","datePublished":"2020-09-29T18:59:27+00:00","mainEntityOfPage":{"@id":"https:\/\/www.meydan.tv\/az\/article\/agsu-bazarindan-evine-corek-aparanlar-iki-ilden-coxdur-bizi-surundururler\/"},"wordCount":1090,"publisher":{"@id":"https:\/\/www.meydan.tv\/az\/#organization"},"image":{"@id":"https:\/\/www.meydan.tv\/az\/article\/agsu-bazarindan-evine-corek-aparanlar-iki-ilden-coxdur-bizi-surundururler\/#primaryimage"},"thumbnailUrl":"https:\/\/www.meydan.tv\/wp-content\/uploads\/39544-scaled.jpg","articleSection":["B\u00f6lg\u0259"],"inLanguage":"az"},{"@type":"WebPage","@id":"https:\/\/www.meydan.tv\/az\/article\/agsu-bazarindan-evine-corek-aparanlar-iki-ilden-coxdur-bizi-surundururler\/","url":"https:\/\/www.meydan.tv\/az\/article\/agsu-bazarindan-evine-corek-aparanlar-iki-ilden-coxdur-bizi-surundururler\/","name":"A\u011fsu bazar\u0131ndan evin\u0259 \u00e7\u00f6r\u0259k aparanlar: \u0130ki ild\u0259n \u00e7oxdur bizi s\u00fcr\u00fcnd\u00fcr\u00fcrl\u0259r - MEYDAN.TV","isPartOf":{"@id":"https:\/\/www.meydan.tv\/az\/#website"},"primaryImageOfPage":{"@id":"https:\/\/www.meydan.tv\/az\/article\/agsu-bazarindan-evine-corek-aparanlar-iki-ilden-coxdur-bizi-surundururler\/#primaryimage"},"image":{"@id":"https:\/\/www.meydan.tv\/az\/article\/agsu-bazarindan-evine-corek-aparanlar-iki-ilden-coxdur-bizi-surundururler\/#primaryimage"},"thumbnailUrl":"https:\/\/www.meydan.tv\/wp-content\/uploads\/39544-scaled.jpg","datePublished":"2020-09-29T18:59:27+00:00","breadcrumb":{"@id":"https:\/\/www.meydan.tv\/az\/article\/agsu-bazarindan-evine-corek-aparanlar-iki-ilden-coxdur-bizi-surundururler\/#breadcrumb"},"inLanguage":"az","potentialAction":[{"@type":"ReadAction","target":["https:\/\/www.meydan.tv\/az\/article\/agsu-bazarindan-evine-corek-aparanlar-iki-ilden-coxdur-bizi-surundururler\/"]}]},{"@type":"ImageObject","inLanguage":"az","@id":"https:\/\/www.meydan.tv\/az\/article\/agsu-bazarindan-evine-corek-aparanlar-iki-ilden-coxdur-bizi-surundururler\/#primaryimage","url":"https:\/\/www.meydan.tv\/wp-content\/uploads\/39544-scaled.jpg","contentUrl":"https:\/\/www.meydan.tv\/wp-content\/uploads\/39544-scaled.jpg","width":2560,"height":1700,"caption":"Source:"},{"@type":"BreadcrumbList","@id":"https:\/\/www.meydan.tv\/az\/article\/agsu-bazarindan-evine-corek-aparanlar-iki-ilden-coxdur-bizi-surundururler\/#breadcrumb","itemListElement":[{"@type":"ListItem","position":1,"name":"Ana s\u0259hif\u0259","item":"https:\/\/www.meydan.tv\/az\/"},{"@type":"ListItem","position":2,"name":"B\u00f6lg\u0259","item":"https:\/\/www.meydan.tv\/az\/section\/bolge\/"},{"@type":"ListItem","position":3,"name":"A\u011fsu bazar\u0131ndan evin\u0259 \u00e7\u00f6r\u0259k aparanlar: \u0130ki ild\u0259n \u00e7oxdur bizi s\u00fcr\u00fcnd\u00fcr\u00fcrl\u0259r"}]},{"@type":"WebSite","@id":"https:\/\/www.meydan.tv\/az\/#website","url":"https:\/\/www.meydan.tv\/az\/","name":"MEYDAN.TV","description":"Meydan TV Az\u0259rbaycan\u0131n media m\u0259kan\u0131ndak\u0131 alternativ s\u0259sidir","publisher":{"@id":"https:\/\/www.meydan.tv\/az\/#organization"},"potentialAction":[{"@type":"SearchAction","target":{"@type":"EntryPoint","urlTemplate":"https:\/\/www.meydan.tv\/az\/?s={search_term_string}"},"query-input":{"@type":"PropertyValueSpecification","valueRequired":true,"valueName":"search_term_string"}}],"inLanguage":"az"},{"@type":"Organization","@id":"https:\/\/www.meydan.tv\/az\/#organization","name":"Meydan TV","url":"https:\/\/www.meydan.tv\/az\/","logo":{"@type":"ImageObject","inLanguage":"az","@id":"https:\/\/www.meydan.tv\/az\/#\/schema\/logo\/image\/","url":"https:\/\/www.meydan.tv\/wp-content\/uploads\/2021\/07\/meydan-logo.svg","contentUrl":"https:\/\/www.meydan.tv\/wp-content\/uploads\/2021\/07\/meydan-logo.svg","width":195,"height":46,"caption":"Meydan TV"},"image":{"@id":"https:\/\/www.meydan.tv\/az\/#\/schema\/logo\/image\/"}},{"@type":"Person","@id":"https:\/\/www.meydan.tv\/az\/#\/schema\/person\/10d11eccf6da3662cf5fdab9806ea91a","name":"user-manager"}]}},"_links":{"self":[{"href":"https:\/\/www.meydan.tv\/az\/wp-json\/wp\/v2\/posts\/202699","targetHints":{"allow":["GET"]}}],"collection":[{"href":"https:\/\/www.meydan.tv\/az\/wp-json\/wp\/v2\/posts"}],"about":[{"href":"https:\/\/www.meydan.tv\/az\/wp-json\/wp\/v2\/types\/post"}],"author":[{"embeddable":true,"href":"https:\/\/www.meydan.tv\/az\/wp-json\/wp\/v2\/users\/11"}],"replies":[{"embeddable":true,"href":"https:\/\/www.meydan.tv\/az\/wp-json\/wp\/v2\/comments?post=202699"}],"version-history":[{"count":0,"href":"https:\/\/www.meydan.tv\/az\/wp-json\/wp\/v2\/posts\/202699\/revisions"}],"wp:featuredmedia":[{"embeddable":true,"href":"https:\/\/www.meydan.tv\/az\/wp-json\/wp\/v2\/media\/99978"}],"wp:attachment":[{"href":"https:\/\/www.meydan.tv\/az\/wp-json\/wp\/v2\/media?parent=202699"}],"wp:term":[{"taxonomy":"category","embeddable":true,"href":"https:\/\/www.meydan.tv\/az\/wp-json\/wp\/v2\/categories?post=202699"},{"taxonomy":"post_tag","embeddable":true,"href":"https:\/\/www.meydan.tv\/az\/wp-json\/wp\/v2\/tags?post=202699"}],"curies":[{"name":"wp","href":"https:\/\/api.w.org\/{rel}","templated":true}]}}