{"id":202687,"date":"2020-09-29T12:33:30","date_gmt":"2020-09-29T12:33:30","guid":{"rendered":"https:\/\/www.meydan.tv\/article\/hakimiyyet-medianin-fealiyyetini-yaxsilasdirmaq-isteyirse-jurnalistlerin-fealiyyetine-mudaxileni-aradan-qaldirsin\/"},"modified":"2020-09-29T12:33:30","modified_gmt":"2020-09-29T12:33:30","slug":"hakimiyyet-medianin-fealiyyetini-yaxsilasdirmaq-isteyirse-jurnalistlerin-fealiyyetine-mudaxileni-aradan-qaldirsin","status":"publish","type":"post","link":"https:\/\/www.meydan.tv\/az\/article\/hakimiyyet-medianin-fealiyyetini-yaxsilasdirmaq-isteyirse-jurnalistlerin-fealiyyetine-mudaxileni-aradan-qaldirsin\/","title":{"rendered":"\u201cHakimiyy\u0259t median\u0131n f\u0259aliyy\u0259tini yax\u015f\u0131la\u015fd\u0131rmaq ist\u0259yirs\u0259, jurnalistl\u0259rin f\u0259aliyy\u0259tin\u0259 m\u00fcdaxil\u0259ni aradan qald\u0131rs\u0131n\u201d"},"content":{"rendered":"<p>\n  <i><br \/>\n    \u201cK\u0130V haqq\u0131nda\u201d Qanuna d\u0259yi\u015fiklik edil\u0259 bil\u0259r<br \/>\n  <\/i>\n<\/p>\n<p>\n  Az\u0259rbaycanda \u201cK\u0130V haqq\u0131nda\u201d qanunvericiliy\u0259 yenid\u0259n d\u0259yi\u015fiklikl\u0259r edil\u0259 bil\u0259r. Son vaxtlar bir s\u0131ra media orqanlar\u0131nda \u201cK\u0130V haqq\u0131nda\u201d Qanunun d\u0259yi\u015fdirilm\u0259si, \u201cyeni median\u0131n k\u00f6hn\u0259 qanunlarla\u201d idar\u0259 olundu\u011funa dair ard-arda d\u0259rc edil\u0259n yaz\u0131larla m\u00fct\u0259madi rastla\u015fd\u0131\u011f\u0131m\u0131zdan bel\u0259 q\u0259na\u0259t\u0259 g\u0259lm\u0259k olar. Az\u0259rbaycanda ad\u0259t\u0259n h\u0259r hans\u0131 d\u0259yi\u015fiklik olanda bu bar\u0259d\u0259 hakimiyy\u0259ty\u00f6n\u00fcml\u00fcmediada m\u00fczakir\u0259l\u0259r ba\u015flay\u0131r, bu m\u00f6vzuda s\u00fcni g\u00fcnd\u0259m yarad\u0131l\u0131r. Daha sonra is\u0259 h\u0259min m\u0259s\u0259l\u0259nin realla\u015fmas\u0131 istiqam\u0259tind\u0259 add\u0131mlar at\u0131lma\u011fa ba\u015flay\u0131r. Bu d\u0259f\u0259 is\u0259 s\u00f6hb\u0259t \u201cK\u0130V haqq\u0131nda\u201d qanunvericilikd\u0259n gedir.\n<\/p>\n<p>\n  \u201cK\u0130V haqq\u0131nda\u201d Qanun 1999-cu ild\u0259 q\u0259bul olunub. Sonradan bu qanuna bir ne\u00e7\u0259 d\u0259f\u0259 \u0259lav\u0259 v\u0259 d\u0259yi\u015fiklikl\u0259r edilib. Bundan ba\u015fqa, K\u0130V-in f\u0259aliyy\u0259tin\u0259 birba\u015fa aidiyyat\u0131 olan \u201cTeleviziya v\u0259 radio yay\u0131m\u0131\u201d haqq\u0131nda, \u201c\u0130ctimai yay\u0131m\u201d haqq\u0131nda, \u201c\u0130nformasiya, informasiyas\u0131zla\u015fd\u0131rma v\u0259 informasiyan\u0131n m\u00fchafiz\u0259si\u201d haqq\u0131nda v\u0259 dig\u0259r qanunlar q\u0259bul olunub. Bunlardan ba\u015fqa qanunvericilik layih\u0259l\u0259rin\u0259 K\u0130V-in f\u0259aliyy\u0259tin\u0259 birba\u015fa t\u0259sir ed\u0259n bir ne\u00e7\u0259 madd\u0259l\u0259r sal\u0131n\u0131b.\n<\/p>\n<p>\n  Bu q\u0259d\u0259r qanunvericilik bazas\u0131 oldu\u011fu halda n\u0259d\u0259n K\u0130V haqq\u0131nda qanunvericiliyi d\u0259yi\u015fm\u0259k ist\u0259yi hans\u0131 z\u0259rur\u0259td\u0259n meydana g\u0259lir? Bu d\u0259f\u0259 m\u0259qs\u0259d n\u0259 ola bil\u0259r?\n<\/p>\n<p>\n  M\u00fcst\u0259qil jurnalist Seymur Kaz\u0131mov bildirir ki, \u00f6nc\u0259ki t\u0259cr\u00fcb\u0259l\u0259r\u0259 baxsaq, bu vaxta kimi bu sah\u0259d\u0259 qanunvericiliy\u0259 edil\u0259n d\u0259yi\u015fiklikl\u0259r jurnalistl\u0259rin f\u0259aliyy\u0259tin\u0259 qar\u015f\u0131, eyni zamanda s\u00f6z azadl\u0131\u011f\u0131n\u0131n \u0259leyhin\u0259 oldu\u011fundan indi olunan t\u0259klifl\u0259r\u0259 d\u0259 \u015f\u00fcbh\u0259 il\u0259 yana\u015f\u0131r. Jurnalist deyir ki, bu d\u0259f\u0259 qanunvericiliy\u0259 edilm\u0259si n\u0259z\u0259rd\u0259 tutulan d\u0259yi\u015fiklikl\u0259rin qaralamas\u0131 ortada olmad\u0131\u011f\u0131ndan s\u00f6hb\u0259tin konkret n\u0259l\u0259rd\u0259n getdiyini d\u0259qiq bilm\u0259s\u0259 d\u0259, g\u00fcman edir ki, h\u0259r halda bu d\u0259f\u0259 d\u0259 m\u00fcsb\u0259t\u0259 do\u011fru bir d\u0259yi\u015fiklik g\u00f6zl\u0259nilmir:\n<\/p>\n<p>\n  \u201c2013-c\u00fc ild\u0259 Cinay\u0259t M\u0259c\u0259ll\u0259sind\u0259 v\u0259 \u0130nzibati X\u0259talarda m\u00fcvafiq b\u0259ndl\u0259r\u0259 d\u0259yi\u015fiklik edildi ki, internetd\u0259 t\u0259hqiri ora \u0259lav\u0259 etdil\u0259r. 2017-ci ild\u0259 saytlar\u0131n bloklanmas\u0131 m\u0259s\u0259l\u0259sini qanunvericiliy\u0259 \u0259lav\u0259 etdil\u0259r. Y\u0259ni \u0259slind\u0259 ba\u015fqa-ba\u015fqa qanunlarla bu t\u0259nziml\u0259m\u0259 dedikl\u0259ri m\u0259s\u0259l\u0259l\u0259ri \u0259lav\u0259 edibl\u0259r. Amma \u201cK\u0130V haqq\u0131nda\u201d Qanuna t\u0259nziml\u0259m\u0259 ad\u0131 alt\u0131nda n\u0259 t\u0259klif edirl\u0259r, h\u0259l\u0259 biz onu g\u00f6rm\u0259mi\u015fik. B\u0259lk\u0259 d\u0259 bu c\u0259miyy\u0259tin n\u0259bzini yoxlamaq \u00fc\u00e7\u00fcnd\u00fcr\u201d.\n<\/p>\n<p>\n  Seymur Kaz\u0131mov qeyd edir ki, cari \u201cK\u0130V haqq\u0131nda\u201d Qanun m\u00fc\u0259yy\u0259n q\u0259d\u0259r jurnalistl\u0259rin i\u015f prinsipini tan\u0131y\u0131r v\u0259 jurnalistl\u0259rin f\u0259aliyy\u0259tin\u0259 problem yaratm\u0131r.\n<\/p>\n<p>\n  \u201c\u0130nformasiyala\u015fd\u0131rma haqq\u0131nda qanunda saytlar\u0131n bloklanmas\u0131 m\u0259s\u0259l\u0259si var. \u201cK\u0130V haqq\u0131nda\u201d Qanunda is\u0259 g\u00f6st\u0259rilir ki, senzura yolverilm\u0259zdir. Y\u0259ni biri o birisini t\u0259kzib edir. \u201cK\u0130V haqq\u0131nda\u201d Qanun dig\u0259rl\u0259rin\u0259 baxanda bir q\u0259d\u0259r demokratikdir. Y\u0259ni m\u00fc\u0259yy\u0259n m\u0259nada jurnalistin i\u015f prinsipini tan\u0131y\u0131r. \u0130nternetin K\u0130V-in predmeti oldu\u011funu g\u00f6st\u0259rir. Do\u011frusu, sonradan h\u0259min qanuna 10-dan art\u0131q \u0259lav\u0259 d\u0259yi\u015fiklik edilib. Amma yen\u0259 cari qanun m\u0259nim jurnalist kimi f\u0259aliyy\u0259tim\u0259 o q\u0259d\u0259r d\u0259 mane\u0259 yaratm\u0131r. Amma saytlar\u0131n bloklanmas\u0131 m\u0259s\u0259l\u0259si kimi m\u0259s\u0259l\u0259l\u0259r ortaya \u00e7\u0131xanda \u201cK\u0130V haqq\u0131nda\u201d qanun \u0259sas g\u00f6t\u00fcr\u00fclm\u00fcr, \u201c\u0130nformasiyala\u015fd\u0131rma\u201d haqq\u0131nda qanunu \u0259sas g\u00f6t\u00fcr\u00fcrl\u0259r. M\u0259s\u0259l\u0259 budur.\u201d\n<\/p>\n<p>\n  Jurnalist deyir ki, median\u0131n f\u0259aliyy\u0259tin\u0259 problem yaradan sonradan q\u0259bul edilmi\u015f qanunlar v\u0259 ya b\u0259zi qanunlara edilmi\u015f \u0259lav\u0259 d\u0259yi\u015fiklikl\u0259rdir.\n<\/p>\n<p>\n  \u201c\u201cKommersiya sirri haqq\u0131nda\u201d qanuna \u0259lav\u0259 edil\u0259n d\u0259yi\u015fiklikl\u0259r, y\u0259ni jurnalistl\u0259r art\u0131q sor\u011fu g\u00f6nd\u0259rib b\u0259zi m\u0259lumatlar\u0131 ala bilmirl\u0259r, t\u0259hqir v\u0259 b\u00f6htana g\u00f6r\u0259 qanunvericiliy\u0259 internetin \u0259lav\u0259 olunmas\u0131, \u201cDiffamasiya haqq\u0131nda\u201d qanunun h\u0259l\u0259 d\u0259 q\u0259bul olunmamas\u0131 kimi probleml\u0259r var. Saytlar\u0131n bloklanmas\u0131 m\u0259s\u0259l\u0259sinin qanunvericiliy\u0259 sal\u0131nmas\u0131, \u00fcmumiyy\u0259tl\u0259, Konstitusiya il\u0259 ziddiyy\u0259t t\u0259\u015fkil edir. Y\u0259ni bir d\u0259n\u0259 \u201cK\u0130V haqq\u0131nda\u201d Qanunu d\u0259yi\u015fdirm\u0259kl\u0259 jurnalistl\u0259rin f\u0259aliyy\u0259ti yax\u015f\u0131la\u015fd\u0131r\u0131lm\u0131r. M\u0259s\u0259l\u0259 kompleks yana\u015fma t\u0259l\u0259b edir\u201d.\n<\/p>\n<p>\n  H\u00fcquq\u015f\u00fcnas, media m\u0259s\u0259l\u0259l\u0259ri \u00fczr\u0259 ekspert \u018fl\u0259sg\u0259r M\u0259mm\u0259dli bildirir ki, Az\u0259rbaycanda \u201cK\u0130V haqq\u0131nda\u201d qanunvericilik \u00f6lk\u0259nin Avropa \u015euras\u0131na \u00fczv oldu\u011fu d\u00f6n\u0259ml\u0259rd\u0259 kifay\u0259t q\u0259d\u0259r \u0259hat\u0259li \u015f\u0259kild\u0259 haz\u0131rlanm\u0131\u015fd\u0131. Onun s\u00f6zl\u0259rin\u0259 g\u00f6r\u0259, sonradan \u0259skiklikl\u0259r dig\u0259r qanunlarla xeyli t\u0259kmill\u0259\u015fdirilib. Ekspertin fikrin\u0259 g\u00f6r\u0259, indi t\u0259nziml\u0259m\u0259 ad\u0131 il\u0259 yen\u0259 d\u0259 n\u0259l\u0259ris\u0259 m\u0259hdudla\u015fd\u0131rmaq ist\u0259yirl\u0259r.\n<\/p>\n<p>\n  \u201c2005-ci ild\u0259n sonra bu qanunlar\u0131n ham\u0131s\u0131n\u0131 d\u0259lik-de\u015fik etm\u0259y\u0259 ba\u015flad\u0131lar. Ham\u0131s\u0131nda \u201cn\u0259s\u0259 \u00e7atm\u0131r\u201d d\u00fc\u015f\u00fcnc\u0259si il\u0259, m\u00f6vcud olan normalara m\u0259hdudla\u015fd\u0131r\u0131c\u0131 xarakterl\u0259r g\u0259tirdil\u0259r. Halbuki bu yanl\u0131\u015f d\u00fc\u015f\u00fcnc\u0259 idi. \u018fn sonda 2017-ci ild\u0259 \u201c\u0130nformasiya, informasiyas\u0131zla\u015fd\u0131rma, informasiyan\u0131n m\u00fchafiz\u0259si haqq\u0131nda\u201dQanuna internet resurslar\u0131n\u0131n bloklanmas\u0131, sonra Cinay\u0259t M\u0259c\u0259ll\u0259sin\u0259 \u0259lav\u0259 m\u0259suliyy\u0259tl\u0259rin g\u0259tirilm\u0259si onu g\u00f6st\u0259rdi ki, bizim siyas\u0259t\u00e7il\u0259rin x\u0259yal \u00fcf\u00fcq\u00fc o q\u0259d\u0259r geni\u015fdir ki, onlar sistemli \u015f\u0259kild\u0259 n\u0259l\u0259rs\u0259 d\u00fc\u015f\u00fcn\u0259 bilirl\u0259r. Ona g\u00f6r\u0259 qanunvericilikd\u0259 ehtiyac olmasa da, amma bu, bir reall\u0131qd\u0131r ki, m\u0259hdudla\u015fd\u0131rmaq \u00fc\u00e7\u00fcn h\u0259r zaman ideyalar\u0131 var. \u0130ndi ba\u015f ver\u0259n d\u0259 b\u00f6y\u00fck ehtimal budur\u201d.\n<\/p>\n<p>\n  \u018fl\u0259sg\u0259r M\u0259mm\u0259dli deyir ki, Avropa Konvensiyas\u0131n\u0131n 10-cu madd\u0259si \u00e7\u0259r\u00e7iv\u0259sind\u0259 K\u0130V haqq\u0131nda qanunvericilik monitorinq edils\u0259, ayd\u0131n olar ki, qanunvericilik Konvensiyaya kifay\u0259t q\u0259d\u0259r zidd m\u00fcdd\u0259alarla dolub. Ekspertin fikrinc\u0259, h\u00f6kum\u0259t Avropa \u015euras\u0131 standartlar\u0131ndan tamamil\u0259 uzaqla\u015fmaq ideyas\u0131ndad\u0131rsa, yen\u0259 hans\u0131sa m\u0259hdudla\u015fd\u0131r\u0131c\u0131 add\u0131mlar atacaq. Bu is\u0259 sistemli \u015f\u0259kild\u0259 \u00f6lk\u0259nin \u0259leyhin\u0259 Avropa M\u0259hk\u0259m\u0259sind\u0259 \u00e7\u0131xan q\u0259rarlarla m\u00fc\u015fayi\u0259t olunacaq. Onun s\u00f6zl\u0259rin\u0259 g\u00f6r\u0259, haz\u0131rda K\u0130V-in daha \u00f6nc\u00fcl probleml\u0259ri var.\n<\/p>\n<p>\n  \u201cAz\u0259rbaycanda K\u0130V-in problemi siyasi azadl\u0131qdan ba\u015flay\u0131r. \u0130qtisadi azadl\u0131qlarla davam edir. Ondan sonra K\u0130V-d\u0259 qeyri-pe\u015f\u0259karlar\u0131n yer almas\u0131 v\u0259 K\u0130V sah\u0259sind\u0259 \u00fcmumiyy\u0259tl\u0259 d\u00f6vl\u0259tin t\u0259hsil\u0259 m\u00fcdaxil\u0259si problemi var. Bu da \u00e7ox ciddi problem yarad\u0131r. \u018fn sonda is\u0259 qanunvericilik problemi g\u0259lir\u201d.\n<\/p>\n<p>\n  H\u00fcquq\u015f\u00fcnas bildirir ki, hakimiyy\u0259t median\u0131n f\u0259aliyy\u0259tini yax\u015f\u0131la\u015fd\u0131rmaq ist\u0259yirs\u0259, jurnalistl\u0259rin f\u0259aliyy\u0259tin\u0259 qeyri-qanuni formada edil\u0259n m\u00fcdaxil\u0259l\u0259ri aradan qald\u0131rs\u0131n.\n<\/p>\n<p>\n  \u201cBu da bir reall\u0131qd\u0131r ki, Az\u0259rbaycan Konstitusiyas\u0131nda m\u00fc\u0259yy\u0259n olunan standartlar art\u0131q \u00e7oxdan yoxdur. M\u0259s\u0259l\u0259n, \u201cH\u0259rbi v\u0259ziyy\u0259t haqq\u0131nda\u201d Qanuna senzuran\u0131n g\u0259tirilm\u0259si, c\u0259bh\u0259 x\u0259ttind\u0259 h\u0259r hans\u0131 hadis\u0259 ba\u015f ver\u0259nd\u0259 ora jurnalistl\u0259rin icaz\u0259 il\u0259 getm\u0259si. Y\u0259ni qanun bel\u0259 bir \u015fey t\u0259l\u0259b etm\u0259diyi halda praktik olaraq \u0259lav\u0259 bel\u0259 t\u0259dbirl\u0259r \u00e7\u0131x\u0131r ortaya. \u201c\u0130nformasiya haqq\u0131nda\u201d Qanuna g\u00f6r\u0259 informasiya almaq h\u0259r k\u0259sin h\u00fcququ oldu\u011fu halda bulvar kimi ictimai yerl\u0259rd\u0259 jurnalistl\u0259rin \u0259lind\u0259n mikrofon, kamera ala bilirl\u0259r. Bizd\u0259 h\u00fcququn m\u00fc\u0259yy\u0259n etdiyi \u00e7\u0259r\u00e7iv\u0259d\u0259n k\u0259nar \u0259n b\u00f6y\u00fck problem praktiki olaraq jurnalistl\u0259r\u0259 veril\u0259n meydan\u0131n darl\u0131\u011f\u0131d\u0131r. Bunlar is\u0259 siyasi yana\u015fma il\u0259 d\u0259yi\u015fil\u0259 bil\u0259r. Media azadl\u0131\u011f\u0131n\u0131n ger\u00e7\u0259k d\u0259y\u0259rini d\u0259rk etm\u0259kl\u0259 d\u0259yi\u015f\u0259 bil\u0259r. \u0130ndiki h\u00f6kum\u0259tin bel\u0259 bir qay\u011f\u0131s\u0131 yoxdur\u201d.\n<\/p>\n<p>\n  Az\u0259rbaycan M\u0259tbuat \u015euras\u0131n\u0131n s\u0259dr m\u00fcavini, Jurnalistl\u0259rin H\u0259mkarlar \u0130ttifaq\u0131n\u0131n s\u0259dri M\u00fc\u015ffiq \u018fl\u0259sg\u0259rli is\u0259 bildirir ki, 1999-cu ild\u0259 q\u0259bul edil\u0259n qanun demokratiky\u00f6nl\u00fc olsa da, haz\u0131rda h\u0259min qanunun i\u00e7\u0259risind\u0259 m\u00fc\u0259yy\u0259n bo\u015fluqlar \u00f6z\u00fcn\u00fc g\u00f6st\u0259rm\u0259kd\u0259dir. Onun s\u00f6zl\u0259rin\u0259 g\u00f6r\u0259, x\u00fcsus\u0259n K\u0130V-in t\u0259sis\u00e7iliyi, forma v\u0259 standartlar\u0131, onun istinad materiallar\u0131 m\u0259s\u0259l\u0259sind\u0259 v\u0259 dig\u0259r m\u0259s\u0259l\u0259l\u0259rd\u0259 \u00e7ox ciddi \u015f\u0259kild\u0259 bo\u015fluqlar var.\n<\/p>\n<p>\n  \u201cO bo\u015fluqlar\u0131n aradan qald\u0131r\u0131lmas\u0131 il\u0259 ba\u011fl\u0131 biz bu g\u00fcn dan\u0131\u015f\u0131r\u0131q. Amma M\u0259tbuat \u015euras\u0131 6-7 ildir ki, m\u0259s\u0259l\u0259 qald\u0131r\u0131r ki, o bo\u015fluqlar aradan qald\u0131r\u0131lmal\u0131d\u0131r. M\u0259s\u0259l\u0259n, q\u0259zetin t\u0259sis\u00e7isi ali t\u0259hsilli olmal\u0131d\u0131r, q\u0259zet m\u00fctl\u0259q ayda \u0259n az\u0131 bir d\u0259f\u0259 \u00e7ap olunmal\u0131d\u0131r. Televiziya v\u0259 radio haqq\u0131nda da m\u00fc\u0259yy\u0259n standartlar var. Amma onlayn median\u0131n inki\u015faf\u0131 il\u0259 \u0259laq\u0259dar olaraq bu standartlar s\u0131radan \u00e7\u0131x\u0131b\u201d.\n<\/p>\n<p>\n  M\u00fc\u015ffiq \u018fl\u0259sg\u0259rli deyir ki, onlayn median\u0131n t\u0259nziml\u0259nm\u0259sin\u0259 n\u0259zar\u0259t ed\u0259n m\u00fc\u0259yy\u0259n standartlar olmal\u0131d\u0131r. Onun s\u00f6zl\u0259rin\u0259 g\u00f6r\u0259, sosial mediada yaranan medialar\u0131n f\u0259aliyy\u0259ti qanunvericiliy\u0259 v\u0259 standarlara uy\u011fun deyil.\n<\/p>\n<p>\n  \u201cOnlar\u0131n f\u0259aliyy\u0259ti \u201cK\u0130V haqq\u0131nda\u201d qanunvericiliy\u0259 uy\u011fun deyil. \u00c7\u00fcnki x\u0259b\u0259r yayma\u011f\u0131n, onu istehsal etm\u0259yin \u00f6z\u00fcn\u00fcn etik qaydalar\u0131 v\u0259 standartlar\u0131 var. Onlar\u0131n f\u0259aliyy\u0259ti bu qaydalarla uy\u011fun g\u0259lmir. Onda bunlarla nec\u0259 davranmaq laz\u0131md\u0131r?\u201d\n<\/p>\n<p>\n  M\u00fc\u015ffiq \u018fl\u0259sg\u0259rli deyir ki, mediada probleml\u0259rd\u0259n biri domenl\u0259rl\u0259 ba\u011fl\u0131d\u0131r.\n<\/p>\n<p>\n  \u201cBizd\u0259 domen haqq\u0131nda qanun yoxdur. \u00dcmumiyy\u0259tl\u0259, bu m\u0259s\u0259l\u0259ni t\u0259nziml\u0259y\u0259n x\u00fcsusi bir madd\u0259 yoxdur. Siz z\u0259hm\u0259t \u00e7\u0259kib bir media orqan\u0131 yarad\u0131rs\u0131z, inki\u015faf etdirir, tan\u0131d\u0131rs\u0131n\u0131z. Sabah kims\u0259 h\u0259min ad\u0131 g\u00f6t\u00fcr\u00fcb bir h\u0259rf v\u0259 ya n\u00f6qt\u0259-verg\u00fcl \u0259lav\u0259 etm\u0259kl\u0259 b\u0259nz\u0259rini yarad\u0131r. Sizin ill\u0259rdir \u00e7\u0259kdiyiniz \u0259m\u0259yi sui-istifad\u0259, dublikat kimi istifad\u0259 edir. B\u00fct\u00fcn bunlar\u0131n t\u0259nziml\u0259nm\u0259sin\u0259 ehtiyac var. Bu m\u0259s\u0259l\u0259l\u0259r qanunvericilikd\u0259 \u00f6z \u0259ksini tapmal\u0131d\u0131r\u201d.\n<\/p>\n<p>\n  M\u00fc\u015ffiq \u018fl\u0259sg\u0259rli t\u0259klif edir ki, \u00fcmumiyy\u0259tl\u0259 m\u00fcasir d\u00f6vr\u00fcn t\u0259l\u0259bl\u0259ri v\u0259 sosial medialar n\u0259z\u0259r\u0259 al\u0131nmaqla K\u0130V haqq\u0131nda qanunun yenid\u0259n i\u015fl\u0259nm\u0259sin\u0259 ehtiyac var. M\u0259tbuat \u015euras\u0131n\u0131n s\u0259dr m\u00fcavini t\u0259klif edir ki, \u00fcmumiyy\u0259tl\u0259 b\u00fct\u00fcn K\u0130V haqq\u0131nda qanunvericilik birl\u0259\u015fdirilib \u0130nformasiya M\u0259c\u0259ll\u0259si haz\u0131rlansa, daha yax\u015f\u0131 olar. Onun s\u00f6zl\u0259rin\u0259 g\u00f6r\u0259 K\u0130V-in f\u0259aliyy\u0259tini t\u0259nziml\u0259m\u0259k \u00fc\u00e7\u00fcn ilk n\u00f6vb\u0259d\u0259 qanunvericilik yenil\u0259nm\u0259lidir.\n<\/p>\n<p>\n  \u201c\u0130lk problem qanunvericilikd\u0259n ba\u015flay\u0131r. Qanunvericiliyin yaratd\u0131\u011f\u0131 bo\u015fluqlar aradan qald\u0131r\u0131lmadan dig\u0259r probleml\u0259rin aradan qald\u0131r\u0131lmas\u0131 imkans\u0131zd\u0131r. Bu,birinci etapd\u0131r. N\u0259rdivan\u0131n birinci m\u0259rh\u0259l\u0259sidir. Birinci pill\u0259ni qaydaya salmadan dig\u0259r m\u0259s\u0259l\u0259l\u0259r haqq\u0131nda dan\u0131\u015fmaq absurd olar\u201d.<\/p>\n","protected":false},"excerpt":{"rendered":"<p>M\u00fc\u015ffiq \u018fl\u0259sg\u0259rli deyir ki, mediada probleml\u0259rd\u0259n biri domenl\u0259rl\u0259 ba\u011fl\u0131d\u0131r.<\/p>\n","protected":false},"author":11,"featured_media":148639,"comment_status":"closed","ping_status":"open","sticky":false,"template":"","format":"standard","meta":{"_acf_changed":false,"_sitemap_exclude":false,"_sitemap_priority":"","_sitemap_frequency":"","footnotes":""},"categories":[51],"tags":[],"class_list":["post-202687","post","type-post","status-publish","format-standard","has-post-thumbnail","hentry","category-analitika","infinite-scroll-item","generate-columns","tablet-grid-50","mobile-grid-100","grid-parent","grid-33","no-featured-image-padding"],"acf":[],"yoast_head":"<!-- This site is optimized with the Yoast SEO plugin v27.4 - https:\/\/yoast.com\/product\/yoast-seo-wordpress\/ -->\n<title>\u201cHakimiyy\u0259t median\u0131n f\u0259aliyy\u0259tini yax\u015f\u0131la\u015fd\u0131rmaq ist\u0259yirs\u0259, jurnalistl\u0259rin f\u0259aliyy\u0259tin\u0259 m\u00fcdaxil\u0259ni aradan qald\u0131rs\u0131n\u201d - MEYDAN.TV<\/title>\n<meta name=\"robots\" content=\"index, follow, max-snippet:-1, max-image-preview:large, max-video-preview:-1\" \/>\n<link rel=\"canonical\" href=\"https:\/\/www.meydan.tv\/az\/article\/hakimiyyet-medianin-fealiyyetini-yaxsilasdirmaq-isteyirse-jurnalistlerin-fealiyyetine-mudaxileni-aradan-qaldirsin\/\" \/>\n<meta property=\"og:locale\" content=\"az_AZ\" \/>\n<meta property=\"og:type\" content=\"article\" \/>\n<meta property=\"og:title\" content=\"\u201cHakimiyy\u0259t median\u0131n f\u0259aliyy\u0259tini yax\u015f\u0131la\u015fd\u0131rmaq ist\u0259yirs\u0259, jurnalistl\u0259rin f\u0259aliyy\u0259tin\u0259 m\u00fcdaxil\u0259ni aradan qald\u0131rs\u0131n\u201d - MEYDAN.TV\" \/>\n<meta property=\"og:description\" content=\"M\u00fc\u015ffiq \u018fl\u0259sg\u0259rli deyir ki, mediada probleml\u0259rd\u0259n biri domenl\u0259rl\u0259 ba\u011fl\u0131d\u0131r.\" \/>\n<meta property=\"og:url\" content=\"https:\/\/www.meydan.tv\/az\/article\/hakimiyyet-medianin-fealiyyetini-yaxsilasdirmaq-isteyirse-jurnalistlerin-fealiyyetine-mudaxileni-aradan-qaldirsin\/\" \/>\n<meta property=\"og:site_name\" content=\"MEYDAN.TV\" \/>\n<meta property=\"article:published_time\" content=\"2020-09-29T12:33:30+00:00\" \/>\n<meta property=\"og:image\" content=\"https:\/\/www.meydan.tv\/wp-content\/uploads\/kamran-mahmudov-profile.jpg\" \/>\n\t<meta property=\"og:image:width\" content=\"720\" \/>\n\t<meta property=\"og:image:height\" content=\"491\" \/>\n\t<meta property=\"og:image:type\" content=\"image\/jpeg\" \/>\n<meta name=\"author\" content=\"user-manager\" \/>\n<meta name=\"twitter:card\" content=\"summary_large_image\" \/>\n<script type=\"application\/ld+json\" class=\"yoast-schema-graph\">{\"@context\":\"https:\\\/\\\/schema.org\",\"@graph\":[{\"@type\":\"Article\",\"@id\":\"https:\\\/\\\/www.meydan.tv\\\/az\\\/article\\\/hakimiyyet-medianin-fealiyyetini-yaxsilasdirmaq-isteyirse-jurnalistlerin-fealiyyetine-mudaxileni-aradan-qaldirsin\\\/#article\",\"isPartOf\":{\"@id\":\"https:\\\/\\\/www.meydan.tv\\\/az\\\/article\\\/hakimiyyet-medianin-fealiyyetini-yaxsilasdirmaq-isteyirse-jurnalistlerin-fealiyyetine-mudaxileni-aradan-qaldirsin\\\/\"},\"author\":{\"name\":\"user-manager\",\"@id\":\"https:\\\/\\\/www.meydan.tv\\\/az\\\/#\\\/schema\\\/person\\\/10d11eccf6da3662cf5fdab9806ea91a\"},\"headline\":\"\u201cHakimiyy\u0259t median\u0131n f\u0259aliyy\u0259tini yax\u015f\u0131la\u015fd\u0131rmaq ist\u0259yirs\u0259, jurnalistl\u0259rin f\u0259aliyy\u0259tin\u0259 m\u00fcdaxil\u0259ni aradan qald\u0131rs\u0131n\u201d\",\"datePublished\":\"2020-09-29T12:33:30+00:00\",\"mainEntityOfPage\":{\"@id\":\"https:\\\/\\\/www.meydan.tv\\\/az\\\/article\\\/hakimiyyet-medianin-fealiyyetini-yaxsilasdirmaq-isteyirse-jurnalistlerin-fealiyyetine-mudaxileni-aradan-qaldirsin\\\/\"},\"wordCount\":2008,\"publisher\":{\"@id\":\"https:\\\/\\\/www.meydan.tv\\\/az\\\/#organization\"},\"image\":{\"@id\":\"https:\\\/\\\/www.meydan.tv\\\/az\\\/article\\\/hakimiyyet-medianin-fealiyyetini-yaxsilasdirmaq-isteyirse-jurnalistlerin-fealiyyetine-mudaxileni-aradan-qaldirsin\\\/#primaryimage\"},\"thumbnailUrl\":\"https:\\\/\\\/www.meydan.tv\\\/wp-content\\\/uploads\\\/kamran-mahmudov-profile.jpg\",\"articleSection\":[\"Analitika\"],\"inLanguage\":\"az\"},{\"@type\":\"WebPage\",\"@id\":\"https:\\\/\\\/www.meydan.tv\\\/az\\\/article\\\/hakimiyyet-medianin-fealiyyetini-yaxsilasdirmaq-isteyirse-jurnalistlerin-fealiyyetine-mudaxileni-aradan-qaldirsin\\\/\",\"url\":\"https:\\\/\\\/www.meydan.tv\\\/az\\\/article\\\/hakimiyyet-medianin-fealiyyetini-yaxsilasdirmaq-isteyirse-jurnalistlerin-fealiyyetine-mudaxileni-aradan-qaldirsin\\\/\",\"name\":\"\u201cHakimiyy\u0259t median\u0131n f\u0259aliyy\u0259tini yax\u015f\u0131la\u015fd\u0131rmaq ist\u0259yirs\u0259, jurnalistl\u0259rin f\u0259aliyy\u0259tin\u0259 m\u00fcdaxil\u0259ni aradan qald\u0131rs\u0131n\u201d - MEYDAN.TV\",\"isPartOf\":{\"@id\":\"https:\\\/\\\/www.meydan.tv\\\/az\\\/#website\"},\"primaryImageOfPage\":{\"@id\":\"https:\\\/\\\/www.meydan.tv\\\/az\\\/article\\\/hakimiyyet-medianin-fealiyyetini-yaxsilasdirmaq-isteyirse-jurnalistlerin-fealiyyetine-mudaxileni-aradan-qaldirsin\\\/#primaryimage\"},\"image\":{\"@id\":\"https:\\\/\\\/www.meydan.tv\\\/az\\\/article\\\/hakimiyyet-medianin-fealiyyetini-yaxsilasdirmaq-isteyirse-jurnalistlerin-fealiyyetine-mudaxileni-aradan-qaldirsin\\\/#primaryimage\"},\"thumbnailUrl\":\"https:\\\/\\\/www.meydan.tv\\\/wp-content\\\/uploads\\\/kamran-mahmudov-profile.jpg\",\"datePublished\":\"2020-09-29T12:33:30+00:00\",\"breadcrumb\":{\"@id\":\"https:\\\/\\\/www.meydan.tv\\\/az\\\/article\\\/hakimiyyet-medianin-fealiyyetini-yaxsilasdirmaq-isteyirse-jurnalistlerin-fealiyyetine-mudaxileni-aradan-qaldirsin\\\/#breadcrumb\"},\"inLanguage\":\"az\",\"potentialAction\":[{\"@type\":\"ReadAction\",\"target\":[\"https:\\\/\\\/www.meydan.tv\\\/az\\\/article\\\/hakimiyyet-medianin-fealiyyetini-yaxsilasdirmaq-isteyirse-jurnalistlerin-fealiyyetine-mudaxileni-aradan-qaldirsin\\\/\"]}]},{\"@type\":\"ImageObject\",\"inLanguage\":\"az\",\"@id\":\"https:\\\/\\\/www.meydan.tv\\\/az\\\/article\\\/hakimiyyet-medianin-fealiyyetini-yaxsilasdirmaq-isteyirse-jurnalistlerin-fealiyyetine-mudaxileni-aradan-qaldirsin\\\/#primaryimage\",\"url\":\"https:\\\/\\\/www.meydan.tv\\\/wp-content\\\/uploads\\\/kamran-mahmudov-profile.jpg\",\"contentUrl\":\"https:\\\/\\\/www.meydan.tv\\\/wp-content\\\/uploads\\\/kamran-mahmudov-profile.jpg\",\"width\":720,\"height\":491,\"caption\":\"Source: Facebook\"},{\"@type\":\"BreadcrumbList\",\"@id\":\"https:\\\/\\\/www.meydan.tv\\\/az\\\/article\\\/hakimiyyet-medianin-fealiyyetini-yaxsilasdirmaq-isteyirse-jurnalistlerin-fealiyyetine-mudaxileni-aradan-qaldirsin\\\/#breadcrumb\",\"itemListElement\":[{\"@type\":\"ListItem\",\"position\":1,\"name\":\"Ana s\u0259hif\u0259\",\"item\":\"https:\\\/\\\/www.meydan.tv\\\/az\\\/\"},{\"@type\":\"ListItem\",\"position\":2,\"name\":\"Analitika\",\"item\":\"https:\\\/\\\/www.meydan.tv\\\/az\\\/section\\\/analitika\\\/\"},{\"@type\":\"ListItem\",\"position\":3,\"name\":\"\u201cHakimiyy\u0259t median\u0131n f\u0259aliyy\u0259tini yax\u015f\u0131la\u015fd\u0131rmaq ist\u0259yirs\u0259, jurnalistl\u0259rin f\u0259aliyy\u0259tin\u0259 m\u00fcdaxil\u0259ni aradan qald\u0131rs\u0131n\u201d\"}]},{\"@type\":\"WebSite\",\"@id\":\"https:\\\/\\\/www.meydan.tv\\\/az\\\/#website\",\"url\":\"https:\\\/\\\/www.meydan.tv\\\/az\\\/\",\"name\":\"MEYDAN.TV\",\"description\":\"Meydan TV Az\u0259rbaycan\u0131n media m\u0259kan\u0131ndak\u0131 alternativ s\u0259sidir\",\"publisher\":{\"@id\":\"https:\\\/\\\/www.meydan.tv\\\/az\\\/#organization\"},\"potentialAction\":[{\"@type\":\"SearchAction\",\"target\":{\"@type\":\"EntryPoint\",\"urlTemplate\":\"https:\\\/\\\/www.meydan.tv\\\/az\\\/?s={search_term_string}\"},\"query-input\":{\"@type\":\"PropertyValueSpecification\",\"valueRequired\":true,\"valueName\":\"search_term_string\"}}],\"inLanguage\":\"az\"},{\"@type\":\"Organization\",\"@id\":\"https:\\\/\\\/www.meydan.tv\\\/az\\\/#organization\",\"name\":\"Meydan TV\",\"url\":\"https:\\\/\\\/www.meydan.tv\\\/az\\\/\",\"logo\":{\"@type\":\"ImageObject\",\"inLanguage\":\"az\",\"@id\":\"https:\\\/\\\/www.meydan.tv\\\/az\\\/#\\\/schema\\\/logo\\\/image\\\/\",\"url\":\"https:\\\/\\\/www.meydan.tv\\\/wp-content\\\/uploads\\\/2021\\\/07\\\/meydan-logo.svg\",\"contentUrl\":\"https:\\\/\\\/www.meydan.tv\\\/wp-content\\\/uploads\\\/2021\\\/07\\\/meydan-logo.svg\",\"width\":195,\"height\":46,\"caption\":\"Meydan TV\"},\"image\":{\"@id\":\"https:\\\/\\\/www.meydan.tv\\\/az\\\/#\\\/schema\\\/logo\\\/image\\\/\"}},{\"@type\":\"Person\",\"@id\":\"https:\\\/\\\/www.meydan.tv\\\/az\\\/#\\\/schema\\\/person\\\/10d11eccf6da3662cf5fdab9806ea91a\",\"name\":\"user-manager\"}]}<\/script>\n<!-- \/ Yoast SEO plugin. -->","yoast_head_json":{"title":"\u201cHakimiyy\u0259t median\u0131n f\u0259aliyy\u0259tini yax\u015f\u0131la\u015fd\u0131rmaq ist\u0259yirs\u0259, jurnalistl\u0259rin f\u0259aliyy\u0259tin\u0259 m\u00fcdaxil\u0259ni aradan qald\u0131rs\u0131n\u201d - MEYDAN.TV","robots":{"index":"index","follow":"follow","max-snippet":"max-snippet:-1","max-image-preview":"max-image-preview:large","max-video-preview":"max-video-preview:-1"},"canonical":"https:\/\/www.meydan.tv\/az\/article\/hakimiyyet-medianin-fealiyyetini-yaxsilasdirmaq-isteyirse-jurnalistlerin-fealiyyetine-mudaxileni-aradan-qaldirsin\/","og_locale":"az_AZ","og_type":"article","og_title":"\u201cHakimiyy\u0259t median\u0131n f\u0259aliyy\u0259tini yax\u015f\u0131la\u015fd\u0131rmaq ist\u0259yirs\u0259, jurnalistl\u0259rin f\u0259aliyy\u0259tin\u0259 m\u00fcdaxil\u0259ni aradan qald\u0131rs\u0131n\u201d - MEYDAN.TV","og_description":"M\u00fc\u015ffiq \u018fl\u0259sg\u0259rli deyir ki, mediada probleml\u0259rd\u0259n biri domenl\u0259rl\u0259 ba\u011fl\u0131d\u0131r.","og_url":"https:\/\/www.meydan.tv\/az\/article\/hakimiyyet-medianin-fealiyyetini-yaxsilasdirmaq-isteyirse-jurnalistlerin-fealiyyetine-mudaxileni-aradan-qaldirsin\/","og_site_name":"MEYDAN.TV","article_published_time":"2020-09-29T12:33:30+00:00","og_image":[{"width":720,"height":491,"url":"https:\/\/www.meydan.tv\/wp-content\/uploads\/kamran-mahmudov-profile.jpg","type":"image\/jpeg"}],"author":"user-manager","twitter_card":"summary_large_image","schema":{"@context":"https:\/\/schema.org","@graph":[{"@type":"Article","@id":"https:\/\/www.meydan.tv\/az\/article\/hakimiyyet-medianin-fealiyyetini-yaxsilasdirmaq-isteyirse-jurnalistlerin-fealiyyetine-mudaxileni-aradan-qaldirsin\/#article","isPartOf":{"@id":"https:\/\/www.meydan.tv\/az\/article\/hakimiyyet-medianin-fealiyyetini-yaxsilasdirmaq-isteyirse-jurnalistlerin-fealiyyetine-mudaxileni-aradan-qaldirsin\/"},"author":{"name":"user-manager","@id":"https:\/\/www.meydan.tv\/az\/#\/schema\/person\/10d11eccf6da3662cf5fdab9806ea91a"},"headline":"\u201cHakimiyy\u0259t median\u0131n f\u0259aliyy\u0259tini yax\u015f\u0131la\u015fd\u0131rmaq ist\u0259yirs\u0259, jurnalistl\u0259rin f\u0259aliyy\u0259tin\u0259 m\u00fcdaxil\u0259ni aradan qald\u0131rs\u0131n\u201d","datePublished":"2020-09-29T12:33:30+00:00","mainEntityOfPage":{"@id":"https:\/\/www.meydan.tv\/az\/article\/hakimiyyet-medianin-fealiyyetini-yaxsilasdirmaq-isteyirse-jurnalistlerin-fealiyyetine-mudaxileni-aradan-qaldirsin\/"},"wordCount":2008,"publisher":{"@id":"https:\/\/www.meydan.tv\/az\/#organization"},"image":{"@id":"https:\/\/www.meydan.tv\/az\/article\/hakimiyyet-medianin-fealiyyetini-yaxsilasdirmaq-isteyirse-jurnalistlerin-fealiyyetine-mudaxileni-aradan-qaldirsin\/#primaryimage"},"thumbnailUrl":"https:\/\/www.meydan.tv\/wp-content\/uploads\/kamran-mahmudov-profile.jpg","articleSection":["Analitika"],"inLanguage":"az"},{"@type":"WebPage","@id":"https:\/\/www.meydan.tv\/az\/article\/hakimiyyet-medianin-fealiyyetini-yaxsilasdirmaq-isteyirse-jurnalistlerin-fealiyyetine-mudaxileni-aradan-qaldirsin\/","url":"https:\/\/www.meydan.tv\/az\/article\/hakimiyyet-medianin-fealiyyetini-yaxsilasdirmaq-isteyirse-jurnalistlerin-fealiyyetine-mudaxileni-aradan-qaldirsin\/","name":"\u201cHakimiyy\u0259t median\u0131n f\u0259aliyy\u0259tini yax\u015f\u0131la\u015fd\u0131rmaq ist\u0259yirs\u0259, jurnalistl\u0259rin f\u0259aliyy\u0259tin\u0259 m\u00fcdaxil\u0259ni aradan qald\u0131rs\u0131n\u201d - MEYDAN.TV","isPartOf":{"@id":"https:\/\/www.meydan.tv\/az\/#website"},"primaryImageOfPage":{"@id":"https:\/\/www.meydan.tv\/az\/article\/hakimiyyet-medianin-fealiyyetini-yaxsilasdirmaq-isteyirse-jurnalistlerin-fealiyyetine-mudaxileni-aradan-qaldirsin\/#primaryimage"},"image":{"@id":"https:\/\/www.meydan.tv\/az\/article\/hakimiyyet-medianin-fealiyyetini-yaxsilasdirmaq-isteyirse-jurnalistlerin-fealiyyetine-mudaxileni-aradan-qaldirsin\/#primaryimage"},"thumbnailUrl":"https:\/\/www.meydan.tv\/wp-content\/uploads\/kamran-mahmudov-profile.jpg","datePublished":"2020-09-29T12:33:30+00:00","breadcrumb":{"@id":"https:\/\/www.meydan.tv\/az\/article\/hakimiyyet-medianin-fealiyyetini-yaxsilasdirmaq-isteyirse-jurnalistlerin-fealiyyetine-mudaxileni-aradan-qaldirsin\/#breadcrumb"},"inLanguage":"az","potentialAction":[{"@type":"ReadAction","target":["https:\/\/www.meydan.tv\/az\/article\/hakimiyyet-medianin-fealiyyetini-yaxsilasdirmaq-isteyirse-jurnalistlerin-fealiyyetine-mudaxileni-aradan-qaldirsin\/"]}]},{"@type":"ImageObject","inLanguage":"az","@id":"https:\/\/www.meydan.tv\/az\/article\/hakimiyyet-medianin-fealiyyetini-yaxsilasdirmaq-isteyirse-jurnalistlerin-fealiyyetine-mudaxileni-aradan-qaldirsin\/#primaryimage","url":"https:\/\/www.meydan.tv\/wp-content\/uploads\/kamran-mahmudov-profile.jpg","contentUrl":"https:\/\/www.meydan.tv\/wp-content\/uploads\/kamran-mahmudov-profile.jpg","width":720,"height":491,"caption":"Source: Facebook"},{"@type":"BreadcrumbList","@id":"https:\/\/www.meydan.tv\/az\/article\/hakimiyyet-medianin-fealiyyetini-yaxsilasdirmaq-isteyirse-jurnalistlerin-fealiyyetine-mudaxileni-aradan-qaldirsin\/#breadcrumb","itemListElement":[{"@type":"ListItem","position":1,"name":"Ana s\u0259hif\u0259","item":"https:\/\/www.meydan.tv\/az\/"},{"@type":"ListItem","position":2,"name":"Analitika","item":"https:\/\/www.meydan.tv\/az\/section\/analitika\/"},{"@type":"ListItem","position":3,"name":"\u201cHakimiyy\u0259t median\u0131n f\u0259aliyy\u0259tini yax\u015f\u0131la\u015fd\u0131rmaq ist\u0259yirs\u0259, jurnalistl\u0259rin f\u0259aliyy\u0259tin\u0259 m\u00fcdaxil\u0259ni aradan qald\u0131rs\u0131n\u201d"}]},{"@type":"WebSite","@id":"https:\/\/www.meydan.tv\/az\/#website","url":"https:\/\/www.meydan.tv\/az\/","name":"MEYDAN.TV","description":"Meydan TV Az\u0259rbaycan\u0131n media m\u0259kan\u0131ndak\u0131 alternativ s\u0259sidir","publisher":{"@id":"https:\/\/www.meydan.tv\/az\/#organization"},"potentialAction":[{"@type":"SearchAction","target":{"@type":"EntryPoint","urlTemplate":"https:\/\/www.meydan.tv\/az\/?s={search_term_string}"},"query-input":{"@type":"PropertyValueSpecification","valueRequired":true,"valueName":"search_term_string"}}],"inLanguage":"az"},{"@type":"Organization","@id":"https:\/\/www.meydan.tv\/az\/#organization","name":"Meydan TV","url":"https:\/\/www.meydan.tv\/az\/","logo":{"@type":"ImageObject","inLanguage":"az","@id":"https:\/\/www.meydan.tv\/az\/#\/schema\/logo\/image\/","url":"https:\/\/www.meydan.tv\/wp-content\/uploads\/2021\/07\/meydan-logo.svg","contentUrl":"https:\/\/www.meydan.tv\/wp-content\/uploads\/2021\/07\/meydan-logo.svg","width":195,"height":46,"caption":"Meydan TV"},"image":{"@id":"https:\/\/www.meydan.tv\/az\/#\/schema\/logo\/image\/"}},{"@type":"Person","@id":"https:\/\/www.meydan.tv\/az\/#\/schema\/person\/10d11eccf6da3662cf5fdab9806ea91a","name":"user-manager"}]}},"_links":{"self":[{"href":"https:\/\/www.meydan.tv\/az\/wp-json\/wp\/v2\/posts\/202687","targetHints":{"allow":["GET"]}}],"collection":[{"href":"https:\/\/www.meydan.tv\/az\/wp-json\/wp\/v2\/posts"}],"about":[{"href":"https:\/\/www.meydan.tv\/az\/wp-json\/wp\/v2\/types\/post"}],"author":[{"embeddable":true,"href":"https:\/\/www.meydan.tv\/az\/wp-json\/wp\/v2\/users\/11"}],"replies":[{"embeddable":true,"href":"https:\/\/www.meydan.tv\/az\/wp-json\/wp\/v2\/comments?post=202687"}],"version-history":[{"count":0,"href":"https:\/\/www.meydan.tv\/az\/wp-json\/wp\/v2\/posts\/202687\/revisions"}],"wp:featuredmedia":[{"embeddable":true,"href":"https:\/\/www.meydan.tv\/az\/wp-json\/wp\/v2\/media\/148639"}],"wp:attachment":[{"href":"https:\/\/www.meydan.tv\/az\/wp-json\/wp\/v2\/media?parent=202687"}],"wp:term":[{"taxonomy":"category","embeddable":true,"href":"https:\/\/www.meydan.tv\/az\/wp-json\/wp\/v2\/categories?post=202687"},{"taxonomy":"post_tag","embeddable":true,"href":"https:\/\/www.meydan.tv\/az\/wp-json\/wp\/v2\/tags?post=202687"}],"curies":[{"name":"wp","href":"https:\/\/api.w.org\/{rel}","templated":true}]}}