{"id":202677,"date":"2020-09-28T23:48:57","date_gmt":"2020-09-28T23:48:57","guid":{"rendered":"https:\/\/www.meydan.tv\/article\/iranda-azerbaycanlilari-pullu-kimi-tanimaga-baslayiblar\/"},"modified":"2020-09-28T23:48:57","modified_gmt":"2020-09-28T23:48:57","slug":"iranda-azerbaycanlilari-pullu-kimi-tanimaga-baslayiblar","status":"publish","type":"post","link":"https:\/\/www.meydan.tv\/az\/article\/iranda-azerbaycanlilari-pullu-kimi-tanimaga-baslayiblar\/","title":{"rendered":"\u201c\u0130randa az\u0259rbaycanl\u0131lar\u0131 pullu kimi tan\u0131ma\u011fa ba\u015flay\u0131blar\u201d"},"content":{"rendered":"<p>\n  <i><br \/>\n    G\u00f6y\u00e7ay sakini: \u201cSizd\u0259 Nadir Qafarzad\u0259nin n\u00f6mr\u0259si olmaz? Deyirl\u0259r, ham\u0131ya \u0259l tutur\u201d<br \/>\n  <\/i>\n<\/p>\n<p>\n  G\u00f6y\u00e7ay\u0131n Q\u0131z\u0131la\u011fac k\u0259nd sakini Elmira S\u0259diyeva x\u0259r\u00e7\u0259ng x\u0259st\u0259liyi il\u0259 m\u00fcbariz\u0259 apar\u0131r. Dediyin\u0259 g\u00f6r\u0259, m\u00fcalic\u0259 \u00fc\u00e7\u00fcn daha maddi g\u00fcc\u00fc qalmay\u0131b.\n<\/p>\n<p>\n  <b><br \/>\n    \u201c\u0130rana m\u00fcalic\u0259 ucuz oldu\u011funa g\u00f6r\u0259 getmi\u015fdik\u201d<br \/>\n  <\/b>\n<\/p>\n<p>\n  Bir ne\u00e7\u0259 il \u0259vv\u0259l qida borusunda \u015fi\u015f a\u015fkarlanan qad\u0131n indi \u00f6z\u00fcn\u00fc he\u00e7 yax\u015f\u0131 hiss etmir. Elmira xan\u0131m\u0131n d\u0259rdini q\u0131z\u0131 S\u0259bin\u0259 S\u0259diyeva dil\u0259 g\u0259tirir.\n<\/p>\n<p>\n  \u201cM\u00fcalic\u0259y\u0259 burda ba\u015flamaq ist\u0259dik. Top\u00e7uba\u015fov ad\u0131na x\u0259st\u0259xanaya getdik, amma diaqnozdan raz\u0131 qalmad\u0131q. H\u0259m d\u0259 Az\u0259rbaycanda biz\u0259 \u00e7ox pul deyirdil\u0259r. Q\u0259rara g\u0259ldik ki, \u0130rana ged\u0259k. \u0130rana da m\u0259hz m\u00fcalic\u0259 ucuz oldu\u011funa g\u00f6r\u0259 getmi\u015fdik. Ke\u00e7\u0259n ilin sentyabr\u0131nda yola d\u00fc\u015fd\u00fck. \u0130ki ay \u018frd\u0259bild\u0259 qald\u0131q. Anam 4 kimyaterapiya, 25 \u015f\u00fca proseduru ke\u00e7di. He\u00e7 orda da rahat deyil daha. \u0130randa az\u0259rbaycanl\u0131lar\u0131 pullu kimi tan\u0131ma\u011fa ba\u015flay\u0131blar\u201d.\n<\/p>\n<p>\n  S\u0259bin\u0259 xan\u0131m\u0131n dediyin\u0259 g\u00f6r\u0259, anas\u0131 \u0130randan yax\u015f\u0131 v\u0259ziyy\u0259td\u0259 qay\u0131d\u0131b. Bu ilin yay\u0131nda Elmira S\u0259diyevan\u0131n hal\u0131 yen\u0259 pisl\u0259\u015fib. M\u00fcayin\u0259l\u0259r \u015fi\u015fin qar\u0131n nahiy\u0259sin\u0259 yay\u0131lmas\u0131n\u0131 ortaya \u00e7\u0131xar\u0131b.\n<\/p>\n<p>\n  \u201c\u00c7ox pisdi v\u0259ziyy\u0259ti. D\u00fcn\u0259n el\u0259 bildim ki, \u00f6l\u0259c\u0259k. M\u00f6hk\u0259m a\u011fr\u0131yandan sonra sentyabr\u0131n 16-da kimyaterapiya etm\u0259li olduq. \u0130ndi deyirl\u0259r ki, \u0130randa balaca bir \u015fi\u015f k\u0259silm\u0259liydi, yoxsa bu yer\u0259 g\u0259lib \u00e7\u0131xmayacaqd\u0131. Halbuki ke\u00e7\u0259n il v\u0259ziyy\u0259ti bundan \u00e7ox a\u011f\u0131r idi. Amma \u0130randan \u00e7ox g\u00fcmrah qay\u0131tm\u0131\u015fd\u0131\u201d.\n<\/p>\n<p>\n  <b><br \/>\n    \u201cH\u0259kim bo\u015f cibini g\u00f6st\u0259rib dedi ki, pul verm\u0259lis\u0259n\u201d<br \/>\n  <\/b>\n<\/p>\n<p>\n  S\u0259bin\u0259 S\u0259diyeva 4 il \u0259vv\u0259l h\u0259yat yolda\u015f\u0131ndan bo\u015fan\u0131b, 2 \u00f6vlad\u0131 il\u0259 kiray\u0259d\u0259 ya\u015fay\u0131r. \u00dcst\u0259lik, anas\u0131n\u0131n qay\u011f\u0131s\u0131na qalmal\u0131 olur.\n<\/p>\n<p>\n  \u201cAnam\u0131 ata bilm\u0259r\u0259m. X\u0259st\u0259liyi d\u00f6vr\u00fcnd\u0259 he\u00e7 ayr\u0131lmam\u0131\u015fam ondan. Maddi g\u00fcc\u00fcm \u00e7atm\u0131r, amma \u00e7abalay\u0131ram ki, onu h\u0259yatda saxlay\u0131m. \u00c7ox pul ist\u0259yirl\u0259r. Ay\u0131n 16-da el\u0259dikl\u0259ri kimyaterapiyaya t\u0259xmin\u0259n 700 manat getdi. Onkologiyada h\u0259kim m\u0259n\u0259 bo\u015f cibini g\u00f6st\u0259rib dedi ki, ya\u015fama\u011f\u0131n\u0131 ist\u0259yirs\u0259ns\u0259, pul verm\u0259lis\u0259n. Ay\u0131n 30-u n\u00f6vb\u0259ti prosedur olmal\u0131d\u0131. Pul yoxdu, he\u00e7 hardan tapaca\u011f\u0131m\u0131 da bilmir\u0259m\u201d.\n<\/p>\n<p>\n  Elmira S\u0259diyevan\u0131n \u00fc\u00e7 q\u0131z \u00f6vlad\u0131 var. S\u0259bin\u0259 xan\u0131m deyir ki, bac\u0131lar\u0131ndan n\u0259s\u0259 umma\u011fa d\u0259ym\u0259z.\n<\/p>\n<p>\n  \u201c\u018frd\u0259dil\u0259r. Onlar\u0131n da durumu yax\u015f\u0131 deyil. Anam x\u0259st\u0259l\u0259n\u0259n\u0259 q\u0259d\u0259r babat idi v\u0259ziyy\u0259t. Restoranda a\u015fpaz i\u015fl\u0259yirdi. \u0130ndi he\u00e7 \u00f6z\u00fcn\u00fc idar\u0259 el\u0259y\u0259 bilmir. M\u0259n i\u015fl\u0259m\u0259y\u0259 ged\u0259nd\u0259 anama qon\u015fular bax\u0131r. Q\u0131z\u0131m\u0131n 16 ya\u015f\u0131 var, o da bacard\u0131\u011f\u0131n\u0131 el\u0259yir\u201d.\n<\/p>\n<p>\n  S\u00f6hb\u0259tin bu yerind\u0259 m\u0259lum olur ki, S\u0259bin\u0259 S\u0259diyevan\u0131n q\u0131z\u0131n\u0131n 16 ya\u015f\u0131 olsa da, \u00f6z\u00fcnd\u0259n 3 ya\u015f ki\u00e7ik olan qarsda\u015f\u0131yla eyni sinifd\u0259 oxuyur. V\u0259ziyy\u0259tin bel\u0259 olmas\u0131nda da imkans\u0131zl\u0131q rol oynay\u0131b.\n<\/p>\n<p>\n  \u201cO vaxt m\u0259kt\u0259b\u0259 g\u00f6nd\u0259r\u0259 bilm\u0259dik. O\u011flum birinci sinf\u0259 ged\u0259nd\u0259 ona qo\u015fduq. \u0130ndi h\u0259r ikisi s\u0259kkizinci sinifd\u0259 oxuuyur. Halbuki q\u0131z\u0131m g\u0259l\u0259n ilin yay\u0131nda m\u0259kt\u0259bi bitirm\u0259liydi. Oktyabr\u0131n 1-d\u0259 m\u0259kt\u0259b\u0259 getm\u0259lidil\u0259r. N\u0259 paltar var, n\u0259 ayaqqab\u0131, n\u0259 d\u0259 \u00e7anta. \u0130nternet olmad\u0131\u011f\u0131ndan, onlayn d\u0259rs\u0259 d\u0259 qo\u015fulmurlar\u201d.\n<\/p>\n<p>\n  <b><br \/>\n    \u201c9 min manat aliment borcu y\u0131\u011f\u0131l\u0131b\u201d<br \/>\n  <\/b>\n<\/p>\n<p>\n  Elmira S\u0259diyeva c\u0259mi 200 manat t\u0259qa\u00fcd al\u0131r. Pulun ham\u0131s\u0131 m\u00fcalic\u0259y\u0259 s\u0259rf olunur. S\u0259bin\u0259 xan\u0131m sosial yard\u0131m \u00fc\u00e7\u00fcn m\u00fcraci\u0259t etdikl\u0259rini, amma m\u00fcsb\u0259t cavab almad\u0131qlar\u0131n\u0131 deyir.\n<\/p>\n<p>\n  \u201c190 manat \u00fc\u00e7\u00fcn \u00e7ox \u00e7al\u0131\u015fd\u0131m, ala bilm\u0259dim. \u018frzaq alma\u011fa da c\u0259hd g\u00f6st\u0259rdim, verm\u0259dil\u0259r. \u00c7ox a\u011f\u0131r v\u0259ziyy\u0259td\u0259yik biz. He\u00e7 n\u0259 ala bilmirik. \u0130mkanl\u0131 adamlar g\u00f6rd\u00fcm ki, \u0259rzaq pay\u0131 alm\u0131\u015fd\u0131. Aliment r\u0259smil\u0259\u015fdiyind\u0259n, sosial yard\u0131m \u00fc\u00e7\u00fcn deyirl\u0259r ki, d\u00f6vl\u0259td\u0259n ba\u015fqa pul ala bilm\u0259rs\u0259n. O alimenti d\u0259 he\u00e7 ala bilmir\u0259m\u201d.\n<\/p>\n<p>\n  Qad\u0131n\u0131n dediyin\u0259 g\u00f6r\u0259, ke\u00e7mi\u015f h\u0259yat yolda\u015f\u0131n\u0131n 9 min manatdan \u00e7ox aliment borcu yaran\u0131b. \u00c7oxdand\u0131r ondan pul almaq olmur.\n<\/p>\n<p>\n  \u201c300 bir, 200 bir vermi\u015fdi. Bir d\u0259f\u0259 s\u0131x\u0131\u015fd\u0131randa 1000 manat ala bilmi\u015fdim. Daha vermir. Vaxt\u0131nda ala bils\u0259ydim, \u00fcz\u0259rim\u0259 bu q\u0259d\u0259r borc y\u0131\u011f\u0131lmazd\u0131. \u018fvv\u0259lc\u0259 iki u\u015fa\u011fa g\u00f6r\u0259 186 manat aliment k\u0259silmi\u015fdi. Borc b\u00f6y\u00fcy\u0259nd\u0259n sonra dedil\u0259r ki, ayda 300 manat versin. Y\u0259ni \u0259lav\u0259 m\u0259bl\u0259\u011f \u00fcmumi borcdan \u00e7\u0131x\u0131ls\u0131n. Amma onu da ala bilmir\u0259m. Z\u0259ng vuranda da t\u0259hqir e\u015fidir\u0259m. Bir d\u0259f\u0259 u\u015faqlar\u0131yla maraqlanm\u0131r\u201d.\n<\/p>\n<p>\n  S\u0259bin\u0259 S\u0259diyevan\u0131n daimi i\u015fi yoxdur. Qulluq\u00e7uluqla g\u00fcn\u0259 5-10 manat qazanma\u011fa \u00e7al\u0131\u015f\u0131r:\n<\/p>\n<p>\n  \u201c\u015e\u00fc\u015f\u0259 silir\u0259m, xal\u00e7a yuyuram, ev y\u0131\u011f\u0131\u015fd\u0131r\u0131ram. Bu pulla ya\u015famaq m\u00fcmk\u00fcn deyil. He\u00e7 n\u0259y\u0259 \u00e7atm\u0131r. \u0130ki ayd\u0131 kiray\u0259 pulunu ver\u0259 bilmir\u0259m. Anam\u0131n ya\u015fad\u0131\u011f\u0131 evi sat\u0131l\u0131\u011fa qoymu\u015fuq. Ke\u00e7\u0259n ilin sentyabr\u0131nda anam\u0131n pensiya kart\u0131 il\u0259 2 min manat kredit g\u00f6t\u00fcrm\u00fc\u015f\u00fck, h\u0259l\u0259 d\u0259 bitm\u0259yib. \u00dc\u00e7 il \u00f6d\u0259m\u0259liyik. B\u00fct\u00fcn pullar m\u00fcalic\u0259y\u0259 s\u0259rf olunub\u201d.\n<\/p>\n<p>\n  S\u0259bin\u0259 xan\u0131m bir d\u0259f\u0259 u\u015faqlar\u0131n\u0131n oxudu\u011fu sinifd\u0259 valideynl\u0259rin pul toplay\u0131b ona verdiyini x\u0259cal\u0259tl\u0259 xat\u0131rlay\u0131r. Lap ax\u0131rda utanaraq soru\u015fur: \u201cSizd\u0259 m\u00fc\u011f\u0259nni Nadir Qafarzad\u0259nin telefon n\u00f6mr\u0259si olmaz? Deyirl\u0259r ki, ham\u0131ya \u0259l tutur&#8230;\u201d<\/p>\n","protected":false},"excerpt":{"rendered":"<p>G\u00f6y\u00e7ay sakini: \u201cSizd\u0259 Nadir Qafarzad\u0259nin n\u00f6mr\u0259si olmaz? Deyirl\u0259r, ham\u0131ya \u0259l tutur\u201d<\/p>\n","protected":false},"author":11,"featured_media":148597,"comment_status":"closed","ping_status":"open","sticky":false,"template":"","format":"standard","meta":{"_acf_changed":false,"_sitemap_exclude":false,"_sitemap_priority":"","_sitemap_frequency":"","footnotes":""},"categories":[60],"tags":[],"class_list":["post-202677","post","type-post","status-publish","format-standard","has-post-thumbnail","hentry","category-bolge","infinite-scroll-item","generate-columns","tablet-grid-50","mobile-grid-100","grid-parent","grid-33","no-featured-image-padding"],"acf":[],"yoast_head":"<!-- This site is optimized with the Yoast SEO plugin v27.5 - https:\/\/yoast.com\/product\/yoast-seo-wordpress\/ -->\n<title>\u201c\u0130randa az\u0259rbaycanl\u0131lar\u0131 pullu kimi tan\u0131ma\u011fa ba\u015flay\u0131blar\u201d - MEYDAN.TV<\/title>\n<meta name=\"robots\" content=\"index, follow, max-snippet:-1, max-image-preview:large, max-video-preview:-1\" \/>\n<link rel=\"canonical\" href=\"https:\/\/www.meydan.tv\/az\/article\/iranda-azerbaycanlilari-pullu-kimi-tanimaga-baslayiblar\/\" \/>\n<meta property=\"og:locale\" content=\"az_AZ\" \/>\n<meta property=\"og:type\" content=\"article\" \/>\n<meta property=\"og:title\" content=\"\u201c\u0130randa az\u0259rbaycanl\u0131lar\u0131 pullu kimi tan\u0131ma\u011fa ba\u015flay\u0131blar\u201d - MEYDAN.TV\" \/>\n<meta property=\"og:description\" content=\"G\u00f6y\u00e7ay sakini: \u201cSizd\u0259 Nadir Qafarzad\u0259nin n\u00f6mr\u0259si olmaz? Deyirl\u0259r, ham\u0131ya \u0259l tutur\u201d\" \/>\n<meta property=\"og:url\" content=\"https:\/\/www.meydan.tv\/az\/article\/iranda-azerbaycanlilari-pullu-kimi-tanimaga-baslayiblar\/\" \/>\n<meta property=\"og:site_name\" content=\"MEYDAN.TV\" \/>\n<meta property=\"article:published_time\" content=\"2020-09-28T23:48:57+00:00\" \/>\n<meta property=\"og:image\" content=\"https:\/\/www.meydan.tv\/wp-content\/uploads\/untitled_design_9_ygzjiw4.png\" \/>\n\t<meta property=\"og:image:width\" content=\"1280\" \/>\n\t<meta property=\"og:image:height\" content=\"720\" \/>\n\t<meta property=\"og:image:type\" content=\"image\/png\" \/>\n<meta name=\"author\" content=\"user-manager\" \/>\n<meta name=\"twitter:card\" content=\"summary_large_image\" \/>\n<script type=\"application\/ld+json\" class=\"yoast-schema-graph\">{\"@context\":\"https:\\\/\\\/schema.org\",\"@graph\":[{\"@type\":\"Article\",\"@id\":\"https:\\\/\\\/www.meydan.tv\\\/az\\\/article\\\/iranda-azerbaycanlilari-pullu-kimi-tanimaga-baslayiblar\\\/#article\",\"isPartOf\":{\"@id\":\"https:\\\/\\\/www.meydan.tv\\\/az\\\/article\\\/iranda-azerbaycanlilari-pullu-kimi-tanimaga-baslayiblar\\\/\"},\"author\":{\"name\":\"user-manager\",\"@id\":\"https:\\\/\\\/www.meydan.tv\\\/az\\\/#\\\/schema\\\/person\\\/10d11eccf6da3662cf5fdab9806ea91a\"},\"headline\":\"\u201c\u0130randa az\u0259rbaycanl\u0131lar\u0131 pullu kimi tan\u0131ma\u011fa ba\u015flay\u0131blar\u201d\",\"datePublished\":\"2020-09-28T23:48:57+00:00\",\"mainEntityOfPage\":{\"@id\":\"https:\\\/\\\/www.meydan.tv\\\/az\\\/article\\\/iranda-azerbaycanlilari-pullu-kimi-tanimaga-baslayiblar\\\/\"},\"wordCount\":1029,\"publisher\":{\"@id\":\"https:\\\/\\\/www.meydan.tv\\\/az\\\/#organization\"},\"image\":{\"@id\":\"https:\\\/\\\/www.meydan.tv\\\/az\\\/article\\\/iranda-azerbaycanlilari-pullu-kimi-tanimaga-baslayiblar\\\/#primaryimage\"},\"thumbnailUrl\":\"https:\\\/\\\/www.meydan.tv\\\/wp-content\\\/uploads\\\/untitled_design_9_ygzjiw4.png\",\"articleSection\":[\"B\u00f6lg\u0259\"],\"inLanguage\":\"az\"},{\"@type\":\"WebPage\",\"@id\":\"https:\\\/\\\/www.meydan.tv\\\/az\\\/article\\\/iranda-azerbaycanlilari-pullu-kimi-tanimaga-baslayiblar\\\/\",\"url\":\"https:\\\/\\\/www.meydan.tv\\\/az\\\/article\\\/iranda-azerbaycanlilari-pullu-kimi-tanimaga-baslayiblar\\\/\",\"name\":\"\u201c\u0130randa az\u0259rbaycanl\u0131lar\u0131 pullu kimi tan\u0131ma\u011fa ba\u015flay\u0131blar\u201d - MEYDAN.TV\",\"isPartOf\":{\"@id\":\"https:\\\/\\\/www.meydan.tv\\\/az\\\/#website\"},\"primaryImageOfPage\":{\"@id\":\"https:\\\/\\\/www.meydan.tv\\\/az\\\/article\\\/iranda-azerbaycanlilari-pullu-kimi-tanimaga-baslayiblar\\\/#primaryimage\"},\"image\":{\"@id\":\"https:\\\/\\\/www.meydan.tv\\\/az\\\/article\\\/iranda-azerbaycanlilari-pullu-kimi-tanimaga-baslayiblar\\\/#primaryimage\"},\"thumbnailUrl\":\"https:\\\/\\\/www.meydan.tv\\\/wp-content\\\/uploads\\\/untitled_design_9_ygzjiw4.png\",\"datePublished\":\"2020-09-28T23:48:57+00:00\",\"breadcrumb\":{\"@id\":\"https:\\\/\\\/www.meydan.tv\\\/az\\\/article\\\/iranda-azerbaycanlilari-pullu-kimi-tanimaga-baslayiblar\\\/#breadcrumb\"},\"inLanguage\":\"az\",\"potentialAction\":[{\"@type\":\"ReadAction\",\"target\":[\"https:\\\/\\\/www.meydan.tv\\\/az\\\/article\\\/iranda-azerbaycanlilari-pullu-kimi-tanimaga-baslayiblar\\\/\"]}]},{\"@type\":\"ImageObject\",\"inLanguage\":\"az\",\"@id\":\"https:\\\/\\\/www.meydan.tv\\\/az\\\/article\\\/iranda-azerbaycanlilari-pullu-kimi-tanimaga-baslayiblar\\\/#primaryimage\",\"url\":\"https:\\\/\\\/www.meydan.tv\\\/wp-content\\\/uploads\\\/untitled_design_9_ygzjiw4.png\",\"contentUrl\":\"https:\\\/\\\/www.meydan.tv\\\/wp-content\\\/uploads\\\/untitled_design_9_ygzjiw4.png\",\"width\":1280,\"height\":720,\"caption\":\"Source: Meydan Tv\"},{\"@type\":\"BreadcrumbList\",\"@id\":\"https:\\\/\\\/www.meydan.tv\\\/az\\\/article\\\/iranda-azerbaycanlilari-pullu-kimi-tanimaga-baslayiblar\\\/#breadcrumb\",\"itemListElement\":[{\"@type\":\"ListItem\",\"position\":1,\"name\":\"Ana s\u0259hif\u0259\",\"item\":\"https:\\\/\\\/www.meydan.tv\\\/az\\\/\"},{\"@type\":\"ListItem\",\"position\":2,\"name\":\"B\u00f6lg\u0259\",\"item\":\"https:\\\/\\\/www.meydan.tv\\\/az\\\/section\\\/bolge\\\/\"},{\"@type\":\"ListItem\",\"position\":3,\"name\":\"\u201c\u0130randa az\u0259rbaycanl\u0131lar\u0131 pullu kimi tan\u0131ma\u011fa ba\u015flay\u0131blar\u201d\"}]},{\"@type\":\"WebSite\",\"@id\":\"https:\\\/\\\/www.meydan.tv\\\/az\\\/#website\",\"url\":\"https:\\\/\\\/www.meydan.tv\\\/az\\\/\",\"name\":\"MEYDAN.TV\",\"description\":\"Meydan TV Az\u0259rbaycan\u0131n media m\u0259kan\u0131ndak\u0131 alternativ s\u0259sidir\",\"publisher\":{\"@id\":\"https:\\\/\\\/www.meydan.tv\\\/az\\\/#organization\"},\"potentialAction\":[{\"@type\":\"SearchAction\",\"target\":{\"@type\":\"EntryPoint\",\"urlTemplate\":\"https:\\\/\\\/www.meydan.tv\\\/az\\\/?s={search_term_string}\"},\"query-input\":{\"@type\":\"PropertyValueSpecification\",\"valueRequired\":true,\"valueName\":\"search_term_string\"}}],\"inLanguage\":\"az\"},{\"@type\":\"Organization\",\"@id\":\"https:\\\/\\\/www.meydan.tv\\\/az\\\/#organization\",\"name\":\"Meydan TV\",\"url\":\"https:\\\/\\\/www.meydan.tv\\\/az\\\/\",\"logo\":{\"@type\":\"ImageObject\",\"inLanguage\":\"az\",\"@id\":\"https:\\\/\\\/www.meydan.tv\\\/az\\\/#\\\/schema\\\/logo\\\/image\\\/\",\"url\":\"https:\\\/\\\/www.meydan.tv\\\/wp-content\\\/uploads\\\/2021\\\/07\\\/meydan-logo.svg\",\"contentUrl\":\"https:\\\/\\\/www.meydan.tv\\\/wp-content\\\/uploads\\\/2021\\\/07\\\/meydan-logo.svg\",\"width\":195,\"height\":46,\"caption\":\"Meydan TV\"},\"image\":{\"@id\":\"https:\\\/\\\/www.meydan.tv\\\/az\\\/#\\\/schema\\\/logo\\\/image\\\/\"}},{\"@type\":\"Person\",\"@id\":\"https:\\\/\\\/www.meydan.tv\\\/az\\\/#\\\/schema\\\/person\\\/10d11eccf6da3662cf5fdab9806ea91a\",\"name\":\"user-manager\"}]}<\/script>\n<!-- \/ Yoast SEO plugin. -->","yoast_head_json":{"title":"\u201c\u0130randa az\u0259rbaycanl\u0131lar\u0131 pullu kimi tan\u0131ma\u011fa ba\u015flay\u0131blar\u201d - MEYDAN.TV","robots":{"index":"index","follow":"follow","max-snippet":"max-snippet:-1","max-image-preview":"max-image-preview:large","max-video-preview":"max-video-preview:-1"},"canonical":"https:\/\/www.meydan.tv\/az\/article\/iranda-azerbaycanlilari-pullu-kimi-tanimaga-baslayiblar\/","og_locale":"az_AZ","og_type":"article","og_title":"\u201c\u0130randa az\u0259rbaycanl\u0131lar\u0131 pullu kimi tan\u0131ma\u011fa ba\u015flay\u0131blar\u201d - MEYDAN.TV","og_description":"G\u00f6y\u00e7ay sakini: \u201cSizd\u0259 Nadir Qafarzad\u0259nin n\u00f6mr\u0259si olmaz? Deyirl\u0259r, ham\u0131ya \u0259l tutur\u201d","og_url":"https:\/\/www.meydan.tv\/az\/article\/iranda-azerbaycanlilari-pullu-kimi-tanimaga-baslayiblar\/","og_site_name":"MEYDAN.TV","article_published_time":"2020-09-28T23:48:57+00:00","og_image":[{"width":1280,"height":720,"url":"https:\/\/www.meydan.tv\/wp-content\/uploads\/untitled_design_9_ygzjiw4.png","type":"image\/png"}],"author":"user-manager","twitter_card":"summary_large_image","schema":{"@context":"https:\/\/schema.org","@graph":[{"@type":"Article","@id":"https:\/\/www.meydan.tv\/az\/article\/iranda-azerbaycanlilari-pullu-kimi-tanimaga-baslayiblar\/#article","isPartOf":{"@id":"https:\/\/www.meydan.tv\/az\/article\/iranda-azerbaycanlilari-pullu-kimi-tanimaga-baslayiblar\/"},"author":{"name":"user-manager","@id":"https:\/\/www.meydan.tv\/az\/#\/schema\/person\/10d11eccf6da3662cf5fdab9806ea91a"},"headline":"\u201c\u0130randa az\u0259rbaycanl\u0131lar\u0131 pullu kimi tan\u0131ma\u011fa ba\u015flay\u0131blar\u201d","datePublished":"2020-09-28T23:48:57+00:00","mainEntityOfPage":{"@id":"https:\/\/www.meydan.tv\/az\/article\/iranda-azerbaycanlilari-pullu-kimi-tanimaga-baslayiblar\/"},"wordCount":1029,"publisher":{"@id":"https:\/\/www.meydan.tv\/az\/#organization"},"image":{"@id":"https:\/\/www.meydan.tv\/az\/article\/iranda-azerbaycanlilari-pullu-kimi-tanimaga-baslayiblar\/#primaryimage"},"thumbnailUrl":"https:\/\/www.meydan.tv\/wp-content\/uploads\/untitled_design_9_ygzjiw4.png","articleSection":["B\u00f6lg\u0259"],"inLanguage":"az"},{"@type":"WebPage","@id":"https:\/\/www.meydan.tv\/az\/article\/iranda-azerbaycanlilari-pullu-kimi-tanimaga-baslayiblar\/","url":"https:\/\/www.meydan.tv\/az\/article\/iranda-azerbaycanlilari-pullu-kimi-tanimaga-baslayiblar\/","name":"\u201c\u0130randa az\u0259rbaycanl\u0131lar\u0131 pullu kimi tan\u0131ma\u011fa ba\u015flay\u0131blar\u201d - MEYDAN.TV","isPartOf":{"@id":"https:\/\/www.meydan.tv\/az\/#website"},"primaryImageOfPage":{"@id":"https:\/\/www.meydan.tv\/az\/article\/iranda-azerbaycanlilari-pullu-kimi-tanimaga-baslayiblar\/#primaryimage"},"image":{"@id":"https:\/\/www.meydan.tv\/az\/article\/iranda-azerbaycanlilari-pullu-kimi-tanimaga-baslayiblar\/#primaryimage"},"thumbnailUrl":"https:\/\/www.meydan.tv\/wp-content\/uploads\/untitled_design_9_ygzjiw4.png","datePublished":"2020-09-28T23:48:57+00:00","breadcrumb":{"@id":"https:\/\/www.meydan.tv\/az\/article\/iranda-azerbaycanlilari-pullu-kimi-tanimaga-baslayiblar\/#breadcrumb"},"inLanguage":"az","potentialAction":[{"@type":"ReadAction","target":["https:\/\/www.meydan.tv\/az\/article\/iranda-azerbaycanlilari-pullu-kimi-tanimaga-baslayiblar\/"]}]},{"@type":"ImageObject","inLanguage":"az","@id":"https:\/\/www.meydan.tv\/az\/article\/iranda-azerbaycanlilari-pullu-kimi-tanimaga-baslayiblar\/#primaryimage","url":"https:\/\/www.meydan.tv\/wp-content\/uploads\/untitled_design_9_ygzjiw4.png","contentUrl":"https:\/\/www.meydan.tv\/wp-content\/uploads\/untitled_design_9_ygzjiw4.png","width":1280,"height":720,"caption":"Source: Meydan Tv"},{"@type":"BreadcrumbList","@id":"https:\/\/www.meydan.tv\/az\/article\/iranda-azerbaycanlilari-pullu-kimi-tanimaga-baslayiblar\/#breadcrumb","itemListElement":[{"@type":"ListItem","position":1,"name":"Ana s\u0259hif\u0259","item":"https:\/\/www.meydan.tv\/az\/"},{"@type":"ListItem","position":2,"name":"B\u00f6lg\u0259","item":"https:\/\/www.meydan.tv\/az\/section\/bolge\/"},{"@type":"ListItem","position":3,"name":"\u201c\u0130randa az\u0259rbaycanl\u0131lar\u0131 pullu kimi tan\u0131ma\u011fa ba\u015flay\u0131blar\u201d"}]},{"@type":"WebSite","@id":"https:\/\/www.meydan.tv\/az\/#website","url":"https:\/\/www.meydan.tv\/az\/","name":"MEYDAN.TV","description":"Meydan TV Az\u0259rbaycan\u0131n media m\u0259kan\u0131ndak\u0131 alternativ s\u0259sidir","publisher":{"@id":"https:\/\/www.meydan.tv\/az\/#organization"},"potentialAction":[{"@type":"SearchAction","target":{"@type":"EntryPoint","urlTemplate":"https:\/\/www.meydan.tv\/az\/?s={search_term_string}"},"query-input":{"@type":"PropertyValueSpecification","valueRequired":true,"valueName":"search_term_string"}}],"inLanguage":"az"},{"@type":"Organization","@id":"https:\/\/www.meydan.tv\/az\/#organization","name":"Meydan TV","url":"https:\/\/www.meydan.tv\/az\/","logo":{"@type":"ImageObject","inLanguage":"az","@id":"https:\/\/www.meydan.tv\/az\/#\/schema\/logo\/image\/","url":"https:\/\/www.meydan.tv\/wp-content\/uploads\/2021\/07\/meydan-logo.svg","contentUrl":"https:\/\/www.meydan.tv\/wp-content\/uploads\/2021\/07\/meydan-logo.svg","width":195,"height":46,"caption":"Meydan TV"},"image":{"@id":"https:\/\/www.meydan.tv\/az\/#\/schema\/logo\/image\/"}},{"@type":"Person","@id":"https:\/\/www.meydan.tv\/az\/#\/schema\/person\/10d11eccf6da3662cf5fdab9806ea91a","name":"user-manager"}]}},"_links":{"self":[{"href":"https:\/\/www.meydan.tv\/az\/wp-json\/wp\/v2\/posts\/202677","targetHints":{"allow":["GET"]}}],"collection":[{"href":"https:\/\/www.meydan.tv\/az\/wp-json\/wp\/v2\/posts"}],"about":[{"href":"https:\/\/www.meydan.tv\/az\/wp-json\/wp\/v2\/types\/post"}],"author":[{"embeddable":true,"href":"https:\/\/www.meydan.tv\/az\/wp-json\/wp\/v2\/users\/11"}],"replies":[{"embeddable":true,"href":"https:\/\/www.meydan.tv\/az\/wp-json\/wp\/v2\/comments?post=202677"}],"version-history":[{"count":0,"href":"https:\/\/www.meydan.tv\/az\/wp-json\/wp\/v2\/posts\/202677\/revisions"}],"wp:featuredmedia":[{"embeddable":true,"href":"https:\/\/www.meydan.tv\/az\/wp-json\/wp\/v2\/media\/148597"}],"wp:attachment":[{"href":"https:\/\/www.meydan.tv\/az\/wp-json\/wp\/v2\/media?parent=202677"}],"wp:term":[{"taxonomy":"category","embeddable":true,"href":"https:\/\/www.meydan.tv\/az\/wp-json\/wp\/v2\/categories?post=202677"},{"taxonomy":"post_tag","embeddable":true,"href":"https:\/\/www.meydan.tv\/az\/wp-json\/wp\/v2\/tags?post=202677"}],"curies":[{"name":"wp","href":"https:\/\/api.w.org\/{rel}","templated":true}]}}