{"id":202671,"date":"2020-09-28T15:52:23","date_gmt":"2020-09-28T15:52:23","guid":{"rendered":"https:\/\/www.meydan.tv\/article\/esger-anasi-bizim-ovladlarimiz-fexri-ad-alsinlar-amma-aldiqlari-sehid-adi-olmasin\/"},"modified":"2020-09-28T15:52:23","modified_gmt":"2020-09-28T15:52:23","slug":"esger-anasi-bizim-ovladlarimiz-fexri-ad-alsinlar-amma-aldiqlari-sehid-adi-olmasin","status":"publish","type":"post","link":"https:\/\/www.meydan.tv\/az\/article\/esger-anasi-bizim-ovladlarimiz-fexri-ad-alsinlar-amma-aldiqlari-sehid-adi-olmasin\/","title":{"rendered":"\u018fsg\u0259r anas\u0131: Bizim \u00f6vladlar\u0131m\u0131z f\u0259xri ad als\u0131nlar, amma ald\u0131qlar\u0131 \u015f\u0259hid ad\u0131 olmas\u0131n"},"content":{"rendered":"<p>\n  <i><br \/>\n    \u201cQaraba\u011f al\u0131nsa, bil\u0259r\u0259m ki, o\u011flumun ruhu \u015fadd\u0131r\u201d<br \/>\n  <\/i>\n<\/p>\n<p>\n  F\u00fczulinin Bala B\u0259hm\u0259nli k\u0259nd sakini 39 ya\u015fl\u0131 Nizam\u0259ddin \u0130smay\u0131lov sentyabr\u0131n 27-d\u0259 ax\u015fam saatlar\u0131nda F\u00fczuli u\u011frunda ged\u0259n d\u00f6y\u00fc\u015fl\u0259rd\u0259 h\u0259lak olub.\n<\/p>\n<p>\n  Nizam\u0259ddin \u0130smay\u0131lov ba\u015f gizir olub v\u0259 23 il\u0259 yax\u0131n m\u00fcdd\u0259td\u0259 h\u0259rbid\u0259 qulluq edib.\n<\/p>\n<p>\n  Anas\u0131 Nabat \u0130smay\u0131lova deyir ki, h\u0259min 23 ilin 4 il\u0259 yax\u0131n\u0131n\u0131 \u0130raqda xidm\u0259t edib, s\u00fclhm\u0259raml\u0131 olub. Bir il \u00f6nc\u0259 t\u0259qa\u00fcd\u0259 \u00e7\u0131xmal\u0131 imi\u015f, amma bunu ist\u0259m\u0259yib v\u0259 xidm\u0259tini daha 2 il m\u00fcdd\u0259tin\u0259 art\u0131r\u0131b:\n<\/p>\n<p>\n  \u201cEl\u0259 bil \u0259sg\u0259r kimi g\u0259lmi\u015fdi d\u00fcnyaya, el\u0259 \u0259sg\u0259r kimi d\u0259 getdi. T\u0259qa\u00fcd\u0259 \u00e7\u0131xmaq ist\u0259m\u0259di. \u0130raqdan qay\u0131dandan sonra \u015e\u00fck\u00fcrb\u0259ylid\u0259 xidm\u0259t etm\u0259y\u0259 ba\u015flad\u0131. D\u00fcn\u0259n yan\u0131na qrad d\u00fc\u015f\u00fcb. Onu aya\u011f\u0131ndan v\u0259 k\u00fcr\u0259yind\u0259n yaralay\u0131b. El\u0259 orada da h\u0259yat\u0131n\u0131 itirib. T\u0259k olmay\u0131b, 3 \u0259sg\u0259ri il\u0259 birg\u0259ymi\u015f. \u0130kisinin h\u0259yat\u0131n\u0131 xilas ed\u0259 bilib, \u00f6z\u00fc v\u0259 yan\u0131ndak\u0131 \u0259sg\u0259rl\u0259rd\u0259n biri is\u0259 \u015f\u0259hid olub. Gah da deyirl\u0259r, \u201cham\u0131s\u0131 \u00f6l\u00fcb\u201d. Biz d\u0259 d\u0259qiq bilmirik\u201d.\n<\/p>\n<figure class=\"wp-block-image size-large\">\n  <img decoding=\"async\" src=\"https:\/\/www.meydan.tv\/az\/image_from_ios-1-jpg-153\/\" alt=\"image_from_ios (1).jpg\" class=\"wp-image-148506\"\/><figcaption>\n    Nizam\u0259ddin \u0130smay\u0131lov<br \/>\n  <\/figcaption><\/figure>\n<p>\n  Nabat \u0130smay\u0131lova deyir ki, o\u011flunun \u0259n b\u00f6y\u00fck arzusu Qaraba\u011fa Az\u0259rbaycan bayra\u011f\u0131n\u0131 sancmaq olub. O \u00fcmid edir ki, m\u00fcharib\u0259 q\u0259l\u0259b\u0259 il\u0259 n\u0259tic\u0259l\u0259n\u0259c\u0259k v\u0259 o\u011flunun arzusu h\u0259yata ke\u00e7\u0259c\u0259k:\n<\/p>\n<p>\n  \u201c\u0130nan\u0131ram ki, onun ruhu bunu duyacaq. Yoxsa, m\u0259n\u0259 d\u0259 d\u00f6zm\u0259k \u00e7\u0259tin olar. Qaraba\u011f al\u0131nsa, bil\u0259r\u0259m ki, o\u011flumun ruhu \u015fadd\u0131r\u201d.\n<\/p>\n<p>\n  Nizam\u0259ddin \u0130smay\u0131lov 10 il \u0259vv\u0259l ail\u0259 h\u0259yat\u0131 qurub. 2 \u00f6vlad\u0131 var. B\u00f6y\u00fcy\u00fc 9 ya\u015f\u0131ndad\u0131r:\n<\/p>\n<p>\n  \u201cM\u0259ni, balalar\u0131n\u0131, xan\u0131m\u0131n\u0131 g\u00f6z\u00fcya\u015fl\u0131 qoyub getdi. N\u0259 deyim, o yolu se\u00e7mi\u015fdi, v\u0259t\u0259n yolunda da \u015f\u0259hid oldu. El\u0259 bil g\u00f6zl\u0259yirdi d\u0259. Getm\u0259d\u0259n \u00f6nc\u0259 qarda\u015f\u0131 arvad\u0131na v\u0259siyy\u0259t edib, indi b\u00f6y\u00fctd\u00fcy\u00fcm\u00fcz \u015f\u0259kli verib ona. Deyib, \u201c\u00f6ls\u0259m ba\u015fda\u015f\u0131ma bunu qoyun\u201d. 6 medal\u0131 var idi. Daha birini d\u0259 almaq ist\u0259yirdi. \u0130ndiki medal da oldu 7-ci, plan\u0131 doldurdu. El\u0259 h\u0259min medal da sonu oldu\u201d.\n<\/p>\n<p>\n  Nabat \u0130smay\u0131lovan\u0131n bir arzusu var. O, Qaraba\u011f\u0131n tam azad olmas\u0131n\u0131 ist\u0259yir:\n<\/p>\n<p>\n  \u201cTorpaqlar\u0131m\u0131z geri al\u0131ns\u0131n, balalar\u0131m\u0131z d\u00fc\u015fm\u0259n \u0259lin\u0259 d\u00fc\u015fm\u0259sin, analar qutu g\u00f6rm\u0259sin. Bizim \u00f6vladlar\u0131m\u0131z f\u0259xri ad als\u0131nlar, amma ald\u0131qlar\u0131 \u015f\u0259hid ad\u0131 olmas\u0131n\u201d.<\/p>\n","protected":false},"excerpt":{"rendered":"<p>&#8220;Qaraba\u011f al\u0131nsa, bil\u0259r\u0259m ki, o\u011flumun ruhu \u015fadd\u0131r\u201d.<\/p>\n","protected":false},"author":11,"featured_media":148509,"comment_status":"closed","ping_status":"open","sticky":false,"template":"","format":"standard","meta":{"_acf_changed":false,"_sitemap_exclude":false,"_sitemap_priority":"","_sitemap_frequency":"","footnotes":""},"categories":[60],"tags":[],"class_list":["post-202671","post","type-post","status-publish","format-standard","has-post-thumbnail","hentry","category-bolge","infinite-scroll-item","generate-columns","tablet-grid-50","mobile-grid-100","grid-parent","grid-33","no-featured-image-padding"],"acf":[],"yoast_head":"<!-- This site is optimized with the Yoast SEO plugin v27.5 - https:\/\/yoast.com\/product\/yoast-seo-wordpress\/ -->\n<title>\u018fsg\u0259r anas\u0131: Bizim \u00f6vladlar\u0131m\u0131z f\u0259xri ad als\u0131nlar, amma ald\u0131qlar\u0131 \u015f\u0259hid ad\u0131 olmas\u0131n - MEYDAN.TV<\/title>\n<meta name=\"robots\" content=\"index, follow, max-snippet:-1, max-image-preview:large, max-video-preview:-1\" \/>\n<link rel=\"canonical\" href=\"https:\/\/www.meydan.tv\/az\/article\/esger-anasi-bizim-ovladlarimiz-fexri-ad-alsinlar-amma-aldiqlari-sehid-adi-olmasin\/\" \/>\n<meta property=\"og:locale\" content=\"az_AZ\" \/>\n<meta property=\"og:type\" content=\"article\" \/>\n<meta property=\"og:title\" content=\"\u018fsg\u0259r anas\u0131: Bizim \u00f6vladlar\u0131m\u0131z f\u0259xri ad als\u0131nlar, amma ald\u0131qlar\u0131 \u015f\u0259hid ad\u0131 olmas\u0131n - MEYDAN.TV\" \/>\n<meta property=\"og:description\" content=\"&quot;Qaraba\u011f al\u0131nsa, bil\u0259r\u0259m ki, o\u011flumun ruhu \u015fadd\u0131r\u201d.\" \/>\n<meta property=\"og:url\" content=\"https:\/\/www.meydan.tv\/az\/article\/esger-anasi-bizim-ovladlarimiz-fexri-ad-alsinlar-amma-aldiqlari-sehid-adi-olmasin\/\" \/>\n<meta property=\"og:site_name\" content=\"MEYDAN.TV\" \/>\n<meta property=\"article:published_time\" content=\"2020-09-28T15:52:23+00:00\" \/>\n<meta property=\"og:image\" content=\"https:\/\/www.meydan.tv\/wp-content\/uploads\/image_from_ios_mgoxpac-scaled.jpg\" \/>\n\t<meta property=\"og:image:width\" content=\"2560\" \/>\n\t<meta property=\"og:image:height\" content=\"1918\" \/>\n\t<meta property=\"og:image:type\" content=\"image\/jpeg\" \/>\n<meta name=\"author\" content=\"user-manager\" \/>\n<meta name=\"twitter:card\" content=\"summary_large_image\" \/>\n<script type=\"application\/ld+json\" class=\"yoast-schema-graph\">{\"@context\":\"https:\\\/\\\/schema.org\",\"@graph\":[{\"@type\":\"Article\",\"@id\":\"https:\\\/\\\/www.meydan.tv\\\/az\\\/article\\\/esger-anasi-bizim-ovladlarimiz-fexri-ad-alsinlar-amma-aldiqlari-sehid-adi-olmasin\\\/#article\",\"isPartOf\":{\"@id\":\"https:\\\/\\\/www.meydan.tv\\\/az\\\/article\\\/esger-anasi-bizim-ovladlarimiz-fexri-ad-alsinlar-amma-aldiqlari-sehid-adi-olmasin\\\/\"},\"author\":{\"name\":\"user-manager\",\"@id\":\"https:\\\/\\\/www.meydan.tv\\\/az\\\/#\\\/schema\\\/person\\\/10d11eccf6da3662cf5fdab9806ea91a\"},\"headline\":\"\u018fsg\u0259r anas\u0131: Bizim \u00f6vladlar\u0131m\u0131z f\u0259xri ad als\u0131nlar, amma ald\u0131qlar\u0131 \u015f\u0259hid ad\u0131 olmas\u0131n\",\"datePublished\":\"2020-09-28T15:52:23+00:00\",\"mainEntityOfPage\":{\"@id\":\"https:\\\/\\\/www.meydan.tv\\\/az\\\/article\\\/esger-anasi-bizim-ovladlarimiz-fexri-ad-alsinlar-amma-aldiqlari-sehid-adi-olmasin\\\/\"},\"wordCount\":466,\"publisher\":{\"@id\":\"https:\\\/\\\/www.meydan.tv\\\/az\\\/#organization\"},\"image\":{\"@id\":\"https:\\\/\\\/www.meydan.tv\\\/az\\\/article\\\/esger-anasi-bizim-ovladlarimiz-fexri-ad-alsinlar-amma-aldiqlari-sehid-adi-olmasin\\\/#primaryimage\"},\"thumbnailUrl\":\"https:\\\/\\\/www.meydan.tv\\\/wp-content\\\/uploads\\\/image_from_ios_mgoxpac-scaled.jpg\",\"articleSection\":[\"B\u00f6lg\u0259\"],\"inLanguage\":\"az\"},{\"@type\":\"WebPage\",\"@id\":\"https:\\\/\\\/www.meydan.tv\\\/az\\\/article\\\/esger-anasi-bizim-ovladlarimiz-fexri-ad-alsinlar-amma-aldiqlari-sehid-adi-olmasin\\\/\",\"url\":\"https:\\\/\\\/www.meydan.tv\\\/az\\\/article\\\/esger-anasi-bizim-ovladlarimiz-fexri-ad-alsinlar-amma-aldiqlari-sehid-adi-olmasin\\\/\",\"name\":\"\u018fsg\u0259r anas\u0131: Bizim \u00f6vladlar\u0131m\u0131z f\u0259xri ad als\u0131nlar, amma ald\u0131qlar\u0131 \u015f\u0259hid ad\u0131 olmas\u0131n - MEYDAN.TV\",\"isPartOf\":{\"@id\":\"https:\\\/\\\/www.meydan.tv\\\/az\\\/#website\"},\"primaryImageOfPage\":{\"@id\":\"https:\\\/\\\/www.meydan.tv\\\/az\\\/article\\\/esger-anasi-bizim-ovladlarimiz-fexri-ad-alsinlar-amma-aldiqlari-sehid-adi-olmasin\\\/#primaryimage\"},\"image\":{\"@id\":\"https:\\\/\\\/www.meydan.tv\\\/az\\\/article\\\/esger-anasi-bizim-ovladlarimiz-fexri-ad-alsinlar-amma-aldiqlari-sehid-adi-olmasin\\\/#primaryimage\"},\"thumbnailUrl\":\"https:\\\/\\\/www.meydan.tv\\\/wp-content\\\/uploads\\\/image_from_ios_mgoxpac-scaled.jpg\",\"datePublished\":\"2020-09-28T15:52:23+00:00\",\"breadcrumb\":{\"@id\":\"https:\\\/\\\/www.meydan.tv\\\/az\\\/article\\\/esger-anasi-bizim-ovladlarimiz-fexri-ad-alsinlar-amma-aldiqlari-sehid-adi-olmasin\\\/#breadcrumb\"},\"inLanguage\":\"az\",\"potentialAction\":[{\"@type\":\"ReadAction\",\"target\":[\"https:\\\/\\\/www.meydan.tv\\\/az\\\/article\\\/esger-anasi-bizim-ovladlarimiz-fexri-ad-alsinlar-amma-aldiqlari-sehid-adi-olmasin\\\/\"]}]},{\"@type\":\"ImageObject\",\"inLanguage\":\"az\",\"@id\":\"https:\\\/\\\/www.meydan.tv\\\/az\\\/article\\\/esger-anasi-bizim-ovladlarimiz-fexri-ad-alsinlar-amma-aldiqlari-sehid-adi-olmasin\\\/#primaryimage\",\"url\":\"https:\\\/\\\/www.meydan.tv\\\/wp-content\\\/uploads\\\/image_from_ios_mgoxpac-scaled.jpg\",\"contentUrl\":\"https:\\\/\\\/www.meydan.tv\\\/wp-content\\\/uploads\\\/image_from_ios_mgoxpac-scaled.jpg\",\"width\":2560,\"height\":1918,\"caption\":\"Source: Specify Source\"},{\"@type\":\"BreadcrumbList\",\"@id\":\"https:\\\/\\\/www.meydan.tv\\\/az\\\/article\\\/esger-anasi-bizim-ovladlarimiz-fexri-ad-alsinlar-amma-aldiqlari-sehid-adi-olmasin\\\/#breadcrumb\",\"itemListElement\":[{\"@type\":\"ListItem\",\"position\":1,\"name\":\"Ana s\u0259hif\u0259\",\"item\":\"https:\\\/\\\/www.meydan.tv\\\/az\\\/\"},{\"@type\":\"ListItem\",\"position\":2,\"name\":\"B\u00f6lg\u0259\",\"item\":\"https:\\\/\\\/www.meydan.tv\\\/az\\\/section\\\/bolge\\\/\"},{\"@type\":\"ListItem\",\"position\":3,\"name\":\"\u018fsg\u0259r anas\u0131: Bizim \u00f6vladlar\u0131m\u0131z f\u0259xri ad als\u0131nlar, amma ald\u0131qlar\u0131 \u015f\u0259hid ad\u0131 olmas\u0131n\"}]},{\"@type\":\"WebSite\",\"@id\":\"https:\\\/\\\/www.meydan.tv\\\/az\\\/#website\",\"url\":\"https:\\\/\\\/www.meydan.tv\\\/az\\\/\",\"name\":\"MEYDAN.TV\",\"description\":\"Meydan TV Az\u0259rbaycan\u0131n media m\u0259kan\u0131ndak\u0131 alternativ s\u0259sidir\",\"publisher\":{\"@id\":\"https:\\\/\\\/www.meydan.tv\\\/az\\\/#organization\"},\"potentialAction\":[{\"@type\":\"SearchAction\",\"target\":{\"@type\":\"EntryPoint\",\"urlTemplate\":\"https:\\\/\\\/www.meydan.tv\\\/az\\\/?s={search_term_string}\"},\"query-input\":{\"@type\":\"PropertyValueSpecification\",\"valueRequired\":true,\"valueName\":\"search_term_string\"}}],\"inLanguage\":\"az\"},{\"@type\":\"Organization\",\"@id\":\"https:\\\/\\\/www.meydan.tv\\\/az\\\/#organization\",\"name\":\"Meydan TV\",\"url\":\"https:\\\/\\\/www.meydan.tv\\\/az\\\/\",\"logo\":{\"@type\":\"ImageObject\",\"inLanguage\":\"az\",\"@id\":\"https:\\\/\\\/www.meydan.tv\\\/az\\\/#\\\/schema\\\/logo\\\/image\\\/\",\"url\":\"https:\\\/\\\/www.meydan.tv\\\/wp-content\\\/uploads\\\/2021\\\/07\\\/meydan-logo.svg\",\"contentUrl\":\"https:\\\/\\\/www.meydan.tv\\\/wp-content\\\/uploads\\\/2021\\\/07\\\/meydan-logo.svg\",\"width\":195,\"height\":46,\"caption\":\"Meydan TV\"},\"image\":{\"@id\":\"https:\\\/\\\/www.meydan.tv\\\/az\\\/#\\\/schema\\\/logo\\\/image\\\/\"}},{\"@type\":\"Person\",\"@id\":\"https:\\\/\\\/www.meydan.tv\\\/az\\\/#\\\/schema\\\/person\\\/10d11eccf6da3662cf5fdab9806ea91a\",\"name\":\"user-manager\"}]}<\/script>\n<!-- \/ Yoast SEO plugin. -->","yoast_head_json":{"title":"\u018fsg\u0259r anas\u0131: Bizim \u00f6vladlar\u0131m\u0131z f\u0259xri ad als\u0131nlar, amma ald\u0131qlar\u0131 \u015f\u0259hid ad\u0131 olmas\u0131n - MEYDAN.TV","robots":{"index":"index","follow":"follow","max-snippet":"max-snippet:-1","max-image-preview":"max-image-preview:large","max-video-preview":"max-video-preview:-1"},"canonical":"https:\/\/www.meydan.tv\/az\/article\/esger-anasi-bizim-ovladlarimiz-fexri-ad-alsinlar-amma-aldiqlari-sehid-adi-olmasin\/","og_locale":"az_AZ","og_type":"article","og_title":"\u018fsg\u0259r anas\u0131: Bizim \u00f6vladlar\u0131m\u0131z f\u0259xri ad als\u0131nlar, amma ald\u0131qlar\u0131 \u015f\u0259hid ad\u0131 olmas\u0131n - MEYDAN.TV","og_description":"\"Qaraba\u011f al\u0131nsa, bil\u0259r\u0259m ki, o\u011flumun ruhu \u015fadd\u0131r\u201d.","og_url":"https:\/\/www.meydan.tv\/az\/article\/esger-anasi-bizim-ovladlarimiz-fexri-ad-alsinlar-amma-aldiqlari-sehid-adi-olmasin\/","og_site_name":"MEYDAN.TV","article_published_time":"2020-09-28T15:52:23+00:00","og_image":[{"width":2560,"height":1918,"url":"https:\/\/www.meydan.tv\/wp-content\/uploads\/image_from_ios_mgoxpac-scaled.jpg","type":"image\/jpeg"}],"author":"user-manager","twitter_card":"summary_large_image","schema":{"@context":"https:\/\/schema.org","@graph":[{"@type":"Article","@id":"https:\/\/www.meydan.tv\/az\/article\/esger-anasi-bizim-ovladlarimiz-fexri-ad-alsinlar-amma-aldiqlari-sehid-adi-olmasin\/#article","isPartOf":{"@id":"https:\/\/www.meydan.tv\/az\/article\/esger-anasi-bizim-ovladlarimiz-fexri-ad-alsinlar-amma-aldiqlari-sehid-adi-olmasin\/"},"author":{"name":"user-manager","@id":"https:\/\/www.meydan.tv\/az\/#\/schema\/person\/10d11eccf6da3662cf5fdab9806ea91a"},"headline":"\u018fsg\u0259r anas\u0131: Bizim \u00f6vladlar\u0131m\u0131z f\u0259xri ad als\u0131nlar, amma ald\u0131qlar\u0131 \u015f\u0259hid ad\u0131 olmas\u0131n","datePublished":"2020-09-28T15:52:23+00:00","mainEntityOfPage":{"@id":"https:\/\/www.meydan.tv\/az\/article\/esger-anasi-bizim-ovladlarimiz-fexri-ad-alsinlar-amma-aldiqlari-sehid-adi-olmasin\/"},"wordCount":466,"publisher":{"@id":"https:\/\/www.meydan.tv\/az\/#organization"},"image":{"@id":"https:\/\/www.meydan.tv\/az\/article\/esger-anasi-bizim-ovladlarimiz-fexri-ad-alsinlar-amma-aldiqlari-sehid-adi-olmasin\/#primaryimage"},"thumbnailUrl":"https:\/\/www.meydan.tv\/wp-content\/uploads\/image_from_ios_mgoxpac-scaled.jpg","articleSection":["B\u00f6lg\u0259"],"inLanguage":"az"},{"@type":"WebPage","@id":"https:\/\/www.meydan.tv\/az\/article\/esger-anasi-bizim-ovladlarimiz-fexri-ad-alsinlar-amma-aldiqlari-sehid-adi-olmasin\/","url":"https:\/\/www.meydan.tv\/az\/article\/esger-anasi-bizim-ovladlarimiz-fexri-ad-alsinlar-amma-aldiqlari-sehid-adi-olmasin\/","name":"\u018fsg\u0259r anas\u0131: Bizim \u00f6vladlar\u0131m\u0131z f\u0259xri ad als\u0131nlar, amma ald\u0131qlar\u0131 \u015f\u0259hid ad\u0131 olmas\u0131n - MEYDAN.TV","isPartOf":{"@id":"https:\/\/www.meydan.tv\/az\/#website"},"primaryImageOfPage":{"@id":"https:\/\/www.meydan.tv\/az\/article\/esger-anasi-bizim-ovladlarimiz-fexri-ad-alsinlar-amma-aldiqlari-sehid-adi-olmasin\/#primaryimage"},"image":{"@id":"https:\/\/www.meydan.tv\/az\/article\/esger-anasi-bizim-ovladlarimiz-fexri-ad-alsinlar-amma-aldiqlari-sehid-adi-olmasin\/#primaryimage"},"thumbnailUrl":"https:\/\/www.meydan.tv\/wp-content\/uploads\/image_from_ios_mgoxpac-scaled.jpg","datePublished":"2020-09-28T15:52:23+00:00","breadcrumb":{"@id":"https:\/\/www.meydan.tv\/az\/article\/esger-anasi-bizim-ovladlarimiz-fexri-ad-alsinlar-amma-aldiqlari-sehid-adi-olmasin\/#breadcrumb"},"inLanguage":"az","potentialAction":[{"@type":"ReadAction","target":["https:\/\/www.meydan.tv\/az\/article\/esger-anasi-bizim-ovladlarimiz-fexri-ad-alsinlar-amma-aldiqlari-sehid-adi-olmasin\/"]}]},{"@type":"ImageObject","inLanguage":"az","@id":"https:\/\/www.meydan.tv\/az\/article\/esger-anasi-bizim-ovladlarimiz-fexri-ad-alsinlar-amma-aldiqlari-sehid-adi-olmasin\/#primaryimage","url":"https:\/\/www.meydan.tv\/wp-content\/uploads\/image_from_ios_mgoxpac-scaled.jpg","contentUrl":"https:\/\/www.meydan.tv\/wp-content\/uploads\/image_from_ios_mgoxpac-scaled.jpg","width":2560,"height":1918,"caption":"Source: Specify Source"},{"@type":"BreadcrumbList","@id":"https:\/\/www.meydan.tv\/az\/article\/esger-anasi-bizim-ovladlarimiz-fexri-ad-alsinlar-amma-aldiqlari-sehid-adi-olmasin\/#breadcrumb","itemListElement":[{"@type":"ListItem","position":1,"name":"Ana s\u0259hif\u0259","item":"https:\/\/www.meydan.tv\/az\/"},{"@type":"ListItem","position":2,"name":"B\u00f6lg\u0259","item":"https:\/\/www.meydan.tv\/az\/section\/bolge\/"},{"@type":"ListItem","position":3,"name":"\u018fsg\u0259r anas\u0131: Bizim \u00f6vladlar\u0131m\u0131z f\u0259xri ad als\u0131nlar, amma ald\u0131qlar\u0131 \u015f\u0259hid ad\u0131 olmas\u0131n"}]},{"@type":"WebSite","@id":"https:\/\/www.meydan.tv\/az\/#website","url":"https:\/\/www.meydan.tv\/az\/","name":"MEYDAN.TV","description":"Meydan TV Az\u0259rbaycan\u0131n media m\u0259kan\u0131ndak\u0131 alternativ s\u0259sidir","publisher":{"@id":"https:\/\/www.meydan.tv\/az\/#organization"},"potentialAction":[{"@type":"SearchAction","target":{"@type":"EntryPoint","urlTemplate":"https:\/\/www.meydan.tv\/az\/?s={search_term_string}"},"query-input":{"@type":"PropertyValueSpecification","valueRequired":true,"valueName":"search_term_string"}}],"inLanguage":"az"},{"@type":"Organization","@id":"https:\/\/www.meydan.tv\/az\/#organization","name":"Meydan TV","url":"https:\/\/www.meydan.tv\/az\/","logo":{"@type":"ImageObject","inLanguage":"az","@id":"https:\/\/www.meydan.tv\/az\/#\/schema\/logo\/image\/","url":"https:\/\/www.meydan.tv\/wp-content\/uploads\/2021\/07\/meydan-logo.svg","contentUrl":"https:\/\/www.meydan.tv\/wp-content\/uploads\/2021\/07\/meydan-logo.svg","width":195,"height":46,"caption":"Meydan TV"},"image":{"@id":"https:\/\/www.meydan.tv\/az\/#\/schema\/logo\/image\/"}},{"@type":"Person","@id":"https:\/\/www.meydan.tv\/az\/#\/schema\/person\/10d11eccf6da3662cf5fdab9806ea91a","name":"user-manager"}]}},"_links":{"self":[{"href":"https:\/\/www.meydan.tv\/az\/wp-json\/wp\/v2\/posts\/202671","targetHints":{"allow":["GET"]}}],"collection":[{"href":"https:\/\/www.meydan.tv\/az\/wp-json\/wp\/v2\/posts"}],"about":[{"href":"https:\/\/www.meydan.tv\/az\/wp-json\/wp\/v2\/types\/post"}],"author":[{"embeddable":true,"href":"https:\/\/www.meydan.tv\/az\/wp-json\/wp\/v2\/users\/11"}],"replies":[{"embeddable":true,"href":"https:\/\/www.meydan.tv\/az\/wp-json\/wp\/v2\/comments?post=202671"}],"version-history":[{"count":0,"href":"https:\/\/www.meydan.tv\/az\/wp-json\/wp\/v2\/posts\/202671\/revisions"}],"wp:featuredmedia":[{"embeddable":true,"href":"https:\/\/www.meydan.tv\/az\/wp-json\/wp\/v2\/media\/148509"}],"wp:attachment":[{"href":"https:\/\/www.meydan.tv\/az\/wp-json\/wp\/v2\/media?parent=202671"}],"wp:term":[{"taxonomy":"category","embeddable":true,"href":"https:\/\/www.meydan.tv\/az\/wp-json\/wp\/v2\/categories?post=202671"},{"taxonomy":"post_tag","embeddable":true,"href":"https:\/\/www.meydan.tv\/az\/wp-json\/wp\/v2\/tags?post=202671"}],"curies":[{"name":"wp","href":"https:\/\/api.w.org\/{rel}","templated":true}]}}