{"id":202667,"date":"2020-09-28T15:41:18","date_gmt":"2020-09-28T15:41:18","guid":{"rendered":"https:\/\/www.meydan.tv\/article\/huquq-mudafiecisi-herbi-xidmete-aparilir\/"},"modified":"2020-09-28T15:41:18","modified_gmt":"2020-09-28T15:41:18","slug":"huquq-mudafiecisi-herbi-xidmete-aparilir","status":"publish","type":"post","link":"https:\/\/www.meydan.tv\/az\/article\/huquq-mudafiecisi-herbi-xidmete-aparilir\/","title":{"rendered":"H\u00fcquq m\u00fcdafi\u0259\u00e7isi h\u0259rbi xidm\u0259t\u0259 apar\u0131l\u0131r"},"content":{"rendered":"<p>\n  <i><br \/>\n    B\u0259\u015fir S\u00fcleymanl\u0131 zabit oldu\u011fu \u00fc\u00e7\u00fcn m\u00fcharib\u0259y\u0259 gedir<br \/>\n  <\/i>\n<\/p>\n<p>\n  V\u0259t\u0259nda\u015f H\u00fcquqlar\u0131 \u0130nstitutunun (VH\u0130) r\u0259hb\u0259ri, h\u00fcquq m\u00fcdafi\u0259\u00e7isi B\u0259\u015fir S\u00fcleymanl\u0131 h\u0259rbi xidm\u0259t\u0259 \u00e7a\u011fr\u0131l\u0131b.\n<\/p>\n<p>\n  Bu bar\u0259d\u0259 Meydan TV-y\u0259 dan\u0131\u015fan B\u0259\u015fir S\u00fcleymanl\u0131 bildirib ki, ona ya\u015fad\u0131\u011f\u0131 rayonun H\u0259rbi Komissarl\u0131\u011f\u0131ndan z\u0259ng ed\u0259r\u0259k sentyabr\u0131n 29-da g\u0259lm\u0259yini ist\u0259yibl\u0259r.\n<\/p>\n<p>\n  B\u0259\u015fir S\u00fcleymanl\u0131 zabit oldu\u011fu \u00fc\u00e7\u00fcn h\u0259rbi xidm\u0259t\u0259 \u00e7a\u011fr\u0131ld\u0131\u011f\u0131n\u0131 bildirib:\n<\/p>\n<p>\n  \u201cM\u0259n 2004-2005-ci ill\u0259rd\u0259 motoat\u0131c\u0131 briqadas\u0131nda xidm\u0259t etmi\u015f\u0259m\u201d.\n<\/p>\n<p>\n  B\u0259\u015fir S\u00fcleymanl\u0131 2014-c\u00fc ild\u0259 3.6 il azadl\u0131qdan m\u0259hrum olunub. O, qanunsuz sahibkarl\u0131q, vergid\u0259n yay\u0131nma, v\u0259zif\u0259 s\u0259lahiyy\u0259tini a\u015fmaqda, o c\u00fcml\u0259d\u0259n se\u00e7kinin (referendumun) n\u0259tic\u0259l\u0259rin\u0259 t\u0259sir m\u0259qs\u0259dil\u0259 t\u00f6r\u0259dil\u0259n v\u0259zif\u0259 s\u0259lahiyy\u0259tl\u0259rind\u0259n sui-istifad\u0259d\u0259 t\u0259qsirl\u0259ndirilirdi. B\u0259\u015fir S\u00fceymanl\u0131 2015-ci ilin mart\u0131nda \u0259fv edilib.\n<\/p>\n<p>\n  Prezident \u0130lham \u018fliyev sentyabr\u0131n 28-d\u0259 Az\u0259rbaycanda qism\u0259n s\u0259f\u0259rb\u0259rlik elan edilm\u0259si haqq\u0131nda s\u0259r\u0259ncam imzalay\u0131b. S\u0259r\u0259ncama \u0259sas\u0259n, S\u0259f\u0259rb\u0259rlik v\u0259 H\u0259rbi Xidm\u0259t\u0259 \u00c7a\u011f\u0131r\u0131\u015f \u00fczr\u0259 D\u00f6vl\u0259t Xidm\u0259ti t\u0259sdiq edilmi\u015f planlara uy\u011fun olaraq h\u0259rbi v\u0259zif\u0259lil\u0259rin s\u0259f\u0259rb\u0259rlik \u00fczr\u0259 h\u0259rbi xidm\u0259t\u0259 \u00e7a\u011f\u0131r\u0131lmas\u0131n\u0131 v\u0259 h\u0259rbi-n\u0259qliyyat v\u0259zif\u0259sind\u0259n ir\u0259li g\u0259l\u0259n t\u0259dbirl\u0259rin h\u0259yata ke\u00e7irilm\u0259sini t\u0259min etm\u0259lidir.<\/p>\n","protected":false},"excerpt":{"rendered":"<p>B\u0259\u015fir S\u00fcleymanl\u0131 2014-c\u00fc ild\u0259 3.6 il azadl\u0131qdan m\u0259hrum olunub.<\/p>\n","protected":false},"author":11,"featured_media":96704,"comment_status":"closed","ping_status":"open","sticky":false,"template":"","format":"standard","meta":{"_acf_changed":false,"_sitemap_exclude":false,"_sitemap_priority":"","_sitemap_frequency":"","footnotes":""},"categories":[59],"tags":[],"class_list":["post-202667","post","type-post","status-publish","format-standard","has-post-thumbnail","hentry","category-siyaset","infinite-scroll-item","generate-columns","tablet-grid-50","mobile-grid-100","grid-parent","grid-33","no-featured-image-padding"],"acf":[],"yoast_head":"<!-- This site is optimized with the Yoast SEO plugin v28.4 - https:\/\/yoast.com\/product\/yoast-seo-wordpress\/ -->\n<title>H\u00fcquq m\u00fcdafi\u0259\u00e7isi h\u0259rbi xidm\u0259t\u0259 apar\u0131l\u0131r - MEYDAN.TV<\/title>\n<meta name=\"robots\" content=\"index, follow, max-snippet:-1, max-image-preview:large, max-video-preview:-1\" \/>\n<link rel=\"canonical\" href=\"https:\/\/www.meydan.tv\/az\/article\/huquq-mudafiecisi-herbi-xidmete-aparilir\/\" \/>\n<meta property=\"og:locale\" content=\"az_AZ\" \/>\n<meta property=\"og:type\" content=\"article\" \/>\n<meta property=\"og:title\" content=\"H\u00fcquq m\u00fcdafi\u0259\u00e7isi h\u0259rbi xidm\u0259t\u0259 apar\u0131l\u0131r - MEYDAN.TV\" \/>\n<meta property=\"og:description\" content=\"B\u0259\u015fir S\u00fcleymanl\u0131 2014-c\u00fc ild\u0259 3.6 il azadl\u0131qdan m\u0259hrum olunub.\" \/>\n<meta property=\"og:url\" content=\"https:\/\/www.meydan.tv\/az\/article\/huquq-mudafiecisi-herbi-xidmete-aparilir\/\" \/>\n<meta property=\"og:site_name\" content=\"MEYDAN.TV\" \/>\n<meta property=\"article:published_time\" content=\"2020-09-28T15:41:18+00:00\" \/>\n<meta property=\"og:image\" content=\"https:\/\/www.meydan.tv\/wp-content\/uploads\/38171.png\" \/>\n\t<meta property=\"og:image:width\" content=\"810\" \/>\n\t<meta property=\"og:image:height\" content=\"450\" \/>\n\t<meta property=\"og:image:type\" content=\"image\/png\" \/>\n<meta name=\"twitter:card\" content=\"summary_large_image\" \/>\n<!-- \/ Yoast SEO plugin. -->","yoast_head_json":{"title":"H\u00fcquq m\u00fcdafi\u0259\u00e7isi h\u0259rbi xidm\u0259t\u0259 apar\u0131l\u0131r - MEYDAN.TV","robots":{"index":"index","follow":"follow","max-snippet":"max-snippet:-1","max-image-preview":"max-image-preview:large","max-video-preview":"max-video-preview:-1"},"canonical":"https:\/\/www.meydan.tv\/az\/article\/huquq-mudafiecisi-herbi-xidmete-aparilir\/","og_locale":"az_AZ","og_type":"article","og_title":"H\u00fcquq m\u00fcdafi\u0259\u00e7isi h\u0259rbi xidm\u0259t\u0259 apar\u0131l\u0131r - MEYDAN.TV","og_description":"B\u0259\u015fir S\u00fcleymanl\u0131 2014-c\u00fc ild\u0259 3.6 il azadl\u0131qdan m\u0259hrum olunub.","og_url":"https:\/\/www.meydan.tv\/az\/article\/huquq-mudafiecisi-herbi-xidmete-aparilir\/","og_site_name":"MEYDAN.TV","article_published_time":"2020-09-28T15:41:18+00:00","og_image":[{"width":810,"height":450,"url":"https:\/\/www.meydan.tv\/wp-content\/uploads\/38171.png","type":"image\/png"}],"twitter_card":"summary_large_image","schema":{"@context":"https:\/\/schema.org","@graph":[{"@type":"Article","@id":"https:\/\/www.meydan.tv\/az\/article\/huquq-mudafiecisi-herbi-xidmete-aparilir\/#article","isPartOf":{"@id":"https:\/\/www.meydan.tv\/az\/article\/huquq-mudafiecisi-herbi-xidmete-aparilir\/"},"author":{"name":"user-manager","@id":"https:\/\/www.meydan.tv\/az\/#\/schema\/person\/10d11eccf6da3662cf5fdab9806ea91a"},"headline":"H\u00fcquq m\u00fcdafi\u0259\u00e7isi h\u0259rbi xidm\u0259t\u0259 apar\u0131l\u0131r","datePublished":"2020-09-28T15:41:18+00:00","mainEntityOfPage":{"@id":"https:\/\/www.meydan.tv\/az\/article\/huquq-mudafiecisi-herbi-xidmete-aparilir\/"},"wordCount":284,"publisher":{"@id":"https:\/\/www.meydan.tv\/az\/#organization"},"image":{"@id":"https:\/\/www.meydan.tv\/az\/article\/huquq-mudafiecisi-herbi-xidmete-aparilir\/#primaryimage"},"thumbnailUrl":"https:\/\/www.meydan.tv\/wp-content\/uploads\/38171.png","articleSection":["Siyas\u0259t"],"inLanguage":"az"},{"@type":"WebPage","@id":"https:\/\/www.meydan.tv\/az\/article\/huquq-mudafiecisi-herbi-xidmete-aparilir\/","url":"https:\/\/www.meydan.tv\/az\/article\/huquq-mudafiecisi-herbi-xidmete-aparilir\/","name":"H\u00fcquq m\u00fcdafi\u0259\u00e7isi h\u0259rbi xidm\u0259t\u0259 apar\u0131l\u0131r - MEYDAN.TV","isPartOf":{"@id":"https:\/\/www.meydan.tv\/az\/#website"},"primaryImageOfPage":{"@id":"https:\/\/www.meydan.tv\/az\/article\/huquq-mudafiecisi-herbi-xidmete-aparilir\/#primaryimage"},"image":{"@id":"https:\/\/www.meydan.tv\/az\/article\/huquq-mudafiecisi-herbi-xidmete-aparilir\/#primaryimage"},"thumbnailUrl":"https:\/\/www.meydan.tv\/wp-content\/uploads\/38171.png","datePublished":"2020-09-28T15:41:18+00:00","breadcrumb":{"@id":"https:\/\/www.meydan.tv\/az\/article\/huquq-mudafiecisi-herbi-xidmete-aparilir\/#breadcrumb"},"inLanguage":"az","potentialAction":[{"@type":"ReadAction","target":["https:\/\/www.meydan.tv\/az\/article\/huquq-mudafiecisi-herbi-xidmete-aparilir\/"]}]},{"@type":"ImageObject","inLanguage":"az","@id":"https:\/\/www.meydan.tv\/az\/article\/huquq-mudafiecisi-herbi-xidmete-aparilir\/#primaryimage","url":"https:\/\/www.meydan.tv\/wp-content\/uploads\/38171.png","contentUrl":"https:\/\/www.meydan.tv\/wp-content\/uploads\/38171.png","width":810,"height":450,"caption":"Foto: Meydan TV"},{"@type":"BreadcrumbList","@id":"https:\/\/www.meydan.tv\/az\/article\/huquq-mudafiecisi-herbi-xidmete-aparilir\/#breadcrumb","itemListElement":[{"@type":"ListItem","position":1,"name":"Ana s\u0259hif\u0259","item":"https:\/\/www.meydan.tv\/az\/"},{"@type":"ListItem","position":2,"name":"Siyas\u0259t","item":"https:\/\/www.meydan.tv\/az\/section\/siyaset\/"},{"@type":"ListItem","position":3,"name":"H\u00fcquq m\u00fcdafi\u0259\u00e7isi h\u0259rbi xidm\u0259t\u0259 apar\u0131l\u0131r"}]},{"@type":"WebSite","@id":"https:\/\/www.meydan.tv\/az\/#website","url":"https:\/\/www.meydan.tv\/az\/","name":"MEYDAN.TV","description":"Meydan TV Az\u0259rbaycan\u0131n media m\u0259kan\u0131ndak\u0131 alternativ s\u0259sidir","publisher":{"@id":"https:\/\/www.meydan.tv\/az\/#organization"},"potentialAction":[{"@type":"SearchAction","target":{"@type":"EntryPoint","urlTemplate":"https:\/\/www.meydan.tv\/az\/?s={search_term_string}"},"query-input":{"@type":"PropertyValueSpecification","valueRequired":true,"valueName":"search_term_string"}}],"inLanguage":"az"},{"@type":"Organization","@id":"https:\/\/www.meydan.tv\/az\/#organization","name":"Meydan TV","url":"https:\/\/www.meydan.tv\/az\/","logo":{"@type":"ImageObject","inLanguage":"az","@id":"https:\/\/www.meydan.tv\/az\/#\/schema\/logo\/image\/","url":"https:\/\/www.meydan.tv\/wp-content\/uploads\/2021\/07\/meydan-logo.svg","contentUrl":"https:\/\/www.meydan.tv\/wp-content\/uploads\/2021\/07\/meydan-logo.svg","width":195,"height":46,"caption":"Meydan TV"},"image":{"@id":"https:\/\/www.meydan.tv\/az\/#\/schema\/logo\/image\/"}},{"@type":"Person","@id":"https:\/\/www.meydan.tv\/az\/#\/schema\/person\/10d11eccf6da3662cf5fdab9806ea91a","name":"user-manager"}]}},"_links":{"self":[{"href":"https:\/\/www.meydan.tv\/az\/wp-json\/wp\/v2\/posts\/202667","targetHints":{"allow":["GET"]}}],"collection":[{"href":"https:\/\/www.meydan.tv\/az\/wp-json\/wp\/v2\/posts"}],"about":[{"href":"https:\/\/www.meydan.tv\/az\/wp-json\/wp\/v2\/types\/post"}],"author":[{"embeddable":true,"href":"https:\/\/www.meydan.tv\/az\/wp-json\/wp\/v2\/users\/11"}],"replies":[{"embeddable":true,"href":"https:\/\/www.meydan.tv\/az\/wp-json\/wp\/v2\/comments?post=202667"}],"version-history":[{"count":0,"href":"https:\/\/www.meydan.tv\/az\/wp-json\/wp\/v2\/posts\/202667\/revisions"}],"wp:featuredmedia":[{"embeddable":true,"href":"https:\/\/www.meydan.tv\/az\/wp-json\/wp\/v2\/media\/96704"}],"wp:attachment":[{"href":"https:\/\/www.meydan.tv\/az\/wp-json\/wp\/v2\/media?parent=202667"}],"wp:term":[{"taxonomy":"category","embeddable":true,"href":"https:\/\/www.meydan.tv\/az\/wp-json\/wp\/v2\/categories?post=202667"},{"taxonomy":"post_tag","embeddable":true,"href":"https:\/\/www.meydan.tv\/az\/wp-json\/wp\/v2\/tags?post=202667"}],"curies":[{"name":"wp","href":"https:\/\/api.w.org\/{rel}","templated":true}]}}