{"id":202657,"date":"2020-09-28T12:39:27","date_gmt":"2020-09-28T12:39:27","guid":{"rendered":"https:\/\/www.meydan.tv\/article\/qaravelli-sakinleri-bir-ildir-ki-icmeli-suya-hesret-qalmisiq\/"},"modified":"2020-09-28T12:39:27","modified_gmt":"2020-09-28T12:39:27","slug":"qaravelli-sakinleri-bir-ildir-ki-icmeli-suya-hesret-qalmisiq","status":"publish","type":"post","link":"https:\/\/www.meydan.tv\/az\/article\/qaravelli-sakinleri-bir-ildir-ki-icmeli-suya-hesret-qalmisiq\/","title":{"rendered":"Qarav\u0259lli sakinl\u0259ri: Bir ildir ki, i\u00e7m\u0259li suya h\u0259sr\u0259t qalm\u0131\u015f\u0131q"},"content":{"rendered":"<p>\n  <i><br \/>\n    Az\u0131 iki y\u00fcz ail\u0259ni i\u00e7m\u0259li suyla t\u0259min ed\u0259n k\u0259ndin yegan\u0259 su bula\u011f\u0131 1 ildir ki, i\u015fl\u0259mir<br \/>\n  <\/i>\n<\/p>\n<p>\n  \u201cMa\u015f\u0131n\u0131 olan sakinl\u0259r su qablar\u0131n\u0131 y\u00fck yerin\u0259 y\u0131\u011f\u0131b, gedib qon\u015fu k\u0259ndl\u0259rd\u0259n su da\u015f\u0131y\u0131r, bel\u0259c\u0259, ail\u0259sinin su t\u0259l\u0259bat\u0131n\u0131 t\u0259min etm\u0259y\u0259 \u00e7al\u0131\u015f\u0131r. H\u0259r d\u0259f\u0259 su dal\u0131nca ged\u0259nd\u0259 ma\u015f\u0131n\u0131 olmayanlar da su qablar\u0131n\u0131 ma\u015f\u0131n\u0131 olanlara y\u00fckl\u0259yir\u201d.\n<\/p>\n<p>\n  A\u011fcab\u0259dinin Qarav\u0259lli k\u0259ndini i\u00e7m\u0259li su il\u0259 t\u0259min ed\u0259n su bula\u011f\u0131 1 ild\u0259n \u00e7oxdur ki, i\u015fl\u0259mir. K\u0259ndlil\u0259r Meydan TV-y\u0259 i\u00e7m\u0259li su \u00fc\u00e7\u00fcn qon\u015fu k\u0259ndl\u0259r\u0259 \u00fcz tutmalar\u0131ndan v\u0259 bunun onlara nec\u0259 \u0259ziyy\u0259tl\u0259 ba\u015fa g\u0259lm\u0259sind\u0259n dan\u0131\u015f\u0131rlar.\n<\/p>\n<p>\n  <b><br \/>\n    \u201cDeyirl\u0259r, d\u00f6vl\u0259t n\u0259 vaxt pul ay\u0131rsa, d\u00fcz\u0259l\u0259c\u0259k\u201d<br \/>\n  <\/b>\n<\/p>\n<p>\n  K\u0259nd sakini Rafiq M\u0259mm\u0259dov deyir, bula\u011f\u0131n t\u0259mir olunmas\u0131, k\u0259ndin su t\u0259minat\u0131n\u0131n b\u0259rpa edilm\u0259si \u00fc\u00e7\u00fcn d\u0259f\u0259l\u0259rl\u0259 k\u0259nd b\u0259l\u0259diyy\u0259sin\u0259 v\u0259 rayon icra hakimiyy\u0259tin\u0259 \u00fcz tutublar:\n<\/p>\n<p>\n  \u201c\u0130cra hakimiyy\u0259tind\u0259n deyirl\u0259r, d\u00f6vl\u0259t n\u0259 vaxt pul ay\u0131rsa, \u201cAz\u0259rsu\u201d bula\u011f\u0131 t\u0259mir etdir\u0259c\u0259k. 1 ildir ki, iki y\u00fcz ail\u0259lik bir k\u0259nd susuz qal\u0131b v\u0259 bir bula\u011f\u0131n t\u0259miri h\u0259llini tapm\u0131r. Bulaq 40 ild\u0259n \u00e7oxdur i\u015fl\u0259yir dey\u0259, x\u0259tl\u0259r k\u00f6hn\u0259lib, yenil\u0259nm\u0259lidir. Birc\u0259 buna g\u00f6r\u0259 bir k\u0259ndin \u0259halisi susuzluqdan \u0259ziyy\u0259t \u00e7\u0259kir\u201d.\n<\/p>\n<p>\n  <b><br \/>\n    \u201cK\u0259ndd\u0259 x\u0259st\u0259si, qocas\u0131, \u0259lili olan ail\u0259l\u0259r va<br \/>\n  <\/b><br \/>\n  r\u201d\n<\/p>\n<p>\n  Sakinl\u0259r gileyl\u0259nir ki, k\u0259ndd\u0259 ham\u0131 su problemini bir-birinin hesab\u0131na qsim\u0259n d\u0259 olsa, h\u0259ll etm\u0259y\u0259 \u00e7al\u0131\u015f\u0131r. Ancaq bu, \u00e7\u0131x\u0131\u015f yolu deyil:\n<\/p>\n<p>\n  \u201c\u0130\u00e7m\u0259li su g\u00fcnd\u0259lik t\u0259l\u0259batd\u0131r, susuz h\u0259yat yoxdur. Bir k\u0259ndin 1 il susuz qalmas\u0131 faci\u0259dir. Adam n\u0259 vaxta q\u0259d\u0259r qon\u015fuya a\u011f\u0131z a\u00e7mal\u0131d\u0131r, dem\u0259lidir ki, ay qon\u015fu, ma\u015f\u0131n\u0131n var, su dal\u0131nca gedirs\u0259n, m\u0259n\u0259 d\u0259 g\u0259tir&#8230; N\u0259 vaxta q\u0259d\u0259r adamlar bir-biri \u00fc\u00e7\u00fcn su da\u015f\u0131mal\u0131d\u0131r?.. K\u0259ndd\u0259 \u00e7oxu\u015faql\u0131, x\u0259st\u0259, \u0259lil, ah\u0131l, t\u0259nha olan insanlar var. 1 ildir ki, bu insanlar susuzluqdan z\u00fclm \u00e7\u0259kir\u201d.\n<\/p>\n<p>\n  A\u011fc\u0259b\u0259di Rayon \u0130cra Hakimiyy\u0259tind\u0259n Meydan TV-y\u0259 bildirilib ki, Qarav\u0259lli sakinl\u0259ri k\u0259ndd\u0259ki i\u00e7m\u0259li su problemi il\u0259 ba\u011fl\u0131 quruma d\u0259f\u0259l\u0259rl\u0259 m\u00fcraci\u0259t edbl\u0259r. \u0130cra hakimiyy\u0259ti d\u0259 aidiyy\u0259ti qurumlara m\u0259lumat verib. Qurum k\u0259ndd\u0259ki i\u00e7m\u0259li su probleminin \u0259n q\u0131sa zamanda h\u0259ll olunaca\u011f\u0131n\u0131 bildirir.<\/p>\n","protected":false},"excerpt":{"rendered":"<p>&#8220;1 ildir ki, iki y\u00fcz ail\u0259lik bir k\u0259nd susuz qal\u0131b v\u0259 bir bula\u011f\u0131n t\u0259miri h\u0259llini tapm\u0131r&#8221;<\/p>\n","protected":false},"author":11,"featured_media":148482,"comment_status":"closed","ping_status":"open","sticky":false,"template":"","format":"standard","meta":{"_acf_changed":false,"_sitemap_exclude":false,"_sitemap_priority":"","_sitemap_frequency":"","footnotes":""},"categories":[60],"tags":[],"class_list":["post-202657","post","type-post","status-publish","format-standard","has-post-thumbnail","hentry","category-bolge","infinite-scroll-item","generate-columns","tablet-grid-50","mobile-grid-100","grid-parent","grid-33","no-featured-image-padding"],"acf":[],"yoast_head":"<!-- This site is optimized with the Yoast SEO plugin v27.5 - https:\/\/yoast.com\/product\/yoast-seo-wordpress\/ -->\n<title>Qarav\u0259lli sakinl\u0259ri: Bir ildir ki, i\u00e7m\u0259li suya h\u0259sr\u0259t qalm\u0131\u015f\u0131q - MEYDAN.TV<\/title>\n<meta name=\"robots\" content=\"index, follow, max-snippet:-1, max-image-preview:large, max-video-preview:-1\" \/>\n<link rel=\"canonical\" href=\"https:\/\/www.meydan.tv\/az\/article\/qaravelli-sakinleri-bir-ildir-ki-icmeli-suya-hesret-qalmisiq\/\" \/>\n<meta property=\"og:locale\" content=\"az_AZ\" \/>\n<meta property=\"og:type\" content=\"article\" \/>\n<meta property=\"og:title\" content=\"Qarav\u0259lli sakinl\u0259ri: Bir ildir ki, i\u00e7m\u0259li suya h\u0259sr\u0259t qalm\u0131\u015f\u0131q - MEYDAN.TV\" \/>\n<meta property=\"og:description\" content=\"&quot;1 ildir ki, iki y\u00fcz ail\u0259lik bir k\u0259nd susuz qal\u0131b v\u0259 bir bula\u011f\u0131n t\u0259miri h\u0259llini tapm\u0131r&quot;\" \/>\n<meta property=\"og:url\" content=\"https:\/\/www.meydan.tv\/az\/article\/qaravelli-sakinleri-bir-ildir-ki-icmeli-suya-hesret-qalmisiq\/\" \/>\n<meta property=\"og:site_name\" content=\"MEYDAN.TV\" \/>\n<meta property=\"article:published_time\" content=\"2020-09-28T12:39:27+00:00\" \/>\n<meta property=\"og:image\" content=\"https:\/\/www.meydan.tv\/wp-content\/uploads\/reg_qaravelli_ishlemeyen_su_bulagi.jpg\" \/>\n\t<meta property=\"og:image:width\" content=\"1280\" \/>\n\t<meta property=\"og:image:height\" content=\"720\" \/>\n\t<meta property=\"og:image:type\" content=\"image\/jpeg\" \/>\n<meta name=\"author\" content=\"user-manager\" \/>\n<meta name=\"twitter:card\" content=\"summary_large_image\" \/>\n<script type=\"application\/ld+json\" class=\"yoast-schema-graph\">{\"@context\":\"https:\\\/\\\/schema.org\",\"@graph\":[{\"@type\":\"Article\",\"@id\":\"https:\\\/\\\/www.meydan.tv\\\/az\\\/article\\\/qaravelli-sakinleri-bir-ildir-ki-icmeli-suya-hesret-qalmisiq\\\/#article\",\"isPartOf\":{\"@id\":\"https:\\\/\\\/www.meydan.tv\\\/az\\\/article\\\/qaravelli-sakinleri-bir-ildir-ki-icmeli-suya-hesret-qalmisiq\\\/\"},\"author\":{\"name\":\"user-manager\",\"@id\":\"https:\\\/\\\/www.meydan.tv\\\/az\\\/#\\\/schema\\\/person\\\/10d11eccf6da3662cf5fdab9806ea91a\"},\"headline\":\"Qarav\u0259lli sakinl\u0259ri: Bir ildir ki, i\u00e7m\u0259li suya h\u0259sr\u0259t qalm\u0131\u015f\u0131q\",\"datePublished\":\"2020-09-28T12:39:27+00:00\",\"mainEntityOfPage\":{\"@id\":\"https:\\\/\\\/www.meydan.tv\\\/az\\\/article\\\/qaravelli-sakinleri-bir-ildir-ki-icmeli-suya-hesret-qalmisiq\\\/\"},\"wordCount\":487,\"publisher\":{\"@id\":\"https:\\\/\\\/www.meydan.tv\\\/az\\\/#organization\"},\"image\":{\"@id\":\"https:\\\/\\\/www.meydan.tv\\\/az\\\/article\\\/qaravelli-sakinleri-bir-ildir-ki-icmeli-suya-hesret-qalmisiq\\\/#primaryimage\"},\"thumbnailUrl\":\"https:\\\/\\\/www.meydan.tv\\\/wp-content\\\/uploads\\\/reg_qaravelli_ishlemeyen_su_bulagi.jpg\",\"articleSection\":[\"B\u00f6lg\u0259\"],\"inLanguage\":\"az\"},{\"@type\":\"WebPage\",\"@id\":\"https:\\\/\\\/www.meydan.tv\\\/az\\\/article\\\/qaravelli-sakinleri-bir-ildir-ki-icmeli-suya-hesret-qalmisiq\\\/\",\"url\":\"https:\\\/\\\/www.meydan.tv\\\/az\\\/article\\\/qaravelli-sakinleri-bir-ildir-ki-icmeli-suya-hesret-qalmisiq\\\/\",\"name\":\"Qarav\u0259lli sakinl\u0259ri: Bir ildir ki, i\u00e7m\u0259li suya h\u0259sr\u0259t qalm\u0131\u015f\u0131q - MEYDAN.TV\",\"isPartOf\":{\"@id\":\"https:\\\/\\\/www.meydan.tv\\\/az\\\/#website\"},\"primaryImageOfPage\":{\"@id\":\"https:\\\/\\\/www.meydan.tv\\\/az\\\/article\\\/qaravelli-sakinleri-bir-ildir-ki-icmeli-suya-hesret-qalmisiq\\\/#primaryimage\"},\"image\":{\"@id\":\"https:\\\/\\\/www.meydan.tv\\\/az\\\/article\\\/qaravelli-sakinleri-bir-ildir-ki-icmeli-suya-hesret-qalmisiq\\\/#primaryimage\"},\"thumbnailUrl\":\"https:\\\/\\\/www.meydan.tv\\\/wp-content\\\/uploads\\\/reg_qaravelli_ishlemeyen_su_bulagi.jpg\",\"datePublished\":\"2020-09-28T12:39:27+00:00\",\"breadcrumb\":{\"@id\":\"https:\\\/\\\/www.meydan.tv\\\/az\\\/article\\\/qaravelli-sakinleri-bir-ildir-ki-icmeli-suya-hesret-qalmisiq\\\/#breadcrumb\"},\"inLanguage\":\"az\",\"potentialAction\":[{\"@type\":\"ReadAction\",\"target\":[\"https:\\\/\\\/www.meydan.tv\\\/az\\\/article\\\/qaravelli-sakinleri-bir-ildir-ki-icmeli-suya-hesret-qalmisiq\\\/\"]}]},{\"@type\":\"ImageObject\",\"inLanguage\":\"az\",\"@id\":\"https:\\\/\\\/www.meydan.tv\\\/az\\\/article\\\/qaravelli-sakinleri-bir-ildir-ki-icmeli-suya-hesret-qalmisiq\\\/#primaryimage\",\"url\":\"https:\\\/\\\/www.meydan.tv\\\/wp-content\\\/uploads\\\/reg_qaravelli_ishlemeyen_su_bulagi.jpg\",\"contentUrl\":\"https:\\\/\\\/www.meydan.tv\\\/wp-content\\\/uploads\\\/reg_qaravelli_ishlemeyen_su_bulagi.jpg\",\"width\":1280,\"height\":720,\"caption\":\"Source: Specify Source\"},{\"@type\":\"BreadcrumbList\",\"@id\":\"https:\\\/\\\/www.meydan.tv\\\/az\\\/article\\\/qaravelli-sakinleri-bir-ildir-ki-icmeli-suya-hesret-qalmisiq\\\/#breadcrumb\",\"itemListElement\":[{\"@type\":\"ListItem\",\"position\":1,\"name\":\"Ana s\u0259hif\u0259\",\"item\":\"https:\\\/\\\/www.meydan.tv\\\/az\\\/\"},{\"@type\":\"ListItem\",\"position\":2,\"name\":\"B\u00f6lg\u0259\",\"item\":\"https:\\\/\\\/www.meydan.tv\\\/az\\\/section\\\/bolge\\\/\"},{\"@type\":\"ListItem\",\"position\":3,\"name\":\"Qarav\u0259lli sakinl\u0259ri: Bir ildir ki, i\u00e7m\u0259li suya h\u0259sr\u0259t qalm\u0131\u015f\u0131q\"}]},{\"@type\":\"WebSite\",\"@id\":\"https:\\\/\\\/www.meydan.tv\\\/az\\\/#website\",\"url\":\"https:\\\/\\\/www.meydan.tv\\\/az\\\/\",\"name\":\"MEYDAN.TV\",\"description\":\"Meydan TV Az\u0259rbaycan\u0131n media m\u0259kan\u0131ndak\u0131 alternativ s\u0259sidir\",\"publisher\":{\"@id\":\"https:\\\/\\\/www.meydan.tv\\\/az\\\/#organization\"},\"potentialAction\":[{\"@type\":\"SearchAction\",\"target\":{\"@type\":\"EntryPoint\",\"urlTemplate\":\"https:\\\/\\\/www.meydan.tv\\\/az\\\/?s={search_term_string}\"},\"query-input\":{\"@type\":\"PropertyValueSpecification\",\"valueRequired\":true,\"valueName\":\"search_term_string\"}}],\"inLanguage\":\"az\"},{\"@type\":\"Organization\",\"@id\":\"https:\\\/\\\/www.meydan.tv\\\/az\\\/#organization\",\"name\":\"Meydan TV\",\"url\":\"https:\\\/\\\/www.meydan.tv\\\/az\\\/\",\"logo\":{\"@type\":\"ImageObject\",\"inLanguage\":\"az\",\"@id\":\"https:\\\/\\\/www.meydan.tv\\\/az\\\/#\\\/schema\\\/logo\\\/image\\\/\",\"url\":\"https:\\\/\\\/www.meydan.tv\\\/wp-content\\\/uploads\\\/2021\\\/07\\\/meydan-logo.svg\",\"contentUrl\":\"https:\\\/\\\/www.meydan.tv\\\/wp-content\\\/uploads\\\/2021\\\/07\\\/meydan-logo.svg\",\"width\":195,\"height\":46,\"caption\":\"Meydan TV\"},\"image\":{\"@id\":\"https:\\\/\\\/www.meydan.tv\\\/az\\\/#\\\/schema\\\/logo\\\/image\\\/\"}},{\"@type\":\"Person\",\"@id\":\"https:\\\/\\\/www.meydan.tv\\\/az\\\/#\\\/schema\\\/person\\\/10d11eccf6da3662cf5fdab9806ea91a\",\"name\":\"user-manager\"}]}<\/script>\n<!-- \/ Yoast SEO plugin. -->","yoast_head_json":{"title":"Qarav\u0259lli sakinl\u0259ri: Bir ildir ki, i\u00e7m\u0259li suya h\u0259sr\u0259t qalm\u0131\u015f\u0131q - MEYDAN.TV","robots":{"index":"index","follow":"follow","max-snippet":"max-snippet:-1","max-image-preview":"max-image-preview:large","max-video-preview":"max-video-preview:-1"},"canonical":"https:\/\/www.meydan.tv\/az\/article\/qaravelli-sakinleri-bir-ildir-ki-icmeli-suya-hesret-qalmisiq\/","og_locale":"az_AZ","og_type":"article","og_title":"Qarav\u0259lli sakinl\u0259ri: Bir ildir ki, i\u00e7m\u0259li suya h\u0259sr\u0259t qalm\u0131\u015f\u0131q - MEYDAN.TV","og_description":"\"1 ildir ki, iki y\u00fcz ail\u0259lik bir k\u0259nd susuz qal\u0131b v\u0259 bir bula\u011f\u0131n t\u0259miri h\u0259llini tapm\u0131r\"","og_url":"https:\/\/www.meydan.tv\/az\/article\/qaravelli-sakinleri-bir-ildir-ki-icmeli-suya-hesret-qalmisiq\/","og_site_name":"MEYDAN.TV","article_published_time":"2020-09-28T12:39:27+00:00","og_image":[{"width":1280,"height":720,"url":"https:\/\/www.meydan.tv\/wp-content\/uploads\/reg_qaravelli_ishlemeyen_su_bulagi.jpg","type":"image\/jpeg"}],"author":"user-manager","twitter_card":"summary_large_image","schema":{"@context":"https:\/\/schema.org","@graph":[{"@type":"Article","@id":"https:\/\/www.meydan.tv\/az\/article\/qaravelli-sakinleri-bir-ildir-ki-icmeli-suya-hesret-qalmisiq\/#article","isPartOf":{"@id":"https:\/\/www.meydan.tv\/az\/article\/qaravelli-sakinleri-bir-ildir-ki-icmeli-suya-hesret-qalmisiq\/"},"author":{"name":"user-manager","@id":"https:\/\/www.meydan.tv\/az\/#\/schema\/person\/10d11eccf6da3662cf5fdab9806ea91a"},"headline":"Qarav\u0259lli sakinl\u0259ri: Bir ildir ki, i\u00e7m\u0259li suya h\u0259sr\u0259t qalm\u0131\u015f\u0131q","datePublished":"2020-09-28T12:39:27+00:00","mainEntityOfPage":{"@id":"https:\/\/www.meydan.tv\/az\/article\/qaravelli-sakinleri-bir-ildir-ki-icmeli-suya-hesret-qalmisiq\/"},"wordCount":487,"publisher":{"@id":"https:\/\/www.meydan.tv\/az\/#organization"},"image":{"@id":"https:\/\/www.meydan.tv\/az\/article\/qaravelli-sakinleri-bir-ildir-ki-icmeli-suya-hesret-qalmisiq\/#primaryimage"},"thumbnailUrl":"https:\/\/www.meydan.tv\/wp-content\/uploads\/reg_qaravelli_ishlemeyen_su_bulagi.jpg","articleSection":["B\u00f6lg\u0259"],"inLanguage":"az"},{"@type":"WebPage","@id":"https:\/\/www.meydan.tv\/az\/article\/qaravelli-sakinleri-bir-ildir-ki-icmeli-suya-hesret-qalmisiq\/","url":"https:\/\/www.meydan.tv\/az\/article\/qaravelli-sakinleri-bir-ildir-ki-icmeli-suya-hesret-qalmisiq\/","name":"Qarav\u0259lli sakinl\u0259ri: Bir ildir ki, i\u00e7m\u0259li suya h\u0259sr\u0259t qalm\u0131\u015f\u0131q - MEYDAN.TV","isPartOf":{"@id":"https:\/\/www.meydan.tv\/az\/#website"},"primaryImageOfPage":{"@id":"https:\/\/www.meydan.tv\/az\/article\/qaravelli-sakinleri-bir-ildir-ki-icmeli-suya-hesret-qalmisiq\/#primaryimage"},"image":{"@id":"https:\/\/www.meydan.tv\/az\/article\/qaravelli-sakinleri-bir-ildir-ki-icmeli-suya-hesret-qalmisiq\/#primaryimage"},"thumbnailUrl":"https:\/\/www.meydan.tv\/wp-content\/uploads\/reg_qaravelli_ishlemeyen_su_bulagi.jpg","datePublished":"2020-09-28T12:39:27+00:00","breadcrumb":{"@id":"https:\/\/www.meydan.tv\/az\/article\/qaravelli-sakinleri-bir-ildir-ki-icmeli-suya-hesret-qalmisiq\/#breadcrumb"},"inLanguage":"az","potentialAction":[{"@type":"ReadAction","target":["https:\/\/www.meydan.tv\/az\/article\/qaravelli-sakinleri-bir-ildir-ki-icmeli-suya-hesret-qalmisiq\/"]}]},{"@type":"ImageObject","inLanguage":"az","@id":"https:\/\/www.meydan.tv\/az\/article\/qaravelli-sakinleri-bir-ildir-ki-icmeli-suya-hesret-qalmisiq\/#primaryimage","url":"https:\/\/www.meydan.tv\/wp-content\/uploads\/reg_qaravelli_ishlemeyen_su_bulagi.jpg","contentUrl":"https:\/\/www.meydan.tv\/wp-content\/uploads\/reg_qaravelli_ishlemeyen_su_bulagi.jpg","width":1280,"height":720,"caption":"Source: Specify Source"},{"@type":"BreadcrumbList","@id":"https:\/\/www.meydan.tv\/az\/article\/qaravelli-sakinleri-bir-ildir-ki-icmeli-suya-hesret-qalmisiq\/#breadcrumb","itemListElement":[{"@type":"ListItem","position":1,"name":"Ana s\u0259hif\u0259","item":"https:\/\/www.meydan.tv\/az\/"},{"@type":"ListItem","position":2,"name":"B\u00f6lg\u0259","item":"https:\/\/www.meydan.tv\/az\/section\/bolge\/"},{"@type":"ListItem","position":3,"name":"Qarav\u0259lli sakinl\u0259ri: Bir ildir ki, i\u00e7m\u0259li suya h\u0259sr\u0259t qalm\u0131\u015f\u0131q"}]},{"@type":"WebSite","@id":"https:\/\/www.meydan.tv\/az\/#website","url":"https:\/\/www.meydan.tv\/az\/","name":"MEYDAN.TV","description":"Meydan TV Az\u0259rbaycan\u0131n media m\u0259kan\u0131ndak\u0131 alternativ s\u0259sidir","publisher":{"@id":"https:\/\/www.meydan.tv\/az\/#organization"},"potentialAction":[{"@type":"SearchAction","target":{"@type":"EntryPoint","urlTemplate":"https:\/\/www.meydan.tv\/az\/?s={search_term_string}"},"query-input":{"@type":"PropertyValueSpecification","valueRequired":true,"valueName":"search_term_string"}}],"inLanguage":"az"},{"@type":"Organization","@id":"https:\/\/www.meydan.tv\/az\/#organization","name":"Meydan TV","url":"https:\/\/www.meydan.tv\/az\/","logo":{"@type":"ImageObject","inLanguage":"az","@id":"https:\/\/www.meydan.tv\/az\/#\/schema\/logo\/image\/","url":"https:\/\/www.meydan.tv\/wp-content\/uploads\/2021\/07\/meydan-logo.svg","contentUrl":"https:\/\/www.meydan.tv\/wp-content\/uploads\/2021\/07\/meydan-logo.svg","width":195,"height":46,"caption":"Meydan TV"},"image":{"@id":"https:\/\/www.meydan.tv\/az\/#\/schema\/logo\/image\/"}},{"@type":"Person","@id":"https:\/\/www.meydan.tv\/az\/#\/schema\/person\/10d11eccf6da3662cf5fdab9806ea91a","name":"user-manager"}]}},"_links":{"self":[{"href":"https:\/\/www.meydan.tv\/az\/wp-json\/wp\/v2\/posts\/202657","targetHints":{"allow":["GET"]}}],"collection":[{"href":"https:\/\/www.meydan.tv\/az\/wp-json\/wp\/v2\/posts"}],"about":[{"href":"https:\/\/www.meydan.tv\/az\/wp-json\/wp\/v2\/types\/post"}],"author":[{"embeddable":true,"href":"https:\/\/www.meydan.tv\/az\/wp-json\/wp\/v2\/users\/11"}],"replies":[{"embeddable":true,"href":"https:\/\/www.meydan.tv\/az\/wp-json\/wp\/v2\/comments?post=202657"}],"version-history":[{"count":0,"href":"https:\/\/www.meydan.tv\/az\/wp-json\/wp\/v2\/posts\/202657\/revisions"}],"wp:featuredmedia":[{"embeddable":true,"href":"https:\/\/www.meydan.tv\/az\/wp-json\/wp\/v2\/media\/148482"}],"wp:attachment":[{"href":"https:\/\/www.meydan.tv\/az\/wp-json\/wp\/v2\/media?parent=202657"}],"wp:term":[{"taxonomy":"category","embeddable":true,"href":"https:\/\/www.meydan.tv\/az\/wp-json\/wp\/v2\/categories?post=202657"},{"taxonomy":"post_tag","embeddable":true,"href":"https:\/\/www.meydan.tv\/az\/wp-json\/wp\/v2\/tags?post=202657"}],"curies":[{"name":"wp","href":"https:\/\/api.w.org\/{rel}","templated":true}]}}