{"id":202652,"date":"2020-09-28T10:41:27","date_gmt":"2020-09-28T10:41:27","guid":{"rendered":"https:\/\/www.meydan.tv\/article\/heyder-eliyev-beynelxalq-aeroportu-mehdud-rejimine-kecib\/"},"modified":"2020-09-28T10:41:27","modified_gmt":"2020-09-28T10:41:27","slug":"heyder-eliyev-beynelxalq-aeroportu-mehdud-rejimine-kecib","status":"publish","type":"post","link":"https:\/\/www.meydan.tv\/az\/article\/heyder-eliyev-beynelxalq-aeroportu-mehdud-rejimine-kecib\/","title":{"rendered":"Heyd\u0259r \u018fliyev Beyn\u0259lxalq Aeroportu m\u0259hdud i\u015f rejimin\u0259 ke\u00e7ib"},"content":{"rendered":"<p>\n  <i><br \/>\n    Bildirilib ki, Bak\u0131-Nax\u00e7\u0131van-Bak\u0131 istiqam\u0259tind\u0259 sentyabr\u0131n 30-d\u0259k (30 sentyabr daxil olmaqla) n\u0259z\u0259rd\u0259 tutulmu\u015f b\u00fct\u00fcn reysl\u0259ri dayand\u0131r\u0131l\u0131b<br \/>\n  <\/i>\n<\/p>\n<p>\n  Az\u0259rbaycan \u0259razisind\u0259 h\u0259rbi v\u0259ziyy\u0259tin elan edilm\u0259si il\u0259 \u0259laq\u0259dar Heyd\u0259r \u018fliyev Beyn\u0259lxalq Aeroportu m\u00fcv\u0259qq\u0259ti olaraq m\u0259hdud i\u015f rejimin\u0259 ke\u00e7ib.\n<\/p>\n<p>\n  &quot;Az\u0259rbaycan Hava Yollar\u0131&quot; QSC-nin yayd\u0131\u011f\u0131 m\u0259lumatda bel\u0259 deyilir.\n<\/p>\n<p>\n  Bildirilib ki, Bak\u0131-Nax\u00e7\u0131van-Bak\u0131 istiqam\u0259tind\u0259 sentyabr\u0131n 30-d\u0259k (30 sentyabr daxil olmaqla) n\u0259z\u0259rd\u0259 tutulmu\u015f b\u00fct\u00fcn reysl\u0259ri dayand\u0131r\u0131l\u0131b:\n<\/p>\n<p>\n  \u201cEyni zamanda, AZAL avia\u015firk\u0259tinin 1 oktyabr tarixin\u0259 n\u0259z\u0259rd\u0259 tutulmu\u015f Bak\u0131-London-Bak\u0131, h\u0259m\u00e7inin 2 oktyabr tarixin\u0259 n\u0259z\u0259rd\u0259 tutulmu\u015f Bak\u0131-Berlin-Bak\u0131 istiqam\u0259tind\u0259 aviareysl\u0259ri l\u0259\u011fv edilib. AZAL avia\u015firk\u0259tinin l\u0259\u011fv edilmi\u015f reysl\u0259rinin s\u0259rni\u015finl\u0259ri aviabiletl\u0259rini c\u0259rim\u0259 \u00f6d\u0259nilm\u0259d\u0259n dig\u0259r tarixl\u0259r\u0259 d\u0259yi\u015f\u0259 v\u0259 ya \u00f6d\u0259nilmi\u015f v\u0259saiti geri ala bil\u0259rl\u0259r\u201d.\n<\/p>\n<p>\n  &quot;Az\u0259rbaycan Hava Yollar\u0131&quot; QSC bildirib ki, &quot;Fly Dubai&quot; avia\u015firk\u0259ti 29 sentyabr, 1 v\u0259 3 oktyabr tarixl\u0259rin\u0259 n\u0259z\u0259rd\u0259 tutulmu\u015f Dubay-Bak\u0131-Dubay istiqam\u0259tind\u0259 reysl\u0259rini, &quot;Aeroflot&quot; avia\u015firk\u0259ti 1 v\u0259 4 oktyabr tarixin\u0259 n\u0259z\u0259rd\u0259 tutulmu\u015f Moskva-Bak\u0131-Moskva istiqam\u0259tind\u0259 aviareysl\u0259rini v\u0259 &quot;Belavia&quot; avia\u015firk\u0259ti 2 v\u0259 4 oktyabr tarixl\u0259rin\u0259 n\u0259z\u0259rd\u0259 tutulmu\u015f Minsk-Bak\u0131-Minsk istiqam\u0259tind\u0259 aviareysl\u0259rini l\u0259\u011fv edib\u201d.<\/p>\n","protected":false},"excerpt":{"rendered":"<p>&#8220;AZAL avia\u015firk\u0259tinin l\u0259\u011fv edilmi\u015f reysl\u0259rinin s\u0259rni\u015finl\u0259ri aviabiletl\u0259rini c\u0259rim\u0259 \u00f6d\u0259nilm\u0259d\u0259n dig\u0259r tarixl\u0259r\u0259 d\u0259yi\u015f\u0259 v\u0259 ya \u00f6d\u0259nilmi\u015f v\u0259saiti geri ala bil\u0259rl\u0259r\u201d.<\/p>\n","protected":false},"author":11,"featured_media":135208,"comment_status":"closed","ping_status":"open","sticky":false,"template":"","format":"standard","meta":{"_acf_changed":false,"_sitemap_exclude":false,"_sitemap_priority":"","_sitemap_frequency":"","footnotes":""},"categories":[59],"tags":[],"class_list":["post-202652","post","type-post","status-publish","format-standard","has-post-thumbnail","hentry","category-siyaset","infinite-scroll-item","generate-columns","tablet-grid-50","mobile-grid-100","grid-parent","grid-33","no-featured-image-padding"],"acf":[],"yoast_head":"<!-- This site is optimized with the Yoast SEO plugin v28.4 - https:\/\/yoast.com\/product\/yoast-seo-wordpress\/ -->\n<title>Heyd\u0259r \u018fliyev Beyn\u0259lxalq Aeroportu m\u0259hdud i\u015f rejimin\u0259 ke\u00e7ib - MEYDAN.TV<\/title>\n<meta name=\"robots\" content=\"index, follow, max-snippet:-1, max-image-preview:large, max-video-preview:-1\" \/>\n<link rel=\"canonical\" href=\"https:\/\/www.meydan.tv\/az\/article\/heyder-eliyev-beynelxalq-aeroportu-mehdud-rejimine-kecib\/\" \/>\n<meta property=\"og:locale\" content=\"az_AZ\" \/>\n<meta property=\"og:type\" content=\"article\" \/>\n<meta property=\"og:title\" content=\"Heyd\u0259r \u018fliyev Beyn\u0259lxalq Aeroportu m\u0259hdud i\u015f rejimin\u0259 ke\u00e7ib - MEYDAN.TV\" \/>\n<meta property=\"og:description\" content=\"&quot;AZAL avia\u015firk\u0259tinin l\u0259\u011fv edilmi\u015f reysl\u0259rinin s\u0259rni\u015finl\u0259ri aviabiletl\u0259rini c\u0259rim\u0259 \u00f6d\u0259nilm\u0259d\u0259n dig\u0259r tarixl\u0259r\u0259 d\u0259yi\u015f\u0259 v\u0259 ya \u00f6d\u0259nilmi\u015f v\u0259saiti geri ala bil\u0259rl\u0259r\u201d.\" \/>\n<meta property=\"og:url\" content=\"https:\/\/www.meydan.tv\/az\/article\/heyder-eliyev-beynelxalq-aeroportu-mehdud-rejimine-kecib\/\" \/>\n<meta property=\"og:site_name\" content=\"MEYDAN.TV\" \/>\n<meta property=\"article:published_time\" content=\"2020-09-28T10:41:27+00:00\" \/>\n<meta property=\"og:image\" content=\"https:\/\/www.meydan.tv\/wp-content\/uploads\/5th_freedom.jpg\" \/>\n\t<meta property=\"og:image:width\" content=\"1920\" \/>\n\t<meta property=\"og:image:height\" content=\"1280\" \/>\n\t<meta property=\"og:image:type\" content=\"image\/jpeg\" \/>\n<meta name=\"twitter:card\" content=\"summary_large_image\" \/>\n<!-- \/ Yoast SEO plugin. -->","yoast_head_json":{"title":"Heyd\u0259r \u018fliyev Beyn\u0259lxalq Aeroportu m\u0259hdud i\u015f rejimin\u0259 ke\u00e7ib - MEYDAN.TV","robots":{"index":"index","follow":"follow","max-snippet":"max-snippet:-1","max-image-preview":"max-image-preview:large","max-video-preview":"max-video-preview:-1"},"canonical":"https:\/\/www.meydan.tv\/az\/article\/heyder-eliyev-beynelxalq-aeroportu-mehdud-rejimine-kecib\/","og_locale":"az_AZ","og_type":"article","og_title":"Heyd\u0259r \u018fliyev Beyn\u0259lxalq Aeroportu m\u0259hdud i\u015f rejimin\u0259 ke\u00e7ib - MEYDAN.TV","og_description":"\"AZAL avia\u015firk\u0259tinin l\u0259\u011fv edilmi\u015f reysl\u0259rinin s\u0259rni\u015finl\u0259ri aviabiletl\u0259rini c\u0259rim\u0259 \u00f6d\u0259nilm\u0259d\u0259n dig\u0259r tarixl\u0259r\u0259 d\u0259yi\u015f\u0259 v\u0259 ya \u00f6d\u0259nilmi\u015f v\u0259saiti geri ala bil\u0259rl\u0259r\u201d.","og_url":"https:\/\/www.meydan.tv\/az\/article\/heyder-eliyev-beynelxalq-aeroportu-mehdud-rejimine-kecib\/","og_site_name":"MEYDAN.TV","article_published_time":"2020-09-28T10:41:27+00:00","og_image":[{"width":1920,"height":1280,"url":"https:\/\/www.meydan.tv\/wp-content\/uploads\/5th_freedom.jpg","type":"image\/jpeg"}],"twitter_card":"summary_large_image","schema":{"@context":"https:\/\/schema.org","@graph":[{"@type":"Article","@id":"https:\/\/www.meydan.tv\/az\/article\/heyder-eliyev-beynelxalq-aeroportu-mehdud-rejimine-kecib\/#article","isPartOf":{"@id":"https:\/\/www.meydan.tv\/az\/article\/heyder-eliyev-beynelxalq-aeroportu-mehdud-rejimine-kecib\/"},"author":{"name":"user-manager","@id":"https:\/\/www.meydan.tv\/az\/#\/schema\/person\/10d11eccf6da3662cf5fdab9806ea91a"},"headline":"Heyd\u0259r \u018fliyev Beyn\u0259lxalq Aeroportu m\u0259hdud i\u015f rejimin\u0259 ke\u00e7ib","datePublished":"2020-09-28T10:41:27+00:00","mainEntityOfPage":{"@id":"https:\/\/www.meydan.tv\/az\/article\/heyder-eliyev-beynelxalq-aeroportu-mehdud-rejimine-kecib\/"},"wordCount":253,"publisher":{"@id":"https:\/\/www.meydan.tv\/az\/#organization"},"image":{"@id":"https:\/\/www.meydan.tv\/az\/article\/heyder-eliyev-beynelxalq-aeroportu-mehdud-rejimine-kecib\/#primaryimage"},"thumbnailUrl":"https:\/\/www.meydan.tv\/wp-content\/uploads\/5th_freedom.jpg","articleSection":["Siyas\u0259t"],"inLanguage":"az"},{"@type":"WebPage","@id":"https:\/\/www.meydan.tv\/az\/article\/heyder-eliyev-beynelxalq-aeroportu-mehdud-rejimine-kecib\/","url":"https:\/\/www.meydan.tv\/az\/article\/heyder-eliyev-beynelxalq-aeroportu-mehdud-rejimine-kecib\/","name":"Heyd\u0259r \u018fliyev Beyn\u0259lxalq Aeroportu m\u0259hdud i\u015f rejimin\u0259 ke\u00e7ib - MEYDAN.TV","isPartOf":{"@id":"https:\/\/www.meydan.tv\/az\/#website"},"primaryImageOfPage":{"@id":"https:\/\/www.meydan.tv\/az\/article\/heyder-eliyev-beynelxalq-aeroportu-mehdud-rejimine-kecib\/#primaryimage"},"image":{"@id":"https:\/\/www.meydan.tv\/az\/article\/heyder-eliyev-beynelxalq-aeroportu-mehdud-rejimine-kecib\/#primaryimage"},"thumbnailUrl":"https:\/\/www.meydan.tv\/wp-content\/uploads\/5th_freedom.jpg","datePublished":"2020-09-28T10:41:27+00:00","breadcrumb":{"@id":"https:\/\/www.meydan.tv\/az\/article\/heyder-eliyev-beynelxalq-aeroportu-mehdud-rejimine-kecib\/#breadcrumb"},"inLanguage":"az","potentialAction":[{"@type":"ReadAction","target":["https:\/\/www.meydan.tv\/az\/article\/heyder-eliyev-beynelxalq-aeroportu-mehdud-rejimine-kecib\/"]}]},{"@type":"ImageObject","inLanguage":"az","@id":"https:\/\/www.meydan.tv\/az\/article\/heyder-eliyev-beynelxalq-aeroportu-mehdud-rejimine-kecib\/#primaryimage","url":"https:\/\/www.meydan.tv\/wp-content\/uploads\/5th_freedom.jpg","contentUrl":"https:\/\/www.meydan.tv\/wp-content\/uploads\/5th_freedom.jpg","width":1920,"height":1280,"caption":"Foto: AZAL"},{"@type":"BreadcrumbList","@id":"https:\/\/www.meydan.tv\/az\/article\/heyder-eliyev-beynelxalq-aeroportu-mehdud-rejimine-kecib\/#breadcrumb","itemListElement":[{"@type":"ListItem","position":1,"name":"Ana s\u0259hif\u0259","item":"https:\/\/www.meydan.tv\/az\/"},{"@type":"ListItem","position":2,"name":"Siyas\u0259t","item":"https:\/\/www.meydan.tv\/az\/section\/siyaset\/"},{"@type":"ListItem","position":3,"name":"Heyd\u0259r \u018fliyev Beyn\u0259lxalq Aeroportu m\u0259hdud i\u015f rejimin\u0259 ke\u00e7ib"}]},{"@type":"WebSite","@id":"https:\/\/www.meydan.tv\/az\/#website","url":"https:\/\/www.meydan.tv\/az\/","name":"MEYDAN.TV","description":"Meydan TV Az\u0259rbaycan\u0131n media m\u0259kan\u0131ndak\u0131 alternativ s\u0259sidir","publisher":{"@id":"https:\/\/www.meydan.tv\/az\/#organization"},"potentialAction":[{"@type":"SearchAction","target":{"@type":"EntryPoint","urlTemplate":"https:\/\/www.meydan.tv\/az\/?s={search_term_string}"},"query-input":{"@type":"PropertyValueSpecification","valueRequired":true,"valueName":"search_term_string"}}],"inLanguage":"az"},{"@type":"Organization","@id":"https:\/\/www.meydan.tv\/az\/#organization","name":"Meydan TV","url":"https:\/\/www.meydan.tv\/az\/","logo":{"@type":"ImageObject","inLanguage":"az","@id":"https:\/\/www.meydan.tv\/az\/#\/schema\/logo\/image\/","url":"https:\/\/www.meydan.tv\/wp-content\/uploads\/2021\/07\/meydan-logo.svg","contentUrl":"https:\/\/www.meydan.tv\/wp-content\/uploads\/2021\/07\/meydan-logo.svg","width":195,"height":46,"caption":"Meydan TV"},"image":{"@id":"https:\/\/www.meydan.tv\/az\/#\/schema\/logo\/image\/"}},{"@type":"Person","@id":"https:\/\/www.meydan.tv\/az\/#\/schema\/person\/10d11eccf6da3662cf5fdab9806ea91a","name":"user-manager"}]}},"_links":{"self":[{"href":"https:\/\/www.meydan.tv\/az\/wp-json\/wp\/v2\/posts\/202652","targetHints":{"allow":["GET"]}}],"collection":[{"href":"https:\/\/www.meydan.tv\/az\/wp-json\/wp\/v2\/posts"}],"about":[{"href":"https:\/\/www.meydan.tv\/az\/wp-json\/wp\/v2\/types\/post"}],"author":[{"embeddable":true,"href":"https:\/\/www.meydan.tv\/az\/wp-json\/wp\/v2\/users\/11"}],"replies":[{"embeddable":true,"href":"https:\/\/www.meydan.tv\/az\/wp-json\/wp\/v2\/comments?post=202652"}],"version-history":[{"count":0,"href":"https:\/\/www.meydan.tv\/az\/wp-json\/wp\/v2\/posts\/202652\/revisions"}],"wp:featuredmedia":[{"embeddable":true,"href":"https:\/\/www.meydan.tv\/az\/wp-json\/wp\/v2\/media\/135208"}],"wp:attachment":[{"href":"https:\/\/www.meydan.tv\/az\/wp-json\/wp\/v2\/media?parent=202652"}],"wp:term":[{"taxonomy":"category","embeddable":true,"href":"https:\/\/www.meydan.tv\/az\/wp-json\/wp\/v2\/categories?post=202652"},{"taxonomy":"post_tag","embeddable":true,"href":"https:\/\/www.meydan.tv\/az\/wp-json\/wp\/v2\/tags?post=202652"}],"curies":[{"name":"wp","href":"https:\/\/api.w.org\/{rel}","templated":true}]}}