{"id":202622,"date":"2020-09-25T22:10:08","date_gmt":"2020-09-25T22:10:08","guid":{"rendered":"https:\/\/www.meydan.tv\/article\/abs-sefirliyi-vetendaslarina-xeberdarliq-etdi-abserondan-kenara-seyahet-etmeyin\/"},"modified":"2020-09-25T22:10:08","modified_gmt":"2020-09-25T22:10:08","slug":"abs-sefirliyi-vetendaslarina-xeberdarliq-etdi-abserondan-kenara-seyahet-etmeyin","status":"publish","type":"post","link":"https:\/\/www.meydan.tv\/az\/article\/abs-sefirliyi-vetendaslarina-xeberdarliq-etdi-abserondan-kenara-seyahet-etmeyin\/","title":{"rendered":"AB\u015e s\u0259firliyi v\u0259t\u0259nda\u015flar\u0131na x\u0259b\u0259rdarl\u0131q etdi: Ab\u015ferondan k\u0259nara s\u0259yah\u0259t etm\u0259yin"},"content":{"rendered":"<p>\n  AB\u015e-n\u0131n Bak\u0131dak\u0131 s\u0259firliyi sentyabr\u0131n 25-d\u0259 Az\u0259rbaycanda olan v\u0259t\u0259nda\u015flar\u0131na x\u0259b\u0259rdarl\u0131q edib.\n<\/p>\n<p>\n  Bu bar\u0259d\u0259 s\u0259firliyin m\u0259tbuat xidm\u0259ti m\u0259lumat\u0131 yay\u0131b.\n<\/p>\n<p>\n  Bildirilib ki, AB\u015e-\u0131n Az\u0259rbaycandak\u0131 s\u0259firliyi AB\u015e v\u0259t\u0259nda\u015flar\u0131n\u0131 g\u0259rginliyin artmas\u0131 v\u0259 Az\u0259rbaycan-Erm\u0259nistan s\u0259rh\u0259dinin b\u0259zi hiss\u0259l\u0259rind\u0259 ba\u015f ver\u0259n son hadis\u0259l\u0259rl\u0259 \u0259laq\u0259dar Ab\u015feron yar\u0131madas\u0131 xaricind\u0259 vacib olmayan s\u0259yah\u0259tl\u0259rd\u0259n qa\u00e7ma\u011fa \u00e7a\u011f\u0131r\u0131r.\n<\/p>\n<p>\n  \u201cAB\u015e-\u0131n Bak\u0131dak\u0131 s\u0259firliyi s\u0259firlik i\u015f\u00e7il\u0259rin\u0259 v\u0259 onlar\u0131n ail\u0259 \u00fczvl\u0259rin\u0259 Ab\u015feron yar\u0131madas\u0131ndan k\u0259narda s\u0259yah\u0259t etm\u0259m\u0259yi tap\u015f\u0131r\u0131b\u201d, &#8211; dey\u0259 s\u0259firliyin m\u0259lumat\u0131nda bildirilib.\n<\/p>\n<p>\n  Sentyabr\u0131n 21-d\u0259 Az\u0259rbaycan M\u00fcdafi\u0259 Nazirliyi a\u00e7\u0131qlama yay\u0131b ki, Az\u0259rbaycan-Erm\u0259nistan s\u0259rh\u0259dinin Tovuz istiqam\u0259tind\u0259 \u0259sg\u0259r El\u015f\u0259n M\u0259mm\u0259dov h\u0259lak olub.\n<\/p>\n<p>\n  Bu il iyulun 12-14-d\u0259 Az\u0259rbaycan-Erm\u0259nistan s\u0259rh\u0259dinin Tovuz istiqam\u0259tind\u0259 d\u00f6y\u00fc\u015fl\u0259r gedib. Prezident \u0130lham \u018fliyev T\u0259hl\u00fck\u0259sizlik \u015euras\u0131n\u0131n iclas\u0131nda ba\u015f ver\u0259nl\u0259ri Erm\u0259nistan\u0131n h\u0259rbi t\u0259xribat\u0131 adland\u0131r\u0131b, m\u00f6vqel\u0259rin n\u0259zar\u0259t alt\u0131nda oldu\u011funu deyib. Erm\u0259nistan t\u0259r\u0259f is\u0259 ba\u015f ver\u0259n d\u00f6y\u00fc\u015fl\u0259r\u0259 g\u00f6r\u0259 Az\u0259rbaycan\u0131 g\u00fcnahland\u0131r\u0131r.\n<\/p>\n<p>\n  \u201cTovuz d\u00f6y\u00fc\u015fl\u0259ri\u201dnd\u0259 Az\u0259rbaycan t\u0259r\u0259fi biri general olmaqla, 12 h\u0259rb\u00e7isini itirib. D\u00f6rd h\u0259rb\u00e7isinin yaralanmas\u0131 il\u0259 ba\u011fl\u0131 m\u0259lumat yay\u0131b. Erm\u0259nistan t\u0259r\u0259fi d\u0259 7 h\u0259rb\u00e7isinin \u00f6lm\u0259si x\u0259b\u0259rini a\u00e7\u0131qlay\u0131b.<\/p>\n","protected":false},"excerpt":{"rendered":"<p>\u00c7a\u011f\u0131r\u0131\u015fa s\u0259b\u0259b Az\u0259rbaycan-Erm\u0259nistan s\u0259rh\u0259dind\u0259 ya\u015fanan g\u0259rginlikdir<\/p>\n","protected":false},"author":11,"featured_media":131900,"comment_status":"closed","ping_status":"open","sticky":false,"template":"","format":"standard","meta":{"_acf_changed":false,"_sitemap_exclude":false,"_sitemap_priority":"","_sitemap_frequency":"","footnotes":""},"categories":[59],"tags":[],"class_list":["post-202622","post","type-post","status-publish","format-standard","has-post-thumbnail","hentry","category-siyaset","infinite-scroll-item","generate-columns","tablet-grid-50","mobile-grid-100","grid-parent","grid-33","no-featured-image-padding"],"acf":[],"yoast_head":"<!-- This site is optimized with the Yoast SEO plugin v28.4 - https:\/\/yoast.com\/product\/yoast-seo-wordpress\/ -->\n<title>AB\u015e s\u0259firliyi v\u0259t\u0259nda\u015flar\u0131na x\u0259b\u0259rdarl\u0131q etdi: Ab\u015ferondan k\u0259nara s\u0259yah\u0259t etm\u0259yin - MEYDAN.TV<\/title>\n<meta name=\"robots\" content=\"index, follow, max-snippet:-1, max-image-preview:large, max-video-preview:-1\" \/>\n<link rel=\"canonical\" href=\"https:\/\/www.meydan.tv\/az\/article\/abs-sefirliyi-vetendaslarina-xeberdarliq-etdi-abserondan-kenara-seyahet-etmeyin\/\" \/>\n<meta property=\"og:locale\" content=\"az_AZ\" \/>\n<meta property=\"og:type\" content=\"article\" \/>\n<meta property=\"og:title\" content=\"AB\u015e s\u0259firliyi v\u0259t\u0259nda\u015flar\u0131na x\u0259b\u0259rdarl\u0131q etdi: Ab\u015ferondan k\u0259nara s\u0259yah\u0259t etm\u0259yin - MEYDAN.TV\" \/>\n<meta property=\"og:description\" content=\"\u00c7a\u011f\u0131r\u0131\u015fa s\u0259b\u0259b Az\u0259rbaycan-Erm\u0259nistan s\u0259rh\u0259dind\u0259 ya\u015fanan g\u0259rginlikdir\" \/>\n<meta property=\"og:url\" content=\"https:\/\/www.meydan.tv\/az\/article\/abs-sefirliyi-vetendaslarina-xeberdarliq-etdi-abserondan-kenara-seyahet-etmeyin\/\" \/>\n<meta property=\"og:site_name\" content=\"MEYDAN.TV\" \/>\n<meta property=\"article:published_time\" content=\"2020-09-25T22:10:08+00:00\" \/>\n<meta property=\"og:image\" content=\"https:\/\/www.meydan.tv\/wp-content\/uploads\/8f41ff4b-73eb-4bf4-9dba-2bb38c5fb4eb_w1200_r1_s.jpg\" \/>\n\t<meta property=\"og:image:width\" content=\"1200\" \/>\n\t<meta property=\"og:image:height\" content=\"675\" \/>\n\t<meta property=\"og:image:type\" content=\"image\/jpeg\" \/>\n<meta name=\"twitter:card\" content=\"summary_large_image\" \/>\n<!-- \/ Yoast SEO plugin. -->","yoast_head_json":{"title":"AB\u015e s\u0259firliyi v\u0259t\u0259nda\u015flar\u0131na x\u0259b\u0259rdarl\u0131q etdi: Ab\u015ferondan k\u0259nara s\u0259yah\u0259t etm\u0259yin - MEYDAN.TV","robots":{"index":"index","follow":"follow","max-snippet":"max-snippet:-1","max-image-preview":"max-image-preview:large","max-video-preview":"max-video-preview:-1"},"canonical":"https:\/\/www.meydan.tv\/az\/article\/abs-sefirliyi-vetendaslarina-xeberdarliq-etdi-abserondan-kenara-seyahet-etmeyin\/","og_locale":"az_AZ","og_type":"article","og_title":"AB\u015e s\u0259firliyi v\u0259t\u0259nda\u015flar\u0131na x\u0259b\u0259rdarl\u0131q etdi: Ab\u015ferondan k\u0259nara s\u0259yah\u0259t etm\u0259yin - MEYDAN.TV","og_description":"\u00c7a\u011f\u0131r\u0131\u015fa s\u0259b\u0259b Az\u0259rbaycan-Erm\u0259nistan s\u0259rh\u0259dind\u0259 ya\u015fanan g\u0259rginlikdir","og_url":"https:\/\/www.meydan.tv\/az\/article\/abs-sefirliyi-vetendaslarina-xeberdarliq-etdi-abserondan-kenara-seyahet-etmeyin\/","og_site_name":"MEYDAN.TV","article_published_time":"2020-09-25T22:10:08+00:00","og_image":[{"width":1200,"height":675,"url":"https:\/\/www.meydan.tv\/wp-content\/uploads\/8f41ff4b-73eb-4bf4-9dba-2bb38c5fb4eb_w1200_r1_s.jpg","type":"image\/jpeg"}],"twitter_card":"summary_large_image","schema":{"@context":"https:\/\/schema.org","@graph":[{"@type":"Article","@id":"https:\/\/www.meydan.tv\/az\/article\/abs-sefirliyi-vetendaslarina-xeberdarliq-etdi-abserondan-kenara-seyahet-etmeyin\/#article","isPartOf":{"@id":"https:\/\/www.meydan.tv\/az\/article\/abs-sefirliyi-vetendaslarina-xeberdarliq-etdi-abserondan-kenara-seyahet-etmeyin\/"},"author":{"name":"user-manager","@id":"https:\/\/www.meydan.tv\/az\/#\/schema\/person\/10d11eccf6da3662cf5fdab9806ea91a"},"headline":"AB\u015e s\u0259firliyi v\u0259t\u0259nda\u015flar\u0131na x\u0259b\u0259rdarl\u0131q etdi: Ab\u015ferondan k\u0259nara s\u0259yah\u0259t etm\u0259yin","datePublished":"2020-09-25T22:10:08+00:00","mainEntityOfPage":{"@id":"https:\/\/www.meydan.tv\/az\/article\/abs-sefirliyi-vetendaslarina-xeberdarliq-etdi-abserondan-kenara-seyahet-etmeyin\/"},"wordCount":314,"publisher":{"@id":"https:\/\/www.meydan.tv\/az\/#organization"},"image":{"@id":"https:\/\/www.meydan.tv\/az\/article\/abs-sefirliyi-vetendaslarina-xeberdarliq-etdi-abserondan-kenara-seyahet-etmeyin\/#primaryimage"},"thumbnailUrl":"https:\/\/www.meydan.tv\/wp-content\/uploads\/8f41ff4b-73eb-4bf4-9dba-2bb38c5fb4eb_w1200_r1_s.jpg","articleSection":["Siyas\u0259t"],"inLanguage":"az"},{"@type":"WebPage","@id":"https:\/\/www.meydan.tv\/az\/article\/abs-sefirliyi-vetendaslarina-xeberdarliq-etdi-abserondan-kenara-seyahet-etmeyin\/","url":"https:\/\/www.meydan.tv\/az\/article\/abs-sefirliyi-vetendaslarina-xeberdarliq-etdi-abserondan-kenara-seyahet-etmeyin\/","name":"AB\u015e s\u0259firliyi v\u0259t\u0259nda\u015flar\u0131na x\u0259b\u0259rdarl\u0131q etdi: Ab\u015ferondan k\u0259nara s\u0259yah\u0259t etm\u0259yin - MEYDAN.TV","isPartOf":{"@id":"https:\/\/www.meydan.tv\/az\/#website"},"primaryImageOfPage":{"@id":"https:\/\/www.meydan.tv\/az\/article\/abs-sefirliyi-vetendaslarina-xeberdarliq-etdi-abserondan-kenara-seyahet-etmeyin\/#primaryimage"},"image":{"@id":"https:\/\/www.meydan.tv\/az\/article\/abs-sefirliyi-vetendaslarina-xeberdarliq-etdi-abserondan-kenara-seyahet-etmeyin\/#primaryimage"},"thumbnailUrl":"https:\/\/www.meydan.tv\/wp-content\/uploads\/8f41ff4b-73eb-4bf4-9dba-2bb38c5fb4eb_w1200_r1_s.jpg","datePublished":"2020-09-25T22:10:08+00:00","breadcrumb":{"@id":"https:\/\/www.meydan.tv\/az\/article\/abs-sefirliyi-vetendaslarina-xeberdarliq-etdi-abserondan-kenara-seyahet-etmeyin\/#breadcrumb"},"inLanguage":"az","potentialAction":[{"@type":"ReadAction","target":["https:\/\/www.meydan.tv\/az\/article\/abs-sefirliyi-vetendaslarina-xeberdarliq-etdi-abserondan-kenara-seyahet-etmeyin\/"]}]},{"@type":"ImageObject","inLanguage":"az","@id":"https:\/\/www.meydan.tv\/az\/article\/abs-sefirliyi-vetendaslarina-xeberdarliq-etdi-abserondan-kenara-seyahet-etmeyin\/#primaryimage","url":"https:\/\/www.meydan.tv\/wp-content\/uploads\/8f41ff4b-73eb-4bf4-9dba-2bb38c5fb4eb_w1200_r1_s.jpg","contentUrl":"https:\/\/www.meydan.tv\/wp-content\/uploads\/8f41ff4b-73eb-4bf4-9dba-2bb38c5fb4eb_w1200_r1_s.jpg","width":1200,"height":675,"caption":"Foto: Meydan TV"},{"@type":"BreadcrumbList","@id":"https:\/\/www.meydan.tv\/az\/article\/abs-sefirliyi-vetendaslarina-xeberdarliq-etdi-abserondan-kenara-seyahet-etmeyin\/#breadcrumb","itemListElement":[{"@type":"ListItem","position":1,"name":"Ana s\u0259hif\u0259","item":"https:\/\/www.meydan.tv\/az\/"},{"@type":"ListItem","position":2,"name":"Siyas\u0259t","item":"https:\/\/www.meydan.tv\/az\/section\/siyaset\/"},{"@type":"ListItem","position":3,"name":"AB\u015e s\u0259firliyi v\u0259t\u0259nda\u015flar\u0131na x\u0259b\u0259rdarl\u0131q etdi: Ab\u015ferondan k\u0259nara s\u0259yah\u0259t etm\u0259yin"}]},{"@type":"WebSite","@id":"https:\/\/www.meydan.tv\/az\/#website","url":"https:\/\/www.meydan.tv\/az\/","name":"MEYDAN.TV","description":"Meydan TV Az\u0259rbaycan\u0131n media m\u0259kan\u0131ndak\u0131 alternativ s\u0259sidir","publisher":{"@id":"https:\/\/www.meydan.tv\/az\/#organization"},"potentialAction":[{"@type":"SearchAction","target":{"@type":"EntryPoint","urlTemplate":"https:\/\/www.meydan.tv\/az\/?s={search_term_string}"},"query-input":{"@type":"PropertyValueSpecification","valueRequired":true,"valueName":"search_term_string"}}],"inLanguage":"az"},{"@type":"Organization","@id":"https:\/\/www.meydan.tv\/az\/#organization","name":"Meydan TV","url":"https:\/\/www.meydan.tv\/az\/","logo":{"@type":"ImageObject","inLanguage":"az","@id":"https:\/\/www.meydan.tv\/az\/#\/schema\/logo\/image\/","url":"https:\/\/www.meydan.tv\/wp-content\/uploads\/2021\/07\/meydan-logo.svg","contentUrl":"https:\/\/www.meydan.tv\/wp-content\/uploads\/2021\/07\/meydan-logo.svg","width":195,"height":46,"caption":"Meydan TV"},"image":{"@id":"https:\/\/www.meydan.tv\/az\/#\/schema\/logo\/image\/"}},{"@type":"Person","@id":"https:\/\/www.meydan.tv\/az\/#\/schema\/person\/10d11eccf6da3662cf5fdab9806ea91a","name":"user-manager"}]}},"_links":{"self":[{"href":"https:\/\/www.meydan.tv\/az\/wp-json\/wp\/v2\/posts\/202622","targetHints":{"allow":["GET"]}}],"collection":[{"href":"https:\/\/www.meydan.tv\/az\/wp-json\/wp\/v2\/posts"}],"about":[{"href":"https:\/\/www.meydan.tv\/az\/wp-json\/wp\/v2\/types\/post"}],"author":[{"embeddable":true,"href":"https:\/\/www.meydan.tv\/az\/wp-json\/wp\/v2\/users\/11"}],"replies":[{"embeddable":true,"href":"https:\/\/www.meydan.tv\/az\/wp-json\/wp\/v2\/comments?post=202622"}],"version-history":[{"count":0,"href":"https:\/\/www.meydan.tv\/az\/wp-json\/wp\/v2\/posts\/202622\/revisions"}],"wp:featuredmedia":[{"embeddable":true,"href":"https:\/\/www.meydan.tv\/az\/wp-json\/wp\/v2\/media\/131900"}],"wp:attachment":[{"href":"https:\/\/www.meydan.tv\/az\/wp-json\/wp\/v2\/media?parent=202622"}],"wp:term":[{"taxonomy":"category","embeddable":true,"href":"https:\/\/www.meydan.tv\/az\/wp-json\/wp\/v2\/categories?post=202622"},{"taxonomy":"post_tag","embeddable":true,"href":"https:\/\/www.meydan.tv\/az\/wp-json\/wp\/v2\/tags?post=202622"}],"curies":[{"name":"wp","href":"https:\/\/api.w.org\/{rel}","templated":true}]}}