{"id":202592,"date":"2020-09-24T14:53:13","date_gmt":"2020-09-24T14:53:13","guid":{"rendered":"https:\/\/www.meydan.tv\/article\/imkansizliqdan-usaqlari-mektebe-gondere-bilmirem\/"},"modified":"2020-09-24T14:53:13","modified_gmt":"2020-09-24T14:53:13","slug":"imkansizliqdan-usaqlari-mektebe-gondere-bilmirem","status":"publish","type":"post","link":"https:\/\/www.meydan.tv\/az\/article\/imkansizliqdan-usaqlari-mektebe-gondere-bilmirem\/","title":{"rendered":"\u201c\u0130mkans\u0131zl\u0131qdan u\u015faqlar\u0131 m\u0259kt\u0259b\u0259 g\u00f6nd\u0259r\u0259 bilmir\u0259m\u201d"},"content":{"rendered":"<p>\n  <i><br \/>\n    Q\u0259hr\u0259manovlar ail\u0259si imkans\u0131zl\u0131qdan \u0259ziyy\u0259t \u00e7\u0259kir<br \/>\n  <\/i>\n<\/p>\n<p>\n  \u201c\u018fvv\u0259ll\u0259r f\u0259hl\u0259lik edir, g\u00fcn\u0259 7-10 manat qazan\u0131rd\u0131m. Bir il \u0259vv\u0259l g\u00f6z\u00fcmd\u0259n \u0259m\u0259liyyat oldum. H\u0259kim a\u011f\u0131r qald\u0131rma\u011f\u0131, \u00e7\u0259tin i\u015fl\u0259r g\u00f6rm\u0259yi qada\u011fan etdi. Bundan sonra qara g\u00fcnl\u0259rimiz ba\u015flad\u0131. 5 u\u015faqla ac\u0131nacaql\u0131 h\u0259yat ya\u015fay\u0131r\u0131q\u201d.\n<\/p>\n<p>\n  G\u00f6y\u00e7ay\u0131n M\u00fcsk\u00fcrl\u00fc k\u0259ndinin sakini, 45 ya\u015fl\u0131 C\u00fcm\u015f\u00fcd Q\u0259hr\u0259manov bel\u0259 deyir. Bildirir ki, bu il imkans\u0131zl\u0131qdan u\u015faqlar\u0131 m\u0259kt\u0259b\u0259 d\u0259 g\u00f6nd\u0259r\u0259 bilm\u0259yib.\n<\/p>\n<p>\n  Q\u0259hr\u0259manovlar ail\u0259si 6-c\u0131 u\u015fa\u011f\u0131 g\u00f6zl\u0259yir. Haz\u0131rk\u0131 \u00f6vladlar\u0131n\u0131n is\u0259 ki\u00e7iyi 4, b\u00f6y\u00fcy\u00fc 13 ya\u015f\u0131ndad\u0131r. Ail\u0259 \u00f6t\u0259n il\u0259d\u0259k onlar\u0131 \u00e7\u0259tinlikl\u0259 d\u0259 olsa, m\u0259kt\u0259b\u0259 g\u00f6nd\u0259r\u0259 bilib. Bu ild\u0259n m\u0259kt\u0259b\u0259 g\u00f6nd\u0259rm\u0259yin m\u00fcmk\u00fcn olmad\u0131\u011f\u0131n\u0131 deyirl\u0259r.\n<\/p>\n<p>\n  \u201c\u0130\u015fl\u0259mir\u0259m, \u00e7\u00fcnki h\u0259kim qoymur. F\u0259hl\u0259likd\u0259n ba\u015fqa bacard\u0131\u011f\u0131m bir i\u015f d\u0259 yoxdur. G\u00fcnd\u0259lik yem\u0259k x\u0259rcl\u0259rini qar\u015f\u0131lamaq \u00fc\u00e7\u00fcn yolda\u015f\u0131m s\u00fcp\u00fcrg\u0259 y\u0131\u011f\u0131r, ba\u011flay\u0131b sat\u0131r. Ordan g\u0259l\u0259n qazanc da yaln\u0131z g\u00fcnd\u0259lik yem\u0259yimiz\u0259 \u00e7at\u0131r. 7 n\u0259f\u0259rik. \u00dcst\u0259lik, yolda\u015f\u0131m hamil\u0259dir, ona \u00e7ox \u00e7\u0259tindir. \u018fn pisi d\u0259 odur ki, bu i\u015f g\u0259l\u0259n ay olmayacaq, m\u00f6vs\u00fcmidir\u201d.\n<\/p>\n<p>\n  C\u00fcm\u015f\u00fcd Q\u0259hr\u0259manov deyir ki, \u0259vv\u0259ll\u0259r atas\u0131n\u0131n evind\u0259 ya\u015fay\u0131blar. Onda h\u0259y\u0259tind\u0259 t\u00f6vl\u0259si, s\u00fcr\u00fc il\u0259 qoyunu olub. Sonradan bir evd\u0259 11 n\u0259f\u0259r ya\u015famaq \u00e7\u0259tinl\u0259\u015fib v\u0259 C\u00fcm\u015f\u00fcd ba\u015fqa ev\u0259 \u00e7\u0131xmaq q\u0259rar\u0131 verib. Deyir, buna g\u00f6r\u0259 b\u00fct\u00fcn s\u00fcr\u00fcs\u00fcn\u00fc satmal\u0131 olub. H\u0259min s\u00fcr\u00fcn\u00fcn pulu il\u0259 k\u0259ndd\u0259 \u00f6z\u00fcn\u0259 ev al\u0131b:\n<\/p>\n<p>\n  \u201c\u00d6d\u0259ni\u015fini yeni verib bitirmi\u015fdim ki, g\u00f6zl\u0259rim pis g\u00fcn\u0259 qald\u0131. Yen\u0259 borc-x\u0259rc edib, \u0259m\u0259liyyat olundum. N\u0259tic\u0259d\u0259, borc \u00f6d\u0259m\u0259yin m\u00fcdd\u0259ti uzand\u0131\u201d.\n<\/p>\n<p>\n  C\u00fcm\u015f\u00fcd Q\u0259hr\u0259manov deyir ki, art\u0131q aylard\u0131r \u00e7\u0131x\u0131lmaz durumdad\u0131r. El\u0259 bu zaman a\u011fl\u0131na \u00fcnvanl\u0131 sosial yard\u0131ma m\u00fcraci\u0259t etm\u0259k g\u0259lib. D\u00f6vl\u0259t Sosial M\u00fcdafi\u0259 Fondunun G\u00f6y\u00e7ay Rayon \u015e\u00f6b\u0259sin\u0259 m\u00fcraci\u0259t edib. Deyir, ona \u201cya\u015fad\u0131\u011f\u0131n ev \u00f6z ad\u0131na deyil. Odur ki, s\u0259n\u0259 yard\u0131m d\u00fc\u015fm\u00fcr\u201d, &#8211; cavab\u0131 veribl\u0259r. C\u00fcm\u015f\u00fcd Q\u0259hr\u0259manov is\u0259 deyir ki, d\u00fczd\u00fcr, ya\u015fad\u0131\u011f\u0131 ev h\u0259l\u0259lik, \u00f6z ad\u0131na ke\u00e7m\u0259yib. S\u0259b\u0259b d\u0259 pulunu tam \u00f6d\u0259yib bitirm\u0259m\u0259si olub. \u00d6d\u0259ni\u015f yeni bitib, ev sahibin\u0259 m\u00fcraci\u0259t edib, h\u0259ll olunacaq. Ancaq v\u0259t\u0259nda\u015f ad\u0131na ev almaqla yard\u0131m\u0131n n\u0259 \u0259laq\u0259si oldu\u011funu anlaya bilmir. Deyir, bel\u0259 \u00e7\u0131x\u0131r ki, evi olmayana yard\u0131m d\u00fc\u015fm\u00fcr?\n<\/p>\n<p>\n  D\u00f6vl\u0259t Sosial M\u00fcdafi\u0259 Fondunun G\u00f6y\u00e7ay Rayon \u015e\u00f6b\u0259sinin sosial yard\u0131m\u0131n t\u0259minat \u015f\u00f6b\u0259sinin m\u00fcdiri C\u0259bray\u0131l M\u0259mm\u0259dov is\u0259 Meydan TV-y\u0259 deyir ki, b\u0259li, ev \u00f6z\u00fcn\u00fcnd\u00fcrs\u0259, ad\u0131na olmal\u0131d\u0131r. Bu, t\u0259l\u0259b olunan s\u0259n\u0259dl\u0259rd\u0259n hesab edilir:\n<\/p>\n<p>\n  \u201cM\u0259s\u0259l\u0259n, kiray\u0259 qalanlar kiray\u0259 m\u00fcqavil\u0259si ba\u011flay\u0131r v\u0259 h\u0259min s\u0259n\u0259dl\u0259 m\u00fcraci\u0259t edirl\u0259r. \u018fslind\u0259 m\u00fcraci\u0259t ed\u0259n v\u0259t\u0259nda\u015fa yard\u0131m d\u00fc\u015f\u00fcb-d\u00fc\u015fm\u0259m\u0259sini Vahid Elektron M\u00fcraci\u0259t v\u0259 T\u0259yinat Alt Sistemi (VEMTAS) m\u00fc\u0259yy\u0259n edir, bizlik bir \u015fey yoxdur. G\u00f6r\u00fcn\u00fcr, o v\u0259t\u0259nda\u015fdan bu s\u0259n\u0259d t\u0259l\u0259b edilib\u201d.\n<\/p>\n<figure class=\"wp-block-image size-large\">\n  <img decoding=\"async\" src=\"https:\/\/www.meydan.tv\/az\/img_1774-jpg\/\" alt=\"img_1774.jpg\" class=\"wp-image-148346\"\/><figcaption>\n    &#8220;Haz\u0131rk\u0131 \u00f6vladlar\u0131n\u0131n is\u0259 ki\u00e7iyi 4, b\u00f6y\u00fcy\u00fc 13 ya\u015f\u0131ndad\u0131r&#8221;<br \/>\n  <\/figcaption><\/figure>\n<p>\n  C\u0259bray\u0131l M\u0259mm\u0259dov deyir ki, sistem\u0259 g\u00f6nd\u0259ril\u0259n b\u00fct\u00fcn m\u0259lumatlar d\u0259qiq olmal\u0131d\u0131r. Bura ail\u0259 t\u0259rkibi il\u0259 ba\u011fl\u0131 aray\u0131\u015f, onun notariusda t\u0259sdiqi v\u0259 s. da daxildir. Fondun \u0259m\u0259kda\u015f\u0131 \u0259lav\u0259 edir ki, h\u0259min s\u0259n\u0259dl\u0259 notarisudan t\u0259msil\u00e7ilik \u0259riz\u0259si al\u0131nmal\u0131, h\u0259min \u0259riz\u0259 \u0259sas\u0131nda da v\u0259t\u0259nda\u015fa kod verilm\u0259lidir:\n<\/p>\n<p>\n  \u201cM\u0259lumat VEMPAS sistemin\u0259 h\u0259min kodla g\u00f6nd\u0259rilir. Ona g\u00f6r\u0259 bunlar\u0131n ham\u0131s\u0131 vacibdir. \u00dcmumiyy\u0259tl\u0259, h\u0259min sistem\u0259 ail\u0259 \u00fczvl\u0259ri, g\u0259lir, i\u015f bar\u0259d\u0259 b\u00fct\u00fcn m\u0259lumatlar daxil edilir. G\u00fcman ki, C\u00fcm\u015f\u00fcd Q\u0259hr\u0259manovdan i\u015f t\u0259l\u0259b olunacaq. \u018fg\u0259r \u0259m\u0259liyyat olunubsa, haz\u0131rda \u0259m\u0259k qabiliyy\u0259tli deyils\u0259, bu zaman qeydiyyatda oldu\u011fu \u0259razinin tibb m\u0259nt\u0259q\u0259sin\u0259 m\u00fcraci\u0259t edib, \u0259lillik d\u0259r\u0259c\u0259si almal\u0131d\u0131r. Yaxud C\u00fcm\u015f\u00fcd Q\u0259hr\u0259manovun ad\u0131na pay torpa\u011f\u0131 var. Bu da i\u015f yeri say\u0131la bil\u0259r. \u018fsas s\u0259n\u0259dl\u0259ri d\u00fczg\u00fcn toplamaqd\u0131r\u201d.\n<\/p>\n<p>\n  C\u0259bray\u0131l M\u0259mm\u0259dov deyir ki, onlar bir m\u00fcdd\u0259t \u00f6nc\u0259 Q\u0259hr\u0259manovlar ail\u0259sinin evin\u0259 bax\u0131\u015f ke\u00e7iribl\u0259r. H\u0259qiq\u0259t\u0259n ail\u0259 \u00e7\u0259tin durumda ya\u015fay\u0131r. Amma yard\u0131ma m\u00fcraci\u0259t \u00fc\u00e7\u00fcn b\u0259zi s\u0259n\u0259dl\u0259ri \u00e7atm\u0131r:\n<\/p>\n<p>\n  \u201e\u018fg\u0259r bu bar\u0259d\u0259 onlarda sual yaran\u0131bsa, yen\u0259 m\u00fcraci\u0259t etsinl\u0259r, \u0259limizd\u0259n g\u0259l\u0259n k\u00f6m\u0259yi ed\u0259rik\u201d.\n<\/p>\n<p>\n  D\u00f6vl\u0259tin m\u00fc\u0259yy\u0259n etdiyi<br \/>\n  <a href=\"http:\/\/sosial.gov.az\/udsyq\"><br \/>\n    qaydalar<br \/>\n  <\/a><br \/>\n  a \u0259sas\u0259n, \u00fcnvanl\u0131 d\u00f6vl\u0259t sosial yard\u0131m\u0131na m\u00fcraci\u0259t etm\u0259k \u00fc\u00e7\u00fcn ilk n\u00f6vb\u0259d\u0259 ail\u0259 t\u0259rkibi v\u0259 \u00fcnvan d\u00fczg\u00fcn g\u00f6st\u0259rilm\u0259lidir. Bundan sonra ail\u0259nin g\u0259lirl\u0259ri, krediti, \u0259mlak\u0131, pay torpa\u011f\u0131 varsa, bu bar\u0259d\u0259 m\u0259lumat daxil edilm\u0259li, qaz, i\u015f\u0131q, su, stasionar v\u0259 mobil telefondan istifad\u0259y\u0259 g\u00f6r\u0259 x\u0259rcl\u0259ri g\u00f6st\u0259rilm\u0259lidir.\n<\/p>\n<p>\n  \u015e\u0259rtl\u0259rd\u0259 \u00fcnvanl\u0131 sosial yard\u0131m\u0131n verilm\u0259m\u0259si \u0259saslar\u0131n\u0131n i\u00e7\u0259risind\u0259 m\u0259nzilin \u00f6z ad\u0131na olmamas\u0131 \u0259sas\u0131 yoxdur.\n<\/p>\n<p>\n  Sonda D\u00f6vl\u0259t Sosial M\u00fcdafi\u0259 Fondunun G\u00f6y\u00e7ay Rayon \u015e\u00f6b\u0259sinin \u0259m\u0259kda\u015f\u0131 C\u0259bray\u0131l M\u0259mm\u0259dov \u0259lav\u0259 edir ki, \u0259mlakla ba\u011fl\u0131 s\u0259n\u0259dl\u0259ri d\u00fcz\u0259ltsinl\u0259r v\u0259 yenid\u0259n m\u00fcraci\u0259t etsinl\u0259r. Bu zaman \u015fanslar\u0131 y\u00fcks\u0259k olar.\n<\/p>\n<p>\n  Bu il Az\u0259rbaycanda ail\u0259l\u0259r\u0259 \u00fcnvanl\u0131 sosial yard\u0131m almaq h\u00fcququ \u00fc\u00e7\u00fcn m\u00fc\u0259yy\u0259nl\u0259\u015fdirilmi\u015f \u015f\u0259rtl\u0259rd\u0259 d\u0259yi\u015fiklik edilib.\n<\/p>\n<p>\n  M\u00fcst\u0259qil ekspertl\u0259r r\u0259yl\u0259rind\u0259 yeni d\u0259yi\u015fiklikd\u0259 insanlara \u00fcnvanl\u0131 sosial yard\u0131m verm\u0259m\u0259k \u00fc\u00e7\u00fcn bir \u00e7ox mane\u0259 t\u0259tbiq edildiyini bildirmi\u015fdil\u0259r. Yeni d\u0259yi\u015fiklikl\u0259rd\u0259n biri d\u0259 sosial yard\u0131m\u0131n \u00f6d\u0259nilm\u0259 m\u00fcdd\u0259tinin 2 ild\u0259n 1 il\u0259 endirilm\u0259sidir. \u018fvv\u0259ll\u0259r bu yard\u0131m 2 il<br \/>\n  <a href=\"http:\/\/sosial.gov.az\/udsyq?fbclid=IwAR1kN-1AtIFOpZPTS5e7LlLq31hRqr3R8CqBHPGENO_hkcCCk-9JcTRtZY8\"><br \/>\n    m\u00fcdd\u0259ti<br \/>\n  <\/a><br \/>\n  n\u0259 \u00f6d\u0259nilirdi.<\/p>\n","protected":false},"excerpt":{"rendered":"<p>&#8220;\u201cM\u0259s\u0259l\u0259n, kiray\u0259 qalanlar kiray\u0259 m\u00fcqavil\u0259si ba\u011flay\u0131r v\u0259 h\u0259min s\u0259n\u0259dl\u0259 m\u00fcraci\u0259t edirl\u0259r&#8221;<\/p>\n","protected":false},"author":11,"featured_media":148337,"comment_status":"closed","ping_status":"open","sticky":false,"template":"","format":"standard","meta":{"_acf_changed":false,"_sitemap_exclude":false,"_sitemap_priority":"","_sitemap_frequency":"","footnotes":""},"categories":[60],"tags":[],"class_list":["post-202592","post","type-post","status-publish","format-standard","has-post-thumbnail","hentry","category-bolge","infinite-scroll-item","generate-columns","tablet-grid-50","mobile-grid-100","grid-parent","grid-33","no-featured-image-padding"],"acf":[],"yoast_head":"<!-- This site is optimized with the Yoast SEO plugin v27.5 - https:\/\/yoast.com\/product\/yoast-seo-wordpress\/ -->\n<title>\u201c\u0130mkans\u0131zl\u0131qdan u\u015faqlar\u0131 m\u0259kt\u0259b\u0259 g\u00f6nd\u0259r\u0259 bilmir\u0259m\u201d - MEYDAN.TV<\/title>\n<meta name=\"robots\" content=\"index, follow, max-snippet:-1, max-image-preview:large, max-video-preview:-1\" \/>\n<link rel=\"canonical\" href=\"https:\/\/www.meydan.tv\/az\/article\/imkansizliqdan-usaqlari-mektebe-gondere-bilmirem\/\" \/>\n<meta property=\"og:locale\" content=\"az_AZ\" \/>\n<meta property=\"og:type\" content=\"article\" \/>\n<meta property=\"og:title\" content=\"\u201c\u0130mkans\u0131zl\u0131qdan u\u015faqlar\u0131 m\u0259kt\u0259b\u0259 g\u00f6nd\u0259r\u0259 bilmir\u0259m\u201d - MEYDAN.TV\" \/>\n<meta property=\"og:description\" content=\"&quot;\u201cM\u0259s\u0259l\u0259n, kiray\u0259 qalanlar kiray\u0259 m\u00fcqavil\u0259si ba\u011flay\u0131r v\u0259 h\u0259min s\u0259n\u0259dl\u0259 m\u00fcraci\u0259t edirl\u0259r&quot;\" \/>\n<meta property=\"og:url\" content=\"https:\/\/www.meydan.tv\/az\/article\/imkansizliqdan-usaqlari-mektebe-gondere-bilmirem\/\" \/>\n<meta property=\"og:site_name\" content=\"MEYDAN.TV\" \/>\n<meta property=\"article:published_time\" content=\"2020-09-24T14:53:13+00:00\" \/>\n<meta property=\"og:image\" content=\"https:\/\/www.meydan.tv\/wp-content\/uploads\/1600056976_119583761_3066002210194746_6245279615135024962_n.jpg\" \/>\n\t<meta property=\"og:image:width\" content=\"1280\" \/>\n\t<meta property=\"og:image:height\" content=\"960\" \/>\n\t<meta property=\"og:image:type\" content=\"image\/jpeg\" \/>\n<meta name=\"author\" content=\"user-manager\" \/>\n<meta name=\"twitter:card\" content=\"summary_large_image\" \/>\n<script type=\"application\/ld+json\" class=\"yoast-schema-graph\">{\"@context\":\"https:\\\/\\\/schema.org\",\"@graph\":[{\"@type\":\"Article\",\"@id\":\"https:\\\/\\\/www.meydan.tv\\\/az\\\/article\\\/imkansizliqdan-usaqlari-mektebe-gondere-bilmirem\\\/#article\",\"isPartOf\":{\"@id\":\"https:\\\/\\\/www.meydan.tv\\\/az\\\/article\\\/imkansizliqdan-usaqlari-mektebe-gondere-bilmirem\\\/\"},\"author\":{\"name\":\"user-manager\",\"@id\":\"https:\\\/\\\/www.meydan.tv\\\/az\\\/#\\\/schema\\\/person\\\/10d11eccf6da3662cf5fdab9806ea91a\"},\"headline\":\"\u201c\u0130mkans\u0131zl\u0131qdan u\u015faqlar\u0131 m\u0259kt\u0259b\u0259 g\u00f6nd\u0259r\u0259 bilmir\u0259m\u201d\",\"datePublished\":\"2020-09-24T14:53:13+00:00\",\"mainEntityOfPage\":{\"@id\":\"https:\\\/\\\/www.meydan.tv\\\/az\\\/article\\\/imkansizliqdan-usaqlari-mektebe-gondere-bilmirem\\\/\"},\"wordCount\":1183,\"publisher\":{\"@id\":\"https:\\\/\\\/www.meydan.tv\\\/az\\\/#organization\"},\"image\":{\"@id\":\"https:\\\/\\\/www.meydan.tv\\\/az\\\/article\\\/imkansizliqdan-usaqlari-mektebe-gondere-bilmirem\\\/#primaryimage\"},\"thumbnailUrl\":\"https:\\\/\\\/www.meydan.tv\\\/wp-content\\\/uploads\\\/1600056976_119583761_3066002210194746_6245279615135024962_n.jpg\",\"articleSection\":[\"B\u00f6lg\u0259\"],\"inLanguage\":\"az\"},{\"@type\":\"WebPage\",\"@id\":\"https:\\\/\\\/www.meydan.tv\\\/az\\\/article\\\/imkansizliqdan-usaqlari-mektebe-gondere-bilmirem\\\/\",\"url\":\"https:\\\/\\\/www.meydan.tv\\\/az\\\/article\\\/imkansizliqdan-usaqlari-mektebe-gondere-bilmirem\\\/\",\"name\":\"\u201c\u0130mkans\u0131zl\u0131qdan u\u015faqlar\u0131 m\u0259kt\u0259b\u0259 g\u00f6nd\u0259r\u0259 bilmir\u0259m\u201d - MEYDAN.TV\",\"isPartOf\":{\"@id\":\"https:\\\/\\\/www.meydan.tv\\\/az\\\/#website\"},\"primaryImageOfPage\":{\"@id\":\"https:\\\/\\\/www.meydan.tv\\\/az\\\/article\\\/imkansizliqdan-usaqlari-mektebe-gondere-bilmirem\\\/#primaryimage\"},\"image\":{\"@id\":\"https:\\\/\\\/www.meydan.tv\\\/az\\\/article\\\/imkansizliqdan-usaqlari-mektebe-gondere-bilmirem\\\/#primaryimage\"},\"thumbnailUrl\":\"https:\\\/\\\/www.meydan.tv\\\/wp-content\\\/uploads\\\/1600056976_119583761_3066002210194746_6245279615135024962_n.jpg\",\"datePublished\":\"2020-09-24T14:53:13+00:00\",\"breadcrumb\":{\"@id\":\"https:\\\/\\\/www.meydan.tv\\\/az\\\/article\\\/imkansizliqdan-usaqlari-mektebe-gondere-bilmirem\\\/#breadcrumb\"},\"inLanguage\":\"az\",\"potentialAction\":[{\"@type\":\"ReadAction\",\"target\":[\"https:\\\/\\\/www.meydan.tv\\\/az\\\/article\\\/imkansizliqdan-usaqlari-mektebe-gondere-bilmirem\\\/\"]}]},{\"@type\":\"ImageObject\",\"inLanguage\":\"az\",\"@id\":\"https:\\\/\\\/www.meydan.tv\\\/az\\\/article\\\/imkansizliqdan-usaqlari-mektebe-gondere-bilmirem\\\/#primaryimage\",\"url\":\"https:\\\/\\\/www.meydan.tv\\\/wp-content\\\/uploads\\\/1600056976_119583761_3066002210194746_6245279615135024962_n.jpg\",\"contentUrl\":\"https:\\\/\\\/www.meydan.tv\\\/wp-content\\\/uploads\\\/1600056976_119583761_3066002210194746_6245279615135024962_n.jpg\",\"width\":1280,\"height\":960,\"caption\":\"Source: Specify Source\"},{\"@type\":\"BreadcrumbList\",\"@id\":\"https:\\\/\\\/www.meydan.tv\\\/az\\\/article\\\/imkansizliqdan-usaqlari-mektebe-gondere-bilmirem\\\/#breadcrumb\",\"itemListElement\":[{\"@type\":\"ListItem\",\"position\":1,\"name\":\"Ana s\u0259hif\u0259\",\"item\":\"https:\\\/\\\/www.meydan.tv\\\/az\\\/\"},{\"@type\":\"ListItem\",\"position\":2,\"name\":\"B\u00f6lg\u0259\",\"item\":\"https:\\\/\\\/www.meydan.tv\\\/az\\\/section\\\/bolge\\\/\"},{\"@type\":\"ListItem\",\"position\":3,\"name\":\"\u201c\u0130mkans\u0131zl\u0131qdan u\u015faqlar\u0131 m\u0259kt\u0259b\u0259 g\u00f6nd\u0259r\u0259 bilmir\u0259m\u201d\"}]},{\"@type\":\"WebSite\",\"@id\":\"https:\\\/\\\/www.meydan.tv\\\/az\\\/#website\",\"url\":\"https:\\\/\\\/www.meydan.tv\\\/az\\\/\",\"name\":\"MEYDAN.TV\",\"description\":\"Meydan TV Az\u0259rbaycan\u0131n media m\u0259kan\u0131ndak\u0131 alternativ s\u0259sidir\",\"publisher\":{\"@id\":\"https:\\\/\\\/www.meydan.tv\\\/az\\\/#organization\"},\"potentialAction\":[{\"@type\":\"SearchAction\",\"target\":{\"@type\":\"EntryPoint\",\"urlTemplate\":\"https:\\\/\\\/www.meydan.tv\\\/az\\\/?s={search_term_string}\"},\"query-input\":{\"@type\":\"PropertyValueSpecification\",\"valueRequired\":true,\"valueName\":\"search_term_string\"}}],\"inLanguage\":\"az\"},{\"@type\":\"Organization\",\"@id\":\"https:\\\/\\\/www.meydan.tv\\\/az\\\/#organization\",\"name\":\"Meydan TV\",\"url\":\"https:\\\/\\\/www.meydan.tv\\\/az\\\/\",\"logo\":{\"@type\":\"ImageObject\",\"inLanguage\":\"az\",\"@id\":\"https:\\\/\\\/www.meydan.tv\\\/az\\\/#\\\/schema\\\/logo\\\/image\\\/\",\"url\":\"https:\\\/\\\/www.meydan.tv\\\/wp-content\\\/uploads\\\/2021\\\/07\\\/meydan-logo.svg\",\"contentUrl\":\"https:\\\/\\\/www.meydan.tv\\\/wp-content\\\/uploads\\\/2021\\\/07\\\/meydan-logo.svg\",\"width\":195,\"height\":46,\"caption\":\"Meydan TV\"},\"image\":{\"@id\":\"https:\\\/\\\/www.meydan.tv\\\/az\\\/#\\\/schema\\\/logo\\\/image\\\/\"}},{\"@type\":\"Person\",\"@id\":\"https:\\\/\\\/www.meydan.tv\\\/az\\\/#\\\/schema\\\/person\\\/10d11eccf6da3662cf5fdab9806ea91a\",\"name\":\"user-manager\"}]}<\/script>\n<!-- \/ Yoast SEO plugin. -->","yoast_head_json":{"title":"\u201c\u0130mkans\u0131zl\u0131qdan u\u015faqlar\u0131 m\u0259kt\u0259b\u0259 g\u00f6nd\u0259r\u0259 bilmir\u0259m\u201d - MEYDAN.TV","robots":{"index":"index","follow":"follow","max-snippet":"max-snippet:-1","max-image-preview":"max-image-preview:large","max-video-preview":"max-video-preview:-1"},"canonical":"https:\/\/www.meydan.tv\/az\/article\/imkansizliqdan-usaqlari-mektebe-gondere-bilmirem\/","og_locale":"az_AZ","og_type":"article","og_title":"\u201c\u0130mkans\u0131zl\u0131qdan u\u015faqlar\u0131 m\u0259kt\u0259b\u0259 g\u00f6nd\u0259r\u0259 bilmir\u0259m\u201d - MEYDAN.TV","og_description":"\"\u201cM\u0259s\u0259l\u0259n, kiray\u0259 qalanlar kiray\u0259 m\u00fcqavil\u0259si ba\u011flay\u0131r v\u0259 h\u0259min s\u0259n\u0259dl\u0259 m\u00fcraci\u0259t edirl\u0259r\"","og_url":"https:\/\/www.meydan.tv\/az\/article\/imkansizliqdan-usaqlari-mektebe-gondere-bilmirem\/","og_site_name":"MEYDAN.TV","article_published_time":"2020-09-24T14:53:13+00:00","og_image":[{"width":1280,"height":960,"url":"https:\/\/www.meydan.tv\/wp-content\/uploads\/1600056976_119583761_3066002210194746_6245279615135024962_n.jpg","type":"image\/jpeg"}],"author":"user-manager","twitter_card":"summary_large_image","schema":{"@context":"https:\/\/schema.org","@graph":[{"@type":"Article","@id":"https:\/\/www.meydan.tv\/az\/article\/imkansizliqdan-usaqlari-mektebe-gondere-bilmirem\/#article","isPartOf":{"@id":"https:\/\/www.meydan.tv\/az\/article\/imkansizliqdan-usaqlari-mektebe-gondere-bilmirem\/"},"author":{"name":"user-manager","@id":"https:\/\/www.meydan.tv\/az\/#\/schema\/person\/10d11eccf6da3662cf5fdab9806ea91a"},"headline":"\u201c\u0130mkans\u0131zl\u0131qdan u\u015faqlar\u0131 m\u0259kt\u0259b\u0259 g\u00f6nd\u0259r\u0259 bilmir\u0259m\u201d","datePublished":"2020-09-24T14:53:13+00:00","mainEntityOfPage":{"@id":"https:\/\/www.meydan.tv\/az\/article\/imkansizliqdan-usaqlari-mektebe-gondere-bilmirem\/"},"wordCount":1183,"publisher":{"@id":"https:\/\/www.meydan.tv\/az\/#organization"},"image":{"@id":"https:\/\/www.meydan.tv\/az\/article\/imkansizliqdan-usaqlari-mektebe-gondere-bilmirem\/#primaryimage"},"thumbnailUrl":"https:\/\/www.meydan.tv\/wp-content\/uploads\/1600056976_119583761_3066002210194746_6245279615135024962_n.jpg","articleSection":["B\u00f6lg\u0259"],"inLanguage":"az"},{"@type":"WebPage","@id":"https:\/\/www.meydan.tv\/az\/article\/imkansizliqdan-usaqlari-mektebe-gondere-bilmirem\/","url":"https:\/\/www.meydan.tv\/az\/article\/imkansizliqdan-usaqlari-mektebe-gondere-bilmirem\/","name":"\u201c\u0130mkans\u0131zl\u0131qdan u\u015faqlar\u0131 m\u0259kt\u0259b\u0259 g\u00f6nd\u0259r\u0259 bilmir\u0259m\u201d - MEYDAN.TV","isPartOf":{"@id":"https:\/\/www.meydan.tv\/az\/#website"},"primaryImageOfPage":{"@id":"https:\/\/www.meydan.tv\/az\/article\/imkansizliqdan-usaqlari-mektebe-gondere-bilmirem\/#primaryimage"},"image":{"@id":"https:\/\/www.meydan.tv\/az\/article\/imkansizliqdan-usaqlari-mektebe-gondere-bilmirem\/#primaryimage"},"thumbnailUrl":"https:\/\/www.meydan.tv\/wp-content\/uploads\/1600056976_119583761_3066002210194746_6245279615135024962_n.jpg","datePublished":"2020-09-24T14:53:13+00:00","breadcrumb":{"@id":"https:\/\/www.meydan.tv\/az\/article\/imkansizliqdan-usaqlari-mektebe-gondere-bilmirem\/#breadcrumb"},"inLanguage":"az","potentialAction":[{"@type":"ReadAction","target":["https:\/\/www.meydan.tv\/az\/article\/imkansizliqdan-usaqlari-mektebe-gondere-bilmirem\/"]}]},{"@type":"ImageObject","inLanguage":"az","@id":"https:\/\/www.meydan.tv\/az\/article\/imkansizliqdan-usaqlari-mektebe-gondere-bilmirem\/#primaryimage","url":"https:\/\/www.meydan.tv\/wp-content\/uploads\/1600056976_119583761_3066002210194746_6245279615135024962_n.jpg","contentUrl":"https:\/\/www.meydan.tv\/wp-content\/uploads\/1600056976_119583761_3066002210194746_6245279615135024962_n.jpg","width":1280,"height":960,"caption":"Source: Specify Source"},{"@type":"BreadcrumbList","@id":"https:\/\/www.meydan.tv\/az\/article\/imkansizliqdan-usaqlari-mektebe-gondere-bilmirem\/#breadcrumb","itemListElement":[{"@type":"ListItem","position":1,"name":"Ana s\u0259hif\u0259","item":"https:\/\/www.meydan.tv\/az\/"},{"@type":"ListItem","position":2,"name":"B\u00f6lg\u0259","item":"https:\/\/www.meydan.tv\/az\/section\/bolge\/"},{"@type":"ListItem","position":3,"name":"\u201c\u0130mkans\u0131zl\u0131qdan u\u015faqlar\u0131 m\u0259kt\u0259b\u0259 g\u00f6nd\u0259r\u0259 bilmir\u0259m\u201d"}]},{"@type":"WebSite","@id":"https:\/\/www.meydan.tv\/az\/#website","url":"https:\/\/www.meydan.tv\/az\/","name":"MEYDAN.TV","description":"Meydan TV Az\u0259rbaycan\u0131n media m\u0259kan\u0131ndak\u0131 alternativ s\u0259sidir","publisher":{"@id":"https:\/\/www.meydan.tv\/az\/#organization"},"potentialAction":[{"@type":"SearchAction","target":{"@type":"EntryPoint","urlTemplate":"https:\/\/www.meydan.tv\/az\/?s={search_term_string}"},"query-input":{"@type":"PropertyValueSpecification","valueRequired":true,"valueName":"search_term_string"}}],"inLanguage":"az"},{"@type":"Organization","@id":"https:\/\/www.meydan.tv\/az\/#organization","name":"Meydan TV","url":"https:\/\/www.meydan.tv\/az\/","logo":{"@type":"ImageObject","inLanguage":"az","@id":"https:\/\/www.meydan.tv\/az\/#\/schema\/logo\/image\/","url":"https:\/\/www.meydan.tv\/wp-content\/uploads\/2021\/07\/meydan-logo.svg","contentUrl":"https:\/\/www.meydan.tv\/wp-content\/uploads\/2021\/07\/meydan-logo.svg","width":195,"height":46,"caption":"Meydan TV"},"image":{"@id":"https:\/\/www.meydan.tv\/az\/#\/schema\/logo\/image\/"}},{"@type":"Person","@id":"https:\/\/www.meydan.tv\/az\/#\/schema\/person\/10d11eccf6da3662cf5fdab9806ea91a","name":"user-manager"}]}},"_links":{"self":[{"href":"https:\/\/www.meydan.tv\/az\/wp-json\/wp\/v2\/posts\/202592","targetHints":{"allow":["GET"]}}],"collection":[{"href":"https:\/\/www.meydan.tv\/az\/wp-json\/wp\/v2\/posts"}],"about":[{"href":"https:\/\/www.meydan.tv\/az\/wp-json\/wp\/v2\/types\/post"}],"author":[{"embeddable":true,"href":"https:\/\/www.meydan.tv\/az\/wp-json\/wp\/v2\/users\/11"}],"replies":[{"embeddable":true,"href":"https:\/\/www.meydan.tv\/az\/wp-json\/wp\/v2\/comments?post=202592"}],"version-history":[{"count":0,"href":"https:\/\/www.meydan.tv\/az\/wp-json\/wp\/v2\/posts\/202592\/revisions"}],"wp:featuredmedia":[{"embeddable":true,"href":"https:\/\/www.meydan.tv\/az\/wp-json\/wp\/v2\/media\/148337"}],"wp:attachment":[{"href":"https:\/\/www.meydan.tv\/az\/wp-json\/wp\/v2\/media?parent=202592"}],"wp:term":[{"taxonomy":"category","embeddable":true,"href":"https:\/\/www.meydan.tv\/az\/wp-json\/wp\/v2\/categories?post=202592"},{"taxonomy":"post_tag","embeddable":true,"href":"https:\/\/www.meydan.tv\/az\/wp-json\/wp\/v2\/tags?post=202592"}],"curies":[{"name":"wp","href":"https:\/\/api.w.org\/{rel}","templated":true}]}}