{"id":202585,"date":"2020-09-24T12:24:13","date_gmt":"2020-09-24T12:24:13","guid":{"rendered":"https:\/\/www.meydan.tv\/article\/ekspert-spikeri-tenqid-etdi-diplomatiyada-bu-derecede-qeyri-pesekarliq-olmaz\/"},"modified":"2020-09-24T12:24:13","modified_gmt":"2020-09-24T12:24:13","slug":"ekspert-spikeri-tenqid-etdi-diplomatiyada-bu-derecede-qeyri-pesekarliq-olmaz","status":"publish","type":"post","link":"https:\/\/www.meydan.tv\/az\/article\/ekspert-spikeri-tenqid-etdi-diplomatiyada-bu-derecede-qeyri-pesekarliq-olmaz\/","title":{"rendered":"Ekspert spikeri t\u0259nqid etdi: Diplomatiyada bu d\u0259r\u0259c\u0259d\u0259 qeyri-pe\u015f\u0259karl\u0131q olmaz"},"content":{"rendered":"<p>\n  <i><br \/>\n    &quot;Erm\u0259nistan m\u0259tbuat\u0131 Az\u0259rbaycan\u0131 g\u00fcl\u00fc\u015f obyektin\u0259 \u00e7evirdi&quot;<br \/>\n  <\/i>\n<\/p>\n<p>\n  Rusiya Xarici i\u015fl\u0259r naziri Sergey Lavrovun Milli M\u0259clisin s\u0259dri Sahib\u0259 Qafarova il\u0259 g\u00f6r\u00fc\u015f\u00fcnd\u0259 s\u0259sl\u0259ndirdikl\u0259ri sonradan nazirliyin m\u0259tbuat xidm\u0259ti t\u0259r\u0259find\u0259n t\u0259kzib olunub. G\u00f6r\u00fc\u015f sentyabr\u0131n 23-d\u0259 ba\u015f tutub.\n<\/p>\n<p>\n  Nazir Sergey Lavrov bildirmi\u015fdi ki, Erm\u0259nistan\u0131n Ba\u015f naziri Nikol Pa\u015finyan\u0131n Da\u011fl\u0131q Qaraba\u011fla ba\u011fl\u0131 s\u0259sl\u0259ndirdiyi fikirl\u0259r m\u00fcnaqi\u015f\u0259nin nizamlanmas\u0131 prosesin\u0259 mane\u0259 t\u00f6r\u0259dir:\n<\/p>\n<p>\n  \u201cBu, r\u0259smi Moskvan\u0131n m\u00f6vqeyidir. Rusiya t\u0259r\u0259fi nizamlama prosesind\u0259 i\u015f\u011fal olunmu\u015f 5 rayonun geri qaytar\u0131lmas\u0131n\u0131n, \u0259raziy\u0259 s\u00fclhm\u0259raml\u0131lar\u0131n yerl\u0259\u015fdirilm\u0259sinin v\u0259 n\u0259qliyyat-kommunikasiya sisteminin b\u0259rpa olunmas\u0131n\u0131n t\u0259r\u0259fdar\u0131d\u0131r\u201d.\n<\/p>\n<p>\n  El\u0259 h\u0259min g\u00fcn Rusiya Xarici \u0130\u015fl\u0259r Nazirliyinin m\u0259tbuat xidm\u0259tinin r\u0259hb\u0259ri Mariya Zaxarova is\u0259 dolay\u0131s\u0131yla nazirinin s\u00f6yl\u0259dikl\u0259rini t\u0259kzib edib:\n<\/p>\n<p>\n  \u201cO ki qald\u0131 Az\u0259rbaycan\u0131n media resurslar\u0131n\u0131n v\u0259 d\u00f6vl\u0259t strukturlar\u0131n\u0131n yayd\u0131\u011f\u0131 m\u0259lumatda Rusiya Xarici i\u015fl\u0259r nazirin\u0259 istinad\u0131n korrektliyin\u0259, sizin diqq\u0259tinizi \u00e7atd\u0131r\u0131ram ki, prinsipc\u0259, bu suallar\u0131 m\u0259lumat\u0131n yay\u0131ld\u0131\u011f\u0131 m\u0259nb\u0259y\u0259 \u00fcnvanlamaq ist\u0259yir\u0259m. Ona g\u00f6r\u0259 d\u0259 bunun \u00fcz\u0259rind\u0259 dayanmayacam. Da\u011fl\u0131q Qaraba\u011f m\u00fcnaqi\u015f\u0259si haqq\u0131nda is\u0259 bunlar\u0131 dey\u0259 bil\u0259r\u0259m. Bug\u00fcnk\u00fc g\u00f6r\u00fc\u015f zaman\u0131 m\u00fcnaqi\u015f\u0259nin nizamlanmas\u0131n\u0131n daha \u0259vv\u0259l s\u0259sl\u0259ndirilmi\u015f baza prinsipl\u0259ri m\u00fczakir\u0259 olunub. Bura Da\u011fl\u0131q Qaraba\u011f\u0131n status m\u0259s\u0259l\u0259sinin h\u0259lli, el\u0259c\u0259 d\u0259 \u0259traf rayonlar\u0131n azad olunmas\u0131 da daxildir. Bizim bu m\u0259s\u0259l\u0259 il\u0259 ba\u011fl\u0131 m\u00f6vqeyimiz yax\u015f\u0131 bilirsiz. Ona g\u00f6r\u0259 d\u0259, xahi\u015f edirik ki, Rusiya t\u0259r\u0259find\u0259n edilm\u0259y\u0259n m\u00fcxt\u0259lif t\u0259fsirl\u0259r\u0259 deyil, m\u0259hz bu m\u00f6vqey\u0259 istiqam\u0259tl\u0259nin\u201d.\n<\/p>\n<figure class=\"wp-block-image size-large\">\n  <img decoding=\"async\" src=\"https:\/\/www.meydan.tv\/az\/rian_5482858-hr-pic4_zoom-1500x1500-67341-jpg\/\" alt=\"RIAN_5482858.HR-pic4_zoom-1500&#215;1500-67341.jpg\" class=\"wp-image-148310\"\/><figcaption>\n    Rusiya Xarici \u0130\u015fl\u0259r Nazirliyi<br \/>\n  <\/figcaption><\/figure>\n<p>\n  Bunun ard\u0131nca Milli M\u0259clisin<br \/>\n  <a href=\"https:\/\/www.meclis.gov.az\/?\/az\/news\/view\/4830\/\"><br \/>\n    sayt<br \/>\n  <\/a><br \/>\n  \u0131 Sahib\u0259 Qafarovan\u0131n Sergey Lavrovla g\u00f6r\u00fc\u015f\u00fc haqda x\u0259b\u0259rind\u0259n rusiyal\u0131 nazirin a\u00e7\u0131qlamas\u0131n\u0131 \u00e7\u0131xartd\u0131. Ancaq bir g\u00fcn ke\u00e7m\u0259sin\u0259 baxmayaraq, Milli M\u0259clisin M\u0259tbuat v\u0259 ictimaiyy\u0259tl\u0259 \u0259laq\u0259l\u0259r \u015f\u00f6b\u0259si bu m\u0259s\u0259l\u0259y\u0259 he\u00e7 bir izah verm\u0259yib.\n<\/p>\n<p>\n  T\u0259hl\u00fck\u0259sizlik m\u0259s\u0259l\u0259l\u0259ri \u00fczr\u0259 ekspert \u0130lham \u0130smay\u0131l ba\u015f ver\u0259nl\u0259ri Az\u0259rbaycan t\u0259r\u0259finin qeyri-pe\u015f\u0259karl\u0131\u011f\u0131n\u0131n n\u00fcmun\u0259si adland\u0131r\u0131b:\n<\/p>\n<p>\n  \u201cDiplomatiyada bu d\u0259r\u0259c\u0259d\u0259 qeyri-pe\u015f\u0259karl\u0131q olmaz. Ola bilsin ki, s\u00f6hb\u0259t zaman\u0131 hans\u0131sa s\u00f6z deyilsin, bu, r\u0259smi m\u00f6vqe deyil. R\u0259smi m\u00f6vqe qar\u015f\u0131 t\u0259r\u0259fin yayd\u0131\u011f\u0131 informasiyad\u0131r. D\u00fcn\u0259n Erm\u0259nistan m\u0259tbuat\u0131 bu m\u0259s\u0259l\u0259ni \u0259lind\u0259 b\u0259han\u0259 edib Az\u0259rbaycan\u0131 g\u00fcl\u00fc\u015f obyektin\u0259 \u00e7evirdi. A\u00e7\u0131q \u015f\u0259kild\u0259 yaz\u0131rd\u0131lar ki, \u00fcr\u0259yinizd\u0259n ke\u00e7\u0259nl\u0259ri yazmaqla deyil, Rusiya tamam ba\u015fqa m\u00f6vqed\u0259dir\u201d.\n<\/p>\n<p>\n  \u0130lham \u0130smay\u0131l hesab edir ki, Az\u0259rbaycan h\u00f6kum\u0259ti g\u0259rgin situasiyada aldad\u0131c\u0131 manevrl\u0259rl\u0259 kimd\u0259ns\u0259 yax\u015f\u0131 olduqlar\u0131n\u0131 g\u00f6st\u0259rm\u0259k ist\u0259y\u0259nd\u0259, n\u0259tic\u0259 m\u0259nfi al\u0131nacaq:\n<\/p>\n<p>\n  \u201cOna g\u00f6r\u0259 d\u0259 bel\u0259 qeyri-pe\u015f\u0259karl\u0131q yaln\u0131z z\u0259r\u0259r g\u0259tirir\u201d.\n<\/p>\n<p>\n  \u201cAtlas\u201d Ara\u015fd\u0131rmalar M\u0259rk\u0259zinin r\u0259hb\u0259ri Elxan \u015eahino\u011flu Sergey Lavrovun a\u00e7\u0131qlamas\u0131nda Az\u0259rbaycan\u0131n xeyrin\u0259 yeni he\u00e7 n\u0259 olmad\u0131\u011f\u0131n\u0131 bildirib:\n<\/p>\n<p>\n  \u201cYeni fikir Erm\u0259nistan Ba\u015f naziri Pa\u015finyan\u0131 t\u0259nqidiydi. M\u0259n h\u0259l\u0259 d\u00fcn\u0259n Mariya Zaxarovan\u0131n Lavrovun dedikl\u0259rini t\u0259kzib ed\u0259c\u0259yini proqnozla\u015fd\u0131rm\u0131\u015fd\u0131m. 2 saat sonra Zaxarovan\u0131n t\u0259kzibi yay\u0131ld\u0131. Ancaq Lavrov h\u0259min a\u00e7\u0131qlaman\u0131 s\u0259sl\u0259ndirib, \u0259ks t\u0259qdird\u0259, Milli M\u0259lisin M\u0259tbuat v\u0259 ictimaiyy\u0259tl\u0259 \u0259laq\u0259l\u0259r \u015f\u00f6b\u0259si yaymazd\u0131. B\u00f6y\u00fck ehtimalla spiker Sahiba Qafarova g\u00f6r\u00fc\u015fd\u0259n sonra M\u0259tbuat v\u0259 ictimaiyy\u0259tl\u0259 \u0259laq\u0259l\u0259r \u015f\u00f6b\u0259sin\u0259 m\u0259lumat verib v\u0259 do\u011fru i\u015f g\u00f6r\u00fcb. \u00c7\u00fcnki biz qapal\u0131 dan\u0131\u015f\u0131qlarda n\u0259l\u0259rin ba\u015f verm\u0259sini bilm\u0259liydik. G\u00f6r\u00fcn\u00fcr, ruslar\u0131n xo\u015funa g\u0259lm\u0259yib ki, Az\u0259rbaycan t\u0259r\u0259fi dan\u0131\u015f\u0131qlar\u0131 a\u00e7\u0131b\u201d.\n<\/p>\n<p>\n  Elxan \u015eahino\u011flu deyib ki, ox\u015far situasiya Sahib\u0259 Qafarovan\u0131n Federal M\u0259clisin D\u00f6vl\u0259t Dumas\u0131n\u0131n S\u0259dri Vya\u00e7evlav Volodinl\u0259 g\u00f6r\u00fc\u015f\u00fcnd\u0259 d\u0259 t\u0259krarlan\u0131b:\n<\/p>\n<figure class=\"wp-block-image size-large\">\n  <img decoding=\"async\" src=\"https:\/\/www.meydan.tv\/az\/elxan-sahinoglu-10\/\" alt=\"Elxan \u015eahino\u011flu\" class=\"wp-image-61085\"\/><figcaption>\n    Elxan \u015eahino\u011flu<br \/>\n  <\/figcaption><\/figure>\n<p>\n  \u201cG\u00f6r\u00fc\u015fd\u0259n sonra x\u0259b\u0259r agentlikl\u0259ri Volodinin Pa\u015finyan\u0131n m\u00f6vqeyini t\u0259nqid etdiyi haqda m\u0259lumat yay\u0131b. Amma D\u00f6vl\u0259t Dumas\u0131n\u0131n sayt\u0131 Volodinin Pa\u015finyan\u0131n t\u0259nqidi haqda bir c\u00fcml\u0259 d\u0259 verm\u0259yib. Bir daha t\u0259krar edir\u0259m, Rusiya r\u0259smil\u0259rinin Az\u0259rbaycan t\u0259r\u0259finin x\u0259b\u0259ri yaymas\u0131 xo\u015flar\u0131na g\u0259lm\u0259yib. Yax\u015f\u0131 ki, Az\u0259rbaycan t\u0259r\u0259fi m\u0259lumat\u0131 yayd\u0131. Onsuz da biz Rusiya r\u0259smil\u0259rinin Pa\u015finyana m\u00fcnasib\u0259tini bilirdik, amma a\u00e7\u0131q \u015f\u0259kild\u0259 dil\u0259 g\u0259tirmirdil\u0259r. \u0130lk d\u0259f\u0259dir Rusiya r\u0259smi \u015f\u0259kild\u0259 bunu Az\u0259rbaycan t\u0259r\u0259fin\u0259 bildirirdi. D\u00fczd\u00fcr, bunlar he\u00e7 n\u0259yi d\u0259yi\u015fmir. \u00c7\u00fcnki Pa\u015finyandan xo\u015flar\u0131 g\u0259lm\u0259s\u0259 d\u0259, Erm\u0259nistana tonlarla h\u0259rbi y\u00fck da\u015f\u0131y\u0131rlar. M\u0259s\u0259l\u0259 ondad\u0131r ki, Erm\u0259nistan Rusiyan\u0131n C\u0259nubi Qafqazda dayaq n\u00f6qt\u0259si oldu\u011fundan bu \u00f6lk\u0259d\u0259n \u0259l \u00e7\u0259km\u0259y\u0259c\u0259k\u201d.<\/p>\n","protected":false},"excerpt":{"rendered":"<p>\u201c Amma D\u00f6vl\u0259t Dumas\u0131n\u0131n sayt\u0131 Volodinin Pa\u015finyan\u0131n t\u0259nqidi haqda bir c\u00fcml\u0259 d\u0259 verm\u0259yib\u201d.<\/p>\n","protected":false},"author":11,"featured_media":148319,"comment_status":"closed","ping_status":"open","sticky":false,"template":"","format":"standard","meta":{"_acf_changed":false,"_sitemap_exclude":false,"_sitemap_priority":"","_sitemap_frequency":"","footnotes":""},"categories":[59],"tags":[],"class_list":["post-202585","post","type-post","status-publish","format-standard","has-post-thumbnail","hentry","category-siyaset","infinite-scroll-item","generate-columns","tablet-grid-50","mobile-grid-100","grid-parent","grid-33","no-featured-image-padding"],"acf":[],"yoast_head":"<!-- This site is optimized with the Yoast SEO plugin v27.4 - https:\/\/yoast.com\/product\/yoast-seo-wordpress\/ -->\n<title>Ekspert spikeri t\u0259nqid etdi: Diplomatiyada bu d\u0259r\u0259c\u0259d\u0259 qeyri-pe\u015f\u0259karl\u0131q olmaz - MEYDAN.TV<\/title>\n<meta name=\"robots\" content=\"index, follow, max-snippet:-1, max-image-preview:large, max-video-preview:-1\" \/>\n<link rel=\"canonical\" href=\"https:\/\/www.meydan.tv\/az\/article\/ekspert-spikeri-tenqid-etdi-diplomatiyada-bu-derecede-qeyri-pesekarliq-olmaz\/\" \/>\n<meta property=\"og:locale\" content=\"az_AZ\" \/>\n<meta property=\"og:type\" content=\"article\" \/>\n<meta property=\"og:title\" content=\"Ekspert spikeri t\u0259nqid etdi: Diplomatiyada bu d\u0259r\u0259c\u0259d\u0259 qeyri-pe\u015f\u0259karl\u0131q olmaz - MEYDAN.TV\" \/>\n<meta property=\"og:description\" content=\"\u201c Amma D\u00f6vl\u0259t Dumas\u0131n\u0131n sayt\u0131 Volodinin Pa\u015finyan\u0131n t\u0259nqidi haqda bir c\u00fcml\u0259 d\u0259 verm\u0259yib\u201d.\" \/>\n<meta property=\"og:url\" content=\"https:\/\/www.meydan.tv\/az\/article\/ekspert-spikeri-tenqid-etdi-diplomatiyada-bu-derecede-qeyri-pesekarliq-olmaz\/\" \/>\n<meta property=\"og:site_name\" content=\"MEYDAN.TV\" \/>\n<meta property=\"article:published_time\" content=\"2020-09-24T12:24:13+00:00\" \/>\n<meta property=\"og:image\" content=\"https:\/\/www.meydan.tv\/wp-content\/uploads\/copy_of_sayt-cover_2fey07h.png\" \/>\n\t<meta property=\"og:image:width\" content=\"1280\" \/>\n\t<meta property=\"og:image:height\" content=\"720\" \/>\n\t<meta property=\"og:image:type\" content=\"image\/png\" \/>\n<meta name=\"author\" content=\"user-manager\" \/>\n<meta name=\"twitter:card\" content=\"summary_large_image\" \/>\n<script type=\"application\/ld+json\" class=\"yoast-schema-graph\">{\"@context\":\"https:\\\/\\\/schema.org\",\"@graph\":[{\"@type\":\"Article\",\"@id\":\"https:\\\/\\\/www.meydan.tv\\\/az\\\/article\\\/ekspert-spikeri-tenqid-etdi-diplomatiyada-bu-derecede-qeyri-pesekarliq-olmaz\\\/#article\",\"isPartOf\":{\"@id\":\"https:\\\/\\\/www.meydan.tv\\\/az\\\/article\\\/ekspert-spikeri-tenqid-etdi-diplomatiyada-bu-derecede-qeyri-pesekarliq-olmaz\\\/\"},\"author\":{\"name\":\"user-manager\",\"@id\":\"https:\\\/\\\/www.meydan.tv\\\/az\\\/#\\\/schema\\\/person\\\/10d11eccf6da3662cf5fdab9806ea91a\"},\"headline\":\"Ekspert spikeri t\u0259nqid etdi: Diplomatiyada bu d\u0259r\u0259c\u0259d\u0259 qeyri-pe\u015f\u0259karl\u0131q olmaz\",\"datePublished\":\"2020-09-24T12:24:13+00:00\",\"mainEntityOfPage\":{\"@id\":\"https:\\\/\\\/www.meydan.tv\\\/az\\\/article\\\/ekspert-spikeri-tenqid-etdi-diplomatiyada-bu-derecede-qeyri-pesekarliq-olmaz\\\/\"},\"wordCount\":941,\"publisher\":{\"@id\":\"https:\\\/\\\/www.meydan.tv\\\/az\\\/#organization\"},\"image\":{\"@id\":\"https:\\\/\\\/www.meydan.tv\\\/az\\\/article\\\/ekspert-spikeri-tenqid-etdi-diplomatiyada-bu-derecede-qeyri-pesekarliq-olmaz\\\/#primaryimage\"},\"thumbnailUrl\":\"https:\\\/\\\/www.meydan.tv\\\/wp-content\\\/uploads\\\/copy_of_sayt-cover_2fey07h.png\",\"articleSection\":[\"Siyas\u0259t\"],\"inLanguage\":\"az\"},{\"@type\":\"WebPage\",\"@id\":\"https:\\\/\\\/www.meydan.tv\\\/az\\\/article\\\/ekspert-spikeri-tenqid-etdi-diplomatiyada-bu-derecede-qeyri-pesekarliq-olmaz\\\/\",\"url\":\"https:\\\/\\\/www.meydan.tv\\\/az\\\/article\\\/ekspert-spikeri-tenqid-etdi-diplomatiyada-bu-derecede-qeyri-pesekarliq-olmaz\\\/\",\"name\":\"Ekspert spikeri t\u0259nqid etdi: Diplomatiyada bu d\u0259r\u0259c\u0259d\u0259 qeyri-pe\u015f\u0259karl\u0131q olmaz - MEYDAN.TV\",\"isPartOf\":{\"@id\":\"https:\\\/\\\/www.meydan.tv\\\/az\\\/#website\"},\"primaryImageOfPage\":{\"@id\":\"https:\\\/\\\/www.meydan.tv\\\/az\\\/article\\\/ekspert-spikeri-tenqid-etdi-diplomatiyada-bu-derecede-qeyri-pesekarliq-olmaz\\\/#primaryimage\"},\"image\":{\"@id\":\"https:\\\/\\\/www.meydan.tv\\\/az\\\/article\\\/ekspert-spikeri-tenqid-etdi-diplomatiyada-bu-derecede-qeyri-pesekarliq-olmaz\\\/#primaryimage\"},\"thumbnailUrl\":\"https:\\\/\\\/www.meydan.tv\\\/wp-content\\\/uploads\\\/copy_of_sayt-cover_2fey07h.png\",\"datePublished\":\"2020-09-24T12:24:13+00:00\",\"breadcrumb\":{\"@id\":\"https:\\\/\\\/www.meydan.tv\\\/az\\\/article\\\/ekspert-spikeri-tenqid-etdi-diplomatiyada-bu-derecede-qeyri-pesekarliq-olmaz\\\/#breadcrumb\"},\"inLanguage\":\"az\",\"potentialAction\":[{\"@type\":\"ReadAction\",\"target\":[\"https:\\\/\\\/www.meydan.tv\\\/az\\\/article\\\/ekspert-spikeri-tenqid-etdi-diplomatiyada-bu-derecede-qeyri-pesekarliq-olmaz\\\/\"]}]},{\"@type\":\"ImageObject\",\"inLanguage\":\"az\",\"@id\":\"https:\\\/\\\/www.meydan.tv\\\/az\\\/article\\\/ekspert-spikeri-tenqid-etdi-diplomatiyada-bu-derecede-qeyri-pesekarliq-olmaz\\\/#primaryimage\",\"url\":\"https:\\\/\\\/www.meydan.tv\\\/wp-content\\\/uploads\\\/copy_of_sayt-cover_2fey07h.png\",\"contentUrl\":\"https:\\\/\\\/www.meydan.tv\\\/wp-content\\\/uploads\\\/copy_of_sayt-cover_2fey07h.png\",\"width\":1280,\"height\":720,\"caption\":\"Source: Specify Source\"},{\"@type\":\"BreadcrumbList\",\"@id\":\"https:\\\/\\\/www.meydan.tv\\\/az\\\/article\\\/ekspert-spikeri-tenqid-etdi-diplomatiyada-bu-derecede-qeyri-pesekarliq-olmaz\\\/#breadcrumb\",\"itemListElement\":[{\"@type\":\"ListItem\",\"position\":1,\"name\":\"Ana s\u0259hif\u0259\",\"item\":\"https:\\\/\\\/www.meydan.tv\\\/az\\\/\"},{\"@type\":\"ListItem\",\"position\":2,\"name\":\"Siyas\u0259t\",\"item\":\"https:\\\/\\\/www.meydan.tv\\\/az\\\/section\\\/siyaset\\\/\"},{\"@type\":\"ListItem\",\"position\":3,\"name\":\"Ekspert spikeri t\u0259nqid etdi: Diplomatiyada bu d\u0259r\u0259c\u0259d\u0259 qeyri-pe\u015f\u0259karl\u0131q olmaz\"}]},{\"@type\":\"WebSite\",\"@id\":\"https:\\\/\\\/www.meydan.tv\\\/az\\\/#website\",\"url\":\"https:\\\/\\\/www.meydan.tv\\\/az\\\/\",\"name\":\"MEYDAN.TV\",\"description\":\"Meydan TV Az\u0259rbaycan\u0131n media m\u0259kan\u0131ndak\u0131 alternativ s\u0259sidir\",\"publisher\":{\"@id\":\"https:\\\/\\\/www.meydan.tv\\\/az\\\/#organization\"},\"potentialAction\":[{\"@type\":\"SearchAction\",\"target\":{\"@type\":\"EntryPoint\",\"urlTemplate\":\"https:\\\/\\\/www.meydan.tv\\\/az\\\/?s={search_term_string}\"},\"query-input\":{\"@type\":\"PropertyValueSpecification\",\"valueRequired\":true,\"valueName\":\"search_term_string\"}}],\"inLanguage\":\"az\"},{\"@type\":\"Organization\",\"@id\":\"https:\\\/\\\/www.meydan.tv\\\/az\\\/#organization\",\"name\":\"Meydan TV\",\"url\":\"https:\\\/\\\/www.meydan.tv\\\/az\\\/\",\"logo\":{\"@type\":\"ImageObject\",\"inLanguage\":\"az\",\"@id\":\"https:\\\/\\\/www.meydan.tv\\\/az\\\/#\\\/schema\\\/logo\\\/image\\\/\",\"url\":\"https:\\\/\\\/www.meydan.tv\\\/wp-content\\\/uploads\\\/2021\\\/07\\\/meydan-logo.svg\",\"contentUrl\":\"https:\\\/\\\/www.meydan.tv\\\/wp-content\\\/uploads\\\/2021\\\/07\\\/meydan-logo.svg\",\"width\":195,\"height\":46,\"caption\":\"Meydan TV\"},\"image\":{\"@id\":\"https:\\\/\\\/www.meydan.tv\\\/az\\\/#\\\/schema\\\/logo\\\/image\\\/\"}},{\"@type\":\"Person\",\"@id\":\"https:\\\/\\\/www.meydan.tv\\\/az\\\/#\\\/schema\\\/person\\\/10d11eccf6da3662cf5fdab9806ea91a\",\"name\":\"user-manager\"}]}<\/script>\n<!-- \/ Yoast SEO plugin. -->","yoast_head_json":{"title":"Ekspert spikeri t\u0259nqid etdi: Diplomatiyada bu d\u0259r\u0259c\u0259d\u0259 qeyri-pe\u015f\u0259karl\u0131q olmaz - MEYDAN.TV","robots":{"index":"index","follow":"follow","max-snippet":"max-snippet:-1","max-image-preview":"max-image-preview:large","max-video-preview":"max-video-preview:-1"},"canonical":"https:\/\/www.meydan.tv\/az\/article\/ekspert-spikeri-tenqid-etdi-diplomatiyada-bu-derecede-qeyri-pesekarliq-olmaz\/","og_locale":"az_AZ","og_type":"article","og_title":"Ekspert spikeri t\u0259nqid etdi: Diplomatiyada bu d\u0259r\u0259c\u0259d\u0259 qeyri-pe\u015f\u0259karl\u0131q olmaz - MEYDAN.TV","og_description":"\u201c Amma D\u00f6vl\u0259t Dumas\u0131n\u0131n sayt\u0131 Volodinin Pa\u015finyan\u0131n t\u0259nqidi haqda bir c\u00fcml\u0259 d\u0259 verm\u0259yib\u201d.","og_url":"https:\/\/www.meydan.tv\/az\/article\/ekspert-spikeri-tenqid-etdi-diplomatiyada-bu-derecede-qeyri-pesekarliq-olmaz\/","og_site_name":"MEYDAN.TV","article_published_time":"2020-09-24T12:24:13+00:00","og_image":[{"width":1280,"height":720,"url":"https:\/\/www.meydan.tv\/wp-content\/uploads\/copy_of_sayt-cover_2fey07h.png","type":"image\/png"}],"author":"user-manager","twitter_card":"summary_large_image","schema":{"@context":"https:\/\/schema.org","@graph":[{"@type":"Article","@id":"https:\/\/www.meydan.tv\/az\/article\/ekspert-spikeri-tenqid-etdi-diplomatiyada-bu-derecede-qeyri-pesekarliq-olmaz\/#article","isPartOf":{"@id":"https:\/\/www.meydan.tv\/az\/article\/ekspert-spikeri-tenqid-etdi-diplomatiyada-bu-derecede-qeyri-pesekarliq-olmaz\/"},"author":{"name":"user-manager","@id":"https:\/\/www.meydan.tv\/az\/#\/schema\/person\/10d11eccf6da3662cf5fdab9806ea91a"},"headline":"Ekspert spikeri t\u0259nqid etdi: Diplomatiyada bu d\u0259r\u0259c\u0259d\u0259 qeyri-pe\u015f\u0259karl\u0131q olmaz","datePublished":"2020-09-24T12:24:13+00:00","mainEntityOfPage":{"@id":"https:\/\/www.meydan.tv\/az\/article\/ekspert-spikeri-tenqid-etdi-diplomatiyada-bu-derecede-qeyri-pesekarliq-olmaz\/"},"wordCount":941,"publisher":{"@id":"https:\/\/www.meydan.tv\/az\/#organization"},"image":{"@id":"https:\/\/www.meydan.tv\/az\/article\/ekspert-spikeri-tenqid-etdi-diplomatiyada-bu-derecede-qeyri-pesekarliq-olmaz\/#primaryimage"},"thumbnailUrl":"https:\/\/www.meydan.tv\/wp-content\/uploads\/copy_of_sayt-cover_2fey07h.png","articleSection":["Siyas\u0259t"],"inLanguage":"az"},{"@type":"WebPage","@id":"https:\/\/www.meydan.tv\/az\/article\/ekspert-spikeri-tenqid-etdi-diplomatiyada-bu-derecede-qeyri-pesekarliq-olmaz\/","url":"https:\/\/www.meydan.tv\/az\/article\/ekspert-spikeri-tenqid-etdi-diplomatiyada-bu-derecede-qeyri-pesekarliq-olmaz\/","name":"Ekspert spikeri t\u0259nqid etdi: Diplomatiyada bu d\u0259r\u0259c\u0259d\u0259 qeyri-pe\u015f\u0259karl\u0131q olmaz - MEYDAN.TV","isPartOf":{"@id":"https:\/\/www.meydan.tv\/az\/#website"},"primaryImageOfPage":{"@id":"https:\/\/www.meydan.tv\/az\/article\/ekspert-spikeri-tenqid-etdi-diplomatiyada-bu-derecede-qeyri-pesekarliq-olmaz\/#primaryimage"},"image":{"@id":"https:\/\/www.meydan.tv\/az\/article\/ekspert-spikeri-tenqid-etdi-diplomatiyada-bu-derecede-qeyri-pesekarliq-olmaz\/#primaryimage"},"thumbnailUrl":"https:\/\/www.meydan.tv\/wp-content\/uploads\/copy_of_sayt-cover_2fey07h.png","datePublished":"2020-09-24T12:24:13+00:00","breadcrumb":{"@id":"https:\/\/www.meydan.tv\/az\/article\/ekspert-spikeri-tenqid-etdi-diplomatiyada-bu-derecede-qeyri-pesekarliq-olmaz\/#breadcrumb"},"inLanguage":"az","potentialAction":[{"@type":"ReadAction","target":["https:\/\/www.meydan.tv\/az\/article\/ekspert-spikeri-tenqid-etdi-diplomatiyada-bu-derecede-qeyri-pesekarliq-olmaz\/"]}]},{"@type":"ImageObject","inLanguage":"az","@id":"https:\/\/www.meydan.tv\/az\/article\/ekspert-spikeri-tenqid-etdi-diplomatiyada-bu-derecede-qeyri-pesekarliq-olmaz\/#primaryimage","url":"https:\/\/www.meydan.tv\/wp-content\/uploads\/copy_of_sayt-cover_2fey07h.png","contentUrl":"https:\/\/www.meydan.tv\/wp-content\/uploads\/copy_of_sayt-cover_2fey07h.png","width":1280,"height":720,"caption":"Source: Specify Source"},{"@type":"BreadcrumbList","@id":"https:\/\/www.meydan.tv\/az\/article\/ekspert-spikeri-tenqid-etdi-diplomatiyada-bu-derecede-qeyri-pesekarliq-olmaz\/#breadcrumb","itemListElement":[{"@type":"ListItem","position":1,"name":"Ana s\u0259hif\u0259","item":"https:\/\/www.meydan.tv\/az\/"},{"@type":"ListItem","position":2,"name":"Siyas\u0259t","item":"https:\/\/www.meydan.tv\/az\/section\/siyaset\/"},{"@type":"ListItem","position":3,"name":"Ekspert spikeri t\u0259nqid etdi: Diplomatiyada bu d\u0259r\u0259c\u0259d\u0259 qeyri-pe\u015f\u0259karl\u0131q olmaz"}]},{"@type":"WebSite","@id":"https:\/\/www.meydan.tv\/az\/#website","url":"https:\/\/www.meydan.tv\/az\/","name":"MEYDAN.TV","description":"Meydan TV Az\u0259rbaycan\u0131n media m\u0259kan\u0131ndak\u0131 alternativ s\u0259sidir","publisher":{"@id":"https:\/\/www.meydan.tv\/az\/#organization"},"potentialAction":[{"@type":"SearchAction","target":{"@type":"EntryPoint","urlTemplate":"https:\/\/www.meydan.tv\/az\/?s={search_term_string}"},"query-input":{"@type":"PropertyValueSpecification","valueRequired":true,"valueName":"search_term_string"}}],"inLanguage":"az"},{"@type":"Organization","@id":"https:\/\/www.meydan.tv\/az\/#organization","name":"Meydan TV","url":"https:\/\/www.meydan.tv\/az\/","logo":{"@type":"ImageObject","inLanguage":"az","@id":"https:\/\/www.meydan.tv\/az\/#\/schema\/logo\/image\/","url":"https:\/\/www.meydan.tv\/wp-content\/uploads\/2021\/07\/meydan-logo.svg","contentUrl":"https:\/\/www.meydan.tv\/wp-content\/uploads\/2021\/07\/meydan-logo.svg","width":195,"height":46,"caption":"Meydan TV"},"image":{"@id":"https:\/\/www.meydan.tv\/az\/#\/schema\/logo\/image\/"}},{"@type":"Person","@id":"https:\/\/www.meydan.tv\/az\/#\/schema\/person\/10d11eccf6da3662cf5fdab9806ea91a","name":"user-manager"}]}},"_links":{"self":[{"href":"https:\/\/www.meydan.tv\/az\/wp-json\/wp\/v2\/posts\/202585","targetHints":{"allow":["GET"]}}],"collection":[{"href":"https:\/\/www.meydan.tv\/az\/wp-json\/wp\/v2\/posts"}],"about":[{"href":"https:\/\/www.meydan.tv\/az\/wp-json\/wp\/v2\/types\/post"}],"author":[{"embeddable":true,"href":"https:\/\/www.meydan.tv\/az\/wp-json\/wp\/v2\/users\/11"}],"replies":[{"embeddable":true,"href":"https:\/\/www.meydan.tv\/az\/wp-json\/wp\/v2\/comments?post=202585"}],"version-history":[{"count":0,"href":"https:\/\/www.meydan.tv\/az\/wp-json\/wp\/v2\/posts\/202585\/revisions"}],"wp:featuredmedia":[{"embeddable":true,"href":"https:\/\/www.meydan.tv\/az\/wp-json\/wp\/v2\/media\/148319"}],"wp:attachment":[{"href":"https:\/\/www.meydan.tv\/az\/wp-json\/wp\/v2\/media?parent=202585"}],"wp:term":[{"taxonomy":"category","embeddable":true,"href":"https:\/\/www.meydan.tv\/az\/wp-json\/wp\/v2\/categories?post=202585"},{"taxonomy":"post_tag","embeddable":true,"href":"https:\/\/www.meydan.tv\/az\/wp-json\/wp\/v2\/tags?post=202585"}],"curies":[{"name":"wp","href":"https:\/\/api.w.org\/{rel}","templated":true}]}}