{"id":202582,"date":"2020-09-24T10:41:26","date_gmt":"2020-09-24T10:41:26","guid":{"rendered":"https:\/\/www.meydan.tv\/article\/ado-rehberi-medeniyyet-nazirliyi-ve-fexri-adlar-legv-edilsin\/"},"modified":"2020-09-24T10:41:26","modified_gmt":"2020-09-24T10:41:26","slug":"ado-rehberi-medeniyyet-nazirliyi-ve-fexri-adlar-legv-edilsin","status":"publish","type":"post","link":"https:\/\/www.meydan.tv\/az\/article\/ado-rehberi-medeniyyet-nazirliyi-ve-fexri-adlar-legv-edilsin\/","title":{"rendered":"ADO r\u0259hb\u0259ri: &#8220;M\u0259d\u0259niyy\u0259t Nazirliyi v\u0259 f\u0259xri adlar l\u0259\u011fv edilsin&#8221;"},"content":{"rendered":"<p>\n  <i><br \/>\n    &quot;Nazirlik l\u0259\u011fv olunsa, bu, m\u0259d\u0259niyy\u0259tin inki\u015faf\u0131 \u00fc\u00e7\u00fcn b\u00f6y\u00fck t\u0259kan olacaq\u201d<br \/>\n  <\/i>\n<\/p>\n<p>\n  ADO (Az\u0259rbaycan Da\u011f\u0131n\u0131q Oda) teatr\u0131n\u0131n r\u0259hb\u0259ri Elmin B\u0259d\u0259lov M\u0259d\u0259niyy\u0259t Nazirliyinin l\u0259\u011fvini v\u0259 f\u0259xri adlar\u0131n y\u0131\u011f\u0131\u015fd\u0131r\u0131lmas\u0131n\u0131 t\u0259klif edir.\n<\/p>\n<p>\n  Bu bar\u0259d\u0259 teatr\u0131n yayd\u0131\u011f\u0131 a\u00e7\u0131qlamada deyilir.\n<\/p>\n<p>\n  A\u00e7\u0131qlamda bildirilir ki, M\u0259d\u0259niyy\u0259t nazirinin birinci m\u00fcavini, haz\u0131rda nazir v\u0259zif\u0259sini m\u00fcv\u0259qq\u0259ti icra ed\u0259n Anar K\u0259rimov f\u0259xri adlar\u0131n verilm\u0259si il\u0259 ba\u011fl\u0131 prosedurun d\u0259yi\u015fdirilm\u0259si m\u0259s\u0259l\u0259sini s\u0259sl\u0259ndirib.\n<\/p>\n<p>\n  ADO teatr\u0131n\u0131n r\u0259hb\u0259ri Elmin B\u0259d\u0259lov deyir ki, m\u0259d\u0259niyy\u0259t\u0259, m\u0259d\u0259niyy\u0259t insanlar\u0131na azadl\u0131q verilm\u0259lidir: \u201c\u00dcmumiyy\u0259tl\u0259 M\u0259d\u0259niyy\u0259t Nazirliyin\u0259, bu q\u0259d\u0259r nazirlik \u0259m\u0259kda\u015f\u0131na, nazir\u0259 ehtiyac yoxdur. M\u0259d\u0259niyy\u0259t azad olmal\u0131d\u0131r. M\u0259s\u0259l\u0259n, x\u0131rda bir komit\u0259 v\u0259 ya buna b\u0259nz\u0259r bir qurum ola bil\u0259r. O da ki, maa\u015flar, t\u0259mir v\u0259 s. x\u0131rda texniki m\u0259s\u0259l\u0259l\u0259ri h\u0259ll etm\u0259k \u00fc\u00e7\u00fcn. Az\u0259rbaycanda nazirliyin m\u0259d\u0259niyy\u0259t\u0259 ziyan\u0131ndan ba\u015fqa bir t\u0259r\u0259fi yoxdur\u201d.\n<\/p>\n<p>\n  F\u0259xri adlara g\u0259linc\u0259, Elmin B\u0259d\u0259lov deyir ki, bu adlar sovet d\u00f6vr\u00fcnd\u0259n bu g\u00fcn\u0259 q\u0259d\u0259r inc\u0259s\u0259n\u0259t adamlar\u0131n\u0131 idar\u0259 etm\u0259y\u0259, \u0259ld\u0259 saxlama\u011fa hesablanm\u0131\u015f bir vasit\u0259dir.\n<\/p>\n<p>\n  H\u0259r zaman f\u0259xri ad verdikl\u0259ri inc\u0259s\u0259n\u0259t insanlar\u0131, r\u0259smi d\u0259 olmasa qeyri r\u0259smi \u00f6hd\u0259likl\u0259r icra edibl\u0259r, \u00f6z\u00fcn\u00fcsenzuraya m\u0259ruz qal\u0131blar: \u201cHesab edir\u0259m ki, f\u0259xri adlar\u0131n verilm\u0259si dayand\u0131r\u0131lsa v\u0259 nazirlik l\u0259\u011fv olunsa, bu, \u00f6lk\u0259mizd\u0259 m\u0259d\u0259niyy\u0259tin inki\u015faf\u0131 \u00fc\u00e7\u00fcn \u00e7ox b\u00f6y\u00fck t\u0259kan olacaq\u201d.\n<\/p>\n<p>\n  Elmin B\u0259d\u0259lov aktyor v\u0259 rejissordur.\n<\/p>\n<p>\n  O, 15 iyul 2013-c\u00fc ild\u0259 ADO teatr\u0131n\u0131 yarad\u0131b.\n<\/p>\n<p>\n  ADO Az\u0259rbaycan\u0131n ilk m\u00fcst\u0259qil v\u0259 modern teatr\u0131 kimi tan\u0131n\u0131r.<\/p>\n","protected":false},"excerpt":{"rendered":"<p>&#8220;M\u0259d\u0259niyy\u0259t azad olmal\u0131d\u0131r&#8221;.<\/p>\n","protected":false},"author":11,"featured_media":134310,"comment_status":"closed","ping_status":"open","sticky":false,"template":"","format":"standard","meta":{"_acf_changed":false,"_sitemap_exclude":false,"_sitemap_priority":"","_sitemap_frequency":"","footnotes":""},"categories":[52],"tags":[],"class_list":["post-202582","post","type-post","status-publish","format-standard","has-post-thumbnail","hentry","category-medeniyyet","infinite-scroll-item","generate-columns","tablet-grid-50","mobile-grid-100","grid-parent","grid-33","no-featured-image-padding"],"acf":[],"yoast_head":"<!-- This site is optimized with the Yoast SEO plugin v27.4 - https:\/\/yoast.com\/product\/yoast-seo-wordpress\/ -->\n<title>ADO r\u0259hb\u0259ri: &quot;M\u0259d\u0259niyy\u0259t Nazirliyi v\u0259 f\u0259xri adlar l\u0259\u011fv edilsin&quot; - MEYDAN.TV<\/title>\n<meta name=\"robots\" content=\"index, follow, max-snippet:-1, max-image-preview:large, max-video-preview:-1\" \/>\n<link rel=\"canonical\" href=\"https:\/\/www.meydan.tv\/az\/article\/ado-rehberi-medeniyyet-nazirliyi-ve-fexri-adlar-legv-edilsin\/\" \/>\n<meta property=\"og:locale\" content=\"az_AZ\" \/>\n<meta property=\"og:type\" content=\"article\" \/>\n<meta property=\"og:title\" content=\"ADO r\u0259hb\u0259ri: &quot;M\u0259d\u0259niyy\u0259t Nazirliyi v\u0259 f\u0259xri adlar l\u0259\u011fv edilsin&quot; - MEYDAN.TV\" \/>\n<meta property=\"og:description\" content=\"&quot;M\u0259d\u0259niyy\u0259t azad olmal\u0131d\u0131r&quot;.\" \/>\n<meta property=\"og:url\" content=\"https:\/\/www.meydan.tv\/az\/article\/ado-rehberi-medeniyyet-nazirliyi-ve-fexri-adlar-legv-edilsin\/\" \/>\n<meta property=\"og:site_name\" content=\"MEYDAN.TV\" \/>\n<meta property=\"article:published_time\" content=\"2020-09-24T10:41:26+00:00\" \/>\n<meta property=\"og:image\" content=\"https:\/\/www.meydan.tv\/wp-content\/uploads\/ado_yeni_logo.jpg\" \/>\n\t<meta property=\"og:image:width\" content=\"960\" \/>\n\t<meta property=\"og:image:height\" content=\"960\" \/>\n\t<meta property=\"og:image:type\" content=\"image\/jpeg\" \/>\n<meta name=\"author\" content=\"user-manager\" \/>\n<meta name=\"twitter:card\" content=\"summary_large_image\" \/>\n<script type=\"application\/ld+json\" class=\"yoast-schema-graph\">{\"@context\":\"https:\\\/\\\/schema.org\",\"@graph\":[{\"@type\":\"Article\",\"@id\":\"https:\\\/\\\/www.meydan.tv\\\/az\\\/article\\\/ado-rehberi-medeniyyet-nazirliyi-ve-fexri-adlar-legv-edilsin\\\/#article\",\"isPartOf\":{\"@id\":\"https:\\\/\\\/www.meydan.tv\\\/az\\\/article\\\/ado-rehberi-medeniyyet-nazirliyi-ve-fexri-adlar-legv-edilsin\\\/\"},\"author\":{\"name\":\"user-manager\",\"@id\":\"https:\\\/\\\/www.meydan.tv\\\/az\\\/#\\\/schema\\\/person\\\/10d11eccf6da3662cf5fdab9806ea91a\"},\"headline\":\"ADO r\u0259hb\u0259ri: &#8220;M\u0259d\u0259niyy\u0259t Nazirliyi v\u0259 f\u0259xri adlar l\u0259\u011fv edilsin&#8221;\",\"datePublished\":\"2020-09-24T10:41:26+00:00\",\"mainEntityOfPage\":{\"@id\":\"https:\\\/\\\/www.meydan.tv\\\/az\\\/article\\\/ado-rehberi-medeniyyet-nazirliyi-ve-fexri-adlar-legv-edilsin\\\/\"},\"wordCount\":379,\"publisher\":{\"@id\":\"https:\\\/\\\/www.meydan.tv\\\/az\\\/#organization\"},\"image\":{\"@id\":\"https:\\\/\\\/www.meydan.tv\\\/az\\\/article\\\/ado-rehberi-medeniyyet-nazirliyi-ve-fexri-adlar-legv-edilsin\\\/#primaryimage\"},\"thumbnailUrl\":\"https:\\\/\\\/www.meydan.tv\\\/wp-content\\\/uploads\\\/ado_yeni_logo.jpg\",\"articleSection\":[\"M\u0259d\u0259niyy\u0259t\"],\"inLanguage\":\"az\"},{\"@type\":\"WebPage\",\"@id\":\"https:\\\/\\\/www.meydan.tv\\\/az\\\/article\\\/ado-rehberi-medeniyyet-nazirliyi-ve-fexri-adlar-legv-edilsin\\\/\",\"url\":\"https:\\\/\\\/www.meydan.tv\\\/az\\\/article\\\/ado-rehberi-medeniyyet-nazirliyi-ve-fexri-adlar-legv-edilsin\\\/\",\"name\":\"ADO r\u0259hb\u0259ri: \\\"M\u0259d\u0259niyy\u0259t Nazirliyi v\u0259 f\u0259xri adlar l\u0259\u011fv edilsin\\\" - MEYDAN.TV\",\"isPartOf\":{\"@id\":\"https:\\\/\\\/www.meydan.tv\\\/az\\\/#website\"},\"primaryImageOfPage\":{\"@id\":\"https:\\\/\\\/www.meydan.tv\\\/az\\\/article\\\/ado-rehberi-medeniyyet-nazirliyi-ve-fexri-adlar-legv-edilsin\\\/#primaryimage\"},\"image\":{\"@id\":\"https:\\\/\\\/www.meydan.tv\\\/az\\\/article\\\/ado-rehberi-medeniyyet-nazirliyi-ve-fexri-adlar-legv-edilsin\\\/#primaryimage\"},\"thumbnailUrl\":\"https:\\\/\\\/www.meydan.tv\\\/wp-content\\\/uploads\\\/ado_yeni_logo.jpg\",\"datePublished\":\"2020-09-24T10:41:26+00:00\",\"breadcrumb\":{\"@id\":\"https:\\\/\\\/www.meydan.tv\\\/az\\\/article\\\/ado-rehberi-medeniyyet-nazirliyi-ve-fexri-adlar-legv-edilsin\\\/#breadcrumb\"},\"inLanguage\":\"az\",\"potentialAction\":[{\"@type\":\"ReadAction\",\"target\":[\"https:\\\/\\\/www.meydan.tv\\\/az\\\/article\\\/ado-rehberi-medeniyyet-nazirliyi-ve-fexri-adlar-legv-edilsin\\\/\"]}]},{\"@type\":\"ImageObject\",\"inLanguage\":\"az\",\"@id\":\"https:\\\/\\\/www.meydan.tv\\\/az\\\/article\\\/ado-rehberi-medeniyyet-nazirliyi-ve-fexri-adlar-legv-edilsin\\\/#primaryimage\",\"url\":\"https:\\\/\\\/www.meydan.tv\\\/wp-content\\\/uploads\\\/ado_yeni_logo.jpg\",\"contentUrl\":\"https:\\\/\\\/www.meydan.tv\\\/wp-content\\\/uploads\\\/ado_yeni_logo.jpg\",\"width\":960,\"height\":960,\"caption\":\"Source: Foto: Meydan TV\"},{\"@type\":\"BreadcrumbList\",\"@id\":\"https:\\\/\\\/www.meydan.tv\\\/az\\\/article\\\/ado-rehberi-medeniyyet-nazirliyi-ve-fexri-adlar-legv-edilsin\\\/#breadcrumb\",\"itemListElement\":[{\"@type\":\"ListItem\",\"position\":1,\"name\":\"Ana s\u0259hif\u0259\",\"item\":\"https:\\\/\\\/www.meydan.tv\\\/az\\\/\"},{\"@type\":\"ListItem\",\"position\":2,\"name\":\"M\u0259d\u0259niyy\u0259t\",\"item\":\"https:\\\/\\\/www.meydan.tv\\\/az\\\/section\\\/medeniyyet\\\/\"},{\"@type\":\"ListItem\",\"position\":3,\"name\":\"ADO r\u0259hb\u0259ri: &#8220;M\u0259d\u0259niyy\u0259t Nazirliyi v\u0259 f\u0259xri adlar l\u0259\u011fv edilsin&#8221;\"}]},{\"@type\":\"WebSite\",\"@id\":\"https:\\\/\\\/www.meydan.tv\\\/az\\\/#website\",\"url\":\"https:\\\/\\\/www.meydan.tv\\\/az\\\/\",\"name\":\"MEYDAN.TV\",\"description\":\"Meydan TV Az\u0259rbaycan\u0131n media m\u0259kan\u0131ndak\u0131 alternativ s\u0259sidir\",\"publisher\":{\"@id\":\"https:\\\/\\\/www.meydan.tv\\\/az\\\/#organization\"},\"potentialAction\":[{\"@type\":\"SearchAction\",\"target\":{\"@type\":\"EntryPoint\",\"urlTemplate\":\"https:\\\/\\\/www.meydan.tv\\\/az\\\/?s={search_term_string}\"},\"query-input\":{\"@type\":\"PropertyValueSpecification\",\"valueRequired\":true,\"valueName\":\"search_term_string\"}}],\"inLanguage\":\"az\"},{\"@type\":\"Organization\",\"@id\":\"https:\\\/\\\/www.meydan.tv\\\/az\\\/#organization\",\"name\":\"Meydan TV\",\"url\":\"https:\\\/\\\/www.meydan.tv\\\/az\\\/\",\"logo\":{\"@type\":\"ImageObject\",\"inLanguage\":\"az\",\"@id\":\"https:\\\/\\\/www.meydan.tv\\\/az\\\/#\\\/schema\\\/logo\\\/image\\\/\",\"url\":\"https:\\\/\\\/www.meydan.tv\\\/wp-content\\\/uploads\\\/2021\\\/07\\\/meydan-logo.svg\",\"contentUrl\":\"https:\\\/\\\/www.meydan.tv\\\/wp-content\\\/uploads\\\/2021\\\/07\\\/meydan-logo.svg\",\"width\":195,\"height\":46,\"caption\":\"Meydan TV\"},\"image\":{\"@id\":\"https:\\\/\\\/www.meydan.tv\\\/az\\\/#\\\/schema\\\/logo\\\/image\\\/\"}},{\"@type\":\"Person\",\"@id\":\"https:\\\/\\\/www.meydan.tv\\\/az\\\/#\\\/schema\\\/person\\\/10d11eccf6da3662cf5fdab9806ea91a\",\"name\":\"user-manager\"}]}<\/script>\n<!-- \/ Yoast SEO plugin. -->","yoast_head_json":{"title":"ADO r\u0259hb\u0259ri: \"M\u0259d\u0259niyy\u0259t Nazirliyi v\u0259 f\u0259xri adlar l\u0259\u011fv edilsin\" - MEYDAN.TV","robots":{"index":"index","follow":"follow","max-snippet":"max-snippet:-1","max-image-preview":"max-image-preview:large","max-video-preview":"max-video-preview:-1"},"canonical":"https:\/\/www.meydan.tv\/az\/article\/ado-rehberi-medeniyyet-nazirliyi-ve-fexri-adlar-legv-edilsin\/","og_locale":"az_AZ","og_type":"article","og_title":"ADO r\u0259hb\u0259ri: \"M\u0259d\u0259niyy\u0259t Nazirliyi v\u0259 f\u0259xri adlar l\u0259\u011fv edilsin\" - MEYDAN.TV","og_description":"\"M\u0259d\u0259niyy\u0259t azad olmal\u0131d\u0131r\".","og_url":"https:\/\/www.meydan.tv\/az\/article\/ado-rehberi-medeniyyet-nazirliyi-ve-fexri-adlar-legv-edilsin\/","og_site_name":"MEYDAN.TV","article_published_time":"2020-09-24T10:41:26+00:00","og_image":[{"width":960,"height":960,"url":"https:\/\/www.meydan.tv\/wp-content\/uploads\/ado_yeni_logo.jpg","type":"image\/jpeg"}],"author":"user-manager","twitter_card":"summary_large_image","schema":{"@context":"https:\/\/schema.org","@graph":[{"@type":"Article","@id":"https:\/\/www.meydan.tv\/az\/article\/ado-rehberi-medeniyyet-nazirliyi-ve-fexri-adlar-legv-edilsin\/#article","isPartOf":{"@id":"https:\/\/www.meydan.tv\/az\/article\/ado-rehberi-medeniyyet-nazirliyi-ve-fexri-adlar-legv-edilsin\/"},"author":{"name":"user-manager","@id":"https:\/\/www.meydan.tv\/az\/#\/schema\/person\/10d11eccf6da3662cf5fdab9806ea91a"},"headline":"ADO r\u0259hb\u0259ri: &#8220;M\u0259d\u0259niyy\u0259t Nazirliyi v\u0259 f\u0259xri adlar l\u0259\u011fv edilsin&#8221;","datePublished":"2020-09-24T10:41:26+00:00","mainEntityOfPage":{"@id":"https:\/\/www.meydan.tv\/az\/article\/ado-rehberi-medeniyyet-nazirliyi-ve-fexri-adlar-legv-edilsin\/"},"wordCount":379,"publisher":{"@id":"https:\/\/www.meydan.tv\/az\/#organization"},"image":{"@id":"https:\/\/www.meydan.tv\/az\/article\/ado-rehberi-medeniyyet-nazirliyi-ve-fexri-adlar-legv-edilsin\/#primaryimage"},"thumbnailUrl":"https:\/\/www.meydan.tv\/wp-content\/uploads\/ado_yeni_logo.jpg","articleSection":["M\u0259d\u0259niyy\u0259t"],"inLanguage":"az"},{"@type":"WebPage","@id":"https:\/\/www.meydan.tv\/az\/article\/ado-rehberi-medeniyyet-nazirliyi-ve-fexri-adlar-legv-edilsin\/","url":"https:\/\/www.meydan.tv\/az\/article\/ado-rehberi-medeniyyet-nazirliyi-ve-fexri-adlar-legv-edilsin\/","name":"ADO r\u0259hb\u0259ri: \"M\u0259d\u0259niyy\u0259t Nazirliyi v\u0259 f\u0259xri adlar l\u0259\u011fv edilsin\" - MEYDAN.TV","isPartOf":{"@id":"https:\/\/www.meydan.tv\/az\/#website"},"primaryImageOfPage":{"@id":"https:\/\/www.meydan.tv\/az\/article\/ado-rehberi-medeniyyet-nazirliyi-ve-fexri-adlar-legv-edilsin\/#primaryimage"},"image":{"@id":"https:\/\/www.meydan.tv\/az\/article\/ado-rehberi-medeniyyet-nazirliyi-ve-fexri-adlar-legv-edilsin\/#primaryimage"},"thumbnailUrl":"https:\/\/www.meydan.tv\/wp-content\/uploads\/ado_yeni_logo.jpg","datePublished":"2020-09-24T10:41:26+00:00","breadcrumb":{"@id":"https:\/\/www.meydan.tv\/az\/article\/ado-rehberi-medeniyyet-nazirliyi-ve-fexri-adlar-legv-edilsin\/#breadcrumb"},"inLanguage":"az","potentialAction":[{"@type":"ReadAction","target":["https:\/\/www.meydan.tv\/az\/article\/ado-rehberi-medeniyyet-nazirliyi-ve-fexri-adlar-legv-edilsin\/"]}]},{"@type":"ImageObject","inLanguage":"az","@id":"https:\/\/www.meydan.tv\/az\/article\/ado-rehberi-medeniyyet-nazirliyi-ve-fexri-adlar-legv-edilsin\/#primaryimage","url":"https:\/\/www.meydan.tv\/wp-content\/uploads\/ado_yeni_logo.jpg","contentUrl":"https:\/\/www.meydan.tv\/wp-content\/uploads\/ado_yeni_logo.jpg","width":960,"height":960,"caption":"Source: Foto: Meydan TV"},{"@type":"BreadcrumbList","@id":"https:\/\/www.meydan.tv\/az\/article\/ado-rehberi-medeniyyet-nazirliyi-ve-fexri-adlar-legv-edilsin\/#breadcrumb","itemListElement":[{"@type":"ListItem","position":1,"name":"Ana s\u0259hif\u0259","item":"https:\/\/www.meydan.tv\/az\/"},{"@type":"ListItem","position":2,"name":"M\u0259d\u0259niyy\u0259t","item":"https:\/\/www.meydan.tv\/az\/section\/medeniyyet\/"},{"@type":"ListItem","position":3,"name":"ADO r\u0259hb\u0259ri: &#8220;M\u0259d\u0259niyy\u0259t Nazirliyi v\u0259 f\u0259xri adlar l\u0259\u011fv edilsin&#8221;"}]},{"@type":"WebSite","@id":"https:\/\/www.meydan.tv\/az\/#website","url":"https:\/\/www.meydan.tv\/az\/","name":"MEYDAN.TV","description":"Meydan TV Az\u0259rbaycan\u0131n media m\u0259kan\u0131ndak\u0131 alternativ s\u0259sidir","publisher":{"@id":"https:\/\/www.meydan.tv\/az\/#organization"},"potentialAction":[{"@type":"SearchAction","target":{"@type":"EntryPoint","urlTemplate":"https:\/\/www.meydan.tv\/az\/?s={search_term_string}"},"query-input":{"@type":"PropertyValueSpecification","valueRequired":true,"valueName":"search_term_string"}}],"inLanguage":"az"},{"@type":"Organization","@id":"https:\/\/www.meydan.tv\/az\/#organization","name":"Meydan TV","url":"https:\/\/www.meydan.tv\/az\/","logo":{"@type":"ImageObject","inLanguage":"az","@id":"https:\/\/www.meydan.tv\/az\/#\/schema\/logo\/image\/","url":"https:\/\/www.meydan.tv\/wp-content\/uploads\/2021\/07\/meydan-logo.svg","contentUrl":"https:\/\/www.meydan.tv\/wp-content\/uploads\/2021\/07\/meydan-logo.svg","width":195,"height":46,"caption":"Meydan TV"},"image":{"@id":"https:\/\/www.meydan.tv\/az\/#\/schema\/logo\/image\/"}},{"@type":"Person","@id":"https:\/\/www.meydan.tv\/az\/#\/schema\/person\/10d11eccf6da3662cf5fdab9806ea91a","name":"user-manager"}]}},"_links":{"self":[{"href":"https:\/\/www.meydan.tv\/az\/wp-json\/wp\/v2\/posts\/202582","targetHints":{"allow":["GET"]}}],"collection":[{"href":"https:\/\/www.meydan.tv\/az\/wp-json\/wp\/v2\/posts"}],"about":[{"href":"https:\/\/www.meydan.tv\/az\/wp-json\/wp\/v2\/types\/post"}],"author":[{"embeddable":true,"href":"https:\/\/www.meydan.tv\/az\/wp-json\/wp\/v2\/users\/11"}],"replies":[{"embeddable":true,"href":"https:\/\/www.meydan.tv\/az\/wp-json\/wp\/v2\/comments?post=202582"}],"version-history":[{"count":0,"href":"https:\/\/www.meydan.tv\/az\/wp-json\/wp\/v2\/posts\/202582\/revisions"}],"wp:featuredmedia":[{"embeddable":true,"href":"https:\/\/www.meydan.tv\/az\/wp-json\/wp\/v2\/media\/134310"}],"wp:attachment":[{"href":"https:\/\/www.meydan.tv\/az\/wp-json\/wp\/v2\/media?parent=202582"}],"wp:term":[{"taxonomy":"category","embeddable":true,"href":"https:\/\/www.meydan.tv\/az\/wp-json\/wp\/v2\/categories?post=202582"},{"taxonomy":"post_tag","embeddable":true,"href":"https:\/\/www.meydan.tv\/az\/wp-json\/wp\/v2\/tags?post=202582"}],"curies":[{"name":"wp","href":"https:\/\/api.w.org\/{rel}","templated":true}]}}