{"id":202532,"date":"2020-09-21T14:13:08","date_gmt":"2020-09-21T14:13:08","guid":{"rendered":"https:\/\/www.meydan.tv\/article\/oglu-hebsde-olan-ana-300-manatla-terror-maliyyelesdirerler\/"},"modified":"2020-09-21T14:13:08","modified_gmt":"2020-09-21T14:13:08","slug":"oglu-hebsde-olan-ana-300-manatla-terror-maliyyelesdirerler","status":"publish","type":"post","link":"https:\/\/www.meydan.tv\/az\/article\/oglu-hebsde-olan-ana-300-manatla-terror-maliyyelesdirerler\/","title":{"rendered":"O\u011flu h\u0259bsd\u0259 olan ana: 300 manatla terror maliyy\u0259l\u0259\u015fdir\u0259rl\u0259r?"},"content":{"rendered":"<p>\n  <i><br \/>\n    \u201cAllahdan \u00f6m\u00fcr yox, o\u011flumu g\u00f6rm\u0259k \u00fc\u00e7\u00fcn m\u00f6hl\u0259t ist\u0259yir\u0259m\u201d<br \/>\n  <\/i>\n<\/p>\n<p>\n  Sabirabad\u0131n Zal Qara\u011fac k\u0259nd sakini 64 ya\u015fl\u0131 Reyhan \u018fm\u0259novan\u0131n bir ist\u0259yi var: g\u00f6z\u00fcn\u00fc \u0259b\u0259di yummadan \u00f6nc\u0259 o\u011flu Cavidi g\u00f6rm\u0259k. Deyir, o\u011flunun g\u00fcnahs\u0131zl\u0131\u011f\u0131na \u0259min olmasayd\u0131, onun h\u0259bsd\u0259n burax\u0131lmas\u0131n\u0131 n\u0259 bu q\u0259d\u0259r arzulayard\u0131, n\u0259 d\u0259 s\u0259lahiyy\u0259tli \u015f\u0259xsl\u0259r\u0259 m\u00fcraci\u0259t etm\u0259y\u0259 \u00fcz\u00fc g\u0259l\u0259rdi&#8230;\n<\/p>\n<p>\n  Cavid \u018fm\u0259nov 1 il 3 ayd\u0131r ki, h\u0259bsd\u0259dir. Suriyada d\u00f6y\u00fc\u015f\u0259n \u0130\u015e\u0130D-\u00e7il\u0259r\u0259 maliyy\u0259 yard\u0131m\u0131nda ittiham olunan Cavid \u018fm\u0259nova qar\u015f\u0131 Cinay\u0259t M\u0259c\u0259ll\u0259sinin 167-3.1 (dini ekstremist materiallar\u0131 haz\u0131rlama, saxlama v\u0259 ya yayma), 218.2 (cinay\u0259tkar birlikd\u0259, m\u00fct\u0259\u015f\u0259kkil d\u0259st\u0259l\u0259rin birliyind\u0259 i\u015ftirak) v\u0259 214-1 (terroru maliyy\u0259l\u0259\u015fdirm\u0259) madd\u0259l\u0259ril\u0259 ittiham ir\u0259li s\u00fcr\u00fcl\u00fcb.\n<\/p>\n<p>\n  Amma Cavid \u018fm\u0259nov \u00f6z\u00fcn\u00fc t\u0259qsirli bilmir.\n<\/p>\n<p>\n  <b><br \/>\n    \u201c300 manatla terror maliyy\u0259l\u0259\u015fdir\u0259rl\u0259r?\u201d<br \/>\n  <\/b>\n<\/p>\n<p>\n  Anas\u0131 da deyir ki, Cavid \u00f6z\u00fc \u00e7\u0259tinlikl\u0259 dolan\u0131rd\u0131, b\u0259z\u0259n ehtiyac \u00fcz\u00fcnd\u0259n ba\u015fqas\u0131ndan borc ald\u0131\u011f\u0131 da olurdu. Onun art\u0131q pulu yox idi ki, \u0130\u015e\u0130D-\u0259 g\u00f6nd\u0259rsin: \u201cU\u015faql\u0131qdan ail\u0259d\u0259 d\u0259, m\u0259kt\u0259bd\u0259 d\u0259 t\u0259rbiy\u0259li, h\u0259m d\u0259 m\u0259rh\u0259m\u0259tli olub. Tik\u0259sini d\u0259 b\u00f6l\u0259n adamd\u0131r. \u0130ndi deyirl\u0259r ki, Suriyada \u0130\u015e\u0130D-d\u0259 vuru\u015fan X\u0259yala pul g\u00f6nd\u0259rib. Vaxtil\u0259 birlikd\u0259 i\u015fl\u0259yibl\u0259r. Deyib ki, \u201cu\u015fa\u011f\u0131m x\u0259st\u0259dir, pul laz\u0131md\u0131r\u201d. Cavid d\u0259 g\u00f6nd\u0259rib. 300 manatla terror maliyy\u0259l\u0259\u015fdir\u0259rl\u0259r?\u201d\n<\/p>\n<p>\n  Reyhan \u018fm\u0259novan\u0131n s\u00f6zl\u0259rin\u0259 g\u00f6r\u0259, o\u011flu t\u0259s\u0259rr\u00fcfatla m\u0259\u015f\u011ful olub. B\u0259z\u0259n dolan\u0131\u015f\u0131\u011fa pul \u00e7atmayanda ata-anas\u0131n\u0131n pensiyas\u0131yla \u0259rzaq al\u0131b: \u201cBiz k\u0259nd adam\u0131y\u0131q, h\u0259mi\u015f\u0259 \u0259kin-bi\u00e7inl\u0259 birt\u0259h\u0259r dolanm\u0131\u015f\u0131q. Cavid d\u0259 h\u0259m\u00e7inin. Bir Allah bilir ki, o u\u015faqlar\u0131 n\u0259 \u0259ziyy\u0259tl\u0259 b\u00f6y\u00fctm\u00fc\u015f\u0259m&#8230;\u201d\n<\/p>\n<p>\n  Reyhan \u018fm\u0259nova a\u011flaya-a\u011flaya dan\u0131\u015f\u0131r ki, d\u00f6rd o\u011flunun ham\u0131s\u0131 h\u0259rbi xidm\u0259td\u0259 olub, onlar\u0131 v\u0259t\u0259np\u0259rv\u0259r ruhda b\u00f6y\u00fcd\u00fcb. \u0130ndi o\u011fluna \u201cterror\u00e7u\u201d dam\u011fas\u0131 vurulmas\u0131 onu \u00e7ox a\u011fr\u0131d\u0131r:\n<\/p>\n<p>\n  \u201cPrezidentimizd\u0259n, vitse-prezidentimizd\u0259n xahi\u015f edir\u0259m, bu i\u015f d\u00fczg\u00fcn ara\u015fd\u0131r\u0131ls\u0131n. G\u00fcnah\u0131 olsayd\u0131, he\u00e7 m\u0259ni bu q\u0259d\u0259r yand\u0131rmazd\u0131. D\u00f6z\u0259 bilmir\u0259m. \u015e\u0259k\u0259r x\u0259st\u0259siy\u0259m, t\u0259zyiqim y\u00fcks\u0259k olur, h\u0259r g\u00fcn \u00f6l\u00fcb dirilir\u0259m. Amma Allahdan \u00f6m\u00fcr yox, m\u00f6hl\u0259t ist\u0259yir\u0259m ki, o\u011flumu g\u00f6r\u00fcm, qucaqlay\u0131m, sonra n\u0259 olur olsun. M\u0259nim o\u011flum terror\u00e7u deyil&#8230;\u201d\n<\/p>\n<p>\n  <b><br \/>\n    \u201cO\u011fluma yara\u015fm\u0131r\u201d<br \/>\n  <\/b>\n<\/p>\n<p>\n  Cavid \u018fm\u0259novun atas\u0131 Fazil \u018fm\u0259nov 80 illik \u00f6mr\u00fcn\u00fcn tam yar\u0131s\u0131n\u0131 m\u00fc\u0259llimlikl\u0259 m\u0259\u015f\u011ful olub. Deyir ki, ba\u015fqalar\u0131 ilyar\u0131m h\u0259rbi xidm\u0259td\u0259 oldu\u011fu halda, o\u011flu Cavid 3 il \u0259sg\u0259rlik \u00e7\u0259kib. Atas\u0131n\u0131n s\u00f6zl\u0259rin\u0259 g\u00f6r\u0259, Cavid \u018fm\u0259nov d\u00fc\u015f\u00fcnc\u0259 bax\u0131m\u0131ndan da \u0130\u015e\u0130D ideyalar\u0131n\u0131 d\u0259st\u0259kl\u0259y\u0259n biri olmay\u0131b. Ona g\u00f6r\u0259 d\u0259 \u0130\u015e\u0130D-i maliyy\u0259l\u0259\u015fdirm\u0259k m\u0259qs\u0259dil\u0259 pul g\u00f6nd\u0259rm\u0259si bar\u0259d\u0259 ittiham a\u011flabatan deyil.\n<\/p>\n<p>\n  Fazil \u018fm\u0259nov bildirir ki, o\u011flunun pul g\u00f6nd\u0259rdiyi X\u0259yal adl\u0131 \u015f\u0259xs ortada yoxdur. O\u011flu il\u0259 birlikd\u0259 m\u0259hk\u0259m\u0259 qar\u015f\u0131s\u0131na \u00e7\u0131xar\u0131lanlar\u0131n he\u00e7 biri d\u0259 Cavid \u018fm\u0259novu tan\u0131m\u0131r: \u201cO madd\u0259l\u0259r o\u011fluma yara\u015fm\u0131r. Cavidin terrorla, terror t\u0259\u015fkilat\u0131 il\u0259 he\u00e7 bir \u0259laq\u0259si olmay\u0131b. Cavidin pul g\u00f6nd\u0259rdiyi X\u0259yal onunla \u0259vv\u0259ll\u0259r birlikd\u0259 i\u015fl\u0259yib. H\u0259min adam b\u0259z\u0259n ail\u0259vi bizim evimizd\u0259 d\u0259 qal\u0131b. Az\u0259rbaycandan ged\u0259nd\u0259n sonra Cavid\u0259 deyib ki, u\u015faq x\u0259st\u0259dir, pul g\u00f6nd\u0259r. Cavid d\u0259 g\u00f6nd\u0259rib. Cavid indi d\u0259 bilmir ki, X\u0259yal hardadad\u0131r, n\u0259 i\u015fl\u0259 m\u0259\u015f\u011fuldur. Cavidl\u0259 birg\u0259 tutulan adamlar\u0131 is\u0259 \u0259vv\u0259ld\u0259n \u00fcmumiyy\u0259tl\u0259 tan\u0131may\u0131b, he\u00e7 bir \u0259laq\u0259si olmay\u0131b. Onlar da Cavidi tan\u0131mad\u0131qlar\u0131n\u0131 deyirl\u0259r. M\u0259n xahi\u015f edir\u0259m ki, Cavidi ail\u0259sin\u0259, balalar\u0131na qovu\u015fdursunlar\u201d.\n<\/p>\n<p>\n  Cavid \u018fm\u0259nov daha 10 n\u0259f\u0259rl\u0259 birlikd\u0259 haz\u0131rda Bak\u0131 A\u011f\u0131r Cinay\u0259tl\u0259r M\u0259hk\u0259m\u0259sind\u0259 m\u00fchakim\u0259 olunur. Onlar\u0131 D\u00f6vl\u0259t T\u0259hl\u00fck\u0259sizliyi Xidm\u0259ti (DTX) \u0259m\u0259kda\u015flar\u0131 h\u0259bs edib. \u0130stintaq ara\u015fd\u0131rmalar\u0131 da bu qurumun \u0130stintaq Ba\u015f \u0130dar\u0259si apar\u0131l\u0131b.\n<\/p>\n<p>\n  <b><br \/>\n    Komp\u00fcter, telefon, dini mesajlar&#8230;<br \/>\n  <\/b>\n<\/p>\n<p>\n  M\u0259hk\u0259m\u0259d\u0259 Cavid \u018fm\u0259novun v\u0259kili v\u0259sat\u0259t qald\u0131r\u0131b ki, i\u015f yenid\u0259n istintaqa qaytar\u0131ls\u0131n. \u00c7\u00fcnki istintaq obyektiv, h\u0259rt\u0259r\u0259fli apar\u0131lmay\u0131b, h\u0259qiq\u0259tin \u00fcz\u0259 \u00e7\u0131xmas\u0131 \u00fc\u00e7\u00fcn laz\u0131m olan add\u0131mlar at\u0131lmay\u0131b. Amma v\u0259sat\u0259t t\u0259min edim\u0259yib.\n<\/p>\n<p>\n  Cavid \u018fm\u0259nov h\u0259l\u0259lik m\u0259hk\u0259m\u0259d\u0259 ifad\u0259 verm\u0259s\u0259 d\u0259, istintaqdak\u0131 dindirm\u0259sind\u0259 \u00f6z\u00fcn\u00fc t\u0259qsirli bilm\u0259diyini deyib. O, inancl\u0131 oldu\u011funu, 2010-cu ild\u0259n \u201c\u0259hli-s\u00fcnn\u0259\u201d t\u0259riq\u0259tin\u0259 uy\u011fun ibad\u0259t etdiyini t\u0259sdiql\u0259yib. Bildirib ki, 2013-c\u00fc ild\u0259 Ramazan ay\u0131nda \u015eirvan \u015f\u0259h\u0259rind\u0259ki m\u0259scidd\u0259 X\u0259yal Nuriyevl\u0259 tan\u0131\u015f olub. \u0130\u015fsiz oldu\u011funu deyib. Birlikd\u0259 ticar\u0259tl\u0259 m\u0259\u015f\u011ful olma\u011fa ba\u015flay\u0131blar. Amma i\u015fl\u0259r yax\u015f\u0131 getm\u0259yib dey\u0259, dayand\u0131r\u0131blar. X\u0259yal \u0259vv\u0259lc\u0259 Da\u011f\u0131stana, sonra da T\u00fcrkiy\u0259y\u0259 gedib f\u0259hl\u0259lik edib. 2017-ci ild\u0259 X\u0259yal mesaj yazaraq, borc pul ist\u0259yib: \u201cOnun dediyi adamla \u201cBin\u0259\u201d bazar\u0131nda g\u00f6r\u00fc\u015f\u00fcb, 500 dollar verdim. Bir ne\u00e7\u0259 g\u00fcn sonra is\u0259 X\u0259yal mesaj yaz\u0131b, q\u0131z\u0131n\u0131n sar\u0131l\u0131q x\u0259st\u0259liyin\u0259 tutuldu\u011funu, yax\u0131nda daha bir \u00f6vlad\u0131n\u0131n d\u00fcnyaya g\u0259l\u0259c\u0259yini dedi, 600-700 dollar borc ist\u0259di. M\u0259n o q\u0259d\u0259r\u0259 g\u00fcc\u00fcm \u00e7atmad\u0131\u011f\u0131n\u0131 dedim. 340 manat pul d\u00fcz\u0259ldib X\u0259yal\u0131n dediyi adama verdim\u201d.\n<\/p>\n<p>\n  Cinay\u0259t i\u015finin materiallar\u0131nda yaz\u0131l\u0131b ki, Cavid \u018fm\u0259novun evind\u0259n axtar\u0131\u015f zaman\u0131 X\u0259yal Nuriyevin ona g\u00f6nd\u0259rdiyi noutbuk, telefon v\u0259 dini m\u00f6vzuda mesajlar a\u015fkarlan\u0131b. Cavid \u018fm\u0259nov ifad\u0259sind\u0259 deyib ki, X\u0259yal\u0131n dini bax\u0131\u015flar\u0131 il\u0259 ba\u011fl\u0131 b\u0259z\u0259n \u015f\u00fcbh\u0259l\u0259ri yaransa da, bu haqda ona he\u00e7 n\u0259 dem\u0259yib. Aralar\u0131nda \u0130\u015e\u0130D bar\u0259d\u0259 he\u00e7 vaxt s\u00f6hb\u0259t olmay\u0131b.<\/p>\n","protected":false},"excerpt":{"rendered":"<p>Cavid \u018fm\u0259nov daha 10 n\u0259f\u0259rl\u0259 birlikd\u0259 haz\u0131rda Bak\u0131 A\u011f\u0131r Cinay\u0259tl\u0259r M\u0259hk\u0259m\u0259sind\u0259 m\u00fchakim\u0259 olunur.<\/p>\n","protected":false},"author":11,"featured_media":148157,"comment_status":"closed","ping_status":"open","sticky":false,"template":"","format":"standard","meta":{"_acf_changed":false,"_sitemap_exclude":false,"_sitemap_priority":"","_sitemap_frequency":"","footnotes":""},"categories":[60],"tags":[],"class_list":["post-202532","post","type-post","status-publish","format-standard","has-post-thumbnail","hentry","category-bolge","infinite-scroll-item","generate-columns","tablet-grid-50","mobile-grid-100","grid-parent","grid-33","no-featured-image-padding"],"acf":[],"yoast_head":"<!-- This site is optimized with the Yoast SEO plugin v27.5 - https:\/\/yoast.com\/product\/yoast-seo-wordpress\/ -->\n<title>O\u011flu h\u0259bsd\u0259 olan ana: 300 manatla terror maliyy\u0259l\u0259\u015fdir\u0259rl\u0259r? - MEYDAN.TV<\/title>\n<meta name=\"robots\" content=\"index, follow, max-snippet:-1, max-image-preview:large, max-video-preview:-1\" \/>\n<link rel=\"canonical\" href=\"https:\/\/www.meydan.tv\/az\/article\/oglu-hebsde-olan-ana-300-manatla-terror-maliyyelesdirerler\/\" \/>\n<meta property=\"og:locale\" content=\"az_AZ\" \/>\n<meta property=\"og:type\" content=\"article\" \/>\n<meta property=\"og:title\" content=\"O\u011flu h\u0259bsd\u0259 olan ana: 300 manatla terror maliyy\u0259l\u0259\u015fdir\u0259rl\u0259r? - MEYDAN.TV\" \/>\n<meta property=\"og:description\" content=\"Cavid \u018fm\u0259nov daha 10 n\u0259f\u0259rl\u0259 birlikd\u0259 haz\u0131rda Bak\u0131 A\u011f\u0131r Cinay\u0259tl\u0259r M\u0259hk\u0259m\u0259sind\u0259 m\u00fchakim\u0259 olunur.\" \/>\n<meta property=\"og:url\" content=\"https:\/\/www.meydan.tv\/az\/article\/oglu-hebsde-olan-ana-300-manatla-terror-maliyyelesdirerler\/\" \/>\n<meta property=\"og:site_name\" content=\"MEYDAN.TV\" \/>\n<meta property=\"article:published_time\" content=\"2020-09-21T14:13:08+00:00\" \/>\n<meta property=\"og:image\" content=\"https:\/\/www.meydan.tv\/wp-content\/uploads\/image_from_ios_1ubczfy.jpg\" \/>\n\t<meta property=\"og:image:width\" content=\"733\" \/>\n\t<meta property=\"og:image:height\" content=\"480\" \/>\n\t<meta property=\"og:image:type\" content=\"image\/jpeg\" \/>\n<meta name=\"author\" content=\"user-manager\" \/>\n<meta name=\"twitter:card\" content=\"summary_large_image\" \/>\n<script type=\"application\/ld+json\" class=\"yoast-schema-graph\">{\"@context\":\"https:\\\/\\\/schema.org\",\"@graph\":[{\"@type\":\"Article\",\"@id\":\"https:\\\/\\\/www.meydan.tv\\\/az\\\/article\\\/oglu-hebsde-olan-ana-300-manatla-terror-maliyyelesdirerler\\\/#article\",\"isPartOf\":{\"@id\":\"https:\\\/\\\/www.meydan.tv\\\/az\\\/article\\\/oglu-hebsde-olan-ana-300-manatla-terror-maliyyelesdirerler\\\/\"},\"author\":{\"name\":\"user-manager\",\"@id\":\"https:\\\/\\\/www.meydan.tv\\\/az\\\/#\\\/schema\\\/person\\\/10d11eccf6da3662cf5fdab9806ea91a\"},\"headline\":\"O\u011flu h\u0259bsd\u0259 olan ana: 300 manatla terror maliyy\u0259l\u0259\u015fdir\u0259rl\u0259r?\",\"datePublished\":\"2020-09-21T14:13:08+00:00\",\"mainEntityOfPage\":{\"@id\":\"https:\\\/\\\/www.meydan.tv\\\/az\\\/article\\\/oglu-hebsde-olan-ana-300-manatla-terror-maliyyelesdirerler\\\/\"},\"wordCount\":1130,\"publisher\":{\"@id\":\"https:\\\/\\\/www.meydan.tv\\\/az\\\/#organization\"},\"image\":{\"@id\":\"https:\\\/\\\/www.meydan.tv\\\/az\\\/article\\\/oglu-hebsde-olan-ana-300-manatla-terror-maliyyelesdirerler\\\/#primaryimage\"},\"thumbnailUrl\":\"https:\\\/\\\/www.meydan.tv\\\/wp-content\\\/uploads\\\/image_from_ios_1ubczfy.jpg\",\"articleSection\":[\"B\u00f6lg\u0259\"],\"inLanguage\":\"az\"},{\"@type\":\"WebPage\",\"@id\":\"https:\\\/\\\/www.meydan.tv\\\/az\\\/article\\\/oglu-hebsde-olan-ana-300-manatla-terror-maliyyelesdirerler\\\/\",\"url\":\"https:\\\/\\\/www.meydan.tv\\\/az\\\/article\\\/oglu-hebsde-olan-ana-300-manatla-terror-maliyyelesdirerler\\\/\",\"name\":\"O\u011flu h\u0259bsd\u0259 olan ana: 300 manatla terror maliyy\u0259l\u0259\u015fdir\u0259rl\u0259r? - MEYDAN.TV\",\"isPartOf\":{\"@id\":\"https:\\\/\\\/www.meydan.tv\\\/az\\\/#website\"},\"primaryImageOfPage\":{\"@id\":\"https:\\\/\\\/www.meydan.tv\\\/az\\\/article\\\/oglu-hebsde-olan-ana-300-manatla-terror-maliyyelesdirerler\\\/#primaryimage\"},\"image\":{\"@id\":\"https:\\\/\\\/www.meydan.tv\\\/az\\\/article\\\/oglu-hebsde-olan-ana-300-manatla-terror-maliyyelesdirerler\\\/#primaryimage\"},\"thumbnailUrl\":\"https:\\\/\\\/www.meydan.tv\\\/wp-content\\\/uploads\\\/image_from_ios_1ubczfy.jpg\",\"datePublished\":\"2020-09-21T14:13:08+00:00\",\"breadcrumb\":{\"@id\":\"https:\\\/\\\/www.meydan.tv\\\/az\\\/article\\\/oglu-hebsde-olan-ana-300-manatla-terror-maliyyelesdirerler\\\/#breadcrumb\"},\"inLanguage\":\"az\",\"potentialAction\":[{\"@type\":\"ReadAction\",\"target\":[\"https:\\\/\\\/www.meydan.tv\\\/az\\\/article\\\/oglu-hebsde-olan-ana-300-manatla-terror-maliyyelesdirerler\\\/\"]}]},{\"@type\":\"ImageObject\",\"inLanguage\":\"az\",\"@id\":\"https:\\\/\\\/www.meydan.tv\\\/az\\\/article\\\/oglu-hebsde-olan-ana-300-manatla-terror-maliyyelesdirerler\\\/#primaryimage\",\"url\":\"https:\\\/\\\/www.meydan.tv\\\/wp-content\\\/uploads\\\/image_from_ios_1ubczfy.jpg\",\"contentUrl\":\"https:\\\/\\\/www.meydan.tv\\\/wp-content\\\/uploads\\\/image_from_ios_1ubczfy.jpg\",\"width\":733,\"height\":480,\"caption\":\"Source: Specify Source\"},{\"@type\":\"BreadcrumbList\",\"@id\":\"https:\\\/\\\/www.meydan.tv\\\/az\\\/article\\\/oglu-hebsde-olan-ana-300-manatla-terror-maliyyelesdirerler\\\/#breadcrumb\",\"itemListElement\":[{\"@type\":\"ListItem\",\"position\":1,\"name\":\"Ana s\u0259hif\u0259\",\"item\":\"https:\\\/\\\/www.meydan.tv\\\/az\\\/\"},{\"@type\":\"ListItem\",\"position\":2,\"name\":\"B\u00f6lg\u0259\",\"item\":\"https:\\\/\\\/www.meydan.tv\\\/az\\\/section\\\/bolge\\\/\"},{\"@type\":\"ListItem\",\"position\":3,\"name\":\"O\u011flu h\u0259bsd\u0259 olan ana: 300 manatla terror maliyy\u0259l\u0259\u015fdir\u0259rl\u0259r?\"}]},{\"@type\":\"WebSite\",\"@id\":\"https:\\\/\\\/www.meydan.tv\\\/az\\\/#website\",\"url\":\"https:\\\/\\\/www.meydan.tv\\\/az\\\/\",\"name\":\"MEYDAN.TV\",\"description\":\"Meydan TV Az\u0259rbaycan\u0131n media m\u0259kan\u0131ndak\u0131 alternativ s\u0259sidir\",\"publisher\":{\"@id\":\"https:\\\/\\\/www.meydan.tv\\\/az\\\/#organization\"},\"potentialAction\":[{\"@type\":\"SearchAction\",\"target\":{\"@type\":\"EntryPoint\",\"urlTemplate\":\"https:\\\/\\\/www.meydan.tv\\\/az\\\/?s={search_term_string}\"},\"query-input\":{\"@type\":\"PropertyValueSpecification\",\"valueRequired\":true,\"valueName\":\"search_term_string\"}}],\"inLanguage\":\"az\"},{\"@type\":\"Organization\",\"@id\":\"https:\\\/\\\/www.meydan.tv\\\/az\\\/#organization\",\"name\":\"Meydan TV\",\"url\":\"https:\\\/\\\/www.meydan.tv\\\/az\\\/\",\"logo\":{\"@type\":\"ImageObject\",\"inLanguage\":\"az\",\"@id\":\"https:\\\/\\\/www.meydan.tv\\\/az\\\/#\\\/schema\\\/logo\\\/image\\\/\",\"url\":\"https:\\\/\\\/www.meydan.tv\\\/wp-content\\\/uploads\\\/2021\\\/07\\\/meydan-logo.svg\",\"contentUrl\":\"https:\\\/\\\/www.meydan.tv\\\/wp-content\\\/uploads\\\/2021\\\/07\\\/meydan-logo.svg\",\"width\":195,\"height\":46,\"caption\":\"Meydan TV\"},\"image\":{\"@id\":\"https:\\\/\\\/www.meydan.tv\\\/az\\\/#\\\/schema\\\/logo\\\/image\\\/\"}},{\"@type\":\"Person\",\"@id\":\"https:\\\/\\\/www.meydan.tv\\\/az\\\/#\\\/schema\\\/person\\\/10d11eccf6da3662cf5fdab9806ea91a\",\"name\":\"user-manager\"}]}<\/script>\n<!-- \/ Yoast SEO plugin. -->","yoast_head_json":{"title":"O\u011flu h\u0259bsd\u0259 olan ana: 300 manatla terror maliyy\u0259l\u0259\u015fdir\u0259rl\u0259r? - MEYDAN.TV","robots":{"index":"index","follow":"follow","max-snippet":"max-snippet:-1","max-image-preview":"max-image-preview:large","max-video-preview":"max-video-preview:-1"},"canonical":"https:\/\/www.meydan.tv\/az\/article\/oglu-hebsde-olan-ana-300-manatla-terror-maliyyelesdirerler\/","og_locale":"az_AZ","og_type":"article","og_title":"O\u011flu h\u0259bsd\u0259 olan ana: 300 manatla terror maliyy\u0259l\u0259\u015fdir\u0259rl\u0259r? - MEYDAN.TV","og_description":"Cavid \u018fm\u0259nov daha 10 n\u0259f\u0259rl\u0259 birlikd\u0259 haz\u0131rda Bak\u0131 A\u011f\u0131r Cinay\u0259tl\u0259r M\u0259hk\u0259m\u0259sind\u0259 m\u00fchakim\u0259 olunur.","og_url":"https:\/\/www.meydan.tv\/az\/article\/oglu-hebsde-olan-ana-300-manatla-terror-maliyyelesdirerler\/","og_site_name":"MEYDAN.TV","article_published_time":"2020-09-21T14:13:08+00:00","og_image":[{"width":733,"height":480,"url":"https:\/\/www.meydan.tv\/wp-content\/uploads\/image_from_ios_1ubczfy.jpg","type":"image\/jpeg"}],"author":"user-manager","twitter_card":"summary_large_image","schema":{"@context":"https:\/\/schema.org","@graph":[{"@type":"Article","@id":"https:\/\/www.meydan.tv\/az\/article\/oglu-hebsde-olan-ana-300-manatla-terror-maliyyelesdirerler\/#article","isPartOf":{"@id":"https:\/\/www.meydan.tv\/az\/article\/oglu-hebsde-olan-ana-300-manatla-terror-maliyyelesdirerler\/"},"author":{"name":"user-manager","@id":"https:\/\/www.meydan.tv\/az\/#\/schema\/person\/10d11eccf6da3662cf5fdab9806ea91a"},"headline":"O\u011flu h\u0259bsd\u0259 olan ana: 300 manatla terror maliyy\u0259l\u0259\u015fdir\u0259rl\u0259r?","datePublished":"2020-09-21T14:13:08+00:00","mainEntityOfPage":{"@id":"https:\/\/www.meydan.tv\/az\/article\/oglu-hebsde-olan-ana-300-manatla-terror-maliyyelesdirerler\/"},"wordCount":1130,"publisher":{"@id":"https:\/\/www.meydan.tv\/az\/#organization"},"image":{"@id":"https:\/\/www.meydan.tv\/az\/article\/oglu-hebsde-olan-ana-300-manatla-terror-maliyyelesdirerler\/#primaryimage"},"thumbnailUrl":"https:\/\/www.meydan.tv\/wp-content\/uploads\/image_from_ios_1ubczfy.jpg","articleSection":["B\u00f6lg\u0259"],"inLanguage":"az"},{"@type":"WebPage","@id":"https:\/\/www.meydan.tv\/az\/article\/oglu-hebsde-olan-ana-300-manatla-terror-maliyyelesdirerler\/","url":"https:\/\/www.meydan.tv\/az\/article\/oglu-hebsde-olan-ana-300-manatla-terror-maliyyelesdirerler\/","name":"O\u011flu h\u0259bsd\u0259 olan ana: 300 manatla terror maliyy\u0259l\u0259\u015fdir\u0259rl\u0259r? - MEYDAN.TV","isPartOf":{"@id":"https:\/\/www.meydan.tv\/az\/#website"},"primaryImageOfPage":{"@id":"https:\/\/www.meydan.tv\/az\/article\/oglu-hebsde-olan-ana-300-manatla-terror-maliyyelesdirerler\/#primaryimage"},"image":{"@id":"https:\/\/www.meydan.tv\/az\/article\/oglu-hebsde-olan-ana-300-manatla-terror-maliyyelesdirerler\/#primaryimage"},"thumbnailUrl":"https:\/\/www.meydan.tv\/wp-content\/uploads\/image_from_ios_1ubczfy.jpg","datePublished":"2020-09-21T14:13:08+00:00","breadcrumb":{"@id":"https:\/\/www.meydan.tv\/az\/article\/oglu-hebsde-olan-ana-300-manatla-terror-maliyyelesdirerler\/#breadcrumb"},"inLanguage":"az","potentialAction":[{"@type":"ReadAction","target":["https:\/\/www.meydan.tv\/az\/article\/oglu-hebsde-olan-ana-300-manatla-terror-maliyyelesdirerler\/"]}]},{"@type":"ImageObject","inLanguage":"az","@id":"https:\/\/www.meydan.tv\/az\/article\/oglu-hebsde-olan-ana-300-manatla-terror-maliyyelesdirerler\/#primaryimage","url":"https:\/\/www.meydan.tv\/wp-content\/uploads\/image_from_ios_1ubczfy.jpg","contentUrl":"https:\/\/www.meydan.tv\/wp-content\/uploads\/image_from_ios_1ubczfy.jpg","width":733,"height":480,"caption":"Source: Specify Source"},{"@type":"BreadcrumbList","@id":"https:\/\/www.meydan.tv\/az\/article\/oglu-hebsde-olan-ana-300-manatla-terror-maliyyelesdirerler\/#breadcrumb","itemListElement":[{"@type":"ListItem","position":1,"name":"Ana s\u0259hif\u0259","item":"https:\/\/www.meydan.tv\/az\/"},{"@type":"ListItem","position":2,"name":"B\u00f6lg\u0259","item":"https:\/\/www.meydan.tv\/az\/section\/bolge\/"},{"@type":"ListItem","position":3,"name":"O\u011flu h\u0259bsd\u0259 olan ana: 300 manatla terror maliyy\u0259l\u0259\u015fdir\u0259rl\u0259r?"}]},{"@type":"WebSite","@id":"https:\/\/www.meydan.tv\/az\/#website","url":"https:\/\/www.meydan.tv\/az\/","name":"MEYDAN.TV","description":"Meydan TV Az\u0259rbaycan\u0131n media m\u0259kan\u0131ndak\u0131 alternativ s\u0259sidir","publisher":{"@id":"https:\/\/www.meydan.tv\/az\/#organization"},"potentialAction":[{"@type":"SearchAction","target":{"@type":"EntryPoint","urlTemplate":"https:\/\/www.meydan.tv\/az\/?s={search_term_string}"},"query-input":{"@type":"PropertyValueSpecification","valueRequired":true,"valueName":"search_term_string"}}],"inLanguage":"az"},{"@type":"Organization","@id":"https:\/\/www.meydan.tv\/az\/#organization","name":"Meydan TV","url":"https:\/\/www.meydan.tv\/az\/","logo":{"@type":"ImageObject","inLanguage":"az","@id":"https:\/\/www.meydan.tv\/az\/#\/schema\/logo\/image\/","url":"https:\/\/www.meydan.tv\/wp-content\/uploads\/2021\/07\/meydan-logo.svg","contentUrl":"https:\/\/www.meydan.tv\/wp-content\/uploads\/2021\/07\/meydan-logo.svg","width":195,"height":46,"caption":"Meydan TV"},"image":{"@id":"https:\/\/www.meydan.tv\/az\/#\/schema\/logo\/image\/"}},{"@type":"Person","@id":"https:\/\/www.meydan.tv\/az\/#\/schema\/person\/10d11eccf6da3662cf5fdab9806ea91a","name":"user-manager"}]}},"_links":{"self":[{"href":"https:\/\/www.meydan.tv\/az\/wp-json\/wp\/v2\/posts\/202532","targetHints":{"allow":["GET"]}}],"collection":[{"href":"https:\/\/www.meydan.tv\/az\/wp-json\/wp\/v2\/posts"}],"about":[{"href":"https:\/\/www.meydan.tv\/az\/wp-json\/wp\/v2\/types\/post"}],"author":[{"embeddable":true,"href":"https:\/\/www.meydan.tv\/az\/wp-json\/wp\/v2\/users\/11"}],"replies":[{"embeddable":true,"href":"https:\/\/www.meydan.tv\/az\/wp-json\/wp\/v2\/comments?post=202532"}],"version-history":[{"count":0,"href":"https:\/\/www.meydan.tv\/az\/wp-json\/wp\/v2\/posts\/202532\/revisions"}],"wp:featuredmedia":[{"embeddable":true,"href":"https:\/\/www.meydan.tv\/az\/wp-json\/wp\/v2\/media\/148157"}],"wp:attachment":[{"href":"https:\/\/www.meydan.tv\/az\/wp-json\/wp\/v2\/media?parent=202532"}],"wp:term":[{"taxonomy":"category","embeddable":true,"href":"https:\/\/www.meydan.tv\/az\/wp-json\/wp\/v2\/categories?post=202532"},{"taxonomy":"post_tag","embeddable":true,"href":"https:\/\/www.meydan.tv\/az\/wp-json\/wp\/v2\/tags?post=202532"}],"curies":[{"name":"wp","href":"https:\/\/api.w.org\/{rel}","templated":true}]}}