{"id":202524,"date":"2020-09-21T03:30:09","date_gmt":"2020-09-21T03:30:09","guid":{"rendered":"https:\/\/www.meydan.tv\/article\/mudafie-nazirliyi-ermenistana-mexsus-pua-mehv-edilib\/"},"modified":"2020-09-21T03:30:09","modified_gmt":"2020-09-21T03:30:09","slug":"mudafie-nazirliyi-ermenistana-mexsus-pua-mehv-edilib","status":"publish","type":"post","link":"https:\/\/www.meydan.tv\/az\/article\/mudafie-nazirliyi-ermenistana-mexsus-pua-mehv-edilib\/","title":{"rendered":"M\u00fcdafi\u0259 Nazirliyi: Erm\u0259nistana m\u0259xsus PUA m\u0259hv edilib"},"content":{"rendered":"<p>\n  \u201cHaz\u0131rda m\u0259hv edilmi\u015f PUA-n\u0131n qal\u0131qlar\u0131n\u0131n a\u015fkar olunmas\u0131 istiqam\u0259tind\u0259 axtar\u0131\u015f apar\u0131l\u0131r\u201d\n<\/p>\n<p>\n  Sentyabr\u0131n 20-d\u0259, saat 23 rad\u0259l\u0259rind\u0259 \u015e\u0259mkir v\u0259 Tovuz rayonu \u0259razisind\u0259 g\u00fccl\u00fc partlay\u0131\u015f s\u0259si e\u015fidilib.\n<\/p>\n<p>\n  Bu bar\u0259d\u0259 \u015e\u0259mkir rayon sakinl\u0259ri m\u0259lumat verib. M\u0259lumatda bildirilir ki, ard-arda iki g\u00fccl\u00fc partlay\u0131\u015f s\u0259si e\u015fidilib. Vurulan h\u0259rbi pilotsuz u\u00e7u\u015f aparat\u0131 (PUA) \u015e\u0259mkir rayonun Sabirk\u0259nd k\u0259ndi \u0259razisin\u0259 d\u00fc\u015f\u0259r\u0259k partlay\u0131b.\n<\/p>\n<p>\n  Az\u0259rbaycan\u0131n M\u00fcdafi\u0259 Nazirliyinin m\u0259lumat\u0131 t\u0259sdiql\u0259yib. Nazirlik bildirib ki, Erm\u0259nistana m\u0259xsus n\u00f6vb\u0259ti taktiki PUA vurulub:\n<\/p>\n<p>\n  \u201cSentyabr\u0131n 20-si saat 23.13-d\u0259 Erm\u0259nistan silahl\u0131 q\u00fcvv\u0259l\u0259rinin b\u00f6lm\u0259l\u0259rin\u0259 m\u0259xsus taktiki pilotsuz u\u00e7u\u015f aparat\u0131 (PUA) Hava H\u00fccumundan M\u00fcdafi\u0259 b\u00f6lm\u0259l\u0259rimiz t\u0259r\u0259find\u0259n m\u0259hv edilib. Haz\u0131rda m\u0259hv edilmi\u015f PUA-n\u0131n qal\u0131qlar\u0131n\u0131n a\u015fkar olunmas\u0131 istiqam\u0259tind\u0259 axtar\u0131\u015f apar\u0131l\u0131r\u201d.\n<\/p>\n<p>\n  Erm\u0259nistan t\u0259r\u0259f faktla ba\u011fl\u0131 h\u0259r hans\u0131 m\u0259lumat yaymay\u0131b.<\/p>\n","protected":false},"excerpt":{"rendered":"<p>\u201cHaz\u0131rda m\u0259hv edilmi\u015f PUA-n\u0131n qal\u0131qlar\u0131n\u0131n a\u015fkar olunmas\u0131 istiqam\u0259tind\u0259 axtar\u0131\u015f apar\u0131l\u0131r\u201d<\/p>\n","protected":false},"author":11,"featured_media":148133,"comment_status":"closed","ping_status":"open","sticky":false,"template":"","format":"standard","meta":{"_acf_changed":false,"_sitemap_exclude":false,"_sitemap_priority":"","_sitemap_frequency":"","footnotes":""},"categories":[59],"tags":[],"class_list":["post-202524","post","type-post","status-publish","format-standard","has-post-thumbnail","hentry","category-siyaset","infinite-scroll-item","generate-columns","tablet-grid-50","mobile-grid-100","grid-parent","grid-33","no-featured-image-padding"],"acf":[],"yoast_head":"<!-- This site is optimized with the Yoast SEO plugin v28.4 - https:\/\/yoast.com\/product\/yoast-seo-wordpress\/ -->\n<title>M\u00fcdafi\u0259 Nazirliyi: Erm\u0259nistana m\u0259xsus PUA m\u0259hv edilib - MEYDAN.TV<\/title>\n<meta name=\"robots\" content=\"index, follow, max-snippet:-1, max-image-preview:large, max-video-preview:-1\" \/>\n<link rel=\"canonical\" href=\"https:\/\/www.meydan.tv\/az\/article\/mudafie-nazirliyi-ermenistana-mexsus-pua-mehv-edilib\/\" \/>\n<meta property=\"og:locale\" content=\"az_AZ\" \/>\n<meta property=\"og:type\" content=\"article\" \/>\n<meta property=\"og:title\" content=\"M\u00fcdafi\u0259 Nazirliyi: Erm\u0259nistana m\u0259xsus PUA m\u0259hv edilib - MEYDAN.TV\" \/>\n<meta property=\"og:description\" content=\"\u201cHaz\u0131rda m\u0259hv edilmi\u015f PUA-n\u0131n qal\u0131qlar\u0131n\u0131n a\u015fkar olunmas\u0131 istiqam\u0259tind\u0259 axtar\u0131\u015f apar\u0131l\u0131r\u201d\" \/>\n<meta property=\"og:url\" content=\"https:\/\/www.meydan.tv\/az\/article\/mudafie-nazirliyi-ermenistana-mexsus-pua-mehv-edilib\/\" \/>\n<meta property=\"og:site_name\" content=\"MEYDAN.TV\" \/>\n<meta property=\"article:published_time\" content=\"2020-09-21T03:30:09+00:00\" \/>\n<meta property=\"og:image\" content=\"https:\/\/www.meydan.tv\/wp-content\/uploads\/copy_of_sayt-cover_j8cnbyl.png\" \/>\n\t<meta property=\"og:image:width\" content=\"1280\" \/>\n\t<meta property=\"og:image:height\" content=\"720\" \/>\n\t<meta property=\"og:image:type\" content=\"image\/png\" \/>\n<meta name=\"twitter:card\" content=\"summary_large_image\" \/>\n<!-- \/ Yoast SEO plugin. -->","yoast_head_json":{"title":"M\u00fcdafi\u0259 Nazirliyi: Erm\u0259nistana m\u0259xsus PUA m\u0259hv edilib - MEYDAN.TV","robots":{"index":"index","follow":"follow","max-snippet":"max-snippet:-1","max-image-preview":"max-image-preview:large","max-video-preview":"max-video-preview:-1"},"canonical":"https:\/\/www.meydan.tv\/az\/article\/mudafie-nazirliyi-ermenistana-mexsus-pua-mehv-edilib\/","og_locale":"az_AZ","og_type":"article","og_title":"M\u00fcdafi\u0259 Nazirliyi: Erm\u0259nistana m\u0259xsus PUA m\u0259hv edilib - MEYDAN.TV","og_description":"\u201cHaz\u0131rda m\u0259hv edilmi\u015f PUA-n\u0131n qal\u0131qlar\u0131n\u0131n a\u015fkar olunmas\u0131 istiqam\u0259tind\u0259 axtar\u0131\u015f apar\u0131l\u0131r\u201d","og_url":"https:\/\/www.meydan.tv\/az\/article\/mudafie-nazirliyi-ermenistana-mexsus-pua-mehv-edilib\/","og_site_name":"MEYDAN.TV","article_published_time":"2020-09-21T03:30:09+00:00","og_image":[{"width":1280,"height":720,"url":"https:\/\/www.meydan.tv\/wp-content\/uploads\/copy_of_sayt-cover_j8cnbyl.png","type":"image\/png"}],"twitter_card":"summary_large_image","schema":{"@context":"https:\/\/schema.org","@graph":[{"@type":"Article","@id":"https:\/\/www.meydan.tv\/az\/article\/mudafie-nazirliyi-ermenistana-mexsus-pua-mehv-edilib\/#article","isPartOf":{"@id":"https:\/\/www.meydan.tv\/az\/article\/mudafie-nazirliyi-ermenistana-mexsus-pua-mehv-edilib\/"},"author":{"name":"user-manager","@id":"https:\/\/www.meydan.tv\/az\/#\/schema\/person\/10d11eccf6da3662cf5fdab9806ea91a"},"headline":"M\u00fcdafi\u0259 Nazirliyi: Erm\u0259nistana m\u0259xsus PUA m\u0259hv edilib","datePublished":"2020-09-21T03:30:09+00:00","mainEntityOfPage":{"@id":"https:\/\/www.meydan.tv\/az\/article\/mudafie-nazirliyi-ermenistana-mexsus-pua-mehv-edilib\/"},"wordCount":192,"publisher":{"@id":"https:\/\/www.meydan.tv\/az\/#organization"},"image":{"@id":"https:\/\/www.meydan.tv\/az\/article\/mudafie-nazirliyi-ermenistana-mexsus-pua-mehv-edilib\/#primaryimage"},"thumbnailUrl":"https:\/\/www.meydan.tv\/wp-content\/uploads\/copy_of_sayt-cover_j8cnbyl.png","articleSection":["Siyas\u0259t"],"inLanguage":"az"},{"@type":"WebPage","@id":"https:\/\/www.meydan.tv\/az\/article\/mudafie-nazirliyi-ermenistana-mexsus-pua-mehv-edilib\/","url":"https:\/\/www.meydan.tv\/az\/article\/mudafie-nazirliyi-ermenistana-mexsus-pua-mehv-edilib\/","name":"M\u00fcdafi\u0259 Nazirliyi: Erm\u0259nistana m\u0259xsus PUA m\u0259hv edilib - MEYDAN.TV","isPartOf":{"@id":"https:\/\/www.meydan.tv\/az\/#website"},"primaryImageOfPage":{"@id":"https:\/\/www.meydan.tv\/az\/article\/mudafie-nazirliyi-ermenistana-mexsus-pua-mehv-edilib\/#primaryimage"},"image":{"@id":"https:\/\/www.meydan.tv\/az\/article\/mudafie-nazirliyi-ermenistana-mexsus-pua-mehv-edilib\/#primaryimage"},"thumbnailUrl":"https:\/\/www.meydan.tv\/wp-content\/uploads\/copy_of_sayt-cover_j8cnbyl.png","datePublished":"2020-09-21T03:30:09+00:00","breadcrumb":{"@id":"https:\/\/www.meydan.tv\/az\/article\/mudafie-nazirliyi-ermenistana-mexsus-pua-mehv-edilib\/#breadcrumb"},"inLanguage":"az","potentialAction":[{"@type":"ReadAction","target":["https:\/\/www.meydan.tv\/az\/article\/mudafie-nazirliyi-ermenistana-mexsus-pua-mehv-edilib\/"]}]},{"@type":"ImageObject","inLanguage":"az","@id":"https:\/\/www.meydan.tv\/az\/article\/mudafie-nazirliyi-ermenistana-mexsus-pua-mehv-edilib\/#primaryimage","url":"https:\/\/www.meydan.tv\/wp-content\/uploads\/copy_of_sayt-cover_j8cnbyl.png","contentUrl":"https:\/\/www.meydan.tv\/wp-content\/uploads\/copy_of_sayt-cover_j8cnbyl.png","width":1280,"height":720,"caption":"Source: Meydan.TV"},{"@type":"BreadcrumbList","@id":"https:\/\/www.meydan.tv\/az\/article\/mudafie-nazirliyi-ermenistana-mexsus-pua-mehv-edilib\/#breadcrumb","itemListElement":[{"@type":"ListItem","position":1,"name":"Ana s\u0259hif\u0259","item":"https:\/\/www.meydan.tv\/az\/"},{"@type":"ListItem","position":2,"name":"Siyas\u0259t","item":"https:\/\/www.meydan.tv\/az\/section\/siyaset\/"},{"@type":"ListItem","position":3,"name":"M\u00fcdafi\u0259 Nazirliyi: Erm\u0259nistana m\u0259xsus PUA m\u0259hv edilib"}]},{"@type":"WebSite","@id":"https:\/\/www.meydan.tv\/az\/#website","url":"https:\/\/www.meydan.tv\/az\/","name":"MEYDAN.TV","description":"Meydan TV Az\u0259rbaycan\u0131n media m\u0259kan\u0131ndak\u0131 alternativ s\u0259sidir","publisher":{"@id":"https:\/\/www.meydan.tv\/az\/#organization"},"potentialAction":[{"@type":"SearchAction","target":{"@type":"EntryPoint","urlTemplate":"https:\/\/www.meydan.tv\/az\/?s={search_term_string}"},"query-input":{"@type":"PropertyValueSpecification","valueRequired":true,"valueName":"search_term_string"}}],"inLanguage":"az"},{"@type":"Organization","@id":"https:\/\/www.meydan.tv\/az\/#organization","name":"Meydan TV","url":"https:\/\/www.meydan.tv\/az\/","logo":{"@type":"ImageObject","inLanguage":"az","@id":"https:\/\/www.meydan.tv\/az\/#\/schema\/logo\/image\/","url":"https:\/\/www.meydan.tv\/wp-content\/uploads\/2021\/07\/meydan-logo.svg","contentUrl":"https:\/\/www.meydan.tv\/wp-content\/uploads\/2021\/07\/meydan-logo.svg","width":195,"height":46,"caption":"Meydan TV"},"image":{"@id":"https:\/\/www.meydan.tv\/az\/#\/schema\/logo\/image\/"}},{"@type":"Person","@id":"https:\/\/www.meydan.tv\/az\/#\/schema\/person\/10d11eccf6da3662cf5fdab9806ea91a","name":"user-manager"}]}},"_links":{"self":[{"href":"https:\/\/www.meydan.tv\/az\/wp-json\/wp\/v2\/posts\/202524","targetHints":{"allow":["GET"]}}],"collection":[{"href":"https:\/\/www.meydan.tv\/az\/wp-json\/wp\/v2\/posts"}],"about":[{"href":"https:\/\/www.meydan.tv\/az\/wp-json\/wp\/v2\/types\/post"}],"author":[{"embeddable":true,"href":"https:\/\/www.meydan.tv\/az\/wp-json\/wp\/v2\/users\/11"}],"replies":[{"embeddable":true,"href":"https:\/\/www.meydan.tv\/az\/wp-json\/wp\/v2\/comments?post=202524"}],"version-history":[{"count":0,"href":"https:\/\/www.meydan.tv\/az\/wp-json\/wp\/v2\/posts\/202524\/revisions"}],"wp:featuredmedia":[{"embeddable":true,"href":"https:\/\/www.meydan.tv\/az\/wp-json\/wp\/v2\/media\/148133"}],"wp:attachment":[{"href":"https:\/\/www.meydan.tv\/az\/wp-json\/wp\/v2\/media?parent=202524"}],"wp:term":[{"taxonomy":"category","embeddable":true,"href":"https:\/\/www.meydan.tv\/az\/wp-json\/wp\/v2\/categories?post=202524"},{"taxonomy":"post_tag","embeddable":true,"href":"https:\/\/www.meydan.tv\/az\/wp-json\/wp\/v2\/tags?post=202524"}],"curies":[{"name":"wp","href":"https:\/\/api.w.org\/{rel}","templated":true}]}}