{"id":202520,"date":"2020-09-19T14:16:46","date_gmt":"2020-09-19T14:16:46","guid":{"rendered":"https:\/\/www.meydan.tv\/article\/bostanci-sakini-icra-bascisindan-xahis-edirem-gelib-orus-sahesini-bize-gostersin\/"},"modified":"2020-09-19T14:16:46","modified_gmt":"2020-09-19T14:16:46","slug":"bostanci-sakini-icra-bascisindan-xahis-edirem-gelib-orus-sahesini-bize-gostersin","status":"publish","type":"post","link":"https:\/\/www.meydan.tv\/az\/article\/bostanci-sakini-icra-bascisindan-xahis-edirem-gelib-orus-sahesini-bize-gostersin\/","title":{"rendered":"Bostan\u00e7\u0131 sakini: \u0130cra ba\u015f\u00e7\u0131s\u0131ndan xahi\u015f edir\u0259m, g\u0259lib \u00f6r\u00fc\u015f sah\u0259sini biz\u0259 g\u00f6st\u0259rsin"},"content":{"rendered":"<p>\n  <i><br \/>\n    K\u0259ndli susuzluqdan, yolsuzluqdan, \u00f6r\u00fc\u015f sah\u0259l\u0259rinin yoxlu\u011fundan gileylidir<br \/>\n  <\/i>\n<\/p>\n<p>\n  \u201cXa\u00e7maz\u0131n \u0259n q\u0259dim k\u0259ndl\u0259rind\u0259n olan Bostan\u00e7\u0131n\u0131n probleml\u0259ri bitib-t\u00fck\u0259nm\u0259k bilmir. Haz\u0131rda \u0259hali i\u00e7m\u0259li su sar\u0131dan \u0259ziyy\u0259t \u00e7\u0259kir\u201d.\n<\/p>\n<p>\n  Bunu Meydan TV-y\u0259 Xa\u00e7maz rayonu, Bostan\u00e7\u0131 k\u0259nd sakini Osman \u0130mamov deyir. S\u00f6yl\u0259yir ki, \u00fc\u00e7 y\u00fcz \u0259llid\u0259n \u00e7ox evi olan k\u0259ndin c\u0259mi on iki bula\u011f\u0131 var:\n<\/p>\n<p>\n  \u201cH\u0259min bulaqlar\u0131n onundan su g\u0259lir. Dig\u0259r iki bulaqdan is\u0259 su damc\u0131-damc\u0131 t\u00f6k\u00fcl\u00fcr. T\u0259s\u0259vv\u00fcr edin, otuz m\u0259h\u0259ll\u0259 on bula\u011f\u0131n \u00fcmidin\u0259 qal\u0131b. Bulaqlar\u0131 da kas\u0131b k\u0259nd camaat\u0131 bo\u011faz\u0131ndan k\u0259sib, borusunu, kran\u0131n\u0131 al\u0131b. H\u0259r d\u0259f\u0259 problem yarananda, su g\u0259lm\u0259y\u0259nd\u0259 yen\u0259 d\u0259 \u0259ziyy\u0259ti kas\u0131b k\u0259nd camaat\u0131 \u00e7\u0259kir. Art\u0131q d\u00f6rd-be\u015f g\u00fcnd\u00fcr bulaqdan su g\u0259lmir. \u018fhali bir kilometr m\u0259saf\u0259 q\u0259t edib, evin\u0259 su g\u0259tirir. \u0130\u00e7m\u0259li suyu \u0259ll\u0259 z\u00fclm-m\u00fcsib\u0259tl\u0259 da\u015f\u0131y\u0131rlar\u201d.\n<\/p>\n<p>\n  \u015eikay\u0259t\u00e7i deyir ki, k\u0259ndin su problemi il\u0259 yana\u015f\u0131 yollar\u0131 da b\u0259rbad v\u0259ziyy\u0259td\u0259dir. Bildirir ki, d\u0259f\u0259l\u0259rl\u0259 aidiyy\u0259ti qurumlara bununla ba\u011fl\u0131 m\u0259ktub yazsalar da, faydas\u0131 olmay\u0131b:\n<\/p>\n<p>\n  \u201cElnur Rzayev icra ba\u015f\u00e7\u0131s\u0131 t\u0259yin olunandan sonra Bostan\u00e7\u0131 k\u0259ndin\u0259 g\u0259lib, v\u0259t\u0259nda\u015flarla g\u00f6r\u00fc\u015fd\u00fc. K\u0259ndin yolu il\u0259 tan\u0131\u015f oldu. Dedi ki, m\u0259n Da\u015fk\u0259s\u0259nd\u0259 i\u015fl\u0259mi\u015f\u0259m, orada yollar daha b\u0259rbad idi. Ora baxanda, burada v\u0259ziyy\u0259t bir az yax\u015f\u0131d\u0131r. Bildirdi ki, k\u0259nd\u0259 asfalt yolun \u00e7\u0259kilm\u0259si icra hakimiyy\u0259tinin s\u0259lahiyy\u0259ti xaricind\u0259dir. S\u00f6yl\u0259di ki, bunun \u00fc\u00e7\u00fcn \u201cyuxar\u0131\u201dlardan maliyy\u0259 v\u0259saiti ayr\u0131lmal\u0131d\u0131r. Sonra dedi ki, yol problemi bel\u0259 qalmayacaq, h\u0259ll olunacaq. Onu da deyim ki, burada he\u00e7 vaxt asfalt yol \u00f6rt\u00fcy\u00fc olmay\u0131b. Bostan\u00e7\u0131 k\u0259ndinin b\u0259l\u0259diyy\u0259 s\u0259dri Nasib Abuz\u0259rov ancaq v\u0259d verir. Deyir ki, d\u00fcz\u0259l\u0259c\u0259k. Amma n\u0259 vaxt, bilinmir?! Bel\u0259 g\u00f6r\u00fcr\u0259m, bu yolu d\u00fcz\u0259ltm\u0259y\u0259c\u0259kl\u0259r. Biz bundan sonra da uzun ill\u0259r qrunt yollarla gedib-g\u0259l\u0259si olaca\u011f\u0131q\u201d.\n<\/p>\n<figure class=\"wp-block-image size-large\">\n  <img decoding=\"async\" src=\"https:\/\/www.meydan.tv\/az\/image_from_ios-4-jpg-162\/\" alt=\"image_from_ios (4).jpg\" class=\"wp-image-148106\"\/><figcaption>\n    &#8220;Stadionun yan-y\u00f6r\u0259sind\u0259 ya\u015fayan adamlara s\u00f6z vermi\u015f\u0259m ki, ora arteziandan su da \u00e7\u0259k\u0259c\u0259y\u0259m&#8221;<br \/>\n  <\/figcaption><\/figure>\n<p>\n  \u015eikay\u0259t\u00e7inin dediyin\u0259 g\u00f6r\u0259, k\u0259ndd\u0259 ba\u015fqa bir problem d\u0259 rayonlararas\u0131 \u00e7empionatlar\u0131n t\u0259\u015fkili zaman\u0131 yaran\u0131r. Bel\u0259 ki, burada stadion yax\u015f\u0131 v\u0259ziyy\u0259td\u0259 olmad\u0131\u011f\u0131 \u00fc\u00e7\u00fcn Quba, Qusar, Siy\u0259z\u0259n v\u0259 dig\u0259r rayonlar\u0131n he\u00e7 birind\u0259n bura ev oyunlar\u0131na g\u0259lm\u0259k ist\u0259mirl\u0259r:\n<\/p>\n<p>\n  \u201cBununla ba\u011fl\u0131 icra hakimiyy\u0259tin\u0259 elektron m\u0259ktub yazd\u0131m. Cavab g\u0259ldi ki, stadionun b\u0259rpas\u0131 i\u015fin\u0259 bax\u0131lacaq. Do\u011frudan da, icra hakimiyy\u0259tinin g\u00f6st\u0259ri\u015fi il\u0259 stadionda i\u015fl\u0259r ba\u015fland\u0131. Qreyder ma\u015f\u0131n\u0131 g\u0259tirildi, torpaq hamarland\u0131. Lakin be\u015f g\u00fcnd\u0259n sonra getdil\u0259r, i\u015fl\u0259ri sonad\u0259k yekunla\u015fd\u0131rmad\u0131lar. Halbuki, bildirilmi\u015fdi ki, futbol meydan\u00e7as\u0131n\u0131n qap\u0131 torlar\u0131 al\u0131nacaq, b\u0259zi ba\u015fqa i\u015fl\u0259r g\u00f6r\u00fcl\u0259c\u0259k. H\u0259m\u00e7inin stadionun qar\u015f\u0131s\u0131nda voleybol meydan\u00e7as\u0131 var. Onun da d\u0259mirl\u0259ri basd\u0131r\u0131l\u0131b, amma torlar\u0131 yoxdur\u201d.\n<\/p>\n<p>\n  \u201cB\u0259l\u0259diyy\u0259 s\u0259dri Nasib Abuz\u0259rov A\u011falar o\u011flu 1999-cu ild\u0259n bu v\u0259zif\u0259d\u0259dir. Lakin bu iyirmi bir ild\u0259 bir d\u0259n\u0259 d\u0259 olsun yax\u015f\u0131 i\u015f g\u00f6rm\u0259yib\u201d, &#8211; Osman \u0130mamov bel\u0259 deyir:\n<\/p>\n<figure class=\"wp-block-image size-large\">\n  <img decoding=\"async\" src=\"https:\/\/www.meydan.tv\/az\/image_from_ios-7-jpg-62\/\" alt=\"image_from_ios (7).jpg\" class=\"wp-image-148115\"\/><figcaption>\n    Osman \u0130mamov<br \/>\n  <\/figcaption><\/figure>\n<p>\n  \u201cK\u0259ndin mal-qara otarmaq \u00fc\u00e7\u00fcn \u00f6r\u00fc\u015f sah\u0259si yoxdur. Bununla ba\u011fl\u0131 icra hakimiyy\u0259tin\u0259 elektron m\u0259ktub yazd\u0131m. \u0130cra hakimiyy\u0259tind\u0259n cavab g\u0259ldi ki, 65 hektar \u00f6r\u00fc\u015f sah\u0259si var v\u0259 k\u0259nd camaat\u0131 g\u00fcnd\u0259lik h\u0259min \u0259razid\u0259n istifad\u0259 edir. Maraql\u0131d\u0131r ki, h\u0259min \u00f6r\u00fc\u015f sah\u0259sinin yerini bil\u0259n yoxdur. M\u0259n icra hakimiyy\u0259tind\u0259n xahi\u015f edir\u0259m ki, g\u0259lib, biz\u0259 h\u0259min 65 hektar sah\u0259ni g\u00f6st\u0259rsinl\u0259r. M\u0259n d\u0259 k\u0259ndin sakini olaraq, bilim ki, \u00f6r\u00fc\u015f sah\u0259si haradad\u0131r, apar\u0131m, mal-qaram\u0131 orada otar\u0131m. B\u0259l\u0259diyy\u0259 s\u0259dri Nasib Abuz\u0259rov h\u0259min \u0259kin sah\u0259l\u0259rini sat\u0131b\u201d.\n<\/p>\n<p>\n  Bostan\u00e7\u0131 k\u0259ndinin b\u0259l\u0259diyy\u0259 s\u0259dri Nasib Abuz\u0259rov Meydan TV-y\u0259 a\u00e7\u0131qlamas\u0131nda haqq\u0131nda s\u00f6yl\u0259nil\u0259nl\u0259rin \u0259sass\u0131z oldu\u011funu deyib:\n<\/p>\n<p>\n  \u201cK\u0259ndd\u0259 idman meydan\u00e7as\u0131 oldu\u011fu halda, Osman \u0130mamov \u015f\u0259xsi m\u0259nafeyini g\u00fcd\u0259r\u0259k atas\u0131n\u0131n qeyri-qanuni i\u015fl\u0259tdiyi obyektin yan\u0131nda idman meydan\u00e7as\u0131 tikm\u0259k ist\u0259yirdi. Mane oldum, dedim ki, k\u0259ndin meydan\u00e7as\u0131 var. Bunun ac\u0131\u011f\u0131n\u0131 \u00e7\u0131xmaq \u00fc\u00e7\u00fcn haqq\u0131mda xo\u015fag\u0259lm\u0259z \u015fayi\u0259l\u0259r yayma\u011fa ba\u015flad\u0131. K\u0259nd stadionunun b\u0259rpas\u0131na s\u0259kkiz y\u00fcz manat pul x\u0259rcl\u0259nib. Lakin orada oynayan yoxdur. Stadionun yan-y\u00f6r\u0259sind\u0259 ya\u015fayan adamlara s\u00f6z vermi\u015f\u0259m ki, ora arteziandan su da \u00e7\u0259k\u0259c\u0259y\u0259m\u201d.\n<\/p>\n<figure class=\"wp-block-image size-large\">\n  <img decoding=\"async\" src=\"https:\/\/www.meydan.tv\/az\/image_from_ios-5-jpg-121\/\" alt=\"image_from_ios (5).jpg\" class=\"wp-image-148112\"\/><figcaption>\n    &#8220;Art\u0131q d\u00f6rd-be\u015f g\u00fcnd\u00fcr bulaqdan su g\u0259lmir&#8221;<br \/>\n  <\/figcaption><\/figure>\n<p>\n  B\u0259l\u0259diyy\u0259 s\u0259drinin s\u00f6zl\u0259rin\u0259 g\u00f6r\u0259, Bostan\u00e7\u0131 su imkanlar\u0131na g\u00f6r\u0259 \u0259traf k\u0259ndl\u0259rd\u0259n daha yax\u015f\u0131 v\u0259ziyy\u0259td\u0259dir:\n<\/p>\n<p>\n  \u201cBunlar ist\u0259yirl\u0259r ki, h\u0259r bir k\u00fc\u00e7\u0259y\u0259 su \u00e7\u0259kilsin. K\u0259ndimizin m\u00fcxt\u0259lif yerl\u0259rind\u0259 d\u00f6rd artezian var. \u0130nsanlar h\u0259min su il\u0259 h\u0259y\u0259tyan\u0131 sah\u0259l\u0259rini, pay torpaqlar\u0131n\u0131 suvar\u0131r. H\u0259min artezianlardan k\u0259nd\u0259 h\u0259r ev\u0259 su \u00e7\u0259ks\u0259k, camaat pay torpaqlar\u0131nda \u0259kin i\u015fl\u0259ri apara, mal-qaras\u0131na suvara bilm\u0259y\u0259c\u0259k. D\u00f6vl\u0259td\u0259n b\u0259l\u0259diyy\u0259y\u0259 il \u0259rzind\u0259 iki min y\u00fcz \u0259lli manat ayr\u0131l\u0131r. Bununla da \u00e7ox i\u015f g\u00f6rm\u0259k olmur. Camaatdan vergi y\u0131\u011f\u0131b, abadla\u015fd\u0131rma i\u015fl\u0259ri apar\u0131r\u0131q. Bir hektar sah\u0259y\u0259 g\u00f6r\u0259 be\u015f manat otuz d\u00f6rd q\u0259pik pul \u00f6d\u0259nilm\u0259lidir. Lakin \u00e7ox vaxt insanlar vergini \u00f6d\u0259m\u0259kd\u0259n boyun qa\u00e7\u0131r\u0131r. El\u0259 adam var ki, b\u0259l\u0259diyy\u0259 yaranan g\u00fcnd\u0259n indiy\u0259 q\u0259d\u0259r vergi verm\u0259yib. Haz\u0131rda k\u0259ndin b\u0259l\u0259diyy\u0259y\u0259 on s\u0259kkiz min manat \u00f6d\u0259nil\u0259si vergi borcu var. B\u0259l\u0259diyy\u0259d\u0259n \u015fikay\u0259t ed\u0259n Osman \u0130mamov \u00f6z\u00fc doqquz ildir vergi \u00f6d\u0259mir. Vergi vaxtl\u0131-vaxt\u0131nda \u00f6d\u0259ns\u0259, biz d\u0259 abadla\u015fd\u0131rma i\u015fl\u0259ri aparar\u0131q. \u015e\u0259hidl\u0259r Xiyaban\u0131nda apar\u0131lan quruculuq i\u015fl\u0259ri art\u0131q yekunla\u015f\u0131b. Bu yax\u0131nlarda ba\u015f\u00e7\u0131n\u0131n i\u015ftirak\u0131 il\u0259 a\u00e7\u0131l\u0131\u015f m\u0259rasimi olacaq. Bundan ba\u015fqa, D\u0259d\u0259lli-Bostan\u00e7\u0131 yolu ac\u0131nacaql\u0131 durumda idi. Min alt\u0131 y\u00fcz manat x\u0259rcl\u0259y\u0259r\u0259k, h\u0259min yolu ab\u0131rl\u0131 bir v\u0259ziyy\u0259t\u0259 g\u0259tirmi\u015fik. K\u0259ndin m\u0259rk\u0259zi k\u00fc\u00e7\u0259si bir az yarars\u0131z v\u0259ziyy\u0259td\u0259dir. Ba\u015f\u00e7\u0131m\u0131z k\u0259nd\u0259 g\u0259l\u0259nd\u0259 m\u0259n\u0259 demi\u015fdi ki, k\u00fc\u00e7\u0259y\u0259 d\u0259 \u0259l g\u0259zdir\u0259rs\u0259n. Bu h\u0259ft\u0259nin sonu k\u0259ndin i\u00e7\u0259ri yollar\u0131na da\u015f t\u00f6k\u00fcl\u0259c\u0259k. Bu i\u015fl\u0259ri bird\u0259n-bir\u0259 g\u00f6rm\u0259k m\u00fcmk\u00fcn deyil.\n<\/p>\n<p>\n  K\u0259ndin \u00f6r\u00fc\u015f torpaqlar\u0131na g\u0259linc\u0259, 65 hektar \u00f6r\u00fc\u015f sah\u0259si p\u0259rak\u0259nd\u0259 haldad\u0131r. H\u0259min torpa\u011f\u0131n 15 sotunu el\u0259 Osman \u0130mamovun atas\u0131 z\u0259bt ed\u0259r\u0259k, h\u0259y\u0259tyan\u0131 sah\u0259sin\u0259 qat\u0131b, \u00f6z\u00fcn\u0259 ba\u011f sal\u0131b. Onun atas\u0131 b\u0259l\u0259diyy\u0259nin iki y\u00fcz kvadrata yax\u0131n yerini z\u0259bt ed\u0259r\u0259k, \u00f6z\u00fcn\u0259 i\u00e7timai ia\u015f\u0259 obyekti tikib. \u00d6zl\u0259ri qanunsuz olaraq d\u00f6vl\u0259tin i\u015f\u0131\u011f\u0131n\u0131 istifad\u0259 edirl\u0259r, obyekt i\u015fl\u0259dirl\u0259r. Onun atas\u0131 x\u0259st\u0259 adam oldu\u011fu \u00fc\u00e7\u00fcn dill\u0259nmir\u0259m\u201d.\n<\/p>\n<p>\n  Osman \u0130mamov b\u0259l\u0259diyy\u0259 s\u0259drinin dedikl\u0259rin\u0259 bel\u0259 cavabland\u0131r\u0131b: \u201cM\u0259n faktlarla dan\u0131\u015f\u0131ram. Onun da dediyinin fakt\u0131 varsa, qoysun ortaya\u201d.\n<\/p>\n<figure class=\"wp-block-image size-large\">\n  <img decoding=\"async\" src=\"https:\/\/www.meydan.tv\/az\/image_from_ios-2-jpg-174\/\" alt=\"image_from_ios (2).jpg\" class=\"wp-image-148097\"\/><figcaption>\n    &#8220;El\u0259 adam var ki, b\u0259l\u0259diyy\u0259 yaranan g\u00fcnd\u0259n indiy\u0259 q\u0259d\u0259r vergi verm\u0259yib&#8221;<br \/>\n  <\/figcaption><\/figure>\n<figure class=\"wp-block-image size-large\">\n  <img decoding=\"async\" src=\"https:\/\/www.meydan.tv\/az\/image_from_ios-8-jpg-45\/\" alt=\"image_from_ios (8).jpg\" class=\"wp-image-148118\"\/><figcaption>\n    B\u0259l\u0259diyy\u0259 s\u0259drinin s\u00f6zl\u0259rin\u0259 g\u00f6r\u0259, Bostan\u00e7\u0131 su imkanlar\u0131na g\u00f6r\u0259 \u0259traf k\u0259ndl\u0259rd\u0259n daha yax\u015f\u0131 v\u0259ziyy\u0259td\u0259dir<br \/>\n  <\/figcaption><\/figure>\n","protected":false},"excerpt":{"rendered":"<p>&#8220;Bir hektar sah\u0259y\u0259 g\u00f6r\u0259 be\u015f manat otuz d\u00f6rd q\u0259pik pul \u00f6d\u0259nilm\u0259lidir&#8221;<\/p>\n","protected":false},"author":11,"featured_media":148109,"comment_status":"closed","ping_status":"open","sticky":false,"template":"","format":"standard","meta":{"_acf_changed":false,"_sitemap_exclude":false,"_sitemap_priority":"","_sitemap_frequency":"","footnotes":""},"categories":[60],"tags":[],"class_list":["post-202520","post","type-post","status-publish","format-standard","has-post-thumbnail","hentry","category-bolge","infinite-scroll-item","generate-columns","tablet-grid-50","mobile-grid-100","grid-parent","grid-33","no-featured-image-padding"],"acf":[],"yoast_head":"<!-- This site is optimized with the Yoast SEO plugin v27.5 - https:\/\/yoast.com\/product\/yoast-seo-wordpress\/ -->\n<title>Bostan\u00e7\u0131 sakini: \u0130cra ba\u015f\u00e7\u0131s\u0131ndan xahi\u015f edir\u0259m, g\u0259lib \u00f6r\u00fc\u015f sah\u0259sini biz\u0259 g\u00f6st\u0259rsin - MEYDAN.TV<\/title>\n<meta name=\"robots\" content=\"index, follow, max-snippet:-1, max-image-preview:large, max-video-preview:-1\" \/>\n<link rel=\"canonical\" href=\"https:\/\/www.meydan.tv\/az\/article\/bostanci-sakini-icra-bascisindan-xahis-edirem-gelib-orus-sahesini-bize-gostersin\/\" \/>\n<meta property=\"og:locale\" content=\"az_AZ\" \/>\n<meta property=\"og:type\" content=\"article\" \/>\n<meta property=\"og:title\" content=\"Bostan\u00e7\u0131 sakini: \u0130cra ba\u015f\u00e7\u0131s\u0131ndan xahi\u015f edir\u0259m, g\u0259lib \u00f6r\u00fc\u015f sah\u0259sini biz\u0259 g\u00f6st\u0259rsin - MEYDAN.TV\" \/>\n<meta property=\"og:description\" content=\"&quot;Bir hektar sah\u0259y\u0259 g\u00f6r\u0259 be\u015f manat otuz d\u00f6rd q\u0259pik pul \u00f6d\u0259nilm\u0259lidir&quot;\" \/>\n<meta property=\"og:url\" content=\"https:\/\/www.meydan.tv\/az\/article\/bostanci-sakini-icra-bascisindan-xahis-edirem-gelib-orus-sahesini-bize-gostersin\/\" \/>\n<meta property=\"og:site_name\" content=\"MEYDAN.TV\" \/>\n<meta property=\"article:published_time\" content=\"2020-09-19T14:16:46+00:00\" \/>\n<meta property=\"og:image\" content=\"https:\/\/www.meydan.tv\/wp-content\/uploads\/image_from_ios_6_asqjuis-rotated.jpg\" \/>\n\t<meta property=\"og:image:width\" content=\"1280\" \/>\n\t<meta property=\"og:image:height\" content=\"640\" \/>\n\t<meta property=\"og:image:type\" content=\"image\/jpeg\" \/>\n<meta name=\"author\" content=\"user-manager\" \/>\n<meta name=\"twitter:card\" content=\"summary_large_image\" \/>\n<script type=\"application\/ld+json\" class=\"yoast-schema-graph\">{\"@context\":\"https:\\\/\\\/schema.org\",\"@graph\":[{\"@type\":\"Article\",\"@id\":\"https:\\\/\\\/www.meydan.tv\\\/az\\\/article\\\/bostanci-sakini-icra-bascisindan-xahis-edirem-gelib-orus-sahesini-bize-gostersin\\\/#article\",\"isPartOf\":{\"@id\":\"https:\\\/\\\/www.meydan.tv\\\/az\\\/article\\\/bostanci-sakini-icra-bascisindan-xahis-edirem-gelib-orus-sahesini-bize-gostersin\\\/\"},\"author\":{\"name\":\"user-manager\",\"@id\":\"https:\\\/\\\/www.meydan.tv\\\/az\\\/#\\\/schema\\\/person\\\/10d11eccf6da3662cf5fdab9806ea91a\"},\"headline\":\"Bostan\u00e7\u0131 sakini: \u0130cra ba\u015f\u00e7\u0131s\u0131ndan xahi\u015f edir\u0259m, g\u0259lib \u00f6r\u00fc\u015f sah\u0259sini biz\u0259 g\u00f6st\u0259rsin\",\"datePublished\":\"2020-09-19T14:16:46+00:00\",\"mainEntityOfPage\":{\"@id\":\"https:\\\/\\\/www.meydan.tv\\\/az\\\/article\\\/bostanci-sakini-icra-bascisindan-xahis-edirem-gelib-orus-sahesini-bize-gostersin\\\/\"},\"wordCount\":1411,\"publisher\":{\"@id\":\"https:\\\/\\\/www.meydan.tv\\\/az\\\/#organization\"},\"image\":{\"@id\":\"https:\\\/\\\/www.meydan.tv\\\/az\\\/article\\\/bostanci-sakini-icra-bascisindan-xahis-edirem-gelib-orus-sahesini-bize-gostersin\\\/#primaryimage\"},\"thumbnailUrl\":\"https:\\\/\\\/www.meydan.tv\\\/wp-content\\\/uploads\\\/image_from_ios_6_asqjuis-rotated.jpg\",\"articleSection\":[\"B\u00f6lg\u0259\"],\"inLanguage\":\"az\"},{\"@type\":\"WebPage\",\"@id\":\"https:\\\/\\\/www.meydan.tv\\\/az\\\/article\\\/bostanci-sakini-icra-bascisindan-xahis-edirem-gelib-orus-sahesini-bize-gostersin\\\/\",\"url\":\"https:\\\/\\\/www.meydan.tv\\\/az\\\/article\\\/bostanci-sakini-icra-bascisindan-xahis-edirem-gelib-orus-sahesini-bize-gostersin\\\/\",\"name\":\"Bostan\u00e7\u0131 sakini: \u0130cra ba\u015f\u00e7\u0131s\u0131ndan xahi\u015f edir\u0259m, g\u0259lib \u00f6r\u00fc\u015f sah\u0259sini biz\u0259 g\u00f6st\u0259rsin - MEYDAN.TV\",\"isPartOf\":{\"@id\":\"https:\\\/\\\/www.meydan.tv\\\/az\\\/#website\"},\"primaryImageOfPage\":{\"@id\":\"https:\\\/\\\/www.meydan.tv\\\/az\\\/article\\\/bostanci-sakini-icra-bascisindan-xahis-edirem-gelib-orus-sahesini-bize-gostersin\\\/#primaryimage\"},\"image\":{\"@id\":\"https:\\\/\\\/www.meydan.tv\\\/az\\\/article\\\/bostanci-sakini-icra-bascisindan-xahis-edirem-gelib-orus-sahesini-bize-gostersin\\\/#primaryimage\"},\"thumbnailUrl\":\"https:\\\/\\\/www.meydan.tv\\\/wp-content\\\/uploads\\\/image_from_ios_6_asqjuis-rotated.jpg\",\"datePublished\":\"2020-09-19T14:16:46+00:00\",\"breadcrumb\":{\"@id\":\"https:\\\/\\\/www.meydan.tv\\\/az\\\/article\\\/bostanci-sakini-icra-bascisindan-xahis-edirem-gelib-orus-sahesini-bize-gostersin\\\/#breadcrumb\"},\"inLanguage\":\"az\",\"potentialAction\":[{\"@type\":\"ReadAction\",\"target\":[\"https:\\\/\\\/www.meydan.tv\\\/az\\\/article\\\/bostanci-sakini-icra-bascisindan-xahis-edirem-gelib-orus-sahesini-bize-gostersin\\\/\"]}]},{\"@type\":\"ImageObject\",\"inLanguage\":\"az\",\"@id\":\"https:\\\/\\\/www.meydan.tv\\\/az\\\/article\\\/bostanci-sakini-icra-bascisindan-xahis-edirem-gelib-orus-sahesini-bize-gostersin\\\/#primaryimage\",\"url\":\"https:\\\/\\\/www.meydan.tv\\\/wp-content\\\/uploads\\\/image_from_ios_6_asqjuis-rotated.jpg\",\"contentUrl\":\"https:\\\/\\\/www.meydan.tv\\\/wp-content\\\/uploads\\\/image_from_ios_6_asqjuis-rotated.jpg\",\"width\":1280,\"height\":640,\"caption\":\"Source: Specify Source\"},{\"@type\":\"BreadcrumbList\",\"@id\":\"https:\\\/\\\/www.meydan.tv\\\/az\\\/article\\\/bostanci-sakini-icra-bascisindan-xahis-edirem-gelib-orus-sahesini-bize-gostersin\\\/#breadcrumb\",\"itemListElement\":[{\"@type\":\"ListItem\",\"position\":1,\"name\":\"Ana s\u0259hif\u0259\",\"item\":\"https:\\\/\\\/www.meydan.tv\\\/az\\\/\"},{\"@type\":\"ListItem\",\"position\":2,\"name\":\"B\u00f6lg\u0259\",\"item\":\"https:\\\/\\\/www.meydan.tv\\\/az\\\/section\\\/bolge\\\/\"},{\"@type\":\"ListItem\",\"position\":3,\"name\":\"Bostan\u00e7\u0131 sakini: \u0130cra ba\u015f\u00e7\u0131s\u0131ndan xahi\u015f edir\u0259m, g\u0259lib \u00f6r\u00fc\u015f sah\u0259sini biz\u0259 g\u00f6st\u0259rsin\"}]},{\"@type\":\"WebSite\",\"@id\":\"https:\\\/\\\/www.meydan.tv\\\/az\\\/#website\",\"url\":\"https:\\\/\\\/www.meydan.tv\\\/az\\\/\",\"name\":\"MEYDAN.TV\",\"description\":\"Meydan TV Az\u0259rbaycan\u0131n media m\u0259kan\u0131ndak\u0131 alternativ s\u0259sidir\",\"publisher\":{\"@id\":\"https:\\\/\\\/www.meydan.tv\\\/az\\\/#organization\"},\"potentialAction\":[{\"@type\":\"SearchAction\",\"target\":{\"@type\":\"EntryPoint\",\"urlTemplate\":\"https:\\\/\\\/www.meydan.tv\\\/az\\\/?s={search_term_string}\"},\"query-input\":{\"@type\":\"PropertyValueSpecification\",\"valueRequired\":true,\"valueName\":\"search_term_string\"}}],\"inLanguage\":\"az\"},{\"@type\":\"Organization\",\"@id\":\"https:\\\/\\\/www.meydan.tv\\\/az\\\/#organization\",\"name\":\"Meydan TV\",\"url\":\"https:\\\/\\\/www.meydan.tv\\\/az\\\/\",\"logo\":{\"@type\":\"ImageObject\",\"inLanguage\":\"az\",\"@id\":\"https:\\\/\\\/www.meydan.tv\\\/az\\\/#\\\/schema\\\/logo\\\/image\\\/\",\"url\":\"https:\\\/\\\/www.meydan.tv\\\/wp-content\\\/uploads\\\/2021\\\/07\\\/meydan-logo.svg\",\"contentUrl\":\"https:\\\/\\\/www.meydan.tv\\\/wp-content\\\/uploads\\\/2021\\\/07\\\/meydan-logo.svg\",\"width\":195,\"height\":46,\"caption\":\"Meydan TV\"},\"image\":{\"@id\":\"https:\\\/\\\/www.meydan.tv\\\/az\\\/#\\\/schema\\\/logo\\\/image\\\/\"}},{\"@type\":\"Person\",\"@id\":\"https:\\\/\\\/www.meydan.tv\\\/az\\\/#\\\/schema\\\/person\\\/10d11eccf6da3662cf5fdab9806ea91a\",\"name\":\"user-manager\"}]}<\/script>\n<!-- \/ Yoast SEO plugin. -->","yoast_head_json":{"title":"Bostan\u00e7\u0131 sakini: \u0130cra ba\u015f\u00e7\u0131s\u0131ndan xahi\u015f edir\u0259m, g\u0259lib \u00f6r\u00fc\u015f sah\u0259sini biz\u0259 g\u00f6st\u0259rsin - MEYDAN.TV","robots":{"index":"index","follow":"follow","max-snippet":"max-snippet:-1","max-image-preview":"max-image-preview:large","max-video-preview":"max-video-preview:-1"},"canonical":"https:\/\/www.meydan.tv\/az\/article\/bostanci-sakini-icra-bascisindan-xahis-edirem-gelib-orus-sahesini-bize-gostersin\/","og_locale":"az_AZ","og_type":"article","og_title":"Bostan\u00e7\u0131 sakini: \u0130cra ba\u015f\u00e7\u0131s\u0131ndan xahi\u015f edir\u0259m, g\u0259lib \u00f6r\u00fc\u015f sah\u0259sini biz\u0259 g\u00f6st\u0259rsin - MEYDAN.TV","og_description":"\"Bir hektar sah\u0259y\u0259 g\u00f6r\u0259 be\u015f manat otuz d\u00f6rd q\u0259pik pul \u00f6d\u0259nilm\u0259lidir\"","og_url":"https:\/\/www.meydan.tv\/az\/article\/bostanci-sakini-icra-bascisindan-xahis-edirem-gelib-orus-sahesini-bize-gostersin\/","og_site_name":"MEYDAN.TV","article_published_time":"2020-09-19T14:16:46+00:00","og_image":[{"width":1280,"height":640,"url":"https:\/\/www.meydan.tv\/wp-content\/uploads\/image_from_ios_6_asqjuis-rotated.jpg","type":"image\/jpeg"}],"author":"user-manager","twitter_card":"summary_large_image","schema":{"@context":"https:\/\/schema.org","@graph":[{"@type":"Article","@id":"https:\/\/www.meydan.tv\/az\/article\/bostanci-sakini-icra-bascisindan-xahis-edirem-gelib-orus-sahesini-bize-gostersin\/#article","isPartOf":{"@id":"https:\/\/www.meydan.tv\/az\/article\/bostanci-sakini-icra-bascisindan-xahis-edirem-gelib-orus-sahesini-bize-gostersin\/"},"author":{"name":"user-manager","@id":"https:\/\/www.meydan.tv\/az\/#\/schema\/person\/10d11eccf6da3662cf5fdab9806ea91a"},"headline":"Bostan\u00e7\u0131 sakini: \u0130cra ba\u015f\u00e7\u0131s\u0131ndan xahi\u015f edir\u0259m, g\u0259lib \u00f6r\u00fc\u015f sah\u0259sini biz\u0259 g\u00f6st\u0259rsin","datePublished":"2020-09-19T14:16:46+00:00","mainEntityOfPage":{"@id":"https:\/\/www.meydan.tv\/az\/article\/bostanci-sakini-icra-bascisindan-xahis-edirem-gelib-orus-sahesini-bize-gostersin\/"},"wordCount":1411,"publisher":{"@id":"https:\/\/www.meydan.tv\/az\/#organization"},"image":{"@id":"https:\/\/www.meydan.tv\/az\/article\/bostanci-sakini-icra-bascisindan-xahis-edirem-gelib-orus-sahesini-bize-gostersin\/#primaryimage"},"thumbnailUrl":"https:\/\/www.meydan.tv\/wp-content\/uploads\/image_from_ios_6_asqjuis-rotated.jpg","articleSection":["B\u00f6lg\u0259"],"inLanguage":"az"},{"@type":"WebPage","@id":"https:\/\/www.meydan.tv\/az\/article\/bostanci-sakini-icra-bascisindan-xahis-edirem-gelib-orus-sahesini-bize-gostersin\/","url":"https:\/\/www.meydan.tv\/az\/article\/bostanci-sakini-icra-bascisindan-xahis-edirem-gelib-orus-sahesini-bize-gostersin\/","name":"Bostan\u00e7\u0131 sakini: \u0130cra ba\u015f\u00e7\u0131s\u0131ndan xahi\u015f edir\u0259m, g\u0259lib \u00f6r\u00fc\u015f sah\u0259sini biz\u0259 g\u00f6st\u0259rsin - MEYDAN.TV","isPartOf":{"@id":"https:\/\/www.meydan.tv\/az\/#website"},"primaryImageOfPage":{"@id":"https:\/\/www.meydan.tv\/az\/article\/bostanci-sakini-icra-bascisindan-xahis-edirem-gelib-orus-sahesini-bize-gostersin\/#primaryimage"},"image":{"@id":"https:\/\/www.meydan.tv\/az\/article\/bostanci-sakini-icra-bascisindan-xahis-edirem-gelib-orus-sahesini-bize-gostersin\/#primaryimage"},"thumbnailUrl":"https:\/\/www.meydan.tv\/wp-content\/uploads\/image_from_ios_6_asqjuis-rotated.jpg","datePublished":"2020-09-19T14:16:46+00:00","breadcrumb":{"@id":"https:\/\/www.meydan.tv\/az\/article\/bostanci-sakini-icra-bascisindan-xahis-edirem-gelib-orus-sahesini-bize-gostersin\/#breadcrumb"},"inLanguage":"az","potentialAction":[{"@type":"ReadAction","target":["https:\/\/www.meydan.tv\/az\/article\/bostanci-sakini-icra-bascisindan-xahis-edirem-gelib-orus-sahesini-bize-gostersin\/"]}]},{"@type":"ImageObject","inLanguage":"az","@id":"https:\/\/www.meydan.tv\/az\/article\/bostanci-sakini-icra-bascisindan-xahis-edirem-gelib-orus-sahesini-bize-gostersin\/#primaryimage","url":"https:\/\/www.meydan.tv\/wp-content\/uploads\/image_from_ios_6_asqjuis-rotated.jpg","contentUrl":"https:\/\/www.meydan.tv\/wp-content\/uploads\/image_from_ios_6_asqjuis-rotated.jpg","width":1280,"height":640,"caption":"Source: Specify Source"},{"@type":"BreadcrumbList","@id":"https:\/\/www.meydan.tv\/az\/article\/bostanci-sakini-icra-bascisindan-xahis-edirem-gelib-orus-sahesini-bize-gostersin\/#breadcrumb","itemListElement":[{"@type":"ListItem","position":1,"name":"Ana s\u0259hif\u0259","item":"https:\/\/www.meydan.tv\/az\/"},{"@type":"ListItem","position":2,"name":"B\u00f6lg\u0259","item":"https:\/\/www.meydan.tv\/az\/section\/bolge\/"},{"@type":"ListItem","position":3,"name":"Bostan\u00e7\u0131 sakini: \u0130cra ba\u015f\u00e7\u0131s\u0131ndan xahi\u015f edir\u0259m, g\u0259lib \u00f6r\u00fc\u015f sah\u0259sini biz\u0259 g\u00f6st\u0259rsin"}]},{"@type":"WebSite","@id":"https:\/\/www.meydan.tv\/az\/#website","url":"https:\/\/www.meydan.tv\/az\/","name":"MEYDAN.TV","description":"Meydan TV Az\u0259rbaycan\u0131n media m\u0259kan\u0131ndak\u0131 alternativ s\u0259sidir","publisher":{"@id":"https:\/\/www.meydan.tv\/az\/#organization"},"potentialAction":[{"@type":"SearchAction","target":{"@type":"EntryPoint","urlTemplate":"https:\/\/www.meydan.tv\/az\/?s={search_term_string}"},"query-input":{"@type":"PropertyValueSpecification","valueRequired":true,"valueName":"search_term_string"}}],"inLanguage":"az"},{"@type":"Organization","@id":"https:\/\/www.meydan.tv\/az\/#organization","name":"Meydan TV","url":"https:\/\/www.meydan.tv\/az\/","logo":{"@type":"ImageObject","inLanguage":"az","@id":"https:\/\/www.meydan.tv\/az\/#\/schema\/logo\/image\/","url":"https:\/\/www.meydan.tv\/wp-content\/uploads\/2021\/07\/meydan-logo.svg","contentUrl":"https:\/\/www.meydan.tv\/wp-content\/uploads\/2021\/07\/meydan-logo.svg","width":195,"height":46,"caption":"Meydan TV"},"image":{"@id":"https:\/\/www.meydan.tv\/az\/#\/schema\/logo\/image\/"}},{"@type":"Person","@id":"https:\/\/www.meydan.tv\/az\/#\/schema\/person\/10d11eccf6da3662cf5fdab9806ea91a","name":"user-manager"}]}},"_links":{"self":[{"href":"https:\/\/www.meydan.tv\/az\/wp-json\/wp\/v2\/posts\/202520","targetHints":{"allow":["GET"]}}],"collection":[{"href":"https:\/\/www.meydan.tv\/az\/wp-json\/wp\/v2\/posts"}],"about":[{"href":"https:\/\/www.meydan.tv\/az\/wp-json\/wp\/v2\/types\/post"}],"author":[{"embeddable":true,"href":"https:\/\/www.meydan.tv\/az\/wp-json\/wp\/v2\/users\/11"}],"replies":[{"embeddable":true,"href":"https:\/\/www.meydan.tv\/az\/wp-json\/wp\/v2\/comments?post=202520"}],"version-history":[{"count":0,"href":"https:\/\/www.meydan.tv\/az\/wp-json\/wp\/v2\/posts\/202520\/revisions"}],"wp:featuredmedia":[{"embeddable":true,"href":"https:\/\/www.meydan.tv\/az\/wp-json\/wp\/v2\/media\/148109"}],"wp:attachment":[{"href":"https:\/\/www.meydan.tv\/az\/wp-json\/wp\/v2\/media?parent=202520"}],"wp:term":[{"taxonomy":"category","embeddable":true,"href":"https:\/\/www.meydan.tv\/az\/wp-json\/wp\/v2\/categories?post=202520"},{"taxonomy":"post_tag","embeddable":true,"href":"https:\/\/www.meydan.tv\/az\/wp-json\/wp\/v2\/tags?post=202520"}],"curies":[{"name":"wp","href":"https:\/\/api.w.org\/{rel}","templated":true}]}}