{"id":202502,"date":"2020-09-18T12:44:57","date_gmt":"2020-09-18T12:44:57","guid":{"rendered":"https:\/\/www.meydan.tv\/article\/tenha-yasayan-qadin-umidim-ilham-eliyevedir\/"},"modified":"2020-09-18T12:44:57","modified_gmt":"2020-09-18T12:44:57","slug":"tenha-yasayan-qadin-umidim-ilham-eliyevedir","status":"publish","type":"post","link":"https:\/\/www.meydan.tv\/az\/article\/tenha-yasayan-qadin-umidim-ilham-eliyevedir\/","title":{"rendered":"T\u0259nha ya\u015fayan qad\u0131n: \u00dcmidim \u0130lham \u018fliyev\u0259dir"},"content":{"rendered":"<p>\n  <i><br \/>\n    \u201c\u0130cra hakimiyy\u0259ti deyir, t\u0259bii f\u0259lak\u0259td\u0259n q\u0259zal\u0131 v\u0259ziyy\u0259t\u0259 d\u00fc\u015f\u0259n evini \u00f6z\u00fcn d\u00fcz\u0259ltm\u0259lis\u0259n\u201d<br \/>\n  <\/i>\n<\/p>\n<p>\n  \u201cBu q\u0131\u015fdan salamat \u00e7\u0131xacam, ya yox, bilmir\u0259m. H\u0259r g\u00fcn \u00fcmidim k\u0259silir. \u00d6lm\u0259kd\u0259n qorxmuram, bu ya\u015fda da\u015f-k\u0259s\u0259yin alt\u0131nda qalmaqdan, o d\u0259h\u015f\u0259ti ya\u015famaqdand\u0131r qorxum&#8230;\u201d\n<\/p>\n<p>\n  \u0130smay\u0131ll\u0131n\u0131n Basqal q\u0259s\u0259b\u0259sind\u0259 ya\u015fayan 75 ya\u015fl\u0131 \u018fsm\u0259r Abbasovan\u0131 bel\u0259 \u00fcmidsizl\u0259\u015fdir\u0259n q\u0259zal\u0131 eviyl\u0259 ba\u011fl\u0131 aidiyy\u0259ti qurumlara yazd\u0131\u011f\u0131 m\u0259ktublar\u0131n cavabs\u0131z qalmas\u0131d\u0131r.\n<\/p>\n<p>\n  \u0130ki il \u0259vv\u0259l ba\u015f vermi\u015f z\u0259lz\u0259l\u0259 n\u0259tic\u0259sind\u0259 \u018fsm\u0259r Abbasovan\u0131n evi q\u0259zal\u0131 v\u0259ziyy\u0259t\u0259 d\u00fc\u015f\u00fcb. O, iki il \u0259rzind\u0259 \u0130smay\u0131ll\u0131 Rayon \u0130cra Hakimiyy\u0259tin\u0259, F\u00f6vq\u0259lad\u0259 Hallar Komissiyas\u0131na, \u00f6lk\u0259 ba\u015f\u00e7\u0131s\u0131na, vitse-prezident\u0259 m\u00fcraci\u0259tl\u0259r edib. H\u0259r d\u0259f\u0259 bir b\u0259han\u0259 g\u0259tirilib. Deyir, rayon m\u0259rk\u0259zinin abadl\u0131q i\u015fl\u0259rin\u0259 milyonlarla v\u0259sait ayr\u0131l\u0131r, sad\u0259 v\u0259t\u0259nda\u015flar\u0131n t\u0259bii f\u0259lak\u0259td\u0259n da\u011f\u0131lan ev-e\u015fikl\u0259rin\u0259 is\u0259 \u0259l g\u0259zdir\u0259n yoxdur.\n<\/p>\n<p>\n  <b><br \/>\n    \u201cDedil\u0259r, zirz\u0259miy\u0259 girm\u0259, qorxuludur\u201d<br \/>\n  <\/b>\n<\/p>\n<p>\n  \u201cZ\u0259lz\u0259l\u0259d\u0259n sonra birc\u0259 d\u0259f\u0259 g\u0259ldil\u0259r, ev\u0259 bax\u0131\u015f ke\u00e7irdil\u0259r, ged\u0259nd\u0259 dedil\u0259r, n\u0259n\u0259, zirz\u0259miy\u0259 girm\u0259, qorxuludur, da\u011f\u0131lar, qalarsan alt\u0131nda&#8230; El\u0259 bunu deyib getdil\u0259r, sonra n\u0259n\u0259ni yada salmad\u0131lar. Evin dam \u00f6rt\u00fcy\u00fc g\u00fcnb\u0259g\u00fcn a\u015fa\u011f\u0131 yat\u0131r. D\u00f6\u015f\u0259m\u0259d\u0259 qorxa-qorxa yeriyir\u0259m\u201d.\n<\/p>\n<p>\n  Qad\u0131n t\u0259k ya\u015fay\u0131r. Ail\u0259si, \u00f6vlad\u0131 yoxdur. Onu qorxudan h\u0259m d\u0259 budur ki, qalar da\u015f-k\u0259s\u0259yin alt\u0131nda, x\u0259b\u0259r tutan\u0131 da olmaz. \u018fsm\u0259r xan\u0131m s\u00f6z\u00fcn\u0259 davam edir:\n<\/p>\n<p>\n  \u201cS\u0259ks\u0259k\u0259 i\u00e7\u0259risind\u0259 ya\u015fay\u0131ram. \u018fsas da gec\u0259l\u0259ri qorxuram. H\u0259r gec\u0259 yatmam\u0131\u015fdan Allaha yalvar\u0131ram, deyir\u0259m, m\u0259ni bu gec\u0259d\u0259n d\u0259 salamat \u00e7\u0131xar, da\u015f\u0131n-k\u0259s\u0259yin alt\u0131nda qalmay\u0131m. Qorxuram, bu ev \u00fcst\u00fcm\u0259 da\u011f\u0131lsa, s\u00fcm\u00fcy\u00fcm d\u0259 \u0259l\u0259 g\u0259lm\u0259z. Bel\u0259 d\u0259h\u015f\u0259tli \u00f6l\u00fcm ya\u015famaq ist\u0259mir\u0259m\u201d.\n<\/p>\n<p>\n  <b><br \/>\n    \u201cG\u00fcman\u0131m \u00f6lk\u0259 ba\u015f\u00e7\u0131s\u0131nad\u0131r\u201d<br \/>\n  <\/b>\n<\/p>\n<p>\n  \u018fsm\u0259r Abbasovan\u0131n \u0130smay\u0131ll\u0131 Rayon \u0130cra Hakimiyy\u0259tinin ba\u015f\u00e7\u0131s\u0131na v\u0259 aidiyy\u0259ti \u00fczr\u0259 ba\u015fqa qurumlara, Prezident\u0259, vitse-prezident\u0259 says\u0131z-hesabs\u0131z m\u0259ktub v\u0259 teleqramlar\u0131 var. Ancaq bu m\u0259ktub v\u0259 teleqramlar\u0131n bir qismin\u0259 g\u0259l\u0259n cavabda \u00fcmidverici he\u00e7 n\u0259 yoxdur, bir qismi is\u0259 \u00fcmumiyy\u0259tl\u0259, cavabs\u0131z qal\u0131b. \u018fsm\u0259r xan\u0131m deyir, son \u00fcmidi \u00f6lk\u0259 ba\u015f\u00e7\u0131s\u0131 \u0130lham \u018fliyev\u0259dir:\n<\/p>\n<p>\n  \u201cG\u00fcman\u0131m birc\u0259 \u00f6lk\u0259 ba\u015f\u00e7\u0131s\u0131na, bir d\u0259 Mehriban \u018fliyevayad\u0131r. Ald\u0131\u011f\u0131m pensiyayla ev tik\u0259si deyil\u0259m, \u00e7\u00f6r\u0259yim\u0259 d\u0259rman\u0131na zorla \u00e7at\u0131r. Bu ya\u015fdan sonra k\u00fc\u00e7\u0259d\u0259 qalas\u0131 da deyil\u0259m, bunun bir \u00e7ar\u0259si olmal\u0131d\u0131r ax\u0131&#8230; Ne\u00e7\u0259 d\u0259f\u0259 aya\u011f\u0131m d\u00f6\u015f\u0259m\u0259nin taxtalar\u0131n\u0131n aras\u0131na d\u00fc\u015f\u00fcb, a\u011fr\u0131 \u00e7\u0259k\u0259-\u00e7\u0259k\u0259 qalm\u0131\u015fam. De\u015fikl\u0259rd\u0259n ev\u0259 ilan, qurd-qu\u015f girir. Ax\u0131 bu ah\u0131l ya\u015fda m\u0259n bunlar\u0131 niy\u0259 ya\u015famal\u0131yam? Y\u0259ni m\u0259nim daxmam\u0131 \u0259sasl\u0131 t\u0259mir etm\u0259y\u0259 bu boyda h\u00f6kum\u0259td\u0259 pul olmad\u0131?\u201d.\n<\/p>\n<figure class=\"wp-block-image size-large\">\n  <img decoding=\"async\" src=\"https:\/\/www.meydan.tv\/az\/image_from_ios-2-jpg-173\/\" alt=\"image_from_ios (2).jpg\" class=\"wp-image-148049\"\/><figcaption>\n    \u0130smay\u0131ll\u0131 Rayon \u0130cra Hakimiyy\u0259tinin I m\u00fcavini R\u00f6v\u015f\u0259n A\u011fayevin \u018fsm\u0259r Abbasovaya cavab\u0131<br \/>\n  <\/figcaption><\/figure>\n<p>\n  <b><br \/>\n    Qurum yaz\u0131b ki, evi v\u0259t\u0259nda\u015f \u00f6z\u00fc d\u00fcz\u0259ltm\u0259lidir<br \/>\n  <\/b>\n<\/p>\n<p>\n  F\u00f6vq\u0259lad\u0259 Hallar Nazirliyinin Tikintid\u0259 T\u0259hl\u00fck\u0259sizliy\u0259 N\u0259zar\u0259t D\u00f6vl\u0259t Agentliyi \u018fsm\u0259r xan\u0131ma g\u00f6nd\u0259rdiyi 27 avqust 2019-cu il tarixli m\u0259ktubda qeyd edib ki, t\u0259bii f\u0259lak\u0259td\u0259n q\u0259zal\u0131 v\u0259ziyy\u0259t\u0259 d\u00fc\u015fm\u00fc\u015f evl\u0259r\u0259 bax\u0131\u015f ke\u00e7irilm\u0259si \u00fc\u00e7\u00fcn siyah\u0131n\u0131 rayon icra hakimiyy\u0259tl\u0259ri tutub Nazirliy\u0259 t\u0259qdim edir. F\u00f6vq\u0259lad\u0259 Hallar Komissiyas\u0131 da h\u0259min siyah\u0131 \u00fczr\u0259 evl\u0259r\u0259 bax\u0131\u015f ke\u00e7irir. V\u0259t\u0259nda\u015fa t\u00f6vsiy\u0259 edib ki, q\u0259zal\u0131 evinin siyah\u0131ya al\u0131nmas\u0131 \u00fc\u00e7\u00fcn \u0130smay\u0131ll\u0131 Rayon \u0130cra Hakimiyy\u0259tin\u0259 m\u00fcraci\u0259t etsin. Bundan t\u0259xmin\u0259n 20 g\u00fcn sonra eyni qurum v\u0259t\u0259nda\u015fa g\u00f6nd\u0259rdiyi m\u0259ktubda qeyd edib ki, q\u0259zal\u0131 tikilil\u0259r\u0259 icra hakimiyy\u0259tl\u0259rinin t\u0259qdim etdiyi siyah\u0131lar \u0259sas\u0131nda bax\u0131\u015f ke\u00e7irilib v\u0259 bu proses yekunla\u015fd\u0131\u011f\u0131 \u00fc\u00e7\u00fcn onun evin\u0259 bax\u0131\u015f ke\u00e7irilm\u0259si m\u00fcmk\u00fcn deyil.\n<\/p>\n<p>\n  \u0130smay\u0131ll\u0131 Rayon \u0130cra Hakimiyy\u0259tind\u0259n Meydan TV-y\u0259 bildirilib ki, F\u00f6vq\u0259lad\u0259 Hallar Komissiyas\u0131n\u0131n \u00fczvl\u0259ri \u018fsm\u0259r Abbasovan\u0131n evin\u0259 bax\u0131\u015f ke\u00e7iribl\u0259r, ancaq tikilinin k\u00f6hn\u0259 oldu\u011funu m\u00fc\u0259yy\u0259n edibl\u0259r, tikilid\u0259ki z\u0259d\u0259l\u0259ri z\u0259lz\u0259l\u0259 il\u0259 \u0259laq\u0259l\u0259ndirm\u0259dikl\u0259ri \u00fc\u00e7\u00fcn evd\u0259 b\u0259rpa-t\u0259mir i\u015fl\u0259ri apar\u0131lmay\u0131b. Ancaq bir m\u00fcdd\u0259t \u0259vv\u0259l bu qurumdan 75 ya\u015fl\u0131 \u018fsm\u0259r Abbasovaya g\u0259l\u0259n m\u0259ktubda qeyd olunub ki, M\u0259nzil M\u0259c\u0259ll\u0259sinin 28.1 madd\u0259sin\u0259 (Q\u0259za v\u0259ziyy\u0259tind\u0259 olan m\u0259nzill\u0259rin yenid\u0259n qurulmas\u0131 v\u0259 ya yenid\u0259n planla\u015fd\u0131r\u0131lmas\u0131) g\u00f6r\u0259, m\u0259nzil t\u0259bii f\u0259lak\u0259t, yaxud ba\u015fqa bir s\u0259b\u0259bd\u0259n q\u0259zal\u0131 v\u0259ziyy\u0259t\u0259 d\u00fc\u015f\u0259rs\u0259, v\u0259t\u0259nda\u015f \u00f6z\u00fc t\u0259mir-b\u0259rpa etm\u0259li, ya da yenid\u0259n tikm\u0259lidir. Qurum v\u0259t\u0259nda\u015fa g\u00f6nd\u0259rdiyi h\u0259min cavab m\u0259ktubunda h\u0259m\u00e7inin m\u0259nzilin icbari s\u0131\u011fortalanmas\u0131 m\u0259s\u0259l\u0259sini d\u0259 qeyd edib. Sonda is\u0259 yaz\u0131b ki, evin t\u0259mirin\u0259 icra hakimiyy\u0259tinin maddi k\u00f6m\u0259klik g\u00f6st\u0259rm\u0259si qurumun s\u0259lahiyy\u0259tl\u0259ri v\u0259 imkanlar\u0131 xaricind\u0259dir.\n<\/p>\n<p>\n  \u018fsm\u0259r Abbasovan\u0131 d\u00fc\u015f\u00fcnd\u00fcr\u0259n odur ki, \u0259g\u0259r t\u0259bii f\u0259lak\u0259td\u0259n q\u0259zal\u0131 v\u0259ziyy\u0259t\u0259 d\u00fc\u015fm\u00fc\u015f m\u0259nzili v\u0259t\u0259nda\u015f \u00f6z\u00fc t\u0259mir-b\u0259rpa etm\u0259lidirs\u0259, o zaman t\u0259bii f\u0259lak\u0259tl\u0259r ba\u015f ver\u0259nd\u0259 d\u00f6vl\u0259t b\u00fcdc\u0259sind\u0259n niy\u0259 milyonlarla pul v\u0259saiti ayr\u0131l\u0131r&#8230;\n<\/p>\n<p>\n  <b><br \/>\n    Xat\u0131rlatma&#8230;<br \/>\n  <\/b>\n<\/p>\n<p>\n  5 fevral 2019-cu il tarixd\u0259 \u015eamax\u0131, \u0130smay\u0131ll\u0131 v\u0259 A\u011fsu rayonlar\u0131nda z\u0259lz\u0259l\u0259 ba\u015f verib. 2 g\u00fcn sonra Prezident \u0130lham \u018fliyev bu rayonlarda z\u0259lz\u0259l\u0259d\u0259n z\u0259r\u0259r \u00e7\u0259kmi\u015f evl\u0259rin t\u0259mir-b\u0259rpas\u0131, yenid\u0259n qurulmas\u0131 \u00fc\u00e7\u00fcn ilkin olaraq d\u00f6vl\u0259t b\u00fcdc\u0259sind\u0259n 2 milyon manat ayr\u0131lmas\u0131 bar\u0259d\u0259 S\u0259r\u0259nam imzalay\u0131b. T\u0259mir-b\u0259rpa v\u0259 evl\u0259rin yenid\u0259n qurulmas\u0131na g\u00f6r\u0259 daha sonra da b\u00fcdc\u0259d\u0259n pul v\u0259saitl\u0259ri ayr\u0131l\u0131b.<\/p>\n","protected":false},"excerpt":{"rendered":"<p>Onu qorxudan h\u0259m d\u0259 budur ki, qalar da\u015f-k\u0259s\u0259yin alt\u0131nda, x\u0259b\u0259r tutan\u0131 da olmaz.<\/p>\n","protected":false},"author":11,"featured_media":148046,"comment_status":"closed","ping_status":"open","sticky":false,"template":"","format":"standard","meta":{"_acf_changed":false,"_sitemap_exclude":false,"_sitemap_priority":"","_sitemap_frequency":"","footnotes":""},"categories":[60],"tags":[],"class_list":["post-202502","post","type-post","status-publish","format-standard","has-post-thumbnail","hentry","category-bolge","infinite-scroll-item","generate-columns","tablet-grid-50","mobile-grid-100","grid-parent","grid-33","no-featured-image-padding"],"acf":[],"yoast_head":"<!-- This site is optimized with the Yoast SEO plugin v27.5 - https:\/\/yoast.com\/product\/yoast-seo-wordpress\/ -->\n<title>T\u0259nha ya\u015fayan qad\u0131n: \u00dcmidim \u0130lham \u018fliyev\u0259dir - MEYDAN.TV<\/title>\n<meta name=\"robots\" content=\"index, follow, max-snippet:-1, max-image-preview:large, max-video-preview:-1\" \/>\n<link rel=\"canonical\" href=\"https:\/\/www.meydan.tv\/az\/article\/tenha-yasayan-qadin-umidim-ilham-eliyevedir\/\" \/>\n<meta property=\"og:locale\" content=\"az_AZ\" \/>\n<meta property=\"og:type\" content=\"article\" \/>\n<meta property=\"og:title\" content=\"T\u0259nha ya\u015fayan qad\u0131n: \u00dcmidim \u0130lham \u018fliyev\u0259dir - MEYDAN.TV\" \/>\n<meta property=\"og:description\" content=\"Onu qorxudan h\u0259m d\u0259 budur ki, qalar da\u015f-k\u0259s\u0259yin alt\u0131nda, x\u0259b\u0259r tutan\u0131 da olmaz.\" \/>\n<meta property=\"og:url\" content=\"https:\/\/www.meydan.tv\/az\/article\/tenha-yasayan-qadin-umidim-ilham-eliyevedir\/\" \/>\n<meta property=\"og:site_name\" content=\"MEYDAN.TV\" \/>\n<meta property=\"article:published_time\" content=\"2020-09-18T12:44:57+00:00\" \/>\n<meta property=\"og:image\" content=\"https:\/\/www.meydan.tv\/wp-content\/uploads\/image_from_ios_1_qiyyfd8.jpg\" \/>\n\t<meta property=\"og:image:width\" content=\"869\" \/>\n\t<meta property=\"og:image:height\" content=\"489\" \/>\n\t<meta property=\"og:image:type\" content=\"image\/jpeg\" \/>\n<meta name=\"author\" content=\"user-manager\" \/>\n<meta name=\"twitter:card\" content=\"summary_large_image\" \/>\n<script type=\"application\/ld+json\" class=\"yoast-schema-graph\">{\"@context\":\"https:\\\/\\\/schema.org\",\"@graph\":[{\"@type\":\"Article\",\"@id\":\"https:\\\/\\\/www.meydan.tv\\\/az\\\/article\\\/tenha-yasayan-qadin-umidim-ilham-eliyevedir\\\/#article\",\"isPartOf\":{\"@id\":\"https:\\\/\\\/www.meydan.tv\\\/az\\\/article\\\/tenha-yasayan-qadin-umidim-ilham-eliyevedir\\\/\"},\"author\":{\"name\":\"user-manager\",\"@id\":\"https:\\\/\\\/www.meydan.tv\\\/az\\\/#\\\/schema\\\/person\\\/10d11eccf6da3662cf5fdab9806ea91a\"},\"headline\":\"T\u0259nha ya\u015fayan qad\u0131n: \u00dcmidim \u0130lham \u018fliyev\u0259dir\",\"datePublished\":\"2020-09-18T12:44:57+00:00\",\"mainEntityOfPage\":{\"@id\":\"https:\\\/\\\/www.meydan.tv\\\/az\\\/article\\\/tenha-yasayan-qadin-umidim-ilham-eliyevedir\\\/\"},\"wordCount\":1123,\"publisher\":{\"@id\":\"https:\\\/\\\/www.meydan.tv\\\/az\\\/#organization\"},\"image\":{\"@id\":\"https:\\\/\\\/www.meydan.tv\\\/az\\\/article\\\/tenha-yasayan-qadin-umidim-ilham-eliyevedir\\\/#primaryimage\"},\"thumbnailUrl\":\"https:\\\/\\\/www.meydan.tv\\\/wp-content\\\/uploads\\\/image_from_ios_1_qiyyfd8.jpg\",\"articleSection\":[\"B\u00f6lg\u0259\"],\"inLanguage\":\"az\"},{\"@type\":\"WebPage\",\"@id\":\"https:\\\/\\\/www.meydan.tv\\\/az\\\/article\\\/tenha-yasayan-qadin-umidim-ilham-eliyevedir\\\/\",\"url\":\"https:\\\/\\\/www.meydan.tv\\\/az\\\/article\\\/tenha-yasayan-qadin-umidim-ilham-eliyevedir\\\/\",\"name\":\"T\u0259nha ya\u015fayan qad\u0131n: \u00dcmidim \u0130lham \u018fliyev\u0259dir - MEYDAN.TV\",\"isPartOf\":{\"@id\":\"https:\\\/\\\/www.meydan.tv\\\/az\\\/#website\"},\"primaryImageOfPage\":{\"@id\":\"https:\\\/\\\/www.meydan.tv\\\/az\\\/article\\\/tenha-yasayan-qadin-umidim-ilham-eliyevedir\\\/#primaryimage\"},\"image\":{\"@id\":\"https:\\\/\\\/www.meydan.tv\\\/az\\\/article\\\/tenha-yasayan-qadin-umidim-ilham-eliyevedir\\\/#primaryimage\"},\"thumbnailUrl\":\"https:\\\/\\\/www.meydan.tv\\\/wp-content\\\/uploads\\\/image_from_ios_1_qiyyfd8.jpg\",\"datePublished\":\"2020-09-18T12:44:57+00:00\",\"breadcrumb\":{\"@id\":\"https:\\\/\\\/www.meydan.tv\\\/az\\\/article\\\/tenha-yasayan-qadin-umidim-ilham-eliyevedir\\\/#breadcrumb\"},\"inLanguage\":\"az\",\"potentialAction\":[{\"@type\":\"ReadAction\",\"target\":[\"https:\\\/\\\/www.meydan.tv\\\/az\\\/article\\\/tenha-yasayan-qadin-umidim-ilham-eliyevedir\\\/\"]}]},{\"@type\":\"ImageObject\",\"inLanguage\":\"az\",\"@id\":\"https:\\\/\\\/www.meydan.tv\\\/az\\\/article\\\/tenha-yasayan-qadin-umidim-ilham-eliyevedir\\\/#primaryimage\",\"url\":\"https:\\\/\\\/www.meydan.tv\\\/wp-content\\\/uploads\\\/image_from_ios_1_qiyyfd8.jpg\",\"contentUrl\":\"https:\\\/\\\/www.meydan.tv\\\/wp-content\\\/uploads\\\/image_from_ios_1_qiyyfd8.jpg\",\"width\":869,\"height\":489,\"caption\":\"Source: Specify Source\"},{\"@type\":\"BreadcrumbList\",\"@id\":\"https:\\\/\\\/www.meydan.tv\\\/az\\\/article\\\/tenha-yasayan-qadin-umidim-ilham-eliyevedir\\\/#breadcrumb\",\"itemListElement\":[{\"@type\":\"ListItem\",\"position\":1,\"name\":\"Ana s\u0259hif\u0259\",\"item\":\"https:\\\/\\\/www.meydan.tv\\\/az\\\/\"},{\"@type\":\"ListItem\",\"position\":2,\"name\":\"B\u00f6lg\u0259\",\"item\":\"https:\\\/\\\/www.meydan.tv\\\/az\\\/section\\\/bolge\\\/\"},{\"@type\":\"ListItem\",\"position\":3,\"name\":\"T\u0259nha ya\u015fayan qad\u0131n: \u00dcmidim \u0130lham \u018fliyev\u0259dir\"}]},{\"@type\":\"WebSite\",\"@id\":\"https:\\\/\\\/www.meydan.tv\\\/az\\\/#website\",\"url\":\"https:\\\/\\\/www.meydan.tv\\\/az\\\/\",\"name\":\"MEYDAN.TV\",\"description\":\"Meydan TV Az\u0259rbaycan\u0131n media m\u0259kan\u0131ndak\u0131 alternativ s\u0259sidir\",\"publisher\":{\"@id\":\"https:\\\/\\\/www.meydan.tv\\\/az\\\/#organization\"},\"potentialAction\":[{\"@type\":\"SearchAction\",\"target\":{\"@type\":\"EntryPoint\",\"urlTemplate\":\"https:\\\/\\\/www.meydan.tv\\\/az\\\/?s={search_term_string}\"},\"query-input\":{\"@type\":\"PropertyValueSpecification\",\"valueRequired\":true,\"valueName\":\"search_term_string\"}}],\"inLanguage\":\"az\"},{\"@type\":\"Organization\",\"@id\":\"https:\\\/\\\/www.meydan.tv\\\/az\\\/#organization\",\"name\":\"Meydan TV\",\"url\":\"https:\\\/\\\/www.meydan.tv\\\/az\\\/\",\"logo\":{\"@type\":\"ImageObject\",\"inLanguage\":\"az\",\"@id\":\"https:\\\/\\\/www.meydan.tv\\\/az\\\/#\\\/schema\\\/logo\\\/image\\\/\",\"url\":\"https:\\\/\\\/www.meydan.tv\\\/wp-content\\\/uploads\\\/2021\\\/07\\\/meydan-logo.svg\",\"contentUrl\":\"https:\\\/\\\/www.meydan.tv\\\/wp-content\\\/uploads\\\/2021\\\/07\\\/meydan-logo.svg\",\"width\":195,\"height\":46,\"caption\":\"Meydan TV\"},\"image\":{\"@id\":\"https:\\\/\\\/www.meydan.tv\\\/az\\\/#\\\/schema\\\/logo\\\/image\\\/\"}},{\"@type\":\"Person\",\"@id\":\"https:\\\/\\\/www.meydan.tv\\\/az\\\/#\\\/schema\\\/person\\\/10d11eccf6da3662cf5fdab9806ea91a\",\"name\":\"user-manager\"}]}<\/script>\n<!-- \/ Yoast SEO plugin. -->","yoast_head_json":{"title":"T\u0259nha ya\u015fayan qad\u0131n: \u00dcmidim \u0130lham \u018fliyev\u0259dir - MEYDAN.TV","robots":{"index":"index","follow":"follow","max-snippet":"max-snippet:-1","max-image-preview":"max-image-preview:large","max-video-preview":"max-video-preview:-1"},"canonical":"https:\/\/www.meydan.tv\/az\/article\/tenha-yasayan-qadin-umidim-ilham-eliyevedir\/","og_locale":"az_AZ","og_type":"article","og_title":"T\u0259nha ya\u015fayan qad\u0131n: \u00dcmidim \u0130lham \u018fliyev\u0259dir - MEYDAN.TV","og_description":"Onu qorxudan h\u0259m d\u0259 budur ki, qalar da\u015f-k\u0259s\u0259yin alt\u0131nda, x\u0259b\u0259r tutan\u0131 da olmaz.","og_url":"https:\/\/www.meydan.tv\/az\/article\/tenha-yasayan-qadin-umidim-ilham-eliyevedir\/","og_site_name":"MEYDAN.TV","article_published_time":"2020-09-18T12:44:57+00:00","og_image":[{"width":869,"height":489,"url":"https:\/\/www.meydan.tv\/wp-content\/uploads\/image_from_ios_1_qiyyfd8.jpg","type":"image\/jpeg"}],"author":"user-manager","twitter_card":"summary_large_image","schema":{"@context":"https:\/\/schema.org","@graph":[{"@type":"Article","@id":"https:\/\/www.meydan.tv\/az\/article\/tenha-yasayan-qadin-umidim-ilham-eliyevedir\/#article","isPartOf":{"@id":"https:\/\/www.meydan.tv\/az\/article\/tenha-yasayan-qadin-umidim-ilham-eliyevedir\/"},"author":{"name":"user-manager","@id":"https:\/\/www.meydan.tv\/az\/#\/schema\/person\/10d11eccf6da3662cf5fdab9806ea91a"},"headline":"T\u0259nha ya\u015fayan qad\u0131n: \u00dcmidim \u0130lham \u018fliyev\u0259dir","datePublished":"2020-09-18T12:44:57+00:00","mainEntityOfPage":{"@id":"https:\/\/www.meydan.tv\/az\/article\/tenha-yasayan-qadin-umidim-ilham-eliyevedir\/"},"wordCount":1123,"publisher":{"@id":"https:\/\/www.meydan.tv\/az\/#organization"},"image":{"@id":"https:\/\/www.meydan.tv\/az\/article\/tenha-yasayan-qadin-umidim-ilham-eliyevedir\/#primaryimage"},"thumbnailUrl":"https:\/\/www.meydan.tv\/wp-content\/uploads\/image_from_ios_1_qiyyfd8.jpg","articleSection":["B\u00f6lg\u0259"],"inLanguage":"az"},{"@type":"WebPage","@id":"https:\/\/www.meydan.tv\/az\/article\/tenha-yasayan-qadin-umidim-ilham-eliyevedir\/","url":"https:\/\/www.meydan.tv\/az\/article\/tenha-yasayan-qadin-umidim-ilham-eliyevedir\/","name":"T\u0259nha ya\u015fayan qad\u0131n: \u00dcmidim \u0130lham \u018fliyev\u0259dir - MEYDAN.TV","isPartOf":{"@id":"https:\/\/www.meydan.tv\/az\/#website"},"primaryImageOfPage":{"@id":"https:\/\/www.meydan.tv\/az\/article\/tenha-yasayan-qadin-umidim-ilham-eliyevedir\/#primaryimage"},"image":{"@id":"https:\/\/www.meydan.tv\/az\/article\/tenha-yasayan-qadin-umidim-ilham-eliyevedir\/#primaryimage"},"thumbnailUrl":"https:\/\/www.meydan.tv\/wp-content\/uploads\/image_from_ios_1_qiyyfd8.jpg","datePublished":"2020-09-18T12:44:57+00:00","breadcrumb":{"@id":"https:\/\/www.meydan.tv\/az\/article\/tenha-yasayan-qadin-umidim-ilham-eliyevedir\/#breadcrumb"},"inLanguage":"az","potentialAction":[{"@type":"ReadAction","target":["https:\/\/www.meydan.tv\/az\/article\/tenha-yasayan-qadin-umidim-ilham-eliyevedir\/"]}]},{"@type":"ImageObject","inLanguage":"az","@id":"https:\/\/www.meydan.tv\/az\/article\/tenha-yasayan-qadin-umidim-ilham-eliyevedir\/#primaryimage","url":"https:\/\/www.meydan.tv\/wp-content\/uploads\/image_from_ios_1_qiyyfd8.jpg","contentUrl":"https:\/\/www.meydan.tv\/wp-content\/uploads\/image_from_ios_1_qiyyfd8.jpg","width":869,"height":489,"caption":"Source: Specify Source"},{"@type":"BreadcrumbList","@id":"https:\/\/www.meydan.tv\/az\/article\/tenha-yasayan-qadin-umidim-ilham-eliyevedir\/#breadcrumb","itemListElement":[{"@type":"ListItem","position":1,"name":"Ana s\u0259hif\u0259","item":"https:\/\/www.meydan.tv\/az\/"},{"@type":"ListItem","position":2,"name":"B\u00f6lg\u0259","item":"https:\/\/www.meydan.tv\/az\/section\/bolge\/"},{"@type":"ListItem","position":3,"name":"T\u0259nha ya\u015fayan qad\u0131n: \u00dcmidim \u0130lham \u018fliyev\u0259dir"}]},{"@type":"WebSite","@id":"https:\/\/www.meydan.tv\/az\/#website","url":"https:\/\/www.meydan.tv\/az\/","name":"MEYDAN.TV","description":"Meydan TV Az\u0259rbaycan\u0131n media m\u0259kan\u0131ndak\u0131 alternativ s\u0259sidir","publisher":{"@id":"https:\/\/www.meydan.tv\/az\/#organization"},"potentialAction":[{"@type":"SearchAction","target":{"@type":"EntryPoint","urlTemplate":"https:\/\/www.meydan.tv\/az\/?s={search_term_string}"},"query-input":{"@type":"PropertyValueSpecification","valueRequired":true,"valueName":"search_term_string"}}],"inLanguage":"az"},{"@type":"Organization","@id":"https:\/\/www.meydan.tv\/az\/#organization","name":"Meydan TV","url":"https:\/\/www.meydan.tv\/az\/","logo":{"@type":"ImageObject","inLanguage":"az","@id":"https:\/\/www.meydan.tv\/az\/#\/schema\/logo\/image\/","url":"https:\/\/www.meydan.tv\/wp-content\/uploads\/2021\/07\/meydan-logo.svg","contentUrl":"https:\/\/www.meydan.tv\/wp-content\/uploads\/2021\/07\/meydan-logo.svg","width":195,"height":46,"caption":"Meydan TV"},"image":{"@id":"https:\/\/www.meydan.tv\/az\/#\/schema\/logo\/image\/"}},{"@type":"Person","@id":"https:\/\/www.meydan.tv\/az\/#\/schema\/person\/10d11eccf6da3662cf5fdab9806ea91a","name":"user-manager"}]}},"_links":{"self":[{"href":"https:\/\/www.meydan.tv\/az\/wp-json\/wp\/v2\/posts\/202502","targetHints":{"allow":["GET"]}}],"collection":[{"href":"https:\/\/www.meydan.tv\/az\/wp-json\/wp\/v2\/posts"}],"about":[{"href":"https:\/\/www.meydan.tv\/az\/wp-json\/wp\/v2\/types\/post"}],"author":[{"embeddable":true,"href":"https:\/\/www.meydan.tv\/az\/wp-json\/wp\/v2\/users\/11"}],"replies":[{"embeddable":true,"href":"https:\/\/www.meydan.tv\/az\/wp-json\/wp\/v2\/comments?post=202502"}],"version-history":[{"count":0,"href":"https:\/\/www.meydan.tv\/az\/wp-json\/wp\/v2\/posts\/202502\/revisions"}],"wp:featuredmedia":[{"embeddable":true,"href":"https:\/\/www.meydan.tv\/az\/wp-json\/wp\/v2\/media\/148046"}],"wp:attachment":[{"href":"https:\/\/www.meydan.tv\/az\/wp-json\/wp\/v2\/media?parent=202502"}],"wp:term":[{"taxonomy":"category","embeddable":true,"href":"https:\/\/www.meydan.tv\/az\/wp-json\/wp\/v2\/categories?post=202502"},{"taxonomy":"post_tag","embeddable":true,"href":"https:\/\/www.meydan.tv\/az\/wp-json\/wp\/v2\/tags?post=202502"}],"curies":[{"name":"wp","href":"https:\/\/api.w.org\/{rel}","templated":true}]}}