{"id":202495,"date":"2020-09-18T10:26:52","date_gmt":"2020-09-18T10:26:52","guid":{"rendered":"https:\/\/www.meydan.tv\/article\/semkir-sakini-oglum-belediyye-sedri-ile-getdi-geri-qayitmadi\/"},"modified":"2020-09-18T10:26:52","modified_gmt":"2020-09-18T10:26:52","slug":"semkir-sakini-oglum-belediyye-sedri-ile-getdi-geri-qayitmadi","status":"publish","type":"post","link":"https:\/\/www.meydan.tv\/az\/article\/semkir-sakini-oglum-belediyye-sedri-ile-getdi-geri-qayitmadi\/","title":{"rendered":"\u015e\u0259mkir sakini: O\u011flum b\u0259l\u0259diyy\u0259 s\u0259dri il\u0259 getdi, geri qay\u0131tmad\u0131"},"content":{"rendered":"<p>\n  <i><br \/>\n    \u201cM\u0259n\u0259 o\u011flumun m\u0259hk\u0259m\u0259sind\u0259 i\u015ftirak etm\u0259y\u0259 imkan verm\u0259dil\u0259r, ba\u015fqa zala sal\u0131b, qap\u0131n\u0131 ba\u011flad\u0131lar\u201d<br \/>\n  <\/i>\n<\/p>\n<p>\n  \u201c4 g\u00fcn \u0259vv\u0259l k\u0259ndimizin b\u0259l\u0259diyy\u0259 s\u0259dri g\u0259ldi, o\u011flumu evd\u0259n \u00e7a\u011f\u0131rd\u0131, o\u011flum o ged\u0259n getdi. El\u0259 h\u0259min g\u00fcn \u00f6yr\u0259ndik ki, o\u011flumu \u0259vv\u0259lc\u0259 \u015e\u0259mkir Rayon Polis \u015e\u00f6b\u0259sin\u0259, oradan is\u0259 \u015e\u0259mkir Rayon M\u0259hk\u0259m\u0259sin\u0259 apar\u0131blar. Getdim m\u0259hk\u0259m\u0259nin qap\u0131s\u0131na, i\u00e7\u0259ri buraxmad\u0131lar. Dedim, bu d\u0259qiq\u0259 Bak\u0131ya \u015fikay\u0259t\u0259 gedir\u0259m. Onda qap\u0131n\u0131 a\u00e7\u0131b i\u00e7\u0259ri buraxd\u0131lar, yen\u0259 d\u0259 o\u011flumun m\u0259hk\u0259m\u0259si ged\u0259n zala girm\u0259y\u0259 qoymad\u0131lar, ba\u015fqa zalda oturtdular. O\u011flumun m\u0259hk\u0259m\u0259si bit\u0259n\u0259d\u0259k h\u0259d\u0259-qorxu g\u0259ldil\u0259r, dedil\u0259r, s\u0259sini \u00e7\u0131xartsan, o\u011fluna daha a\u011f\u0131r c\u0259za k\u0259sil\u0259c\u0259k\u201d.\n<\/p>\n<p>\n  Bunu Meydan TV-y\u0259 \u015e\u0259mkirin D\u0259ll\u0259r k\u0259nd sakini, haz\u0131rda inzibati h\u0259bs c\u0259zas\u0131 alaraq \u015e\u0259mkir Rayon Polis \u015e\u00f6b\u0259sind\u0259 h\u0259bsd\u0259 saxlan\u0131lan Edqar Osmanovun atas\u0131 Mahir Osmanov deyir.\n<\/p>\n<p>\n  <b><br \/>\n    \u0130ki qurumun m\u0259tbuat xidm\u0259ti bir-birini t\u0259kzib edir<br \/>\n  <\/b>\n<\/p>\n<p>\n  Edqar Osmanov sosial \u015f\u0259b\u0259k\u0259l\u0259rd\u0259 video payla\u015faraq D\u0259ll\u0259r k\u0259ndind\u0259ki tikintisi yar\u0131m\u00e7\u0131q qalm\u0131\u015f m\u0259scid binas\u0131n\u0131n yerli icra hakimiyy\u0259ti t\u0259r\u0259find\u0259n s\u00f6k\u00fcl\u0259r\u0259k yerind\u0259 \u015f\u0259hid ail\u0259sin\u0259 m\u0259nzil tikildiyini bildirib. \u0130cra hakimiyy\u0259tinin bu h\u0259r\u0259k\u0259tini t\u0259nqid edib. Daha sonra sosial \u015f\u0259b\u0259k\u0259l\u0259rd\u0259 onun Bak\u0131ya \u2013 D\u0130N-nin Ba\u015f M\u00fct\u0259\u015f\u0259kkil Cinay\u0259tkarl\u0131qla M\u00fcbariz\u0259 \u0130dar\u0259sin\u0259 g\u00f6t\u00fcr\u00fcld\u00fcy\u00fc yaz\u0131l\u0131b.\n<\/p>\n<p>\n  Sentyabr\u0131n 16-da is\u0259 h\u0259m \u015e\u0259mkir Rayon \u0130cra Hakimiyy\u0259ti, h\u0259m d\u0259 Daxili \u0130\u015fl\u0259r Nazirliyinin m\u0259tbuat xidm\u0259tinin G\u0259nc\u0259 \u015f\u0259h\u0259rind\u0259ki regional qrupu Edqar Osmanovla ba\u011fl\u0131 m\u00fcnasib\u0259t bildirib. Ancaq qurumlar\u0131n dedikl\u0259ri bir-birini t\u0259kzib edir. M\u0259s\u0259l\u0259n, \u0130cra hakimiyy\u0259tinin m\u0259tbuat xidm\u0259tinin r\u0259hb\u0259ri Elg\u00fcn Seyidov x\u0259b\u0259r saytlar\u0131na verdiyi a\u00e7\u0131qlamas\u0131nda bildirib ki, 15 il \u0259vv\u0259l bir qrup D\u0259ll\u0259r q\u0259s\u0259b\u0259 sakini t\u0259r\u0259find\u0259n h\u0259min \u0259razid\u0259 m\u0259scid tikilm\u0259si \u00fc\u00e7\u00fcn m\u00fcraci\u0259t \u00fcnvanlan\u0131b. Aidiyy\u0259ti qurumlar tikintiy\u0259 icaz\u0259 verm\u0259yib. Haz\u0131rda is\u0259 orada olan 3 sot torpaq sah\u0259sind\u0259 \u015f\u0259hid ail\u0259si \u00fc\u00e7\u00fcn ev tikilir. Qurumun s\u00f6z\u00e7\u00fcs\u00fc Edqar Osmanovun yayd\u0131\u011f\u0131 g\u00f6r\u00fcnt\u00fcl\u0259ri v\u0259 dan\u0131\u015f\u0131lanlar\u0131 t\u0259xribat adland\u0131r\u0131b. Bildirib ki, o, sosial \u015f\u0259b\u0259k\u0259l\u0259rd\u0259 \u015f\u0259r, b\u00f6htan xarakterli m\u0259lumatlar yayd\u0131\u011f\u0131 \u00fc\u00e7\u00fcn m\u0259hk\u0259m\u0259 qar\u015f\u0131s\u0131na \u00e7\u0131xar\u0131l\u0131b, t\u00f6r\u0259tdiyi \u0259m\u0259l\u0259 g\u00f6r\u0259 h\u00fcquq qar\u015f\u0131s\u0131nda cavab verib\u201d.\n<\/p>\n<p>\n  Daxili \u0130\u015fl\u0259r Nazirliyinin (D\u0130N) m\u0259tbuat xidm\u0259tinin G\u0259nc\u0259 \u015f\u0259h\u0259rind\u0259ki regional qrupundan x\u0259b\u0259r saytlar\u0131na veril\u0259n m\u0259lumatda is\u0259 qeyd olunur ki, videonu \u00e7\u0259k\u0259n D\u0259ll\u0259r q\u0259s\u0259b\u0259 sakini Edqar Osmanov saxlan\u0131l\u0131b. M\u0259hk\u0259m\u0259nin q\u0259rar\u0131 il\u0259 o, \u0130nzibati X\u0259talar M\u0259c\u0259ll\u0259sinin 510 (X\u0131rda xuliqanl\u0131q, y\u0259ni ictimai qaydan\u0131 pozan, lakin fiziki \u015f\u0259xsl\u0259r \u00fcz\u0259rind\u0259 zor t\u0259tbiq olunmas\u0131 il\u0259 v\u0259 ya bel\u0259 zorun t\u0259tbiq edilm\u0259si h\u0259d\u0259si il\u0259, yaxud \u00f6zg\u0259nin \u0259mlak\u0131n\u0131n m\u0259hv edilm\u0259si v\u0259 ya z\u0259d\u0259l\u0259nm\u0259si il\u0259 m\u00fc\u015fayi\u0259t edilm\u0259y\u0259n h\u0259r\u0259k\u0259t) v\u0259 535.1 (Polis i\u015f\u00e7isi v\u0259 ya h\u0259rbi qulluq\u00e7u ictimai qaydan\u0131n m\u00fchafiz\u0259 v\u0259zif\u0259l\u0259rini icra ed\u0259rk\u0259n, onlar\u0131n qanuni t\u0259l\u0259bl\u0259rin\u0259 q\u0259sd\u0259n tabe olmama) madd\u0259l\u0259ri il\u0259 t\u0259qsirli bilin\u0259r\u0259k, 10 g\u00fcn m\u00fcdd\u0259tin\u0259 inzibati qaydada h\u0259bs edilib. M\u0259lumatdan g\u00f6r\u00fcnd\u00fcy\u00fc kimi, Edqar Osmanova \u015f\u0259r, b\u00f6htan xarakterli m\u0259lumat yaymas\u0131 il\u0259 ba\u011fl\u0131 madd\u0259 verilm\u0259yib.\n<\/p>\n<p>\n  <b><br \/>\n    Ata o\u011flunun \u015f\u0259rl\u0259ndiyini iddia edir<br \/>\n  <\/b>\n<\/p>\n<p>\n  Edqar Osmanovun atas\u0131 Mahir Osmanovsa o\u011flunun \u015f\u0259rl\u0259ndiyini, ona 10 yox, 20 sutkal\u0131q inzibati h\u0259bs c\u0259zas\u0131 k\u0259sildiyini deyir:\n<\/p>\n<p>\n  \u201cO\u011flum inancl\u0131d\u0131r, namaz q\u0131land\u0131r. K\u0259ndd\u0259 m\u0259scidin yerind\u0259 ev tikilm\u0259sin\u0259 etiraz edib. O\u011flumu narahat ed\u0259n bu olub ki, niy\u0259 bu boyda k\u0259ndd\u0259 \u015f\u0259hid ail\u0259sin\u0259 ev tikm\u0259y\u0259 torpaq ola-ola, adamlar\u0131n z\u0259hm\u0259tl\u0259 tikdiyi v\u0259 yar\u0131m\u00e7\u0131q qalan m\u0259scidin binas\u0131 s\u00f6k\u00fclm\u0259lidir? O\u011flumun k\u0259ndd\u0259ki \u00f6zba\u015f\u0131nal\u0131\u011fa s\u0259sini \u00e7\u0131xarma\u011fa haqq\u0131 yoxdur? B\u0259l\u0259diyy\u0259 s\u0259dri g\u0259lib o\u011flumu evd\u0259n apar\u0131r, soru\u015furuq, bu u\u015fa\u011f\u0131 hara apard\u0131n, biz\u0259 yerini demir. Deyir, s\u0259si \u00e7\u0131xanda bil\u0259rsiz. S\u0259si d\u0259 m\u0259hk\u0259m\u0259d\u0259n \u00e7\u0131xd\u0131. M\u0259n\u0259 o\u011flumun m\u0259hk\u0259m\u0259sind\u0259 i\u015ftirak etm\u0259y\u0259 imkan verm\u0259dil\u0259r, ba\u015fqa zala sal\u0131b, qap\u0131n\u0131 ba\u011flad\u0131lar. M\u0259hk\u0259m\u0259 bit\u0259n\u0259, o\u011flum ordan apar\u0131lanad\u0259k m\u0259ni \u00e7\u00f6l\u0259 buraxmad\u0131lar. O\u011flumun \u0259ll\u0259rind\u0259 oldu\u011funu, ist\u0259s\u0259l\u0259r, daha a\u011f\u0131r c\u0259za ver\u0259 bil\u0259c\u0259kl\u0259rini dedil\u0259r\u201d.\n<\/p>\n<p>\n  <b><br \/>\n    \u201cYar\u0131mtikilinin sahibi n\u0259d\u0259ns\u0259 susur\u201d<br \/>\n  <\/b>\n<\/p>\n<p>\n  Mahir Osmanov deyir, m\u0259scid binas\u0131n\u0131 Qurban adl\u0131 \u015f\u0259xs tikdirirmi\u015f, tikintinin yar\u0131m\u00e7\u0131q qalmas\u0131n\u0131n s\u0259b\u0259bini is\u0259 bilmir:\n<\/p>\n<p>\n  \u201c\u0130ll\u0259r \u0259vv\u0259l o boyda \u0259razid\u0259 tikinti i\u015fl\u0259ri apar\u0131l\u0131rd\u0131, icra hakimiyy\u0259ti d\u0259 bunu g\u00f6r\u00fcrd\u00fc, n\u0259d\u0259ns\u0259 q\u0259fil dayand\u0131rd\u0131. S\u0259b\u0259bini indiy\u0259d\u0259k d\u0259 bilmirik. M\u0259n\u0259 t\u0259sir ed\u0259n odur ki, o yar\u0131m\u00e7\u0131q tikilinin Qurban adl\u0131 sahibi d\u0259 k\u0259ndd\u0259dir, ancaq o\u011flumun ba\u015f\u0131na g\u0259l\u0259nl\u0259r\u0259 s\u0259sini \u00e7\u0131xarm\u0131r. Halbuki, o\u011flumun ba\u015f\u0131na n\u0259 g\u0259libs\u0259, onun yerinin icra hakimiyy\u0259ti t\u0259r\u0259find\u0259n ba\u015fqalar\u0131na sat\u0131ld\u0131\u011f\u0131n\u0131 t\u0259nqid etm\u0259sin\u0259 g\u00f6r\u0259 g\u0259lib\u201d.\n<\/p>\n<p>\n  Edqar Osmanov ail\u0259lidir, iki azya\u015fl\u0131 \u00f6vlad\u0131 var.<\/p>\n","protected":false},"excerpt":{"rendered":"<p>Mahir Osmanov deyir, m\u0259scid binas\u0131n\u0131 Qurban adl\u0131 \u015f\u0259xs tikdirirmi\u015f, tikintinin yar\u0131m\u00e7\u0131q qalmas\u0131n\u0131n s\u0259b\u0259bini is\u0259 bilmir<\/p>\n","protected":false},"author":11,"featured_media":148026,"comment_status":"closed","ping_status":"open","sticky":false,"template":"","format":"standard","meta":{"_acf_changed":false,"_sitemap_exclude":false,"_sitemap_priority":"","_sitemap_frequency":"","footnotes":""},"categories":[60],"tags":[],"class_list":["post-202495","post","type-post","status-publish","format-standard","has-post-thumbnail","hentry","category-bolge","infinite-scroll-item","generate-columns","tablet-grid-50","mobile-grid-100","grid-parent","grid-33","no-featured-image-padding"],"acf":[],"yoast_head":"<!-- This site is optimized with the Yoast SEO plugin v27.5 - https:\/\/yoast.com\/product\/yoast-seo-wordpress\/ -->\n<title>\u015e\u0259mkir sakini: O\u011flum b\u0259l\u0259diyy\u0259 s\u0259dri il\u0259 getdi, geri qay\u0131tmad\u0131 - MEYDAN.TV<\/title>\n<meta name=\"robots\" content=\"index, follow, max-snippet:-1, max-image-preview:large, max-video-preview:-1\" \/>\n<link rel=\"canonical\" href=\"https:\/\/www.meydan.tv\/az\/article\/semkir-sakini-oglum-belediyye-sedri-ile-getdi-geri-qayitmadi\/\" \/>\n<meta property=\"og:locale\" content=\"az_AZ\" \/>\n<meta property=\"og:type\" content=\"article\" \/>\n<meta property=\"og:title\" content=\"\u015e\u0259mkir sakini: O\u011flum b\u0259l\u0259diyy\u0259 s\u0259dri il\u0259 getdi, geri qay\u0131tmad\u0131 - MEYDAN.TV\" \/>\n<meta property=\"og:description\" content=\"Mahir Osmanov deyir, m\u0259scid binas\u0131n\u0131 Qurban adl\u0131 \u015f\u0259xs tikdirirmi\u015f, tikintinin yar\u0131m\u00e7\u0131q qalmas\u0131n\u0131n s\u0259b\u0259bini is\u0259 bilmir\" \/>\n<meta property=\"og:url\" content=\"https:\/\/www.meydan.tv\/az\/article\/semkir-sakini-oglum-belediyye-sedri-ile-getdi-geri-qayitmadi\/\" \/>\n<meta property=\"og:site_name\" content=\"MEYDAN.TV\" \/>\n<meta property=\"article:published_time\" content=\"2020-09-18T10:26:52+00:00\" \/>\n<meta property=\"og:image\" content=\"https:\/\/www.meydan.tv\/wp-content\/uploads\/copy_of_sayt-cover_eytkqnn.png\" \/>\n\t<meta property=\"og:image:width\" content=\"1280\" \/>\n\t<meta property=\"og:image:height\" content=\"720\" \/>\n\t<meta property=\"og:image:type\" content=\"image\/png\" \/>\n<meta name=\"author\" content=\"user-manager\" \/>\n<meta name=\"twitter:card\" content=\"summary_large_image\" \/>\n<script type=\"application\/ld+json\" class=\"yoast-schema-graph\">{\"@context\":\"https:\\\/\\\/schema.org\",\"@graph\":[{\"@type\":\"Article\",\"@id\":\"https:\\\/\\\/www.meydan.tv\\\/az\\\/article\\\/semkir-sakini-oglum-belediyye-sedri-ile-getdi-geri-qayitmadi\\\/#article\",\"isPartOf\":{\"@id\":\"https:\\\/\\\/www.meydan.tv\\\/az\\\/article\\\/semkir-sakini-oglum-belediyye-sedri-ile-getdi-geri-qayitmadi\\\/\"},\"author\":{\"name\":\"user-manager\",\"@id\":\"https:\\\/\\\/www.meydan.tv\\\/az\\\/#\\\/schema\\\/person\\\/10d11eccf6da3662cf5fdab9806ea91a\"},\"headline\":\"\u015e\u0259mkir sakini: O\u011flum b\u0259l\u0259diyy\u0259 s\u0259dri il\u0259 getdi, geri qay\u0131tmad\u0131\",\"datePublished\":\"2020-09-18T10:26:52+00:00\",\"mainEntityOfPage\":{\"@id\":\"https:\\\/\\\/www.meydan.tv\\\/az\\\/article\\\/semkir-sakini-oglum-belediyye-sedri-ile-getdi-geri-qayitmadi\\\/\"},\"wordCount\":1029,\"publisher\":{\"@id\":\"https:\\\/\\\/www.meydan.tv\\\/az\\\/#organization\"},\"image\":{\"@id\":\"https:\\\/\\\/www.meydan.tv\\\/az\\\/article\\\/semkir-sakini-oglum-belediyye-sedri-ile-getdi-geri-qayitmadi\\\/#primaryimage\"},\"thumbnailUrl\":\"https:\\\/\\\/www.meydan.tv\\\/wp-content\\\/uploads\\\/copy_of_sayt-cover_eytkqnn.png\",\"articleSection\":[\"B\u00f6lg\u0259\"],\"inLanguage\":\"az\"},{\"@type\":\"WebPage\",\"@id\":\"https:\\\/\\\/www.meydan.tv\\\/az\\\/article\\\/semkir-sakini-oglum-belediyye-sedri-ile-getdi-geri-qayitmadi\\\/\",\"url\":\"https:\\\/\\\/www.meydan.tv\\\/az\\\/article\\\/semkir-sakini-oglum-belediyye-sedri-ile-getdi-geri-qayitmadi\\\/\",\"name\":\"\u015e\u0259mkir sakini: O\u011flum b\u0259l\u0259diyy\u0259 s\u0259dri il\u0259 getdi, geri qay\u0131tmad\u0131 - MEYDAN.TV\",\"isPartOf\":{\"@id\":\"https:\\\/\\\/www.meydan.tv\\\/az\\\/#website\"},\"primaryImageOfPage\":{\"@id\":\"https:\\\/\\\/www.meydan.tv\\\/az\\\/article\\\/semkir-sakini-oglum-belediyye-sedri-ile-getdi-geri-qayitmadi\\\/#primaryimage\"},\"image\":{\"@id\":\"https:\\\/\\\/www.meydan.tv\\\/az\\\/article\\\/semkir-sakini-oglum-belediyye-sedri-ile-getdi-geri-qayitmadi\\\/#primaryimage\"},\"thumbnailUrl\":\"https:\\\/\\\/www.meydan.tv\\\/wp-content\\\/uploads\\\/copy_of_sayt-cover_eytkqnn.png\",\"datePublished\":\"2020-09-18T10:26:52+00:00\",\"breadcrumb\":{\"@id\":\"https:\\\/\\\/www.meydan.tv\\\/az\\\/article\\\/semkir-sakini-oglum-belediyye-sedri-ile-getdi-geri-qayitmadi\\\/#breadcrumb\"},\"inLanguage\":\"az\",\"potentialAction\":[{\"@type\":\"ReadAction\",\"target\":[\"https:\\\/\\\/www.meydan.tv\\\/az\\\/article\\\/semkir-sakini-oglum-belediyye-sedri-ile-getdi-geri-qayitmadi\\\/\"]}]},{\"@type\":\"ImageObject\",\"inLanguage\":\"az\",\"@id\":\"https:\\\/\\\/www.meydan.tv\\\/az\\\/article\\\/semkir-sakini-oglum-belediyye-sedri-ile-getdi-geri-qayitmadi\\\/#primaryimage\",\"url\":\"https:\\\/\\\/www.meydan.tv\\\/wp-content\\\/uploads\\\/copy_of_sayt-cover_eytkqnn.png\",\"contentUrl\":\"https:\\\/\\\/www.meydan.tv\\\/wp-content\\\/uploads\\\/copy_of_sayt-cover_eytkqnn.png\",\"width\":1280,\"height\":720,\"caption\":\"Source: Specify Source\"},{\"@type\":\"BreadcrumbList\",\"@id\":\"https:\\\/\\\/www.meydan.tv\\\/az\\\/article\\\/semkir-sakini-oglum-belediyye-sedri-ile-getdi-geri-qayitmadi\\\/#breadcrumb\",\"itemListElement\":[{\"@type\":\"ListItem\",\"position\":1,\"name\":\"Ana s\u0259hif\u0259\",\"item\":\"https:\\\/\\\/www.meydan.tv\\\/az\\\/\"},{\"@type\":\"ListItem\",\"position\":2,\"name\":\"B\u00f6lg\u0259\",\"item\":\"https:\\\/\\\/www.meydan.tv\\\/az\\\/section\\\/bolge\\\/\"},{\"@type\":\"ListItem\",\"position\":3,\"name\":\"\u015e\u0259mkir sakini: O\u011flum b\u0259l\u0259diyy\u0259 s\u0259dri il\u0259 getdi, geri qay\u0131tmad\u0131\"}]},{\"@type\":\"WebSite\",\"@id\":\"https:\\\/\\\/www.meydan.tv\\\/az\\\/#website\",\"url\":\"https:\\\/\\\/www.meydan.tv\\\/az\\\/\",\"name\":\"MEYDAN.TV\",\"description\":\"Meydan TV Az\u0259rbaycan\u0131n media m\u0259kan\u0131ndak\u0131 alternativ s\u0259sidir\",\"publisher\":{\"@id\":\"https:\\\/\\\/www.meydan.tv\\\/az\\\/#organization\"},\"potentialAction\":[{\"@type\":\"SearchAction\",\"target\":{\"@type\":\"EntryPoint\",\"urlTemplate\":\"https:\\\/\\\/www.meydan.tv\\\/az\\\/?s={search_term_string}\"},\"query-input\":{\"@type\":\"PropertyValueSpecification\",\"valueRequired\":true,\"valueName\":\"search_term_string\"}}],\"inLanguage\":\"az\"},{\"@type\":\"Organization\",\"@id\":\"https:\\\/\\\/www.meydan.tv\\\/az\\\/#organization\",\"name\":\"Meydan TV\",\"url\":\"https:\\\/\\\/www.meydan.tv\\\/az\\\/\",\"logo\":{\"@type\":\"ImageObject\",\"inLanguage\":\"az\",\"@id\":\"https:\\\/\\\/www.meydan.tv\\\/az\\\/#\\\/schema\\\/logo\\\/image\\\/\",\"url\":\"https:\\\/\\\/www.meydan.tv\\\/wp-content\\\/uploads\\\/2021\\\/07\\\/meydan-logo.svg\",\"contentUrl\":\"https:\\\/\\\/www.meydan.tv\\\/wp-content\\\/uploads\\\/2021\\\/07\\\/meydan-logo.svg\",\"width\":195,\"height\":46,\"caption\":\"Meydan TV\"},\"image\":{\"@id\":\"https:\\\/\\\/www.meydan.tv\\\/az\\\/#\\\/schema\\\/logo\\\/image\\\/\"}},{\"@type\":\"Person\",\"@id\":\"https:\\\/\\\/www.meydan.tv\\\/az\\\/#\\\/schema\\\/person\\\/10d11eccf6da3662cf5fdab9806ea91a\",\"name\":\"user-manager\"}]}<\/script>\n<!-- \/ Yoast SEO plugin. -->","yoast_head_json":{"title":"\u015e\u0259mkir sakini: O\u011flum b\u0259l\u0259diyy\u0259 s\u0259dri il\u0259 getdi, geri qay\u0131tmad\u0131 - MEYDAN.TV","robots":{"index":"index","follow":"follow","max-snippet":"max-snippet:-1","max-image-preview":"max-image-preview:large","max-video-preview":"max-video-preview:-1"},"canonical":"https:\/\/www.meydan.tv\/az\/article\/semkir-sakini-oglum-belediyye-sedri-ile-getdi-geri-qayitmadi\/","og_locale":"az_AZ","og_type":"article","og_title":"\u015e\u0259mkir sakini: O\u011flum b\u0259l\u0259diyy\u0259 s\u0259dri il\u0259 getdi, geri qay\u0131tmad\u0131 - MEYDAN.TV","og_description":"Mahir Osmanov deyir, m\u0259scid binas\u0131n\u0131 Qurban adl\u0131 \u015f\u0259xs tikdirirmi\u015f, tikintinin yar\u0131m\u00e7\u0131q qalmas\u0131n\u0131n s\u0259b\u0259bini is\u0259 bilmir","og_url":"https:\/\/www.meydan.tv\/az\/article\/semkir-sakini-oglum-belediyye-sedri-ile-getdi-geri-qayitmadi\/","og_site_name":"MEYDAN.TV","article_published_time":"2020-09-18T10:26:52+00:00","og_image":[{"width":1280,"height":720,"url":"https:\/\/www.meydan.tv\/wp-content\/uploads\/copy_of_sayt-cover_eytkqnn.png","type":"image\/png"}],"author":"user-manager","twitter_card":"summary_large_image","schema":{"@context":"https:\/\/schema.org","@graph":[{"@type":"Article","@id":"https:\/\/www.meydan.tv\/az\/article\/semkir-sakini-oglum-belediyye-sedri-ile-getdi-geri-qayitmadi\/#article","isPartOf":{"@id":"https:\/\/www.meydan.tv\/az\/article\/semkir-sakini-oglum-belediyye-sedri-ile-getdi-geri-qayitmadi\/"},"author":{"name":"user-manager","@id":"https:\/\/www.meydan.tv\/az\/#\/schema\/person\/10d11eccf6da3662cf5fdab9806ea91a"},"headline":"\u015e\u0259mkir sakini: O\u011flum b\u0259l\u0259diyy\u0259 s\u0259dri il\u0259 getdi, geri qay\u0131tmad\u0131","datePublished":"2020-09-18T10:26:52+00:00","mainEntityOfPage":{"@id":"https:\/\/www.meydan.tv\/az\/article\/semkir-sakini-oglum-belediyye-sedri-ile-getdi-geri-qayitmadi\/"},"wordCount":1029,"publisher":{"@id":"https:\/\/www.meydan.tv\/az\/#organization"},"image":{"@id":"https:\/\/www.meydan.tv\/az\/article\/semkir-sakini-oglum-belediyye-sedri-ile-getdi-geri-qayitmadi\/#primaryimage"},"thumbnailUrl":"https:\/\/www.meydan.tv\/wp-content\/uploads\/copy_of_sayt-cover_eytkqnn.png","articleSection":["B\u00f6lg\u0259"],"inLanguage":"az"},{"@type":"WebPage","@id":"https:\/\/www.meydan.tv\/az\/article\/semkir-sakini-oglum-belediyye-sedri-ile-getdi-geri-qayitmadi\/","url":"https:\/\/www.meydan.tv\/az\/article\/semkir-sakini-oglum-belediyye-sedri-ile-getdi-geri-qayitmadi\/","name":"\u015e\u0259mkir sakini: O\u011flum b\u0259l\u0259diyy\u0259 s\u0259dri il\u0259 getdi, geri qay\u0131tmad\u0131 - MEYDAN.TV","isPartOf":{"@id":"https:\/\/www.meydan.tv\/az\/#website"},"primaryImageOfPage":{"@id":"https:\/\/www.meydan.tv\/az\/article\/semkir-sakini-oglum-belediyye-sedri-ile-getdi-geri-qayitmadi\/#primaryimage"},"image":{"@id":"https:\/\/www.meydan.tv\/az\/article\/semkir-sakini-oglum-belediyye-sedri-ile-getdi-geri-qayitmadi\/#primaryimage"},"thumbnailUrl":"https:\/\/www.meydan.tv\/wp-content\/uploads\/copy_of_sayt-cover_eytkqnn.png","datePublished":"2020-09-18T10:26:52+00:00","breadcrumb":{"@id":"https:\/\/www.meydan.tv\/az\/article\/semkir-sakini-oglum-belediyye-sedri-ile-getdi-geri-qayitmadi\/#breadcrumb"},"inLanguage":"az","potentialAction":[{"@type":"ReadAction","target":["https:\/\/www.meydan.tv\/az\/article\/semkir-sakini-oglum-belediyye-sedri-ile-getdi-geri-qayitmadi\/"]}]},{"@type":"ImageObject","inLanguage":"az","@id":"https:\/\/www.meydan.tv\/az\/article\/semkir-sakini-oglum-belediyye-sedri-ile-getdi-geri-qayitmadi\/#primaryimage","url":"https:\/\/www.meydan.tv\/wp-content\/uploads\/copy_of_sayt-cover_eytkqnn.png","contentUrl":"https:\/\/www.meydan.tv\/wp-content\/uploads\/copy_of_sayt-cover_eytkqnn.png","width":1280,"height":720,"caption":"Source: Specify Source"},{"@type":"BreadcrumbList","@id":"https:\/\/www.meydan.tv\/az\/article\/semkir-sakini-oglum-belediyye-sedri-ile-getdi-geri-qayitmadi\/#breadcrumb","itemListElement":[{"@type":"ListItem","position":1,"name":"Ana s\u0259hif\u0259","item":"https:\/\/www.meydan.tv\/az\/"},{"@type":"ListItem","position":2,"name":"B\u00f6lg\u0259","item":"https:\/\/www.meydan.tv\/az\/section\/bolge\/"},{"@type":"ListItem","position":3,"name":"\u015e\u0259mkir sakini: O\u011flum b\u0259l\u0259diyy\u0259 s\u0259dri il\u0259 getdi, geri qay\u0131tmad\u0131"}]},{"@type":"WebSite","@id":"https:\/\/www.meydan.tv\/az\/#website","url":"https:\/\/www.meydan.tv\/az\/","name":"MEYDAN.TV","description":"Meydan TV Az\u0259rbaycan\u0131n media m\u0259kan\u0131ndak\u0131 alternativ s\u0259sidir","publisher":{"@id":"https:\/\/www.meydan.tv\/az\/#organization"},"potentialAction":[{"@type":"SearchAction","target":{"@type":"EntryPoint","urlTemplate":"https:\/\/www.meydan.tv\/az\/?s={search_term_string}"},"query-input":{"@type":"PropertyValueSpecification","valueRequired":true,"valueName":"search_term_string"}}],"inLanguage":"az"},{"@type":"Organization","@id":"https:\/\/www.meydan.tv\/az\/#organization","name":"Meydan TV","url":"https:\/\/www.meydan.tv\/az\/","logo":{"@type":"ImageObject","inLanguage":"az","@id":"https:\/\/www.meydan.tv\/az\/#\/schema\/logo\/image\/","url":"https:\/\/www.meydan.tv\/wp-content\/uploads\/2021\/07\/meydan-logo.svg","contentUrl":"https:\/\/www.meydan.tv\/wp-content\/uploads\/2021\/07\/meydan-logo.svg","width":195,"height":46,"caption":"Meydan TV"},"image":{"@id":"https:\/\/www.meydan.tv\/az\/#\/schema\/logo\/image\/"}},{"@type":"Person","@id":"https:\/\/www.meydan.tv\/az\/#\/schema\/person\/10d11eccf6da3662cf5fdab9806ea91a","name":"user-manager"}]}},"_links":{"self":[{"href":"https:\/\/www.meydan.tv\/az\/wp-json\/wp\/v2\/posts\/202495","targetHints":{"allow":["GET"]}}],"collection":[{"href":"https:\/\/www.meydan.tv\/az\/wp-json\/wp\/v2\/posts"}],"about":[{"href":"https:\/\/www.meydan.tv\/az\/wp-json\/wp\/v2\/types\/post"}],"author":[{"embeddable":true,"href":"https:\/\/www.meydan.tv\/az\/wp-json\/wp\/v2\/users\/11"}],"replies":[{"embeddable":true,"href":"https:\/\/www.meydan.tv\/az\/wp-json\/wp\/v2\/comments?post=202495"}],"version-history":[{"count":0,"href":"https:\/\/www.meydan.tv\/az\/wp-json\/wp\/v2\/posts\/202495\/revisions"}],"wp:featuredmedia":[{"embeddable":true,"href":"https:\/\/www.meydan.tv\/az\/wp-json\/wp\/v2\/media\/148026"}],"wp:attachment":[{"href":"https:\/\/www.meydan.tv\/az\/wp-json\/wp\/v2\/media?parent=202495"}],"wp:term":[{"taxonomy":"category","embeddable":true,"href":"https:\/\/www.meydan.tv\/az\/wp-json\/wp\/v2\/categories?post=202495"},{"taxonomy":"post_tag","embeddable":true,"href":"https:\/\/www.meydan.tv\/az\/wp-json\/wp\/v2\/tags?post=202495"}],"curies":[{"name":"wp","href":"https:\/\/api.w.org\/{rel}","templated":true}]}}