{"id":202480,"date":"2020-09-17T13:17:01","date_gmt":"2020-09-17T13:17:01","guid":{"rendered":"https:\/\/www.meydan.tv\/article\/memur-evime-baxib-dedi-menim-tualetim-buradan-seraitlidir\/"},"modified":"2020-09-17T13:17:01","modified_gmt":"2020-09-17T13:17:01","slug":"memur-evime-baxib-dedi-menim-tualetim-buradan-seraitlidir","status":"publish","type":"post","link":"https:\/\/www.meydan.tv\/az\/article\/memur-evime-baxib-dedi-menim-tualetim-buradan-seraitlidir\/","title":{"rendered":"\u201cM\u0259mur evim\u0259 bax\u0131b dedi, m\u0259nim tualetim buradan \u015f\u0259raitlidir\u201d"},"content":{"rendered":"<p>\n  <i><br \/>\n    Ba\u015f G\u00f6yn\u00fck k\u0259nd sakininin d\u00f6vl\u0259td\u0259n t\u0259l\u0259bl\u0259ri var<br \/>\n  <\/i>\n<\/p>\n<p>\n  \u201c\u00d6t\u0259n gec\u0259 \u015fim\u015f\u0259k \u00e7axd\u0131, ya\u011f\u0131\u015f ba\u015flad\u0131, tez evd\u0259n \u00e7\u0131xd\u0131q, h\u0259r\u0259miz bir qo\u015fuya qa\u00e7d\u0131q. Sa\u011f olsun qon\u015fular\u0131m\u0131z, he\u00e7 olmasa bel\u0259 vaxtlarda bizi evl\u0259rin\u0259 burax\u0131rlar. S\u0259h\u0259r baxd\u0131q ki, evin i\u00e7\u0259risi su il\u0259 dolub. Vedr\u0259-vedr\u0259 g\u00f6t\u00fcr\u00fcb suyu t\u00f6kd\u00fck \u00e7\u00f6l\u0259. \u0130ndi d\u0259 g\u00f6zl\u0259yirik, d\u00f6\u015f\u0259m\u0259, divar azca qurusun, y\u0131\u011f\u0131\u015faq ev\u0259&#8230;\u201d\n<\/p>\n<p>\n  Bunu Meydan TV-y\u0259 \u015e\u0259kinin Ba\u015f G\u00f6yn\u00fck k\u0259ndinin sakini Baba Salmanov deyir. O, d\u00f6vl\u0259td\u0259n evinin t\u0259mir-b\u0259rpas\u0131n\u0131, pay torpa\u011f\u0131nda \u0259kin i\u015fl\u0259ri apar\u0131lmas\u0131 \u00fc\u00e7\u00fcn \u015f\u0259rait yarad\u0131lmas\u0131n\u0131, \u00f6vladlar\u0131na v\u0259 \u00f6z\u00fcn\u0259 i\u015f t\u0259l\u0259b edir .\n<\/p>\n<p>\n  <b><br \/>\n    \u201c\u00d6vlad\u0131m\u0131n biri \u015f\u0259raitsizlikd\u0259n, soyuqdan \u00f6l\u00fcb\u201d<br \/>\n  <\/b>\n<\/p>\n<p>\n  Baba Salmanov k\u0259ndin gir\u0259c\u0259yind\u0259ki \u0259razid\u0259 &#8211; \u00f6z\u00fc demi\u015fk\u0259n, \u201cnuh \u0259yyam\u0131ndan qalm\u0131\u015f\u201d u\u00e7uq, s\u00f6k\u00fck bir daxmada 9 n\u0259f\u0259rlik ail\u0259 \u00fczv\u00fc il\u0259 ya\u015fay\u0131r. Deyir, pal\u00e7\u0131qdan h\u00f6r\u00fclm\u00fc\u015f bu evi az\u0131 50 il \u0259vv\u0259l atas\u0131 al\u0131b, atas\u0131ndan da ona qal\u0131b. 1 otaql\u0131d\u0131r, ail\u0259 \u00fczvl\u0259rinin say\u0131 artd\u0131qca, o bir ota\u011f\u0131n \u00fcst\u00fcnd\u0259 d\u0259 \u00f6z\u00fc yatma\u011fa yer d\u00fcz\u0259ldib, k\u0259narlar\u0131n\u0131 selofanla sar\u0131y\u0131b:\n<\/p>\n<p>\n  \u201c8 \u00f6vlad\u0131m olub, biri el\u0259 bu \u015f\u0259raitsizlikd\u0259n, soyuqdan \u00f6ld\u00fc, 7 \u00f6vlad\u0131m is\u0259 ilboyu x\u0259st\u0259likl\u0259rl\u0259 m\u00fcbariz\u0259 apara-apara b\u00f6y\u00fcd\u00fc. O\u011flanlar\u0131m\u0131 evl\u0259ndir\u0259 bilmir\u0259m. \u00c7\u00fcnki ev, i\u015f yoxdur. Gedirl\u0259r Bak\u0131ya, da\u015f karxanalar\u0131nda da\u015f at\u0131rlar, q\u0259pik-quru\u015f g\u00fcnd\u0259liy\u0259 i\u015fl\u0259yirl\u0259r, onu da sahibkar k\u0259sir, h\u0259r d\u0259f\u0259 bir b\u0259han\u0259 il\u0259 z\u0259hm\u0259thaqq\u0131n\u0131 vermir. N\u0259tic\u0259d\u0259, n\u0259 ev qura, n\u0259 h\u0259yat\u0131m\u0131za \u00e7\u0259ki-d\u00fcz\u0259n ver\u0259 bilirik&#8230; 9 n\u0259f\u0259r bir otaqda yat\u0131b-durur. Q\u0131z\u0131m\u0131n ail\u0259si da\u011f\u0131l\u0131b, o da azya\u015fl\u0131 n\u0259v\u0259ml\u0259 biz\u0259 s\u0131\u011f\u0131n\u0131b. U\u015faq d\u0259rsl\u0259riyl\u0259 el\u0259 yat\u0131b-durdu\u011fumuz bir otaqda m\u0259\u015f\u011ful olur\u201d.\n<\/p>\n<figure class=\"wp-block-image size-large\">\n  <img decoding=\"async\" src=\"https:\/\/www.meydan.tv\/az\/photo-2020-09-16-17-34-25-1-jpg\/\" alt=\"photo-2020-09-16-17-34-25 (1).jpg\" class=\"wp-image-147950\"\/><figcaption>\n    Evin v\u0259ziyy\u0259ti<br \/>\n  <\/figcaption><\/figure>\n<p>\n  <b><br \/>\n    <i><br \/>\n      \u201cH\u00f6kum\u0259t n\u00fcmay\u0259nd\u0259si dedi, m\u0259nim tualetim bundan \u015f\u0259raitlidir\u201d<br \/>\n    <\/i><br \/>\n  <\/b>\n<\/p>\n<p>\n  Baba Salmanovun s\u00f6zl\u0259rin\u0259 g\u00f6r\u0259, d\u00f6vl\u0259t qurumlar\u0131n\u0131n n\u00fcmay\u0259nd\u0259l\u0259ri t\u0259r\u0259find\u0259n ev\u0259 yaln\u0131z birc\u0259 d\u0259f\u0259 bax\u0131\u015f ke\u00e7irilib. O da n\u0259tic\u0259siz qal\u0131b:\n<\/p>\n<p>\n  \u201c5-6 il \u0259vv\u0259l g\u0259lib, bax\u0131b dedil\u0259r, bu u\u015faq da, burda ya\u015fayan ya\u015fl\u0131 insanlar da yaz\u0131qd\u0131r. Bir yer tap\u0131b k\u00f6\u00e7\u00fcn burdan&#8230; Bura x\u0259st\u0259lik m\u0259nb\u0259yidir. H\u0259tta m\u0259murlardan biri dedi: \u201cBu, n\u0259 evdir, m\u0259nim tualetim bundan \u015f\u0259raitlidir\u201d. Baxd\u0131lar, yaz\u0131b-pozdular, dedil\u0259r, yen\u0259 g\u0259l\u0259c\u0259yik, g\u0259lm\u0259dil\u0259r\u201d.\n<\/p>\n<p>\n  Birotaql\u0131, u\u00e7uq daxma k\u0259ndin gir\u0259c\u0259yind\u0259dir. Baba Salmanov deyir ki, h\u0259r d\u0259f\u0259 rayon r\u0259hb\u0259rliyind\u0259n kimins\u0259 yolu k\u0259nd\u0259 d\u00fc\u015f\u0259nd\u0259, g\u00f6t\u00fcr\u00fcb ev\u0259 g\u0259tirir, v\u0259ziyy\u0259tl\u0259 tan\u0131\u015f edir. Ancaq n\u0259 faydas\u0131? Deyir, v\u0259ziyy\u0259timizi g\u00f6r\u0259n m\u0259murlar\u0131n h\u0259r\u0259si bir v\u0259d verib aradan \u00e7\u0131x\u0131r.\n<\/p>\n<p>\n  <b><br \/>\n    \u201c\u018fkdiyimiz meyv\u0259-t\u0259r\u0259v\u0259zi yeyib, dolan\u0131r\u0131q\u201d<br \/>\n  <\/b>\n<\/p>\n<p>\n  Salmanovlar ail\u0259si evin yax\u0131nl\u0131\u011f\u0131ndak\u0131 ki\u00e7ik torpaq sah\u0259sind\u0259 meyv\u0259-t\u0259r\u0259v\u0259z \u0259kir, h\u0259min sah\u0259d\u0259n g\u00f6t\u00fcrd\u00fckl\u0259ri m\u0259hsulla qidalan\u0131rlar. Baba Salmanov yen\u0259 qon\u015fulara dua\u00e7\u0131d\u0131r:\n<\/p>\n<p>\n  \u201cSa\u011f olsunlar, xeyirxah insanlar \u00e7oxdur. O\u011flanlar\u0131m h\u0259ft\u0259l\u0259rl\u0259 Bak\u0131da da\u015f karxanalar\u0131nda pulsuz i\u015fl\u0259y\u0259nd\u0259, qon\u015fular ac qalmama\u011f\u0131m\u0131z \u00fc\u00e7\u00fcn biz\u0259 \u0259rzaqla yard\u0131m\u00e7\u0131 olurlar. Bir k\u0259ndlinin arzusu odur ki, mal\u0131-heyvan\u0131 olsun, \u0259kin-bi\u00e7ini olsun, bizd\u0259 is\u0259 bunlar\u0131n he\u00e7 biri yoxdur. K\u0259ndd\u0259n 20 kilometr aral\u0131da pay torpa\u011f\u0131m\u0131z olsa da, yol uzaq oldu\u011fundan, sah\u0259y\u0259 su, g\u00fcbr\u0259, texnika verilm\u0259diyind\u0259n indiy\u0259d\u0259k \u0259kib-bec\u0259r\u0259 bilm\u0259mi\u015fik. D\u00f6vl\u0259t \u015f\u0259rait yaratsayd\u0131, k\u0259ndliy\u0259 verdiyi torpaq istifad\u0259siz qalmazd\u0131, \u0259k\u0259rdik, m\u0259hsul g\u00f6t\u00fcr\u0259rdik, dolanard\u0131q, \u00f6z\u00fcm\u00fcz\u0259 \u015f\u0259rait qurard\u0131q, ev qurard\u0131q, o\u011flanlar\u0131m\u0131z\u0131 evl\u0259ndir\u0259rdik, d\u00f6vl\u0259tin yaxas\u0131ndan da sallanmazd\u0131q\u201d.\n<\/p>\n<figure class=\"wp-block-image size-large\">\n  <img decoding=\"async\" src=\"https:\/\/www.meydan.tv\/az\/photo-2020-09-16-17-34-24-jpg-2\/\" alt=\"PHOTO-2020-09-16-17-34-24.jpg\" class=\"wp-image-147998\"\/><figcaption>\n    Evin V\u0259ziyy\u0259ti<br \/>\n  <\/figcaption><\/figure>\n<p>\n  <b><br \/>\n    \u201cHam\u0131 i\u015fsizdir, yalandan deyir, i\u015f yerl\u0259ri dolub\u201d<br \/>\n  <\/b>\n<\/p>\n<p>\n  Baba Salmanov 4 ayd\u0131r ki, \u015e\u0259ki Rayon M\u0259\u015f\u011fulluq M\u0259rk\u0259zin\u0259 ayaq d\u00f6y\u00fcr ki, \u00f6d\u0259ni\u015fli ictimai i\u015fl\u0259rd\u0259n birini d\u0259 ona ay\u0131rs\u0131nlar. Ancaq ona \u201cbo\u015f i\u015f yeri qalmay\u0131b\u201d deyilir:\n<\/p>\n<p>\n  \u201cRayonda, k\u0259ndl\u0259rd\u0259 kim\u0259 bax\u0131rsan, ham\u0131 i\u015fsiz-g\u00fccs\u00fcz g\u0259zi\u015fir, ham\u0131 i\u015f axtar\u0131\u015f\u0131ndad\u0131r. Kim M\u0259\u015f\u011fulluq M\u0259rk\u0259zin\u0259 gedirs\u0259, el\u0259 qap\u0131daca deyirl\u0259r, i\u015f yerl\u0259ri dolub. Ham\u0131 da m\u0259nim kimi axtar\u0131r g\u00f6rs\u00fcn ki, icra hakimiyy\u0259tinin d\u0259, M\u0259\u015f\u011fulluq M\u0259rkl\u0259zinin d\u0259 dediyi minl\u0259rl\u0259 i\u015f yerl\u0259rin\u0259 g\u00f6t\u00fcr\u00fcl\u0259nl\u0259r kiml\u0259rdir?\u201d\n<\/p>\n<p>\n  \u015e\u0259ki Rayon \u0130cra Hakimiyy\u0259tind\u0259n Meydan TV-y\u0259 bildirilib ki, Ba\u015f G\u00f6yn\u00fck k\u0259nd sakininin evi t\u0259bii f\u0259lak\u0259t n\u0259tic\u0259sind\u0259 q\u0259zal\u0131 v\u0259ziyy\u0259t\u0259 d\u00fc\u015f\u00fcbs\u0259, rayondak\u0131 F\u00f6vq\u0259lad\u0259 Hallar Komossiyas\u0131na m\u00fcraci\u0259t etm\u0259lidir. Ev\u0259 bax\u0131\u015f ke\u00e7irilm\u0259li, sonra q\u0259rar verilm\u0259lidir. \u018fg\u0259r ev k\u00f6hn\u0259likd\u0259n q\u0259zal\u0131 v\u0259ziyy\u0259t\u0259 d\u00fc\u015f\u00fcbs\u0259, onun t\u0259miri il\u0259 h\u0259min evd\u0259 ya\u015fayanlar m\u0259\u015f\u011ful olmal\u0131d\u0131r. Qurumun v\u0259t\u0259nda\u015fa ev tikm\u0259k, yaxud t\u0259mir-b\u0259rpa etm\u0259k kimi v\u0259zif\u0259si v\u0259 imkan\u0131 yoxdur. Ail\u0259nin sosial durumu \u00fcr\u0259ka\u00e7an deyils\u0259, buna g\u00f6r\u0259 ya aidiyy\u0259ti \u00fczr\u0259 \u018fm\u0259k v\u0259 \u018fhalinin Sosial M\u00fcdafi\u0259si Nazirliyin\u0259 m\u00fcraci\u0259t etm\u0259lidir ki, \u00fcnvanl\u0131 sosial yard\u0131mla t\u0259min olunsun, ya da \u201cDOST\u201d \u0130\u015f M\u0259rk\u0259zin\u0259 m\u00fcraci\u0259t etm\u0259lidir ki, \u00f6d\u0259ni\u015fli ictimai i\u015fl\u0259r\u0259 c\u0259lb edilsin. Ail\u0259 t\u0259s\u0259rr\u00fcfatla m\u0259\u015f\u011ful olmaq \u00fc\u00e7\u00fcn \u00f6z\u00fcn\u0259m\u0259\u015f\u011fulluq layih\u0259sin\u0259 qo\u015fulmaq ist\u0259yirs\u0259, rayonun M\u0259\u015f\u011fulluq M\u0259rk\u0259zin\u0259 m\u00fcraci\u0259t etm\u0259lidir.\n<\/p>\n<p>\n  Baba Salmanovsa deyir, bunlar\u0131n ham\u0131s\u0131na m\u00fcraci\u0259t edib, ancaq n\u0259tic\u0259 \u0259ld\u0259 olunmay\u0131b. B\u00fct\u00fcn qurumlar ona qap\u0131lar\u0131n\u0131n \u00fcz\u00fcn\u00fc ba\u011flay\u0131b. Ona g\u00f6r\u0259 d\u0259, o, Meydan TV vasit\u0259sil\u0259 Prezident \u0130lham \u018fliyev\u0259 m\u00fcraci\u0259t etm\u0259k q\u0259rar\u0131na g\u0259lib. V\u0259t\u0259nda\u015f \u00f6lk\u0259 ba\u015f\u00e7\u0131s\u0131ndan m\u0259nzil \u015f\u0259raitinin yax\u015f\u0131la\u015fd\u0131r\u0131lmas\u0131, t\u0259s\u0259rr\u00fcfatla m\u0259\u015f\u011ful olmas\u0131, ail\u0259 \u00fczvl\u0259rinin i\u015fl\u0259 t\u0259min edilm\u0259si \u00fc\u00e7\u00fcn aidiyy\u0259ti qurumlara tap\u015f\u0131r\u0131q verm\u0259sini ist\u0259yib.\n<\/p>\n<figure class=\"wp-block-image size-large\">\n  <img decoding=\"async\" src=\"https:\/\/www.meydan.tv\/az\/photo-2020-09-16-17-34-30-jpg-2\/\" alt=\"PHOTO-2020-09-16-17-34-30.jpg\" class=\"wp-image-147995\"\/><figcaption>\n    Evin v\u0259ziyy\u0259ti<br \/>\n  <\/figcaption><\/figure>\n<figure class=\"wp-block-image size-large\">\n  <img decoding=\"async\" src=\"https:\/\/www.meydan.tv\/az\/photo-2020-09-16-17-34-18-jpg-2\/\" alt=\"PHOTO-2020-09-16-17-34-18.jpg\" class=\"wp-image-147989\"\/><figcaption>\n    Evin v\u0259ziyy\u0259ti<br \/>\n  <\/figcaption><\/figure>\n","protected":false},"excerpt":{"rendered":"<p>Ba\u015f G\u00f6yn\u00fck k\u0259nd sakininin d\u00f6vl\u0259td\u0259n t\u0259l\u0259bl\u0259ri var<\/p>\n","protected":false},"author":11,"featured_media":147992,"comment_status":"closed","ping_status":"open","sticky":false,"template":"","format":"standard","meta":{"_acf_changed":false,"_sitemap_exclude":false,"_sitemap_priority":"","_sitemap_frequency":"","footnotes":""},"categories":[60],"tags":[],"class_list":["post-202480","post","type-post","status-publish","format-standard","has-post-thumbnail","hentry","category-bolge","infinite-scroll-item","generate-columns","tablet-grid-50","mobile-grid-100","grid-parent","grid-33","no-featured-image-padding"],"acf":[],"yoast_head":"<!-- This site is optimized with the Yoast SEO plugin v27.5 - https:\/\/yoast.com\/product\/yoast-seo-wordpress\/ -->\n<title>\u201cM\u0259mur evim\u0259 bax\u0131b dedi, m\u0259nim tualetim buradan \u015f\u0259raitlidir\u201d - MEYDAN.TV<\/title>\n<meta name=\"robots\" content=\"index, follow, max-snippet:-1, max-image-preview:large, max-video-preview:-1\" \/>\n<link rel=\"canonical\" href=\"https:\/\/www.meydan.tv\/az\/article\/memur-evime-baxib-dedi-menim-tualetim-buradan-seraitlidir\/\" \/>\n<meta property=\"og:locale\" content=\"az_AZ\" \/>\n<meta property=\"og:type\" content=\"article\" \/>\n<meta property=\"og:title\" content=\"\u201cM\u0259mur evim\u0259 bax\u0131b dedi, m\u0259nim tualetim buradan \u015f\u0259raitlidir\u201d - MEYDAN.TV\" \/>\n<meta property=\"og:description\" content=\"Ba\u015f G\u00f6yn\u00fck k\u0259nd sakininin d\u00f6vl\u0259td\u0259n t\u0259l\u0259bl\u0259ri var\" \/>\n<meta property=\"og:url\" content=\"https:\/\/www.meydan.tv\/az\/article\/memur-evime-baxib-dedi-menim-tualetim-buradan-seraitlidir\/\" \/>\n<meta property=\"og:site_name\" content=\"MEYDAN.TV\" \/>\n<meta property=\"article:published_time\" content=\"2020-09-17T13:17:01+00:00\" \/>\n<meta property=\"og:image\" content=\"https:\/\/www.meydan.tv\/wp-content\/uploads\/photo-2020-09-16-17-34-21.jpg\" \/>\n\t<meta property=\"og:image:width\" content=\"1280\" \/>\n\t<meta property=\"og:image:height\" content=\"768\" \/>\n\t<meta property=\"og:image:type\" content=\"image\/jpeg\" \/>\n<meta name=\"author\" content=\"user-manager\" \/>\n<meta name=\"twitter:card\" content=\"summary_large_image\" \/>\n<script type=\"application\/ld+json\" class=\"yoast-schema-graph\">{\"@context\":\"https:\\\/\\\/schema.org\",\"@graph\":[{\"@type\":\"Article\",\"@id\":\"https:\\\/\\\/www.meydan.tv\\\/az\\\/article\\\/memur-evime-baxib-dedi-menim-tualetim-buradan-seraitlidir\\\/#article\",\"isPartOf\":{\"@id\":\"https:\\\/\\\/www.meydan.tv\\\/az\\\/article\\\/memur-evime-baxib-dedi-menim-tualetim-buradan-seraitlidir\\\/\"},\"author\":{\"name\":\"user-manager\",\"@id\":\"https:\\\/\\\/www.meydan.tv\\\/az\\\/#\\\/schema\\\/person\\\/10d11eccf6da3662cf5fdab9806ea91a\"},\"headline\":\"\u201cM\u0259mur evim\u0259 bax\u0131b dedi, m\u0259nim tualetim buradan \u015f\u0259raitlidir\u201d\",\"datePublished\":\"2020-09-17T13:17:01+00:00\",\"mainEntityOfPage\":{\"@id\":\"https:\\\/\\\/www.meydan.tv\\\/az\\\/article\\\/memur-evime-baxib-dedi-menim-tualetim-buradan-seraitlidir\\\/\"},\"wordCount\":1160,\"publisher\":{\"@id\":\"https:\\\/\\\/www.meydan.tv\\\/az\\\/#organization\"},\"image\":{\"@id\":\"https:\\\/\\\/www.meydan.tv\\\/az\\\/article\\\/memur-evime-baxib-dedi-menim-tualetim-buradan-seraitlidir\\\/#primaryimage\"},\"thumbnailUrl\":\"https:\\\/\\\/www.meydan.tv\\\/wp-content\\\/uploads\\\/photo-2020-09-16-17-34-21.jpg\",\"articleSection\":[\"B\u00f6lg\u0259\"],\"inLanguage\":\"az\"},{\"@type\":\"WebPage\",\"@id\":\"https:\\\/\\\/www.meydan.tv\\\/az\\\/article\\\/memur-evime-baxib-dedi-menim-tualetim-buradan-seraitlidir\\\/\",\"url\":\"https:\\\/\\\/www.meydan.tv\\\/az\\\/article\\\/memur-evime-baxib-dedi-menim-tualetim-buradan-seraitlidir\\\/\",\"name\":\"\u201cM\u0259mur evim\u0259 bax\u0131b dedi, m\u0259nim tualetim buradan \u015f\u0259raitlidir\u201d - MEYDAN.TV\",\"isPartOf\":{\"@id\":\"https:\\\/\\\/www.meydan.tv\\\/az\\\/#website\"},\"primaryImageOfPage\":{\"@id\":\"https:\\\/\\\/www.meydan.tv\\\/az\\\/article\\\/memur-evime-baxib-dedi-menim-tualetim-buradan-seraitlidir\\\/#primaryimage\"},\"image\":{\"@id\":\"https:\\\/\\\/www.meydan.tv\\\/az\\\/article\\\/memur-evime-baxib-dedi-menim-tualetim-buradan-seraitlidir\\\/#primaryimage\"},\"thumbnailUrl\":\"https:\\\/\\\/www.meydan.tv\\\/wp-content\\\/uploads\\\/photo-2020-09-16-17-34-21.jpg\",\"datePublished\":\"2020-09-17T13:17:01+00:00\",\"breadcrumb\":{\"@id\":\"https:\\\/\\\/www.meydan.tv\\\/az\\\/article\\\/memur-evime-baxib-dedi-menim-tualetim-buradan-seraitlidir\\\/#breadcrumb\"},\"inLanguage\":\"az\",\"potentialAction\":[{\"@type\":\"ReadAction\",\"target\":[\"https:\\\/\\\/www.meydan.tv\\\/az\\\/article\\\/memur-evime-baxib-dedi-menim-tualetim-buradan-seraitlidir\\\/\"]}]},{\"@type\":\"ImageObject\",\"inLanguage\":\"az\",\"@id\":\"https:\\\/\\\/www.meydan.tv\\\/az\\\/article\\\/memur-evime-baxib-dedi-menim-tualetim-buradan-seraitlidir\\\/#primaryimage\",\"url\":\"https:\\\/\\\/www.meydan.tv\\\/wp-content\\\/uploads\\\/photo-2020-09-16-17-34-21.jpg\",\"contentUrl\":\"https:\\\/\\\/www.meydan.tv\\\/wp-content\\\/uploads\\\/photo-2020-09-16-17-34-21.jpg\",\"width\":1280,\"height\":768,\"caption\":\"Source: Specify Source\"},{\"@type\":\"BreadcrumbList\",\"@id\":\"https:\\\/\\\/www.meydan.tv\\\/az\\\/article\\\/memur-evime-baxib-dedi-menim-tualetim-buradan-seraitlidir\\\/#breadcrumb\",\"itemListElement\":[{\"@type\":\"ListItem\",\"position\":1,\"name\":\"Ana s\u0259hif\u0259\",\"item\":\"https:\\\/\\\/www.meydan.tv\\\/az\\\/\"},{\"@type\":\"ListItem\",\"position\":2,\"name\":\"B\u00f6lg\u0259\",\"item\":\"https:\\\/\\\/www.meydan.tv\\\/az\\\/section\\\/bolge\\\/\"},{\"@type\":\"ListItem\",\"position\":3,\"name\":\"\u201cM\u0259mur evim\u0259 bax\u0131b dedi, m\u0259nim tualetim buradan \u015f\u0259raitlidir\u201d\"}]},{\"@type\":\"WebSite\",\"@id\":\"https:\\\/\\\/www.meydan.tv\\\/az\\\/#website\",\"url\":\"https:\\\/\\\/www.meydan.tv\\\/az\\\/\",\"name\":\"MEYDAN.TV\",\"description\":\"Meydan TV Az\u0259rbaycan\u0131n media m\u0259kan\u0131ndak\u0131 alternativ s\u0259sidir\",\"publisher\":{\"@id\":\"https:\\\/\\\/www.meydan.tv\\\/az\\\/#organization\"},\"potentialAction\":[{\"@type\":\"SearchAction\",\"target\":{\"@type\":\"EntryPoint\",\"urlTemplate\":\"https:\\\/\\\/www.meydan.tv\\\/az\\\/?s={search_term_string}\"},\"query-input\":{\"@type\":\"PropertyValueSpecification\",\"valueRequired\":true,\"valueName\":\"search_term_string\"}}],\"inLanguage\":\"az\"},{\"@type\":\"Organization\",\"@id\":\"https:\\\/\\\/www.meydan.tv\\\/az\\\/#organization\",\"name\":\"Meydan TV\",\"url\":\"https:\\\/\\\/www.meydan.tv\\\/az\\\/\",\"logo\":{\"@type\":\"ImageObject\",\"inLanguage\":\"az\",\"@id\":\"https:\\\/\\\/www.meydan.tv\\\/az\\\/#\\\/schema\\\/logo\\\/image\\\/\",\"url\":\"https:\\\/\\\/www.meydan.tv\\\/wp-content\\\/uploads\\\/2021\\\/07\\\/meydan-logo.svg\",\"contentUrl\":\"https:\\\/\\\/www.meydan.tv\\\/wp-content\\\/uploads\\\/2021\\\/07\\\/meydan-logo.svg\",\"width\":195,\"height\":46,\"caption\":\"Meydan TV\"},\"image\":{\"@id\":\"https:\\\/\\\/www.meydan.tv\\\/az\\\/#\\\/schema\\\/logo\\\/image\\\/\"}},{\"@type\":\"Person\",\"@id\":\"https:\\\/\\\/www.meydan.tv\\\/az\\\/#\\\/schema\\\/person\\\/10d11eccf6da3662cf5fdab9806ea91a\",\"name\":\"user-manager\"}]}<\/script>\n<!-- \/ Yoast SEO plugin. -->","yoast_head_json":{"title":"\u201cM\u0259mur evim\u0259 bax\u0131b dedi, m\u0259nim tualetim buradan \u015f\u0259raitlidir\u201d - MEYDAN.TV","robots":{"index":"index","follow":"follow","max-snippet":"max-snippet:-1","max-image-preview":"max-image-preview:large","max-video-preview":"max-video-preview:-1"},"canonical":"https:\/\/www.meydan.tv\/az\/article\/memur-evime-baxib-dedi-menim-tualetim-buradan-seraitlidir\/","og_locale":"az_AZ","og_type":"article","og_title":"\u201cM\u0259mur evim\u0259 bax\u0131b dedi, m\u0259nim tualetim buradan \u015f\u0259raitlidir\u201d - MEYDAN.TV","og_description":"Ba\u015f G\u00f6yn\u00fck k\u0259nd sakininin d\u00f6vl\u0259td\u0259n t\u0259l\u0259bl\u0259ri var","og_url":"https:\/\/www.meydan.tv\/az\/article\/memur-evime-baxib-dedi-menim-tualetim-buradan-seraitlidir\/","og_site_name":"MEYDAN.TV","article_published_time":"2020-09-17T13:17:01+00:00","og_image":[{"width":1280,"height":768,"url":"https:\/\/www.meydan.tv\/wp-content\/uploads\/photo-2020-09-16-17-34-21.jpg","type":"image\/jpeg"}],"author":"user-manager","twitter_card":"summary_large_image","schema":{"@context":"https:\/\/schema.org","@graph":[{"@type":"Article","@id":"https:\/\/www.meydan.tv\/az\/article\/memur-evime-baxib-dedi-menim-tualetim-buradan-seraitlidir\/#article","isPartOf":{"@id":"https:\/\/www.meydan.tv\/az\/article\/memur-evime-baxib-dedi-menim-tualetim-buradan-seraitlidir\/"},"author":{"name":"user-manager","@id":"https:\/\/www.meydan.tv\/az\/#\/schema\/person\/10d11eccf6da3662cf5fdab9806ea91a"},"headline":"\u201cM\u0259mur evim\u0259 bax\u0131b dedi, m\u0259nim tualetim buradan \u015f\u0259raitlidir\u201d","datePublished":"2020-09-17T13:17:01+00:00","mainEntityOfPage":{"@id":"https:\/\/www.meydan.tv\/az\/article\/memur-evime-baxib-dedi-menim-tualetim-buradan-seraitlidir\/"},"wordCount":1160,"publisher":{"@id":"https:\/\/www.meydan.tv\/az\/#organization"},"image":{"@id":"https:\/\/www.meydan.tv\/az\/article\/memur-evime-baxib-dedi-menim-tualetim-buradan-seraitlidir\/#primaryimage"},"thumbnailUrl":"https:\/\/www.meydan.tv\/wp-content\/uploads\/photo-2020-09-16-17-34-21.jpg","articleSection":["B\u00f6lg\u0259"],"inLanguage":"az"},{"@type":"WebPage","@id":"https:\/\/www.meydan.tv\/az\/article\/memur-evime-baxib-dedi-menim-tualetim-buradan-seraitlidir\/","url":"https:\/\/www.meydan.tv\/az\/article\/memur-evime-baxib-dedi-menim-tualetim-buradan-seraitlidir\/","name":"\u201cM\u0259mur evim\u0259 bax\u0131b dedi, m\u0259nim tualetim buradan \u015f\u0259raitlidir\u201d - MEYDAN.TV","isPartOf":{"@id":"https:\/\/www.meydan.tv\/az\/#website"},"primaryImageOfPage":{"@id":"https:\/\/www.meydan.tv\/az\/article\/memur-evime-baxib-dedi-menim-tualetim-buradan-seraitlidir\/#primaryimage"},"image":{"@id":"https:\/\/www.meydan.tv\/az\/article\/memur-evime-baxib-dedi-menim-tualetim-buradan-seraitlidir\/#primaryimage"},"thumbnailUrl":"https:\/\/www.meydan.tv\/wp-content\/uploads\/photo-2020-09-16-17-34-21.jpg","datePublished":"2020-09-17T13:17:01+00:00","breadcrumb":{"@id":"https:\/\/www.meydan.tv\/az\/article\/memur-evime-baxib-dedi-menim-tualetim-buradan-seraitlidir\/#breadcrumb"},"inLanguage":"az","potentialAction":[{"@type":"ReadAction","target":["https:\/\/www.meydan.tv\/az\/article\/memur-evime-baxib-dedi-menim-tualetim-buradan-seraitlidir\/"]}]},{"@type":"ImageObject","inLanguage":"az","@id":"https:\/\/www.meydan.tv\/az\/article\/memur-evime-baxib-dedi-menim-tualetim-buradan-seraitlidir\/#primaryimage","url":"https:\/\/www.meydan.tv\/wp-content\/uploads\/photo-2020-09-16-17-34-21.jpg","contentUrl":"https:\/\/www.meydan.tv\/wp-content\/uploads\/photo-2020-09-16-17-34-21.jpg","width":1280,"height":768,"caption":"Source: Specify Source"},{"@type":"BreadcrumbList","@id":"https:\/\/www.meydan.tv\/az\/article\/memur-evime-baxib-dedi-menim-tualetim-buradan-seraitlidir\/#breadcrumb","itemListElement":[{"@type":"ListItem","position":1,"name":"Ana s\u0259hif\u0259","item":"https:\/\/www.meydan.tv\/az\/"},{"@type":"ListItem","position":2,"name":"B\u00f6lg\u0259","item":"https:\/\/www.meydan.tv\/az\/section\/bolge\/"},{"@type":"ListItem","position":3,"name":"\u201cM\u0259mur evim\u0259 bax\u0131b dedi, m\u0259nim tualetim buradan \u015f\u0259raitlidir\u201d"}]},{"@type":"WebSite","@id":"https:\/\/www.meydan.tv\/az\/#website","url":"https:\/\/www.meydan.tv\/az\/","name":"MEYDAN.TV","description":"Meydan TV Az\u0259rbaycan\u0131n media m\u0259kan\u0131ndak\u0131 alternativ s\u0259sidir","publisher":{"@id":"https:\/\/www.meydan.tv\/az\/#organization"},"potentialAction":[{"@type":"SearchAction","target":{"@type":"EntryPoint","urlTemplate":"https:\/\/www.meydan.tv\/az\/?s={search_term_string}"},"query-input":{"@type":"PropertyValueSpecification","valueRequired":true,"valueName":"search_term_string"}}],"inLanguage":"az"},{"@type":"Organization","@id":"https:\/\/www.meydan.tv\/az\/#organization","name":"Meydan TV","url":"https:\/\/www.meydan.tv\/az\/","logo":{"@type":"ImageObject","inLanguage":"az","@id":"https:\/\/www.meydan.tv\/az\/#\/schema\/logo\/image\/","url":"https:\/\/www.meydan.tv\/wp-content\/uploads\/2021\/07\/meydan-logo.svg","contentUrl":"https:\/\/www.meydan.tv\/wp-content\/uploads\/2021\/07\/meydan-logo.svg","width":195,"height":46,"caption":"Meydan TV"},"image":{"@id":"https:\/\/www.meydan.tv\/az\/#\/schema\/logo\/image\/"}},{"@type":"Person","@id":"https:\/\/www.meydan.tv\/az\/#\/schema\/person\/10d11eccf6da3662cf5fdab9806ea91a","name":"user-manager"}]}},"_links":{"self":[{"href":"https:\/\/www.meydan.tv\/az\/wp-json\/wp\/v2\/posts\/202480","targetHints":{"allow":["GET"]}}],"collection":[{"href":"https:\/\/www.meydan.tv\/az\/wp-json\/wp\/v2\/posts"}],"about":[{"href":"https:\/\/www.meydan.tv\/az\/wp-json\/wp\/v2\/types\/post"}],"author":[{"embeddable":true,"href":"https:\/\/www.meydan.tv\/az\/wp-json\/wp\/v2\/users\/11"}],"replies":[{"embeddable":true,"href":"https:\/\/www.meydan.tv\/az\/wp-json\/wp\/v2\/comments?post=202480"}],"version-history":[{"count":0,"href":"https:\/\/www.meydan.tv\/az\/wp-json\/wp\/v2\/posts\/202480\/revisions"}],"wp:featuredmedia":[{"embeddable":true,"href":"https:\/\/www.meydan.tv\/az\/wp-json\/wp\/v2\/media\/147992"}],"wp:attachment":[{"href":"https:\/\/www.meydan.tv\/az\/wp-json\/wp\/v2\/media?parent=202480"}],"wp:term":[{"taxonomy":"category","embeddable":true,"href":"https:\/\/www.meydan.tv\/az\/wp-json\/wp\/v2\/categories?post=202480"},{"taxonomy":"post_tag","embeddable":true,"href":"https:\/\/www.meydan.tv\/az\/wp-json\/wp\/v2\/tags?post=202480"}],"curies":[{"name":"wp","href":"https:\/\/api.w.org\/{rel}","templated":true}]}}