{"id":202474,"date":"2020-09-17T11:22:14","date_gmt":"2020-09-17T11:22:14","guid":{"rendered":"https:\/\/www.meydan.tv\/article\/saatli-sakini-anamin-olumune-gore-defn-pulunu-tam-vermediler\/"},"modified":"2020-09-17T11:22:14","modified_gmt":"2020-09-17T11:22:14","slug":"saatli-sakini-anamin-olumune-gore-defn-pulunu-tam-vermediler","status":"publish","type":"post","link":"https:\/\/www.meydan.tv\/az\/article\/saatli-sakini-anamin-olumune-gore-defn-pulunu-tam-vermediler\/","title":{"rendered":"Saatl\u0131 sakini: Anam\u0131n \u00f6l\u00fcm\u00fcn\u0259 g\u00f6r\u0259 d\u0259fn pulunu tam verm\u0259dil\u0259r"},"content":{"rendered":"<p>\n  <i><br \/>\n    D\u00f6vl\u0259t Sosial M\u00fcdafi\u0259 Fondu is\u0259 m\u0259bl\u0259\u011fin do\u011fru hesabland\u0131\u011f\u0131n\u0131 deyir<br \/>\n  <\/i>\n<\/p>\n<p>\n  Saatl\u0131n\u0131n Sar\u0131calar k\u0259nd orta m\u0259kt\u0259bind\u0259 uzun ill\u0259r Az\u0259rbaycan dili v\u0259 \u0259d\u0259biyyatdan d\u0259rs dey\u0259n H\u0259may\u0259 V\u0259li\u015fova iyunun 13-d\u0259 v\u0259fat edib. Amma onun yax\u0131nlar\u0131 d\u0259fn pulunu ala bilm\u0259dikl\u0259rini deyirl\u0259r.\n<\/p>\n<p>\n  <b><br \/>\n    \u201cPul haqq\u0131nda d\u00fc\u015f\u00fcnm\u0259k vaxt\u0131 deyildi\u201d<br \/>\n  <\/b>\n<\/p>\n<p>\n  H\u0259may\u0259 m\u00fc\u0259llim\u0259nin o\u011flu Anar V\u0259li\u015fov dan\u0131\u015f\u0131r ki, anas\u0131n\u0131n q\u0131rx m\u0259rasimi ba\u015fa \u00e7atmam\u0131\u015f D\u00f6vl\u0259t Sosial M\u00fcdafi\u0259 Fondunun Saatl\u0131 rayon \u015f\u00f6b\u0259sin\u0259 m\u00fcraci\u0259t edib. Ona gecikdiyini bildiribl\u0259r. Anar V\u0259li\u015fovun b\u00fct\u00fcn c\u0259hdl\u0259ri bo\u015fa \u00e7\u0131x\u0131b:\n<\/p>\n<p>\n  \u201c\u018flb\u0259tt\u0259, m\u0259n\u0259 anam laz\u0131m idi, pulu yox. Amma adam\u0131 yand\u0131r\u0131r. M\u0259n\u0259 t\u0259sir el\u0259y\u0259n odur ki, g\u00f6r ne\u00e7\u0259 adam\u0131 aldad\u0131rlar. C\u0259mi 46 manat 10 q\u0259pik verdil\u0259r. Guya pensiya al\u0131nandan \u00fc\u00e7 g\u00fcn sonra \u00f6l\u00fcb dey\u0259, o g\u00fcnl\u0259ri hesablay\u0131b veribl\u0259r. Sosial M\u00fcdafi\u0259 Fondunun rayon \u015f\u00f6b\u0259sin\u0259 getdim, dedil\u0259r, g\u0259r\u0259k tez g\u0259l\u0259ydiniz. Nec\u0259 tez g\u0259l\u0259ydim?! M\u0259nim \u00f6l\u00fcm ortal\u0131qda idi. Pul haqq\u0131nda d\u00fc\u015f\u00fcnm\u0259k vaxt\u0131 deyildi. Bir az ba\u015f a\u00e7\u0131landan sonra getdim. H\u0259tta dedim ki, he\u00e7 olmasa, yar\u0131s\u0131n\u0131 verin. Dedil\u0259r, d\u00fcz\u0259l\u0259n m\u0259s\u0259l\u0259 deyil. Qulaq asan olmad\u0131. E\u015fitdim ki, 600 manat verilm\u0259si normativi \u00e7\u0131x\u0131b. Biz he\u00e7 bu pulu da g\u00f6rm\u0259mi\u015fik\u201d.\n<\/p>\n<p>\n  <b><br \/>\n    \u201cDedil\u0259r ki, hesab el\u0259yin, yas x\u0259rcl\u0259rin\u0259 k\u00f6m\u0259k el\u0259yirik\u201d<br \/>\n  <\/b>\n<\/p>\n<p>\n  Anar V\u0259li\u015fov deyir ki, anas\u0131 \u0259vv\u0259l 968 manat t\u0259qa\u00fcd al\u0131rm\u0131\u015f. Sonra m\u0259bl\u0259\u011f bir az da art\u0131b. Qad\u0131n v\u0259fat ed\u0259nd\u0259 ayl\u0131q t\u0259qa\u00fcd\u00fc t\u0259xmin\u0259n 990-995 manat imi\u015f.\n<\/p>\n<p>\n  \u201c2016-c\u0131 ild\u0259 h\u0259m staja, h\u0259m d\u0259 \u00fc\u00e7 u\u015fa\u011fa g\u00f6r\u0259 t\u0259qa\u00fcd\u0259 \u00e7\u0131xm\u0131\u015fd\u0131. 968 manat d\u0259qiq yad\u0131mda qal\u0131b. Pensiyan\u0131n baza hiss\u0259si 10 ild\u0259n bir art\u0131r. Onda m\u0259bl\u0259\u011f 1000 manata yax\u0131nla\u015fm\u0131\u015fd\u0131. M\u0259kt\u0259bd\u0259n hesabla\u015fanda da h\u0259r \u015feyi n\u0259z\u0259r\u0259 alm\u0131\u015fd\u0131lar. Nec\u0259 laz\u0131md\u0131sa, sa\u011folla\u015fm\u0131\u015fd\u0131lar. \u00c7ox vicdanl\u0131 davranm\u0131\u015fd\u0131lar. H\u0259tta art\u0131q verdil\u0259r. G\u00f6t\u00fcrm\u0259k d\u0259 ist\u0259mirdik. Dedil\u0259r ki, hesab el\u0259yin, yas x\u0259rcl\u0259rin\u0259 k\u00f6m\u0259k el\u0259mi\u015fik\u201d, &#8211; Anar V\u0259li\u015fov bel\u0259 deyir.\n<\/p>\n<p>\n  Onun s\u00f6zl\u0259rin\u0259 g\u00f6r\u0259, v\u0259fat ed\u0259n \u015f\u0259xsin t\u0259qa\u00fcd\u00fcn\u00fcn \u00fc\u00e7 misli q\u0259d\u0259r d\u0259fn pulu verilm\u0259lidir.\n<\/p>\n<p>\n  <b><br \/>\n    \u201cEl\u0259 davranmaq ist\u0259m\u0259dim, abr\u0131m\u0131 g\u00f6zl\u0259dim\u201d<br \/>\n  <\/b>\n<\/p>\n<p>\n  H\u0259may\u0259 V\u0259li\u015fovan\u0131n 65 ya\u015f\u0131 tamam olubmu\u015f. Amma m\u00fcqavil\u0259 il\u0259 i\u015fini davam etdirirmi\u015f. Az\u0131 bir il d\u0259 m\u0259kt\u0259bd\u0259 i\u015fl\u0259m\u0259liymi\u015f: \u201cH\u0259r ay ne\u00e7\u0259 yer\u0259 pul \u00f6d\u0259yirdi. Bu m\u0259s\u0259l\u0259l\u0259r\u0259 \u00e7ox h\u0259ssas yana\u015f\u0131rd\u0131. \u0130\u015fini vicdanla g\u00f6r\u00fcrd\u00fc. \u0130ndi halal pulunu ist\u0259yirik, ba\u015flar\u0131n\u0131 tuturlar. Deyirl\u0259r ki, qanun d\u0259yi\u015fib. E\u015fitdim ki, pensiya fondu m\u0259kt\u0259bin \u00fcst\u00fcn\u0259 at\u0131b. Amma fond \u00fcz\u0259rin\u0259 d\u00fc\u015f\u0259ni el\u0259m\u0259liydi. He\u00e7 kimd\u0259n biz\u0259 d\u00fc\u015fm\u0259y\u0259n pulu ist\u0259mirik. Qanunlar n\u0259 deyirs\u0259, o c\u00fcr olsun\u201d.\n<\/p>\n<p>\n  Anar V\u0259li\u015fov anas\u0131n\u0131n yas m\u0259rasiml\u0259ri bit\u0259nd\u0259n sonra da bir d\u0259f\u0259 d\u0259 D\u00f6vl\u0259t Sosial M\u00fcdafi\u0259 Fondunun Saatl\u0131 rayon \u015f\u00f6b\u0259sin\u0259 gedib. R\u0259hb\u0259rlikl\u0259 g\u00f6r\u00fc\u015fm\u0259k m\u00fcmk\u00fcn olmay\u0131b: \u201c\u0130ki \u0259m\u0259kda\u015fla g\u00f6r\u00fc\u015fd\u00fcm. Adlar\u0131 yad\u0131mda qalmay\u0131b. Yen\u0259 onu e\u015fitdim ki, d\u00fcz\u0259l\u0259n m\u0259s\u0259l\u0259 deyil. Adam var, dir\u0259nir. M\u0259n el\u0259 davranmaq ist\u0259m\u0259dim. Y\u0259ni hans\u0131sa m\u0259nada abr\u0131m\u0131 g\u00f6zl\u0259dim. Bel\u0259 d\u0259 olmaz. Art\u0131q pul ist\u0259mirik ax\u0131. Haqq\u0131m\u0131z \u00e7atan\u0131 versinl\u0259r&#8230;\u201d\n<\/p>\n<p>\n  <b><br \/>\n    \u201cD\u00fczg\u00fcn hesablan\u0131b\u201d<br \/>\n  <\/b>\n<\/p>\n<p>\n  D\u00f6vl\u0259t Sosial M\u00fcdafi\u0259 Fondunun Saatl\u0131 \u015f\u00f6b\u0259sinin r\u0259hb\u0259ri Kamal C\u0259f\u0259rov is\u0259 Meydan TV-y\u0259 bildirib ki, H\u0259may\u0259 V\u0259li\u015fovan\u0131n h\u00fcquqi varisin\u0259 bank hesab\u0131 vasit\u0259sil\u0259 \u00f6d\u0259nil\u0259n v\u0259sait d\u00fc\u015fg\u00fcn hesablan\u0131b. Onun s\u00f6zl\u0259rin\u0259 g\u00f6r\u0259, d\u0259fn pulu \u015f\u0259xsin ald\u0131\u011f\u0131 t\u0259qa\u00fcd\u00fcn m\u0259bl\u0259\u011finin \u00fc\u00e7 misli yox, minimum pensiyan\u0131n \u00fc\u00e7 misli h\u0259cmind\u0259 hesablan\u0131r:\n<\/p>\n<p>\n  \u201cMinimum pensiya 200 manat civar\u0131ndad\u0131r, d\u0259fn pulu da t\u0259xmin\u0259n 600 manat edir. \u018fg\u0259r \u015f\u0259xs v\u0259fat ed\u0259rk\u0259n h\u0259min ay\u0131n pensiyas\u0131n\u0131 al\u0131bsa, o g\u00fcnl\u0259rin pulu h\u0259min m\u0259bl\u0259\u011fd\u0259n \u00e7\u0131x\u0131l\u0131r. H\u0259may\u0259 V\u0259li\u015fovan\u0131n ayl\u0131q pensiyas\u0131 923 manat 15 q\u0259pik olub. O, iyunun 12-d\u0259 v\u0259fat edib. H\u0259min vaxt art\u0131q o ay\u0131n pensiyas\u0131n\u0131 al\u0131b. Ona g\u00f6r\u0259 d\u0259 ay\u0131n qalan g\u00fcnl\u0259ril\u0259 ba\u011fl\u0131 hesablama apar\u0131l\u0131b, 600 manatdan \u00e7\u0131x\u0131l\u0131b, qalan m\u0259bl\u0259\u011f \u00f6d\u0259nilib\u201d.<\/p>\n","protected":false},"excerpt":{"rendered":"<p>&#8220;Biz he\u00e7 bu pulu da g\u00f6rm\u0259mi\u015fik&#8221;<\/p>\n","protected":false},"author":11,"featured_media":142064,"comment_status":"closed","ping_status":"open","sticky":false,"template":"","format":"standard","meta":{"_acf_changed":false,"_sitemap_exclude":false,"_sitemap_priority":"","_sitemap_frequency":"","footnotes":""},"categories":[60],"tags":[],"class_list":["post-202474","post","type-post","status-publish","format-standard","has-post-thumbnail","hentry","category-bolge","infinite-scroll-item","generate-columns","tablet-grid-50","mobile-grid-100","grid-parent","grid-33","no-featured-image-padding"],"acf":[],"yoast_head":"<!-- This site is optimized with the Yoast SEO plugin v27.5 - https:\/\/yoast.com\/product\/yoast-seo-wordpress\/ -->\n<title>Saatl\u0131 sakini: Anam\u0131n \u00f6l\u00fcm\u00fcn\u0259 g\u00f6r\u0259 d\u0259fn pulunu tam verm\u0259dil\u0259r - MEYDAN.TV<\/title>\n<meta name=\"robots\" content=\"index, follow, max-snippet:-1, max-image-preview:large, max-video-preview:-1\" \/>\n<link rel=\"canonical\" href=\"https:\/\/www.meydan.tv\/az\/article\/saatli-sakini-anamin-olumune-gore-defn-pulunu-tam-vermediler\/\" \/>\n<meta property=\"og:locale\" content=\"az_AZ\" \/>\n<meta property=\"og:type\" content=\"article\" \/>\n<meta property=\"og:title\" content=\"Saatl\u0131 sakini: Anam\u0131n \u00f6l\u00fcm\u00fcn\u0259 g\u00f6r\u0259 d\u0259fn pulunu tam verm\u0259dil\u0259r - MEYDAN.TV\" \/>\n<meta property=\"og:description\" content=\"&quot;Biz he\u00e7 bu pulu da g\u00f6rm\u0259mi\u015fik&quot;\" \/>\n<meta property=\"og:url\" content=\"https:\/\/www.meydan.tv\/az\/article\/saatli-sakini-anamin-olumune-gore-defn-pulunu-tam-vermediler\/\" \/>\n<meta property=\"og:site_name\" content=\"MEYDAN.TV\" \/>\n<meta property=\"article:published_time\" content=\"2020-09-17T11:22:14+00:00\" \/>\n<meta property=\"og:image\" content=\"https:\/\/www.meydan.tv\/wp-content\/uploads\/d43a4191-20dd-4708-a9f5-11dfb6d4bc73_640.jpg\" \/>\n\t<meta property=\"og:image:width\" content=\"729\" \/>\n\t<meta property=\"og:image:height\" content=\"487\" \/>\n\t<meta property=\"og:image:type\" content=\"image\/jpeg\" \/>\n<meta name=\"author\" content=\"user-manager\" \/>\n<meta name=\"twitter:card\" content=\"summary_large_image\" \/>\n<script type=\"application\/ld+json\" class=\"yoast-schema-graph\">{\"@context\":\"https:\\\/\\\/schema.org\",\"@graph\":[{\"@type\":\"Article\",\"@id\":\"https:\\\/\\\/www.meydan.tv\\\/az\\\/article\\\/saatli-sakini-anamin-olumune-gore-defn-pulunu-tam-vermediler\\\/#article\",\"isPartOf\":{\"@id\":\"https:\\\/\\\/www.meydan.tv\\\/az\\\/article\\\/saatli-sakini-anamin-olumune-gore-defn-pulunu-tam-vermediler\\\/\"},\"author\":{\"name\":\"user-manager\",\"@id\":\"https:\\\/\\\/www.meydan.tv\\\/az\\\/#\\\/schema\\\/person\\\/10d11eccf6da3662cf5fdab9806ea91a\"},\"headline\":\"Saatl\u0131 sakini: Anam\u0131n \u00f6l\u00fcm\u00fcn\u0259 g\u00f6r\u0259 d\u0259fn pulunu tam verm\u0259dil\u0259r\",\"datePublished\":\"2020-09-17T11:22:14+00:00\",\"mainEntityOfPage\":{\"@id\":\"https:\\\/\\\/www.meydan.tv\\\/az\\\/article\\\/saatli-sakini-anamin-olumune-gore-defn-pulunu-tam-vermediler\\\/\"},\"wordCount\":876,\"publisher\":{\"@id\":\"https:\\\/\\\/www.meydan.tv\\\/az\\\/#organization\"},\"image\":{\"@id\":\"https:\\\/\\\/www.meydan.tv\\\/az\\\/article\\\/saatli-sakini-anamin-olumune-gore-defn-pulunu-tam-vermediler\\\/#primaryimage\"},\"thumbnailUrl\":\"https:\\\/\\\/www.meydan.tv\\\/wp-content\\\/uploads\\\/d43a4191-20dd-4708-a9f5-11dfb6d4bc73_640.jpg\",\"articleSection\":[\"B\u00f6lg\u0259\"],\"inLanguage\":\"az\"},{\"@type\":\"WebPage\",\"@id\":\"https:\\\/\\\/www.meydan.tv\\\/az\\\/article\\\/saatli-sakini-anamin-olumune-gore-defn-pulunu-tam-vermediler\\\/\",\"url\":\"https:\\\/\\\/www.meydan.tv\\\/az\\\/article\\\/saatli-sakini-anamin-olumune-gore-defn-pulunu-tam-vermediler\\\/\",\"name\":\"Saatl\u0131 sakini: Anam\u0131n \u00f6l\u00fcm\u00fcn\u0259 g\u00f6r\u0259 d\u0259fn pulunu tam verm\u0259dil\u0259r - MEYDAN.TV\",\"isPartOf\":{\"@id\":\"https:\\\/\\\/www.meydan.tv\\\/az\\\/#website\"},\"primaryImageOfPage\":{\"@id\":\"https:\\\/\\\/www.meydan.tv\\\/az\\\/article\\\/saatli-sakini-anamin-olumune-gore-defn-pulunu-tam-vermediler\\\/#primaryimage\"},\"image\":{\"@id\":\"https:\\\/\\\/www.meydan.tv\\\/az\\\/article\\\/saatli-sakini-anamin-olumune-gore-defn-pulunu-tam-vermediler\\\/#primaryimage\"},\"thumbnailUrl\":\"https:\\\/\\\/www.meydan.tv\\\/wp-content\\\/uploads\\\/d43a4191-20dd-4708-a9f5-11dfb6d4bc73_640.jpg\",\"datePublished\":\"2020-09-17T11:22:14+00:00\",\"breadcrumb\":{\"@id\":\"https:\\\/\\\/www.meydan.tv\\\/az\\\/article\\\/saatli-sakini-anamin-olumune-gore-defn-pulunu-tam-vermediler\\\/#breadcrumb\"},\"inLanguage\":\"az\",\"potentialAction\":[{\"@type\":\"ReadAction\",\"target\":[\"https:\\\/\\\/www.meydan.tv\\\/az\\\/article\\\/saatli-sakini-anamin-olumune-gore-defn-pulunu-tam-vermediler\\\/\"]}]},{\"@type\":\"ImageObject\",\"inLanguage\":\"az\",\"@id\":\"https:\\\/\\\/www.meydan.tv\\\/az\\\/article\\\/saatli-sakini-anamin-olumune-gore-defn-pulunu-tam-vermediler\\\/#primaryimage\",\"url\":\"https:\\\/\\\/www.meydan.tv\\\/wp-content\\\/uploads\\\/d43a4191-20dd-4708-a9f5-11dfb6d4bc73_640.jpg\",\"contentUrl\":\"https:\\\/\\\/www.meydan.tv\\\/wp-content\\\/uploads\\\/d43a4191-20dd-4708-a9f5-11dfb6d4bc73_640.jpg\",\"width\":729,\"height\":487,\"caption\":\"Foto: arxiv\"},{\"@type\":\"BreadcrumbList\",\"@id\":\"https:\\\/\\\/www.meydan.tv\\\/az\\\/article\\\/saatli-sakini-anamin-olumune-gore-defn-pulunu-tam-vermediler\\\/#breadcrumb\",\"itemListElement\":[{\"@type\":\"ListItem\",\"position\":1,\"name\":\"Ana s\u0259hif\u0259\",\"item\":\"https:\\\/\\\/www.meydan.tv\\\/az\\\/\"},{\"@type\":\"ListItem\",\"position\":2,\"name\":\"B\u00f6lg\u0259\",\"item\":\"https:\\\/\\\/www.meydan.tv\\\/az\\\/section\\\/bolge\\\/\"},{\"@type\":\"ListItem\",\"position\":3,\"name\":\"Saatl\u0131 sakini: Anam\u0131n \u00f6l\u00fcm\u00fcn\u0259 g\u00f6r\u0259 d\u0259fn pulunu tam verm\u0259dil\u0259r\"}]},{\"@type\":\"WebSite\",\"@id\":\"https:\\\/\\\/www.meydan.tv\\\/az\\\/#website\",\"url\":\"https:\\\/\\\/www.meydan.tv\\\/az\\\/\",\"name\":\"MEYDAN.TV\",\"description\":\"Meydan TV Az\u0259rbaycan\u0131n media m\u0259kan\u0131ndak\u0131 alternativ s\u0259sidir\",\"publisher\":{\"@id\":\"https:\\\/\\\/www.meydan.tv\\\/az\\\/#organization\"},\"potentialAction\":[{\"@type\":\"SearchAction\",\"target\":{\"@type\":\"EntryPoint\",\"urlTemplate\":\"https:\\\/\\\/www.meydan.tv\\\/az\\\/?s={search_term_string}\"},\"query-input\":{\"@type\":\"PropertyValueSpecification\",\"valueRequired\":true,\"valueName\":\"search_term_string\"}}],\"inLanguage\":\"az\"},{\"@type\":\"Organization\",\"@id\":\"https:\\\/\\\/www.meydan.tv\\\/az\\\/#organization\",\"name\":\"Meydan TV\",\"url\":\"https:\\\/\\\/www.meydan.tv\\\/az\\\/\",\"logo\":{\"@type\":\"ImageObject\",\"inLanguage\":\"az\",\"@id\":\"https:\\\/\\\/www.meydan.tv\\\/az\\\/#\\\/schema\\\/logo\\\/image\\\/\",\"url\":\"https:\\\/\\\/www.meydan.tv\\\/wp-content\\\/uploads\\\/2021\\\/07\\\/meydan-logo.svg\",\"contentUrl\":\"https:\\\/\\\/www.meydan.tv\\\/wp-content\\\/uploads\\\/2021\\\/07\\\/meydan-logo.svg\",\"width\":195,\"height\":46,\"caption\":\"Meydan TV\"},\"image\":{\"@id\":\"https:\\\/\\\/www.meydan.tv\\\/az\\\/#\\\/schema\\\/logo\\\/image\\\/\"}},{\"@type\":\"Person\",\"@id\":\"https:\\\/\\\/www.meydan.tv\\\/az\\\/#\\\/schema\\\/person\\\/10d11eccf6da3662cf5fdab9806ea91a\",\"name\":\"user-manager\"}]}<\/script>\n<!-- \/ Yoast SEO plugin. -->","yoast_head_json":{"title":"Saatl\u0131 sakini: Anam\u0131n \u00f6l\u00fcm\u00fcn\u0259 g\u00f6r\u0259 d\u0259fn pulunu tam verm\u0259dil\u0259r - MEYDAN.TV","robots":{"index":"index","follow":"follow","max-snippet":"max-snippet:-1","max-image-preview":"max-image-preview:large","max-video-preview":"max-video-preview:-1"},"canonical":"https:\/\/www.meydan.tv\/az\/article\/saatli-sakini-anamin-olumune-gore-defn-pulunu-tam-vermediler\/","og_locale":"az_AZ","og_type":"article","og_title":"Saatl\u0131 sakini: Anam\u0131n \u00f6l\u00fcm\u00fcn\u0259 g\u00f6r\u0259 d\u0259fn pulunu tam verm\u0259dil\u0259r - MEYDAN.TV","og_description":"\"Biz he\u00e7 bu pulu da g\u00f6rm\u0259mi\u015fik\"","og_url":"https:\/\/www.meydan.tv\/az\/article\/saatli-sakini-anamin-olumune-gore-defn-pulunu-tam-vermediler\/","og_site_name":"MEYDAN.TV","article_published_time":"2020-09-17T11:22:14+00:00","og_image":[{"width":729,"height":487,"url":"https:\/\/www.meydan.tv\/wp-content\/uploads\/d43a4191-20dd-4708-a9f5-11dfb6d4bc73_640.jpg","type":"image\/jpeg"}],"author":"user-manager","twitter_card":"summary_large_image","schema":{"@context":"https:\/\/schema.org","@graph":[{"@type":"Article","@id":"https:\/\/www.meydan.tv\/az\/article\/saatli-sakini-anamin-olumune-gore-defn-pulunu-tam-vermediler\/#article","isPartOf":{"@id":"https:\/\/www.meydan.tv\/az\/article\/saatli-sakini-anamin-olumune-gore-defn-pulunu-tam-vermediler\/"},"author":{"name":"user-manager","@id":"https:\/\/www.meydan.tv\/az\/#\/schema\/person\/10d11eccf6da3662cf5fdab9806ea91a"},"headline":"Saatl\u0131 sakini: Anam\u0131n \u00f6l\u00fcm\u00fcn\u0259 g\u00f6r\u0259 d\u0259fn pulunu tam verm\u0259dil\u0259r","datePublished":"2020-09-17T11:22:14+00:00","mainEntityOfPage":{"@id":"https:\/\/www.meydan.tv\/az\/article\/saatli-sakini-anamin-olumune-gore-defn-pulunu-tam-vermediler\/"},"wordCount":876,"publisher":{"@id":"https:\/\/www.meydan.tv\/az\/#organization"},"image":{"@id":"https:\/\/www.meydan.tv\/az\/article\/saatli-sakini-anamin-olumune-gore-defn-pulunu-tam-vermediler\/#primaryimage"},"thumbnailUrl":"https:\/\/www.meydan.tv\/wp-content\/uploads\/d43a4191-20dd-4708-a9f5-11dfb6d4bc73_640.jpg","articleSection":["B\u00f6lg\u0259"],"inLanguage":"az"},{"@type":"WebPage","@id":"https:\/\/www.meydan.tv\/az\/article\/saatli-sakini-anamin-olumune-gore-defn-pulunu-tam-vermediler\/","url":"https:\/\/www.meydan.tv\/az\/article\/saatli-sakini-anamin-olumune-gore-defn-pulunu-tam-vermediler\/","name":"Saatl\u0131 sakini: Anam\u0131n \u00f6l\u00fcm\u00fcn\u0259 g\u00f6r\u0259 d\u0259fn pulunu tam verm\u0259dil\u0259r - MEYDAN.TV","isPartOf":{"@id":"https:\/\/www.meydan.tv\/az\/#website"},"primaryImageOfPage":{"@id":"https:\/\/www.meydan.tv\/az\/article\/saatli-sakini-anamin-olumune-gore-defn-pulunu-tam-vermediler\/#primaryimage"},"image":{"@id":"https:\/\/www.meydan.tv\/az\/article\/saatli-sakini-anamin-olumune-gore-defn-pulunu-tam-vermediler\/#primaryimage"},"thumbnailUrl":"https:\/\/www.meydan.tv\/wp-content\/uploads\/d43a4191-20dd-4708-a9f5-11dfb6d4bc73_640.jpg","datePublished":"2020-09-17T11:22:14+00:00","breadcrumb":{"@id":"https:\/\/www.meydan.tv\/az\/article\/saatli-sakini-anamin-olumune-gore-defn-pulunu-tam-vermediler\/#breadcrumb"},"inLanguage":"az","potentialAction":[{"@type":"ReadAction","target":["https:\/\/www.meydan.tv\/az\/article\/saatli-sakini-anamin-olumune-gore-defn-pulunu-tam-vermediler\/"]}]},{"@type":"ImageObject","inLanguage":"az","@id":"https:\/\/www.meydan.tv\/az\/article\/saatli-sakini-anamin-olumune-gore-defn-pulunu-tam-vermediler\/#primaryimage","url":"https:\/\/www.meydan.tv\/wp-content\/uploads\/d43a4191-20dd-4708-a9f5-11dfb6d4bc73_640.jpg","contentUrl":"https:\/\/www.meydan.tv\/wp-content\/uploads\/d43a4191-20dd-4708-a9f5-11dfb6d4bc73_640.jpg","width":729,"height":487,"caption":"Foto: arxiv"},{"@type":"BreadcrumbList","@id":"https:\/\/www.meydan.tv\/az\/article\/saatli-sakini-anamin-olumune-gore-defn-pulunu-tam-vermediler\/#breadcrumb","itemListElement":[{"@type":"ListItem","position":1,"name":"Ana s\u0259hif\u0259","item":"https:\/\/www.meydan.tv\/az\/"},{"@type":"ListItem","position":2,"name":"B\u00f6lg\u0259","item":"https:\/\/www.meydan.tv\/az\/section\/bolge\/"},{"@type":"ListItem","position":3,"name":"Saatl\u0131 sakini: Anam\u0131n \u00f6l\u00fcm\u00fcn\u0259 g\u00f6r\u0259 d\u0259fn pulunu tam verm\u0259dil\u0259r"}]},{"@type":"WebSite","@id":"https:\/\/www.meydan.tv\/az\/#website","url":"https:\/\/www.meydan.tv\/az\/","name":"MEYDAN.TV","description":"Meydan TV Az\u0259rbaycan\u0131n media m\u0259kan\u0131ndak\u0131 alternativ s\u0259sidir","publisher":{"@id":"https:\/\/www.meydan.tv\/az\/#organization"},"potentialAction":[{"@type":"SearchAction","target":{"@type":"EntryPoint","urlTemplate":"https:\/\/www.meydan.tv\/az\/?s={search_term_string}"},"query-input":{"@type":"PropertyValueSpecification","valueRequired":true,"valueName":"search_term_string"}}],"inLanguage":"az"},{"@type":"Organization","@id":"https:\/\/www.meydan.tv\/az\/#organization","name":"Meydan TV","url":"https:\/\/www.meydan.tv\/az\/","logo":{"@type":"ImageObject","inLanguage":"az","@id":"https:\/\/www.meydan.tv\/az\/#\/schema\/logo\/image\/","url":"https:\/\/www.meydan.tv\/wp-content\/uploads\/2021\/07\/meydan-logo.svg","contentUrl":"https:\/\/www.meydan.tv\/wp-content\/uploads\/2021\/07\/meydan-logo.svg","width":195,"height":46,"caption":"Meydan TV"},"image":{"@id":"https:\/\/www.meydan.tv\/az\/#\/schema\/logo\/image\/"}},{"@type":"Person","@id":"https:\/\/www.meydan.tv\/az\/#\/schema\/person\/10d11eccf6da3662cf5fdab9806ea91a","name":"user-manager"}]}},"_links":{"self":[{"href":"https:\/\/www.meydan.tv\/az\/wp-json\/wp\/v2\/posts\/202474","targetHints":{"allow":["GET"]}}],"collection":[{"href":"https:\/\/www.meydan.tv\/az\/wp-json\/wp\/v2\/posts"}],"about":[{"href":"https:\/\/www.meydan.tv\/az\/wp-json\/wp\/v2\/types\/post"}],"author":[{"embeddable":true,"href":"https:\/\/www.meydan.tv\/az\/wp-json\/wp\/v2\/users\/11"}],"replies":[{"embeddable":true,"href":"https:\/\/www.meydan.tv\/az\/wp-json\/wp\/v2\/comments?post=202474"}],"version-history":[{"count":0,"href":"https:\/\/www.meydan.tv\/az\/wp-json\/wp\/v2\/posts\/202474\/revisions"}],"wp:featuredmedia":[{"embeddable":true,"href":"https:\/\/www.meydan.tv\/az\/wp-json\/wp\/v2\/media\/142064"}],"wp:attachment":[{"href":"https:\/\/www.meydan.tv\/az\/wp-json\/wp\/v2\/media?parent=202474"}],"wp:term":[{"taxonomy":"category","embeddable":true,"href":"https:\/\/www.meydan.tv\/az\/wp-json\/wp\/v2\/categories?post=202474"},{"taxonomy":"post_tag","embeddable":true,"href":"https:\/\/www.meydan.tv\/az\/wp-json\/wp\/v2\/tags?post=202474"}],"curies":[{"name":"wp","href":"https:\/\/api.w.org\/{rel}","templated":true}]}}