{"id":202431,"date":"2020-09-14T15:19:47","date_gmt":"2020-09-14T15:19:47","guid":{"rendered":"https:\/\/www.meydan.tv\/article\/prokurorluga-sikayet-etdiyim-ucun-icra-numayendesi-meni-cerimeletdirib\/"},"modified":"2020-09-14T15:19:47","modified_gmt":"2020-09-14T15:19:47","slug":"prokurorluga-sikayet-etdiyim-ucun-icra-numayendesi-meni-cerimeletdirib","status":"publish","type":"post","link":"https:\/\/www.meydan.tv\/az\/article\/prokurorluga-sikayet-etdiyim-ucun-icra-numayendesi-meni-cerimeletdirib\/","title":{"rendered":"\u201cProkurorlu\u011fa \u015fikay\u0259t etdiyim \u00fc\u00e7\u00fcn icra n\u00fcmay\u0259nd\u0259si m\u0259ni c\u0259rim\u0259l\u0259tdirib\u201d"},"content":{"rendered":"<p>\n  <i><br \/>\n    \u0130smay\u0131ll\u0131 sakini \u0130lham \u018fliyevd\u0259n k\u00f6m\u0259k ist\u0259yir<br \/>\n  <\/i>\n<\/p>\n<p>\n  \u201cBu ilin aprelind\u0259 \u00f6lk\u0259 ba\u015f\u00e7\u0131s\u0131 \u0130lham \u018fliyevin \u00e7\u0131x\u0131\u015f\u0131n\u0131 izl\u0259dim. Deyirdi ki, d\u00f6vl\u0259t m\u0259murlar\u0131n\u0131n yaramaz \u0259m\u0259ll\u0259rinin qar\u015f\u0131s\u0131n\u0131 almaq laz\u0131md\u0131r. R\u00fc\u015fv\u0259txorlu\u011fa qar\u015f\u0131 m\u00fcbariz\u0259d\u0259 prokurorluq orqanlar\u0131 il\u0259 yana\u015f\u0131, sad\u0259 v\u0259t\u0259nda\u015flar da f\u0259all\u0131q g\u00f6st\u0259rm\u0259lidir. Prezident insanlar\u0131 s\u0259sl\u0259yib ki, qanunsuz hesab etdiyiniz \u0259m\u0259ll\u0259ri m\u0259n\u0259 yaz\u0131n, yaxud m\u00fcvafiq orqanlara m\u00fcraci\u0259t edin\u201d.\n<\/p>\n<p>\n  Bu s\u00f6zl\u0259ri Meydan TV-y\u0259 \u0130smay\u0131ll\u0131 rayonu, Qubax\u0259lilli k\u0259nd sakini Fikr\u0259t \u015eir\u0259liyev deyir. S\u00f6yl\u0259yir ki, \u00f6lk\u0259 ba\u015f\u00e7\u0131s\u0131n\u0131n \u00e7\u0131x\u0131\u015f\u0131ndan sonra k\u0259ndin inzibati \u0259razi dair\u0259si \u00fczr\u0259 n\u00fcmay\u0259nd\u0259si Ya\u015far C\u0259lalovdan \u0130smay\u0131ll\u0131 Rayon Prokurorlu\u011funa \u015fikay\u0259t edib:\n<\/p>\n<p>\n  \u201cProkurorluqda \u0259riz\u0259 yazd\u0131m ki, m\u0259nim bu adam\u0131n qanunsuz hesab etdiyim \u0259m\u0259ll\u0259ri ara\u015fd\u0131r\u0131ls\u0131n. Onlar da bilmir\u0259m nec\u0259, n\u0259 c\u00fcr ara\u015fd\u0131rd\u0131lar. Prokurorluq onun \u0259m\u0259ll\u0259rind\u0259 he\u00e7 bir yanl\u0131\u015fl\u0131q g\u00f6rm\u0259di. Ya\u015far C\u0259lilov da b\u0259ra\u0259t qazanma\u011f\u0131n\u0131 f\u00fcrs\u0259t bilib, m\u0259ni \u0130smay\u0131ll\u0131 Rayon M\u0259hk\u0259m\u0259sin\u0259 verdi ki, guya onun \u015f\u0259r\u0259f v\u0259 lay\u0259q\u0259tin\u0259 toxunu\u015fam, t\u0259hqir etmi\u015f\u0259m. M\u0259n\u0259 otuz min manat t\u0259zminat \u00f6d\u0259m\u0259k, t\u0259kzib m\u0259ktubu yazmaq v\u0259 \u00fczr ist\u0259m\u0259k t\u0259l\u0259bi qoydu. M\u0259hk\u0259m\u0259 Ya\u015far C\u0259lilova d\u00f6rd min manat t\u0259zminat \u00f6d\u0259m\u0259yim\u0259 dair q\u0259rar \u00e7\u0131xard\u0131\u201d.\n<\/p>\n<p>\n  \u0130smay\u0131ll\u0131 Rayon M\u0259hk\u0259m\u0259sinin bu il sentyabr\u0131n 2-d\u0259 \u00e7\u0131xard\u0131\u011f\u0131 q\u0259rar\u0131n\u0131 q\u0259r\u0259zli sayan Fikr\u0259t \u015eir\u0259liyev \u015e\u0259ki Apelyasiya M\u0259hk\u0259m\u0259sin\u0259 m\u00fcraci\u0259t ed\u0259c\u0259k:\n<\/p>\n<p>\n  \u201cHakim\u0259 dedim ki, g\u00fcnah\u0131m\u0131 deyin, bundan sonra m\u0259n\u0259 d\u00f6rd min yox, lap q\u0131rx min t\u0259zminat k\u0259sin. Camaat topla\u015f\u0131b, m\u0259n\u0259 \u0259lli-y\u00fcz manat k\u00f6m\u0259k ed\u0259c\u0259k, o pulu ver\u0259c\u0259y\u0259m. Amma m\u0259n g\u00fcnah\u0131m\u0131 bilim. K\u00f6rp\u0259 u\u015fa\u011f\u0131n qar\u015f\u0131s\u0131nda yanl\u0131\u015f\u0131m olsa &#8211; altm\u0131\u015f ya\u015f\u0131 haqlam\u0131\u015fam &#8211; ondan bel\u0259 \u00fczr ist\u0259m\u0259y\u0259 haz\u0131ram. Amma bel\u0259 haqs\u0131zl\u0131q olmaz, yazd\u0131qlar\u0131mda bir d\u0259n\u0259 d\u0259 olsun b\u00f6htan yoxdur. K\u0259ndimizd\u0259 yeddid\u0259n-yetmi\u015f\u0259 ham\u0131 o adamdan naraz\u0131d\u0131r. Lakin jurnalistl\u0259r g\u0259lib, \u00e7\u0259kili\u015f aparsalar, he\u00e7 kim qorxusundan onun haqq\u0131nda fikir bildirm\u0259y\u0259 c\u0259sar\u0259t etm\u0259y\u0259c\u0259k. Uzaqba\u015f\u0131, be\u015f-alt\u0131 n\u0259f\u0259r dan\u0131\u015facaq, onlardan biri d\u0259 m\u0259n\u0259m. T\u0259s\u0259vv\u00fcr edin, m\u0259hk\u0259m\u0259 i\u015find\u0259n sonra rayonda insanlar m\u0259n\u0259 salam verm\u0259y\u0259 d\u0259 qorxur, yan g\u0259zirl\u0259r\u201d.\n<\/p>\n<p>\n  \u015eikay\u0259t\u00e7i deyir ki, mal-qaralar\u0131 \u00fc\u00e7\u00fcn n\u0259z\u0259rd\u0259 tutulan torpaq sah\u0259l\u0259ri Ya\u015far C\u0259lilov t\u0259r\u0259find\u0259n z\u0259bt olunub. Buna etiraz ed\u0259n bir ne\u00e7\u0259 k\u0259nd sakini is\u0259 m\u0259hk\u0259m\u0259y\u0259 verilib:\n<\/p>\n<p>\n  \u201cOnlardan biri d\u0259 m\u0259n\u0259m. Bu adam\u0131n qanunsuz \u0259m\u0259ll\u0259rin\u0259 nec\u0259 g\u00f6z yummaq olar? Prezidentimizin \u00e7\u0131x\u0131\u015f\u0131ndan sonra m\u0259n d\u0259 bir v\u0259t\u0259nda\u015f, insan olaraq h\u0259min s\u00f6zl\u0259r\u0259 g\u00fcv\u0259nib, arxay\u0131n olub, bu add\u0131m\u0131 atd\u0131m. Mitinq etm\u0259dim, bunu \u201cKirpi\u201d satirik jurnal\u0131na verm\u0259dim. Yegan\u0259 \u015fikay\u0259t etdiyim yer \u0130smay\u0131ll\u0131 Rayon Prokurorlu\u011fu olub. Bundan \u00f6tr\u00fc adama d\u00f6rd min manat t\u0259zmin\u0259t k\u0259s\u0259rl\u0259r? Hans\u0131 v\u0259kil i\u015fim\u0259 bax\u0131rsa deyir ki, bu, a\u011flag\u0259lm\u0259z bir s\u00f6hb\u0259tdir. Siz\u0259 buna g\u00f6r\u0259 t\u0259zminat k\u0259s\u0259 bilm\u0259zl\u0259r. Oturub o stolda, ba\u015f\u0131n\u0131n \u00fcst\u00fcnd\u0259 m\u0259rhum Heyd\u0259r \u018fliyevin, qar\u015f\u0131s\u0131nda is\u0259 Prezident \u0130lham \u018fliyevin \u015f\u0259klini as\u0131b, ist\u0259diyi \u00f6zba\u015f\u0131nal\u0131\u011f\u0131 edir. M\u0259n buna d\u00f6z\u0259 bilmir\u0259m. Haram yey\u0259n insanlar\u0131n \u0259lind\u0259 qalm\u0131\u015f\u0131q\u201d.\n<\/p>\n<p>\n  \u201cBu adam 1999-cu ild\u0259 Qubax\u0259lilli k\u0259nd inzibati \u0259razi dair\u0259l\u0259ri \u00fczr\u0259 n\u00fcmay\u0259nd\u0259si se\u00e7ilib. H\u0259min vaxtdan k\u0259ndimizin qara g\u00fcnl\u0259ri ba\u015flay\u0131b\u201d, &#8211; Fikr\u0259t \u015eir\u0259liyev bel\u0259 deyir:\n<\/p>\n<p>\n  \u201cQubax\u0259lilli k\u0259ndinin b\u00f6y\u00fck bir \u0259razisini A\u011fsu rayonuna verdi. Bununla ba\u011fl\u0131 \u00e7ox yer\u0259 getdik, lakin n\u0259tic\u0259siz qald\u0131. Bildirildi ki, h\u0259min torpaqlar\u0131 b\u0259l\u0259diyy\u0259 qanuni yolla verib. Burada b\u00f6y\u00fck bir m\u0259d\u0259niyy\u0259t evi var idi. 1994-1995-ci ill\u0259rd\u0259 istifad\u0259y\u0259 verilmi\u015fdi, onu viran qoydu. Evinin yan\u0131nda internat var idi. Qon\u015fu k\u0259ndl\u0259rd\u0259, tam onillik m\u0259kt\u0259bl\u0259r olmad\u0131\u011f\u0131ndan u\u015faqlar oxumaq \u00fc\u00e7\u00fcn bizim m\u0259kt\u0259b\u0259 g\u0259lirdi. M\u00fcst\u0259qillik ill\u0259rind\u0259n sonra h\u0259min m\u0259kt\u0259bl\u0259r\u0259 ehtiyac qalmad\u0131. G\u0259nc ail\u0259l\u0259r \u00f6zl\u0259rin\u0259 ev-e\u015fik d\u00fcz\u0259ld\u0259n\u0259 q\u0259d\u0259r h\u0259min binada ya\u015fama\u011fa ba\u015flad\u0131lar. Bu adam h\u0259min binan\u0131 \u201cKasimsot\u201d traktorlar\u0131n\u0131n a\u011fz\u0131na verib da\u011f\u0131td\u0131 v\u0259 \u0259razini m\u0259nims\u0259di. Hadis\u0259 camaat\u0131n g\u00f6z\u00fcn\u00fcn qar\u015f\u0131s\u0131nda ba\u015f verdi. Bu haqda prokurorlu\u011fa etdiyim m\u00fcraci\u0259td\u0259 yazm\u0131\u015fd\u0131m. Ara\u015fd\u0131rma zaman\u0131 m\u0259lum olub ki, bu h\u0259min yeri satmay\u0131b, \u00f6z\u00fc al\u0131b. Hara \u0259l vurursan, alt\u0131ndan bu adam \u00e7\u0131x\u0131r. Ham\u0131s\u0131na da yalan-do\u011fru ka\u011f\u0131z d\u00fcz\u0259ldib. B\u00fct\u00fcn bunlar\u0131n ham\u0131s\u0131 k\u0259ndd\u0259 k\u00f6rp\u0259 u\u015fa\u011fa da b\u0259llidir. K\u0259ndimizin yax\u0131nl\u0131\u011f\u0131nda camaat\u0131n \u00fcmumi istifad\u0259sind\u0259 olan yer var idi. Onu m\u0259nims\u0259di, haz\u0131rda orada fermas\u0131 var. Biz h\u0259min yer \u00fc\u00e7\u00fcn 2000-ci ilin \u0259vv\u0259ll\u0259rind\u0259 ovaxtk\u0131 Prezident Aparat\u0131na, Torpaq v\u0259 X\u0259rit\u0259\u00e7\u0259km\u0259 Komit\u0259sin\u0259, Ali M\u0259hk\u0259m\u0259y\u0259 d\u0259f\u0259l\u0259rl\u0259 m\u00fcraci\u0259t etdik. Aylarla Bak\u0131da qald\u0131q. Ona da yalan\u00e7\u0131 s\u0259n\u0259d d\u00fcz\u0259ltdil\u0259r. K\u0259ndd\u0259 bir adam qap\u0131s\u0131nda balaca bir hin tikirs\u0259, g\u0259lib ona g\u00f6r\u0259 d\u0259 haqq al\u0131r\u201d.\n<\/p>\n<p>\n  Fikr\u0259t \u015eir\u0259liyev \u0130smay\u0131ll\u0131 Prokurorlu\u011fundan \u00f6nc\u0259 yeni t\u0259yin olunmu\u015f icra ba\u015f\u00e7\u0131s\u0131 Nahid Ba\u011f\u0131rova m\u00fcraci\u0259t etm\u0259k ist\u0259yib. H\u0259min \u0259r\u0259f\u0259d\u0259 prezident icra ba\u015f\u00e7\u0131s\u0131na karantin d\u00f6n\u0259mind\u0259 \u201chiking\u201d turunda i\u015ftirak etdiyin\u0259 g\u00f6r\u0259, t\u00f6hm\u0259t verdiyi \u00fc\u00e7\u00fcn (\u201cHiking\u201d \u0259vv\u0259lc\u0259d\u0259n m\u00fc\u0259yy\u0259nl\u0259\u015fdirilmi\u015f yollarla y\u00fcr\u00fcy\u00fc\u015f parklar\u0131nda, me\u015f\u0259, yaxud g\u00f6l \u0259traf\u0131 \u0259razid\u0259 edil\u0259n q\u0131sa (8-12 km) y\u00fcr\u00fcy\u00fc\u015fl\u0259r\u0259 deyilir -red) \u015fikay\u0259t\u00e7i fikrind\u0259n da\u015f\u0131n\u0131b:\n<\/p>\n<p>\n  \u201cYeni ba\u015f\u00e7\u0131 bir ay idi g\u0259lmi\u015fdi, prezidentd\u0259n t\u00f6hm\u0259t ald\u0131. D\u00fc\u015f\u00fcnd\u00fcm ki, h\u0259l\u0259 t\u0259l\u0259sm\u0259yim, bu rayonun ad\u0131n\u0131 halland\u0131rmay\u0131m. Prokurorluqdan ba\u015fqa he\u00e7 bir yer\u0259 \u015fikay\u0259t verm\u0259dim. D\u00fc\u015f\u00fcnd\u00fcm ki, \u00fcz\u0259rind\u0259n 5-6 ay ke\u00e7\u0259nd\u0259n sonra yeni icra ba\u015f\u00e7\u0131s\u0131 Ya\u015far C\u0259lilovu tan\u0131yar. Haz\u0131rda bu m\u0259s\u0259l\u0259 il\u0259 ba\u011fl\u0131 d\u0259f\u0259l\u0259rl\u0259 icra hakimiyy\u0259tin\u0259 getmi\u015f\u0259m, ba\u015f\u00e7\u0131n\u0131n q\u0259buluna d\u00fc\u015f\u0259 bilmir\u0259m. \u0130cra hakimiyy\u0259tinin S\u0259n\u0259dl\u0259rl\u0259 v\u0259 v\u0259t\u0259nda\u015flar\u0131n m\u00fcraci\u0259tl\u0259ri il\u0259 i\u015f \u015f\u00f6b\u0259sind\u0259ki Nazim S\u0259f\u0259rovun Allah can\u0131n\u0131 sa\u011f el\u0259sin. \u015eikay\u0259t\u0259 g\u0259l\u0259nl\u0259ri idar\u0259nin qar\u015f\u0131s\u0131nda qar\u015f\u0131lay\u0131r, insanlar\u0131n d\u0259rdini soru\u015fur, qeydiyyat\u0131n\u0131 apar\u0131r. Lakin icra hakimiyy\u0259tin\u0259 h\u0259l\u0259 d\u0259 burax\u0131lm\u0131r\u0131q. Deyir\u0259m ki, ba\u015f\u00e7\u0131 il\u0259 onlayn g\u00f6r\u00fc\u015f\u00fcm, d\u0259rdimi deyim. Deyirl\u0259r ki, yox, olmaz, m\u0259ktub yaz. Yegan\u0259 ist\u0259diyim budur ki, prezidentimiz bu \u00f6zba\u015f\u0131nal\u0131\u011f\u0131 g\u00f6rs\u00fcn v\u0259 m\u00fcvafiq g\u00f6st\u0259ri\u015fl\u0259r versin. Biz kas\u0131blar\u0131n da can\u0131 bel\u0259 haqs\u0131zl\u0131qdan qurtars\u0131n\u201d.\n<\/p>\n<p>\n  Qubax\u0259llili k\u0259nd inzibati \u0259razi dair\u0259si \u00fczr\u0259 n\u00fcmay\u0259nd\u0259si Ya\u015far C\u0259lalov Meydan TV \u0259m\u0259kda\u015f\u0131 il\u0259 dan\u0131\u015f\u0131\u011f\u0131 zaman\u0131 \u015fikay\u0259tl\u0259 \u0259laq\u0259dar z\u0259ng edildiyini bil\u0259nd\u0259n sonra telefondak\u0131n\u0131n o olmad\u0131\u011f\u0131n\u0131 deyib. S\u00f6yl\u0259yib ki, haz\u0131rda Ya\u015far C\u0259lilov m\u0259zuniyy\u0259td\u0259dir. Daxil olan z\u0259ngl\u0259r\u0259 cavab vermir.\n<\/p>\n<p>\n  Meydan TV m\u0259s\u0259l\u0259 il\u0259 ba\u011fl\u0131 d\u0259f\u0259l\u0259rl\u0259 \u0130smay\u0131ll\u0131 Rayon \u0130cra Hakimiyy\u0259ti il\u0259 \u0259laq\u0259 saxlama\u011fa \u00e7al\u0131\u015f\u0131b, lakin z\u0259ngl\u0259r\u0259 cavab ver\u0259n olmay\u0131b.<\/p>\n","protected":false},"excerpt":{"rendered":"<p>&#8221;Haram yey\u0259n insanlar\u0131n \u0259lind\u0259 qalm\u0131\u015f\u0131q\u201d.<\/p>\n","protected":false},"author":11,"featured_media":147842,"comment_status":"closed","ping_status":"open","sticky":false,"template":"","format":"standard","meta":{"_acf_changed":false,"_sitemap_exclude":false,"_sitemap_priority":"","_sitemap_frequency":"","footnotes":""},"categories":[60],"tags":[],"class_list":["post-202431","post","type-post","status-publish","format-standard","has-post-thumbnail","hentry","category-bolge","infinite-scroll-item","generate-columns","tablet-grid-50","mobile-grid-100","grid-parent","grid-33","no-featured-image-padding"],"acf":[],"yoast_head":"<!-- This site is optimized with the Yoast SEO plugin v27.5 - https:\/\/yoast.com\/product\/yoast-seo-wordpress\/ -->\n<title>\u201cProkurorlu\u011fa \u015fikay\u0259t etdiyim \u00fc\u00e7\u00fcn icra n\u00fcmay\u0259nd\u0259si m\u0259ni c\u0259rim\u0259l\u0259tdirib\u201d - MEYDAN.TV<\/title>\n<meta name=\"robots\" content=\"index, follow, max-snippet:-1, max-image-preview:large, max-video-preview:-1\" \/>\n<link rel=\"canonical\" href=\"https:\/\/www.meydan.tv\/az\/article\/prokurorluga-sikayet-etdiyim-ucun-icra-numayendesi-meni-cerimeletdirib\/\" \/>\n<meta property=\"og:locale\" content=\"az_AZ\" \/>\n<meta property=\"og:type\" content=\"article\" \/>\n<meta property=\"og:title\" content=\"\u201cProkurorlu\u011fa \u015fikay\u0259t etdiyim \u00fc\u00e7\u00fcn icra n\u00fcmay\u0259nd\u0259si m\u0259ni c\u0259rim\u0259l\u0259tdirib\u201d - MEYDAN.TV\" \/>\n<meta property=\"og:description\" content=\"&#039;&#039;Haram yey\u0259n insanlar\u0131n \u0259lind\u0259 qalm\u0131\u015f\u0131q\u201d.\" \/>\n<meta property=\"og:url\" content=\"https:\/\/www.meydan.tv\/az\/article\/prokurorluga-sikayet-etdiyim-ucun-icra-numayendesi-meni-cerimeletdirib\/\" \/>\n<meta property=\"og:site_name\" content=\"MEYDAN.TV\" \/>\n<meta property=\"article:published_time\" content=\"2020-09-14T15:19:47+00:00\" \/>\n<meta property=\"og:image\" content=\"https:\/\/www.meydan.tv\/wp-content\/uploads\/1_fdu9eem.png\" \/>\n\t<meta property=\"og:image:width\" content=\"1280\" \/>\n\t<meta property=\"og:image:height\" content=\"720\" \/>\n\t<meta property=\"og:image:type\" content=\"image\/png\" \/>\n<meta name=\"author\" content=\"user-manager\" \/>\n<meta name=\"twitter:card\" content=\"summary_large_image\" \/>\n<script type=\"application\/ld+json\" class=\"yoast-schema-graph\">{\"@context\":\"https:\\\/\\\/schema.org\",\"@graph\":[{\"@type\":\"Article\",\"@id\":\"https:\\\/\\\/www.meydan.tv\\\/az\\\/article\\\/prokurorluga-sikayet-etdiyim-ucun-icra-numayendesi-meni-cerimeletdirib\\\/#article\",\"isPartOf\":{\"@id\":\"https:\\\/\\\/www.meydan.tv\\\/az\\\/article\\\/prokurorluga-sikayet-etdiyim-ucun-icra-numayendesi-meni-cerimeletdirib\\\/\"},\"author\":{\"name\":\"user-manager\",\"@id\":\"https:\\\/\\\/www.meydan.tv\\\/az\\\/#\\\/schema\\\/person\\\/10d11eccf6da3662cf5fdab9806ea91a\"},\"headline\":\"\u201cProkurorlu\u011fa \u015fikay\u0259t etdiyim \u00fc\u00e7\u00fcn icra n\u00fcmay\u0259nd\u0259si m\u0259ni c\u0259rim\u0259l\u0259tdirib\u201d\",\"datePublished\":\"2020-09-14T15:19:47+00:00\",\"mainEntityOfPage\":{\"@id\":\"https:\\\/\\\/www.meydan.tv\\\/az\\\/article\\\/prokurorluga-sikayet-etdiyim-ucun-icra-numayendesi-meni-cerimeletdirib\\\/\"},\"wordCount\":1442,\"publisher\":{\"@id\":\"https:\\\/\\\/www.meydan.tv\\\/az\\\/#organization\"},\"image\":{\"@id\":\"https:\\\/\\\/www.meydan.tv\\\/az\\\/article\\\/prokurorluga-sikayet-etdiyim-ucun-icra-numayendesi-meni-cerimeletdirib\\\/#primaryimage\"},\"thumbnailUrl\":\"https:\\\/\\\/www.meydan.tv\\\/wp-content\\\/uploads\\\/1_fdu9eem.png\",\"articleSection\":[\"B\u00f6lg\u0259\"],\"inLanguage\":\"az\"},{\"@type\":\"WebPage\",\"@id\":\"https:\\\/\\\/www.meydan.tv\\\/az\\\/article\\\/prokurorluga-sikayet-etdiyim-ucun-icra-numayendesi-meni-cerimeletdirib\\\/\",\"url\":\"https:\\\/\\\/www.meydan.tv\\\/az\\\/article\\\/prokurorluga-sikayet-etdiyim-ucun-icra-numayendesi-meni-cerimeletdirib\\\/\",\"name\":\"\u201cProkurorlu\u011fa \u015fikay\u0259t etdiyim \u00fc\u00e7\u00fcn icra n\u00fcmay\u0259nd\u0259si m\u0259ni c\u0259rim\u0259l\u0259tdirib\u201d - MEYDAN.TV\",\"isPartOf\":{\"@id\":\"https:\\\/\\\/www.meydan.tv\\\/az\\\/#website\"},\"primaryImageOfPage\":{\"@id\":\"https:\\\/\\\/www.meydan.tv\\\/az\\\/article\\\/prokurorluga-sikayet-etdiyim-ucun-icra-numayendesi-meni-cerimeletdirib\\\/#primaryimage\"},\"image\":{\"@id\":\"https:\\\/\\\/www.meydan.tv\\\/az\\\/article\\\/prokurorluga-sikayet-etdiyim-ucun-icra-numayendesi-meni-cerimeletdirib\\\/#primaryimage\"},\"thumbnailUrl\":\"https:\\\/\\\/www.meydan.tv\\\/wp-content\\\/uploads\\\/1_fdu9eem.png\",\"datePublished\":\"2020-09-14T15:19:47+00:00\",\"breadcrumb\":{\"@id\":\"https:\\\/\\\/www.meydan.tv\\\/az\\\/article\\\/prokurorluga-sikayet-etdiyim-ucun-icra-numayendesi-meni-cerimeletdirib\\\/#breadcrumb\"},\"inLanguage\":\"az\",\"potentialAction\":[{\"@type\":\"ReadAction\",\"target\":[\"https:\\\/\\\/www.meydan.tv\\\/az\\\/article\\\/prokurorluga-sikayet-etdiyim-ucun-icra-numayendesi-meni-cerimeletdirib\\\/\"]}]},{\"@type\":\"ImageObject\",\"inLanguage\":\"az\",\"@id\":\"https:\\\/\\\/www.meydan.tv\\\/az\\\/article\\\/prokurorluga-sikayet-etdiyim-ucun-icra-numayendesi-meni-cerimeletdirib\\\/#primaryimage\",\"url\":\"https:\\\/\\\/www.meydan.tv\\\/wp-content\\\/uploads\\\/1_fdu9eem.png\",\"contentUrl\":\"https:\\\/\\\/www.meydan.tv\\\/wp-content\\\/uploads\\\/1_fdu9eem.png\",\"width\":1280,\"height\":720,\"caption\":\"Source: Meydan TV\"},{\"@type\":\"BreadcrumbList\",\"@id\":\"https:\\\/\\\/www.meydan.tv\\\/az\\\/article\\\/prokurorluga-sikayet-etdiyim-ucun-icra-numayendesi-meni-cerimeletdirib\\\/#breadcrumb\",\"itemListElement\":[{\"@type\":\"ListItem\",\"position\":1,\"name\":\"Ana s\u0259hif\u0259\",\"item\":\"https:\\\/\\\/www.meydan.tv\\\/az\\\/\"},{\"@type\":\"ListItem\",\"position\":2,\"name\":\"B\u00f6lg\u0259\",\"item\":\"https:\\\/\\\/www.meydan.tv\\\/az\\\/section\\\/bolge\\\/\"},{\"@type\":\"ListItem\",\"position\":3,\"name\":\"\u201cProkurorlu\u011fa \u015fikay\u0259t etdiyim \u00fc\u00e7\u00fcn icra n\u00fcmay\u0259nd\u0259si m\u0259ni c\u0259rim\u0259l\u0259tdirib\u201d\"}]},{\"@type\":\"WebSite\",\"@id\":\"https:\\\/\\\/www.meydan.tv\\\/az\\\/#website\",\"url\":\"https:\\\/\\\/www.meydan.tv\\\/az\\\/\",\"name\":\"MEYDAN.TV\",\"description\":\"Meydan TV Az\u0259rbaycan\u0131n media m\u0259kan\u0131ndak\u0131 alternativ s\u0259sidir\",\"publisher\":{\"@id\":\"https:\\\/\\\/www.meydan.tv\\\/az\\\/#organization\"},\"potentialAction\":[{\"@type\":\"SearchAction\",\"target\":{\"@type\":\"EntryPoint\",\"urlTemplate\":\"https:\\\/\\\/www.meydan.tv\\\/az\\\/?s={search_term_string}\"},\"query-input\":{\"@type\":\"PropertyValueSpecification\",\"valueRequired\":true,\"valueName\":\"search_term_string\"}}],\"inLanguage\":\"az\"},{\"@type\":\"Organization\",\"@id\":\"https:\\\/\\\/www.meydan.tv\\\/az\\\/#organization\",\"name\":\"Meydan TV\",\"url\":\"https:\\\/\\\/www.meydan.tv\\\/az\\\/\",\"logo\":{\"@type\":\"ImageObject\",\"inLanguage\":\"az\",\"@id\":\"https:\\\/\\\/www.meydan.tv\\\/az\\\/#\\\/schema\\\/logo\\\/image\\\/\",\"url\":\"https:\\\/\\\/www.meydan.tv\\\/wp-content\\\/uploads\\\/2021\\\/07\\\/meydan-logo.svg\",\"contentUrl\":\"https:\\\/\\\/www.meydan.tv\\\/wp-content\\\/uploads\\\/2021\\\/07\\\/meydan-logo.svg\",\"width\":195,\"height\":46,\"caption\":\"Meydan TV\"},\"image\":{\"@id\":\"https:\\\/\\\/www.meydan.tv\\\/az\\\/#\\\/schema\\\/logo\\\/image\\\/\"}},{\"@type\":\"Person\",\"@id\":\"https:\\\/\\\/www.meydan.tv\\\/az\\\/#\\\/schema\\\/person\\\/10d11eccf6da3662cf5fdab9806ea91a\",\"name\":\"user-manager\"}]}<\/script>\n<!-- \/ Yoast SEO plugin. -->","yoast_head_json":{"title":"\u201cProkurorlu\u011fa \u015fikay\u0259t etdiyim \u00fc\u00e7\u00fcn icra n\u00fcmay\u0259nd\u0259si m\u0259ni c\u0259rim\u0259l\u0259tdirib\u201d - MEYDAN.TV","robots":{"index":"index","follow":"follow","max-snippet":"max-snippet:-1","max-image-preview":"max-image-preview:large","max-video-preview":"max-video-preview:-1"},"canonical":"https:\/\/www.meydan.tv\/az\/article\/prokurorluga-sikayet-etdiyim-ucun-icra-numayendesi-meni-cerimeletdirib\/","og_locale":"az_AZ","og_type":"article","og_title":"\u201cProkurorlu\u011fa \u015fikay\u0259t etdiyim \u00fc\u00e7\u00fcn icra n\u00fcmay\u0259nd\u0259si m\u0259ni c\u0259rim\u0259l\u0259tdirib\u201d - MEYDAN.TV","og_description":"''Haram yey\u0259n insanlar\u0131n \u0259lind\u0259 qalm\u0131\u015f\u0131q\u201d.","og_url":"https:\/\/www.meydan.tv\/az\/article\/prokurorluga-sikayet-etdiyim-ucun-icra-numayendesi-meni-cerimeletdirib\/","og_site_name":"MEYDAN.TV","article_published_time":"2020-09-14T15:19:47+00:00","og_image":[{"width":1280,"height":720,"url":"https:\/\/www.meydan.tv\/wp-content\/uploads\/1_fdu9eem.png","type":"image\/png"}],"author":"user-manager","twitter_card":"summary_large_image","schema":{"@context":"https:\/\/schema.org","@graph":[{"@type":"Article","@id":"https:\/\/www.meydan.tv\/az\/article\/prokurorluga-sikayet-etdiyim-ucun-icra-numayendesi-meni-cerimeletdirib\/#article","isPartOf":{"@id":"https:\/\/www.meydan.tv\/az\/article\/prokurorluga-sikayet-etdiyim-ucun-icra-numayendesi-meni-cerimeletdirib\/"},"author":{"name":"user-manager","@id":"https:\/\/www.meydan.tv\/az\/#\/schema\/person\/10d11eccf6da3662cf5fdab9806ea91a"},"headline":"\u201cProkurorlu\u011fa \u015fikay\u0259t etdiyim \u00fc\u00e7\u00fcn icra n\u00fcmay\u0259nd\u0259si m\u0259ni c\u0259rim\u0259l\u0259tdirib\u201d","datePublished":"2020-09-14T15:19:47+00:00","mainEntityOfPage":{"@id":"https:\/\/www.meydan.tv\/az\/article\/prokurorluga-sikayet-etdiyim-ucun-icra-numayendesi-meni-cerimeletdirib\/"},"wordCount":1442,"publisher":{"@id":"https:\/\/www.meydan.tv\/az\/#organization"},"image":{"@id":"https:\/\/www.meydan.tv\/az\/article\/prokurorluga-sikayet-etdiyim-ucun-icra-numayendesi-meni-cerimeletdirib\/#primaryimage"},"thumbnailUrl":"https:\/\/www.meydan.tv\/wp-content\/uploads\/1_fdu9eem.png","articleSection":["B\u00f6lg\u0259"],"inLanguage":"az"},{"@type":"WebPage","@id":"https:\/\/www.meydan.tv\/az\/article\/prokurorluga-sikayet-etdiyim-ucun-icra-numayendesi-meni-cerimeletdirib\/","url":"https:\/\/www.meydan.tv\/az\/article\/prokurorluga-sikayet-etdiyim-ucun-icra-numayendesi-meni-cerimeletdirib\/","name":"\u201cProkurorlu\u011fa \u015fikay\u0259t etdiyim \u00fc\u00e7\u00fcn icra n\u00fcmay\u0259nd\u0259si m\u0259ni c\u0259rim\u0259l\u0259tdirib\u201d - MEYDAN.TV","isPartOf":{"@id":"https:\/\/www.meydan.tv\/az\/#website"},"primaryImageOfPage":{"@id":"https:\/\/www.meydan.tv\/az\/article\/prokurorluga-sikayet-etdiyim-ucun-icra-numayendesi-meni-cerimeletdirib\/#primaryimage"},"image":{"@id":"https:\/\/www.meydan.tv\/az\/article\/prokurorluga-sikayet-etdiyim-ucun-icra-numayendesi-meni-cerimeletdirib\/#primaryimage"},"thumbnailUrl":"https:\/\/www.meydan.tv\/wp-content\/uploads\/1_fdu9eem.png","datePublished":"2020-09-14T15:19:47+00:00","breadcrumb":{"@id":"https:\/\/www.meydan.tv\/az\/article\/prokurorluga-sikayet-etdiyim-ucun-icra-numayendesi-meni-cerimeletdirib\/#breadcrumb"},"inLanguage":"az","potentialAction":[{"@type":"ReadAction","target":["https:\/\/www.meydan.tv\/az\/article\/prokurorluga-sikayet-etdiyim-ucun-icra-numayendesi-meni-cerimeletdirib\/"]}]},{"@type":"ImageObject","inLanguage":"az","@id":"https:\/\/www.meydan.tv\/az\/article\/prokurorluga-sikayet-etdiyim-ucun-icra-numayendesi-meni-cerimeletdirib\/#primaryimage","url":"https:\/\/www.meydan.tv\/wp-content\/uploads\/1_fdu9eem.png","contentUrl":"https:\/\/www.meydan.tv\/wp-content\/uploads\/1_fdu9eem.png","width":1280,"height":720,"caption":"Source: Meydan TV"},{"@type":"BreadcrumbList","@id":"https:\/\/www.meydan.tv\/az\/article\/prokurorluga-sikayet-etdiyim-ucun-icra-numayendesi-meni-cerimeletdirib\/#breadcrumb","itemListElement":[{"@type":"ListItem","position":1,"name":"Ana s\u0259hif\u0259","item":"https:\/\/www.meydan.tv\/az\/"},{"@type":"ListItem","position":2,"name":"B\u00f6lg\u0259","item":"https:\/\/www.meydan.tv\/az\/section\/bolge\/"},{"@type":"ListItem","position":3,"name":"\u201cProkurorlu\u011fa \u015fikay\u0259t etdiyim \u00fc\u00e7\u00fcn icra n\u00fcmay\u0259nd\u0259si m\u0259ni c\u0259rim\u0259l\u0259tdirib\u201d"}]},{"@type":"WebSite","@id":"https:\/\/www.meydan.tv\/az\/#website","url":"https:\/\/www.meydan.tv\/az\/","name":"MEYDAN.TV","description":"Meydan TV Az\u0259rbaycan\u0131n media m\u0259kan\u0131ndak\u0131 alternativ s\u0259sidir","publisher":{"@id":"https:\/\/www.meydan.tv\/az\/#organization"},"potentialAction":[{"@type":"SearchAction","target":{"@type":"EntryPoint","urlTemplate":"https:\/\/www.meydan.tv\/az\/?s={search_term_string}"},"query-input":{"@type":"PropertyValueSpecification","valueRequired":true,"valueName":"search_term_string"}}],"inLanguage":"az"},{"@type":"Organization","@id":"https:\/\/www.meydan.tv\/az\/#organization","name":"Meydan TV","url":"https:\/\/www.meydan.tv\/az\/","logo":{"@type":"ImageObject","inLanguage":"az","@id":"https:\/\/www.meydan.tv\/az\/#\/schema\/logo\/image\/","url":"https:\/\/www.meydan.tv\/wp-content\/uploads\/2021\/07\/meydan-logo.svg","contentUrl":"https:\/\/www.meydan.tv\/wp-content\/uploads\/2021\/07\/meydan-logo.svg","width":195,"height":46,"caption":"Meydan TV"},"image":{"@id":"https:\/\/www.meydan.tv\/az\/#\/schema\/logo\/image\/"}},{"@type":"Person","@id":"https:\/\/www.meydan.tv\/az\/#\/schema\/person\/10d11eccf6da3662cf5fdab9806ea91a","name":"user-manager"}]}},"_links":{"self":[{"href":"https:\/\/www.meydan.tv\/az\/wp-json\/wp\/v2\/posts\/202431","targetHints":{"allow":["GET"]}}],"collection":[{"href":"https:\/\/www.meydan.tv\/az\/wp-json\/wp\/v2\/posts"}],"about":[{"href":"https:\/\/www.meydan.tv\/az\/wp-json\/wp\/v2\/types\/post"}],"author":[{"embeddable":true,"href":"https:\/\/www.meydan.tv\/az\/wp-json\/wp\/v2\/users\/11"}],"replies":[{"embeddable":true,"href":"https:\/\/www.meydan.tv\/az\/wp-json\/wp\/v2\/comments?post=202431"}],"version-history":[{"count":0,"href":"https:\/\/www.meydan.tv\/az\/wp-json\/wp\/v2\/posts\/202431\/revisions"}],"wp:featuredmedia":[{"embeddable":true,"href":"https:\/\/www.meydan.tv\/az\/wp-json\/wp\/v2\/media\/147842"}],"wp:attachment":[{"href":"https:\/\/www.meydan.tv\/az\/wp-json\/wp\/v2\/media?parent=202431"}],"wp:term":[{"taxonomy":"category","embeddable":true,"href":"https:\/\/www.meydan.tv\/az\/wp-json\/wp\/v2\/categories?post=202431"},{"taxonomy":"post_tag","embeddable":true,"href":"https:\/\/www.meydan.tv\/az\/wp-json\/wp\/v2\/tags?post=202431"}],"curies":[{"name":"wp","href":"https:\/\/api.w.org\/{rel}","templated":true}]}}