{"id":202425,"date":"2020-09-14T12:30:29","date_gmt":"2020-09-14T12:30:29","guid":{"rendered":"https:\/\/www.meydan.tv\/article\/oglum-xaliq-faiqoglunun-qarajinda-facieli-sekilde-olub-maraqlanmirlar\/"},"modified":"2020-09-14T12:30:29","modified_gmt":"2020-09-14T12:30:29","slug":"oglum-xaliq-faiqoglunun-qarajinda-facieli-sekilde-olub-maraqlanmirlar","status":"publish","type":"post","link":"https:\/\/www.meydan.tv\/az\/article\/oglum-xaliq-faiqoglunun-qarajinda-facieli-sekilde-olub-maraqlanmirlar\/","title":{"rendered":"\u201cO\u011flum \u201cXaliq Faiqo\u011flu\u201dnun qaraj\u0131nda faci\u0259li \u015f\u0259kild\u0259 \u00f6l\u00fcb, maraqlanm\u0131rlar\u201d"},"content":{"rendered":"<p>\n  <i><br \/>\n    G\u0259nc el\u0259 ilk i\u015f g\u00fcn\u00fc h\u0259yat\u0131n\u0131 itirib<br \/>\n  <\/i>\n<\/p>\n<p>\n  \u201cH\u0259l\u0259 18 ya\u015f\u0131 tamam olmayan o\u011flum \u015firk\u0259tin qaraj\u0131nda el\u0259 ilk i\u015f g\u00fcn\u00fc faci\u0259li \u015f\u0259kild\u0259 \u00f6l\u00fcb. \u015eirk\u0259ts\u0259 deyir, o\u011flunu i\u015f\u0259 r\u0259smi qaydada g\u00f6t\u00fcrm\u0259mi\u015fdik, ona g\u00f6r\u0259 d\u0259 ba\u015f\u0131na g\u0259l\u0259nl\u0259rin biziml\u0259 \u0259laq\u0259si yoxdur\u201d.\n<\/p>\n<p>\n  L\u0259taf\u0259t H\u0259s\u0259nova Meydan TV-y\u0259 dan\u0131\u015f\u0131r ki, g\u0259nc o\u011flu T\u0259briz H\u0259s\u0259nov bu il avqustun 11-d\u0259 s\u0259rni\u015finda\u015f\u0131ma il\u0259 m\u0259\u015f\u011ful olan \u201cXaliq Faiqo\u011flu\u201d MMC-nin qaraj\u0131nda h\u0259yat\u0131n\u0131 itirib. Bir aya yax\u0131n vaxt \u00f6tm\u0259sin\u0259 baxmayaraq, \u015firk\u0259t bir d\u0259f\u0259 d\u0259 ail\u0259 il\u0259 maraqlanmay\u0131b, anaya t\u0259s\u0259lli verm\u0259yib.\n<\/p>\n<p>\n  <b><br \/>\n    \u201c\u0130lk i\u015f g\u00fcn\u00fc idi, \u00fcst\u00fcm\u00fcz\u0259 meyiti g\u0259ldi\u201d<br \/>\n  <\/b>\n<\/p>\n<p>\n  H\u0259s\u0259novlar ail\u0259sinin dolan\u0131\u015f\u0131\u011f\u0131 \u00fcr\u0259ka\u00e7an olmad\u0131\u011f\u0131na g\u00f6r\u0259 ail\u0259 bir m\u00fcdd\u0259t \u0259vv\u0259l G\u00f6y\u00e7ay rayonu, Birinci \u018fr\u0259b k\u0259ndind\u0259n X\u0131rdalana k\u00f6\u00e7\u00fcb, burada kiray\u0259 ev tutaraq ya\u015fama\u011fa davam edib. Dedikl\u0259rin\u0259 g\u00f6r\u0259, sosial durumuna he\u00e7 c\u00fcr \u00e7\u0259ki-d\u00fcz\u0259n ver\u0259 bilm\u0259y\u0259n ail\u0259 \u00fczvl\u0259rinin h\u0259r\u0259si bir t\u0259r\u0259fd\u0259 i\u015f axtarma\u011fa ba\u015flay\u0131b. \u018fvv\u0259lc\u0259 ana \u00f6z\u00fcn\u0259 i\u015f tap\u0131b, \u00f6t\u0259n ay is\u0259 T\u0259briz soraqlayaraq ya\u015fad\u0131qlar\u0131 evin yax\u0131nl\u0131\u011f\u0131nda \u2013 \u201cXaliq Faiqo\u011flu\u201d MMC-nin qaraj\u0131nda i\u015f tapa bilib. Ana dan\u0131\u015f\u0131r:\n<\/p>\n<p>\n  \u201cM\u0259n onun i\u015fl\u0259m\u0259sin\u0259 raz\u0131 deyildim, deyirdim, bu g\u00fcn-sabah 18 ya\u015f\u0131n tamam olacaq, \u0259sg\u0259rliy\u0259 ged\u0259c\u0259ks\u0259n, qay\u0131dandan sonra i\u015fl\u0259y\u0259rs\u0259n. M\u0259n\u0259 qulaq asmad\u0131. Avqustun 11-d\u0259 i\u015fd\u0259n g\u0259ldim, o\u011flum dedi ki, T\u0259briz \u00fczb\u0259\u00fcz qarajda \u00f6z\u00fcn\u0259 i\u015f tap\u0131b, bu g\u00fcnd\u0259n i\u015f\u0259 \u00e7\u0131x\u0131b. H\u0259min g\u00fcn ax\u015fam saat 8-d\u0259 getmi\u015fdi, i\u015fi d\u0259 gec\u0259l\u0259r qaraja topla\u015fan avtobuslar\u0131 yuyub t\u0259mizl\u0259m\u0259kd\u0259n, dezinfeksiya etm\u0259kd\u0259n ibar\u0259t olub. El\u0259 ilk i\u015f g\u00fcn\u00fcnd\u0259 &#8211; bir ne\u00e7\u0259 saatdan sonra T\u0259briz faci\u0259li \u015f\u0259kild\u0259 d\u00fcnyas\u0131n\u0131 d\u0259yi\u015fib\u201d.\n<\/p>\n<p>\n  <b><br \/>\n    \u201c\u015eirk\u0259td\u0259n quru ba\u015fsa\u011fl\u0131\u011f\u0131na da g\u0259lm\u0259dil\u0259r\u201d<br \/>\n  <\/b>\n<\/p>\n<p>\n  Anan\u0131n s\u00f6zl\u0259rin\u0259 g\u00f6r\u0259, o v\u0259 dig\u0259r o\u011flu hadis\u0259d\u0259n n\u00f6vb\u0259ti g\u00fcn x\u0259b\u0259r tutub:\n<\/p>\n<p>\n  \u201cSabah\u0131 g\u00fcn m\u0259n yatm\u0131\u015fd\u0131m, z\u0259ng vurub o\u011flumu Ab\u015feron Polis \u0130dar\u0259sin\u0259 \u00e7a\u011f\u0131r\u0131blar. O da m\u0259n\u0259 he\u00e7 bir s\u00f6z dem\u0259d\u0259n gedib. Orada deyibl\u0259r ki, T\u0259briz i\u015fl\u0259diyi yerd\u0259 avtobusun alt\u0131nda qal\u0131b, h\u0259yat\u0131n\u0131 xilas etm\u0259k m\u00fcmk\u00fcn olmay\u0131b. O\u011flum m\u0259n\u0259 he\u00e7 n\u0259 dey\u0259 bilm\u0259yib, g\u0259lib, qon\u015fulara deyib. Bir d\u0259 g\u00f6rd\u00fcm qon\u015fular biz\u0259 topla\u015f\u0131r, \u015f\u00fcbh\u0259l\u0259ndim, o\u011flumun \u00f6l\u00fcm x\u0259b\u0259rini d\u0259 qon\u015fulardan e\u015fitdim. Hadis\u0259ni t\u00f6r\u0259d\u0259n adam\u0131 tutublar, ail\u0259sind\u0259n iki n\u0259f\u0259r yan\u0131ma ba\u015fsa\u011fl\u0131\u011f\u0131na da g\u0259lmi\u015fdi. M\u0259n\u0259 t\u0259sir ed\u0259n odur ki, g\u0259nc o\u011flum faci\u0259li \u015f\u0259kild\u0259 \u00f6l\u00fcb, ancaq \u015firk\u0259td\u0259n yaln\u0131z meyiti g\u0259l\u0259nd\u0259 iki n\u0259f\u0259r g\u0259lib, tez d\u0259 \u00e7\u0131x\u0131b getdi. Dedil\u0259r, \u015firk\u0259td\u0259n g\u0259lmi\u015fik, he\u00e7 bilm\u0259dim kiml\u0259r idi. Bu azm\u0131\u015f kimi, \u015firk\u0259td\u0259n m\u0259n\u0259 deyirl\u0259r ki, o\u011flunu tan\u0131m\u0131r\u0131q, bizd\u0259 c\u0259mi bir ne\u00e7\u0259 saat i\u015fl\u0259yib, he\u00e7 r\u0259smi qaydada i\u015f\u0259 d\u0259 g\u00f6t\u00fcr\u00fclm\u0259mi\u015fdi. Ona g\u00f6r\u0259 d\u0259 bizlik he\u00e7 n\u0259 yoxdur\u201d.\n<\/p>\n<figure class=\"wp-block-image size-large\">\n  <img decoding=\"async\" src=\"https:\/\/www.meydan.tv\/az\/letafet_hesenova_hadise_bash_veren_qarajin_qarshisinda-jpg\/\" alt=\"letafet_hesenova_hadise_bash_veren_qarajin_qarshisinda.jpg\" class=\"wp-image-147818\"\/><figcaption>\n    \u201cXaliq Faiqo\u011flu\u201d MMC-nin qaraj\u0131<br \/>\n  <\/figcaption><\/figure>\n<p>\n  <b><br \/>\n    \u201cG\u00f6r\u00fcnt\u00fcl\u0259ri m\u0259nd\u0259n gizl\u0259dirl\u0259r, \u015f\u00fcbh\u0259l\u0259rim var\u201d<br \/>\n  <\/b>\n<\/p>\n<p>\n  L\u0259taf\u0259t H\u0259s\u0259nova o\u011flunun \u00f6l\u00fcm\u00fcnd\u0259 t\u0259sad\u00fcf, yaxud q\u0259sd olmas\u0131ndan da \u015f\u00fcbh\u0259l\u0259nir:\n<\/p>\n<p>\n  \u201cDemirl\u0259r ki, t\u0259sad\u00fcfd\u00fcr? A\u00e7s\u0131nlar kameralar\u0131, g\u00f6r\u00fcnt\u00fcl\u0259ri g\u00f6st\u0259rsinl\u0259r, bir ana kimi \u00fcr\u0259yim azca da olsa sakitl\u0259\u015fsin ki, \u00f6vlad\u0131m\u0131 q\u0259sd\u0259n \u00f6ld\u00fcrm\u0259yibl\u0259r. G\u0259tirib meyiti at\u0131b \u00fcst\u00fcm\u0259 gedibl\u0259r, birc\u0259 k\u0259lm\u0259 deyibl\u0259r ki, s\u0259hl\u0259nkarl\u0131qdan avtobusu \u00fcst\u00fcn\u0259 s\u00fcr\u00fcbl\u0259r. V\u0259ssalam. Apard\u0131m u\u015fa\u011f\u0131 qoydum k\u0259ndd\u0259 torpa\u011f\u0131n alt\u0131na, g\u0259ldim. El\u0259 bil bel\u0259 d\u0259 olmal\u0131yd\u0131&#8230; Bir aya yax\u0131nd\u0131r t\u0259l\u0259b edir\u0259m ki, m\u0259n\u0259 o\u011flumun \u00f6ld\u00fcy\u00fc an\u0131n g\u00f6r\u00fcnt\u00fcl\u0259rini g\u00f6st\u0259rin, m\u00fcst\u0259ntiq deyir, istintaq bit\u0259nd\u0259 g\u00f6r\u0259c\u0259ks\u0259n. N\u0259 maraqlar\u0131 var ax\u0131, niy\u0259 gizl\u0259dirl\u0259r m\u0259nd\u0259n? \u0130stintaq aylarla davam ed\u0259c\u0259k, bit\u0259nd\u0259 d\u0259 dey\u0259c\u0259kl\u0259r, vaxt ke\u00e7ib, g\u00f6r\u00fcnt\u00fcl\u0259r silinib, yoxdur. O\u011flumun ba\u015f\u0131na n\u0259 g\u0259lib, o gec\u0259 orda n\u0259 ba\u015f verib, hadis\u0259ni kim t\u00f6r\u0259dib, d\u00fczg\u00fcn adamlard\u0131rsa, a\u00e7s\u0131nlar kameran\u0131, g\u00f6st\u0259rsinl\u0259r m\u0259n\u0259&#8230;\u201d\n<\/p>\n<p>\n  Ab\u015feron Rayon Polis \u0130dar\u0259sind\u0259n Meydan TV-y\u0259 bildirilib ki, avqustun 11-d\u0259 saat 22 rad\u0259l\u0259rind\u0259 X\u0131rdalan \u015f\u0259h\u0259ri \u0259razisind\u0259 yerl\u0259\u015f\u0259n avtobus qaraj\u0131nda, orada i\u015fl\u0259y\u0259n \u015e\u0259ki \u015f\u0259h\u0259r sakini Elg\u00fcn B\u0259d\u0259lov idar\u0259 etdiyi \u201cDaewoo\u201d markal\u0131 avtobusu arxaya ver\u0259rk\u0259n i\u015f yolda\u015f\u0131, G\u00f6y\u00e7ay sakini T\u0259briz H\u0259s\u0259novu vurub. T\u0259briz H\u0259s\u0259nov ba\u015f\u0131ndan v\u0259 b\u0259d\u0259nind\u0259n a\u011f\u0131r x\u0259sar\u0259tl\u0259r al\u0131b. X\u0259st\u0259xanaya apar\u0131lark\u0259n yolda v\u0259fat edib. \u00d6l\u00fcm fakt\u0131 \u00fczr\u0259 istintaq m\u00fcst\u0259ntiq K\u0259rim X\u0259l\u0259fovun icraat\u0131ndad\u0131r.\n<\/p>\n<p>\n  Meydan TV m\u00fcxbiri L\u0259taf\u0259t H\u0259s\u0259novan\u0131n \u015firk\u0259tl\u0259 ba\u011fl\u0131 dedikl\u0259rin\u0259 ayd\u0131nl\u0131q g\u0259tirm\u0259si \u00fc\u00e7\u00fcn \u201cXaliq Faiqo\u011flu\u201d MMC-y\u0259 \u201cFacebook\u201d \u00fcz\u0259rind\u0259n ismar\u0131c yazandan sonra \u015firk\u0259td\u0259n m\u00fcxbirl\u0259 \u0259laq\u0259 saxlay\u0131blar. \u015eirk\u0259tin n\u00fcmay\u0259nd\u0259si m\u0259s\u0259l\u0259y\u0259 \u015firk\u0259t t\u0259r\u0259find\u0259n m\u00fcnasib\u0259t bildiril\u0259c\u0259yini s\u00f6yl\u0259s\u0259 d\u0259, 3 g\u00fcn \u00f6tm\u0259sin\u0259 baxmayaraq, he\u00e7 kim m\u0259s\u0259l\u0259y\u0259 m\u00fcnasib\u0259t bildirm\u0259yib.\n<\/p>\n<p>\n  \u201cXaliq Faiqo\u011flu\u201d MMC 2002-ci ild\u0259n Bak\u0131da s\u0259rni\u015finda\u015f\u0131ma il\u0259 m\u0259\u015f\u011ful olur.\n<\/p>\n<figure class=\"wp-block-image size-large\">\n  <img decoding=\"async\" src=\"https:\/\/www.meydan.tv\/az\/xirdalanda_avtobuslarin_qaraji_-_hadise_yeri-jpg\/\" alt=\"xirdalanda_avtobuslarin_qaraji_-_hadise_yeri.jpg\" class=\"wp-image-147821\"\/><figcaption>\n    &#8220;G\u0259tirib meyiti at\u0131b \u00fcst\u00fcm\u0259 gedibl\u0259r, birc\u0259 k\u0259lm\u0259 deyibl\u0259r ki, s\u0259hl\u0259nkarl\u0131qdan avtobusu \u00fcst\u00fcn\u0259 s\u00fcr\u00fcbl\u0259r&#8221;.<br \/>\n  <\/figcaption><\/figure>\n","protected":false},"excerpt":{"rendered":"<p>&#8220;G\u0259tirib meyiti at\u0131b \u00fcst\u00fcm\u0259 gedibl\u0259r, birc\u0259 k\u0259lm\u0259 deyibl\u0259r ki, s\u0259hl\u0259nkarl\u0131qdan avtobusu \u00fcst\u00fcn\u0259 s\u00fcr\u00fcbl\u0259r&#8221;<\/p>\n","protected":false},"author":11,"featured_media":147824,"comment_status":"closed","ping_status":"open","sticky":false,"template":"","format":"standard","meta":{"_acf_changed":false,"_sitemap_exclude":false,"_sitemap_priority":"","_sitemap_frequency":"","footnotes":""},"categories":[60],"tags":[],"class_list":["post-202425","post","type-post","status-publish","format-standard","has-post-thumbnail","hentry","category-bolge","infinite-scroll-item","generate-columns","tablet-grid-50","mobile-grid-100","grid-parent","grid-33","no-featured-image-padding"],"acf":[],"yoast_head":"<!-- This site is optimized with the Yoast SEO plugin v27.5 - https:\/\/yoast.com\/product\/yoast-seo-wordpress\/ -->\n<title>\u201cO\u011flum \u201cXaliq Faiqo\u011flu\u201dnun qaraj\u0131nda faci\u0259li \u015f\u0259kild\u0259 \u00f6l\u00fcb, maraqlanm\u0131rlar\u201d - MEYDAN.TV<\/title>\n<meta name=\"robots\" content=\"index, follow, max-snippet:-1, max-image-preview:large, max-video-preview:-1\" \/>\n<link rel=\"canonical\" href=\"https:\/\/www.meydan.tv\/az\/article\/oglum-xaliq-faiqoglunun-qarajinda-facieli-sekilde-olub-maraqlanmirlar\/\" \/>\n<meta property=\"og:locale\" content=\"az_AZ\" \/>\n<meta property=\"og:type\" content=\"article\" \/>\n<meta property=\"og:title\" content=\"\u201cO\u011flum \u201cXaliq Faiqo\u011flu\u201dnun qaraj\u0131nda faci\u0259li \u015f\u0259kild\u0259 \u00f6l\u00fcb, maraqlanm\u0131rlar\u201d - MEYDAN.TV\" \/>\n<meta property=\"og:description\" content=\"&quot;G\u0259tirib meyiti at\u0131b \u00fcst\u00fcm\u0259 gedibl\u0259r, birc\u0259 k\u0259lm\u0259 deyibl\u0259r ki, s\u0259hl\u0259nkarl\u0131qdan avtobusu \u00fcst\u00fcn\u0259 s\u00fcr\u00fcbl\u0259r&quot;\" \/>\n<meta property=\"og:url\" content=\"https:\/\/www.meydan.tv\/az\/article\/oglum-xaliq-faiqoglunun-qarajinda-facieli-sekilde-olub-maraqlanmirlar\/\" \/>\n<meta property=\"og:site_name\" content=\"MEYDAN.TV\" \/>\n<meta property=\"article:published_time\" content=\"2020-09-14T12:30:29+00:00\" \/>\n<meta property=\"og:image\" content=\"https:\/\/www.meydan.tv\/wp-content\/uploads\/qarajda_olen_tebriz_hesenov.jpg\" \/>\n\t<meta property=\"og:image:width\" content=\"1036\" \/>\n\t<meta property=\"og:image:height\" content=\"1280\" \/>\n\t<meta property=\"og:image:type\" content=\"image\/jpeg\" \/>\n<meta name=\"author\" content=\"user-manager\" \/>\n<meta name=\"twitter:card\" content=\"summary_large_image\" \/>\n<script type=\"application\/ld+json\" class=\"yoast-schema-graph\">{\"@context\":\"https:\\\/\\\/schema.org\",\"@graph\":[{\"@type\":\"Article\",\"@id\":\"https:\\\/\\\/www.meydan.tv\\\/az\\\/article\\\/oglum-xaliq-faiqoglunun-qarajinda-facieli-sekilde-olub-maraqlanmirlar\\\/#article\",\"isPartOf\":{\"@id\":\"https:\\\/\\\/www.meydan.tv\\\/az\\\/article\\\/oglum-xaliq-faiqoglunun-qarajinda-facieli-sekilde-olub-maraqlanmirlar\\\/\"},\"author\":{\"name\":\"user-manager\",\"@id\":\"https:\\\/\\\/www.meydan.tv\\\/az\\\/#\\\/schema\\\/person\\\/10d11eccf6da3662cf5fdab9806ea91a\"},\"headline\":\"\u201cO\u011flum \u201cXaliq Faiqo\u011flu\u201dnun qaraj\u0131nda faci\u0259li \u015f\u0259kild\u0259 \u00f6l\u00fcb, maraqlanm\u0131rlar\u201d\",\"datePublished\":\"2020-09-14T12:30:29+00:00\",\"mainEntityOfPage\":{\"@id\":\"https:\\\/\\\/www.meydan.tv\\\/az\\\/article\\\/oglum-xaliq-faiqoglunun-qarajinda-facieli-sekilde-olub-maraqlanmirlar\\\/\"},\"wordCount\":1112,\"publisher\":{\"@id\":\"https:\\\/\\\/www.meydan.tv\\\/az\\\/#organization\"},\"image\":{\"@id\":\"https:\\\/\\\/www.meydan.tv\\\/az\\\/article\\\/oglum-xaliq-faiqoglunun-qarajinda-facieli-sekilde-olub-maraqlanmirlar\\\/#primaryimage\"},\"thumbnailUrl\":\"https:\\\/\\\/www.meydan.tv\\\/wp-content\\\/uploads\\\/qarajda_olen_tebriz_hesenov.jpg\",\"articleSection\":[\"B\u00f6lg\u0259\"],\"inLanguage\":\"az\"},{\"@type\":\"WebPage\",\"@id\":\"https:\\\/\\\/www.meydan.tv\\\/az\\\/article\\\/oglum-xaliq-faiqoglunun-qarajinda-facieli-sekilde-olub-maraqlanmirlar\\\/\",\"url\":\"https:\\\/\\\/www.meydan.tv\\\/az\\\/article\\\/oglum-xaliq-faiqoglunun-qarajinda-facieli-sekilde-olub-maraqlanmirlar\\\/\",\"name\":\"\u201cO\u011flum \u201cXaliq Faiqo\u011flu\u201dnun qaraj\u0131nda faci\u0259li \u015f\u0259kild\u0259 \u00f6l\u00fcb, maraqlanm\u0131rlar\u201d - MEYDAN.TV\",\"isPartOf\":{\"@id\":\"https:\\\/\\\/www.meydan.tv\\\/az\\\/#website\"},\"primaryImageOfPage\":{\"@id\":\"https:\\\/\\\/www.meydan.tv\\\/az\\\/article\\\/oglum-xaliq-faiqoglunun-qarajinda-facieli-sekilde-olub-maraqlanmirlar\\\/#primaryimage\"},\"image\":{\"@id\":\"https:\\\/\\\/www.meydan.tv\\\/az\\\/article\\\/oglum-xaliq-faiqoglunun-qarajinda-facieli-sekilde-olub-maraqlanmirlar\\\/#primaryimage\"},\"thumbnailUrl\":\"https:\\\/\\\/www.meydan.tv\\\/wp-content\\\/uploads\\\/qarajda_olen_tebriz_hesenov.jpg\",\"datePublished\":\"2020-09-14T12:30:29+00:00\",\"breadcrumb\":{\"@id\":\"https:\\\/\\\/www.meydan.tv\\\/az\\\/article\\\/oglum-xaliq-faiqoglunun-qarajinda-facieli-sekilde-olub-maraqlanmirlar\\\/#breadcrumb\"},\"inLanguage\":\"az\",\"potentialAction\":[{\"@type\":\"ReadAction\",\"target\":[\"https:\\\/\\\/www.meydan.tv\\\/az\\\/article\\\/oglum-xaliq-faiqoglunun-qarajinda-facieli-sekilde-olub-maraqlanmirlar\\\/\"]}]},{\"@type\":\"ImageObject\",\"inLanguage\":\"az\",\"@id\":\"https:\\\/\\\/www.meydan.tv\\\/az\\\/article\\\/oglum-xaliq-faiqoglunun-qarajinda-facieli-sekilde-olub-maraqlanmirlar\\\/#primaryimage\",\"url\":\"https:\\\/\\\/www.meydan.tv\\\/wp-content\\\/uploads\\\/qarajda_olen_tebriz_hesenov.jpg\",\"contentUrl\":\"https:\\\/\\\/www.meydan.tv\\\/wp-content\\\/uploads\\\/qarajda_olen_tebriz_hesenov.jpg\",\"width\":1036,\"height\":1280,\"caption\":\"Source: Specify Source\"},{\"@type\":\"BreadcrumbList\",\"@id\":\"https:\\\/\\\/www.meydan.tv\\\/az\\\/article\\\/oglum-xaliq-faiqoglunun-qarajinda-facieli-sekilde-olub-maraqlanmirlar\\\/#breadcrumb\",\"itemListElement\":[{\"@type\":\"ListItem\",\"position\":1,\"name\":\"Ana s\u0259hif\u0259\",\"item\":\"https:\\\/\\\/www.meydan.tv\\\/az\\\/\"},{\"@type\":\"ListItem\",\"position\":2,\"name\":\"B\u00f6lg\u0259\",\"item\":\"https:\\\/\\\/www.meydan.tv\\\/az\\\/section\\\/bolge\\\/\"},{\"@type\":\"ListItem\",\"position\":3,\"name\":\"\u201cO\u011flum \u201cXaliq Faiqo\u011flu\u201dnun qaraj\u0131nda faci\u0259li \u015f\u0259kild\u0259 \u00f6l\u00fcb, maraqlanm\u0131rlar\u201d\"}]},{\"@type\":\"WebSite\",\"@id\":\"https:\\\/\\\/www.meydan.tv\\\/az\\\/#website\",\"url\":\"https:\\\/\\\/www.meydan.tv\\\/az\\\/\",\"name\":\"MEYDAN.TV\",\"description\":\"Meydan TV Az\u0259rbaycan\u0131n media m\u0259kan\u0131ndak\u0131 alternativ s\u0259sidir\",\"publisher\":{\"@id\":\"https:\\\/\\\/www.meydan.tv\\\/az\\\/#organization\"},\"potentialAction\":[{\"@type\":\"SearchAction\",\"target\":{\"@type\":\"EntryPoint\",\"urlTemplate\":\"https:\\\/\\\/www.meydan.tv\\\/az\\\/?s={search_term_string}\"},\"query-input\":{\"@type\":\"PropertyValueSpecification\",\"valueRequired\":true,\"valueName\":\"search_term_string\"}}],\"inLanguage\":\"az\"},{\"@type\":\"Organization\",\"@id\":\"https:\\\/\\\/www.meydan.tv\\\/az\\\/#organization\",\"name\":\"Meydan TV\",\"url\":\"https:\\\/\\\/www.meydan.tv\\\/az\\\/\",\"logo\":{\"@type\":\"ImageObject\",\"inLanguage\":\"az\",\"@id\":\"https:\\\/\\\/www.meydan.tv\\\/az\\\/#\\\/schema\\\/logo\\\/image\\\/\",\"url\":\"https:\\\/\\\/www.meydan.tv\\\/wp-content\\\/uploads\\\/2021\\\/07\\\/meydan-logo.svg\",\"contentUrl\":\"https:\\\/\\\/www.meydan.tv\\\/wp-content\\\/uploads\\\/2021\\\/07\\\/meydan-logo.svg\",\"width\":195,\"height\":46,\"caption\":\"Meydan TV\"},\"image\":{\"@id\":\"https:\\\/\\\/www.meydan.tv\\\/az\\\/#\\\/schema\\\/logo\\\/image\\\/\"}},{\"@type\":\"Person\",\"@id\":\"https:\\\/\\\/www.meydan.tv\\\/az\\\/#\\\/schema\\\/person\\\/10d11eccf6da3662cf5fdab9806ea91a\",\"name\":\"user-manager\"}]}<\/script>\n<!-- \/ Yoast SEO plugin. -->","yoast_head_json":{"title":"\u201cO\u011flum \u201cXaliq Faiqo\u011flu\u201dnun qaraj\u0131nda faci\u0259li \u015f\u0259kild\u0259 \u00f6l\u00fcb, maraqlanm\u0131rlar\u201d - MEYDAN.TV","robots":{"index":"index","follow":"follow","max-snippet":"max-snippet:-1","max-image-preview":"max-image-preview:large","max-video-preview":"max-video-preview:-1"},"canonical":"https:\/\/www.meydan.tv\/az\/article\/oglum-xaliq-faiqoglunun-qarajinda-facieli-sekilde-olub-maraqlanmirlar\/","og_locale":"az_AZ","og_type":"article","og_title":"\u201cO\u011flum \u201cXaliq Faiqo\u011flu\u201dnun qaraj\u0131nda faci\u0259li \u015f\u0259kild\u0259 \u00f6l\u00fcb, maraqlanm\u0131rlar\u201d - MEYDAN.TV","og_description":"\"G\u0259tirib meyiti at\u0131b \u00fcst\u00fcm\u0259 gedibl\u0259r, birc\u0259 k\u0259lm\u0259 deyibl\u0259r ki, s\u0259hl\u0259nkarl\u0131qdan avtobusu \u00fcst\u00fcn\u0259 s\u00fcr\u00fcbl\u0259r\"","og_url":"https:\/\/www.meydan.tv\/az\/article\/oglum-xaliq-faiqoglunun-qarajinda-facieli-sekilde-olub-maraqlanmirlar\/","og_site_name":"MEYDAN.TV","article_published_time":"2020-09-14T12:30:29+00:00","og_image":[{"width":1036,"height":1280,"url":"https:\/\/www.meydan.tv\/wp-content\/uploads\/qarajda_olen_tebriz_hesenov.jpg","type":"image\/jpeg"}],"author":"user-manager","twitter_card":"summary_large_image","schema":{"@context":"https:\/\/schema.org","@graph":[{"@type":"Article","@id":"https:\/\/www.meydan.tv\/az\/article\/oglum-xaliq-faiqoglunun-qarajinda-facieli-sekilde-olub-maraqlanmirlar\/#article","isPartOf":{"@id":"https:\/\/www.meydan.tv\/az\/article\/oglum-xaliq-faiqoglunun-qarajinda-facieli-sekilde-olub-maraqlanmirlar\/"},"author":{"name":"user-manager","@id":"https:\/\/www.meydan.tv\/az\/#\/schema\/person\/10d11eccf6da3662cf5fdab9806ea91a"},"headline":"\u201cO\u011flum \u201cXaliq Faiqo\u011flu\u201dnun qaraj\u0131nda faci\u0259li \u015f\u0259kild\u0259 \u00f6l\u00fcb, maraqlanm\u0131rlar\u201d","datePublished":"2020-09-14T12:30:29+00:00","mainEntityOfPage":{"@id":"https:\/\/www.meydan.tv\/az\/article\/oglum-xaliq-faiqoglunun-qarajinda-facieli-sekilde-olub-maraqlanmirlar\/"},"wordCount":1112,"publisher":{"@id":"https:\/\/www.meydan.tv\/az\/#organization"},"image":{"@id":"https:\/\/www.meydan.tv\/az\/article\/oglum-xaliq-faiqoglunun-qarajinda-facieli-sekilde-olub-maraqlanmirlar\/#primaryimage"},"thumbnailUrl":"https:\/\/www.meydan.tv\/wp-content\/uploads\/qarajda_olen_tebriz_hesenov.jpg","articleSection":["B\u00f6lg\u0259"],"inLanguage":"az"},{"@type":"WebPage","@id":"https:\/\/www.meydan.tv\/az\/article\/oglum-xaliq-faiqoglunun-qarajinda-facieli-sekilde-olub-maraqlanmirlar\/","url":"https:\/\/www.meydan.tv\/az\/article\/oglum-xaliq-faiqoglunun-qarajinda-facieli-sekilde-olub-maraqlanmirlar\/","name":"\u201cO\u011flum \u201cXaliq Faiqo\u011flu\u201dnun qaraj\u0131nda faci\u0259li \u015f\u0259kild\u0259 \u00f6l\u00fcb, maraqlanm\u0131rlar\u201d - MEYDAN.TV","isPartOf":{"@id":"https:\/\/www.meydan.tv\/az\/#website"},"primaryImageOfPage":{"@id":"https:\/\/www.meydan.tv\/az\/article\/oglum-xaliq-faiqoglunun-qarajinda-facieli-sekilde-olub-maraqlanmirlar\/#primaryimage"},"image":{"@id":"https:\/\/www.meydan.tv\/az\/article\/oglum-xaliq-faiqoglunun-qarajinda-facieli-sekilde-olub-maraqlanmirlar\/#primaryimage"},"thumbnailUrl":"https:\/\/www.meydan.tv\/wp-content\/uploads\/qarajda_olen_tebriz_hesenov.jpg","datePublished":"2020-09-14T12:30:29+00:00","breadcrumb":{"@id":"https:\/\/www.meydan.tv\/az\/article\/oglum-xaliq-faiqoglunun-qarajinda-facieli-sekilde-olub-maraqlanmirlar\/#breadcrumb"},"inLanguage":"az","potentialAction":[{"@type":"ReadAction","target":["https:\/\/www.meydan.tv\/az\/article\/oglum-xaliq-faiqoglunun-qarajinda-facieli-sekilde-olub-maraqlanmirlar\/"]}]},{"@type":"ImageObject","inLanguage":"az","@id":"https:\/\/www.meydan.tv\/az\/article\/oglum-xaliq-faiqoglunun-qarajinda-facieli-sekilde-olub-maraqlanmirlar\/#primaryimage","url":"https:\/\/www.meydan.tv\/wp-content\/uploads\/qarajda_olen_tebriz_hesenov.jpg","contentUrl":"https:\/\/www.meydan.tv\/wp-content\/uploads\/qarajda_olen_tebriz_hesenov.jpg","width":1036,"height":1280,"caption":"Source: Specify Source"},{"@type":"BreadcrumbList","@id":"https:\/\/www.meydan.tv\/az\/article\/oglum-xaliq-faiqoglunun-qarajinda-facieli-sekilde-olub-maraqlanmirlar\/#breadcrumb","itemListElement":[{"@type":"ListItem","position":1,"name":"Ana s\u0259hif\u0259","item":"https:\/\/www.meydan.tv\/az\/"},{"@type":"ListItem","position":2,"name":"B\u00f6lg\u0259","item":"https:\/\/www.meydan.tv\/az\/section\/bolge\/"},{"@type":"ListItem","position":3,"name":"\u201cO\u011flum \u201cXaliq Faiqo\u011flu\u201dnun qaraj\u0131nda faci\u0259li \u015f\u0259kild\u0259 \u00f6l\u00fcb, maraqlanm\u0131rlar\u201d"}]},{"@type":"WebSite","@id":"https:\/\/www.meydan.tv\/az\/#website","url":"https:\/\/www.meydan.tv\/az\/","name":"MEYDAN.TV","description":"Meydan TV Az\u0259rbaycan\u0131n media m\u0259kan\u0131ndak\u0131 alternativ s\u0259sidir","publisher":{"@id":"https:\/\/www.meydan.tv\/az\/#organization"},"potentialAction":[{"@type":"SearchAction","target":{"@type":"EntryPoint","urlTemplate":"https:\/\/www.meydan.tv\/az\/?s={search_term_string}"},"query-input":{"@type":"PropertyValueSpecification","valueRequired":true,"valueName":"search_term_string"}}],"inLanguage":"az"},{"@type":"Organization","@id":"https:\/\/www.meydan.tv\/az\/#organization","name":"Meydan TV","url":"https:\/\/www.meydan.tv\/az\/","logo":{"@type":"ImageObject","inLanguage":"az","@id":"https:\/\/www.meydan.tv\/az\/#\/schema\/logo\/image\/","url":"https:\/\/www.meydan.tv\/wp-content\/uploads\/2021\/07\/meydan-logo.svg","contentUrl":"https:\/\/www.meydan.tv\/wp-content\/uploads\/2021\/07\/meydan-logo.svg","width":195,"height":46,"caption":"Meydan TV"},"image":{"@id":"https:\/\/www.meydan.tv\/az\/#\/schema\/logo\/image\/"}},{"@type":"Person","@id":"https:\/\/www.meydan.tv\/az\/#\/schema\/person\/10d11eccf6da3662cf5fdab9806ea91a","name":"user-manager"}]}},"_links":{"self":[{"href":"https:\/\/www.meydan.tv\/az\/wp-json\/wp\/v2\/posts\/202425","targetHints":{"allow":["GET"]}}],"collection":[{"href":"https:\/\/www.meydan.tv\/az\/wp-json\/wp\/v2\/posts"}],"about":[{"href":"https:\/\/www.meydan.tv\/az\/wp-json\/wp\/v2\/types\/post"}],"author":[{"embeddable":true,"href":"https:\/\/www.meydan.tv\/az\/wp-json\/wp\/v2\/users\/11"}],"replies":[{"embeddable":true,"href":"https:\/\/www.meydan.tv\/az\/wp-json\/wp\/v2\/comments?post=202425"}],"version-history":[{"count":0,"href":"https:\/\/www.meydan.tv\/az\/wp-json\/wp\/v2\/posts\/202425\/revisions"}],"wp:featuredmedia":[{"embeddable":true,"href":"https:\/\/www.meydan.tv\/az\/wp-json\/wp\/v2\/media\/147824"}],"wp:attachment":[{"href":"https:\/\/www.meydan.tv\/az\/wp-json\/wp\/v2\/media?parent=202425"}],"wp:term":[{"taxonomy":"category","embeddable":true,"href":"https:\/\/www.meydan.tv\/az\/wp-json\/wp\/v2\/categories?post=202425"},{"taxonomy":"post_tag","embeddable":true,"href":"https:\/\/www.meydan.tv\/az\/wp-json\/wp\/v2\/tags?post=202425"}],"curies":[{"name":"wp","href":"https:\/\/api.w.org\/{rel}","templated":true}]}}