{"id":202400,"date":"2020-09-11T14:08:30","date_gmt":"2020-09-11T14:08:30","guid":{"rendered":"https:\/\/www.meydan.tv\/article\/yenikend-sakini-kimin-imkani-tanisi-var-ona-su-tapilir\/"},"modified":"2020-09-11T14:08:30","modified_gmt":"2020-09-11T14:08:30","slug":"yenikend-sakini-kimin-imkani-tanisi-var-ona-su-tapilir","status":"publish","type":"post","link":"https:\/\/www.meydan.tv\/az\/article\/yenikend-sakini-kimin-imkani-tanisi-var-ona-su-tapilir\/","title":{"rendered":"Yenik\u0259nd sakini: Kimin imkan\u0131, tan\u0131\u015f\u0131 var, ona su tap\u0131l\u0131r"},"content":{"rendered":"<p>\n  <i><br \/>\n    K\u0259nd sakinl\u0259ri su q\u0131tl\u0131\u011f\u0131ndan \u0259ziyy\u0259t \u00e7\u0259kdikl\u0259rini deyirl\u0259r<br \/>\n  <\/i>\n<\/p>\n<p>\n  K\u00fcrd\u0259mir rayonunun Yenik\u0259nd k\u0259ndinin sakinl\u0259ri aylard\u0131r su probleml\u0259ri il\u0259 \u00fczl\u0259\u015fibl\u0259r. Bu bar\u0259d\u0259 Meydan TV-y\u0259 dan\u0131\u015fan k\u0259ndlil\u0259r deyirl\u0259r ki, su verilm\u0259diyin\u0259 g\u00f6r\u0259 \u0259kin sah\u0259l\u0259ri, ba\u011flarda a\u011faclar quruyub, yegan\u0259 g\u0259lir m\u0259nb\u0259yind\u0259n d\u0259 m\u0259hrum olublar.\n<\/p>\n<p>\n  <b><br \/>\n    \u201cSu olmayanda t\u0259s\u0259rr\u00fcfatla m\u0259\u015f\u011ful ola bilmirik\u201d<br \/>\n  <\/b>\n<\/p>\n<p>\n  K\u0259nd sakini Yadigar T\u0259v\u0259kk\u00fcl q\u0131z\u0131 Kaz\u0131mova deyib ki, su olmad\u0131\u011f\u0131ndan ill\u0259rl\u0259 \u00e7\u0259kil\u0259n \u0259ziyy\u0259tl\u0259r m\u0259hv olur:\n<\/p>\n<p>\n  \u201cYenik\u0259nd b\u00f6y\u00fck k\u0259nddir. K\u0259ndlil\u0259rin \u0259sas dolan\u0131\u015f\u0131q m\u0259nb\u0259yi \u0259kin-bi\u00e7in, t\u0259s\u0259rr\u00fcfatd\u0131r. Su olmayanda t\u0259s\u0259rr\u00fcfatla m\u0259\u015f\u011ful ola bilmirik. Mal-qara, toyuq-c\u00fcc\u0259 d\u0259 t\u0259l\u0259f olur\u201d.\n<\/p>\n<p>\n  K\u0259ndd\u0259 yaln\u0131z suvarma deyil, i\u00e7m\u0259li su problemi d\u0259 var. K\u0259nd sakinl\u0259ri i\u00e7m\u0259li suyu pulla al\u0131rlar: \u201cBa\u015fqa qazanc yerim d\u0259 yoxdur. Kimin imkan\u0131, tan\u0131\u015f\u0131 var, ona su tap\u0131l\u0131r. M\u0259nim kimil\u0259rinin d\u0259 ba\u011f\u0131nda a\u011faclar\u0131 quruyub, illik m\u0259hsulu m\u0259hv olur\u201d.\n<\/p>\n<p>\n  <b><br \/>\n    \u201cH\u0259r h\u0259ft\u0259 suya 8 manat veririk\u201d<br \/>\n  <\/b>\n<\/p>\n<p>\n  \u015eikay\u0259t\u00e7i deyib ki, art\u0131q ma\u015f\u0131nla su alma\u011fa bel\u0259 pul tapm\u0131r:\n<\/p>\n<p>\n  \u201cBizim evd\u0259ki su \u00e7\u0259ninin tutumu azd\u0131r, h\u0259r h\u0259ft\u0259 i\u00e7m\u0259li suya 8 manat verir\u0259m. Arxlar\u0131 qaz\u0131b, t\u0259mizl\u0259yirik ki, b\u0259lk\u0259 su g\u0259l\u0259r. Suyu q\u0259na\u0259tl\u0259 i\u015fl\u0259dirik, amma bir h\u0259ft\u0259y\u0259 g\u00fccl\u0259 \u00e7at\u0131r. Ax\u0131 heyvanlar\u0131 da al\u0131nan su il\u0259 suvar\u0131r\u0131q\u201d.\n<\/p>\n<p>\n  \u015eikay\u0259t\u00e7i deyib ki, \u0259vv\u0259ll\u0259r d\u0259 ara-s\u0131ra su problemi olurdu, amma bu il v\u0259ziyy\u0259t kritik h\u0259dd\u0259 \u00e7at\u0131b. K\u0259nd\u0259 bulaq \u00e7\u0259kilib, amma bulaq v\u0259 arxlar b\u00fct\u00fcn k\u0259ndi \u0259hat\u0259 etmir.\n<\/p>\n<p>\n  <b><br \/>\n    \u201cK\u0259ndin az hiss\u0259sind\u0259 su olmaya bil\u0259r\u201d<br \/>\n  <\/b>\n<\/p>\n<p>\n  Ad\u0131n\u0131n a\u00e7\u0131qlanmas\u0131n\u0131 ist\u0259m\u0259y\u0259n ba\u015fqa bir k\u0259nd sakini deyir ki, t\u0259xmin\u0259n 500 n\u0259f\u0259rd\u0259n \u00e7ox sakin su tapm\u0131r. Bu bar\u0259d\u0259 d\u0259f\u0259l\u0259rl\u0259 K\u00fcrd\u0259mir Rayon \u0130cra Hakimiyy\u0259tin\u0259, b\u0259l\u0259diyy\u0259y\u0259 \u015fikay\u0259t edils\u0259 d\u0259, bax\u0131lmay\u0131b.\n<\/p>\n<p>\n  K\u00fcrd\u0259mir Rayon \u0130cra Hakimiyy\u0259tind\u0259n bildiribl\u0259r ki, bu il quraql\u0131q yarand\u0131\u011f\u0131ndan su problem ya\u015fan\u0131b. Yenik\u0259nd k\u0259ndinin is\u0259 yaln\u0131z az hiss\u0259sind\u0259 su olmaya bil\u0259r. Qurum m\u0259s\u0259l\u0259 il\u0259 maraqlanaca\u011f\u0131n\u0131 deyib.\n<\/p>\n<figure class=\"wp-block-image size-large\">\n  <img decoding=\"async\" src=\"https:\/\/www.meydan.tv\/az\/unnamed-1-jpg-11\/\" alt=\"unnamed (1).jpg\" class=\"wp-image-147767\"\/><figcaption>\n    K\u00fcrd\u0259mir Rayon \u0130cra Hakimiyy\u0259ti<br \/>\n  <\/figcaption><\/figure>\n<p>\n  Bu il X\u0259z\u0259r d\u0259nizinin suyu K\u00fcr \u00e7ay\u0131n\u0131n \u015firin suyuna qar\u0131\u015f\u0131b, n\u0259tic\u0259d\u0259 bir ne\u00e7\u0259 rayonda, k\u0259ndl\u0259rd\u0259 su t\u0259minat\u0131 il\u0259 ba\u011fl\u0131 problem yaran\u0131b. M\u00fct\u0259x\u0259ssisl\u0259r bunu X\u0259z\u0259r d\u0259nizind\u0259 k\u00fcl\u0259yin s\u00fcr\u0259tinin artmas\u0131 v\u0259 K\u00fcr \u00e7ay\u0131nda suyun s\u0259viyy\u0259sinin d\u00fc\u015fm\u0259si il\u0259 \u0259laq\u0259l\u0259ndirirl\u0259r.\n<\/p>\n<p>\n  Prezident \u0130lham \u018fliyevin i\u015ftirak\u0131 il\u0259 suvarma problemi m\u00fczakir\u0259 olunub.\n<\/p>\n<p>\n  \u0130lham \u018fliyev h\u0259m\u00e7inin bu il, aprelin 15-d\u0259 \u201cSu ehtiyatlar\u0131ndan s\u0259m\u0259r\u0259li istifad\u0259nin t\u0259min edilm\u0259si il\u0259 ba\u011fl\u0131 t\u0259dbirl\u0259r haqq\u0131nda\u201d S\u0259r\u0259ncam<br \/>\n  <a href=\"https:\/\/www.meydan.tv\/az\/article\/fermerlerin-suvarma-problemi\/?ref=search\"><br \/>\n    imzalay\u0131b<br \/>\n  <\/a><br \/>\n  . S\u0259r\u0259ncama \u0259sas\u0259n, \u00f6lk\u0259 \u0259razisind\u0259 su ehtiyatlar\u0131ndan s\u0259m\u0259r\u0259li istifad\u0259nin t\u0259min edilm\u0259si, su t\u0259s\u0259rr\u00fcfat\u0131n\u0131n idar\u0259 olunmas\u0131n\u0131n t\u0259kmill\u0259\u015fdirilm\u0259si v\u0259 bu sah\u0259d\u0259 f\u0259aliyy\u0259tin \u0259laq\u0259l\u0259ndirilm\u0259si m\u0259qs\u0259dil\u0259 Ba\u015f nazirin m\u00fcavini \u015eahin Mustafayevin s\u0259drliyi il\u0259 komissiya yarad\u0131l\u0131b. Melorasiya v\u0259 Su T\u0259s\u0259rr\u00fcfat\u0131 A\u00e7\u0131q S\u0259hmdar C\u0259miyy\u0259tind\u0259n Meydan TV-y\u0259 bildirilib ki, problemin h\u0259lli istiqam\u0259tind\u0259 i\u015fl\u0259r g\u00f6r\u00fcl\u00fcr.<\/p>\n","protected":false},"excerpt":{"rendered":"<p>K\u0259nd\u0259 bulaq \u00e7\u0259kilib, amma bulaq v\u0259 arxlar b\u00fct\u00fcn k\u0259ndi \u0259hat\u0259 etmir.<\/p>\n","protected":false},"author":11,"featured_media":147761,"comment_status":"closed","ping_status":"open","sticky":false,"template":"","format":"standard","meta":{"_acf_changed":false,"_sitemap_exclude":false,"_sitemap_priority":"","_sitemap_frequency":"","footnotes":""},"categories":[60],"tags":[],"class_list":["post-202400","post","type-post","status-publish","format-standard","has-post-thumbnail","hentry","category-bolge","infinite-scroll-item","generate-columns","tablet-grid-50","mobile-grid-100","grid-parent","grid-33","no-featured-image-padding"],"acf":[],"yoast_head":"<!-- This site is optimized with the Yoast SEO plugin v27.5 - https:\/\/yoast.com\/product\/yoast-seo-wordpress\/ -->\n<title>Yenik\u0259nd sakini: Kimin imkan\u0131, tan\u0131\u015f\u0131 var, ona su tap\u0131l\u0131r - MEYDAN.TV<\/title>\n<meta name=\"robots\" content=\"index, follow, max-snippet:-1, max-image-preview:large, max-video-preview:-1\" \/>\n<link rel=\"canonical\" href=\"https:\/\/www.meydan.tv\/az\/article\/yenikend-sakini-kimin-imkani-tanisi-var-ona-su-tapilir\/\" \/>\n<meta property=\"og:locale\" content=\"az_AZ\" \/>\n<meta property=\"og:type\" content=\"article\" \/>\n<meta property=\"og:title\" content=\"Yenik\u0259nd sakini: Kimin imkan\u0131, tan\u0131\u015f\u0131 var, ona su tap\u0131l\u0131r - MEYDAN.TV\" \/>\n<meta property=\"og:description\" content=\"K\u0259nd\u0259 bulaq \u00e7\u0259kilib, amma bulaq v\u0259 arxlar b\u00fct\u00fcn k\u0259ndi \u0259hat\u0259 etmir.\" \/>\n<meta property=\"og:url\" content=\"https:\/\/www.meydan.tv\/az\/article\/yenikend-sakini-kimin-imkani-tanisi-var-ona-su-tapilir\/\" \/>\n<meta property=\"og:site_name\" content=\"MEYDAN.TV\" \/>\n<meta property=\"article:published_time\" content=\"2020-09-11T14:08:30+00:00\" \/>\n<meta property=\"og:image\" content=\"https:\/\/www.meydan.tv\/wp-content\/uploads\/unnamed_2sb5euc.jpg\" \/>\n\t<meta property=\"og:image:width\" content=\"756\" \/>\n\t<meta property=\"og:image:height\" content=\"580\" \/>\n\t<meta property=\"og:image:type\" content=\"image\/jpeg\" \/>\n<meta name=\"author\" content=\"user-manager\" \/>\n<meta name=\"twitter:card\" content=\"summary_large_image\" \/>\n<script type=\"application\/ld+json\" class=\"yoast-schema-graph\">{\"@context\":\"https:\\\/\\\/schema.org\",\"@graph\":[{\"@type\":\"Article\",\"@id\":\"https:\\\/\\\/www.meydan.tv\\\/az\\\/article\\\/yenikend-sakini-kimin-imkani-tanisi-var-ona-su-tapilir\\\/#article\",\"isPartOf\":{\"@id\":\"https:\\\/\\\/www.meydan.tv\\\/az\\\/article\\\/yenikend-sakini-kimin-imkani-tanisi-var-ona-su-tapilir\\\/\"},\"author\":{\"name\":\"user-manager\",\"@id\":\"https:\\\/\\\/www.meydan.tv\\\/az\\\/#\\\/schema\\\/person\\\/10d11eccf6da3662cf5fdab9806ea91a\"},\"headline\":\"Yenik\u0259nd sakini: Kimin imkan\u0131, tan\u0131\u015f\u0131 var, ona su tap\u0131l\u0131r\",\"datePublished\":\"2020-09-11T14:08:30+00:00\",\"mainEntityOfPage\":{\"@id\":\"https:\\\/\\\/www.meydan.tv\\\/az\\\/article\\\/yenikend-sakini-kimin-imkani-tanisi-var-ona-su-tapilir\\\/\"},\"wordCount\":661,\"publisher\":{\"@id\":\"https:\\\/\\\/www.meydan.tv\\\/az\\\/#organization\"},\"image\":{\"@id\":\"https:\\\/\\\/www.meydan.tv\\\/az\\\/article\\\/yenikend-sakini-kimin-imkani-tanisi-var-ona-su-tapilir\\\/#primaryimage\"},\"thumbnailUrl\":\"https:\\\/\\\/www.meydan.tv\\\/wp-content\\\/uploads\\\/unnamed_2sb5euc.jpg\",\"articleSection\":[\"B\u00f6lg\u0259\"],\"inLanguage\":\"az\"},{\"@type\":\"WebPage\",\"@id\":\"https:\\\/\\\/www.meydan.tv\\\/az\\\/article\\\/yenikend-sakini-kimin-imkani-tanisi-var-ona-su-tapilir\\\/\",\"url\":\"https:\\\/\\\/www.meydan.tv\\\/az\\\/article\\\/yenikend-sakini-kimin-imkani-tanisi-var-ona-su-tapilir\\\/\",\"name\":\"Yenik\u0259nd sakini: Kimin imkan\u0131, tan\u0131\u015f\u0131 var, ona su tap\u0131l\u0131r - MEYDAN.TV\",\"isPartOf\":{\"@id\":\"https:\\\/\\\/www.meydan.tv\\\/az\\\/#website\"},\"primaryImageOfPage\":{\"@id\":\"https:\\\/\\\/www.meydan.tv\\\/az\\\/article\\\/yenikend-sakini-kimin-imkani-tanisi-var-ona-su-tapilir\\\/#primaryimage\"},\"image\":{\"@id\":\"https:\\\/\\\/www.meydan.tv\\\/az\\\/article\\\/yenikend-sakini-kimin-imkani-tanisi-var-ona-su-tapilir\\\/#primaryimage\"},\"thumbnailUrl\":\"https:\\\/\\\/www.meydan.tv\\\/wp-content\\\/uploads\\\/unnamed_2sb5euc.jpg\",\"datePublished\":\"2020-09-11T14:08:30+00:00\",\"breadcrumb\":{\"@id\":\"https:\\\/\\\/www.meydan.tv\\\/az\\\/article\\\/yenikend-sakini-kimin-imkani-tanisi-var-ona-su-tapilir\\\/#breadcrumb\"},\"inLanguage\":\"az\",\"potentialAction\":[{\"@type\":\"ReadAction\",\"target\":[\"https:\\\/\\\/www.meydan.tv\\\/az\\\/article\\\/yenikend-sakini-kimin-imkani-tanisi-var-ona-su-tapilir\\\/\"]}]},{\"@type\":\"ImageObject\",\"inLanguage\":\"az\",\"@id\":\"https:\\\/\\\/www.meydan.tv\\\/az\\\/article\\\/yenikend-sakini-kimin-imkani-tanisi-var-ona-su-tapilir\\\/#primaryimage\",\"url\":\"https:\\\/\\\/www.meydan.tv\\\/wp-content\\\/uploads\\\/unnamed_2sb5euc.jpg\",\"contentUrl\":\"https:\\\/\\\/www.meydan.tv\\\/wp-content\\\/uploads\\\/unnamed_2sb5euc.jpg\",\"width\":756,\"height\":580,\"caption\":\"Source: Specify Source\"},{\"@type\":\"BreadcrumbList\",\"@id\":\"https:\\\/\\\/www.meydan.tv\\\/az\\\/article\\\/yenikend-sakini-kimin-imkani-tanisi-var-ona-su-tapilir\\\/#breadcrumb\",\"itemListElement\":[{\"@type\":\"ListItem\",\"position\":1,\"name\":\"Ana s\u0259hif\u0259\",\"item\":\"https:\\\/\\\/www.meydan.tv\\\/az\\\/\"},{\"@type\":\"ListItem\",\"position\":2,\"name\":\"B\u00f6lg\u0259\",\"item\":\"https:\\\/\\\/www.meydan.tv\\\/az\\\/section\\\/bolge\\\/\"},{\"@type\":\"ListItem\",\"position\":3,\"name\":\"Yenik\u0259nd sakini: Kimin imkan\u0131, tan\u0131\u015f\u0131 var, ona su tap\u0131l\u0131r\"}]},{\"@type\":\"WebSite\",\"@id\":\"https:\\\/\\\/www.meydan.tv\\\/az\\\/#website\",\"url\":\"https:\\\/\\\/www.meydan.tv\\\/az\\\/\",\"name\":\"MEYDAN.TV\",\"description\":\"Meydan TV Az\u0259rbaycan\u0131n media m\u0259kan\u0131ndak\u0131 alternativ s\u0259sidir\",\"publisher\":{\"@id\":\"https:\\\/\\\/www.meydan.tv\\\/az\\\/#organization\"},\"potentialAction\":[{\"@type\":\"SearchAction\",\"target\":{\"@type\":\"EntryPoint\",\"urlTemplate\":\"https:\\\/\\\/www.meydan.tv\\\/az\\\/?s={search_term_string}\"},\"query-input\":{\"@type\":\"PropertyValueSpecification\",\"valueRequired\":true,\"valueName\":\"search_term_string\"}}],\"inLanguage\":\"az\"},{\"@type\":\"Organization\",\"@id\":\"https:\\\/\\\/www.meydan.tv\\\/az\\\/#organization\",\"name\":\"Meydan TV\",\"url\":\"https:\\\/\\\/www.meydan.tv\\\/az\\\/\",\"logo\":{\"@type\":\"ImageObject\",\"inLanguage\":\"az\",\"@id\":\"https:\\\/\\\/www.meydan.tv\\\/az\\\/#\\\/schema\\\/logo\\\/image\\\/\",\"url\":\"https:\\\/\\\/www.meydan.tv\\\/wp-content\\\/uploads\\\/2021\\\/07\\\/meydan-logo.svg\",\"contentUrl\":\"https:\\\/\\\/www.meydan.tv\\\/wp-content\\\/uploads\\\/2021\\\/07\\\/meydan-logo.svg\",\"width\":195,\"height\":46,\"caption\":\"Meydan TV\"},\"image\":{\"@id\":\"https:\\\/\\\/www.meydan.tv\\\/az\\\/#\\\/schema\\\/logo\\\/image\\\/\"}},{\"@type\":\"Person\",\"@id\":\"https:\\\/\\\/www.meydan.tv\\\/az\\\/#\\\/schema\\\/person\\\/10d11eccf6da3662cf5fdab9806ea91a\",\"name\":\"user-manager\"}]}<\/script>\n<!-- \/ Yoast SEO plugin. -->","yoast_head_json":{"title":"Yenik\u0259nd sakini: Kimin imkan\u0131, tan\u0131\u015f\u0131 var, ona su tap\u0131l\u0131r - MEYDAN.TV","robots":{"index":"index","follow":"follow","max-snippet":"max-snippet:-1","max-image-preview":"max-image-preview:large","max-video-preview":"max-video-preview:-1"},"canonical":"https:\/\/www.meydan.tv\/az\/article\/yenikend-sakini-kimin-imkani-tanisi-var-ona-su-tapilir\/","og_locale":"az_AZ","og_type":"article","og_title":"Yenik\u0259nd sakini: Kimin imkan\u0131, tan\u0131\u015f\u0131 var, ona su tap\u0131l\u0131r - MEYDAN.TV","og_description":"K\u0259nd\u0259 bulaq \u00e7\u0259kilib, amma bulaq v\u0259 arxlar b\u00fct\u00fcn k\u0259ndi \u0259hat\u0259 etmir.","og_url":"https:\/\/www.meydan.tv\/az\/article\/yenikend-sakini-kimin-imkani-tanisi-var-ona-su-tapilir\/","og_site_name":"MEYDAN.TV","article_published_time":"2020-09-11T14:08:30+00:00","og_image":[{"width":756,"height":580,"url":"https:\/\/www.meydan.tv\/wp-content\/uploads\/unnamed_2sb5euc.jpg","type":"image\/jpeg"}],"author":"user-manager","twitter_card":"summary_large_image","schema":{"@context":"https:\/\/schema.org","@graph":[{"@type":"Article","@id":"https:\/\/www.meydan.tv\/az\/article\/yenikend-sakini-kimin-imkani-tanisi-var-ona-su-tapilir\/#article","isPartOf":{"@id":"https:\/\/www.meydan.tv\/az\/article\/yenikend-sakini-kimin-imkani-tanisi-var-ona-su-tapilir\/"},"author":{"name":"user-manager","@id":"https:\/\/www.meydan.tv\/az\/#\/schema\/person\/10d11eccf6da3662cf5fdab9806ea91a"},"headline":"Yenik\u0259nd sakini: Kimin imkan\u0131, tan\u0131\u015f\u0131 var, ona su tap\u0131l\u0131r","datePublished":"2020-09-11T14:08:30+00:00","mainEntityOfPage":{"@id":"https:\/\/www.meydan.tv\/az\/article\/yenikend-sakini-kimin-imkani-tanisi-var-ona-su-tapilir\/"},"wordCount":661,"publisher":{"@id":"https:\/\/www.meydan.tv\/az\/#organization"},"image":{"@id":"https:\/\/www.meydan.tv\/az\/article\/yenikend-sakini-kimin-imkani-tanisi-var-ona-su-tapilir\/#primaryimage"},"thumbnailUrl":"https:\/\/www.meydan.tv\/wp-content\/uploads\/unnamed_2sb5euc.jpg","articleSection":["B\u00f6lg\u0259"],"inLanguage":"az"},{"@type":"WebPage","@id":"https:\/\/www.meydan.tv\/az\/article\/yenikend-sakini-kimin-imkani-tanisi-var-ona-su-tapilir\/","url":"https:\/\/www.meydan.tv\/az\/article\/yenikend-sakini-kimin-imkani-tanisi-var-ona-su-tapilir\/","name":"Yenik\u0259nd sakini: Kimin imkan\u0131, tan\u0131\u015f\u0131 var, ona su tap\u0131l\u0131r - MEYDAN.TV","isPartOf":{"@id":"https:\/\/www.meydan.tv\/az\/#website"},"primaryImageOfPage":{"@id":"https:\/\/www.meydan.tv\/az\/article\/yenikend-sakini-kimin-imkani-tanisi-var-ona-su-tapilir\/#primaryimage"},"image":{"@id":"https:\/\/www.meydan.tv\/az\/article\/yenikend-sakini-kimin-imkani-tanisi-var-ona-su-tapilir\/#primaryimage"},"thumbnailUrl":"https:\/\/www.meydan.tv\/wp-content\/uploads\/unnamed_2sb5euc.jpg","datePublished":"2020-09-11T14:08:30+00:00","breadcrumb":{"@id":"https:\/\/www.meydan.tv\/az\/article\/yenikend-sakini-kimin-imkani-tanisi-var-ona-su-tapilir\/#breadcrumb"},"inLanguage":"az","potentialAction":[{"@type":"ReadAction","target":["https:\/\/www.meydan.tv\/az\/article\/yenikend-sakini-kimin-imkani-tanisi-var-ona-su-tapilir\/"]}]},{"@type":"ImageObject","inLanguage":"az","@id":"https:\/\/www.meydan.tv\/az\/article\/yenikend-sakini-kimin-imkani-tanisi-var-ona-su-tapilir\/#primaryimage","url":"https:\/\/www.meydan.tv\/wp-content\/uploads\/unnamed_2sb5euc.jpg","contentUrl":"https:\/\/www.meydan.tv\/wp-content\/uploads\/unnamed_2sb5euc.jpg","width":756,"height":580,"caption":"Source: Specify Source"},{"@type":"BreadcrumbList","@id":"https:\/\/www.meydan.tv\/az\/article\/yenikend-sakini-kimin-imkani-tanisi-var-ona-su-tapilir\/#breadcrumb","itemListElement":[{"@type":"ListItem","position":1,"name":"Ana s\u0259hif\u0259","item":"https:\/\/www.meydan.tv\/az\/"},{"@type":"ListItem","position":2,"name":"B\u00f6lg\u0259","item":"https:\/\/www.meydan.tv\/az\/section\/bolge\/"},{"@type":"ListItem","position":3,"name":"Yenik\u0259nd sakini: Kimin imkan\u0131, tan\u0131\u015f\u0131 var, ona su tap\u0131l\u0131r"}]},{"@type":"WebSite","@id":"https:\/\/www.meydan.tv\/az\/#website","url":"https:\/\/www.meydan.tv\/az\/","name":"MEYDAN.TV","description":"Meydan TV Az\u0259rbaycan\u0131n media m\u0259kan\u0131ndak\u0131 alternativ s\u0259sidir","publisher":{"@id":"https:\/\/www.meydan.tv\/az\/#organization"},"potentialAction":[{"@type":"SearchAction","target":{"@type":"EntryPoint","urlTemplate":"https:\/\/www.meydan.tv\/az\/?s={search_term_string}"},"query-input":{"@type":"PropertyValueSpecification","valueRequired":true,"valueName":"search_term_string"}}],"inLanguage":"az"},{"@type":"Organization","@id":"https:\/\/www.meydan.tv\/az\/#organization","name":"Meydan TV","url":"https:\/\/www.meydan.tv\/az\/","logo":{"@type":"ImageObject","inLanguage":"az","@id":"https:\/\/www.meydan.tv\/az\/#\/schema\/logo\/image\/","url":"https:\/\/www.meydan.tv\/wp-content\/uploads\/2021\/07\/meydan-logo.svg","contentUrl":"https:\/\/www.meydan.tv\/wp-content\/uploads\/2021\/07\/meydan-logo.svg","width":195,"height":46,"caption":"Meydan TV"},"image":{"@id":"https:\/\/www.meydan.tv\/az\/#\/schema\/logo\/image\/"}},{"@type":"Person","@id":"https:\/\/www.meydan.tv\/az\/#\/schema\/person\/10d11eccf6da3662cf5fdab9806ea91a","name":"user-manager"}]}},"_links":{"self":[{"href":"https:\/\/www.meydan.tv\/az\/wp-json\/wp\/v2\/posts\/202400","targetHints":{"allow":["GET"]}}],"collection":[{"href":"https:\/\/www.meydan.tv\/az\/wp-json\/wp\/v2\/posts"}],"about":[{"href":"https:\/\/www.meydan.tv\/az\/wp-json\/wp\/v2\/types\/post"}],"author":[{"embeddable":true,"href":"https:\/\/www.meydan.tv\/az\/wp-json\/wp\/v2\/users\/11"}],"replies":[{"embeddable":true,"href":"https:\/\/www.meydan.tv\/az\/wp-json\/wp\/v2\/comments?post=202400"}],"version-history":[{"count":0,"href":"https:\/\/www.meydan.tv\/az\/wp-json\/wp\/v2\/posts\/202400\/revisions"}],"wp:featuredmedia":[{"embeddable":true,"href":"https:\/\/www.meydan.tv\/az\/wp-json\/wp\/v2\/media\/147761"}],"wp:attachment":[{"href":"https:\/\/www.meydan.tv\/az\/wp-json\/wp\/v2\/media?parent=202400"}],"wp:term":[{"taxonomy":"category","embeddable":true,"href":"https:\/\/www.meydan.tv\/az\/wp-json\/wp\/v2\/categories?post=202400"},{"taxonomy":"post_tag","embeddable":true,"href":"https:\/\/www.meydan.tv\/az\/wp-json\/wp\/v2\/tags?post=202400"}],"curies":[{"name":"wp","href":"https:\/\/api.w.org\/{rel}","templated":true}]}}