{"id":202388,"date":"2020-09-11T10:46:59","date_gmt":"2020-09-11T10:46:59","guid":{"rendered":"https:\/\/www.meydan.tv\/article\/dediler-obyektin-mehriban-eliyevanin-caxir-zavoduna-manecilik-toredir-sokduler\/"},"modified":"2020-09-11T10:46:59","modified_gmt":"2020-09-11T10:46:59","slug":"dediler-obyektin-mehriban-eliyevanin-caxir-zavoduna-manecilik-toredir-sokduler","status":"publish","type":"post","link":"https:\/\/www.meydan.tv\/az\/article\/dediler-obyektin-mehriban-eliyevanin-caxir-zavoduna-manecilik-toredir-sokduler\/","title":{"rendered":"\u201cDedil\u0259r, obyektin Mehriban \u018fliyevan\u0131n \u00e7ax\u0131r zavoduna mane\u00e7ilik t\u00f6r\u0259dir, s\u00f6kd\u00fcl\u0259r\u201d"},"content":{"rendered":"<p>\n  <i><br \/>\n    \u015eamax\u0131 sakini: \u201cM\u0259nim \u00f6lk\u0259md\u0259 karantini f\u00fcrs\u0259t bilib v\u0259t\u0259nda\u015f\u0131 \u00e7\u00f6r\u0259yind\u0259n m\u0259hrum edirl\u0259r\u201d<br \/>\n  <\/i>\n<\/p>\n<p>\n  \u201cObyektimi s\u00f6k\u00fcbl\u0259r, \u0259s\u0259b x\u0259st\u0259liyin\u0259 tutulmu\u015fam, h\u0259r yer\u0259 \u015fikay\u0259t edir\u0259m, ancaq he\u00e7 yerd\u0259n cavab ala bilmir\u0259m. O boyda obyekti karantin g\u00fcnl\u0259rind\u0259 g\u0259lib s\u00f6kd\u00fcl\u0259r, dedil\u0259r, icra ba\u015f\u00e7\u0131s\u0131n\u0131n g\u00f6st\u0259ri\u015fidir, get, onunla dan\u0131\u015f. Ancaq ba\u015f\u00e7\u0131n\u0131n q\u0259buluna buraxmad\u0131lar ki, karantindir, olmaz\u201d.\n<\/p>\n<p>\n  Bu ilin may\u0131nda \u015eamax\u0131 sakini F\u0259rhad Allahquliyevin \u015eamax\u0131-A\u011fsu magistral yolunun k\u0259nar\u0131nda yerl\u0259\u015f\u0259n obyekti s\u00f6k\u00fcl\u00fcb. Dediyin\u0259 g\u00f6r\u0259, \u015eamax\u0131 Rayon \u0130cra Hakimiyy\u0259tind\u0259n ona bildirilib ki, ma\u015f\u0131n t\u0259miri il\u0259 m\u0259\u015f\u011ful olan obyekti yax\u0131nl\u0131qdak\u0131 zavoda g\u00f6r\u0259 sok\u00fcbl\u0259r.\n<\/p>\n<p>\n  <b><br \/>\n    \u201cHe\u00e7 kim\u0259 mane\u00e7iliyi yox idi\u201d<br \/>\n  <\/b>\n<\/p>\n<p>\n  \u201cObyektin sah\u0259si 96 kvadratmetr idi. He\u00e7 kim\u0259 mane\u00e7iliyi yox idi. Magistral yoldan da 50 metr aral\u0131da yerl\u0259\u015firdi. Dedil\u0259r ki, yax\u0131nl\u0131qda vitse-prezident Mehriban \u018fliyevan\u0131n \u00e7ax\u0131r zavodu var, bu obyekt o zavoda mane\u00e7ilik t\u00f6r\u0259dir. Halbuki, m\u0259nim obyektimin zavoda he\u00e7 bir mane\u00e7iliyi yox idi. H\u0259l\u0259 karantind\u0259n \u0259vv\u0259l m\u0259n\u0259 obyektin s\u00f6k\u00fcl\u0259c\u0259yi il\u0259 ba\u011fl\u0131 bir ne\u00e7\u0259 d\u0259f\u0259 x\u0259b\u0259r g\u00f6nd\u0259rmi\u015fdil\u0259r. \u015eamax\u0131 Rayon \u0130cra Hakimiyy\u0259ti ba\u015f\u00e7\u0131s\u0131n\u0131n m\u00fcavini S\u0259rdar \u00d6m\u0259rovun, rayonun ba\u015f memar\u0131n\u0131n yan\u0131nda olmu\u015fdum, onlar da h\u0259r \u015feyin yax\u015f\u0131 olaca\u011f\u0131n\u0131 demi\u015fdi. H\u0259tta biz obyektd\u0259 abadl\u0131q i\u015fl\u0259ri aparanda ba\u015f\u00e7\u0131n\u0131n m\u00fcavini g\u0259lib bildirmi\u015fdi ki, nahaq \u0259ziyy\u0259t \u00e7\u0259kirsiz, onsuz da bura s\u00f6k\u00fcl\u0259c\u0259k. M\u0259n d\u0259 demi\u015fdim ki, \u0259vv\u0259l \u0259v\u0259zini \u00f6d\u0259yin, sonra s\u00f6k\u00fcn\u201d, &#8211; \u015fikay\u0259t\u00e7i deyir.\n<\/p>\n<p>\n  <b><br \/>\n    \u201c\u0130\u00e7\u0259risind\u0259ki \u0259\u015fyalarla birlikd\u0259 da\u011f\u0131d\u0131blar\u201d<br \/>\n  <\/b>\n<\/p>\n<p>\n  F\u0259rhad Allahquliyevin s\u00f6zl\u0259rin\u0259 g\u00f6r\u0259, may\u0131n \u0259vv\u0259lind\u0259 ona obyektd\u0259 s\u00f6k\u00fcnt\u00fc i\u015fl\u0259ri apar\u0131ld\u0131\u011f\u0131 bildirilib. O da \u00f6z\u00fcn\u00fc \u0259raziy\u0259 \u00e7atd\u0131r\u0131b:\n<\/p>\n<p>\n  \u201c\u018fvv\u0259l deyirdil\u0259r, arxay\u0131n ol, t\u0259zminat \u00f6d\u0259nil\u0259c\u0259k, ancaq may\u0131n \u0259vv\u0259li q\u0259fil buldozerl\u0259ri g\u0259tirib obyekti i\u00e7\u0259risind\u0259ki \u0259\u015fyalarla birlikd\u0259 darmada\u011f\u0131n edibl\u0259r. M\u0259n \u0259raziy\u0259 \u00e7atanda obyekt tamamil\u0259 s\u00f6k\u00fclm\u00fc\u015fd\u00fc. Dedil\u0259r ki, get, ba\u015f\u00e7\u0131yla dan\u0131\u015f, onun g\u00f6st\u0259ri\u015fidir. \u0130cra hakimiyy\u0259tin\u0259 ged\u0259nd\u0259 is\u0259 bildirdil\u0259r ki, karantin \u015f\u0259raiti oldu\u011funa g\u00f6r\u0259 ba\u015f\u00e7\u0131 v\u0259t\u0259nda\u015flar\u0131 q\u0259bul etmir. Dem\u0259li, ba\u015f\u00e7\u0131 karantin g\u00fcn\u00fc obyekt s\u00f6kd\u00fcr\u0259 bil\u0259r, ancaq v\u0259t\u0259nda\u015f q\u0259bul ed\u0259 bilm\u0259z. Ba\u015fqa \u00f6lk\u0259l\u0259rd\u0259 karantin vaxt\u0131 v\u0259t\u0259nda\u015flara yard\u0131m edirl\u0259r, m\u0259nim \u00f6lk\u0259md\u0259 is\u0259 karantini f\u00fcrs\u0259t bilib v\u0259t\u0259nda\u015f\u0131 \u00e7\u00f6r\u0259yind\u0259n m\u0259hrum edirl\u0259r\u201d\n<\/p>\n<figure class=\"wp-block-image size-large\">\n  <img decoding=\"async\" src=\"https:\/\/www.meydan.tv\/az\/sened-png\/\" alt=\"sened.png\" class=\"wp-image-147740\"\/><figcaption>\n    \u018friz\u0259<br \/>\n  <\/figcaption><\/figure>\n<p>\n  <b><br \/>\n    \u201cM\u0259ni g\u00f6r\u0259nd\u0259 h\u0259r\u0259si bir t\u0259r\u0259fd\u0259 gizl\u0259nir\u201d<br \/>\n  <\/b>\n<\/p>\n<p>\n  F\u0259rhad Allahquliyev deyir, 4 il imi\u015f ki, yol \u00e7\u0259kili\u015fin\u0259 g\u00f6r\u0259 obyekt \u0259vv\u0259lki g\u00fcc\u00fcyl\u0259 i\u015fl\u0259y\u0259 bilmirmi\u015f:\n<\/p>\n<p>\n  \u201cO yeri 1998-ci ild\u0259 indiki pulla hesablasaq, 58 min manata alm\u0131\u015fd\u0131m. Uzun ill\u0259r o obyektd\u0259n ne\u00e7\u0259-ne\u00e7\u0259 ail\u0259y\u0259 dolan\u0131\u015f\u0131q, \u00e7\u00f6r\u0259k gedib. 4 il \u0259vv\u0259l \u015eamax\u0131-A\u011fsu yolunu tik\u0259nd\u0259 obyekt\u0259 gedi\u015f-g\u0259li\u015f \u00e7\u0259tinl\u0259\u015fdi. \u018fvv\u0259lki g\u00fcc\u00fcnd\u0259 \u00e7al\u0131\u015fmasa da, \u00e7\u00f6r\u0259yimizi qazana bilirdik. May ay\u0131ndan bu t\u0259r\u0259f\u0259 stresd\u0259n, g\u0259rginlikd\u0259n \u0259s\u0259b x\u0259st\u0259liyi tapm\u0131\u015fam, b\u00fct\u00fcn sa\u011flaml\u0131\u011f\u0131m\u0131 itirmi\u015f\u0259m. S\u00f6k\u00fcbl\u0259r, g\u0259tirsinl\u0259r haqq\u0131n\u0131 \u00f6d\u0259sinl\u0259r. \u0130cra hakimiyy\u0259tin\u0259 gedir\u0259m, h\u0259r\u0259si bir t\u0259r\u0259fd\u0259 qa\u00e7\u0131b gizl\u0259nir. S\u00f6k\u0259nd\u0259 ham\u0131s\u0131 bir yerd\u0259 s\u00f6k\u00fcb, ancaq indi h\u0259r\u0259si bir t\u0259r\u0259f\u0259 qa\u00e7\u0131r. Ba\u015f memar deyir, m\u0259nlik deyil, g\u0259lib abadl\u0131q i\u015fl\u0259ri vaxt\u0131 \u201consuz da bura s\u00f6k\u00fcl\u0259c\u0259k\u201d dey\u0259n m\u00fcavin indi deyir, m\u0259nlik deyil&#8230; Ham\u0131 ba\u015f\u00e7\u0131n\u0131 g\u00f6st\u0259rir, onun da yan\u0131na buraxm\u0131rlar\u201d.\n<\/p>\n<p>\n  <b><br \/>\n    \u0130cra hakimiyy\u0259ti n\u0259 deyir&#8230;<br \/>\n  <\/b>\n<\/p>\n<p>\n  \u015eamax\u0131 Rayon \u0130cra Hakimiyy\u0259tind\u0259n Meydan TV-y\u0259 bildirilib ki, \u015eamax\u0131-A\u011fsu magistral yolunun k\u0259nar\u0131ndak\u0131 obyekt \u0259vv\u0259ll\u0259r ma\u015f\u0131n t\u0259mini sexi kimi f\u0259aliyy\u0259t g\u00f6st\u0259rs\u0259 d\u0259, bir ne\u00e7\u0259 ildir ki, i\u015fl\u0259mirdi. Obyekt magistral yolun \u0259traf\u0131nda apar\u0131lan abadl\u0131q i\u015fl\u0259ri \u00e7\u0259r\u00e7iv\u0259sind\u0259 s\u00f6k\u00fcl\u00fcb. Bildirilib ki, v\u0259t\u0259nda\u015fa obyektin \u0259v\u0259zi olaraq ba\u015fqa yerd\u0259 sah\u0259 t\u0259klif olunsa da, raz\u0131la\u015fmay\u0131b. \u0130cra hakimiyy\u0259tind\u0259n \u0259razid\u0259 Birinci vitse-prezident Mehriban \u018fliyevaya m\u0259xsus h\u0259r hans\u0131 zavodun f\u0259aliyy\u0259t g\u00f6st\u0259rm\u0259si il\u0259 ba\u011fl\u0131 v\u0259t\u0259nda\u015f\u0131n dedikl\u0259ri t\u0259kzib olunub.\n<\/p>\n<p>\n  F\u0259rhad Allahquliyevs\u0259 qurumdan deyil\u0259nl\u0259rin h\u0259qiq\u0259t\u0259uy\u011fun olmad\u0131\u011f\u0131n\u0131 deyir. Bildirir ki, ona obyektin \u0259v\u0259zi olaraq n\u0259 pul, n\u0259 d\u0259 ba\u015fqa yerd\u0259 torpaq sah\u0259si t\u0259klif olunub.\n<\/p>\n<p>\n  F\u0259rhad Allahquliyev Prezident\u0259, Birinci vitse-prezident\u0259, Ba\u015f prokurora bir ne\u00e7\u0259 d\u0259f\u0259 m\u0259ktub v\u0259 teleqram g\u00f6nd\u0259rib, ancaq he\u00e7 birin\u0259 cavab almay\u0131b.\n<\/p>\n<p>\n  H\u00fcquq\u015f\u00fcnas Namiz\u0259d S\u0259f\u0259rov deyir, v\u0259t\u0259nda\u015f\u0131n \u0259lind\u0259 s\u00f6k\u00fclm\u00fc\u015f \u0259mlak\u0131n ona m\u0259xsus oldu\u011funu t\u0259sdiql\u0259y\u0259n s\u0259n\u0259d varsa, m\u0259hk\u0259m\u0259y\u0259 m\u00fcraci\u0259t ed\u0259 bil\u0259r.\n<\/p>\n<figure class=\"wp-block-image size-large\">\n  <img decoding=\"async\" src=\"https:\/\/www.meydan.tv\/az\/samaxi-png\/\" alt=\"samaxi.png\" class=\"wp-image-147746\"\/><figcaption>\n    \u201cO yeri 1998-ci ild\u0259 indiki pulla hesablasaq, 58 min manata alm\u0131\u015fd\u0131m&#8221;.<br \/>\n  <\/figcaption><\/figure>\n","protected":false},"excerpt":{"rendered":"<p>\u201c\u018fvv\u0259l deyirdil\u0259r, arxay\u0131n ol, t\u0259zminat \u00f6d\u0259nil\u0259c\u0259k, ancaq may\u0131n \u0259vv\u0259li q\u0259fil buldozerl\u0259ri g\u0259tirib obyekti i\u00e7\u0259risind\u0259ki \u0259\u015fyalarla birlikd\u0259 darmada\u011f\u0131n edibl\u0259r&#8221;.<\/p>\n","protected":false},"author":11,"featured_media":147743,"comment_status":"closed","ping_status":"open","sticky":false,"template":"","format":"standard","meta":{"_acf_changed":false,"_sitemap_exclude":false,"_sitemap_priority":"","_sitemap_frequency":"","footnotes":""},"categories":[60],"tags":[],"class_list":["post-202388","post","type-post","status-publish","format-standard","has-post-thumbnail","hentry","category-bolge","infinite-scroll-item","generate-columns","tablet-grid-50","mobile-grid-100","grid-parent","grid-33","no-featured-image-padding"],"acf":[],"yoast_head":"<!-- This site is optimized with the Yoast SEO plugin v27.5 - https:\/\/yoast.com\/product\/yoast-seo-wordpress\/ -->\n<title>\u201cDedil\u0259r, obyektin Mehriban \u018fliyevan\u0131n \u00e7ax\u0131r zavoduna mane\u00e7ilik t\u00f6r\u0259dir, s\u00f6kd\u00fcl\u0259r\u201d - MEYDAN.TV<\/title>\n<meta name=\"robots\" content=\"index, follow, max-snippet:-1, max-image-preview:large, max-video-preview:-1\" \/>\n<link rel=\"canonical\" href=\"https:\/\/www.meydan.tv\/az\/article\/dediler-obyektin-mehriban-eliyevanin-caxir-zavoduna-manecilik-toredir-sokduler\/\" \/>\n<meta property=\"og:locale\" content=\"az_AZ\" \/>\n<meta property=\"og:type\" content=\"article\" \/>\n<meta property=\"og:title\" content=\"\u201cDedil\u0259r, obyektin Mehriban \u018fliyevan\u0131n \u00e7ax\u0131r zavoduna mane\u00e7ilik t\u00f6r\u0259dir, s\u00f6kd\u00fcl\u0259r\u201d - MEYDAN.TV\" \/>\n<meta property=\"og:description\" content=\"\u201c\u018fvv\u0259l deyirdil\u0259r, arxay\u0131n ol, t\u0259zminat \u00f6d\u0259nil\u0259c\u0259k, ancaq may\u0131n \u0259vv\u0259li q\u0259fil buldozerl\u0259ri g\u0259tirib obyekti i\u00e7\u0259risind\u0259ki \u0259\u015fyalarla birlikd\u0259 darmada\u011f\u0131n edibl\u0259r&quot;.\" \/>\n<meta property=\"og:url\" content=\"https:\/\/www.meydan.tv\/az\/article\/dediler-obyektin-mehriban-eliyevanin-caxir-zavoduna-manecilik-toredir-sokduler\/\" \/>\n<meta property=\"og:site_name\" content=\"MEYDAN.TV\" \/>\n<meta property=\"article:published_time\" content=\"2020-09-11T10:46:59+00:00\" \/>\n<meta property=\"og:image\" content=\"https:\/\/www.meydan.tv\/wp-content\/uploads\/1_oa6sohc.png\" \/>\n\t<meta property=\"og:image:width\" content=\"1280\" \/>\n\t<meta property=\"og:image:height\" content=\"720\" \/>\n\t<meta property=\"og:image:type\" content=\"image\/png\" \/>\n<meta name=\"author\" content=\"user-manager\" \/>\n<meta name=\"twitter:card\" content=\"summary_large_image\" \/>\n<script type=\"application\/ld+json\" class=\"yoast-schema-graph\">{\"@context\":\"https:\\\/\\\/schema.org\",\"@graph\":[{\"@type\":\"Article\",\"@id\":\"https:\\\/\\\/www.meydan.tv\\\/az\\\/article\\\/dediler-obyektin-mehriban-eliyevanin-caxir-zavoduna-manecilik-toredir-sokduler\\\/#article\",\"isPartOf\":{\"@id\":\"https:\\\/\\\/www.meydan.tv\\\/az\\\/article\\\/dediler-obyektin-mehriban-eliyevanin-caxir-zavoduna-manecilik-toredir-sokduler\\\/\"},\"author\":{\"name\":\"user-manager\",\"@id\":\"https:\\\/\\\/www.meydan.tv\\\/az\\\/#\\\/schema\\\/person\\\/10d11eccf6da3662cf5fdab9806ea91a\"},\"headline\":\"\u201cDedil\u0259r, obyektin Mehriban \u018fliyevan\u0131n \u00e7ax\u0131r zavoduna mane\u00e7ilik t\u00f6r\u0259dir, s\u00f6kd\u00fcl\u0259r\u201d\",\"datePublished\":\"2020-09-11T10:46:59+00:00\",\"mainEntityOfPage\":{\"@id\":\"https:\\\/\\\/www.meydan.tv\\\/az\\\/article\\\/dediler-obyektin-mehriban-eliyevanin-caxir-zavoduna-manecilik-toredir-sokduler\\\/\"},\"wordCount\":952,\"publisher\":{\"@id\":\"https:\\\/\\\/www.meydan.tv\\\/az\\\/#organization\"},\"image\":{\"@id\":\"https:\\\/\\\/www.meydan.tv\\\/az\\\/article\\\/dediler-obyektin-mehriban-eliyevanin-caxir-zavoduna-manecilik-toredir-sokduler\\\/#primaryimage\"},\"thumbnailUrl\":\"https:\\\/\\\/www.meydan.tv\\\/wp-content\\\/uploads\\\/1_oa6sohc.png\",\"articleSection\":[\"B\u00f6lg\u0259\"],\"inLanguage\":\"az\"},{\"@type\":\"WebPage\",\"@id\":\"https:\\\/\\\/www.meydan.tv\\\/az\\\/article\\\/dediler-obyektin-mehriban-eliyevanin-caxir-zavoduna-manecilik-toredir-sokduler\\\/\",\"url\":\"https:\\\/\\\/www.meydan.tv\\\/az\\\/article\\\/dediler-obyektin-mehriban-eliyevanin-caxir-zavoduna-manecilik-toredir-sokduler\\\/\",\"name\":\"\u201cDedil\u0259r, obyektin Mehriban \u018fliyevan\u0131n \u00e7ax\u0131r zavoduna mane\u00e7ilik t\u00f6r\u0259dir, s\u00f6kd\u00fcl\u0259r\u201d - MEYDAN.TV\",\"isPartOf\":{\"@id\":\"https:\\\/\\\/www.meydan.tv\\\/az\\\/#website\"},\"primaryImageOfPage\":{\"@id\":\"https:\\\/\\\/www.meydan.tv\\\/az\\\/article\\\/dediler-obyektin-mehriban-eliyevanin-caxir-zavoduna-manecilik-toredir-sokduler\\\/#primaryimage\"},\"image\":{\"@id\":\"https:\\\/\\\/www.meydan.tv\\\/az\\\/article\\\/dediler-obyektin-mehriban-eliyevanin-caxir-zavoduna-manecilik-toredir-sokduler\\\/#primaryimage\"},\"thumbnailUrl\":\"https:\\\/\\\/www.meydan.tv\\\/wp-content\\\/uploads\\\/1_oa6sohc.png\",\"datePublished\":\"2020-09-11T10:46:59+00:00\",\"breadcrumb\":{\"@id\":\"https:\\\/\\\/www.meydan.tv\\\/az\\\/article\\\/dediler-obyektin-mehriban-eliyevanin-caxir-zavoduna-manecilik-toredir-sokduler\\\/#breadcrumb\"},\"inLanguage\":\"az\",\"potentialAction\":[{\"@type\":\"ReadAction\",\"target\":[\"https:\\\/\\\/www.meydan.tv\\\/az\\\/article\\\/dediler-obyektin-mehriban-eliyevanin-caxir-zavoduna-manecilik-toredir-sokduler\\\/\"]}]},{\"@type\":\"ImageObject\",\"inLanguage\":\"az\",\"@id\":\"https:\\\/\\\/www.meydan.tv\\\/az\\\/article\\\/dediler-obyektin-mehriban-eliyevanin-caxir-zavoduna-manecilik-toredir-sokduler\\\/#primaryimage\",\"url\":\"https:\\\/\\\/www.meydan.tv\\\/wp-content\\\/uploads\\\/1_oa6sohc.png\",\"contentUrl\":\"https:\\\/\\\/www.meydan.tv\\\/wp-content\\\/uploads\\\/1_oa6sohc.png\",\"width\":1280,\"height\":720,\"caption\":\"Source: Meydan TV\"},{\"@type\":\"BreadcrumbList\",\"@id\":\"https:\\\/\\\/www.meydan.tv\\\/az\\\/article\\\/dediler-obyektin-mehriban-eliyevanin-caxir-zavoduna-manecilik-toredir-sokduler\\\/#breadcrumb\",\"itemListElement\":[{\"@type\":\"ListItem\",\"position\":1,\"name\":\"Ana s\u0259hif\u0259\",\"item\":\"https:\\\/\\\/www.meydan.tv\\\/az\\\/\"},{\"@type\":\"ListItem\",\"position\":2,\"name\":\"B\u00f6lg\u0259\",\"item\":\"https:\\\/\\\/www.meydan.tv\\\/az\\\/section\\\/bolge\\\/\"},{\"@type\":\"ListItem\",\"position\":3,\"name\":\"\u201cDedil\u0259r, obyektin Mehriban \u018fliyevan\u0131n \u00e7ax\u0131r zavoduna mane\u00e7ilik t\u00f6r\u0259dir, s\u00f6kd\u00fcl\u0259r\u201d\"}]},{\"@type\":\"WebSite\",\"@id\":\"https:\\\/\\\/www.meydan.tv\\\/az\\\/#website\",\"url\":\"https:\\\/\\\/www.meydan.tv\\\/az\\\/\",\"name\":\"MEYDAN.TV\",\"description\":\"Meydan TV Az\u0259rbaycan\u0131n media m\u0259kan\u0131ndak\u0131 alternativ s\u0259sidir\",\"publisher\":{\"@id\":\"https:\\\/\\\/www.meydan.tv\\\/az\\\/#organization\"},\"potentialAction\":[{\"@type\":\"SearchAction\",\"target\":{\"@type\":\"EntryPoint\",\"urlTemplate\":\"https:\\\/\\\/www.meydan.tv\\\/az\\\/?s={search_term_string}\"},\"query-input\":{\"@type\":\"PropertyValueSpecification\",\"valueRequired\":true,\"valueName\":\"search_term_string\"}}],\"inLanguage\":\"az\"},{\"@type\":\"Organization\",\"@id\":\"https:\\\/\\\/www.meydan.tv\\\/az\\\/#organization\",\"name\":\"Meydan TV\",\"url\":\"https:\\\/\\\/www.meydan.tv\\\/az\\\/\",\"logo\":{\"@type\":\"ImageObject\",\"inLanguage\":\"az\",\"@id\":\"https:\\\/\\\/www.meydan.tv\\\/az\\\/#\\\/schema\\\/logo\\\/image\\\/\",\"url\":\"https:\\\/\\\/www.meydan.tv\\\/wp-content\\\/uploads\\\/2021\\\/07\\\/meydan-logo.svg\",\"contentUrl\":\"https:\\\/\\\/www.meydan.tv\\\/wp-content\\\/uploads\\\/2021\\\/07\\\/meydan-logo.svg\",\"width\":195,\"height\":46,\"caption\":\"Meydan TV\"},\"image\":{\"@id\":\"https:\\\/\\\/www.meydan.tv\\\/az\\\/#\\\/schema\\\/logo\\\/image\\\/\"}},{\"@type\":\"Person\",\"@id\":\"https:\\\/\\\/www.meydan.tv\\\/az\\\/#\\\/schema\\\/person\\\/10d11eccf6da3662cf5fdab9806ea91a\",\"name\":\"user-manager\"}]}<\/script>\n<!-- \/ Yoast SEO plugin. -->","yoast_head_json":{"title":"\u201cDedil\u0259r, obyektin Mehriban \u018fliyevan\u0131n \u00e7ax\u0131r zavoduna mane\u00e7ilik t\u00f6r\u0259dir, s\u00f6kd\u00fcl\u0259r\u201d - MEYDAN.TV","robots":{"index":"index","follow":"follow","max-snippet":"max-snippet:-1","max-image-preview":"max-image-preview:large","max-video-preview":"max-video-preview:-1"},"canonical":"https:\/\/www.meydan.tv\/az\/article\/dediler-obyektin-mehriban-eliyevanin-caxir-zavoduna-manecilik-toredir-sokduler\/","og_locale":"az_AZ","og_type":"article","og_title":"\u201cDedil\u0259r, obyektin Mehriban \u018fliyevan\u0131n \u00e7ax\u0131r zavoduna mane\u00e7ilik t\u00f6r\u0259dir, s\u00f6kd\u00fcl\u0259r\u201d - MEYDAN.TV","og_description":"\u201c\u018fvv\u0259l deyirdil\u0259r, arxay\u0131n ol, t\u0259zminat \u00f6d\u0259nil\u0259c\u0259k, ancaq may\u0131n \u0259vv\u0259li q\u0259fil buldozerl\u0259ri g\u0259tirib obyekti i\u00e7\u0259risind\u0259ki \u0259\u015fyalarla birlikd\u0259 darmada\u011f\u0131n edibl\u0259r\".","og_url":"https:\/\/www.meydan.tv\/az\/article\/dediler-obyektin-mehriban-eliyevanin-caxir-zavoduna-manecilik-toredir-sokduler\/","og_site_name":"MEYDAN.TV","article_published_time":"2020-09-11T10:46:59+00:00","og_image":[{"width":1280,"height":720,"url":"https:\/\/www.meydan.tv\/wp-content\/uploads\/1_oa6sohc.png","type":"image\/png"}],"author":"user-manager","twitter_card":"summary_large_image","schema":{"@context":"https:\/\/schema.org","@graph":[{"@type":"Article","@id":"https:\/\/www.meydan.tv\/az\/article\/dediler-obyektin-mehriban-eliyevanin-caxir-zavoduna-manecilik-toredir-sokduler\/#article","isPartOf":{"@id":"https:\/\/www.meydan.tv\/az\/article\/dediler-obyektin-mehriban-eliyevanin-caxir-zavoduna-manecilik-toredir-sokduler\/"},"author":{"name":"user-manager","@id":"https:\/\/www.meydan.tv\/az\/#\/schema\/person\/10d11eccf6da3662cf5fdab9806ea91a"},"headline":"\u201cDedil\u0259r, obyektin Mehriban \u018fliyevan\u0131n \u00e7ax\u0131r zavoduna mane\u00e7ilik t\u00f6r\u0259dir, s\u00f6kd\u00fcl\u0259r\u201d","datePublished":"2020-09-11T10:46:59+00:00","mainEntityOfPage":{"@id":"https:\/\/www.meydan.tv\/az\/article\/dediler-obyektin-mehriban-eliyevanin-caxir-zavoduna-manecilik-toredir-sokduler\/"},"wordCount":952,"publisher":{"@id":"https:\/\/www.meydan.tv\/az\/#organization"},"image":{"@id":"https:\/\/www.meydan.tv\/az\/article\/dediler-obyektin-mehriban-eliyevanin-caxir-zavoduna-manecilik-toredir-sokduler\/#primaryimage"},"thumbnailUrl":"https:\/\/www.meydan.tv\/wp-content\/uploads\/1_oa6sohc.png","articleSection":["B\u00f6lg\u0259"],"inLanguage":"az"},{"@type":"WebPage","@id":"https:\/\/www.meydan.tv\/az\/article\/dediler-obyektin-mehriban-eliyevanin-caxir-zavoduna-manecilik-toredir-sokduler\/","url":"https:\/\/www.meydan.tv\/az\/article\/dediler-obyektin-mehriban-eliyevanin-caxir-zavoduna-manecilik-toredir-sokduler\/","name":"\u201cDedil\u0259r, obyektin Mehriban \u018fliyevan\u0131n \u00e7ax\u0131r zavoduna mane\u00e7ilik t\u00f6r\u0259dir, s\u00f6kd\u00fcl\u0259r\u201d - MEYDAN.TV","isPartOf":{"@id":"https:\/\/www.meydan.tv\/az\/#website"},"primaryImageOfPage":{"@id":"https:\/\/www.meydan.tv\/az\/article\/dediler-obyektin-mehriban-eliyevanin-caxir-zavoduna-manecilik-toredir-sokduler\/#primaryimage"},"image":{"@id":"https:\/\/www.meydan.tv\/az\/article\/dediler-obyektin-mehriban-eliyevanin-caxir-zavoduna-manecilik-toredir-sokduler\/#primaryimage"},"thumbnailUrl":"https:\/\/www.meydan.tv\/wp-content\/uploads\/1_oa6sohc.png","datePublished":"2020-09-11T10:46:59+00:00","breadcrumb":{"@id":"https:\/\/www.meydan.tv\/az\/article\/dediler-obyektin-mehriban-eliyevanin-caxir-zavoduna-manecilik-toredir-sokduler\/#breadcrumb"},"inLanguage":"az","potentialAction":[{"@type":"ReadAction","target":["https:\/\/www.meydan.tv\/az\/article\/dediler-obyektin-mehriban-eliyevanin-caxir-zavoduna-manecilik-toredir-sokduler\/"]}]},{"@type":"ImageObject","inLanguage":"az","@id":"https:\/\/www.meydan.tv\/az\/article\/dediler-obyektin-mehriban-eliyevanin-caxir-zavoduna-manecilik-toredir-sokduler\/#primaryimage","url":"https:\/\/www.meydan.tv\/wp-content\/uploads\/1_oa6sohc.png","contentUrl":"https:\/\/www.meydan.tv\/wp-content\/uploads\/1_oa6sohc.png","width":1280,"height":720,"caption":"Source: Meydan TV"},{"@type":"BreadcrumbList","@id":"https:\/\/www.meydan.tv\/az\/article\/dediler-obyektin-mehriban-eliyevanin-caxir-zavoduna-manecilik-toredir-sokduler\/#breadcrumb","itemListElement":[{"@type":"ListItem","position":1,"name":"Ana s\u0259hif\u0259","item":"https:\/\/www.meydan.tv\/az\/"},{"@type":"ListItem","position":2,"name":"B\u00f6lg\u0259","item":"https:\/\/www.meydan.tv\/az\/section\/bolge\/"},{"@type":"ListItem","position":3,"name":"\u201cDedil\u0259r, obyektin Mehriban \u018fliyevan\u0131n \u00e7ax\u0131r zavoduna mane\u00e7ilik t\u00f6r\u0259dir, s\u00f6kd\u00fcl\u0259r\u201d"}]},{"@type":"WebSite","@id":"https:\/\/www.meydan.tv\/az\/#website","url":"https:\/\/www.meydan.tv\/az\/","name":"MEYDAN.TV","description":"Meydan TV Az\u0259rbaycan\u0131n media m\u0259kan\u0131ndak\u0131 alternativ s\u0259sidir","publisher":{"@id":"https:\/\/www.meydan.tv\/az\/#organization"},"potentialAction":[{"@type":"SearchAction","target":{"@type":"EntryPoint","urlTemplate":"https:\/\/www.meydan.tv\/az\/?s={search_term_string}"},"query-input":{"@type":"PropertyValueSpecification","valueRequired":true,"valueName":"search_term_string"}}],"inLanguage":"az"},{"@type":"Organization","@id":"https:\/\/www.meydan.tv\/az\/#organization","name":"Meydan TV","url":"https:\/\/www.meydan.tv\/az\/","logo":{"@type":"ImageObject","inLanguage":"az","@id":"https:\/\/www.meydan.tv\/az\/#\/schema\/logo\/image\/","url":"https:\/\/www.meydan.tv\/wp-content\/uploads\/2021\/07\/meydan-logo.svg","contentUrl":"https:\/\/www.meydan.tv\/wp-content\/uploads\/2021\/07\/meydan-logo.svg","width":195,"height":46,"caption":"Meydan TV"},"image":{"@id":"https:\/\/www.meydan.tv\/az\/#\/schema\/logo\/image\/"}},{"@type":"Person","@id":"https:\/\/www.meydan.tv\/az\/#\/schema\/person\/10d11eccf6da3662cf5fdab9806ea91a","name":"user-manager"}]}},"_links":{"self":[{"href":"https:\/\/www.meydan.tv\/az\/wp-json\/wp\/v2\/posts\/202388","targetHints":{"allow":["GET"]}}],"collection":[{"href":"https:\/\/www.meydan.tv\/az\/wp-json\/wp\/v2\/posts"}],"about":[{"href":"https:\/\/www.meydan.tv\/az\/wp-json\/wp\/v2\/types\/post"}],"author":[{"embeddable":true,"href":"https:\/\/www.meydan.tv\/az\/wp-json\/wp\/v2\/users\/11"}],"replies":[{"embeddable":true,"href":"https:\/\/www.meydan.tv\/az\/wp-json\/wp\/v2\/comments?post=202388"}],"version-history":[{"count":0,"href":"https:\/\/www.meydan.tv\/az\/wp-json\/wp\/v2\/posts\/202388\/revisions"}],"wp:featuredmedia":[{"embeddable":true,"href":"https:\/\/www.meydan.tv\/az\/wp-json\/wp\/v2\/media\/147743"}],"wp:attachment":[{"href":"https:\/\/www.meydan.tv\/az\/wp-json\/wp\/v2\/media?parent=202388"}],"wp:term":[{"taxonomy":"category","embeddable":true,"href":"https:\/\/www.meydan.tv\/az\/wp-json\/wp\/v2\/categories?post=202388"},{"taxonomy":"post_tag","embeddable":true,"href":"https:\/\/www.meydan.tv\/az\/wp-json\/wp\/v2\/tags?post=202388"}],"curies":[{"name":"wp","href":"https:\/\/api.w.org\/{rel}","templated":true}]}}