{"id":202342,"date":"2020-09-08T23:08:22","date_gmt":"2020-09-08T23:08:22","guid":{"rendered":"https:\/\/www.meydan.tv\/article\/dovlet-tehlukesizliyi-xidmeti-niye-sekiye-gelmir\/"},"modified":"2020-09-08T23:08:22","modified_gmt":"2020-09-08T23:08:22","slug":"dovlet-tehlukesizliyi-xidmeti-niye-sekiye-gelmir","status":"publish","type":"post","link":"https:\/\/www.meydan.tv\/az\/article\/dovlet-tehlukesizliyi-xidmeti-niye-sekiye-gelmir\/","title":{"rendered":"\u201cD\u00f6vl\u0259t T\u0259hl\u00fck\u0259sizliyi Xidm\u0259ti niy\u0259 \u015e\u0259kiy\u0259 g\u0259lmir?\u201d"},"content":{"rendered":"<p>\n  <i><br \/>\n    \u015e\u0259ki sakinl\u0259ri \u015f\u0259h\u0259rin probleml\u0259rinin h\u0259ll olunmad\u0131\u011f\u0131n\u0131 deyirl\u0259r<br \/>\n  <\/i>\n<\/p>\n<p>\n  \u201cAx\u0131r\u0131nc\u0131 d\u0259f\u0259 ya\u011fan g\u00fccl\u00fc ya\u011f\u0131\u015fda \u015e\u0259kinin m\u0259rk\u0259zind\u0259 olan Qurcana \u00e7ay\u0131n\u0131n divarlar\u0131 u\u00e7ub. H\u0259min u\u00e7an hiss\u0259d\u0259n su da\u015f\u0131r\u201d.\n<\/p>\n<p>\n  M\u0259lumat\u0131 Meydan TV-y\u0259 \u015e\u0259ki sakinl\u0259ri verib. Bildirirl\u0259r ki, buna m\u0259sul olan qurum b\u0259l\u0259diyy\u0259dir:\n<\/p>\n<p>\n  \u201cKe\u00e7\u0259n d\u0259f\u0259 \u015f\u0259h\u0259rin k\u00fc\u00e7\u0259l\u0259rinin zibilli olmas\u0131 il\u0259 ba\u011fl\u0131 yazm\u0131\u015fd\u0131q. Bu, \u015e\u0259ki \u015e\u0259h\u0259r \u0130cra Hakimiyy\u0259tinin ba\u015f\u00e7\u0131s\u0131 Elxan Usubovun v\u0259 m\u00fcavini H\u0259s\u0259n H\u0259s\u0259novun x\u0259trin\u0259 d\u0259ydi. Onlar \u201cinciklikl\u0259rini\u201d polis vasit\u0259sil\u0259 bildirdil\u0259r. \u0130st\u0259yirl\u0259r ki, ham\u0131 sussun, olanlar\u0131 dil\u0259 g\u0259tirm\u0259sin. Bu da m\u00fcmk\u00fcn deyil, \u00e7\u00fcnki ba\u015fqa c\u00fcr d\u00fcz\u0259l\u0259n deyill\u0259r\u201d.\n<\/p>\n<p>\n  \u015e\u0259ki sakinl\u0259ri deyirl\u0259r ki, m\u0259murlar camaat\u0131 qorxu v\u0259 t\u0259hdid alt\u0131nda saxlayaraq h\u0259r c\u00fcr istismar edir, haqlar\u0131n\u0131 yeyirl\u0259r:\n<\/p>\n<p>\n  \u201c\u015e\u0259h\u0259r\u0259 is\u0259 bu formada bigan\u0259, laqeyd, vicdans\u0131zca m\u00fcnasib\u0259t b\u0259sl\u0259nilir. H\u0259r d\u0259f\u0259 \u015f\u0259h\u0259rin bu hal\u0131n\u0131 g\u00f6r\u0259nd\u0259 \u00fcr\u0259yim a\u011fr\u0131y\u0131r. D\u00f6vl\u0259t T\u0259hl\u00fck\u0259sizliyi Xidm\u0259ti (DTX) niy\u0259 \u00f6z k\u00fcl\u0259kl\u0259rini bu t\u0259r\u0259f\u0259 \u0259sdirmir, \u015fou bitdimi?!\u201d\n<\/p>\n<p>\n  Sakinl\u0259r bildirirl\u0259r ki, \u015e\u0259ki \u0259n \u00e7ox yeyintiy\u0259 m\u0259ruz qalan \u015f\u0259h\u0259rdir. Buna \u0259n b\u00f6y\u00fck s\u00fcbut is\u0259 \u015f\u0259h\u0259rin yollar\u0131d\u0131r:\n<\/p>\n<p>\n  \u201cBu boyda tarixi \u015f\u0259h\u0259rin yollar\u0131 k\u0259nd yolundan bet\u0259rdir. D\u00f6vl\u0259t T\u0259hl\u00fck\u0259sizlik Xidm\u0259ti rayonlarda \u0259m\u0259liyyatlar ke\u00e7irir. Bel\u0259 s\u0259mimidirl\u0259rs\u0259, niy\u0259 \u015e\u0259kiy\u0259 d\u0259 g\u0259lmirl\u0259r? G\u0259lib olanlardan d\u0259rs \u00e7\u0131xarmayan bu insanlar\u0131 \u201csil-s\u00fcp\u00fcr\u201d etsinl\u0259r. \u00c7\u00fcnki bu tip insanlar\u0131n kresloda qalmas\u0131 sad\u0259c\u0259 b\u00fcrokratik bir m\u0259s\u0259l\u0259 deyil, art\u0131q el\u0259 bir v\u0259ziyy\u0259tdir ki, bu, milli t\u0259hl\u00fck\u0259sizlik m\u0259s\u0259l\u0259sidir\u201d.\n<\/p>\n<p>\n  Sakinl\u0259r bildirirl\u0259r ki, b\u0259lk\u0259 d\u0259 m\u0259murlar \u201cinciklikl\u0259rini\u201d yen\u0259 polis vasit\u0259sil\u0259 ed\u0259l\u0259r:\n<\/p>\n<p>\n  \u201c\u00c7\u00fcnki normal, sivil dialoq aparma\u011fa qabiliyy\u0259tl\u0259ri yoxdur. Lakin m\u0259lumdur ki, c\u0259miyy\u0259tl\u0259 sivil dialoq quruldu\u011fu zaman faydal\u0131 n\u0259tic\u0259l\u0259r \u0259ld\u0259 etm\u0259k olar, \u0259ks t\u0259qdird\u0259, toplum v\u0259 hakimiyy\u0259t t\u0259r\u0259fl\u0259ri aras\u0131nda yaranacaq d\u0259rin u\u00e7urum destruktiv n\u0259tic\u0259l\u0259r do\u011furacaq\u201d.\n<\/p>\n<p>\n  \u015e\u0259ki \u015f\u0259h\u0259rind\u0259 abadl\u0131q i\u015fl\u0259rinin \u00e7oxunu, o c\u00fcml\u0259d\u0259n \u00e7aylara b\u0259ndl\u0259rin tikilm\u0259si i\u015fini \u201cAbadl\u0131q T\u0259mir T\u0259mizlik\u201d MMC \u015firk\u0259ti h\u0259yata<br \/>\n  <a href=\"https:\/\/www.yeniavaz.com\/az\/news\/index\/147172\/icra-hakimiyyeti-seheri-abadlasdirmaq-ucun-30-yasli-belediyye-uzvune-566-min-manat-verecek\"><br \/>\n    ke\u00e7irir<br \/>\n  <\/a><br \/>\n  . Bu i\u015f onlara \u015e\u0259ki \u015e\u0259h\u0259r \u0130cra Hakimiyy\u0259ti t\u0259r\u0259find\u0259n ke\u00e7iril\u0259n tender m\u00fcsabiq\u0259sinin qalibi olandan sonra h\u0259val\u0259 edilib.\n<\/p>\n<p>\n  \u015e\u0259ki \u015f\u0259h\u0259r \u0130cra Hakimiyy\u0259ti \u201cAbadl\u0131q T\u0259mir T\u0259mizlik\u201d MMC-y\u0259 2020-ci ild\u0259 \u015e\u0259ki \u015f\u0259h\u0259rind\u0259 g\u00f6r\u00fcl\u0259c\u0259k (b\u00fcdc\u0259d\u0259nk\u0259nar v\u0259sait hesab\u0131na) abadl\u0131q i\u015fl\u0259ri \u00fc\u00e7\u00fcn 566 min 582 manat 71 q\u0259pik \u00f6d\u0259yib.\n<\/p>\n<p>\n  \u201cAbadl\u0131q T\u0259mir T\u0259mizlik\u201d MMC 2019-cu il fevral\u0131n 5-d\u0259 qeydiyyatdan ke\u00e7ib. Nizamnam\u0259 kapital\u0131 10 manat olan MMC-nin qanuni t\u0259msil\u00e7isi Hafiz Amil o\u011flu \u018ff\u0259ndizad\u0259dir.\n<\/p>\n<p>\n  Sakinl\u0259r bildirirl\u0259r ki, 1990-c\u0131 ild\u0259 anadan olan Hafiz \u018ff\u0259ndizad\u0259 \u015e\u0259ki b\u0259l\u0259diyy\u0259sinin \u00fczv\u00fcd\u00fcr:\n<\/p>\n<p>\n  \u201c\u201cAbadl\u0131q T\u0259mir T\u0259mizlik\u201d MMC d\u00f6vl\u0259t qeydiyyat\u0131na al\u0131nan zaman Hafiz \u018ff\u0259ndizad\u0259 \u015e\u0259ki b\u0259l\u0259diyy\u0259sind\u0259 ba\u015f torpaq m\u00fct\u0259x\u0259ssisi v\u0259zif\u0259sind\u0259 \u00e7al\u0131\u015f\u0131b. 2019-cu ilin dekabr\u0131ndan is\u0259 ke\u00e7iril\u0259n b\u0259l\u0259diyy\u0259 se\u00e7kil\u0259rind\u0259 namiz\u0259dliyini ir\u0259li s\u00fcr\u0259r\u0259k \u015e\u0259ki \u015f\u0259h\u0259r b\u0259l\u0259diyy\u0259sin\u0259 \u00fczv se\u00e7ilib\u201d.\n<\/p>\n<p>\n  \u201cB\u0259l\u0259diyy\u0259 \u00fczv\u00fcn\u00fcn statusu haqq\u0131nda\u201d Qanunun 13-c\u00fc madd\u0259sinin t\u0259l\u0259bl\u0259rin\u0259 g\u00f6r\u0259, \u0259m\u0259k haqq\u0131n\u0131 b\u0259l\u0259diyy\u0259d\u0259n alan b\u0259l\u0259diyy\u0259 \u00fczv\u00fcn\u00fcn \u0259sas i\u015f yeri b\u0259l\u0259diyy\u0259 hesab olunur.\n<\/p>\n<p>\n  \u015e\u0259ki \u015e\u0259h\u0259r \u0130cra Hakimiyy\u0259tind\u0259n Meydan TV-y\u0259 m\u0259s\u0259l\u0259 il\u0259 maraqlanacaqlar\u0131n\u0131 s\u00f6yl\u0259yibl\u0259r. Bildiribl\u0259r ki, ciddi n\u0259s\u0259 ba\u015f verm\u0259yib, yoxsa bundan x\u0259b\u0259rdar olard\u0131lar: \u201cH\u0259r bir halda ara\u015fd\u0131raca\u011f\u0131q. Ciddi problem varsa, aradan qald\u0131r\u0131lacaq\u201d.\n<\/p>\n<figure class=\"wp-block-image size-large\">\n  <img decoding=\"async\" src=\"https:\/\/www.meydan.tv\/az\/image-from-ios-11-jpg\/\" alt=\"Image from iOS (11).jpg\" class=\"wp-image-147635\"\/><figcaption>\n    \u015e\u0259ki<br \/>\n  <\/figcaption><\/figure>\n","protected":false},"excerpt":{"rendered":"<p>\u015e\u0259ki sakinl\u0259ri \u015f\u0259h\u0259rin probleml\u0259rinin h\u0259ll olunmad\u0131\u011f\u0131n\u0131 deyirl\u0259r<\/p>\n","protected":false},"author":11,"featured_media":147629,"comment_status":"closed","ping_status":"open","sticky":false,"template":"","format":"standard","meta":{"_acf_changed":false,"_sitemap_exclude":false,"_sitemap_priority":"","_sitemap_frequency":"","footnotes":""},"categories":[60],"tags":[],"class_list":["post-202342","post","type-post","status-publish","format-standard","has-post-thumbnail","hentry","category-bolge","infinite-scroll-item","generate-columns","tablet-grid-50","mobile-grid-100","grid-parent","grid-33","no-featured-image-padding"],"acf":[],"yoast_head":"<!-- This site is optimized with the Yoast SEO plugin v27.5 - https:\/\/yoast.com\/product\/yoast-seo-wordpress\/ -->\n<title>\u201cD\u00f6vl\u0259t T\u0259hl\u00fck\u0259sizliyi Xidm\u0259ti niy\u0259 \u015e\u0259kiy\u0259 g\u0259lmir?\u201d - MEYDAN.TV<\/title>\n<meta name=\"robots\" content=\"index, follow, max-snippet:-1, max-image-preview:large, max-video-preview:-1\" \/>\n<link rel=\"canonical\" href=\"https:\/\/www.meydan.tv\/az\/article\/dovlet-tehlukesizliyi-xidmeti-niye-sekiye-gelmir\/\" \/>\n<meta property=\"og:locale\" content=\"az_AZ\" \/>\n<meta property=\"og:type\" content=\"article\" \/>\n<meta property=\"og:title\" content=\"\u201cD\u00f6vl\u0259t T\u0259hl\u00fck\u0259sizliyi Xidm\u0259ti niy\u0259 \u015e\u0259kiy\u0259 g\u0259lmir?\u201d - MEYDAN.TV\" \/>\n<meta property=\"og:description\" content=\"\u015e\u0259ki sakinl\u0259ri \u015f\u0259h\u0259rin probleml\u0259rinin h\u0259ll olunmad\u0131\u011f\u0131n\u0131 deyirl\u0259r\" \/>\n<meta property=\"og:url\" content=\"https:\/\/www.meydan.tv\/az\/article\/dovlet-tehlukesizliyi-xidmeti-niye-sekiye-gelmir\/\" \/>\n<meta property=\"og:site_name\" content=\"MEYDAN.TV\" \/>\n<meta property=\"article:published_time\" content=\"2020-09-08T23:08:22+00:00\" \/>\n<meta property=\"og:image\" content=\"https:\/\/www.meydan.tv\/wp-content\/uploads\/image_from_ios_12_w7u7ltm.jpg\" \/>\n\t<meta property=\"og:image:width\" content=\"1280\" \/>\n\t<meta property=\"og:image:height\" content=\"960\" \/>\n\t<meta property=\"og:image:type\" content=\"image\/jpeg\" \/>\n<meta name=\"author\" content=\"user-manager\" \/>\n<meta name=\"twitter:card\" content=\"summary_large_image\" \/>\n<script type=\"application\/ld+json\" class=\"yoast-schema-graph\">{\"@context\":\"https:\\\/\\\/schema.org\",\"@graph\":[{\"@type\":\"Article\",\"@id\":\"https:\\\/\\\/www.meydan.tv\\\/az\\\/article\\\/dovlet-tehlukesizliyi-xidmeti-niye-sekiye-gelmir\\\/#article\",\"isPartOf\":{\"@id\":\"https:\\\/\\\/www.meydan.tv\\\/az\\\/article\\\/dovlet-tehlukesizliyi-xidmeti-niye-sekiye-gelmir\\\/\"},\"author\":{\"name\":\"user-manager\",\"@id\":\"https:\\\/\\\/www.meydan.tv\\\/az\\\/#\\\/schema\\\/person\\\/10d11eccf6da3662cf5fdab9806ea91a\"},\"headline\":\"\u201cD\u00f6vl\u0259t T\u0259hl\u00fck\u0259sizliyi Xidm\u0259ti niy\u0259 \u015e\u0259kiy\u0259 g\u0259lmir?\u201d\",\"datePublished\":\"2020-09-08T23:08:22+00:00\",\"mainEntityOfPage\":{\"@id\":\"https:\\\/\\\/www.meydan.tv\\\/az\\\/article\\\/dovlet-tehlukesizliyi-xidmeti-niye-sekiye-gelmir\\\/\"},\"wordCount\":738,\"publisher\":{\"@id\":\"https:\\\/\\\/www.meydan.tv\\\/az\\\/#organization\"},\"image\":{\"@id\":\"https:\\\/\\\/www.meydan.tv\\\/az\\\/article\\\/dovlet-tehlukesizliyi-xidmeti-niye-sekiye-gelmir\\\/#primaryimage\"},\"thumbnailUrl\":\"https:\\\/\\\/www.meydan.tv\\\/wp-content\\\/uploads\\\/image_from_ios_12_w7u7ltm.jpg\",\"articleSection\":[\"B\u00f6lg\u0259\"],\"inLanguage\":\"az\"},{\"@type\":\"WebPage\",\"@id\":\"https:\\\/\\\/www.meydan.tv\\\/az\\\/article\\\/dovlet-tehlukesizliyi-xidmeti-niye-sekiye-gelmir\\\/\",\"url\":\"https:\\\/\\\/www.meydan.tv\\\/az\\\/article\\\/dovlet-tehlukesizliyi-xidmeti-niye-sekiye-gelmir\\\/\",\"name\":\"\u201cD\u00f6vl\u0259t T\u0259hl\u00fck\u0259sizliyi Xidm\u0259ti niy\u0259 \u015e\u0259kiy\u0259 g\u0259lmir?\u201d - MEYDAN.TV\",\"isPartOf\":{\"@id\":\"https:\\\/\\\/www.meydan.tv\\\/az\\\/#website\"},\"primaryImageOfPage\":{\"@id\":\"https:\\\/\\\/www.meydan.tv\\\/az\\\/article\\\/dovlet-tehlukesizliyi-xidmeti-niye-sekiye-gelmir\\\/#primaryimage\"},\"image\":{\"@id\":\"https:\\\/\\\/www.meydan.tv\\\/az\\\/article\\\/dovlet-tehlukesizliyi-xidmeti-niye-sekiye-gelmir\\\/#primaryimage\"},\"thumbnailUrl\":\"https:\\\/\\\/www.meydan.tv\\\/wp-content\\\/uploads\\\/image_from_ios_12_w7u7ltm.jpg\",\"datePublished\":\"2020-09-08T23:08:22+00:00\",\"breadcrumb\":{\"@id\":\"https:\\\/\\\/www.meydan.tv\\\/az\\\/article\\\/dovlet-tehlukesizliyi-xidmeti-niye-sekiye-gelmir\\\/#breadcrumb\"},\"inLanguage\":\"az\",\"potentialAction\":[{\"@type\":\"ReadAction\",\"target\":[\"https:\\\/\\\/www.meydan.tv\\\/az\\\/article\\\/dovlet-tehlukesizliyi-xidmeti-niye-sekiye-gelmir\\\/\"]}]},{\"@type\":\"ImageObject\",\"inLanguage\":\"az\",\"@id\":\"https:\\\/\\\/www.meydan.tv\\\/az\\\/article\\\/dovlet-tehlukesizliyi-xidmeti-niye-sekiye-gelmir\\\/#primaryimage\",\"url\":\"https:\\\/\\\/www.meydan.tv\\\/wp-content\\\/uploads\\\/image_from_ios_12_w7u7ltm.jpg\",\"contentUrl\":\"https:\\\/\\\/www.meydan.tv\\\/wp-content\\\/uploads\\\/image_from_ios_12_w7u7ltm.jpg\",\"width\":1280,\"height\":960,\"caption\":\"Source: Meydan Tv\"},{\"@type\":\"BreadcrumbList\",\"@id\":\"https:\\\/\\\/www.meydan.tv\\\/az\\\/article\\\/dovlet-tehlukesizliyi-xidmeti-niye-sekiye-gelmir\\\/#breadcrumb\",\"itemListElement\":[{\"@type\":\"ListItem\",\"position\":1,\"name\":\"Ana s\u0259hif\u0259\",\"item\":\"https:\\\/\\\/www.meydan.tv\\\/az\\\/\"},{\"@type\":\"ListItem\",\"position\":2,\"name\":\"B\u00f6lg\u0259\",\"item\":\"https:\\\/\\\/www.meydan.tv\\\/az\\\/section\\\/bolge\\\/\"},{\"@type\":\"ListItem\",\"position\":3,\"name\":\"\u201cD\u00f6vl\u0259t T\u0259hl\u00fck\u0259sizliyi Xidm\u0259ti niy\u0259 \u015e\u0259kiy\u0259 g\u0259lmir?\u201d\"}]},{\"@type\":\"WebSite\",\"@id\":\"https:\\\/\\\/www.meydan.tv\\\/az\\\/#website\",\"url\":\"https:\\\/\\\/www.meydan.tv\\\/az\\\/\",\"name\":\"MEYDAN.TV\",\"description\":\"Meydan TV Az\u0259rbaycan\u0131n media m\u0259kan\u0131ndak\u0131 alternativ s\u0259sidir\",\"publisher\":{\"@id\":\"https:\\\/\\\/www.meydan.tv\\\/az\\\/#organization\"},\"potentialAction\":[{\"@type\":\"SearchAction\",\"target\":{\"@type\":\"EntryPoint\",\"urlTemplate\":\"https:\\\/\\\/www.meydan.tv\\\/az\\\/?s={search_term_string}\"},\"query-input\":{\"@type\":\"PropertyValueSpecification\",\"valueRequired\":true,\"valueName\":\"search_term_string\"}}],\"inLanguage\":\"az\"},{\"@type\":\"Organization\",\"@id\":\"https:\\\/\\\/www.meydan.tv\\\/az\\\/#organization\",\"name\":\"Meydan TV\",\"url\":\"https:\\\/\\\/www.meydan.tv\\\/az\\\/\",\"logo\":{\"@type\":\"ImageObject\",\"inLanguage\":\"az\",\"@id\":\"https:\\\/\\\/www.meydan.tv\\\/az\\\/#\\\/schema\\\/logo\\\/image\\\/\",\"url\":\"https:\\\/\\\/www.meydan.tv\\\/wp-content\\\/uploads\\\/2021\\\/07\\\/meydan-logo.svg\",\"contentUrl\":\"https:\\\/\\\/www.meydan.tv\\\/wp-content\\\/uploads\\\/2021\\\/07\\\/meydan-logo.svg\",\"width\":195,\"height\":46,\"caption\":\"Meydan TV\"},\"image\":{\"@id\":\"https:\\\/\\\/www.meydan.tv\\\/az\\\/#\\\/schema\\\/logo\\\/image\\\/\"}},{\"@type\":\"Person\",\"@id\":\"https:\\\/\\\/www.meydan.tv\\\/az\\\/#\\\/schema\\\/person\\\/10d11eccf6da3662cf5fdab9806ea91a\",\"name\":\"user-manager\"}]}<\/script>\n<!-- \/ Yoast SEO plugin. -->","yoast_head_json":{"title":"\u201cD\u00f6vl\u0259t T\u0259hl\u00fck\u0259sizliyi Xidm\u0259ti niy\u0259 \u015e\u0259kiy\u0259 g\u0259lmir?\u201d - MEYDAN.TV","robots":{"index":"index","follow":"follow","max-snippet":"max-snippet:-1","max-image-preview":"max-image-preview:large","max-video-preview":"max-video-preview:-1"},"canonical":"https:\/\/www.meydan.tv\/az\/article\/dovlet-tehlukesizliyi-xidmeti-niye-sekiye-gelmir\/","og_locale":"az_AZ","og_type":"article","og_title":"\u201cD\u00f6vl\u0259t T\u0259hl\u00fck\u0259sizliyi Xidm\u0259ti niy\u0259 \u015e\u0259kiy\u0259 g\u0259lmir?\u201d - MEYDAN.TV","og_description":"\u015e\u0259ki sakinl\u0259ri \u015f\u0259h\u0259rin probleml\u0259rinin h\u0259ll olunmad\u0131\u011f\u0131n\u0131 deyirl\u0259r","og_url":"https:\/\/www.meydan.tv\/az\/article\/dovlet-tehlukesizliyi-xidmeti-niye-sekiye-gelmir\/","og_site_name":"MEYDAN.TV","article_published_time":"2020-09-08T23:08:22+00:00","og_image":[{"width":1280,"height":960,"url":"https:\/\/www.meydan.tv\/wp-content\/uploads\/image_from_ios_12_w7u7ltm.jpg","type":"image\/jpeg"}],"author":"user-manager","twitter_card":"summary_large_image","schema":{"@context":"https:\/\/schema.org","@graph":[{"@type":"Article","@id":"https:\/\/www.meydan.tv\/az\/article\/dovlet-tehlukesizliyi-xidmeti-niye-sekiye-gelmir\/#article","isPartOf":{"@id":"https:\/\/www.meydan.tv\/az\/article\/dovlet-tehlukesizliyi-xidmeti-niye-sekiye-gelmir\/"},"author":{"name":"user-manager","@id":"https:\/\/www.meydan.tv\/az\/#\/schema\/person\/10d11eccf6da3662cf5fdab9806ea91a"},"headline":"\u201cD\u00f6vl\u0259t T\u0259hl\u00fck\u0259sizliyi Xidm\u0259ti niy\u0259 \u015e\u0259kiy\u0259 g\u0259lmir?\u201d","datePublished":"2020-09-08T23:08:22+00:00","mainEntityOfPage":{"@id":"https:\/\/www.meydan.tv\/az\/article\/dovlet-tehlukesizliyi-xidmeti-niye-sekiye-gelmir\/"},"wordCount":738,"publisher":{"@id":"https:\/\/www.meydan.tv\/az\/#organization"},"image":{"@id":"https:\/\/www.meydan.tv\/az\/article\/dovlet-tehlukesizliyi-xidmeti-niye-sekiye-gelmir\/#primaryimage"},"thumbnailUrl":"https:\/\/www.meydan.tv\/wp-content\/uploads\/image_from_ios_12_w7u7ltm.jpg","articleSection":["B\u00f6lg\u0259"],"inLanguage":"az"},{"@type":"WebPage","@id":"https:\/\/www.meydan.tv\/az\/article\/dovlet-tehlukesizliyi-xidmeti-niye-sekiye-gelmir\/","url":"https:\/\/www.meydan.tv\/az\/article\/dovlet-tehlukesizliyi-xidmeti-niye-sekiye-gelmir\/","name":"\u201cD\u00f6vl\u0259t T\u0259hl\u00fck\u0259sizliyi Xidm\u0259ti niy\u0259 \u015e\u0259kiy\u0259 g\u0259lmir?\u201d - MEYDAN.TV","isPartOf":{"@id":"https:\/\/www.meydan.tv\/az\/#website"},"primaryImageOfPage":{"@id":"https:\/\/www.meydan.tv\/az\/article\/dovlet-tehlukesizliyi-xidmeti-niye-sekiye-gelmir\/#primaryimage"},"image":{"@id":"https:\/\/www.meydan.tv\/az\/article\/dovlet-tehlukesizliyi-xidmeti-niye-sekiye-gelmir\/#primaryimage"},"thumbnailUrl":"https:\/\/www.meydan.tv\/wp-content\/uploads\/image_from_ios_12_w7u7ltm.jpg","datePublished":"2020-09-08T23:08:22+00:00","breadcrumb":{"@id":"https:\/\/www.meydan.tv\/az\/article\/dovlet-tehlukesizliyi-xidmeti-niye-sekiye-gelmir\/#breadcrumb"},"inLanguage":"az","potentialAction":[{"@type":"ReadAction","target":["https:\/\/www.meydan.tv\/az\/article\/dovlet-tehlukesizliyi-xidmeti-niye-sekiye-gelmir\/"]}]},{"@type":"ImageObject","inLanguage":"az","@id":"https:\/\/www.meydan.tv\/az\/article\/dovlet-tehlukesizliyi-xidmeti-niye-sekiye-gelmir\/#primaryimage","url":"https:\/\/www.meydan.tv\/wp-content\/uploads\/image_from_ios_12_w7u7ltm.jpg","contentUrl":"https:\/\/www.meydan.tv\/wp-content\/uploads\/image_from_ios_12_w7u7ltm.jpg","width":1280,"height":960,"caption":"Source: Meydan Tv"},{"@type":"BreadcrumbList","@id":"https:\/\/www.meydan.tv\/az\/article\/dovlet-tehlukesizliyi-xidmeti-niye-sekiye-gelmir\/#breadcrumb","itemListElement":[{"@type":"ListItem","position":1,"name":"Ana s\u0259hif\u0259","item":"https:\/\/www.meydan.tv\/az\/"},{"@type":"ListItem","position":2,"name":"B\u00f6lg\u0259","item":"https:\/\/www.meydan.tv\/az\/section\/bolge\/"},{"@type":"ListItem","position":3,"name":"\u201cD\u00f6vl\u0259t T\u0259hl\u00fck\u0259sizliyi Xidm\u0259ti niy\u0259 \u015e\u0259kiy\u0259 g\u0259lmir?\u201d"}]},{"@type":"WebSite","@id":"https:\/\/www.meydan.tv\/az\/#website","url":"https:\/\/www.meydan.tv\/az\/","name":"MEYDAN.TV","description":"Meydan TV Az\u0259rbaycan\u0131n media m\u0259kan\u0131ndak\u0131 alternativ s\u0259sidir","publisher":{"@id":"https:\/\/www.meydan.tv\/az\/#organization"},"potentialAction":[{"@type":"SearchAction","target":{"@type":"EntryPoint","urlTemplate":"https:\/\/www.meydan.tv\/az\/?s={search_term_string}"},"query-input":{"@type":"PropertyValueSpecification","valueRequired":true,"valueName":"search_term_string"}}],"inLanguage":"az"},{"@type":"Organization","@id":"https:\/\/www.meydan.tv\/az\/#organization","name":"Meydan TV","url":"https:\/\/www.meydan.tv\/az\/","logo":{"@type":"ImageObject","inLanguage":"az","@id":"https:\/\/www.meydan.tv\/az\/#\/schema\/logo\/image\/","url":"https:\/\/www.meydan.tv\/wp-content\/uploads\/2021\/07\/meydan-logo.svg","contentUrl":"https:\/\/www.meydan.tv\/wp-content\/uploads\/2021\/07\/meydan-logo.svg","width":195,"height":46,"caption":"Meydan TV"},"image":{"@id":"https:\/\/www.meydan.tv\/az\/#\/schema\/logo\/image\/"}},{"@type":"Person","@id":"https:\/\/www.meydan.tv\/az\/#\/schema\/person\/10d11eccf6da3662cf5fdab9806ea91a","name":"user-manager"}]}},"_links":{"self":[{"href":"https:\/\/www.meydan.tv\/az\/wp-json\/wp\/v2\/posts\/202342","targetHints":{"allow":["GET"]}}],"collection":[{"href":"https:\/\/www.meydan.tv\/az\/wp-json\/wp\/v2\/posts"}],"about":[{"href":"https:\/\/www.meydan.tv\/az\/wp-json\/wp\/v2\/types\/post"}],"author":[{"embeddable":true,"href":"https:\/\/www.meydan.tv\/az\/wp-json\/wp\/v2\/users\/11"}],"replies":[{"embeddable":true,"href":"https:\/\/www.meydan.tv\/az\/wp-json\/wp\/v2\/comments?post=202342"}],"version-history":[{"count":0,"href":"https:\/\/www.meydan.tv\/az\/wp-json\/wp\/v2\/posts\/202342\/revisions"}],"wp:featuredmedia":[{"embeddable":true,"href":"https:\/\/www.meydan.tv\/az\/wp-json\/wp\/v2\/media\/147629"}],"wp:attachment":[{"href":"https:\/\/www.meydan.tv\/az\/wp-json\/wp\/v2\/media?parent=202342"}],"wp:term":[{"taxonomy":"category","embeddable":true,"href":"https:\/\/www.meydan.tv\/az\/wp-json\/wp\/v2\/categories?post=202342"},{"taxonomy":"post_tag","embeddable":true,"href":"https:\/\/www.meydan.tv\/az\/wp-json\/wp\/v2\/tags?post=202342"}],"curies":[{"name":"wp","href":"https:\/\/api.w.org\/{rel}","templated":true}]}}