{"id":202332,"date":"2020-09-08T15:33:10","date_gmt":"2020-09-08T15:33:10","guid":{"rendered":"https:\/\/www.meydan.tv\/article\/cirkab-sular-golmeceye-oradan-da-heyetlerimize-zirzemilerimize-dolur\/"},"modified":"2020-09-08T15:33:10","modified_gmt":"2020-09-08T15:33:10","slug":"cirkab-sular-golmeceye-oradan-da-heyetlerimize-zirzemilerimize-dolur","status":"publish","type":"post","link":"https:\/\/www.meydan.tv\/az\/article\/cirkab-sular-golmeceye-oradan-da-heyetlerimize-zirzemilerimize-dolur\/","title":{"rendered":"\u201c\u00c7irkab sular g\u00f6lm\u0259\u00e7\u0259y\u0259, oradan da h\u0259y\u0259tl\u0259rimiz\u0259, zirz\u0259mil\u0259rimiz\u0259 dolur\u201d"},"content":{"rendered":"<p>\n  <i><br \/>\n    \u00c7\u0259nlibel q\u0259s\u0259b\u0259sinin sakinl\u0259ri yax\u0131nl\u0131qdak\u0131 g\u00f6lm\u0259\u00e7\u0259nin qurudulmas\u0131n\u0131 v\u0259 abadla\u015fd\u0131r\u0131lmas\u0131n\u0131 ist\u0259yir<br \/>\n  <\/i>\n<\/p>\n<p>\n  \u201cB\u00fct\u00fcn m\u0259h\u0259ll\u0259l\u0259rin \u00e7irkab sular\u0131 evl\u0259rimizin yax\u0131nl\u0131\u011f\u0131ndak\u0131 g\u00f6lm\u0259\u00e7\u0259y\u0259 ax\u0131d\u0131l\u0131r, \u00fcfun\u0259td\u0259n evl\u0259rimizd\u0259 otura bilmirik. G\u00f6lm\u0259\u00e7\u0259d\u0259ki ilan, \u0259qr\u0259b, m\u00fcxt\u0259lif h\u0259\u015f\u0259ratlar evl\u0259rimiz\u0259 \u00fcz tutur. G\u00f6lm\u0259\u00e7\u0259 qam\u0131\u015fl\u0131qda \u0259hat\u0259 olunub, tez-tez yan\u011f\u0131n ba\u015f verir, insanlar\u0131n h\u0259yat\u0131 t\u0259hl\u00fck\u0259d\u0259 qal\u0131r\u201d.\n<\/p>\n<p>\n  Bunu Meydan TV-y\u0259 Yevlax\u0131n \u00c7\u0259nlibel q\u0259s\u0259b\u0259sind\u0259ki \u0130srafil M\u0259mm\u0259dov k\u00fc\u00e7\u0259sinin sakinl\u0259ri deyir.\n<\/p>\n<p>\n  1994-95-ci ill\u0259rd\u0259 bu \u0259razid\u0259 ev tikm\u0259k \u00fc\u00e7\u00fcn bir ne\u00e7\u0259 ail\u0259y\u0259 torpaq sah\u0259si sat\u0131l\u0131b. Sakinl\u0259r\u0259 bildirilib ki, tezlikl\u0259 yax\u0131nl\u0131qdak\u0131 qam\u0131\u015fl\u0131qla \u0259hat\u0259 olunan g\u00f6lm\u0259\u00e7\u0259 l\u0259\u011fv edil\u0259c\u0259k, \u0259raziy\u0259 kommunal x\u0259tl\u0259r \u00e7\u0259kil\u0259c\u0259k. Buna inanan sakinl\u0259r d\u0259 \u0259razid\u0259 evl\u0259r tik\u0259r\u0259k ya\u015fama\u011fa ba\u015flay\u0131blar. 25 ild\u0259n \u00e7ox vaxt ke\u00e7m\u0259sin\u0259 baxmayaraq, sakinl\u0259r h\u0259l\u0259 d\u0259 \u00e7irkab sularla ba\u015f-ba\u015fa ya\u015fad\u0131qlar\u0131n\u0131 deyir.\n<\/p>\n<p>\n  <b><br \/>\n    \u201cYar\u0131m\u00e7\u0131q d\u00fcz\u0259ltdiyimiz yolu da b\u0259rbad el\u0259dil\u0259r\u201d<br \/>\n  <\/b>\n<\/p>\n<p>\n  \u201cBurada 12 f\u0259rdi ya\u015fay\u0131\u015f evi, h\u0259r\u0259si ikim\u0259rt\u0259b\u0259li v\u0259 d\u00f6rdbloklu olmaqla 4 bina var. Burada ya\u015fad\u0131\u011f\u0131m\u0131z vaxtdan probleml\u0259ri \u00f6z g\u00fcc\u00fcm\u00fcz\u0259 h\u0259ll etm\u0259y\u0259 \u00e7al\u0131\u015f\u0131r\u0131q. Qon\u015fu k\u00fc\u00e7\u0259d\u0259n qaz x\u0259tti \u00e7\u0259kmi\u015fik, \u00f6z g\u00fcc\u00fcm\u00fcz\u0259 \u00e7\u0131nq\u0131l al\u0131b yola t\u00f6km\u00fc\u015f\u00fck ki, gedi\u015f-g\u0259li\u015f ed\u0259 bil\u0259k. \u0130\u015f oras\u0131ndad\u0131r ki, bu yax\u0131nlarda yerli icra hakimiyy\u0259ti \u0259ziyy\u0259tl\u0259 yar\u0131m\u00e7\u0131q d\u00fcz\u0259ltdiyimiz yolu da d\u00fcz\u0259ltm\u0259k ad\u0131 il\u0259 b\u0259rbad v\u0259ziyy\u0259t\u0259 sal\u0131b. Yolumuz yox, g\u00f6lm\u0259\u00e7\u0259 d\u0259 \u00f6mr\u00fcm\u00fcz\u0259 oturub. Qap\u0131-p\u0259nc\u0259r\u0259 a\u00e7a bilmirik, g\u00f6lm\u0259\u00e7\u0259nin qurd-qu\u015fu evl\u0259rimiz\u0259 dolur. Yayda \u00fcfun\u0259td\u0259n \u0259ziyy\u0259t \u00e7\u0259kirik. \u018frazid\u0259 kanalizasiya x\u0259ttinin olmamas\u0131 \u00fcz\u00fcnd\u0259n evl\u0259rin \u00e7irkab sular\u0131 g\u00f6lm\u0259\u00e7\u0259y\u0259 ax\u0131d\u0131l\u0131r. Dig\u0259r f\u0259sill\u0259rd\u0259 is\u0259 g\u00f6lm\u0259\u00e7\u0259 ya\u011f\u0131\u015f sular\u0131yla dolub da\u015f\u0131r, yollar\u0131m\u0131z\u0131, h\u0259y\u0259tl\u0259rimizi, zirz\u0259mil\u0259rimizi \u00e7irkab su bas\u0131r. Evd\u0259n \u00e7\u00f6l\u0259 boylana bilmirik, u\u015faqlar m\u0259kt\u0259b\u0259, b\u00f6y\u00fckl\u0259r i\u015f\u0259 gedib-g\u0259l\u0259 bilmir\u201d, &#8211; sakinl\u0259rd\u0259n biri deyir.\n<\/p>\n<figure class=\"wp-block-image size-large\">\n  <img decoding=\"async\" src=\"https:\/\/www.meydan.tv\/az\/image_from_ios-8-jpg-44\/\" alt=\"image_from_ios (8).jpg\" class=\"wp-image-147626\"\/><figcaption>\n    &#8220;G\u00f6lm\u0259\u00e7\u0259nin qurd-qu\u015fu evl\u0259rimiz\u0259 dolur&#8221;<br \/>\n  <\/figcaption><\/figure>\n<p>\n  <b><br \/>\n    \u201cTez-tez yan\u011f\u0131n ba\u015f verir\u201d<br \/>\n  <\/b>\n<\/p>\n<p>\n  Sakinl\u0259rin s\u00f6zl\u0259rin\u0259 g\u00f6r\u0259, bir hadis\u0259 ba\u015f ver\u0259nd\u0259 ya\u015fad\u0131qlar\u0131 k\u00fc\u00e7\u0259y\u0259 n\u0259 t\u0259cili yard\u0131m, n\u0259 d\u0259 yan\u011f\u0131ns\u00f6nd\u00fcr\u0259n ma\u015f\u0131nlar\u0131 ke\u00e7\u0259 bilmir:\n<\/p>\n<p>\n  \u201cG\u0259l\u0259n t\u0259cili yard\u0131m, yan\u011f\u0131ns\u00f6nd\u00fcr\u0259n ma\u015f\u0131nlar\u0131 m\u0259cburdular ki, qon\u015fu k\u00fc\u00e7\u0259d\u0259 saxlas\u0131nlar. X\u0259st\u0259ni evd\u0259n qon\u015fu k\u00fc\u00e7\u0259y\u0259 quca\u011f\u0131m\u0131zda da\u015f\u0131mal\u0131 oluruq. Qam\u0131\u015fl\u0131qda tez-tez yan\u011f\u0131n ba\u015f verdiyind\u0259n tez-tez yan\u011f\u0131ns\u00f6nd\u00fcr\u0259n ma\u015f\u0131nlar g\u0259lir. Bu g\u00f6lm\u0259\u00e7\u0259 burada ya\u015fayanlar\u0131n h\u0259yat\u0131 \u00fc\u00e7\u00fcn \u0259m\u0259lli-ba\u015fl\u0131 t\u0259hl\u00fck\u0259dir. U\u015faqlar\u0131 g\u00f6zd\u0259n qoya bilmirik ki, gedib g\u00f6lm\u0259\u00e7\u0259y\u0259 d\u00fc\u015f\u00fcb, bo\u011fularlar. Tez-tez yan\u011f\u0131n olur, bir g\u00fcn o yan\u011f\u0131n evl\u0259rimiz\u0259 ke\u00e7s\u0259, burada n\u0259 salamat ev, n\u0259 d\u0259 sa\u011f insan qalar\u201d.\n<\/p>\n<p>\n  <b><br \/>\n    \u201cDeyirl\u0259r, texnika olanda g\u0259l\u0259rik\u201d<br \/>\n  <\/b>\n<\/p>\n<p>\n  Sakinl\u0259r d\u0259f\u0259l\u0259rl\u0259 Yevlax Rayon \u0130cra Hakimiyy\u0259tin\u0259 m\u00fcraci\u0259t edibl\u0259r. Ancaq h\u0259l\u0259 d\u0259 problem h\u0259llini tapmay\u0131b:\n<\/p>\n<p>\n  \u201cF\u00f6vq\u0259lad\u0259 Hallar Nazirliyin\u0259 etdiyimiz m\u00fcraci\u0259tl\u0259rd\u0259 biz\u0259 r\u0259sm\u0259n bildirilib ki, bu m\u0259s\u0259l\u0259ni rayon icra hakimiyy\u0259ti h\u0259ll etm\u0259lidir. \u018fvv\u0259lki icra ba\u015f\u00e7\u0131s\u0131n\u0131n q\u0259bula getdik-g\u0259ldik, he\u00e7 bir xeyri olmad\u0131. \u0130ndi t\u0259z\u0259 ba\u015f\u00e7\u0131 g\u0259lib, onun q\u0259buluna getmi\u015fik, s\u00f6z verib ki, problemi h\u0259ll ed\u0259c\u0259k. Aprelin 20-d\u0259n burada i\u015f g\u00f6rm\u0259y\u0259 ba\u015flad\u0131lar, sonra da gah ya\u011f\u0131\u015f\u0131, gah texnikan\u0131 b\u0259han\u0259 edib, i\u015fl\u0259ri l\u0259ngitdil\u0259r. N\u00f6vb\u0259ti m\u00fcraci\u0259timizd\u0259n sonra iyulda g\u0259tirib \u201cKamaz\u201dlarla zibil, torpaq t\u00f6k\u00fcb getdil\u0259r. Sonra da b\u0259han\u0259 etdil\u0259r ki, zibili, torpa\u011f\u0131 yaymaq \u00fc\u00e7\u00fcn qreyder texnikas\u0131 laz\u0131md\u0131r, o da icra hakimiyy\u0259tind\u0259 yoxdur, n\u0259 vaxt rayona o texnika al\u0131nar, o zaman da abadl\u0131q i\u015fl\u0259ri apar\u0131lar. V\u0259t\u0259nda\u015f olaraq biz\u0259 maraql\u0131d\u0131r ki, insanlar\u0131n ya\u015fad\u0131\u011f\u0131 k\u00fc\u00e7\u0259l\u0259ri abadla\u015fd\u0131rmaq \u00fc\u00e7\u00fcn texnikan\u0131 b\u0259han\u0259 ed\u0259n icra hakimiyy\u0259ti rayon m\u0259rk\u0259zini hans\u0131 texnikalarla abadla\u015fd\u0131r\u0131b? \u00d6zl\u0259rin\u0259 laz\u0131m olanda, h\u0259r c\u00fcr \u0259n son texnika tap\u0131l\u0131r, v\u0259t\u0259nda\u015f \u00fc\u00e7\u00fcn h\u0259r \u015fey q\u0259h\u0259t\u0259 \u00e7\u0131x\u0131r\u201d.\n<\/p>\n<figure class=\"wp-block-image size-large\">\n  <img decoding=\"async\" src=\"https:\/\/www.meydan.tv\/az\/image_from_ios-7-jpg-61\/\" alt=\"image_from_ios (7).jpg\" class=\"wp-image-147623\"\/><figcaption>\n    &#8220;Evd\u0259n \u00e7\u00f6l\u0259 boylana bilmirik, u\u015faqlar m\u0259kt\u0259b\u0259, b\u00f6y\u00fckl\u0259r i\u015f\u0259 gedib-g\u0259l\u0259 bilmir\u201d<br \/>\n  <\/figcaption><\/figure>\n<p>\n  Yevlax Rayon \u0130cra Hakimiyy\u0259tind\u0259n Meydan TV-y\u0259 bildirilib ki, t\u0259xmin\u0259n iki h\u0259ft\u0259 \u0259vv\u0259l qurumun r\u0259hb\u0259rliyi \u0130srafil M\u0259mm\u0259dov k\u00fc\u00e7\u0259sind\u0259 olaraq oradak\u0131 v\u0259ziyy\u0259tl\u0259 tan\u0131\u015f olub. Ba\u015f\u00e7\u0131 k\u00fc\u00e7\u0259d\u0259ki probleml\u0259rin h\u0259lli il\u0259 \u0259laq\u0259dar tap\u015f\u0131r\u0131qlar verib. Qurumdan bildirilib ki, yax\u0131n vaxtlarda texnikalar\u0131n k\u00f6m\u0259kliyi il\u0259 \u0259razid\u0259 abadl\u0131q i\u015fl\u0259ri apar\u0131lacaq.\n<\/p>\n<figure class=\"wp-block-image size-large\">\n  <img decoding=\"async\" src=\"https:\/\/www.meydan.tv\/az\/image_from_ios-5-jpg-120\/\" alt=\"image_from_ios (5).jpg\" class=\"wp-image-147613\"\/><figcaption>\n    &#8220;Bu g\u00f6lm\u0259\u00e7\u0259 burada ya\u015fayanlar\u0131n h\u0259yat\u0131 \u00fc\u00e7\u00fcn \u0259m\u0259lli-ba\u015fl\u0131 t\u0259hl\u00fck\u0259dir&#8221;.<br \/>\n  <\/figcaption><\/figure>\n","protected":false},"excerpt":{"rendered":"<p>Bu g\u00f6lm\u0259\u00e7\u0259 burada ya\u015fayanlar\u0131n h\u0259yat\u0131 \u00fc\u00e7\u00fcn \u0259m\u0259lli-ba\u015fl\u0131 t\u0259hl\u00fck\u0259dir.<\/p>\n","protected":false},"author":11,"featured_media":147620,"comment_status":"closed","ping_status":"open","sticky":false,"template":"","format":"standard","meta":{"_acf_changed":false,"_sitemap_exclude":false,"_sitemap_priority":"","_sitemap_frequency":"","footnotes":""},"categories":[60],"tags":[],"class_list":["post-202332","post","type-post","status-publish","format-standard","has-post-thumbnail","hentry","category-bolge","infinite-scroll-item","generate-columns","tablet-grid-50","mobile-grid-100","grid-parent","grid-33","no-featured-image-padding"],"acf":[],"yoast_head":"<!-- This site is optimized with the Yoast SEO plugin v27.5 - https:\/\/yoast.com\/product\/yoast-seo-wordpress\/ -->\n<title>\u201c\u00c7irkab sular g\u00f6lm\u0259\u00e7\u0259y\u0259, oradan da h\u0259y\u0259tl\u0259rimiz\u0259, zirz\u0259mil\u0259rimiz\u0259 dolur\u201d - MEYDAN.TV<\/title>\n<meta name=\"robots\" content=\"index, follow, max-snippet:-1, max-image-preview:large, max-video-preview:-1\" \/>\n<link rel=\"canonical\" href=\"https:\/\/www.meydan.tv\/az\/article\/cirkab-sular-golmeceye-oradan-da-heyetlerimize-zirzemilerimize-dolur\/\" \/>\n<meta property=\"og:locale\" content=\"az_AZ\" \/>\n<meta property=\"og:type\" content=\"article\" \/>\n<meta property=\"og:title\" content=\"\u201c\u00c7irkab sular g\u00f6lm\u0259\u00e7\u0259y\u0259, oradan da h\u0259y\u0259tl\u0259rimiz\u0259, zirz\u0259mil\u0259rimiz\u0259 dolur\u201d - MEYDAN.TV\" \/>\n<meta property=\"og:description\" content=\"Bu g\u00f6lm\u0259\u00e7\u0259 burada ya\u015fayanlar\u0131n h\u0259yat\u0131 \u00fc\u00e7\u00fcn \u0259m\u0259lli-ba\u015fl\u0131 t\u0259hl\u00fck\u0259dir.\" \/>\n<meta property=\"og:url\" content=\"https:\/\/www.meydan.tv\/az\/article\/cirkab-sular-golmeceye-oradan-da-heyetlerimize-zirzemilerimize-dolur\/\" \/>\n<meta property=\"og:site_name\" content=\"MEYDAN.TV\" \/>\n<meta property=\"article:published_time\" content=\"2020-09-08T15:33:10+00:00\" \/>\n<meta property=\"og:image\" content=\"https:\/\/www.meydan.tv\/wp-content\/uploads\/image_from_ios_6_qn3phqh.jpg\" \/>\n\t<meta property=\"og:image:width\" content=\"816\" \/>\n\t<meta property=\"og:image:height\" content=\"612\" \/>\n\t<meta property=\"og:image:type\" content=\"image\/jpeg\" \/>\n<meta name=\"author\" content=\"user-manager\" \/>\n<meta name=\"twitter:card\" content=\"summary_large_image\" \/>\n<script type=\"application\/ld+json\" class=\"yoast-schema-graph\">{\"@context\":\"https:\\\/\\\/schema.org\",\"@graph\":[{\"@type\":\"Article\",\"@id\":\"https:\\\/\\\/www.meydan.tv\\\/az\\\/article\\\/cirkab-sular-golmeceye-oradan-da-heyetlerimize-zirzemilerimize-dolur\\\/#article\",\"isPartOf\":{\"@id\":\"https:\\\/\\\/www.meydan.tv\\\/az\\\/article\\\/cirkab-sular-golmeceye-oradan-da-heyetlerimize-zirzemilerimize-dolur\\\/\"},\"author\":{\"name\":\"user-manager\",\"@id\":\"https:\\\/\\\/www.meydan.tv\\\/az\\\/#\\\/schema\\\/person\\\/10d11eccf6da3662cf5fdab9806ea91a\"},\"headline\":\"\u201c\u00c7irkab sular g\u00f6lm\u0259\u00e7\u0259y\u0259, oradan da h\u0259y\u0259tl\u0259rimiz\u0259, zirz\u0259mil\u0259rimiz\u0259 dolur\u201d\",\"datePublished\":\"2020-09-08T15:33:10+00:00\",\"mainEntityOfPage\":{\"@id\":\"https:\\\/\\\/www.meydan.tv\\\/az\\\/article\\\/cirkab-sular-golmeceye-oradan-da-heyetlerimize-zirzemilerimize-dolur\\\/\"},\"wordCount\":942,\"publisher\":{\"@id\":\"https:\\\/\\\/www.meydan.tv\\\/az\\\/#organization\"},\"image\":{\"@id\":\"https:\\\/\\\/www.meydan.tv\\\/az\\\/article\\\/cirkab-sular-golmeceye-oradan-da-heyetlerimize-zirzemilerimize-dolur\\\/#primaryimage\"},\"thumbnailUrl\":\"https:\\\/\\\/www.meydan.tv\\\/wp-content\\\/uploads\\\/image_from_ios_6_qn3phqh.jpg\",\"articleSection\":[\"B\u00f6lg\u0259\"],\"inLanguage\":\"az\"},{\"@type\":\"WebPage\",\"@id\":\"https:\\\/\\\/www.meydan.tv\\\/az\\\/article\\\/cirkab-sular-golmeceye-oradan-da-heyetlerimize-zirzemilerimize-dolur\\\/\",\"url\":\"https:\\\/\\\/www.meydan.tv\\\/az\\\/article\\\/cirkab-sular-golmeceye-oradan-da-heyetlerimize-zirzemilerimize-dolur\\\/\",\"name\":\"\u201c\u00c7irkab sular g\u00f6lm\u0259\u00e7\u0259y\u0259, oradan da h\u0259y\u0259tl\u0259rimiz\u0259, zirz\u0259mil\u0259rimiz\u0259 dolur\u201d - MEYDAN.TV\",\"isPartOf\":{\"@id\":\"https:\\\/\\\/www.meydan.tv\\\/az\\\/#website\"},\"primaryImageOfPage\":{\"@id\":\"https:\\\/\\\/www.meydan.tv\\\/az\\\/article\\\/cirkab-sular-golmeceye-oradan-da-heyetlerimize-zirzemilerimize-dolur\\\/#primaryimage\"},\"image\":{\"@id\":\"https:\\\/\\\/www.meydan.tv\\\/az\\\/article\\\/cirkab-sular-golmeceye-oradan-da-heyetlerimize-zirzemilerimize-dolur\\\/#primaryimage\"},\"thumbnailUrl\":\"https:\\\/\\\/www.meydan.tv\\\/wp-content\\\/uploads\\\/image_from_ios_6_qn3phqh.jpg\",\"datePublished\":\"2020-09-08T15:33:10+00:00\",\"breadcrumb\":{\"@id\":\"https:\\\/\\\/www.meydan.tv\\\/az\\\/article\\\/cirkab-sular-golmeceye-oradan-da-heyetlerimize-zirzemilerimize-dolur\\\/#breadcrumb\"},\"inLanguage\":\"az\",\"potentialAction\":[{\"@type\":\"ReadAction\",\"target\":[\"https:\\\/\\\/www.meydan.tv\\\/az\\\/article\\\/cirkab-sular-golmeceye-oradan-da-heyetlerimize-zirzemilerimize-dolur\\\/\"]}]},{\"@type\":\"ImageObject\",\"inLanguage\":\"az\",\"@id\":\"https:\\\/\\\/www.meydan.tv\\\/az\\\/article\\\/cirkab-sular-golmeceye-oradan-da-heyetlerimize-zirzemilerimize-dolur\\\/#primaryimage\",\"url\":\"https:\\\/\\\/www.meydan.tv\\\/wp-content\\\/uploads\\\/image_from_ios_6_qn3phqh.jpg\",\"contentUrl\":\"https:\\\/\\\/www.meydan.tv\\\/wp-content\\\/uploads\\\/image_from_ios_6_qn3phqh.jpg\",\"width\":816,\"height\":612,\"caption\":\"Source: Specify Source\"},{\"@type\":\"BreadcrumbList\",\"@id\":\"https:\\\/\\\/www.meydan.tv\\\/az\\\/article\\\/cirkab-sular-golmeceye-oradan-da-heyetlerimize-zirzemilerimize-dolur\\\/#breadcrumb\",\"itemListElement\":[{\"@type\":\"ListItem\",\"position\":1,\"name\":\"Ana s\u0259hif\u0259\",\"item\":\"https:\\\/\\\/www.meydan.tv\\\/az\\\/\"},{\"@type\":\"ListItem\",\"position\":2,\"name\":\"B\u00f6lg\u0259\",\"item\":\"https:\\\/\\\/www.meydan.tv\\\/az\\\/section\\\/bolge\\\/\"},{\"@type\":\"ListItem\",\"position\":3,\"name\":\"\u201c\u00c7irkab sular g\u00f6lm\u0259\u00e7\u0259y\u0259, oradan da h\u0259y\u0259tl\u0259rimiz\u0259, zirz\u0259mil\u0259rimiz\u0259 dolur\u201d\"}]},{\"@type\":\"WebSite\",\"@id\":\"https:\\\/\\\/www.meydan.tv\\\/az\\\/#website\",\"url\":\"https:\\\/\\\/www.meydan.tv\\\/az\\\/\",\"name\":\"MEYDAN.TV\",\"description\":\"Meydan TV Az\u0259rbaycan\u0131n media m\u0259kan\u0131ndak\u0131 alternativ s\u0259sidir\",\"publisher\":{\"@id\":\"https:\\\/\\\/www.meydan.tv\\\/az\\\/#organization\"},\"potentialAction\":[{\"@type\":\"SearchAction\",\"target\":{\"@type\":\"EntryPoint\",\"urlTemplate\":\"https:\\\/\\\/www.meydan.tv\\\/az\\\/?s={search_term_string}\"},\"query-input\":{\"@type\":\"PropertyValueSpecification\",\"valueRequired\":true,\"valueName\":\"search_term_string\"}}],\"inLanguage\":\"az\"},{\"@type\":\"Organization\",\"@id\":\"https:\\\/\\\/www.meydan.tv\\\/az\\\/#organization\",\"name\":\"Meydan TV\",\"url\":\"https:\\\/\\\/www.meydan.tv\\\/az\\\/\",\"logo\":{\"@type\":\"ImageObject\",\"inLanguage\":\"az\",\"@id\":\"https:\\\/\\\/www.meydan.tv\\\/az\\\/#\\\/schema\\\/logo\\\/image\\\/\",\"url\":\"https:\\\/\\\/www.meydan.tv\\\/wp-content\\\/uploads\\\/2021\\\/07\\\/meydan-logo.svg\",\"contentUrl\":\"https:\\\/\\\/www.meydan.tv\\\/wp-content\\\/uploads\\\/2021\\\/07\\\/meydan-logo.svg\",\"width\":195,\"height\":46,\"caption\":\"Meydan TV\"},\"image\":{\"@id\":\"https:\\\/\\\/www.meydan.tv\\\/az\\\/#\\\/schema\\\/logo\\\/image\\\/\"}},{\"@type\":\"Person\",\"@id\":\"https:\\\/\\\/www.meydan.tv\\\/az\\\/#\\\/schema\\\/person\\\/10d11eccf6da3662cf5fdab9806ea91a\",\"name\":\"user-manager\"}]}<\/script>\n<!-- \/ Yoast SEO plugin. -->","yoast_head_json":{"title":"\u201c\u00c7irkab sular g\u00f6lm\u0259\u00e7\u0259y\u0259, oradan da h\u0259y\u0259tl\u0259rimiz\u0259, zirz\u0259mil\u0259rimiz\u0259 dolur\u201d - MEYDAN.TV","robots":{"index":"index","follow":"follow","max-snippet":"max-snippet:-1","max-image-preview":"max-image-preview:large","max-video-preview":"max-video-preview:-1"},"canonical":"https:\/\/www.meydan.tv\/az\/article\/cirkab-sular-golmeceye-oradan-da-heyetlerimize-zirzemilerimize-dolur\/","og_locale":"az_AZ","og_type":"article","og_title":"\u201c\u00c7irkab sular g\u00f6lm\u0259\u00e7\u0259y\u0259, oradan da h\u0259y\u0259tl\u0259rimiz\u0259, zirz\u0259mil\u0259rimiz\u0259 dolur\u201d - MEYDAN.TV","og_description":"Bu g\u00f6lm\u0259\u00e7\u0259 burada ya\u015fayanlar\u0131n h\u0259yat\u0131 \u00fc\u00e7\u00fcn \u0259m\u0259lli-ba\u015fl\u0131 t\u0259hl\u00fck\u0259dir.","og_url":"https:\/\/www.meydan.tv\/az\/article\/cirkab-sular-golmeceye-oradan-da-heyetlerimize-zirzemilerimize-dolur\/","og_site_name":"MEYDAN.TV","article_published_time":"2020-09-08T15:33:10+00:00","og_image":[{"width":816,"height":612,"url":"https:\/\/www.meydan.tv\/wp-content\/uploads\/image_from_ios_6_qn3phqh.jpg","type":"image\/jpeg"}],"author":"user-manager","twitter_card":"summary_large_image","schema":{"@context":"https:\/\/schema.org","@graph":[{"@type":"Article","@id":"https:\/\/www.meydan.tv\/az\/article\/cirkab-sular-golmeceye-oradan-da-heyetlerimize-zirzemilerimize-dolur\/#article","isPartOf":{"@id":"https:\/\/www.meydan.tv\/az\/article\/cirkab-sular-golmeceye-oradan-da-heyetlerimize-zirzemilerimize-dolur\/"},"author":{"name":"user-manager","@id":"https:\/\/www.meydan.tv\/az\/#\/schema\/person\/10d11eccf6da3662cf5fdab9806ea91a"},"headline":"\u201c\u00c7irkab sular g\u00f6lm\u0259\u00e7\u0259y\u0259, oradan da h\u0259y\u0259tl\u0259rimiz\u0259, zirz\u0259mil\u0259rimiz\u0259 dolur\u201d","datePublished":"2020-09-08T15:33:10+00:00","mainEntityOfPage":{"@id":"https:\/\/www.meydan.tv\/az\/article\/cirkab-sular-golmeceye-oradan-da-heyetlerimize-zirzemilerimize-dolur\/"},"wordCount":942,"publisher":{"@id":"https:\/\/www.meydan.tv\/az\/#organization"},"image":{"@id":"https:\/\/www.meydan.tv\/az\/article\/cirkab-sular-golmeceye-oradan-da-heyetlerimize-zirzemilerimize-dolur\/#primaryimage"},"thumbnailUrl":"https:\/\/www.meydan.tv\/wp-content\/uploads\/image_from_ios_6_qn3phqh.jpg","articleSection":["B\u00f6lg\u0259"],"inLanguage":"az"},{"@type":"WebPage","@id":"https:\/\/www.meydan.tv\/az\/article\/cirkab-sular-golmeceye-oradan-da-heyetlerimize-zirzemilerimize-dolur\/","url":"https:\/\/www.meydan.tv\/az\/article\/cirkab-sular-golmeceye-oradan-da-heyetlerimize-zirzemilerimize-dolur\/","name":"\u201c\u00c7irkab sular g\u00f6lm\u0259\u00e7\u0259y\u0259, oradan da h\u0259y\u0259tl\u0259rimiz\u0259, zirz\u0259mil\u0259rimiz\u0259 dolur\u201d - MEYDAN.TV","isPartOf":{"@id":"https:\/\/www.meydan.tv\/az\/#website"},"primaryImageOfPage":{"@id":"https:\/\/www.meydan.tv\/az\/article\/cirkab-sular-golmeceye-oradan-da-heyetlerimize-zirzemilerimize-dolur\/#primaryimage"},"image":{"@id":"https:\/\/www.meydan.tv\/az\/article\/cirkab-sular-golmeceye-oradan-da-heyetlerimize-zirzemilerimize-dolur\/#primaryimage"},"thumbnailUrl":"https:\/\/www.meydan.tv\/wp-content\/uploads\/image_from_ios_6_qn3phqh.jpg","datePublished":"2020-09-08T15:33:10+00:00","breadcrumb":{"@id":"https:\/\/www.meydan.tv\/az\/article\/cirkab-sular-golmeceye-oradan-da-heyetlerimize-zirzemilerimize-dolur\/#breadcrumb"},"inLanguage":"az","potentialAction":[{"@type":"ReadAction","target":["https:\/\/www.meydan.tv\/az\/article\/cirkab-sular-golmeceye-oradan-da-heyetlerimize-zirzemilerimize-dolur\/"]}]},{"@type":"ImageObject","inLanguage":"az","@id":"https:\/\/www.meydan.tv\/az\/article\/cirkab-sular-golmeceye-oradan-da-heyetlerimize-zirzemilerimize-dolur\/#primaryimage","url":"https:\/\/www.meydan.tv\/wp-content\/uploads\/image_from_ios_6_qn3phqh.jpg","contentUrl":"https:\/\/www.meydan.tv\/wp-content\/uploads\/image_from_ios_6_qn3phqh.jpg","width":816,"height":612,"caption":"Source: Specify Source"},{"@type":"BreadcrumbList","@id":"https:\/\/www.meydan.tv\/az\/article\/cirkab-sular-golmeceye-oradan-da-heyetlerimize-zirzemilerimize-dolur\/#breadcrumb","itemListElement":[{"@type":"ListItem","position":1,"name":"Ana s\u0259hif\u0259","item":"https:\/\/www.meydan.tv\/az\/"},{"@type":"ListItem","position":2,"name":"B\u00f6lg\u0259","item":"https:\/\/www.meydan.tv\/az\/section\/bolge\/"},{"@type":"ListItem","position":3,"name":"\u201c\u00c7irkab sular g\u00f6lm\u0259\u00e7\u0259y\u0259, oradan da h\u0259y\u0259tl\u0259rimiz\u0259, zirz\u0259mil\u0259rimiz\u0259 dolur\u201d"}]},{"@type":"WebSite","@id":"https:\/\/www.meydan.tv\/az\/#website","url":"https:\/\/www.meydan.tv\/az\/","name":"MEYDAN.TV","description":"Meydan TV Az\u0259rbaycan\u0131n media m\u0259kan\u0131ndak\u0131 alternativ s\u0259sidir","publisher":{"@id":"https:\/\/www.meydan.tv\/az\/#organization"},"potentialAction":[{"@type":"SearchAction","target":{"@type":"EntryPoint","urlTemplate":"https:\/\/www.meydan.tv\/az\/?s={search_term_string}"},"query-input":{"@type":"PropertyValueSpecification","valueRequired":true,"valueName":"search_term_string"}}],"inLanguage":"az"},{"@type":"Organization","@id":"https:\/\/www.meydan.tv\/az\/#organization","name":"Meydan TV","url":"https:\/\/www.meydan.tv\/az\/","logo":{"@type":"ImageObject","inLanguage":"az","@id":"https:\/\/www.meydan.tv\/az\/#\/schema\/logo\/image\/","url":"https:\/\/www.meydan.tv\/wp-content\/uploads\/2021\/07\/meydan-logo.svg","contentUrl":"https:\/\/www.meydan.tv\/wp-content\/uploads\/2021\/07\/meydan-logo.svg","width":195,"height":46,"caption":"Meydan TV"},"image":{"@id":"https:\/\/www.meydan.tv\/az\/#\/schema\/logo\/image\/"}},{"@type":"Person","@id":"https:\/\/www.meydan.tv\/az\/#\/schema\/person\/10d11eccf6da3662cf5fdab9806ea91a","name":"user-manager"}]}},"_links":{"self":[{"href":"https:\/\/www.meydan.tv\/az\/wp-json\/wp\/v2\/posts\/202332","targetHints":{"allow":["GET"]}}],"collection":[{"href":"https:\/\/www.meydan.tv\/az\/wp-json\/wp\/v2\/posts"}],"about":[{"href":"https:\/\/www.meydan.tv\/az\/wp-json\/wp\/v2\/types\/post"}],"author":[{"embeddable":true,"href":"https:\/\/www.meydan.tv\/az\/wp-json\/wp\/v2\/users\/11"}],"replies":[{"embeddable":true,"href":"https:\/\/www.meydan.tv\/az\/wp-json\/wp\/v2\/comments?post=202332"}],"version-history":[{"count":0,"href":"https:\/\/www.meydan.tv\/az\/wp-json\/wp\/v2\/posts\/202332\/revisions"}],"wp:featuredmedia":[{"embeddable":true,"href":"https:\/\/www.meydan.tv\/az\/wp-json\/wp\/v2\/media\/147620"}],"wp:attachment":[{"href":"https:\/\/www.meydan.tv\/az\/wp-json\/wp\/v2\/media?parent=202332"}],"wp:term":[{"taxonomy":"category","embeddable":true,"href":"https:\/\/www.meydan.tv\/az\/wp-json\/wp\/v2\/categories?post=202332"},{"taxonomy":"post_tag","embeddable":true,"href":"https:\/\/www.meydan.tv\/az\/wp-json\/wp\/v2\/tags?post=202332"}],"curies":[{"name":"wp","href":"https:\/\/api.w.org\/{rel}","templated":true}]}}