{"id":202324,"date":"2020-09-08T13:39:51","date_gmt":"2020-09-08T13:39:51","guid":{"rendered":"https:\/\/www.meydan.tv\/article\/milli-derd-ve-ya-size-futbol-oynamagi-kim-oyredib\/"},"modified":"2020-09-08T13:39:51","modified_gmt":"2020-09-08T13:39:51","slug":"milli-derd-ve-ya-size-futbol-oynamagi-kim-oyredib","status":"publish","type":"post","link":"https:\/\/www.meydan.tv\/az\/article\/milli-derd-ve-ya-size-futbol-oynamagi-kim-oyredib\/","title":{"rendered":"Milli d\u0259rd v\u0259 ya siz\u0259 futbol oynama\u011f\u0131 kim \u00f6yr\u0259dib?"},"content":{"rendered":"<p>\n  <i><br \/>\n    \u201cBu, futbol deyildi, insanlar\u0131n milli q\u00fcruruna, futbol sevgisin\u0259 h\u0259qar\u0259t idi\u201d<br \/>\n  <\/i>\n<\/p>\n<p>\n  Futbol \u00fczr\u0259 Az\u0259rbaycan milli komandas\u0131 sentyabr\u0131n 5-d\u0259 UEFA Mill\u0259tl\u0259r Liqas\u0131n\u0131n ilk turu \u00e7\u0259r\u00e7iv\u0259sind\u0259 Bak\u0131da L\u00fcksemburq y\u0131\u011fmas\u0131n\u0131 q\u0259bul etdi. Bu oyunu az\u0259rbaycanl\u0131 futbolsev\u0259rl\u0259r \u00fc\u00e7\u00fcn x\u00fcsusi ed\u0259n bir m\u0259qam var idi. Ki, bu da yeni ba\u015f m\u0259\u015fq\u00e7inin &#8211; italiyal\u0131 Canni De Byazinin Az\u0259rbaycan millisi il\u0259 ilk mat\u00e7\u0131na \u00e7\u0131xmas\u0131 idi. Avropa \u00e7empionat\u0131n\u0131n son se\u00e7m\u0259 m\u0259rh\u0259l\u0259sini biab\u0131r\u00e7\u0131l\u0131qla \u2013 qrupda c\u0259mi 1 xal qazanmaqla ba\u015fa vuran milli komanda daha bir r\u00fcsvay\u00e7\u0131l\u0131\u011fa sentyabr\u0131n 5-i gec\u0259si imza atd\u0131.\n<\/p>\n<p>\n  <b><br \/>\n    Siz\u0259 futbol oynama\u011f\u0131 kim \u00f6yr\u0259dib?<br \/>\n  <\/b>\n<\/p>\n<p>\n  Y\u0259qin h\u0259min gec\u0259 Az\u0259rbaycan millisinin oyununu izl\u0259y\u0259n \u00e7ox adam\u0131n d\u00fc\u015f\u00fcnc\u0259l\u0259rin\u0259 bu sual hakim k\u0259sildi: Siz\u0259 futbol oynama\u011f\u0131 kim \u00f6yr\u0259dib? Yox, m\u0259s\u0259l\u0259 t\u0259kc\u0259 futboluna g\u00f6r\u0259 Avropada ciddi komandalardan say\u0131lmayan L\u00fcksemburq y\u0131\u011fmas\u0131na Az\u0259rbaycan\u0131n paytaxt\u0131nda 1:2 hesab\u0131 il\u0259 uduzmaq deyil. H\u0259r\u00e7\u0259nd, iki \u00f6lk\u0259nin futbol tarixini t\u0259r\u0259zinin iki g\u00f6z\u00fcn\u0259 qoysan, 1:2 hesabl\u0131 m\u0259\u011flubiyy\u0259t d\u0259 biab\u0131r\u00e7\u0131l\u0131qd\u0131r. Ancaq bundan daha biab\u0131r\u00e7\u0131 olan Az\u0259rbaycan millisinin meydanda g\u00f6st\u0259rdiyi, ya da g\u00f6st\u0259rm\u0259diyi oyun idi. H\u0259r il Avropa Liqas\u0131n\u0131n qrup m\u0259rh\u0259l\u0259sind\u0259 \u00e7\u0131x\u0131\u015f ed\u0259n \u201cQaraba\u011f\u201d klubunun milli komanadaya \u201cezam etdiyi\u201d Mahir Emrelinin q\u0131rm\u0131z\u0131 v\u0259r\u0259q\u0259 ald\u0131\u011f\u0131 26-c\u0131 d\u0259qiq\u0259y\u0259 kimi d\u0259 l\u00fcksemburqlular Az\u0259rbaycan millisini topla d\u00f6y\u00fcrd\u00fcl\u0259r, ondan sonra da d\u00f6ym\u0259y\u0259 davam etdil\u0259r. Avrokuboklarda \u201cQaraba\u011f\u201dla says\u0131z-hesabs\u0131z oyun ke\u00e7ir\u0259n Mahirin q\u0131rm\u0131z\u0131 v\u0259r\u0259q\u0259 ald\u0131\u011f\u0131 epizod is\u0259 pe\u015f\u0259kar futbol\u00e7uya yara\u015fan bir \u015fey deyildi. Sonra deyirl\u0259r ki, niy\u0259 az\u0259rbaycanl\u0131 futbol\u00e7ular g\u00fcrc\u00fcl\u0259r, erm\u0259nil\u0259r kimi Avropa klublar\u0131nda forma geyinmir? Bu c\u00fcr intizams\u0131z, meydanda \u00f6z\u00fcn\u0259 n\u0259zar\u0259t ed\u0259 bilm\u0259y\u0259n futbol\u00e7u kimin n\u0259yin\u0259 laz\u0131md\u0131r? Avropal\u0131lar \u00e7\u00f6r\u0259yi qula\u011f\u0131n\u0131n dibin\u0259 yemir&#8230;\n<\/p>\n<p>\n  Sentyabr\u0131n 5-ci gec\u0259si y\u00fcz minl\u0259rl\u0259 az\u0259rbaycanl\u0131 futbol azarke\u015fi v\u0259 milli komandan\u0131n yeni ba\u015f m\u0259\u015fq\u00e7isi Canni De Byazi b\u0259zi suallar\u0131n cavablar\u0131n\u0131 \u00f6zl\u0259ri \u00fc\u00e7\u00fcn konkretl\u0259\u015fdirdil\u0259r, y\u0259qin ki, konkretl\u0259\u015fdirdil\u0259r. L\u00fcksemburla g\u00f6r\u00fc\u015f\u00fc izl\u0259y\u0259nl\u0259r anlad\u0131lar ki, bu futbol\u00e7ularla, bu c\u00fcr milli komanda il\u0259 Bil\u0259c\u0259rid\u0259n o t\u0259r\u0259f\u0259 \u00e7\u0131xmaq olmaz. Bir vaxtlar ba\u015f m\u0259\u015fq\u00e7i kimliyi il\u0259 Albaniya milli komandas\u0131n\u0131 Avropa \u00e7empionat\u0131n\u0131n final m\u0259rh\u0259l\u0259sin\u0259 da\u015f\u0131m\u0131\u015f Canni De Byazi is\u0259 y\u0259qin hara g\u0259ldiyini anlad\u0131. Bura n\u0259 \u0130taliyad\u0131r, n\u0259 Albaniya, sinyor De Byazi. Burda b\u0131\u011fl\u0131-saqqall\u0131, 20 ildir futbol oynayan ki\u015fil\u0259r\u0259 futbol oynama\u011f\u0131 yenid\u0259n \u00f6yr\u0259tm\u0259k laz\u0131md\u0131r. Siz bunu bacarars\u0131z?\n<\/p>\n<figure class=\"wp-block-image size-large\">\n  <img decoding=\"async\" src=\"https:\/\/www.meydan.tv\/az\/image_from_ios-2-jpg-172\/\" alt=\"image_from_ios (2).jpg\" class=\"wp-image-147587\"\/><figcaption>\n    Canni De Byazi<br \/>\n  <\/figcaption><\/figure>\n<p>\n  <b><br \/>\n    AFFA susur<br \/>\n  <\/b>\n<\/p>\n<p>\n  Milli komandan\u0131n b\u00fct\u00fcn r\u00fcsvay\u00e7\u0131 n\u0259tic\u0259l\u0259rin\u0259, s\u0259rgil\u0259diyi oyuna birba\u015fa cavabdeh olan qurum &#8211; Az\u0259rbaycan Futbol Federasiyalar\u0131 Assosiasiyas\u0131 (AFFA) is\u0259 susur. H\u0259mi\u015f\u0259ki kimi. N\u0259 istefa verm\u0259k fikrind\u0259 olan var, n\u0259 d\u0259 \u00fczr ist\u0259y\u0259n. Sanki el\u0259 bel\u0259 d\u0259 olmal\u0131d\u0131r. Sanki Az\u0259rbaycan millisi Bak\u0131da Avropa futbolunda c\u0131rtdanlardan hesab olunan L\u00fcksemburqa yox, Braziliya y\u0131\u011fmas\u0131na uduzub. Sosial \u015f\u0259b\u0259k\u0259d\u0259 is\u0259 AFFA r\u0259hb\u0259rliyinin \u2013 x\u00fcsusil\u0259, federasiyan\u0131n prezidenti R\u00f6vn\u0259q Abdullayevin v\u0259 vitse-prezidentin Elxan M\u0259mm\u0259dovun istefas\u0131n\u0131 t\u0259l\u0259b ed\u0259nl\u0259rin say\u0131 bir q\u0259d\u0259r d\u0259 artd\u0131. H\u0259tta \u00f6lk\u0259 prezidentin\u0259 m\u00fcraci\u0259t edib, Az\u0259rbaycan futbolunu R\u00f6vn\u0259q Abdullayevl\u0259 Elxan M\u0259mm\u0259dovun n\u0259zar\u0259tind\u0259n almas\u0131n\u0131 xahi\u015f etm\u0259k fikrin\u0259 d\u00fc\u015f\u0259nl\u0259r d\u0259 oldu. Amma h\u0259r oyunda Az\u0259rbaycan milli komandas\u0131n\u0131n qap\u0131s\u0131na gir\u0259n toplar\u0131n, o qollardan sonra ba\u015f\u0131na-g\u00f6z\u00fcn\u0259 d\u00f6y\u0259n azarke\u015fl\u0259rin s\u0259si \u201cyuxar\u0131lar\u201d\u0131n qula\u011f\u0131na \u00e7at\u0131rm\u0131? Bax, m\u0259s\u0259l\u0259 budur.\n<\/p>\n<figure class=\"wp-block-image size-large\">\n  <img decoding=\"async\" src=\"https:\/\/www.meydan.tv\/az\/foto-affa-2\/\" alt=\"foto AFFA\" class=\"wp-image-73788\"\/><figcaption>\n    AFFA<br \/>\n  <\/figcaption><\/figure>\n<p>\n  <b><br \/>\n    \u201cFutbolumuz \u00fcmidsiz aqoniya d\u00f6vr\u00fcn\u00fc ya\u015fay\u0131r, art\u0131q \u00fcf\u00fcqd\u0259 d\u0259 par\u0131lt\u0131 g\u00f6r\u00fcnm\u00fcr\u201d<br \/>\n  <\/b>\n<\/p>\n<p>\n  Tovuzun \u201cTuran\u201d klubunun ke\u00e7mi\u015f icra\u00e7\u0131 direktoru, vaxt\u0131 il\u0259 AFFA \u0130craiyy\u0259 Komit\u0259sinin \u00fczv\u00fc olmu\u015f Ya\u015far Sultanov Az\u0259rbaycan millisinin L\u00fcksemburq y\u0131\u011fmas\u0131 il\u0259 oyunda m\u00fcbariz\u0259 aparmad\u0131\u011f\u0131n\u0131 d\u00fc\u015f\u00fcn\u00fcr. Sultanovun fikrinc\u0259, az\u0259rbaycanl\u0131 futbol\u00e7ular\u0131n oyunu futbol sevgisin\u0259 t\u0259hqirdir:\n<\/p>\n<p>\n  \u201c\u00c7ox uduzan komandalar\u0131 ayaq \u00fcst\u0259, alq\u0131\u015flarla yola sal\u0131nan g\u00f6rm\u00fc\u015f\u00fck, \u00e7ox komandalar\u0131n oyun\u00e7ular\u0131n\u0131 uduzulan oyundan c\u0259ngav\u0259r obraz\u0131nda \u00e7\u0131xd\u0131qlar\u0131n\u0131 g\u00f6rm\u00fc\u015f\u00fck. T\u0259bii hald\u0131r, r\u0259qib g\u00fccl\u00fc olarsa, fiziki-texniki-taktiki haz\u0131rl\u0131\u011f\u0131 daha m\u00fck\u0259mm\u0259l olarsa, d\u00f6y\u00fc\u015f ruhu v\u0259 q\u0259l\u0259b\u0259 \u0259zmi daha y\u00fcks\u0259k olarsa, m\u0259\u011flubiyy\u0259t qa\u00e7\u0131lmazd\u0131r. L\u00fcksemburq y\u0131\u011fmas\u0131 g\u00fccl\u00fc deyildi, m\u00fcst\u0259sna haz\u0131rl\u0131\u011f\u0131 il\u0259 f\u0259rql\u0259nmirdi, el\u0259 d\u0259 y\u00fcks\u0259k q\u0259l\u0259b\u0259 \u0259zmi n\u00fcmayi\u015f etdirmirdi. \u018fb\u0259s yer\u0259 onlar\u0131n ba\u015f m\u0259\u015fq\u00e7isi d\u0259 oyundan \u0259vv\u0259l Az\u0259rbaycan\u0131 oyunun favoriti hesab etmirdi. Sad\u0259c\u0259, bizim milli komandam\u0131z meydana sanki antifutbolun b\u00fct\u00fcn elementl\u0259rinin t\u0259qdimat\u0131na \u00e7\u0131xm\u0131\u015fd\u0131. Etiraf ed\u0259k, bu, onlarda \u00e7ox y\u00fcks\u0259k s\u0259viyy\u0259d\u0259 al\u0131nd\u0131 &#8211; s\u0131f\u0131r \u0259zmkarl\u0131q, m\u00fcti m\u00fcqavim\u0259t, yersiz q\u0131rm\u0131z\u0131 v\u0259r\u0259q\u0259, istehza do\u011furan avtoqol, anla\u015f\u0131lmaz s\u0259b\u0259bd\u0259n penalti, h\u0131r\u0131lt\u0131 il\u0259 q\u0259bul edil\u0259n m\u0259\u011flubiyy\u0259t! Bu, futbol deyildi, insanlar\u0131n milli q\u00fcruruna, futbol sevgisin\u0259 h\u0259qar\u0259t idi. Bu \u00f6zba\u015f\u0131nal\u0131q ruhunu, total saymazl\u0131\u011f\u0131 kimd\u0259n alm\u0131\u015flar v\u0259 ya kimd\u0259n \u00f6yr\u0259nmi\u015fl\u0259r? Bo\u015f tribunalar qar\u015f\u0131s\u0131nda oynayanda, b\u0259lk\u0259 d\u0259, el\u0259 d\u00fc\u015f\u00fcn\u00fcrl\u0259r ki, bunlar\u0131 g\u00f6r\u0259n yoxdur, yoxsa d\u0259v\u0259qu\u015fu sindromu yaran\u0131r bunlarda? Futbolumuz \u00fcmidsiz aqoniya d\u00f6vr\u00fcn\u00fc ya\u015fay\u0131r, art\u0131q \u00fcf\u00fcqd\u0259 d\u0259 par\u0131lt\u0131 g\u00f6r\u00fcnm\u00fcr. Bu g\u00fcn \u00f6lk\u0259mizin futbol m\u00fcst\u0259visind\u0259 \u00c7ern\u0131\u015fevskisaya\u011f\u0131 birc\u0259 sual durur: \u201cN\u0259 etm\u0259li?&quot; \u00c7ox geni\u015f polemika do\u011furan suald\u0131r. Cavablar, m\u00fczakir\u0259l\u0259r v\u0259 n\u0259tic\u0259l\u0259r ciddi olmasa, f\u0259lak\u0259t qa\u00e7\u0131lmazd\u0131r!\u201d\n<\/p>\n<figure class=\"wp-block-image size-large\">\n  <img decoding=\"async\" src=\"https:\/\/www.meydan.tv\/az\/image_from_ios-4-jpg-160\/\" alt=\"image_from_ios (4).jpg\" class=\"wp-image-147593\"\/><figcaption>\n    Ya\u015far Sultanov<br \/>\n  <\/figcaption><\/figure>\n<figure class=\"wp-block-image size-large\">\n  <img decoding=\"async\" src=\"https:\/\/www.meydan.tv\/az\/image_from_ios-1-jpg-147\/\" alt=\"image_from_ios (1).jpg\" class=\"wp-image-147584\"\/><figcaption>\n    Az\u0259rbaycan-L\u00fcksemburq oyunu<br \/>\n  <\/figcaption><\/figure>\n","protected":false},"excerpt":{"rendered":"<p>&#8221; L\u00fcksemburq y\u0131\u011fmas\u0131 g\u00fccl\u00fcdeyildi, m\u00fcst\u0259sna haz\u0131rl\u0131\u011f\u0131 il\u0259 f\u0259rql\u0259nmirdi, el\u0259 d\u0259 y\u00fcks\u0259k q\u0259l\u0259b\u0259 \u0259zmi n\u00fcmayi\u015f etdirmirdi&#8221;<\/p>\n","protected":false},"author":11,"featured_media":147578,"comment_status":"closed","ping_status":"open","sticky":false,"template":"","format":"standard","meta":{"_acf_changed":false,"_sitemap_exclude":false,"_sitemap_priority":"","_sitemap_frequency":"","footnotes":""},"categories":[51],"tags":[],"class_list":["post-202324","post","type-post","status-publish","format-standard","has-post-thumbnail","hentry","category-analitika","infinite-scroll-item","generate-columns","tablet-grid-50","mobile-grid-100","grid-parent","grid-33","no-featured-image-padding"],"acf":[],"yoast_head":"<!-- This site is optimized with the Yoast SEO plugin v27.4 - https:\/\/yoast.com\/product\/yoast-seo-wordpress\/ -->\n<title>Milli d\u0259rd v\u0259 ya siz\u0259 futbol oynama\u011f\u0131 kim \u00f6yr\u0259dib? - MEYDAN.TV<\/title>\n<meta name=\"robots\" content=\"index, follow, max-snippet:-1, max-image-preview:large, max-video-preview:-1\" \/>\n<link rel=\"canonical\" href=\"https:\/\/www.meydan.tv\/az\/article\/milli-derd-ve-ya-size-futbol-oynamagi-kim-oyredib\/\" \/>\n<meta property=\"og:locale\" content=\"az_AZ\" \/>\n<meta property=\"og:type\" content=\"article\" \/>\n<meta property=\"og:title\" content=\"Milli d\u0259rd v\u0259 ya siz\u0259 futbol oynama\u011f\u0131 kim \u00f6yr\u0259dib? - MEYDAN.TV\" \/>\n<meta property=\"og:description\" content=\"&quot; L\u00fcksemburq y\u0131\u011fmas\u0131 g\u00fccl\u00fcdeyildi, m\u00fcst\u0259sna haz\u0131rl\u0131\u011f\u0131 il\u0259 f\u0259rql\u0259nmirdi, el\u0259 d\u0259 y\u00fcks\u0259k q\u0259l\u0259b\u0259 \u0259zmi n\u00fcmayi\u015f etdirmirdi&quot;\" \/>\n<meta property=\"og:url\" content=\"https:\/\/www.meydan.tv\/az\/article\/milli-derd-ve-ya-size-futbol-oynamagi-kim-oyredib\/\" \/>\n<meta property=\"og:site_name\" content=\"MEYDAN.TV\" \/>\n<meta property=\"article:published_time\" content=\"2020-09-08T13:39:51+00:00\" \/>\n<meta property=\"og:image\" content=\"https:\/\/www.meydan.tv\/wp-content\/uploads\/image_from_ios_pajmcko.jpg\" \/>\n\t<meta property=\"og:image:width\" content=\"640\" \/>\n\t<meta property=\"og:image:height\" content=\"480\" \/>\n\t<meta property=\"og:image:type\" content=\"image\/jpeg\" \/>\n<meta name=\"author\" content=\"user-manager\" \/>\n<meta name=\"twitter:card\" content=\"summary_large_image\" \/>\n<script type=\"application\/ld+json\" class=\"yoast-schema-graph\">{\"@context\":\"https:\\\/\\\/schema.org\",\"@graph\":[{\"@type\":\"Article\",\"@id\":\"https:\\\/\\\/www.meydan.tv\\\/az\\\/article\\\/milli-derd-ve-ya-size-futbol-oynamagi-kim-oyredib\\\/#article\",\"isPartOf\":{\"@id\":\"https:\\\/\\\/www.meydan.tv\\\/az\\\/article\\\/milli-derd-ve-ya-size-futbol-oynamagi-kim-oyredib\\\/\"},\"author\":{\"name\":\"user-manager\",\"@id\":\"https:\\\/\\\/www.meydan.tv\\\/az\\\/#\\\/schema\\\/person\\\/10d11eccf6da3662cf5fdab9806ea91a\"},\"headline\":\"Milli d\u0259rd v\u0259 ya siz\u0259 futbol oynama\u011f\u0131 kim \u00f6yr\u0259dib?\",\"datePublished\":\"2020-09-08T13:39:51+00:00\",\"mainEntityOfPage\":{\"@id\":\"https:\\\/\\\/www.meydan.tv\\\/az\\\/article\\\/milli-derd-ve-ya-size-futbol-oynamagi-kim-oyredib\\\/\"},\"wordCount\":1107,\"publisher\":{\"@id\":\"https:\\\/\\\/www.meydan.tv\\\/az\\\/#organization\"},\"image\":{\"@id\":\"https:\\\/\\\/www.meydan.tv\\\/az\\\/article\\\/milli-derd-ve-ya-size-futbol-oynamagi-kim-oyredib\\\/#primaryimage\"},\"thumbnailUrl\":\"https:\\\/\\\/www.meydan.tv\\\/wp-content\\\/uploads\\\/image_from_ios_pajmcko.jpg\",\"articleSection\":[\"Analitika\"],\"inLanguage\":\"az\"},{\"@type\":\"WebPage\",\"@id\":\"https:\\\/\\\/www.meydan.tv\\\/az\\\/article\\\/milli-derd-ve-ya-size-futbol-oynamagi-kim-oyredib\\\/\",\"url\":\"https:\\\/\\\/www.meydan.tv\\\/az\\\/article\\\/milli-derd-ve-ya-size-futbol-oynamagi-kim-oyredib\\\/\",\"name\":\"Milli d\u0259rd v\u0259 ya siz\u0259 futbol oynama\u011f\u0131 kim \u00f6yr\u0259dib? - MEYDAN.TV\",\"isPartOf\":{\"@id\":\"https:\\\/\\\/www.meydan.tv\\\/az\\\/#website\"},\"primaryImageOfPage\":{\"@id\":\"https:\\\/\\\/www.meydan.tv\\\/az\\\/article\\\/milli-derd-ve-ya-size-futbol-oynamagi-kim-oyredib\\\/#primaryimage\"},\"image\":{\"@id\":\"https:\\\/\\\/www.meydan.tv\\\/az\\\/article\\\/milli-derd-ve-ya-size-futbol-oynamagi-kim-oyredib\\\/#primaryimage\"},\"thumbnailUrl\":\"https:\\\/\\\/www.meydan.tv\\\/wp-content\\\/uploads\\\/image_from_ios_pajmcko.jpg\",\"datePublished\":\"2020-09-08T13:39:51+00:00\",\"breadcrumb\":{\"@id\":\"https:\\\/\\\/www.meydan.tv\\\/az\\\/article\\\/milli-derd-ve-ya-size-futbol-oynamagi-kim-oyredib\\\/#breadcrumb\"},\"inLanguage\":\"az\",\"potentialAction\":[{\"@type\":\"ReadAction\",\"target\":[\"https:\\\/\\\/www.meydan.tv\\\/az\\\/article\\\/milli-derd-ve-ya-size-futbol-oynamagi-kim-oyredib\\\/\"]}]},{\"@type\":\"ImageObject\",\"inLanguage\":\"az\",\"@id\":\"https:\\\/\\\/www.meydan.tv\\\/az\\\/article\\\/milli-derd-ve-ya-size-futbol-oynamagi-kim-oyredib\\\/#primaryimage\",\"url\":\"https:\\\/\\\/www.meydan.tv\\\/wp-content\\\/uploads\\\/image_from_ios_pajmcko.jpg\",\"contentUrl\":\"https:\\\/\\\/www.meydan.tv\\\/wp-content\\\/uploads\\\/image_from_ios_pajmcko.jpg\",\"width\":640,\"height\":480,\"caption\":\"Source: Specify Source\"},{\"@type\":\"BreadcrumbList\",\"@id\":\"https:\\\/\\\/www.meydan.tv\\\/az\\\/article\\\/milli-derd-ve-ya-size-futbol-oynamagi-kim-oyredib\\\/#breadcrumb\",\"itemListElement\":[{\"@type\":\"ListItem\",\"position\":1,\"name\":\"Ana s\u0259hif\u0259\",\"item\":\"https:\\\/\\\/www.meydan.tv\\\/az\\\/\"},{\"@type\":\"ListItem\",\"position\":2,\"name\":\"Analitika\",\"item\":\"https:\\\/\\\/www.meydan.tv\\\/az\\\/section\\\/analitika\\\/\"},{\"@type\":\"ListItem\",\"position\":3,\"name\":\"Milli d\u0259rd v\u0259 ya siz\u0259 futbol oynama\u011f\u0131 kim \u00f6yr\u0259dib?\"}]},{\"@type\":\"WebSite\",\"@id\":\"https:\\\/\\\/www.meydan.tv\\\/az\\\/#website\",\"url\":\"https:\\\/\\\/www.meydan.tv\\\/az\\\/\",\"name\":\"MEYDAN.TV\",\"description\":\"Meydan TV Az\u0259rbaycan\u0131n media m\u0259kan\u0131ndak\u0131 alternativ s\u0259sidir\",\"publisher\":{\"@id\":\"https:\\\/\\\/www.meydan.tv\\\/az\\\/#organization\"},\"potentialAction\":[{\"@type\":\"SearchAction\",\"target\":{\"@type\":\"EntryPoint\",\"urlTemplate\":\"https:\\\/\\\/www.meydan.tv\\\/az\\\/?s={search_term_string}\"},\"query-input\":{\"@type\":\"PropertyValueSpecification\",\"valueRequired\":true,\"valueName\":\"search_term_string\"}}],\"inLanguage\":\"az\"},{\"@type\":\"Organization\",\"@id\":\"https:\\\/\\\/www.meydan.tv\\\/az\\\/#organization\",\"name\":\"Meydan TV\",\"url\":\"https:\\\/\\\/www.meydan.tv\\\/az\\\/\",\"logo\":{\"@type\":\"ImageObject\",\"inLanguage\":\"az\",\"@id\":\"https:\\\/\\\/www.meydan.tv\\\/az\\\/#\\\/schema\\\/logo\\\/image\\\/\",\"url\":\"https:\\\/\\\/www.meydan.tv\\\/wp-content\\\/uploads\\\/2021\\\/07\\\/meydan-logo.svg\",\"contentUrl\":\"https:\\\/\\\/www.meydan.tv\\\/wp-content\\\/uploads\\\/2021\\\/07\\\/meydan-logo.svg\",\"width\":195,\"height\":46,\"caption\":\"Meydan TV\"},\"image\":{\"@id\":\"https:\\\/\\\/www.meydan.tv\\\/az\\\/#\\\/schema\\\/logo\\\/image\\\/\"}},{\"@type\":\"Person\",\"@id\":\"https:\\\/\\\/www.meydan.tv\\\/az\\\/#\\\/schema\\\/person\\\/10d11eccf6da3662cf5fdab9806ea91a\",\"name\":\"user-manager\"}]}<\/script>\n<!-- \/ Yoast SEO plugin. -->","yoast_head_json":{"title":"Milli d\u0259rd v\u0259 ya siz\u0259 futbol oynama\u011f\u0131 kim \u00f6yr\u0259dib? - MEYDAN.TV","robots":{"index":"index","follow":"follow","max-snippet":"max-snippet:-1","max-image-preview":"max-image-preview:large","max-video-preview":"max-video-preview:-1"},"canonical":"https:\/\/www.meydan.tv\/az\/article\/milli-derd-ve-ya-size-futbol-oynamagi-kim-oyredib\/","og_locale":"az_AZ","og_type":"article","og_title":"Milli d\u0259rd v\u0259 ya siz\u0259 futbol oynama\u011f\u0131 kim \u00f6yr\u0259dib? - MEYDAN.TV","og_description":"\" L\u00fcksemburq y\u0131\u011fmas\u0131 g\u00fccl\u00fcdeyildi, m\u00fcst\u0259sna haz\u0131rl\u0131\u011f\u0131 il\u0259 f\u0259rql\u0259nmirdi, el\u0259 d\u0259 y\u00fcks\u0259k q\u0259l\u0259b\u0259 \u0259zmi n\u00fcmayi\u015f etdirmirdi\"","og_url":"https:\/\/www.meydan.tv\/az\/article\/milli-derd-ve-ya-size-futbol-oynamagi-kim-oyredib\/","og_site_name":"MEYDAN.TV","article_published_time":"2020-09-08T13:39:51+00:00","og_image":[{"width":640,"height":480,"url":"https:\/\/www.meydan.tv\/wp-content\/uploads\/image_from_ios_pajmcko.jpg","type":"image\/jpeg"}],"author":"user-manager","twitter_card":"summary_large_image","schema":{"@context":"https:\/\/schema.org","@graph":[{"@type":"Article","@id":"https:\/\/www.meydan.tv\/az\/article\/milli-derd-ve-ya-size-futbol-oynamagi-kim-oyredib\/#article","isPartOf":{"@id":"https:\/\/www.meydan.tv\/az\/article\/milli-derd-ve-ya-size-futbol-oynamagi-kim-oyredib\/"},"author":{"name":"user-manager","@id":"https:\/\/www.meydan.tv\/az\/#\/schema\/person\/10d11eccf6da3662cf5fdab9806ea91a"},"headline":"Milli d\u0259rd v\u0259 ya siz\u0259 futbol oynama\u011f\u0131 kim \u00f6yr\u0259dib?","datePublished":"2020-09-08T13:39:51+00:00","mainEntityOfPage":{"@id":"https:\/\/www.meydan.tv\/az\/article\/milli-derd-ve-ya-size-futbol-oynamagi-kim-oyredib\/"},"wordCount":1107,"publisher":{"@id":"https:\/\/www.meydan.tv\/az\/#organization"},"image":{"@id":"https:\/\/www.meydan.tv\/az\/article\/milli-derd-ve-ya-size-futbol-oynamagi-kim-oyredib\/#primaryimage"},"thumbnailUrl":"https:\/\/www.meydan.tv\/wp-content\/uploads\/image_from_ios_pajmcko.jpg","articleSection":["Analitika"],"inLanguage":"az"},{"@type":"WebPage","@id":"https:\/\/www.meydan.tv\/az\/article\/milli-derd-ve-ya-size-futbol-oynamagi-kim-oyredib\/","url":"https:\/\/www.meydan.tv\/az\/article\/milli-derd-ve-ya-size-futbol-oynamagi-kim-oyredib\/","name":"Milli d\u0259rd v\u0259 ya siz\u0259 futbol oynama\u011f\u0131 kim \u00f6yr\u0259dib? - MEYDAN.TV","isPartOf":{"@id":"https:\/\/www.meydan.tv\/az\/#website"},"primaryImageOfPage":{"@id":"https:\/\/www.meydan.tv\/az\/article\/milli-derd-ve-ya-size-futbol-oynamagi-kim-oyredib\/#primaryimage"},"image":{"@id":"https:\/\/www.meydan.tv\/az\/article\/milli-derd-ve-ya-size-futbol-oynamagi-kim-oyredib\/#primaryimage"},"thumbnailUrl":"https:\/\/www.meydan.tv\/wp-content\/uploads\/image_from_ios_pajmcko.jpg","datePublished":"2020-09-08T13:39:51+00:00","breadcrumb":{"@id":"https:\/\/www.meydan.tv\/az\/article\/milli-derd-ve-ya-size-futbol-oynamagi-kim-oyredib\/#breadcrumb"},"inLanguage":"az","potentialAction":[{"@type":"ReadAction","target":["https:\/\/www.meydan.tv\/az\/article\/milli-derd-ve-ya-size-futbol-oynamagi-kim-oyredib\/"]}]},{"@type":"ImageObject","inLanguage":"az","@id":"https:\/\/www.meydan.tv\/az\/article\/milli-derd-ve-ya-size-futbol-oynamagi-kim-oyredib\/#primaryimage","url":"https:\/\/www.meydan.tv\/wp-content\/uploads\/image_from_ios_pajmcko.jpg","contentUrl":"https:\/\/www.meydan.tv\/wp-content\/uploads\/image_from_ios_pajmcko.jpg","width":640,"height":480,"caption":"Source: Specify Source"},{"@type":"BreadcrumbList","@id":"https:\/\/www.meydan.tv\/az\/article\/milli-derd-ve-ya-size-futbol-oynamagi-kim-oyredib\/#breadcrumb","itemListElement":[{"@type":"ListItem","position":1,"name":"Ana s\u0259hif\u0259","item":"https:\/\/www.meydan.tv\/az\/"},{"@type":"ListItem","position":2,"name":"Analitika","item":"https:\/\/www.meydan.tv\/az\/section\/analitika\/"},{"@type":"ListItem","position":3,"name":"Milli d\u0259rd v\u0259 ya siz\u0259 futbol oynama\u011f\u0131 kim \u00f6yr\u0259dib?"}]},{"@type":"WebSite","@id":"https:\/\/www.meydan.tv\/az\/#website","url":"https:\/\/www.meydan.tv\/az\/","name":"MEYDAN.TV","description":"Meydan TV Az\u0259rbaycan\u0131n media m\u0259kan\u0131ndak\u0131 alternativ s\u0259sidir","publisher":{"@id":"https:\/\/www.meydan.tv\/az\/#organization"},"potentialAction":[{"@type":"SearchAction","target":{"@type":"EntryPoint","urlTemplate":"https:\/\/www.meydan.tv\/az\/?s={search_term_string}"},"query-input":{"@type":"PropertyValueSpecification","valueRequired":true,"valueName":"search_term_string"}}],"inLanguage":"az"},{"@type":"Organization","@id":"https:\/\/www.meydan.tv\/az\/#organization","name":"Meydan TV","url":"https:\/\/www.meydan.tv\/az\/","logo":{"@type":"ImageObject","inLanguage":"az","@id":"https:\/\/www.meydan.tv\/az\/#\/schema\/logo\/image\/","url":"https:\/\/www.meydan.tv\/wp-content\/uploads\/2021\/07\/meydan-logo.svg","contentUrl":"https:\/\/www.meydan.tv\/wp-content\/uploads\/2021\/07\/meydan-logo.svg","width":195,"height":46,"caption":"Meydan TV"},"image":{"@id":"https:\/\/www.meydan.tv\/az\/#\/schema\/logo\/image\/"}},{"@type":"Person","@id":"https:\/\/www.meydan.tv\/az\/#\/schema\/person\/10d11eccf6da3662cf5fdab9806ea91a","name":"user-manager"}]}},"_links":{"self":[{"href":"https:\/\/www.meydan.tv\/az\/wp-json\/wp\/v2\/posts\/202324","targetHints":{"allow":["GET"]}}],"collection":[{"href":"https:\/\/www.meydan.tv\/az\/wp-json\/wp\/v2\/posts"}],"about":[{"href":"https:\/\/www.meydan.tv\/az\/wp-json\/wp\/v2\/types\/post"}],"author":[{"embeddable":true,"href":"https:\/\/www.meydan.tv\/az\/wp-json\/wp\/v2\/users\/11"}],"replies":[{"embeddable":true,"href":"https:\/\/www.meydan.tv\/az\/wp-json\/wp\/v2\/comments?post=202324"}],"version-history":[{"count":0,"href":"https:\/\/www.meydan.tv\/az\/wp-json\/wp\/v2\/posts\/202324\/revisions"}],"wp:featuredmedia":[{"embeddable":true,"href":"https:\/\/www.meydan.tv\/az\/wp-json\/wp\/v2\/media\/147578"}],"wp:attachment":[{"href":"https:\/\/www.meydan.tv\/az\/wp-json\/wp\/v2\/media?parent=202324"}],"wp:term":[{"taxonomy":"category","embeddable":true,"href":"https:\/\/www.meydan.tv\/az\/wp-json\/wp\/v2\/categories?post=202324"},{"taxonomy":"post_tag","embeddable":true,"href":"https:\/\/www.meydan.tv\/az\/wp-json\/wp\/v2\/tags?post=202324"}],"curies":[{"name":"wp","href":"https:\/\/api.w.org\/{rel}","templated":true}]}}