{"id":202300,"date":"2020-09-07T13:03:31","date_gmt":"2020-09-07T13:03:31","guid":{"rendered":"https:\/\/www.meydan.tv\/article\/d18-herekati-ruslan-izzetliye-gore-ilham-eliyev-mesuliyyet-dasiyacaq\/"},"modified":"2020-09-07T13:03:31","modified_gmt":"2020-09-07T13:03:31","slug":"d18-herekati-ruslan-izzetliye-gore-ilham-eliyev-mesuliyyet-dasiyacaq","status":"publish","type":"post","link":"https:\/\/www.meydan.tv\/az\/article\/d18-herekati-ruslan-izzetliye-gore-ilham-eliyev-mesuliyyet-dasiyacaq\/","title":{"rendered":"D18 H\u0259r\u0259kat\u0131: &#8220;Ruslan \u0130zz\u0259tliy\u0259 g\u00f6r\u0259 \u0130lham \u018fliyev m\u0259suliyy\u0259t da\u015f\u0131yacaq&#8221;"},"content":{"rendered":"<p>\n  <i><br \/>\n    Ruslan \u0130zz\u0259tli b\u00f6yr\u0259k da\u015f\u0131 diaqnozu il\u0259 \u0259m\u0259liyyat olunacaq<br \/>\n  <\/i>\n<\/p>\n<p>\n  D18 H\u0259r\u0259kat\u0131n\u0131n h\u0259rbi xidm\u0259td\u0259 olan s\u0259dri Ruslan \u0130zz\u0259tlinin s\u0259hh\u0259tind\u0259 problem yaran\u0131b.\n<\/p>\n<p>\n  Bu bar\u0259d\u0259 h\u0259r\u0259kat\u0131n \u00fczv\u00fc, h\u00fcquq\u015f\u00fcnas Samira A\u011fayeva m\u0259lumat yay\u0131b.\n<\/p>\n<p>\n  Samira A\u011fayeva bildirib ki, h\u0259rbi xidm\u0259td\u0259 olan Ruslan \u0130zz\u0259tlinin b\u00f6yr\u0259yind\u0259 da\u015f yerd\u0259yi\u015fm\u0259si ba\u015f verib, \u00fcst\u0259lik d\u0259 kista v\u0259 bel y\u0131rt\u0131\u011f\u0131 var.\n<\/p>\n<p>\n  O, Ruslan \u0130zz\u0259tlinin haz\u0131rda Bak\u0131da h\u0259rbi hospitalda oldu\u011funu v\u0259 bu g\u00fcnl\u0259rd\u0259 \u0259m\u0259liyyat edil\u0259c\u0259yini deyib: \u201cRuslan \u0130zz\u0259tlinin s\u0259hh\u0259tind\u0259 a\u011f\u0131rla\u015fma ba\u015f vers\u0259, m\u0259suliyy\u0259ti \u0130lham \u018fliyev da\u015f\u0131yacaq. \u00c7\u00fcnki Ruslan b\u0259yin \u0259sg\u0259rliy\u0259 apar\u0131lmas\u0131 siyasi sifari\u015f idi\u201d.\n<\/p>\n<p>\n  M\u00fcdafi\u0259 Nazirliyinin m\u0259tbuat xidm\u0259tinin r\u0259hb\u0259ri Vaqif D\u0259rgahl\u0131 bildirib ki, \u0259sg\u0259r Ruslan \u0130zz\u0259tli sentyabr\u0131n 2-d\u0259 \u201csidik da\u015f\u0131 x\u0259st\u0259liyi\u201d diaqnozu il\u0259 Silahl\u0131 Q\u00fcvv\u0259l\u0259rin Ba\u015f Klinik Hospital\u0131n\u0131n Urologiya \u015f\u00f6b\u0259sin\u0259 yerl\u0259\u015fdirlib.\n<\/p>\n<p>\n  \u201cO, d\u0259rhal h\u0259kiml\u0259rin n\u0259zar\u0259tin\u0259 g\u00f6t\u00fcr\u00fcl\u00fcb v\u0259 tam m\u00fcayin\u0259d\u0259n ke\u00e7ib. Haz\u0131rda onun v\u0259ziyy\u0259ti stabildir, t\u0259yin olunan m\u00fcalic\u0259 apar\u0131l\u0131r, vaxt\u0131nda d\u0259rmanlar\u0131 q\u0259bul edir v\u0259 h\u0259kiml\u0259rin m\u00fcnasib\u0259tind\u0259n raz\u0131d\u0131r. M\u00fcalic\u0259 h\u0259kiminin bildirdiyin\u0259 g\u00f6r\u0259, yax\u0131n g\u00fcnl\u0259rd\u0259 \u201csa\u011f sidik axar\u0131 da\u015f\u0131n\u0131n endoskopik \u0259m\u0259liyyat\u0131\u201d planla\u015fd\u0131r\u0131l\u0131r\u201d, &#8211; D\u0259rgahl\u0131 bildirib.\n<\/p>\n<p>\n  Vaqif D\u0259rgahl\u0131n\u0131n s\u00f6zl\u0259rin\u0259 g\u00f6r\u0259, Ruslan \u0130zz\u0259tli haz\u0131rda h\u0259kiml\u0259rin n\u0259zar\u0259tind\u0259dir:\n<\/p>\n<p>\n  &quot;B\u00fct\u00fcn h\u0259rbi qulluq\u00e7ulara nec\u0259 diqq\u0259t g\u00f6st\u0259rilirs\u0259, Ruslan \u0130zz\u0259tliy\u0259 d\u0259 h\u0259min m\u00fcnasib\u0259tdir&quot;.\n<\/p>\n<p>\n  D18 H\u0259r\u0259kat\u0131n\u0131n s\u0259dri Ruslan \u0130zz\u0259tli may\u0131n 25-d\u0259 h\u0259rbi xidm\u0259t\u0259<br \/>\n  <a href=\"https:\/\/www.meydan.tv\/az\/article\/ruslan-izzetli-herbi-xidmete-aparilib\/?ref=search\"><br \/>\n    apar\u0131l\u0131b.<br \/>\n  <\/a>\n<\/p>\n<p>\n  Ruslan \u0130zz\u0259tli bu il fevral\u0131n 9-da Az\u0259rbaycanda ke\u00e7iril\u0259n parlament se\u00e7kil\u0259rind\u0259 namiz\u0259d olub.\n<\/p>\n<p>\n  Onun namiz\u0259d oldu\u011fu 33 sayl\u0131 X\u0259tai ikinci se\u00e7ki dair\u0259sind\u0259 se\u00e7kil\u0259rin n\u0259tic\u0259l\u0259ri l\u0259\u011fv edilib. H\u0259min dair\u0259d\u0259 yenid\u0259n se\u00e7ki ke\u00e7irilm\u0259lidir.\n<\/p>\n<p>\n  Ruslan \u0130zz\u0259tli v\u0259 b\u0259zi namiz\u0259dl\u0259r h\u0259min dair\u0259d\u0259 saxtakarl\u0131q oldu\u011funu iddia ed\u0259r\u0259k M\u0259rk\u0259zi Se\u00e7ki Komissiyas\u0131na (MSK) \u015fikay\u0259t vermi\u015fdil\u0259r.\n<\/p>\n<p>\n  \u015eikay\u0259tl\u0259r q\u0259bul olundu\u011fundan dair\u0259 \u00fczr\u0259 n\u0259tic\u0259l\u0259r l\u0259\u011fv edilmi\u015fdi.<\/p>\n","protected":false},"excerpt":{"rendered":"<p>Vaqif D\u0259rgahl\u0131n\u0131n s\u00f6zl\u0259rin\u0259 g\u00f6r\u0259, Ruslan \u0130zz\u0259tli haz\u0131rda h\u0259kiml\u0259rin n\u0259zar\u0259tind\u0259dir.<\/p>\n","protected":false},"author":11,"featured_media":136430,"comment_status":"closed","ping_status":"open","sticky":false,"template":"","format":"standard","meta":{"_acf_changed":false,"_sitemap_exclude":false,"_sitemap_priority":"","_sitemap_frequency":"","footnotes":""},"categories":[59],"tags":[],"class_list":["post-202300","post","type-post","status-publish","format-standard","has-post-thumbnail","hentry","category-siyaset","infinite-scroll-item","generate-columns","tablet-grid-50","mobile-grid-100","grid-parent","grid-33","no-featured-image-padding"],"acf":[],"yoast_head":"<!-- This site is optimized with the Yoast SEO plugin v28.3 - https:\/\/yoast.com\/product\/yoast-seo-wordpress\/ -->\n<title>D18 H\u0259r\u0259kat\u0131: &quot;Ruslan \u0130zz\u0259tliy\u0259 g\u00f6r\u0259 \u0130lham \u018fliyev m\u0259suliyy\u0259t da\u015f\u0131yacaq&quot; - MEYDAN.TV<\/title>\n<meta name=\"robots\" content=\"index, follow, max-snippet:-1, max-image-preview:large, max-video-preview:-1\" \/>\n<link rel=\"canonical\" href=\"https:\/\/www.meydan.tv\/az\/article\/d18-herekati-ruslan-izzetliye-gore-ilham-eliyev-mesuliyyet-dasiyacaq\/\" \/>\n<meta property=\"og:locale\" content=\"az_AZ\" \/>\n<meta property=\"og:type\" content=\"article\" \/>\n<meta property=\"og:title\" content=\"D18 H\u0259r\u0259kat\u0131: &quot;Ruslan \u0130zz\u0259tliy\u0259 g\u00f6r\u0259 \u0130lham \u018fliyev m\u0259suliyy\u0259t da\u015f\u0131yacaq&quot; - MEYDAN.TV\" \/>\n<meta property=\"og:description\" content=\"Vaqif D\u0259rgahl\u0131n\u0131n s\u00f6zl\u0259rin\u0259 g\u00f6r\u0259, Ruslan \u0130zz\u0259tli haz\u0131rda h\u0259kiml\u0259rin n\u0259zar\u0259tind\u0259dir.\" \/>\n<meta property=\"og:url\" content=\"https:\/\/www.meydan.tv\/az\/article\/d18-herekati-ruslan-izzetliye-gore-ilham-eliyev-mesuliyyet-dasiyacaq\/\" \/>\n<meta property=\"og:site_name\" content=\"MEYDAN.TV\" \/>\n<meta property=\"article:published_time\" content=\"2020-09-07T13:03:31+00:00\" \/>\n<meta property=\"og:image\" content=\"https:\/\/www.meydan.tv\/wp-content\/uploads\/d08da257-8681-4c6d-9a1c-5510d6ebfaa8_w650_r1_s.jpg\" \/>\n\t<meta property=\"og:image:width\" content=\"836\" \/>\n\t<meta property=\"og:image:height\" content=\"480\" \/>\n\t<meta property=\"og:image:type\" content=\"image\/jpeg\" \/>\n<meta name=\"twitter:card\" content=\"summary_large_image\" \/>\n<!-- \/ Yoast SEO plugin. -->","yoast_head_json":{"title":"D18 H\u0259r\u0259kat\u0131: \"Ruslan \u0130zz\u0259tliy\u0259 g\u00f6r\u0259 \u0130lham \u018fliyev m\u0259suliyy\u0259t da\u015f\u0131yacaq\" - MEYDAN.TV","robots":{"index":"index","follow":"follow","max-snippet":"max-snippet:-1","max-image-preview":"max-image-preview:large","max-video-preview":"max-video-preview:-1"},"canonical":"https:\/\/www.meydan.tv\/az\/article\/d18-herekati-ruslan-izzetliye-gore-ilham-eliyev-mesuliyyet-dasiyacaq\/","og_locale":"az_AZ","og_type":"article","og_title":"D18 H\u0259r\u0259kat\u0131: \"Ruslan \u0130zz\u0259tliy\u0259 g\u00f6r\u0259 \u0130lham \u018fliyev m\u0259suliyy\u0259t da\u015f\u0131yacaq\" - MEYDAN.TV","og_description":"Vaqif D\u0259rgahl\u0131n\u0131n s\u00f6zl\u0259rin\u0259 g\u00f6r\u0259, Ruslan \u0130zz\u0259tli haz\u0131rda h\u0259kiml\u0259rin n\u0259zar\u0259tind\u0259dir.","og_url":"https:\/\/www.meydan.tv\/az\/article\/d18-herekati-ruslan-izzetliye-gore-ilham-eliyev-mesuliyyet-dasiyacaq\/","og_site_name":"MEYDAN.TV","article_published_time":"2020-09-07T13:03:31+00:00","og_image":[{"width":836,"height":480,"url":"https:\/\/www.meydan.tv\/wp-content\/uploads\/d08da257-8681-4c6d-9a1c-5510d6ebfaa8_w650_r1_s.jpg","type":"image\/jpeg"}],"twitter_card":"summary_large_image","schema":{"@context":"https:\/\/schema.org","@graph":[{"@type":"Article","@id":"https:\/\/www.meydan.tv\/az\/article\/d18-herekati-ruslan-izzetliye-gore-ilham-eliyev-mesuliyyet-dasiyacaq\/#article","isPartOf":{"@id":"https:\/\/www.meydan.tv\/az\/article\/d18-herekati-ruslan-izzetliye-gore-ilham-eliyev-mesuliyyet-dasiyacaq\/"},"author":{"name":"user-manager","@id":"https:\/\/www.meydan.tv\/az\/#\/schema\/person\/10d11eccf6da3662cf5fdab9806ea91a"},"headline":"D18 H\u0259r\u0259kat\u0131: &#8220;Ruslan \u0130zz\u0259tliy\u0259 g\u00f6r\u0259 \u0130lham \u018fliyev m\u0259suliyy\u0259t da\u015f\u0131yacaq&#8221;","datePublished":"2020-09-07T13:03:31+00:00","mainEntityOfPage":{"@id":"https:\/\/www.meydan.tv\/az\/article\/d18-herekati-ruslan-izzetliye-gore-ilham-eliyev-mesuliyyet-dasiyacaq\/"},"wordCount":455,"publisher":{"@id":"https:\/\/www.meydan.tv\/az\/#organization"},"image":{"@id":"https:\/\/www.meydan.tv\/az\/article\/d18-herekati-ruslan-izzetliye-gore-ilham-eliyev-mesuliyyet-dasiyacaq\/#primaryimage"},"thumbnailUrl":"https:\/\/www.meydan.tv\/wp-content\/uploads\/d08da257-8681-4c6d-9a1c-5510d6ebfaa8_w650_r1_s.jpg","articleSection":["Siyas\u0259t"],"inLanguage":"az"},{"@type":"WebPage","@id":"https:\/\/www.meydan.tv\/az\/article\/d18-herekati-ruslan-izzetliye-gore-ilham-eliyev-mesuliyyet-dasiyacaq\/","url":"https:\/\/www.meydan.tv\/az\/article\/d18-herekati-ruslan-izzetliye-gore-ilham-eliyev-mesuliyyet-dasiyacaq\/","name":"D18 H\u0259r\u0259kat\u0131: \"Ruslan \u0130zz\u0259tliy\u0259 g\u00f6r\u0259 \u0130lham \u018fliyev m\u0259suliyy\u0259t da\u015f\u0131yacaq\" - MEYDAN.TV","isPartOf":{"@id":"https:\/\/www.meydan.tv\/az\/#website"},"primaryImageOfPage":{"@id":"https:\/\/www.meydan.tv\/az\/article\/d18-herekati-ruslan-izzetliye-gore-ilham-eliyev-mesuliyyet-dasiyacaq\/#primaryimage"},"image":{"@id":"https:\/\/www.meydan.tv\/az\/article\/d18-herekati-ruslan-izzetliye-gore-ilham-eliyev-mesuliyyet-dasiyacaq\/#primaryimage"},"thumbnailUrl":"https:\/\/www.meydan.tv\/wp-content\/uploads\/d08da257-8681-4c6d-9a1c-5510d6ebfaa8_w650_r1_s.jpg","datePublished":"2020-09-07T13:03:31+00:00","breadcrumb":{"@id":"https:\/\/www.meydan.tv\/az\/article\/d18-herekati-ruslan-izzetliye-gore-ilham-eliyev-mesuliyyet-dasiyacaq\/#breadcrumb"},"inLanguage":"az","potentialAction":[{"@type":"ReadAction","target":["https:\/\/www.meydan.tv\/az\/article\/d18-herekati-ruslan-izzetliye-gore-ilham-eliyev-mesuliyyet-dasiyacaq\/"]}]},{"@type":"ImageObject","inLanguage":"az","@id":"https:\/\/www.meydan.tv\/az\/article\/d18-herekati-ruslan-izzetliye-gore-ilham-eliyev-mesuliyyet-dasiyacaq\/#primaryimage","url":"https:\/\/www.meydan.tv\/wp-content\/uploads\/d08da257-8681-4c6d-9a1c-5510d6ebfaa8_w650_r1_s.jpg","contentUrl":"https:\/\/www.meydan.tv\/wp-content\/uploads\/d08da257-8681-4c6d-9a1c-5510d6ebfaa8_w650_r1_s.jpg","width":836,"height":480,"caption":"Foto: arxiv"},{"@type":"BreadcrumbList","@id":"https:\/\/www.meydan.tv\/az\/article\/d18-herekati-ruslan-izzetliye-gore-ilham-eliyev-mesuliyyet-dasiyacaq\/#breadcrumb","itemListElement":[{"@type":"ListItem","position":1,"name":"Ana s\u0259hif\u0259","item":"https:\/\/www.meydan.tv\/az\/"},{"@type":"ListItem","position":2,"name":"Siyas\u0259t","item":"https:\/\/www.meydan.tv\/az\/section\/siyaset\/"},{"@type":"ListItem","position":3,"name":"D18 H\u0259r\u0259kat\u0131: &#8220;Ruslan \u0130zz\u0259tliy\u0259 g\u00f6r\u0259 \u0130lham \u018fliyev m\u0259suliyy\u0259t da\u015f\u0131yacaq&#8221;"}]},{"@type":"WebSite","@id":"https:\/\/www.meydan.tv\/az\/#website","url":"https:\/\/www.meydan.tv\/az\/","name":"MEYDAN.TV","description":"Meydan TV Az\u0259rbaycan\u0131n media m\u0259kan\u0131ndak\u0131 alternativ s\u0259sidir","publisher":{"@id":"https:\/\/www.meydan.tv\/az\/#organization"},"potentialAction":[{"@type":"SearchAction","target":{"@type":"EntryPoint","urlTemplate":"https:\/\/www.meydan.tv\/az\/?s={search_term_string}"},"query-input":{"@type":"PropertyValueSpecification","valueRequired":true,"valueName":"search_term_string"}}],"inLanguage":"az"},{"@type":"Organization","@id":"https:\/\/www.meydan.tv\/az\/#organization","name":"Meydan TV","url":"https:\/\/www.meydan.tv\/az\/","logo":{"@type":"ImageObject","inLanguage":"az","@id":"https:\/\/www.meydan.tv\/az\/#\/schema\/logo\/image\/","url":"https:\/\/www.meydan.tv\/wp-content\/uploads\/2021\/07\/meydan-logo.svg","contentUrl":"https:\/\/www.meydan.tv\/wp-content\/uploads\/2021\/07\/meydan-logo.svg","width":195,"height":46,"caption":"Meydan TV"},"image":{"@id":"https:\/\/www.meydan.tv\/az\/#\/schema\/logo\/image\/"}},{"@type":"Person","@id":"https:\/\/www.meydan.tv\/az\/#\/schema\/person\/10d11eccf6da3662cf5fdab9806ea91a","name":"user-manager"}]}},"_links":{"self":[{"href":"https:\/\/www.meydan.tv\/az\/wp-json\/wp\/v2\/posts\/202300","targetHints":{"allow":["GET"]}}],"collection":[{"href":"https:\/\/www.meydan.tv\/az\/wp-json\/wp\/v2\/posts"}],"about":[{"href":"https:\/\/www.meydan.tv\/az\/wp-json\/wp\/v2\/types\/post"}],"author":[{"embeddable":true,"href":"https:\/\/www.meydan.tv\/az\/wp-json\/wp\/v2\/users\/11"}],"replies":[{"embeddable":true,"href":"https:\/\/www.meydan.tv\/az\/wp-json\/wp\/v2\/comments?post=202300"}],"version-history":[{"count":0,"href":"https:\/\/www.meydan.tv\/az\/wp-json\/wp\/v2\/posts\/202300\/revisions"}],"wp:featuredmedia":[{"embeddable":true,"href":"https:\/\/www.meydan.tv\/az\/wp-json\/wp\/v2\/media\/136430"}],"wp:attachment":[{"href":"https:\/\/www.meydan.tv\/az\/wp-json\/wp\/v2\/media?parent=202300"}],"wp:term":[{"taxonomy":"category","embeddable":true,"href":"https:\/\/www.meydan.tv\/az\/wp-json\/wp\/v2\/categories?post=202300"},{"taxonomy":"post_tag","embeddable":true,"href":"https:\/\/www.meydan.tv\/az\/wp-json\/wp\/v2\/tags?post=202300"}],"curies":[{"name":"wp","href":"https:\/\/api.w.org\/{rel}","templated":true}]}}