{"id":202299,"date":"2020-09-07T12:55:18","date_gmt":"2020-09-07T12:55:18","guid":{"rendered":"https:\/\/www.meydan.tv\/article\/pensiyamin-bir-hissesini-icra-bascisi-ile-paylasmaga-haziram\/"},"modified":"2020-09-07T12:55:18","modified_gmt":"2020-09-07T12:55:18","slug":"pensiyamin-bir-hissesini-icra-bascisi-ile-paylasmaga-haziram","status":"publish","type":"post","link":"https:\/\/www.meydan.tv\/az\/article\/pensiyamin-bir-hissesini-icra-bascisi-ile-paylasmaga-haziram\/","title":{"rendered":"\u201cPensiyam\u0131n bir hiss\u0259sini icra ba\u015f\u00e7\u0131s\u0131 il\u0259 payla\u015fma\u011fa haz\u0131ram\u201d"},"content":{"rendered":"<p>\n  <i><br \/>\n    G\u00f6zd\u0259n \u0259lil G\u00f6y\u00e7ay Rayon \u0130cra Hakimiyy\u0259tind\u0259n naraz\u0131d\u0131r<br \/>\n  <\/i>\n<\/p>\n<p>\n  \u201c\u0130cra ba\u015f\u00e7\u0131s\u0131 Mehdi S\u0259limzad\u0259nin \u00fcst\u00fcn\u0259 d\u0259rdini, problemini dan\u0131\u015fma\u011fa ged\u0259nd\u0259, a\u011flay\u0131r ki, bizd\u0259 pul yoxdur. M\u0259n birinci qrup g\u00f6zd\u0259n \u0259lilliy\u0259 g\u00f6r\u0259 ald\u0131\u011f\u0131m pensiyan\u0131n bir hiss\u0259sini onunla payla\u015fma\u011fa haz\u0131ram, g\u0259lsin apars\u0131n\u201d.\n<\/p>\n<p>\n  G\u00f6y\u00e7ay \u015f\u0259h\u0259r sakini, M\u0259h\u0259mm\u0259d\u0259min R\u0259sulzad\u0259 k\u00fc\u00e7\u0259si, ev 44 \u00fcnvan\u0131nda ya\u015fayan birinci qrup g\u00f6zd\u0259n \u0259lil F\u00fczuli M\u0259mm\u0259dov bel\u0259 deyir.\n<\/p>\n<p>\n  Ev problemin\u0259 g\u00f6r\u0259 Meydan TV-y\u0259 daha \u00f6nc\u0259 d\u0259 m\u00fcraci\u0259t ed\u0259n<br \/>\n  <a href=\"https:\/\/d9mc3ts4czbpr.cloudfront.net\/az\/article\/goycay-sakini-birinci-qrup-gozden-elil-yerli-icra-hakimiyyeti-terefinden-aldadilir\/?ref=list-news\"><br \/>\n    \u015fikay\u0259t\u00e7i<br \/>\n  <\/a><br \/>\n  s\u00f6yl\u0259yir ki, bir il \u0259rzind\u0259 yuxar\u0131 instansiyalara yazd\u0131\u011f\u0131 \u015fikay\u0259t m\u0259ktublar\u0131na m\u00fcsb\u0259t cavab almay\u0131b:\n<\/p>\n<p>\n  \u201cBir ild\u0259 evim daha da q\u0259zal\u0131 v\u0259ziyy\u0259t\u0259 d\u00fc\u015f\u00fcb. Tavan tamamil\u0259 \u00e7\u00f6k\u00fcb, divarlar \u015fi\u015fib. Ya\u011f\u0131\u015f ya\u011fanda, u\u015faqlar evin i\u00e7\u0259risin\u0259 qab d\u00fcz\u00fcrl\u0259r. Qar\u015f\u0131dan pay\u0131z-q\u0131\u015f g\u0259lir. Ya\u011f\u0131nt\u0131lar ba\u015flayacaq. M\u0259n suyun i\u00e7ind\u0259 ya\u015fayaca\u011fam? 2017-ci ild\u0259n bu yana m\u00fcraci\u0259t edir\u0259m, he\u00e7 kim \u015fikay\u0259tim\u0259 baxm\u0131r. D\u0259f\u0259l\u0259rl\u0259 \u00f6lk\u0259 ba\u015f\u00e7\u0131s\u0131 \u0130lham \u018fliyev\u0259, Birinci vitse-prezident Mehriban \u018fliyevaya m\u0259ktub yazm\u0131\u015fam. G\u00f6zl\u0259rim g\u00f6rm\u00fcr, pensiya il\u0259 dolanan adamam. Evim el\u0259 bir v\u0259ziyy\u0259td\u0259dir ki, qonaq q\u0259bul ed\u0259nd\u0259 x\u0259cal\u0259t \u00e7\u0259kirik. G\u00f6y\u00e7ay Rayon \u0130cra Hakimiyy\u0259ti d\u0259 deyir ki, v\u0259t\u0259nda\u015f \u00f6z\u00fc evini t\u0259mir etm\u0259li, tikm\u0259lidir. D\u00fczd\u00fcr, m\u0259n d\u0259 v\u0259t\u0259nda\u015fam, amma m\u0259n birinci qrup g\u00f6zd\u0259n \u0259lil\u0259m. Ald\u0131\u011f\u0131m t\u0259qa\u00fcd d\u0259 m\u0259ni he\u00e7 c\u00fcr t\u0259min etmir. 350 manat pulla m\u0259n n\u0259 ed\u0259 bil\u0259r\u0259m?\u201d.\n<\/p>\n<figure class=\"wp-block-image size-large\">\n  <img decoding=\"async\" src=\"https:\/\/www.meydan.tv\/az\/img-20200901-wa0016-jpg\/\" alt=\"img-20200901-wa0016.jpg\" class=\"wp-image-147512\"\/><figcaption>\n    &#8220;Tavan tamamil\u0259 \u00e7\u00f6k\u00fcb, divarlar \u015fi\u015fib&#8221;<br \/>\n  <\/figcaption><\/figure>\n<p>\n  F\u00fczuli M\u0259mm\u0259dov bu il iyunun \u0259vv\u0259lind\u0259 F\u00f6vq\u0259lad\u0259 Hallar Nazirliyinin qaynar x\u0259ttin\u0259 z\u0259ng edib. Evinin q\u0259zal\u0131 olmas\u0131 il\u0259 ba\u011fl\u0131 m\u0259lumat verib:\n<\/p>\n<p>\n  \u201cNazirliy\u0259 evimin v\u0259ziyy\u0259ti il\u0259 ba\u011fl\u0131 m\u0259lumat verdim. Dedil\u0259r ki, \u015fikay\u0259tinizi qeyd\u0259 ald\u0131q. \u00dcz\u0259rind\u0259n bir ay ke\u00e7di, amma he\u00e7 bir x\u0259b\u0259r \u00e7\u0131xmad\u0131. \u0130yulun 14-d\u0259 yenid\u0259n qaynar x\u0259tt\u0259 z\u0259ng etdim. Ad-soyad\u0131m\u0131 dey\u0259n kimi ev \u015fikay\u0259tin\u0259 g\u00f6r\u0259 z\u0259ng vurdu\u011fumu bildil\u0259r. Soru\u015fdum ki, b\u0259s n\u0259y\u0259 g\u00f6r\u0259 g\u0259lib, ev\u0259 baxm\u0131rs\u0131n\u0131z? Dedil\u0259r ki, biz evl\u0259r\u0259 bax\u0131\u015f ke\u00e7irmirik. Bununla ba\u011fl\u0131 rayon icra hakimiyy\u0259tini m\u0259lumatland\u0131rm\u0131\u015f\u0131q. G\u00f6y\u00e7ay Rayon \u0130cra Hakimiyy\u0259tini m\u0259lumatland\u0131rma\u011f\u0131n he\u00e7 bir m\u0259nas\u0131 yoxdur. \u00c7\u00fcnki bu qurum 2017-ci ild\u0259n bu yana m\u0259nim m\u00fcraci\u0259tim\u0259 baxm\u0131r. Bu ev t\u0259xmin\u0259n 1950-ci ild\u0259 k\u0259rpicd\u0259n tikilib. Yetmi\u015f il\u0259 yax\u0131nd\u0131r, ya\u015fay\u0131\u015f var. Bel\u0259 \u00e7\u0131x\u0131r ki, sabah ev q\u0259fil \u00fcst\u00fcm\u00fcz\u0259 u\u00e7sa, he\u00e7 kim bundan narahatl\u0131q ke\u00e7irm\u0259y\u0259c\u0259k? Q\u0259za, b\u00f6y\u00fck faci\u0259 ba\u015f vers\u0259, kim cavabdeh olacaq? \u0130nsan h\u0259yat\u0131na bu q\u0259d\u0259r laqeyid yana\u015fmaq olmaz\u201d.\n<\/p>\n<figure class=\"wp-block-image size-large\">\n  <img decoding=\"async\" src=\"https:\/\/www.meydan.tv\/az\/copy_of_untitled_design_1_a0bimfn-original-png\/\" alt=\"Copy_of_Untitled_Design_1_a0bIMfN.original.png\" class=\"wp-image-147503\"\/><figcaption>\n    Birinci qrup g\u00f6zd\u0259n \u0259lil F\u00fczuli M\u0259mm\u0259dov<br \/>\n  <\/figcaption><\/figure>\n<p>\n  F\u00fczuli M\u0259mm\u0259dovun o\u011flu Nurlan M\u0259mm\u0259dov deyir ki, h\u0259yatlar\u0131 t\u0259hl\u00fck\u0259 qar\u015f\u0131s\u0131ndad\u0131r:\n<\/p>\n<p>\n  \u201cBizd\u0259 k\u00fc\u00e7\u0259nin qar\u015f\u0131s\u0131nda x\u0131rda su b\u0259r\u0259l\u0259ri olur. B\u0259r\u0259l\u0259rd\u0259ki su da\u015fanda, divar torpaqdan oldu\u011fu \u00fc\u00e7\u00fcn su ev\u0259 ke\u00e7ir. N\u0259tic\u0259d\u0259 divarlar sudan, n\u0259mi\u015flik \u00e7\u0259km\u0259kd\u0259n \u015fi\u015fm\u0259y\u0259 ba\u015flay\u0131r. Divarlar tamamil\u0259 qabar\u0131b. Bay\u0131r t\u0259r\u0259fd\u0259n is\u0259 h\u0259min hiss\u0259d\u0259 d\u0259rin \u00e7\u00f6k\u0259k yaran\u0131b. Ev h\u0259r an u\u00e7a bil\u0259r. Tikili da\u015fdan olsa, borc-x\u0259rc edib, d\u00fcz\u0259ld\u0259r\u0259m. Lakin k\u0259rpic v\u0259 pal\u00e7\u0131qdan oldu\u011fu \u00fc\u00e7\u00fcn tamamil\u0259 s\u0131radan \u00e7\u0131x\u0131b. \u0130cra hakimiyy\u0259tind\u0259n deyirl\u0259r ki, dig\u0259r obyektl\u0259rd\u0259n \u00e7\u0131xan k\u00f6hn\u0259 tikinti materiallar\u0131n\u0131 veririk, evi t\u0259mir edin. K\u00f6hn\u0259 tikinti materiallar\u0131 m\u0259nim n\u0259yim\u0259 laz\u0131md\u0131r? Rayon icra hakimiyy\u0259ti ba\u015f\u00e7\u0131s\u0131 aparat\u0131n\u0131n h\u00fcquq \u015f\u00f6b\u0259sinin m\u00fcdiri Samir X\u0259lilov dedi ki, bu i\u015f\u0259 konkret olaraq, Prezident \u0130lham \u018fliyev v\u0259 Birinci vitse-prezident Mehriban \u018fliyeva bax\u0131r. Bildirdi ki, biz\u0259 g\u00f6st\u0259ri\u015f verildiyi t\u0259qdird\u0259 tikinti i\u015fi apara bil\u0259rik. Y\u0259ni yuxar\u0131lar\u0131n raz\u0131l\u0131\u011f\u0131 olmal\u0131d\u0131r. Prezidentd\u0259n evimin tikintisi \u00fc\u00e7\u00fcn pul ayr\u0131lma\u011f\u0131n\u0131 ist\u0259y\u0259c\u0259y\u0259ms\u0259, icra hakimiyy\u0259ti kimi bir qurum m\u0259nim n\u0259yim\u0259 g\u0259r\u0259kdir? Prezident\u0259 m\u0259ktub yaz\u0131r\u0131q, icra hakimiyy\u0259tin\u0259 y\u00f6nl\u0259ndirir. Onlar da ev\u0259 yalandan bax\u0131\u015f ke\u00e7irib, sonra gedib, m\u0259ktub yazm\u0131\u015fd\u0131lar ki, v\u0259t\u0259nda\u015f\u0131n evi yax\u015f\u0131 v\u0259ziyy\u0259td\u0259dir. \u015eikay\u0259ti h\u0259ll etm\u0259k \u0259v\u0259zin\u0259, m\u0259suliy\u0259ti bir-birinin \u00fcz\u0259rin\u0259 at\u0131rlar. Bir n\u0259f\u0259r yax\u0131n durub demir ki, m\u0259n s\u0259n\u0259 k\u00f6m\u0259k ed\u0259c\u0259y\u0259m\u201d.\n<\/p>\n<figure class=\"wp-block-image size-large\">\n  <img decoding=\"async\" src=\"https:\/\/www.meydan.tv\/az\/img-20200901-wa0019-jpg\/\" alt=\"img-20200901-wa0019.jpg\" class=\"wp-image-147518\"\/><figcaption>\n    &#8220;Ya\u011f\u0131\u015f ya\u011fanda, u\u015faqlar evin i\u00e7\u0259risin\u0259 qab d\u00fcz\u00fcrl\u0259r&#8221;<br \/>\n  <\/figcaption><\/figure>\n<p>\n  \u201c\u018fg\u0259r evimizi tikmirl\u0259rs\u0259, he\u00e7 olmasa, atam\u0131 \u0259lill\u0259r \u00fc\u00e7\u00fcn n\u0259z\u0259rd\u0259 tutulan m\u0259nzill\u0259 t\u0259min etsinl\u0259r\u201d, &#8211; Nurlan M\u0259mm\u0259dov deyir:\n<\/p>\n<p>\n  \u201cM\u0259nim 26, bac\u0131m\u0131n is\u0259 29 ya\u015f\u0131 var. Atam n\u0259 m\u0259nim, n\u0259 d\u0259 bac\u0131m\u0131n \u00fcz\u00fcn\u00fc g\u00f6r\u00fcb. Bundan a\u011f\u0131r g\u00f6zd\u0259n \u0259lillik olar? Burada da hans\u0131sa kateqoriya var ki, buna ev d\u00fc\u015f\u00fcr, s\u0259n is\u0259 get, s\u0259n\u0259 ev yoxdur? M\u00fcraci\u0259t etmi\u015f\u0259m, demi\u015f\u0259m. Cavab da bu olub ki, bu, bizim problemimiz deyil. B\u0259s yax\u015f\u0131, bu kimin problemidir? \u018flil\u0259r\u0259 ev verilirs\u0259, atam niy\u0259 k\u0259narda qal\u0131b? Niy\u0259 onu siyah\u0131ya alm\u0131rlar? Atam gec\u0259 il\u0259 g\u00fcnd\u00fcz\u00fc ay\u0131rd ed\u0259 bilmir, adic\u0259 i\u015f\u0131\u011f\u0131 se\u00e7mir. G\u00f6zl\u0259rinin g\u00f6rm\u0259m\u0259yi fiziki h\u0259r\u0259k\u0259tini m\u0259hdudla\u015fd\u0131r\u0131r. Bu da \u00e7\u0259ki art\u0131m\u0131na s\u0259b\u0259b olur. Sonuncu d\u0259f\u0259 \u00e7\u0259kisini \u00f6l\u00e7d\u00fck, 140 kilodan a\u011f\u0131r g\u0259ldi. Ba\u015fqa yan x\u0259st\u0259likl\u0259ri d\u0259 var. Bu \u015f\u0259rtl\u0259r alt\u0131nda h\u0259m d\u0259 \u015f\u0259raitsiz q\u0259zal\u0131 evd\u0259 ya\u015fama\u011f\u0131 h\u0259yat\u0131na t\u0259hl\u00fck\u0259 yarad\u0131r. Bug\u00fcnl\u0259rd\u0259 ya\u011f\u0131\u015f ya\u011fd\u0131. H\u0259r\u0259nin \u0259lind\u0259 bir vedr\u0259 evin i\u00e7ind\u0259 oyan, bu yana qa\u00e7\u0131rd\u0131q. Bilmirdik ki, vedr\u0259l\u0259ri tavandan axan hans\u0131 suyun alt\u0131na qoyaq. \u0130cra hakimiyy\u0259tind\u0259 i\u015fl\u0259y\u0259nl\u0259rin evl\u0259rin\u0259, ma\u015f\u0131nlar\u0131na bax\u0131n. Guya d\u0259bd\u0259b\u0259li evi, l\u00fcks ma\u015f\u0131n\u0131 300-500 manatla al\u0131blar? \u00c7ox xahi\u015f edir\u0259m, bizim ev problemimiz\u0259 \u0259ncam \u00e7\u0259kilsin\u201d.\n<\/p>\n<p>\n  G\u00f6y\u00e7ay Rayon \u0130cra Hakimiyy\u0259ti Memarl\u0131q v\u0259 tikinti \u015f\u00f6b\u0259sinin m\u00fcdiri \u0130ntiqam S\u00fcleymanov Meydan TV \u0259m\u0259kda\u015f\u0131na bildirib ki, quruma ev tikintisi il\u0259 ba\u011fl\u0131 v\u0259sait ayr\u0131lm\u0131r:\n<\/p>\n<p>\n  \u201c\u0130cra Hakimiyy\u0259tin\u0259 el\u0259 b\u00f6y\u00fck v\u0259sait ayr\u0131lm\u0131r ki, hans\u0131sa v\u0259t\u0259nda\u015fa ev tikilsin. Biz\u0259 m\u00fcraci\u0259t olunduqda on g\u00fcn m\u00fcdd\u0259tind\u0259 ev\u0259 bax\u0131\u015f ke\u00e7iririk. Evl\u0259rin tikintisin\u0259 yox, amma y\u00fcng\u00fcl t\u0259mir i\u015fl\u0259rin\u0259 k\u00f6m\u0259klik edirik. Ke\u00e7\u0259n il s\u0259kkiz n\u0259f\u0259r evi yanan v\u0259t\u0259nda\u015fa yard\u0131m g\u00f6st\u0259rmi\u015fik. Kimins\u0259 evind\u0259 y\u00fcng\u00fcl t\u0259mir\u0259 ehtiyac varsa, icra hakimiyy\u0259ti k\u00f6m\u0259klik edir\u201d.\n<\/p>\n<p>\n  \u018flill\u0259rin evl\u0259 t\u0259min olunmas\u0131 m\u0259s\u0259l\u0259sin\u0259 g\u0259linc\u0259, ba\u015f memar bildirib ki, indiy\u0259d\u0259k rayonda yaln\u0131z Qaraba\u011f m\u00fcharib\u0259si v\u0259 \u00c7ernob\u0131l \u0259lill\u0259ri, h\u0259m\u00e7inin \u015f\u0259hid ail\u0259l\u0259rinin m\u0259nzil-m\u0259i\u015f\u0259t \u015f\u0259raitinin yax\u015f\u0131la\u015fd\u0131r\u0131lmas\u0131 \u00fc\u00e7\u00fcn m\u0259nzill\u0259r in\u015fa olunub.\n<\/p>\n<figure class=\"wp-block-image size-large\">\n  <img decoding=\"async\" src=\"https:\/\/www.meydan.tv\/az\/img-20200901-wa0025-jpg\/\" alt=\"img-20200901-wa0025.jpg\" class=\"wp-image-147509\"\/><figcaption>\n    \u201c\u018fg\u0259r evimizi tikmirl\u0259rs\u0259, he\u00e7 olmasa, atam\u0131 \u0259lill\u0259r \u00fc\u00e7\u00fcn n\u0259z\u0259rd\u0259 tutulan m\u0259nzill\u0259 t\u0259min etsinl\u0259r\u201d<br \/>\n  <\/figcaption><\/figure>\n<p>\n  Az\u0259rbaycan G\u00f6zd\u0259n \u018flill\u0259r C\u0259miyy\u0259ti s\u0259drinin m\u00fcavini Reyhan C\u0259f\u0259rova is\u0259 deyir ki, \u00fcmumi s\u0259b\u0259bd\u0259n \u0259lilliyi olan v\u0259t\u0259nda\u015flar\u0131n m\u0259nzil-m\u0259i\u015f\u0259t \u015f\u0259raitl\u0259rinin yax\u015f\u0131la\u015fd\u0131r\u0131lmas\u0131 istiqam\u0259tind\u0259 evl\u0259r yaln\u0131z Bak\u0131da in\u015fa olunur. B\u00f6lg\u0259l\u0259rd\u0259 h\u0259l\u0259 ki, Qaraba\u011f m\u00fcharib\u0259si \u0259lill\u0259ri v\u0259 \u015f\u0259hid ail\u0259l\u0259ri evl\u0259 t\u0259min edilib:\n<\/p>\n<p>\n  \u201cBak\u0131 qeydiyyat\u0131nda olan g\u00f6zd\u0259n \u0259lill\u0259r h\u0259r rayon \u00fczr\u0259 icra hakimiyy\u0259tl\u0259rin\u0259 m\u00fcraci\u0259t ed\u0259r\u0259k ev n\u00f6vb\u0259sin\u0259 dayan\u0131rlar. Evl\u0259rin paylanmas\u0131na alt\u0131 ay qalm\u0131\u015f c\u0259miyy\u0259timiz t\u0259r\u0259find\u0259n komissiya yarad\u0131laraq siyah\u0131ya bax\u0131\u015f ke\u00e7irilir. B\u00f6lg\u0259l\u0259r\u0259 g\u0259linc\u0259, orada ya\u015fayan h\u0259r hans\u0131 s\u0259b\u0259bd\u0259n \u0259lilliyi olan v\u0259t\u0259nda\u015flar\u0131n evl\u0259 t\u0259min olunmas\u0131 m\u0259s\u0259l\u0259si aktuald\u0131r. Biz bununla ba\u011fl\u0131 layih\u0259 haz\u0131rlay\u0131b, \u018fm\u0259k v\u0259 \u018fhalinin Sosial M\u00fcdafi\u0259si Nazirliyin\u0259 (\u018f\u018fSMN), h\u0259m\u00e7inin \u0130lham \u018fliyev\u0259 m\u00fcraci\u0259t etmi\u015fik. Bu, \u00e7ox yax\u015f\u0131 qar\u015f\u0131lan\u0131b. Regionlarda g\u00f6zd\u0259n \u0259lill\u0259rin m\u0259nzill\u0259 t\u0259min olunmas\u0131 d\u00f6vl\u0259t proqram\u0131 t\u0259sdiq olunmal\u0131 idi. M\u00f6vcud pandemiya il\u0259 \u0259laq\u0259dar yuband\u0131.\n<\/p>\n<p>\n  \u018fg\u0259r \u0259lilin evi q\u0259zal\u0131d\u0131rsa, ona yard\u0131m g\u00f6st\u0259rm\u0259k t\u0259mir i\u015fi aparmaq v\u0259 yaxud siyah\u0131ya almaq rayon icra hakimiyy\u0259tinin borcudur. H\u0259min v\u0259t\u0259nda\u015f\u0131 m\u00fctl\u0259q ya\u015fad\u0131\u011f\u0131 rayonun icra hakimiyy\u0259tind\u0259 ev n\u00f6vb\u0259sin\u0259 dayans\u0131n\u201d.\n<\/p>\n<p>\n  Meydan TV \u0259m\u0259kda\u015f\u0131 G\u00f6y\u00e7ay Rayon \u0130cra Hakimiyy\u0259ti il\u0259 F\u00fczuli M\u0259mm\u0259dovun \u015fikay\u0259ti il\u0259 ba\u011fl\u0131 m\u00f6vqe \u00f6yr\u0259ndikd\u0259n sonra v\u0259t\u0259nda\u015f\u0131n evin\u0259 n\u00fcmay\u0259nd\u0259 g\u00f6nd\u0259rilib. \u015eikay\u0259t\u00e7inin dediyin\u0259 g\u00f6r\u0259, icra hakimiyy\u0259ti t\u0259r\u0259find\u0259n ona be\u015f kis\u0259 sement, y\u00fcz mi\u015far da\u015f\u0131 ver\u0259 bil\u0259c\u0259kl\u0259rini bildiribl\u0259r:\n<\/p>\n<p>\n  \u201cDedil\u0259r ki, icra hakimiyy\u0259tinin imkan\u0131 yaln\u0131z buna \u00e7at\u0131r. Bu, bizi \u0259l\u0259 salmaqd\u0131r. Sanki dil\u0259n\u00e7i pay\u0131d\u0131r. Veril\u0259n sement v\u0259 da\u015fla he\u00e7 hamam tikm\u0259k olmaz\u201d.\n<\/p>\n<figure class=\"wp-block-image size-large\">\n  <img decoding=\"async\" src=\"https:\/\/www.meydan.tv\/az\/img-20200901-wa0020-jpg\/\" alt=\"img-20200901-wa0020.jpg\" class=\"wp-image-147524\"\/><figcaption>\n    &#8220;Bu, bizi \u0259l\u0259 salmaqd\u0131r&#8221;<br \/>\n  <\/figcaption><\/figure>\n<figure class=\"wp-block-image size-large\">\n  <img decoding=\"async\" src=\"https:\/\/www.meydan.tv\/az\/img-20200901-wa0021-jpg\/\" alt=\"img-20200901-wa0021.jpg\" class=\"wp-image-147521\"\/><figcaption>\n    &#8220;G\u00f6zl\u0259rinin g\u00f6rm\u0259m\u0259yi fiziki h\u0259r\u0259k\u0259tini m\u0259hdudla\u015fd\u0131r\u0131r&#8221;.<br \/>\n  <\/figcaption><\/figure>\n<figure class=\"wp-block-image size-large\">\n  <img decoding=\"async\" src=\"https:\/\/www.meydan.tv\/az\/img-20200901-wa0017-jpg\/\" alt=\"img-20200901-wa0017.jpg\" class=\"wp-image-147506\"\/><figcaption>\n    &#8221; \u018flil\u0259r\u0259 ev verilirs\u0259, atam niy\u0259 k\u0259narda qal\u0131b?&#8221;<br \/>\n  <\/figcaption><\/figure>\n","protected":false},"excerpt":{"rendered":"<p>&#8220;\u018flil\u0259r\u0259 ev verilirs\u0259, atam niy\u0259 k\u0259narda qal\u0131b?&#8221;<\/p>\n","protected":false},"author":11,"featured_media":147515,"comment_status":"closed","ping_status":"open","sticky":false,"template":"","format":"standard","meta":{"_acf_changed":false,"_sitemap_exclude":false,"_sitemap_priority":"","_sitemap_frequency":"","footnotes":""},"categories":[60],"tags":[],"class_list":["post-202299","post","type-post","status-publish","format-standard","has-post-thumbnail","hentry","category-bolge","infinite-scroll-item","generate-columns","tablet-grid-50","mobile-grid-100","grid-parent","grid-33","no-featured-image-padding"],"acf":[],"yoast_head":"<!-- This site is optimized with the Yoast SEO plugin v27.5 - https:\/\/yoast.com\/product\/yoast-seo-wordpress\/ -->\n<title>\u201cPensiyam\u0131n bir hiss\u0259sini icra ba\u015f\u00e7\u0131s\u0131 il\u0259 payla\u015fma\u011fa haz\u0131ram\u201d - MEYDAN.TV<\/title>\n<meta name=\"robots\" content=\"index, follow, max-snippet:-1, max-image-preview:large, max-video-preview:-1\" \/>\n<link rel=\"canonical\" href=\"https:\/\/www.meydan.tv\/az\/article\/pensiyamin-bir-hissesini-icra-bascisi-ile-paylasmaga-haziram\/\" \/>\n<meta property=\"og:locale\" content=\"az_AZ\" \/>\n<meta property=\"og:type\" content=\"article\" \/>\n<meta property=\"og:title\" content=\"\u201cPensiyam\u0131n bir hiss\u0259sini icra ba\u015f\u00e7\u0131s\u0131 il\u0259 payla\u015fma\u011fa haz\u0131ram\u201d - MEYDAN.TV\" \/>\n<meta property=\"og:description\" content=\"&quot;\u018flil\u0259r\u0259 ev verilirs\u0259, atam niy\u0259 k\u0259narda qal\u0131b?&quot;\" \/>\n<meta property=\"og:url\" content=\"https:\/\/www.meydan.tv\/az\/article\/pensiyamin-bir-hissesini-icra-bascisi-ile-paylasmaga-haziram\/\" \/>\n<meta property=\"og:site_name\" content=\"MEYDAN.TV\" \/>\n<meta property=\"article:published_time\" content=\"2020-09-07T12:55:18+00:00\" \/>\n<meta property=\"og:image\" content=\"https:\/\/www.meydan.tv\/wp-content\/uploads\/img-20200901-wa0023.jpg\" \/>\n\t<meta property=\"og:image:width\" content=\"1280\" \/>\n\t<meta property=\"og:image:height\" content=\"960\" \/>\n\t<meta property=\"og:image:type\" content=\"image\/jpeg\" \/>\n<meta name=\"author\" content=\"user-manager\" \/>\n<meta name=\"twitter:card\" content=\"summary_large_image\" \/>\n<script type=\"application\/ld+json\" class=\"yoast-schema-graph\">{\"@context\":\"https:\\\/\\\/schema.org\",\"@graph\":[{\"@type\":\"Article\",\"@id\":\"https:\\\/\\\/www.meydan.tv\\\/az\\\/article\\\/pensiyamin-bir-hissesini-icra-bascisi-ile-paylasmaga-haziram\\\/#article\",\"isPartOf\":{\"@id\":\"https:\\\/\\\/www.meydan.tv\\\/az\\\/article\\\/pensiyamin-bir-hissesini-icra-bascisi-ile-paylasmaga-haziram\\\/\"},\"author\":{\"name\":\"user-manager\",\"@id\":\"https:\\\/\\\/www.meydan.tv\\\/az\\\/#\\\/schema\\\/person\\\/10d11eccf6da3662cf5fdab9806ea91a\"},\"headline\":\"\u201cPensiyam\u0131n bir hiss\u0259sini icra ba\u015f\u00e7\u0131s\u0131 il\u0259 payla\u015fma\u011fa haz\u0131ram\u201d\",\"datePublished\":\"2020-09-07T12:55:18+00:00\",\"mainEntityOfPage\":{\"@id\":\"https:\\\/\\\/www.meydan.tv\\\/az\\\/article\\\/pensiyamin-bir-hissesini-icra-bascisi-ile-paylasmaga-haziram\\\/\"},\"wordCount\":1773,\"publisher\":{\"@id\":\"https:\\\/\\\/www.meydan.tv\\\/az\\\/#organization\"},\"image\":{\"@id\":\"https:\\\/\\\/www.meydan.tv\\\/az\\\/article\\\/pensiyamin-bir-hissesini-icra-bascisi-ile-paylasmaga-haziram\\\/#primaryimage\"},\"thumbnailUrl\":\"https:\\\/\\\/www.meydan.tv\\\/wp-content\\\/uploads\\\/img-20200901-wa0023.jpg\",\"articleSection\":[\"B\u00f6lg\u0259\"],\"inLanguage\":\"az\"},{\"@type\":\"WebPage\",\"@id\":\"https:\\\/\\\/www.meydan.tv\\\/az\\\/article\\\/pensiyamin-bir-hissesini-icra-bascisi-ile-paylasmaga-haziram\\\/\",\"url\":\"https:\\\/\\\/www.meydan.tv\\\/az\\\/article\\\/pensiyamin-bir-hissesini-icra-bascisi-ile-paylasmaga-haziram\\\/\",\"name\":\"\u201cPensiyam\u0131n bir hiss\u0259sini icra ba\u015f\u00e7\u0131s\u0131 il\u0259 payla\u015fma\u011fa haz\u0131ram\u201d - MEYDAN.TV\",\"isPartOf\":{\"@id\":\"https:\\\/\\\/www.meydan.tv\\\/az\\\/#website\"},\"primaryImageOfPage\":{\"@id\":\"https:\\\/\\\/www.meydan.tv\\\/az\\\/article\\\/pensiyamin-bir-hissesini-icra-bascisi-ile-paylasmaga-haziram\\\/#primaryimage\"},\"image\":{\"@id\":\"https:\\\/\\\/www.meydan.tv\\\/az\\\/article\\\/pensiyamin-bir-hissesini-icra-bascisi-ile-paylasmaga-haziram\\\/#primaryimage\"},\"thumbnailUrl\":\"https:\\\/\\\/www.meydan.tv\\\/wp-content\\\/uploads\\\/img-20200901-wa0023.jpg\",\"datePublished\":\"2020-09-07T12:55:18+00:00\",\"breadcrumb\":{\"@id\":\"https:\\\/\\\/www.meydan.tv\\\/az\\\/article\\\/pensiyamin-bir-hissesini-icra-bascisi-ile-paylasmaga-haziram\\\/#breadcrumb\"},\"inLanguage\":\"az\",\"potentialAction\":[{\"@type\":\"ReadAction\",\"target\":[\"https:\\\/\\\/www.meydan.tv\\\/az\\\/article\\\/pensiyamin-bir-hissesini-icra-bascisi-ile-paylasmaga-haziram\\\/\"]}]},{\"@type\":\"ImageObject\",\"inLanguage\":\"az\",\"@id\":\"https:\\\/\\\/www.meydan.tv\\\/az\\\/article\\\/pensiyamin-bir-hissesini-icra-bascisi-ile-paylasmaga-haziram\\\/#primaryimage\",\"url\":\"https:\\\/\\\/www.meydan.tv\\\/wp-content\\\/uploads\\\/img-20200901-wa0023.jpg\",\"contentUrl\":\"https:\\\/\\\/www.meydan.tv\\\/wp-content\\\/uploads\\\/img-20200901-wa0023.jpg\",\"width\":1280,\"height\":960,\"caption\":\"Source: Specify Source\"},{\"@type\":\"BreadcrumbList\",\"@id\":\"https:\\\/\\\/www.meydan.tv\\\/az\\\/article\\\/pensiyamin-bir-hissesini-icra-bascisi-ile-paylasmaga-haziram\\\/#breadcrumb\",\"itemListElement\":[{\"@type\":\"ListItem\",\"position\":1,\"name\":\"Ana s\u0259hif\u0259\",\"item\":\"https:\\\/\\\/www.meydan.tv\\\/az\\\/\"},{\"@type\":\"ListItem\",\"position\":2,\"name\":\"B\u00f6lg\u0259\",\"item\":\"https:\\\/\\\/www.meydan.tv\\\/az\\\/section\\\/bolge\\\/\"},{\"@type\":\"ListItem\",\"position\":3,\"name\":\"\u201cPensiyam\u0131n bir hiss\u0259sini icra ba\u015f\u00e7\u0131s\u0131 il\u0259 payla\u015fma\u011fa haz\u0131ram\u201d\"}]},{\"@type\":\"WebSite\",\"@id\":\"https:\\\/\\\/www.meydan.tv\\\/az\\\/#website\",\"url\":\"https:\\\/\\\/www.meydan.tv\\\/az\\\/\",\"name\":\"MEYDAN.TV\",\"description\":\"Meydan TV Az\u0259rbaycan\u0131n media m\u0259kan\u0131ndak\u0131 alternativ s\u0259sidir\",\"publisher\":{\"@id\":\"https:\\\/\\\/www.meydan.tv\\\/az\\\/#organization\"},\"potentialAction\":[{\"@type\":\"SearchAction\",\"target\":{\"@type\":\"EntryPoint\",\"urlTemplate\":\"https:\\\/\\\/www.meydan.tv\\\/az\\\/?s={search_term_string}\"},\"query-input\":{\"@type\":\"PropertyValueSpecification\",\"valueRequired\":true,\"valueName\":\"search_term_string\"}}],\"inLanguage\":\"az\"},{\"@type\":\"Organization\",\"@id\":\"https:\\\/\\\/www.meydan.tv\\\/az\\\/#organization\",\"name\":\"Meydan TV\",\"url\":\"https:\\\/\\\/www.meydan.tv\\\/az\\\/\",\"logo\":{\"@type\":\"ImageObject\",\"inLanguage\":\"az\",\"@id\":\"https:\\\/\\\/www.meydan.tv\\\/az\\\/#\\\/schema\\\/logo\\\/image\\\/\",\"url\":\"https:\\\/\\\/www.meydan.tv\\\/wp-content\\\/uploads\\\/2021\\\/07\\\/meydan-logo.svg\",\"contentUrl\":\"https:\\\/\\\/www.meydan.tv\\\/wp-content\\\/uploads\\\/2021\\\/07\\\/meydan-logo.svg\",\"width\":195,\"height\":46,\"caption\":\"Meydan TV\"},\"image\":{\"@id\":\"https:\\\/\\\/www.meydan.tv\\\/az\\\/#\\\/schema\\\/logo\\\/image\\\/\"}},{\"@type\":\"Person\",\"@id\":\"https:\\\/\\\/www.meydan.tv\\\/az\\\/#\\\/schema\\\/person\\\/10d11eccf6da3662cf5fdab9806ea91a\",\"name\":\"user-manager\"}]}<\/script>\n<!-- \/ Yoast SEO plugin. -->","yoast_head_json":{"title":"\u201cPensiyam\u0131n bir hiss\u0259sini icra ba\u015f\u00e7\u0131s\u0131 il\u0259 payla\u015fma\u011fa haz\u0131ram\u201d - MEYDAN.TV","robots":{"index":"index","follow":"follow","max-snippet":"max-snippet:-1","max-image-preview":"max-image-preview:large","max-video-preview":"max-video-preview:-1"},"canonical":"https:\/\/www.meydan.tv\/az\/article\/pensiyamin-bir-hissesini-icra-bascisi-ile-paylasmaga-haziram\/","og_locale":"az_AZ","og_type":"article","og_title":"\u201cPensiyam\u0131n bir hiss\u0259sini icra ba\u015f\u00e7\u0131s\u0131 il\u0259 payla\u015fma\u011fa haz\u0131ram\u201d - MEYDAN.TV","og_description":"\"\u018flil\u0259r\u0259 ev verilirs\u0259, atam niy\u0259 k\u0259narda qal\u0131b?\"","og_url":"https:\/\/www.meydan.tv\/az\/article\/pensiyamin-bir-hissesini-icra-bascisi-ile-paylasmaga-haziram\/","og_site_name":"MEYDAN.TV","article_published_time":"2020-09-07T12:55:18+00:00","og_image":[{"width":1280,"height":960,"url":"https:\/\/www.meydan.tv\/wp-content\/uploads\/img-20200901-wa0023.jpg","type":"image\/jpeg"}],"author":"user-manager","twitter_card":"summary_large_image","schema":{"@context":"https:\/\/schema.org","@graph":[{"@type":"Article","@id":"https:\/\/www.meydan.tv\/az\/article\/pensiyamin-bir-hissesini-icra-bascisi-ile-paylasmaga-haziram\/#article","isPartOf":{"@id":"https:\/\/www.meydan.tv\/az\/article\/pensiyamin-bir-hissesini-icra-bascisi-ile-paylasmaga-haziram\/"},"author":{"name":"user-manager","@id":"https:\/\/www.meydan.tv\/az\/#\/schema\/person\/10d11eccf6da3662cf5fdab9806ea91a"},"headline":"\u201cPensiyam\u0131n bir hiss\u0259sini icra ba\u015f\u00e7\u0131s\u0131 il\u0259 payla\u015fma\u011fa haz\u0131ram\u201d","datePublished":"2020-09-07T12:55:18+00:00","mainEntityOfPage":{"@id":"https:\/\/www.meydan.tv\/az\/article\/pensiyamin-bir-hissesini-icra-bascisi-ile-paylasmaga-haziram\/"},"wordCount":1773,"publisher":{"@id":"https:\/\/www.meydan.tv\/az\/#organization"},"image":{"@id":"https:\/\/www.meydan.tv\/az\/article\/pensiyamin-bir-hissesini-icra-bascisi-ile-paylasmaga-haziram\/#primaryimage"},"thumbnailUrl":"https:\/\/www.meydan.tv\/wp-content\/uploads\/img-20200901-wa0023.jpg","articleSection":["B\u00f6lg\u0259"],"inLanguage":"az"},{"@type":"WebPage","@id":"https:\/\/www.meydan.tv\/az\/article\/pensiyamin-bir-hissesini-icra-bascisi-ile-paylasmaga-haziram\/","url":"https:\/\/www.meydan.tv\/az\/article\/pensiyamin-bir-hissesini-icra-bascisi-ile-paylasmaga-haziram\/","name":"\u201cPensiyam\u0131n bir hiss\u0259sini icra ba\u015f\u00e7\u0131s\u0131 il\u0259 payla\u015fma\u011fa haz\u0131ram\u201d - MEYDAN.TV","isPartOf":{"@id":"https:\/\/www.meydan.tv\/az\/#website"},"primaryImageOfPage":{"@id":"https:\/\/www.meydan.tv\/az\/article\/pensiyamin-bir-hissesini-icra-bascisi-ile-paylasmaga-haziram\/#primaryimage"},"image":{"@id":"https:\/\/www.meydan.tv\/az\/article\/pensiyamin-bir-hissesini-icra-bascisi-ile-paylasmaga-haziram\/#primaryimage"},"thumbnailUrl":"https:\/\/www.meydan.tv\/wp-content\/uploads\/img-20200901-wa0023.jpg","datePublished":"2020-09-07T12:55:18+00:00","breadcrumb":{"@id":"https:\/\/www.meydan.tv\/az\/article\/pensiyamin-bir-hissesini-icra-bascisi-ile-paylasmaga-haziram\/#breadcrumb"},"inLanguage":"az","potentialAction":[{"@type":"ReadAction","target":["https:\/\/www.meydan.tv\/az\/article\/pensiyamin-bir-hissesini-icra-bascisi-ile-paylasmaga-haziram\/"]}]},{"@type":"ImageObject","inLanguage":"az","@id":"https:\/\/www.meydan.tv\/az\/article\/pensiyamin-bir-hissesini-icra-bascisi-ile-paylasmaga-haziram\/#primaryimage","url":"https:\/\/www.meydan.tv\/wp-content\/uploads\/img-20200901-wa0023.jpg","contentUrl":"https:\/\/www.meydan.tv\/wp-content\/uploads\/img-20200901-wa0023.jpg","width":1280,"height":960,"caption":"Source: Specify Source"},{"@type":"BreadcrumbList","@id":"https:\/\/www.meydan.tv\/az\/article\/pensiyamin-bir-hissesini-icra-bascisi-ile-paylasmaga-haziram\/#breadcrumb","itemListElement":[{"@type":"ListItem","position":1,"name":"Ana s\u0259hif\u0259","item":"https:\/\/www.meydan.tv\/az\/"},{"@type":"ListItem","position":2,"name":"B\u00f6lg\u0259","item":"https:\/\/www.meydan.tv\/az\/section\/bolge\/"},{"@type":"ListItem","position":3,"name":"\u201cPensiyam\u0131n bir hiss\u0259sini icra ba\u015f\u00e7\u0131s\u0131 il\u0259 payla\u015fma\u011fa haz\u0131ram\u201d"}]},{"@type":"WebSite","@id":"https:\/\/www.meydan.tv\/az\/#website","url":"https:\/\/www.meydan.tv\/az\/","name":"MEYDAN.TV","description":"Meydan TV Az\u0259rbaycan\u0131n media m\u0259kan\u0131ndak\u0131 alternativ s\u0259sidir","publisher":{"@id":"https:\/\/www.meydan.tv\/az\/#organization"},"potentialAction":[{"@type":"SearchAction","target":{"@type":"EntryPoint","urlTemplate":"https:\/\/www.meydan.tv\/az\/?s={search_term_string}"},"query-input":{"@type":"PropertyValueSpecification","valueRequired":true,"valueName":"search_term_string"}}],"inLanguage":"az"},{"@type":"Organization","@id":"https:\/\/www.meydan.tv\/az\/#organization","name":"Meydan TV","url":"https:\/\/www.meydan.tv\/az\/","logo":{"@type":"ImageObject","inLanguage":"az","@id":"https:\/\/www.meydan.tv\/az\/#\/schema\/logo\/image\/","url":"https:\/\/www.meydan.tv\/wp-content\/uploads\/2021\/07\/meydan-logo.svg","contentUrl":"https:\/\/www.meydan.tv\/wp-content\/uploads\/2021\/07\/meydan-logo.svg","width":195,"height":46,"caption":"Meydan TV"},"image":{"@id":"https:\/\/www.meydan.tv\/az\/#\/schema\/logo\/image\/"}},{"@type":"Person","@id":"https:\/\/www.meydan.tv\/az\/#\/schema\/person\/10d11eccf6da3662cf5fdab9806ea91a","name":"user-manager"}]}},"_links":{"self":[{"href":"https:\/\/www.meydan.tv\/az\/wp-json\/wp\/v2\/posts\/202299","targetHints":{"allow":["GET"]}}],"collection":[{"href":"https:\/\/www.meydan.tv\/az\/wp-json\/wp\/v2\/posts"}],"about":[{"href":"https:\/\/www.meydan.tv\/az\/wp-json\/wp\/v2\/types\/post"}],"author":[{"embeddable":true,"href":"https:\/\/www.meydan.tv\/az\/wp-json\/wp\/v2\/users\/11"}],"replies":[{"embeddable":true,"href":"https:\/\/www.meydan.tv\/az\/wp-json\/wp\/v2\/comments?post=202299"}],"version-history":[{"count":0,"href":"https:\/\/www.meydan.tv\/az\/wp-json\/wp\/v2\/posts\/202299\/revisions"}],"wp:featuredmedia":[{"embeddable":true,"href":"https:\/\/www.meydan.tv\/az\/wp-json\/wp\/v2\/media\/147515"}],"wp:attachment":[{"href":"https:\/\/www.meydan.tv\/az\/wp-json\/wp\/v2\/media?parent=202299"}],"wp:term":[{"taxonomy":"category","embeddable":true,"href":"https:\/\/www.meydan.tv\/az\/wp-json\/wp\/v2\/categories?post=202299"},{"taxonomy":"post_tag","embeddable":true,"href":"https:\/\/www.meydan.tv\/az\/wp-json\/wp\/v2\/tags?post=202299"}],"curies":[{"name":"wp","href":"https:\/\/api.w.org\/{rel}","templated":true}]}}