{"id":202298,"date":"2020-09-07T12:23:31","date_gmt":"2020-09-07T12:23:31","guid":{"rendered":"https:\/\/www.meydan.tv\/article\/teatrin-icra-hakimiyyetine-qarsi-iddiasi-esassiz-hesab-olundu\/"},"modified":"2020-09-07T12:23:31","modified_gmt":"2020-09-07T12:23:31","slug":"teatrin-icra-hakimiyyetine-qarsi-iddiasi-esassiz-hesab-olundu","status":"publish","type":"post","link":"https:\/\/www.meydan.tv\/az\/article\/teatrin-icra-hakimiyyetine-qarsi-iddiasi-esassiz-hesab-olundu\/","title":{"rendered":"Teatr\u0131n \u0130cra Hakimiyy\u0259tin\u0259 qar\u015f\u0131 iddias\u0131 \u0259sass\u0131z hesab olundu"},"content":{"rendered":"<p>\n  <i><br \/>\n    ADO Ali M\u0259hk\u0259m\u0259y\u0259 m\u00fcraci\u0259t ed\u0259c\u0259k<br \/>\n  <\/i>\n<\/p>\n<p>\n  Bak\u0131 Apelyasiya M\u0259hk\u0259m\u0259si Bak\u0131 \u015e\u0259h\u0259r \u0130cra Hakimiyy\u0259tinin ADO (Az\u0259rbaycan Da\u011f\u0131n\u0131q Oda teatr\u0131) teatr\u0131na qar\u015f\u0131 qald\u0131rd\u0131\u011f\u0131 iddian\u0131 t\u0259min edib.\n<\/p>\n<p>\n  M\u0259lumat\u0131 ADO teatr\u0131 yay\u0131b.\n<\/p>\n<p>\n  Bildirilir ki, hakim \u00dclvi May\u0131lov 1 Sayl\u0131 Bak\u0131 \u0130nzibati-\u0130qtisadi M\u0259hk\u0259m\u0259sinin teatr\u0131n xeyrin\u0259 \u00e7\u0131xard\u0131\u011f\u0131 q\u0259rar\u0131 l\u0259\u011fv edib. \u00dcst\u0259lik, teatr\u0131n m\u0259hk\u0259m\u0259y\u0259 \u00fcztutma s\u0259b\u0259bi il\u0259 qald\u0131rd\u0131\u011f\u0131 iddia \u0259sass\u0131z elan olunub.\n<\/p>\n<p>\n  \u201cADO teatr\u0131 k\u00fc\u00e7\u0259 performanslar\u0131 \u00fc\u00e7\u00fcn 3 ildir ki, h\u0259m M\u0259d\u0259niyy\u0259t v\u0259 Turizm Nazirliyin\u0259, h\u0259m d\u0259 Bak\u0131 \u015e\u0259h\u0259r \u0130cra Hakimiyy\u0259tin\u0259 m\u00fcraci\u0259t edir. H\u0259r iki qurum m\u0259s\u0259l\u0259ni \u00fcz\u0259rind\u0259n at\u0131r v\u0259 buna dig\u0259r qurumun baxd\u0131\u011f\u0131n\u0131 s\u00f6yl\u0259yir. ADO bununla ba\u011fl\u0131 m\u0259hk\u0259m\u0259y\u0259 m\u00fcraci\u0259t etdi v\u0259 iddia t\u0259min olundu. Biz bu q\u0259rar\u0131 tarixi v\u0259 presedent bir q\u0259rar kimi g\u00f6r\u00fcrd\u00fck. Lakin Bak\u0131 Apelyasiya M\u0259hk\u0259m\u0259si h\u0259min q\u0259rar\u0131n \u00fcst\u00fcnd\u0259n x\u0259tt \u00e7\u0259km\u0259yi bacard\u0131\u201d, &#8211; ADO teatr\u0131 bildirir.\n<\/p>\n<p>\n  ADO teatr\u0131 bir \u00e7ox \u00f6lk\u0259l\u0259rd\u0259, o c\u00fcml\u0259d\u0259n G\u00fcrc\u00fcstanda k\u00fc\u00e7\u0259 tama\u015falar\u0131 g\u00f6st\u0259rib, lakin teatr\u0131n Az\u0259rbaycanda k\u00fc\u00e7\u0259 tama\u015falar\u0131 t\u0259\u015fkil etm\u0259si \u00fc\u00e7\u00fcn icaz\u0259 verilmir.\n<\/p>\n<p>\n  M\u0259d\u0259niyy\u0259t v\u0259 Turizm Nazirliyi icaz\u0259ni Bak\u0131 \u015e\u0259h\u0259r \u0130cra Hakimiy\u0259tinin, icra hakimiyy\u0259ti is\u0259 nazirliyin verm\u0259diyini s\u00f6yl\u0259yir. Teatr m\u0259s\u0259l\u0259ni iki d\u00f6vl\u0259t qurumunun \u00f6z aralar\u0131nda h\u0259ll etm\u0259sini ist\u0259yib, ancaq buna nail ola bilm\u0259yib.\n<\/p>\n<figure class=\"wp-block-image size-large\">\n  <img decoding=\"async\" src=\"https:\/\/www.meydan.tv\/az\/ado\/\" alt=\"ado\" class=\"wp-image-130832\"\/><figcaption>\n    ADO<br \/>\n  <\/figcaption><\/figure>\n<p>\n  N\u0259hay\u0259t, teatr 2019-cu ild\u0259 m\u0259hk\u0259m\u0259y\u0259 m\u00fcraci\u0259t edib. 2019-cu il dekabr\u0131n 30-da 1 Sayl\u0131 Bak\u0131 \u0130nzibati-\u0130qtisadi M\u0259hk\u0259m\u0259si ADO teatr\u0131n\u0131n Bak\u0131 \u015e\u0259h\u0259r \u0130cra Hakimiyy\u0259tin\u0259 qar\u015f\u0131 qald\u0131rd\u0131\u011f\u0131 iddian\u0131 t\u0259min edib.\n<\/p>\n<p>\n  Sonra Bak\u0131 \u015e\u0259h\u0259r \u0130cra Hakimiyy\u0259ti m\u0259hk\u0259m\u0259nin q\u0259rar\u0131ndan apelyasiya \u015fikay\u0259ti verib. M\u0259hk\u0259m\u0259 1 Sayl\u0131 Bak\u0131 \u0130nzibati-\u0130qtisadi M\u0259hk\u0259m\u0259sinin q\u0259rar\u0131n\u0131 l\u0259\u011fv edib.\n<\/p>\n<p>\n  Teatr\u0131n bu m\u0259s\u0259l\u0259 il\u0259 ba\u011fl\u0131 yayd\u0131\u011f\u0131 m\u0259lumatda teatr\u0131n rejissoru Elmin B\u0259d\u0259lov m\u0259hk\u0259m\u0259nin q\u0259rar\u0131 il\u0259 raz\u0131 olmad\u0131\u011f\u0131n\u0131 v\u0259 Ali M\u0259hk\u0259m\u0259y\u0259 \u00fcz tutacaqlar\u0131n\u0131 deyir: \u201c\u018fg\u0259r Ali M\u0259hk\u0259m\u0259 \u015fikay\u0259timizi t\u0259min etm\u0259s\u0259, Avropa \u0130nsan Haqlar\u0131 M\u0259hk\u0259m\u0259sin\u0259 \u015fikay\u0259t g\u00f6nd\u0259r\u0259c\u0259yik\u201d, &#8211; o qeyd edib.\n<\/p>\n<p>\n  ADO teatr\u0131 15 iyul 2013-c\u00fc ild\u0259 aktyor v\u0259 rejissor Elmin B\u0259d\u0259lov t\u0259r\u0259find\u0259n yarad\u0131l\u0131b. Teatr Az\u0259rbaycan\u0131n ilk m\u00fcst\u0259qil v\u0259 modern teatr\u0131 kimi tan\u0131n\u0131r.<\/p>\n","protected":false},"excerpt":{"rendered":"<p>2019-cu il dekabr\u0131n 30-da 1 Sayl\u0131 Bak\u0131 \u0130nzibati-\u0130qtisadi M\u0259hk\u0259m\u0259si ADO teatr\u0131n\u0131n Bak\u0131 \u015e\u0259h\u0259r \u0130cra Hakimiyy\u0259tin\u0259 qar\u015f\u0131 qald\u0131rd\u0131\u011f\u0131 iddian\u0131 t\u0259min edib.<\/p>\n","protected":false},"author":11,"featured_media":107799,"comment_status":"closed","ping_status":"open","sticky":false,"template":"","format":"standard","meta":{"_acf_changed":false,"_sitemap_exclude":false,"_sitemap_priority":"","_sitemap_frequency":"","footnotes":""},"categories":[52],"tags":[],"class_list":["post-202298","post","type-post","status-publish","format-standard","has-post-thumbnail","hentry","category-medeniyyet","infinite-scroll-item","generate-columns","tablet-grid-50","mobile-grid-100","grid-parent","grid-33","no-featured-image-padding"],"acf":[],"yoast_head":"<!-- This site is optimized with the Yoast SEO plugin v27.4 - https:\/\/yoast.com\/product\/yoast-seo-wordpress\/ -->\n<title>Teatr\u0131n \u0130cra Hakimiyy\u0259tin\u0259 qar\u015f\u0131 iddias\u0131 \u0259sass\u0131z hesab olundu - MEYDAN.TV<\/title>\n<meta name=\"robots\" content=\"index, follow, max-snippet:-1, max-image-preview:large, max-video-preview:-1\" \/>\n<link rel=\"canonical\" href=\"https:\/\/www.meydan.tv\/az\/article\/teatrin-icra-hakimiyyetine-qarsi-iddiasi-esassiz-hesab-olundu\/\" \/>\n<meta property=\"og:locale\" content=\"az_AZ\" \/>\n<meta property=\"og:type\" content=\"article\" \/>\n<meta property=\"og:title\" content=\"Teatr\u0131n \u0130cra Hakimiyy\u0259tin\u0259 qar\u015f\u0131 iddias\u0131 \u0259sass\u0131z hesab olundu - MEYDAN.TV\" \/>\n<meta property=\"og:description\" content=\"2019-cu il dekabr\u0131n 30-da 1 Sayl\u0131 Bak\u0131 \u0130nzibati-\u0130qtisadi M\u0259hk\u0259m\u0259si ADO teatr\u0131n\u0131n Bak\u0131 \u015e\u0259h\u0259r \u0130cra Hakimiyy\u0259tin\u0259 qar\u015f\u0131 qald\u0131rd\u0131\u011f\u0131 iddian\u0131 t\u0259min edib.\" \/>\n<meta property=\"og:url\" content=\"https:\/\/www.meydan.tv\/az\/article\/teatrin-icra-hakimiyyetine-qarsi-iddiasi-esassiz-hesab-olundu\/\" \/>\n<meta property=\"og:site_name\" content=\"MEYDAN.TV\" \/>\n<meta property=\"article:published_time\" content=\"2020-09-07T12:23:31+00:00\" \/>\n<meta property=\"og:image\" content=\"https:\/\/www.meydan.tv\/wp-content\/uploads\/42809.jpg\" \/>\n\t<meta property=\"og:image:width\" content=\"807\" \/>\n\t<meta property=\"og:image:height\" content=\"505\" \/>\n\t<meta property=\"og:image:type\" content=\"image\/jpeg\" \/>\n<meta name=\"author\" content=\"user-manager\" \/>\n<meta name=\"twitter:card\" content=\"summary_large_image\" \/>\n<script type=\"application\/ld+json\" class=\"yoast-schema-graph\">{\"@context\":\"https:\\\/\\\/schema.org\",\"@graph\":[{\"@type\":\"Article\",\"@id\":\"https:\\\/\\\/www.meydan.tv\\\/az\\\/article\\\/teatrin-icra-hakimiyyetine-qarsi-iddiasi-esassiz-hesab-olundu\\\/#article\",\"isPartOf\":{\"@id\":\"https:\\\/\\\/www.meydan.tv\\\/az\\\/article\\\/teatrin-icra-hakimiyyetine-qarsi-iddiasi-esassiz-hesab-olundu\\\/\"},\"author\":{\"name\":\"user-manager\",\"@id\":\"https:\\\/\\\/www.meydan.tv\\\/az\\\/#\\\/schema\\\/person\\\/10d11eccf6da3662cf5fdab9806ea91a\"},\"headline\":\"Teatr\u0131n \u0130cra Hakimiyy\u0259tin\u0259 qar\u015f\u0131 iddias\u0131 \u0259sass\u0131z hesab olundu\",\"datePublished\":\"2020-09-07T12:23:31+00:00\",\"mainEntityOfPage\":{\"@id\":\"https:\\\/\\\/www.meydan.tv\\\/az\\\/article\\\/teatrin-icra-hakimiyyetine-qarsi-iddiasi-esassiz-hesab-olundu\\\/\"},\"wordCount\":478,\"publisher\":{\"@id\":\"https:\\\/\\\/www.meydan.tv\\\/az\\\/#organization\"},\"image\":{\"@id\":\"https:\\\/\\\/www.meydan.tv\\\/az\\\/article\\\/teatrin-icra-hakimiyyetine-qarsi-iddiasi-esassiz-hesab-olundu\\\/#primaryimage\"},\"thumbnailUrl\":\"https:\\\/\\\/www.meydan.tv\\\/wp-content\\\/uploads\\\/42809.jpg\",\"articleSection\":[\"M\u0259d\u0259niyy\u0259t\"],\"inLanguage\":\"az\"},{\"@type\":\"WebPage\",\"@id\":\"https:\\\/\\\/www.meydan.tv\\\/az\\\/article\\\/teatrin-icra-hakimiyyetine-qarsi-iddiasi-esassiz-hesab-olundu\\\/\",\"url\":\"https:\\\/\\\/www.meydan.tv\\\/az\\\/article\\\/teatrin-icra-hakimiyyetine-qarsi-iddiasi-esassiz-hesab-olundu\\\/\",\"name\":\"Teatr\u0131n \u0130cra Hakimiyy\u0259tin\u0259 qar\u015f\u0131 iddias\u0131 \u0259sass\u0131z hesab olundu - MEYDAN.TV\",\"isPartOf\":{\"@id\":\"https:\\\/\\\/www.meydan.tv\\\/az\\\/#website\"},\"primaryImageOfPage\":{\"@id\":\"https:\\\/\\\/www.meydan.tv\\\/az\\\/article\\\/teatrin-icra-hakimiyyetine-qarsi-iddiasi-esassiz-hesab-olundu\\\/#primaryimage\"},\"image\":{\"@id\":\"https:\\\/\\\/www.meydan.tv\\\/az\\\/article\\\/teatrin-icra-hakimiyyetine-qarsi-iddiasi-esassiz-hesab-olundu\\\/#primaryimage\"},\"thumbnailUrl\":\"https:\\\/\\\/www.meydan.tv\\\/wp-content\\\/uploads\\\/42809.jpg\",\"datePublished\":\"2020-09-07T12:23:31+00:00\",\"breadcrumb\":{\"@id\":\"https:\\\/\\\/www.meydan.tv\\\/az\\\/article\\\/teatrin-icra-hakimiyyetine-qarsi-iddiasi-esassiz-hesab-olundu\\\/#breadcrumb\"},\"inLanguage\":\"az\",\"potentialAction\":[{\"@type\":\"ReadAction\",\"target\":[\"https:\\\/\\\/www.meydan.tv\\\/az\\\/article\\\/teatrin-icra-hakimiyyetine-qarsi-iddiasi-esassiz-hesab-olundu\\\/\"]}]},{\"@type\":\"ImageObject\",\"inLanguage\":\"az\",\"@id\":\"https:\\\/\\\/www.meydan.tv\\\/az\\\/article\\\/teatrin-icra-hakimiyyetine-qarsi-iddiasi-esassiz-hesab-olundu\\\/#primaryimage\",\"url\":\"https:\\\/\\\/www.meydan.tv\\\/wp-content\\\/uploads\\\/42809.jpg\",\"contentUrl\":\"https:\\\/\\\/www.meydan.tv\\\/wp-content\\\/uploads\\\/42809.jpg\",\"width\":807,\"height\":505,\"caption\":\"Source:\"},{\"@type\":\"BreadcrumbList\",\"@id\":\"https:\\\/\\\/www.meydan.tv\\\/az\\\/article\\\/teatrin-icra-hakimiyyetine-qarsi-iddiasi-esassiz-hesab-olundu\\\/#breadcrumb\",\"itemListElement\":[{\"@type\":\"ListItem\",\"position\":1,\"name\":\"Ana s\u0259hif\u0259\",\"item\":\"https:\\\/\\\/www.meydan.tv\\\/az\\\/\"},{\"@type\":\"ListItem\",\"position\":2,\"name\":\"M\u0259d\u0259niyy\u0259t\",\"item\":\"https:\\\/\\\/www.meydan.tv\\\/az\\\/section\\\/medeniyyet\\\/\"},{\"@type\":\"ListItem\",\"position\":3,\"name\":\"Teatr\u0131n \u0130cra Hakimiyy\u0259tin\u0259 qar\u015f\u0131 iddias\u0131 \u0259sass\u0131z hesab olundu\"}]},{\"@type\":\"WebSite\",\"@id\":\"https:\\\/\\\/www.meydan.tv\\\/az\\\/#website\",\"url\":\"https:\\\/\\\/www.meydan.tv\\\/az\\\/\",\"name\":\"MEYDAN.TV\",\"description\":\"Meydan TV Az\u0259rbaycan\u0131n media m\u0259kan\u0131ndak\u0131 alternativ s\u0259sidir\",\"publisher\":{\"@id\":\"https:\\\/\\\/www.meydan.tv\\\/az\\\/#organization\"},\"potentialAction\":[{\"@type\":\"SearchAction\",\"target\":{\"@type\":\"EntryPoint\",\"urlTemplate\":\"https:\\\/\\\/www.meydan.tv\\\/az\\\/?s={search_term_string}\"},\"query-input\":{\"@type\":\"PropertyValueSpecification\",\"valueRequired\":true,\"valueName\":\"search_term_string\"}}],\"inLanguage\":\"az\"},{\"@type\":\"Organization\",\"@id\":\"https:\\\/\\\/www.meydan.tv\\\/az\\\/#organization\",\"name\":\"Meydan TV\",\"url\":\"https:\\\/\\\/www.meydan.tv\\\/az\\\/\",\"logo\":{\"@type\":\"ImageObject\",\"inLanguage\":\"az\",\"@id\":\"https:\\\/\\\/www.meydan.tv\\\/az\\\/#\\\/schema\\\/logo\\\/image\\\/\",\"url\":\"https:\\\/\\\/www.meydan.tv\\\/wp-content\\\/uploads\\\/2021\\\/07\\\/meydan-logo.svg\",\"contentUrl\":\"https:\\\/\\\/www.meydan.tv\\\/wp-content\\\/uploads\\\/2021\\\/07\\\/meydan-logo.svg\",\"width\":195,\"height\":46,\"caption\":\"Meydan TV\"},\"image\":{\"@id\":\"https:\\\/\\\/www.meydan.tv\\\/az\\\/#\\\/schema\\\/logo\\\/image\\\/\"}},{\"@type\":\"Person\",\"@id\":\"https:\\\/\\\/www.meydan.tv\\\/az\\\/#\\\/schema\\\/person\\\/10d11eccf6da3662cf5fdab9806ea91a\",\"name\":\"user-manager\"}]}<\/script>\n<!-- \/ Yoast SEO plugin. -->","yoast_head_json":{"title":"Teatr\u0131n \u0130cra Hakimiyy\u0259tin\u0259 qar\u015f\u0131 iddias\u0131 \u0259sass\u0131z hesab olundu - MEYDAN.TV","robots":{"index":"index","follow":"follow","max-snippet":"max-snippet:-1","max-image-preview":"max-image-preview:large","max-video-preview":"max-video-preview:-1"},"canonical":"https:\/\/www.meydan.tv\/az\/article\/teatrin-icra-hakimiyyetine-qarsi-iddiasi-esassiz-hesab-olundu\/","og_locale":"az_AZ","og_type":"article","og_title":"Teatr\u0131n \u0130cra Hakimiyy\u0259tin\u0259 qar\u015f\u0131 iddias\u0131 \u0259sass\u0131z hesab olundu - MEYDAN.TV","og_description":"2019-cu il dekabr\u0131n 30-da 1 Sayl\u0131 Bak\u0131 \u0130nzibati-\u0130qtisadi M\u0259hk\u0259m\u0259si ADO teatr\u0131n\u0131n Bak\u0131 \u015e\u0259h\u0259r \u0130cra Hakimiyy\u0259tin\u0259 qar\u015f\u0131 qald\u0131rd\u0131\u011f\u0131 iddian\u0131 t\u0259min edib.","og_url":"https:\/\/www.meydan.tv\/az\/article\/teatrin-icra-hakimiyyetine-qarsi-iddiasi-esassiz-hesab-olundu\/","og_site_name":"MEYDAN.TV","article_published_time":"2020-09-07T12:23:31+00:00","og_image":[{"width":807,"height":505,"url":"https:\/\/www.meydan.tv\/wp-content\/uploads\/42809.jpg","type":"image\/jpeg"}],"author":"user-manager","twitter_card":"summary_large_image","schema":{"@context":"https:\/\/schema.org","@graph":[{"@type":"Article","@id":"https:\/\/www.meydan.tv\/az\/article\/teatrin-icra-hakimiyyetine-qarsi-iddiasi-esassiz-hesab-olundu\/#article","isPartOf":{"@id":"https:\/\/www.meydan.tv\/az\/article\/teatrin-icra-hakimiyyetine-qarsi-iddiasi-esassiz-hesab-olundu\/"},"author":{"name":"user-manager","@id":"https:\/\/www.meydan.tv\/az\/#\/schema\/person\/10d11eccf6da3662cf5fdab9806ea91a"},"headline":"Teatr\u0131n \u0130cra Hakimiyy\u0259tin\u0259 qar\u015f\u0131 iddias\u0131 \u0259sass\u0131z hesab olundu","datePublished":"2020-09-07T12:23:31+00:00","mainEntityOfPage":{"@id":"https:\/\/www.meydan.tv\/az\/article\/teatrin-icra-hakimiyyetine-qarsi-iddiasi-esassiz-hesab-olundu\/"},"wordCount":478,"publisher":{"@id":"https:\/\/www.meydan.tv\/az\/#organization"},"image":{"@id":"https:\/\/www.meydan.tv\/az\/article\/teatrin-icra-hakimiyyetine-qarsi-iddiasi-esassiz-hesab-olundu\/#primaryimage"},"thumbnailUrl":"https:\/\/www.meydan.tv\/wp-content\/uploads\/42809.jpg","articleSection":["M\u0259d\u0259niyy\u0259t"],"inLanguage":"az"},{"@type":"WebPage","@id":"https:\/\/www.meydan.tv\/az\/article\/teatrin-icra-hakimiyyetine-qarsi-iddiasi-esassiz-hesab-olundu\/","url":"https:\/\/www.meydan.tv\/az\/article\/teatrin-icra-hakimiyyetine-qarsi-iddiasi-esassiz-hesab-olundu\/","name":"Teatr\u0131n \u0130cra Hakimiyy\u0259tin\u0259 qar\u015f\u0131 iddias\u0131 \u0259sass\u0131z hesab olundu - MEYDAN.TV","isPartOf":{"@id":"https:\/\/www.meydan.tv\/az\/#website"},"primaryImageOfPage":{"@id":"https:\/\/www.meydan.tv\/az\/article\/teatrin-icra-hakimiyyetine-qarsi-iddiasi-esassiz-hesab-olundu\/#primaryimage"},"image":{"@id":"https:\/\/www.meydan.tv\/az\/article\/teatrin-icra-hakimiyyetine-qarsi-iddiasi-esassiz-hesab-olundu\/#primaryimage"},"thumbnailUrl":"https:\/\/www.meydan.tv\/wp-content\/uploads\/42809.jpg","datePublished":"2020-09-07T12:23:31+00:00","breadcrumb":{"@id":"https:\/\/www.meydan.tv\/az\/article\/teatrin-icra-hakimiyyetine-qarsi-iddiasi-esassiz-hesab-olundu\/#breadcrumb"},"inLanguage":"az","potentialAction":[{"@type":"ReadAction","target":["https:\/\/www.meydan.tv\/az\/article\/teatrin-icra-hakimiyyetine-qarsi-iddiasi-esassiz-hesab-olundu\/"]}]},{"@type":"ImageObject","inLanguage":"az","@id":"https:\/\/www.meydan.tv\/az\/article\/teatrin-icra-hakimiyyetine-qarsi-iddiasi-esassiz-hesab-olundu\/#primaryimage","url":"https:\/\/www.meydan.tv\/wp-content\/uploads\/42809.jpg","contentUrl":"https:\/\/www.meydan.tv\/wp-content\/uploads\/42809.jpg","width":807,"height":505,"caption":"Source:"},{"@type":"BreadcrumbList","@id":"https:\/\/www.meydan.tv\/az\/article\/teatrin-icra-hakimiyyetine-qarsi-iddiasi-esassiz-hesab-olundu\/#breadcrumb","itemListElement":[{"@type":"ListItem","position":1,"name":"Ana s\u0259hif\u0259","item":"https:\/\/www.meydan.tv\/az\/"},{"@type":"ListItem","position":2,"name":"M\u0259d\u0259niyy\u0259t","item":"https:\/\/www.meydan.tv\/az\/section\/medeniyyet\/"},{"@type":"ListItem","position":3,"name":"Teatr\u0131n \u0130cra Hakimiyy\u0259tin\u0259 qar\u015f\u0131 iddias\u0131 \u0259sass\u0131z hesab olundu"}]},{"@type":"WebSite","@id":"https:\/\/www.meydan.tv\/az\/#website","url":"https:\/\/www.meydan.tv\/az\/","name":"MEYDAN.TV","description":"Meydan TV Az\u0259rbaycan\u0131n media m\u0259kan\u0131ndak\u0131 alternativ s\u0259sidir","publisher":{"@id":"https:\/\/www.meydan.tv\/az\/#organization"},"potentialAction":[{"@type":"SearchAction","target":{"@type":"EntryPoint","urlTemplate":"https:\/\/www.meydan.tv\/az\/?s={search_term_string}"},"query-input":{"@type":"PropertyValueSpecification","valueRequired":true,"valueName":"search_term_string"}}],"inLanguage":"az"},{"@type":"Organization","@id":"https:\/\/www.meydan.tv\/az\/#organization","name":"Meydan TV","url":"https:\/\/www.meydan.tv\/az\/","logo":{"@type":"ImageObject","inLanguage":"az","@id":"https:\/\/www.meydan.tv\/az\/#\/schema\/logo\/image\/","url":"https:\/\/www.meydan.tv\/wp-content\/uploads\/2021\/07\/meydan-logo.svg","contentUrl":"https:\/\/www.meydan.tv\/wp-content\/uploads\/2021\/07\/meydan-logo.svg","width":195,"height":46,"caption":"Meydan TV"},"image":{"@id":"https:\/\/www.meydan.tv\/az\/#\/schema\/logo\/image\/"}},{"@type":"Person","@id":"https:\/\/www.meydan.tv\/az\/#\/schema\/person\/10d11eccf6da3662cf5fdab9806ea91a","name":"user-manager"}]}},"_links":{"self":[{"href":"https:\/\/www.meydan.tv\/az\/wp-json\/wp\/v2\/posts\/202298","targetHints":{"allow":["GET"]}}],"collection":[{"href":"https:\/\/www.meydan.tv\/az\/wp-json\/wp\/v2\/posts"}],"about":[{"href":"https:\/\/www.meydan.tv\/az\/wp-json\/wp\/v2\/types\/post"}],"author":[{"embeddable":true,"href":"https:\/\/www.meydan.tv\/az\/wp-json\/wp\/v2\/users\/11"}],"replies":[{"embeddable":true,"href":"https:\/\/www.meydan.tv\/az\/wp-json\/wp\/v2\/comments?post=202298"}],"version-history":[{"count":0,"href":"https:\/\/www.meydan.tv\/az\/wp-json\/wp\/v2\/posts\/202298\/revisions"}],"wp:featuredmedia":[{"embeddable":true,"href":"https:\/\/www.meydan.tv\/az\/wp-json\/wp\/v2\/media\/107799"}],"wp:attachment":[{"href":"https:\/\/www.meydan.tv\/az\/wp-json\/wp\/v2\/media?parent=202298"}],"wp:term":[{"taxonomy":"category","embeddable":true,"href":"https:\/\/www.meydan.tv\/az\/wp-json\/wp\/v2\/categories?post=202298"},{"taxonomy":"post_tag","embeddable":true,"href":"https:\/\/www.meydan.tv\/az\/wp-json\/wp\/v2\/tags?post=202298"}],"curies":[{"name":"wp","href":"https:\/\/api.w.org\/{rel}","templated":true}]}}