{"id":202293,"date":"2020-09-06T21:40:26","date_gmt":"2020-09-06T21:40:26","guid":{"rendered":"https:\/\/www.meydan.tv\/article\/goycay-sakini-meni-polis-sobesinde-doyub-videoya-cekdiler-indi-de-santaj-edirler\/"},"modified":"2020-09-06T21:40:26","modified_gmt":"2020-09-06T21:40:26","slug":"goycay-sakini-meni-polis-sobesinde-doyub-videoya-cekdiler-indi-de-santaj-edirler","status":"publish","type":"post","link":"https:\/\/www.meydan.tv\/az\/article\/goycay-sakini-meni-polis-sobesinde-doyub-videoya-cekdiler-indi-de-santaj-edirler\/","title":{"rendered":"G\u00f6y\u00e7ay sakini: M\u0259ni polis \u015f\u00f6b\u0259sind\u0259 d\u00f6y\u00fcb videoya \u00e7\u0259kdil\u0259r, indi d\u0259 \u015fantaj edirl\u0259r"},"content":{"rendered":"<p>\n  <i><br \/>\n    \u201cR\u0259is m\u00fcavini dedi ki, ba\u015f\u00e7\u0131n\u0131n ail\u0259sind\u0259 \u00fc\u00e7 general var, Daxili i\u015fl\u0259r naziri Vilay\u0259t Eyvazov da qohumudur\u201d<br \/>\n  <\/i>\n<\/p>\n<p>\n  \u201cM\u0259hk\u0259m\u0259 m\u0259n\u0259 15 sutka h\u0259bs c\u0259zas\u0131 k\u0259sdi, sonra polis b\u00f6lm\u0259sin\u0259 qaytar\u0131ld\u0131m. 15 g\u00fcn \u0259rzind\u0259 3 d\u0259f\u0259 m\u00f6hk\u0259m d\u00f6y\u00fcld\u00fcm, a\u015fa\u011f\u0131land\u0131m, videoya \u00e7\u0259kildim, \u015fantaj olundum. S\u0259b\u0259b is\u0259 icra ba\u015f\u00e7\u0131s\u0131ndan sosial \u015f\u0259b\u0259k\u0259l\u0259rd\u0259 t\u0259nqidi yaz\u0131lar yazma\u011f\u0131m idi. Ondan \u0259vv\u0259l ba\u015f\u00e7\u0131 m\u0259ni m\u0259hk\u0259m\u0259y\u0259 vermi\u015fdi. M\u0259n \u015fikay\u0259t\u0259 ba\u015fqa rayon m\u0259hk\u0259m\u0259sind\u0259 bax\u0131lmas\u0131n\u0131 ist\u0259y\u0259nd\u0259n sonra \u015fikay\u0259tini geri \u00e7\u0259kib, m\u0259ni polisin \u0259liyl\u0259 \u201cc\u0259zaland\u0131rmaq\u201d q\u0259rar\u0131na g\u0259lmi\u015fdi\u201d.\n<\/p>\n<p>\n  Bunu Meydan TV-y\u0259 G\u00f6y\u00e7ay\u0131n Qarayaz\u0131 k\u0259nd sakini \u018fhliman \u018fliyev deyir.\n<\/p>\n<p>\n  \u018fhliman \u018fliyevin s\u00f6zl\u0259rin\u0259 g\u00f6r\u0259, iyunun 8-d\u0259 yax\u0131n dostu Hac\u0131qulu Q\u0259dirovun idar\u0259 etdiyi avtomobill\u0259 rayonun F\u00fczuli k\u00fc\u00e7\u0259sind\u0259 h\u0259r\u0259k\u0259td\u0259 olark\u0259n yol polisl\u0259ri ma\u015f\u0131n\u0131 saxlay\u0131b. Polisl\u0259r Hac\u0131qulu Q\u0259dirovdan s\u00fcr\u00fcc\u00fcl\u00fck v\u0259siq\u0259si v\u0259 avtomobilin s\u0259n\u0259dl\u0259rini ist\u0259yib. S\u00fcr\u00fcc\u00fc s\u0259n\u0259dl\u0259ri t\u0259qdim etm\u0259k \u00fc\u00e7\u00fcn ma\u015f\u0131ndan d\u00fc\u015f\u0259nd\u0259 \u0259raziy\u0259 i\u00e7\u0259risind\u0259 polis i\u015f\u00e7il\u0259ri olan \u201cNiva\u201d markal\u0131 ba\u015fqa polis ma\u015f\u0131n\u0131 g\u0259lib. Polisl\u0259r v\u0259 G\u00f6y\u00e7ay Rayon Polis \u015e\u00f6b\u0259sinin \u0130ctimai T\u0259hl\u00fck\u0259sizlik B\u00f6lm\u0259sinin (\u0130TB) r\u0259isi Qiyas Behbudov onlara yax\u0131la\u015f\u0131b. \u018fhliman \u018fliyevin s\u00f6zl\u0259rin\u0259 g\u00f6r\u0259, polisl\u0259r onun v\u0259 Hac\u0131qulu Q\u0259dirovun qollar\u0131n\u0131 buraraq \u201cNiva\u201dya mindiribl\u0259r, G\u00f6y\u00e7ay Rayon Polis \u015e\u00f6b\u0259sin\u0259 apar\u0131blar. \u015e\u00f6b\u0259y\u0259 apar\u0131lmaqlar\u0131n\u0131n s\u0259b\u0259bini iyunun 9-da G\u00f6y\u00e7ay Rayon M\u0259hk\u0259m\u0259si t\u0259r\u0259find\u0259n 15 sutkal\u0131q h\u0259bs al\u0131b polis \u015f\u00f6b\u0259sin\u0259 qaytar\u0131landan sonra anlay\u0131b.\n<\/p>\n<p>\n  <b><br \/>\n    \u201cHakim dedi, bu hal \u015fahidini az\u0131 on i\u015f \u00fczr\u0259 dindirmi\u015f\u0259m\u201d<br \/>\n  <\/b>\n<\/p>\n<p>\n  \u201c\u0130yunun 8-d\u0259 polis \u015f\u00f6b\u0259sin\u0259 apar\u0131ld\u0131qdan sonra \u201cbizi bura niy\u0259 g\u0259tirmisiz\u201d sual\u0131m\u0131za cavab ver\u0259n olmad\u0131. Dedil\u0259r, s\u0259brli olun, sabah\u0131 g\u00f6zl\u0259yin, bil\u0259c\u0259ksiz. Sabah\u0131 g\u00fcn m\u0259ni v\u0259 dostumu G\u00f6y\u00e7ay Rayon M\u0259hk\u0259m\u0259sin\u0259 apard\u0131lar. Orda m\u0259lum oldu ki, h\u0259r ikimiz\u0259 polisin qanuni t\u0259l\u0259bin\u0259 q\u0259sd\u0259n tabe olmamaq madd\u0259sini y\u00fckl\u0259yibl\u0259r. \u0130\u015f\u0259 hakim F\u0259ttah \u0130brahimov bax\u0131rd\u0131. Dedi, dan\u0131\u015f, n\u0259 ba\u015f verib, nec\u0259 ba\u015f verib. M\u0259n d\u0259 bildirdim ki, yolda ged\u0259rk\u0259n he\u00e7 bir s\u0259b\u0259b olmadan polis i\u015f\u00e7il\u0259ri saxlad\u0131, bizi \u015f\u00f6b\u0259y\u0259 apard\u0131, biz\u0259 he\u00e7 n\u0259 deyilm\u0259di, indiy\u0259 kimi d\u0259 bilmir\u0259m ki, bizi niy\u0259 saxlay\u0131blar, m\u0259hk\u0259m\u0259 qar\u015f\u0131s\u0131na niy\u0259 \u00e7\u0131xar\u0131blar. Hakim elan etdi ki, m\u0259n v\u0259 s\u00fcr\u00fcc\u00fc il\u0259 ba\u011fl\u0131 polis t\u0259r\u0259find\u0259n \u0130nzibati X\u0259talar M\u0259c\u0259ll\u0259sinin 535.1 (Polisin qanuni t\u0259l\u0259bin\u0259 q\u0259sd\u0259n tabe olmamaq) madd\u0259si il\u0259 protokol t\u0259rtib olunub, i\u015f\u0259 d\u0259 h\u0259min protokol \u00fczr\u0259 bax\u0131r. Bildirdim ki, polisl\u0259r ma\u015f\u0131n\u0131 saxlayandan sonra s\u00fcr\u00fcc\u00fcd\u0259n birc\u0259 t\u0259l\u0259bl\u0259ri olub ki, s\u0259n\u0259dl\u0259ri t\u0259qdim el\u0259sin, o da ma\u015f\u0131ndan d\u00fc\u015f\u00fcb ki, t\u0259qdim el\u0259sin, ancaq s\u0259n\u0259dl\u0259ri t\u0259qdim etm\u0259mi\u015f i\u00e7\u0259risi polisl\u0259 dolu ikinci ma\u015f\u0131n g\u0259lib v\u0259 bizi g\u00f6t\u00fcr\u00fcb \u015f\u00f6b\u0259y\u0259 apar\u0131blar. Hakim hal \u015fahidl\u0259rini \u00e7a\u011f\u0131rd\u0131, m\u00fclki v\u0259t\u0259nda\u015flar olan hal \u015fahidl\u0259ri \u00fc\u00e7 n\u0259f\u0259r idi, ikisi \u00fcz\u00fcm\u0259 dayand\u0131 ki, \u201cb\u0259li, biz g\u00f6rd\u00fck, bu v\u0259t\u0259nda\u015f polis\u0259 tabe olmad\u0131, asayi\u015fi pozdu\u201d. \u00dc\u00e7\u00fcnc\u00fc hal \u015fahidi g\u0259l\u0259nd\u0259 hakim \u00fcz\u00fcn\u00fc Qiyas Behbudova tutub dedi ki, bu hal \u015fahidini indiy\u0259 kimi az\u0131 on i\u015f \u00fczr\u0259 dindirmi\u015f\u0259m, bu i\u015fd\u0259 d\u0259 dindirs\u0259m, lap a\u011f olar. Ona g\u00f6r\u0259 d\u0259 h\u0259min adam\u0131 dindirm\u0259di. G\u00f6y\u00e7ay Rayon Polis \u015e\u00f6b\u0259sinin \u00fc\u00e7 polis i\u015f\u00e7isi d\u0259 dindirdildi, \u00fc\u00e7\u00fc d\u0259 \u00fcz\u00fcm\u00fcz\u0259 dayand\u0131 ki, guya m\u0259n polisl\u0259r\u0259 m\u00fcqavim\u0259t g\u00f6st\u0259rmi\u015f\u0259m, t\u0259l\u0259bl\u0259rin\u0259 tabe olam\u0131\u015fam dey\u0259, onlar\u0131 \u0259lav\u0259 q\u00fcvv\u0259 kimi oraya \u00e7a\u011f\u0131r\u0131blar. Hakim\u0259 bildirdim ki, hal \u015fahidl\u0259ri d\u0259, bu polis i\u015f\u00e7il\u0259ri d\u0259 a\u011f yalan dan\u0131\u015f\u0131r. Polis ma\u015f\u0131n\u0131 bizi saxlayanda \u0259razid\u0259 he\u00e7 kim yox idi, yoldan ke\u00e7\u0259n, bizi g\u00f6r\u0259n d\u0259 yox idi, bu polisl\u0259rin \u201c\u0259lav\u0259 q\u00fcvv\u0259 kimi \u00e7a\u011f\u0131r\u0131\u015fa getdik\u201d dem\u0259l\u0259rin\u0259 g\u0259linc\u0259 is\u0259, bunlar\u0131 ora he\u00e7 kim \u00e7a\u011f\u0131rmad\u0131, bunlar el\u0259 haz\u0131r arxam\u0131zca g\u0259lirdil\u0259r, bizim ma\u015f\u0131n\u0131 saxlayan kimi, s\u00fcr\u00fcc\u00fc s\u0259n\u0259dl\u0259rini t\u0259qdim etm\u0259y\u0259 imkan tapmam\u0131\u015f \u201cNiva\u201d dayand\u0131, bunlar i\u00e7ind\u0259n t\u00f6k\u00fcl\u00fc\u015fd\u00fcl\u0259r. T\u0259l\u0259b etdim ki, yol polisi ma\u015f\u0131n\u0131n\u0131n kameras\u0131n\u0131n yadda\u015f\u0131ndak\u0131 g\u00f6r\u00fcnt\u00fcl\u0259r m\u0259hk\u0259m\u0259y\u0259 t\u0259qdim olunsun. Hakim m\u0259ni dinl\u0259m\u0259di, durub zaldan \u00e7\u0131xd\u0131, 10 d\u0259qiq\u0259d\u0259n sonra qay\u0131d\u0131b 15 sutka h\u0259bs c\u0259zas\u0131n\u0131 elan etdi v\u0259 yen\u0259 d\u0259 m\u0259nim kameran\u0131n yadda\u015f\u0131na bax\u0131\u015f ke\u00e7irilm\u0259si il\u0259 ba\u011fl\u0131 t\u0259l\u0259bim havada qald\u0131\u201d, &#8211; \u015fikay\u0259t\u00e7i deyir.\n<\/p>\n<figure class=\"wp-block-image size-large\">\n  <img decoding=\"async\" src=\"https:\/\/www.meydan.tv\/az\/untitled-design-4-png-7\/\" alt=\"Untitled design (4).png\" class=\"wp-image-147164\"\/><figcaption>\n    G\u00f6y\u00e7ay Rayon M\u0259hk\u0259m\u0259sin\u0259 \u015fikay\u0259t<br \/>\n  <\/figcaption><\/figure>\n<p>\n  <b><br \/>\n    \u201cD\u00f6y\u00fcl\u0259nd\u0259 bildim ki, sifari\u015f ba\u015f\u00e7\u0131dan g\u0259lib\u201d<br \/>\n  <\/b>\n<\/p>\n<p>\n  \u018fhliman \u018fliyevin s\u00f6zl\u0259rin\u0259 g\u00f6r\u0259, m\u0259hk\u0259m\u0259d\u0259n G\u00f6y\u00e7ay Rayon Polis \u015e\u00f6b\u0259sin\u0259 qaytar\u0131l\u0131b, h\u0259r \u015fey d\u0259 bundan sonra ba\u015flay\u0131b:\n<\/p>\n<p>\n  \u201cAx\u015fam bir polis serjant\u0131 g\u0259ldi ki, dur, yuxar\u0131 m\u0259rt\u0259b\u0259y\u0259 \u00e7\u0131x\u0131r\u0131q. Dedim, m\u0259ni m\u0259hk\u0259m\u0259 m\u0259hkum edib, m\u0259n \u018fdliyy\u0259 Nazirliyinin m\u0259hbusuyam. M\u0259nim polis \u015f\u00f6b\u0259sind\u0259ki otaqlarda n\u0259 i\u015fim var? M\u0259ni yuxar\u0131 \u2013 r\u0259is m\u00fcavini F\u0259xri Aslanovun ota\u011f\u0131na apard\u0131, otaqda F\u0259xri Aslanovla \u0130lyas Behbudov v\u0259 bir ne\u00e7\u0259 polis i\u015f\u00e7isi vard\u0131. F\u0259xri Aslanov birba\u015fa s\u00f6z\u0259 ke\u00e7di. Dedi: \u201cS\u0259n qudurmusan ki, orda-burda Mehdi S\u0259limzad\u0259d\u0259n yaz\u0131rsan?\u201d Onda anlad\u0131m ki, h\u0259, s\u00f6hb\u0259t bu imi\u015f. Dem\u0259li, m\u0259n ne\u00e7\u0259 vaxt idi ki, icra ba\u015f\u00e7\u0131s\u0131n\u0131n qanunsuz \u0259m\u0259ll\u0259ri il\u0259 ba\u011fl\u0131 prezident\u0259 yaz\u0131rd\u0131m, yazd\u0131qlar\u0131ma cavab g\u0259lm\u0259diyi \u00fc\u00e7\u00fcn ba\u015f\u00e7\u0131dan sosial \u015f\u0259b\u0259k\u0259l\u0259rd\u0259 d\u0259 yaz\u0131rd\u0131m. Bunlar\u0131n da s\u0259n dem\u0259 d\u0259rdi, azar\u0131 bu imi\u015f&#8230; Anlad\u0131m ki, ba\u015f\u00e7\u0131 m\u0259ni polis r\u0259isin\u0259 v\u0259 hakim\u0259 sifari\u015f edib, polis tutub, hakim 15 sutkal\u0131q c\u0259za k\u0259sib ki, 15 sutka \u0259rzind\u0259 polis m\u0259ni rahat \u015f\u0259kild\u0259 \u201ca\u011f\u0131lland\u0131rs\u0131n\u201d. M\u0259ni iki saata yax\u0131n d\u00f6yd\u00fcl\u0259r, polisl\u0259r qollar\u0131m\u0131 ba\u011flay\u0131b yer\u0259 y\u0131xd\u0131, F\u0259xri Aslanovla Qiyas Behbudov t\u0259pikl\u0259, dubinkayla ayaqlar\u0131ma, b\u00f6yr\u0259kl\u0259rim\u0259 vurdu. Sonra da m\u0259ni t\u0259hqiramiz \u015f\u0259kild\u0259 telefonla \u00e7\u0259kdil\u0259r. Hals\u0131z v\u0259ziyy\u0259td\u0259 apar\u0131b KPZ-y\u0259 atd\u0131lar\u201d.\n<\/p>\n<p>\n  <b><br \/>\n    \u201cM\u0259ni a\u015fa\u011f\u0131lay\u0131b, telefonun kameras\u0131na \u00e7\u0259kdil\u0259r\u201d<br \/>\n  <\/b>\n<\/p>\n<p>\n  \u018fhliman \u018fliyev deyir, n\u00f6vb\u0259ti g\u00fcn ax\u015fam saatlar\u0131nda yen\u0259 eyni v\u0259ziyy\u0259t t\u0259krar olunub. Onu KPZ-d\u0259n \u00e7\u0131xararaq F\u0259xri Aslanovun ota\u011f\u0131na apar\u0131blar, F\u0259xri Aslanovla Qiyas Behbudov yer\u0259 y\u0131xaraq d\u00f6y\u00fcbl\u0259r, telefonun kameras\u0131na \u00e7\u0259kibl\u0259r:\n<\/p>\n<p>\n  \u201c15 g\u00fcn orda qald\u0131m, 3 d\u0259f\u0259 bel\u0259 m\u00f6hk\u0259m d\u00f6y\u00fcld\u00fcm, sonra da t\u0259hqiredici formada videoya \u00e7\u0259kildim. \u0130yunun 23-d\u0259 15 sutka tamam oldu, \u015f\u00f6b\u0259d\u0259n burax\u0131landa F\u0259xri Aslanov dedi, get, bundan sonra q\u0259l\u0259tini el\u0259, ba\u015f\u0131n\u0131 da\u015fa d\u00f6y, yazanda bir qar\u015f\u0131ndak\u0131 adam\u0131na bax, g\u00f6r kimd\u0259n yaz\u0131rsan, n\u0259 yaz\u0131rsan\u201d.\n<\/p>\n<p>\n  <b><br \/>\n    \u201c\u015eantaj v\u0259 h\u0259d\u0259l\u0259r davam edir\u201d<br \/>\n  <\/b>\n<\/p>\n<p>\n  \u015e\u00f6b\u0259d\u0259n burax\u0131landan sonra \u018fhliman \u018fliyev G\u00f6y\u00e7ay Rayon M\u0259hk\u0259m\u0259sinin q\u0259rar\u0131ndan \u015e\u0259ki Apelyasiya M\u0259hk\u0259m\u0259sin\u0259 \u015fikay\u0259t edib:\n<\/p>\n<p>\n  \u201c\u015e\u0259ki Apelyasiya M\u0259hk\u0259m\u0259sind\u0259 d\u0259 t\u0259l\u0259b etdim ki, saxlan\u0131lan anda yol polisi ma\u015f\u0131n\u0131n\u0131n kameras\u0131na d\u00fc\u015f\u0259n g\u00f6r\u00fcnt\u00fcl\u0259r\u0259 bax\u0131ls\u0131n, yen\u0259 hakim qulaqard\u0131na vurdu. Birinci m\u0259hk\u0259m\u0259nin q\u0259rar\u0131n\u0131 q\u00fcvv\u0259d\u0259 saxlad\u0131. Ancaq 15 sutkal\u0131q h\u0259bsd\u0259 saxlan\u0131lark\u0259n polis \u015f\u00f6b\u0259sind\u0259 d\u0259f\u0259l\u0259rl\u0259 d\u00f6y\u00fclm\u0259yim, t\u0259hqir olunma\u011f\u0131m v\u0259 videoya \u00e7\u0259kilm\u0259yiml\u0259 ba\u011fl\u0131 m\u0259hk\u0259m\u0259y\u0259 dedikl\u0259rimin ara\u015fd\u0131r\u0131lmas\u0131 \u00fc\u00e7\u00fcn material\u0131 G\u00f6y\u00e7ay Rayon Prokurorlu\u011funa g\u00f6nd\u0259rdi. Bundan x\u0259b\u0259r tutan F\u0259xri Aslanov 1 h\u0259ft\u0259 \u0259vv\u0259l m\u0259ni yan\u0131na \u00e7a\u011f\u0131r\u0131b h\u0259d\u0259l\u0259di, dedi: \u201cBizd\u0259n \u015fikay\u0259t el\u0259mis\u0259n, yen\u0259 g\u0259lib \u0259limiz\u0259 d\u00fc\u015f\u0259c\u0259ks\u0259n. Ba\u015f\u00e7\u0131n\u0131n ail\u0259sind\u0259 \u00fc\u00e7 general var, Daxili i\u015fl\u0259r naziri Vilay\u0259t Eyvazov da qohumudur. Bir z\u0259ngi il\u0259 s\u0259ni m\u0259hv ed\u0259r, k\u00f6m\u0259yin\u0259 dad\u0131na \u0130lham \u018fliyev d\u0259 yeti\u015fm\u0259z\u201d. \u0130ndi m\u0259n evd\u0259n \u00e7\u00f6l\u0259 \u00e7\u0131xa bilmir\u0259m ki, \u015f\u0259rl\u0259yib, tutub yen\u0259 apar\u0131b salacaqlar \u015f\u00f6b\u0259y\u0259. \u015e\u00f6b\u0259d\u0259 t\u0259hqiredici formada g\u00f6r\u00fcnt\u00fcl\u0259rimi \u00e7\u0259kibl\u0259r, F\u0259xri Aslanov g\u00f6r\u00fcnt\u00fcl\u0259ri sosial \u015f\u0259b\u0259k\u0259l\u0259rd\u0259 yayaca\u011f\u0131 il\u0259 \u015fantaj edir. Bizim ail\u0259mizin rayonda h\u00f6rm\u0259ti var, h\u0259r\u0259nin \u00f6z\u00fcn\u0259 g\u00f6r\u0259 m\u0259nliyi var, polis niy\u0259 v\u0259t\u0259nda\u015f\u0131n m\u0259nliyini bu \u015f\u0259kild\u0259 al\u00e7altmal\u0131d\u0131r, niy\u0259 \u015fantaj alt\u0131nda saxlamal\u0131d\u0131r? Evd\u0259 x\u0259st\u0259 valideynl\u0259rim var, d\u00fc\u015f\u00fcnm\u00fcrl\u0259r ki, bu iyr\u0259nc \u0259m\u0259ll\u0259ri il\u0259 x\u0259st\u0259 insanlar\u0131n faci\u0259sin\u0259 s\u0259b\u0259b ola bil\u0259rl\u0259r? M\u0259ni polis\u0259 aparandan sonra ail\u0259m\u0259 m\u0259lumat verilm\u0259mi\u015fdi, atam d\u0259f\u0259l\u0259rl\u0259 D\u0130N 102 xidm\u0259tin\u0259 z\u0259ng vurub, 2 g\u00fcn sonra ail\u0259miz\u0259 deyibl\u0259r ki, 15 sutkal\u0131q h\u0259bsd\u0259y\u0259m, polis \u015f\u00f6b\u0259sind\u0259 saxlan\u0131l\u0131ram. O iki g\u00fcn\u00fcn i\u00e7ind\u0259 yerim b\u0259lli olanad\u0259k ail\u0259m, valideynl\u0259rim d\u0259rin stress, h\u0259y\u0259can, qorxu ya\u015fay\u0131b\u201d.\n<\/p>\n<p>\n  <b><br \/>\n    Ba\u015f\u00e7\u0131 bu v\u0259t\u0259nda\u015f\u0131 m\u0259hk\u0259m\u0259y\u0259 veribmi\u015f<br \/>\n  <\/b>\n<\/p>\n<p>\n  Bu ilin may ay\u0131nda G\u00f6y\u00e7ay\u0131n \u0130cra Hakimiyy\u0259tinin ba\u015f\u00e7\u0131s\u0131 Mehdi S\u0259limzad\u0259 \u018fhliman \u018fliyevi \u201cFacebook\u201d \u015f\u0259b\u0259k\u0259sind\u0259 DTX r\u0259isi \u018fli Na\u011f\u0131yev\u0259, prezident\u0259 v\u0259 vitse-prezident\u0259 ayr\u0131-ayr\u0131l\u0131qda bir ne\u00e7\u0259 d\u0259f\u0259 m\u00fcraci\u0259t payla\u015fd\u0131\u011f\u0131na g\u00f6r\u0259 x\u00fcsusi ittiham qaydas\u0131nda m\u0259hk\u0259m\u0259y\u0259 verib. Ba\u015f\u00e7\u0131 t\u0259l\u0259bini bel\u0259 \u0259sasland\u0131r\u0131b ki, \u018fhliman \u018fliyev sosial \u015f\u0259b\u0259k\u0259d\u0259 \u201cba\u015f\u00e7\u0131 xalqa qan uddurur\u201d, \u201cxalq\u0131 qara maskal\u0131larla h\u0259d\u0259l\u0259yir\u201d, \u201cehtiyacl\u0131 ail\u0259l\u0259r\u0259 \u00e7atacaq yard\u0131mlar\u0131 sifari\u015fl\u0259 imkanl\u0131 adamlara paylay\u0131r\u201d, \u201crayonun m\u0259rk\u0259zind\u0259 ya\u015f\u0131ll\u0131qlar\u0131 m\u0259hv ed\u0259r\u0259k yeri sat\u0131r\u201d kimi m\u0259lumatlar yaymaqla ona b\u00f6htan at\u0131b, \u015f\u0259r\u0259f v\u0259 l\u0259yaq\u0259tini al\u00e7ald\u0131b, n\u00fcfuzuna x\u0259l\u0259l g\u0259tirib. \u018fhliman \u018fliyev deyir, \u015e\u0259lki Apelyasiya M\u0259hk\u0259m\u0259sin\u0259 m\u00fcraci\u0259t ed\u0259r\u0259k ba\u015f\u00e7\u0131n\u0131n \u015fikay\u0259tin\u0259 G\u00f6y\u00e7ay Rayon M\u0259hk\u0259m\u0259si t\u0259r\u0259find\u0259n bax\u0131lmas\u0131na etiraz edib, \u015fikay\u0259t\u0259 ba\u015fqa rayon m\u0259hk\u0259m\u0259sind\u0259 bax\u0131lmas\u0131n\u0131 ist\u0259yib. Bundan sonra ba\u015f\u00e7\u0131 \u00f6z \u015fikay\u0259tini geri g\u00f6t\u00fcr\u00fcb.\n<\/p>\n<figure class=\"wp-block-image size-large\">\n  <img decoding=\"async\" src=\"https:\/\/www.meydan.tv\/az\/untitled-design-5-png-3\/\" alt=\"Untitled design (5).png\" class=\"wp-image-147167\"\/><figcaption>\n    M\u0259hk\u0259m\u0259y\u0259 etiraz<br \/>\n  <\/figcaption><\/figure>\n<p>\n  <b><br \/>\n    \u201c\u015eikay\u0259tini geri \u00e7\u0259kdi, polisin \u0259liyl\u0259 \u201cc\u0259zaland\u0131rd\u0131\u201d<br \/>\n  <\/b>\n<\/p>\n<p>\n  \u201cAncaq ba\u015f\u00e7\u0131n\u0131n bununla \u00fcr\u0259yi soyumad\u0131, siz\u0259 yuxar\u0131da dan\u0131\u015fd\u0131\u011f\u0131m kimi, m\u0259ni polisin \u0259liyl\u0259 \u201cc\u0259zaland\u0131rmaq\u201d ist\u0259di, bir ne\u00e7\u0259 g\u00fcnd\u0259n sonra i\u00e7\u0259risind\u0259 oldu\u011fum ma\u015f\u0131n\u0131 saxlad\u0131lar v\u0259 gerisini art\u0131q bilirsiz. Yeri g\u0259lmi\u015fk\u0259n, iyun ay\u0131nda bar\u0259md\u0259ki 15 sutkal\u0131q h\u0259bsi d\u0259 el\u0259 \u015e\u0259ki Apelyasiya M\u0259hk\u0259m\u0259sin\u0259 may ay\u0131nda bar\u0259sind\u0259 etiraz yazd\u0131\u011f\u0131m G\u00f6y\u00e7ay m\u0259hk\u0259m\u0259sinin hakimi \u0130brahim F\u0259ttahov \u00e7\u0131xartd\u0131. Y\u0259ni bu boyda \u00f6zba\u015f\u0131nal\u0131q, qanunsuzluq ba\u015f verdi, m\u0259n\u0259 qar\u015f\u0131 h\u0259d\u0259l\u0259r, t\u0259zyiql\u0259r h\u0259l\u0259 d\u0259 davam edir. Buradan Daxili i\u015fl\u0259r naziri, genaral Vilay\u0259t Eyvazova m\u00fcraci\u0259t edir\u0259m. Nazird\u0259n G\u00f6y\u00e7ay polisind\u0259 m\u0259niml\u0259 ba\u011fl\u0131 ba\u015f ver\u0259nl\u0259rin ara\u015fd\u0131r\u0131lmas\u0131n\u0131, m\u0259n\u0259 qar\u015f\u0131 v\u0259h\u015filik etmi\u015f v\u0259 h\u0259l\u0259 d\u0259 \u015fantaj, h\u0259d\u0259-qorxu g\u0259lm\u0259kd\u0259 davam ed\u0259n r\u0259is m\u00fcavini F\u0259xri Aslanovun, Qiyas Behbudovun qanun qar\u015f\u0131s\u0131nda c\u0259zaland\u0131r\u0131lmas\u0131n\u0131 xahi\u015f edir\u0259m\u201d.\n<\/p>\n<p>\n  \u018fhliman \u018fliyev deyir, onunla birlikd\u0259 saxlan\u0131lm\u0131\u015f v\u0259 eyni madd\u0259yl\u0259 15 sutkal\u0131q h\u0259bs c\u0259zas\u0131 k\u0259silmi\u015f Hac\u0131qulu Q\u0259dirov da \u015f\u00f6b\u0259d\u0259 d\u00f6y\u00fcl\u00fcb, h\u0259bs c\u0259zas\u0131 ba\u015fa \u00e7atd\u0131qdan sonra m\u0259hk\u0259m\u0259 q\u0259rar\u0131ndan \u015e\u0259ki Apelyasiya M\u0259hk\u0259m\u0259sin\u0259 \u015fikay\u0259t vers\u0259 d\u0259, t\u0259min olunmay\u0131b.\n<\/p>\n<p>\n  G\u00f6y\u00e7ay Rayon Polis \u015e\u00f6b\u0259sind\u0259n bildirilib ki, iyunun 8-d\u0259 saat 20 rad\u0259l\u0259rind\u0259 G\u00f6y\u00e7ay \u015f\u0259h\u0259ri, F\u00fczuli k\u00fc\u00e7\u0259sind\u0259 \u201cVAZ 2106\u201d markal\u0131, \u201c23 BG 535\u201d d\u00f6vl\u0259t qeydiyyat ni\u015fanl\u0131 avtomobilin s\u00fcr\u00fcc\u00fcs\u00fc Hac\u0131qulu Q\u0259dirov t\u0259hl\u00fck\u0259sizlik k\u0259m\u0259rind\u0259n istifad\u0259 etm\u0259diyin\u0259 g\u00f6r\u0259 YPX \u0259m\u0259kda\u015flar\u0131 t\u0259r\u0259find\u0259n saxlan\u0131l\u0131b. Ara\u015fd\u0131rma zaman\u0131 Hac\u0131qulu Q\u0259dirovun h\u0259min n\u0259qliyyat vasit\u0259sini idar\u0259 etm\u0259k h\u00fcququq olmad\u0131\u011f\u0131 \u00fcz\u0259 \u00e7\u0131x\u0131b. Yol polisi avtomobili m\u00fchafiz\u0259 olunan duraca\u011fa aparmaq ist\u0259y\u0259nd\u0259 Hac\u0131qulu Q\u0259dirov v\u0259 \u018fhliman \u018fliyev mane olub, buna g\u00f6r\u0259 d\u0259 h\u0259r ikisi G\u00f6y\u00e7ay Rayon Polis \u015e\u00f6b\u0259sin\u0259 g\u0259tiril\u0259r\u0259k bar\u0259l\u0259rind\u0259 protokol t\u0259rtib olunub, m\u0259hk\u0259m\u0259y\u0259 g\u00f6nd\u0259rilib. N\u0259 \u018fhliman \u018fliyev\u0259, n\u0259 d\u0259 Hac\u0131qulu Q\u0259dirova qar\u015f\u0131 polis \u015f\u00f6b\u0259sind\u0259 fiziki zor t\u0259tbiq olunmay\u0131b, h\u0259r hans\u0131 a\u015fa\u011f\u0131lay\u0131c\u0131 h\u0259r\u0259k\u0259t\u0259 yol verilm\u0259yib, h\u0259r hans\u0131 \u00e7\u0259kili\u015f apar\u0131lmay\u0131b.\n<\/p>\n<p>\n  Meydan TV m\u00fcxbiri G\u00f6y\u00e7ay Rayon \u0130cra Hakimiyy\u0259tind\u0259n m\u0259s\u0259l\u0259y\u0259 m\u00fcnasib\u0259t \u00f6yr\u0259n\u0259 bilm\u0259yib.<\/p>\n","protected":false},"excerpt":{"rendered":"<p>\u201cAncaq ba\u015f\u00e7\u0131n\u0131n bununla \u00fcr\u0259yi soyumad\u0131, siz\u0259 yuxar\u0131da dan\u0131\u015fd\u0131\u011f\u0131m kimi, m\u0259ni polisin \u0259liyl\u0259 \u201cc\u0259zaland\u0131rmaq\u201d ist\u0259di, bir ne\u00e7\u0259 g\u00fcnd\u0259n sonra i\u00e7\u0259risind\u0259 oldu\u011fum ma\u015f\u0131n\u0131 saxlad\u0131lar v\u0259 gerisini art\u0131q bilirsiz&#8221;.<\/p>\n","protected":false},"author":11,"featured_media":147158,"comment_status":"closed","ping_status":"open","sticky":false,"template":"","format":"standard","meta":{"_acf_changed":false,"_sitemap_exclude":false,"_sitemap_priority":"","_sitemap_frequency":"","footnotes":""},"categories":[60],"tags":[],"class_list":["post-202293","post","type-post","status-publish","format-standard","has-post-thumbnail","hentry","category-bolge","infinite-scroll-item","generate-columns","tablet-grid-50","mobile-grid-100","grid-parent","grid-33","no-featured-image-padding"],"acf":[],"yoast_head":"<!-- This site is optimized with the Yoast SEO plugin v27.5 - https:\/\/yoast.com\/product\/yoast-seo-wordpress\/ -->\n<title>G\u00f6y\u00e7ay sakini: M\u0259ni polis \u015f\u00f6b\u0259sind\u0259 d\u00f6y\u00fcb videoya \u00e7\u0259kdil\u0259r, indi d\u0259 \u015fantaj edirl\u0259r - MEYDAN.TV<\/title>\n<meta name=\"robots\" content=\"index, follow, max-snippet:-1, max-image-preview:large, max-video-preview:-1\" \/>\n<link rel=\"canonical\" href=\"https:\/\/www.meydan.tv\/az\/article\/goycay-sakini-meni-polis-sobesinde-doyub-videoya-cekdiler-indi-de-santaj-edirler\/\" \/>\n<meta property=\"og:locale\" content=\"az_AZ\" \/>\n<meta property=\"og:type\" content=\"article\" \/>\n<meta property=\"og:title\" content=\"G\u00f6y\u00e7ay sakini: M\u0259ni polis \u015f\u00f6b\u0259sind\u0259 d\u00f6y\u00fcb videoya \u00e7\u0259kdil\u0259r, indi d\u0259 \u015fantaj edirl\u0259r - MEYDAN.TV\" \/>\n<meta property=\"og:description\" content=\"\u201cAncaq ba\u015f\u00e7\u0131n\u0131n bununla \u00fcr\u0259yi soyumad\u0131, siz\u0259 yuxar\u0131da dan\u0131\u015fd\u0131\u011f\u0131m kimi, m\u0259ni polisin \u0259liyl\u0259 \u201cc\u0259zaland\u0131rmaq\u201d ist\u0259di, bir ne\u00e7\u0259 g\u00fcnd\u0259n sonra i\u00e7\u0259risind\u0259 oldu\u011fum ma\u015f\u0131n\u0131 saxlad\u0131lar v\u0259 gerisini art\u0131q bilirsiz&quot;.\" \/>\n<meta property=\"og:url\" content=\"https:\/\/www.meydan.tv\/az\/article\/goycay-sakini-meni-polis-sobesinde-doyub-videoya-cekdiler-indi-de-santaj-edirler\/\" \/>\n<meta property=\"og:site_name\" content=\"MEYDAN.TV\" \/>\n<meta property=\"article:published_time\" content=\"2020-09-06T21:40:26+00:00\" \/>\n<meta property=\"og:image\" content=\"https:\/\/www.meydan.tv\/wp-content\/uploads\/untitled_design_1_5ilgu6o.png\" \/>\n\t<meta property=\"og:image:width\" content=\"1280\" \/>\n\t<meta property=\"og:image:height\" content=\"720\" \/>\n\t<meta property=\"og:image:type\" content=\"image\/png\" \/>\n<meta name=\"author\" content=\"user-manager\" \/>\n<meta name=\"twitter:card\" content=\"summary_large_image\" \/>\n<script type=\"application\/ld+json\" class=\"yoast-schema-graph\">{\"@context\":\"https:\\\/\\\/schema.org\",\"@graph\":[{\"@type\":\"Article\",\"@id\":\"https:\\\/\\\/www.meydan.tv\\\/az\\\/article\\\/goycay-sakini-meni-polis-sobesinde-doyub-videoya-cekdiler-indi-de-santaj-edirler\\\/#article\",\"isPartOf\":{\"@id\":\"https:\\\/\\\/www.meydan.tv\\\/az\\\/article\\\/goycay-sakini-meni-polis-sobesinde-doyub-videoya-cekdiler-indi-de-santaj-edirler\\\/\"},\"author\":{\"name\":\"user-manager\",\"@id\":\"https:\\\/\\\/www.meydan.tv\\\/az\\\/#\\\/schema\\\/person\\\/10d11eccf6da3662cf5fdab9806ea91a\"},\"headline\":\"G\u00f6y\u00e7ay sakini: M\u0259ni polis \u015f\u00f6b\u0259sind\u0259 d\u00f6y\u00fcb videoya \u00e7\u0259kdil\u0259r, indi d\u0259 \u015fantaj edirl\u0259r\",\"datePublished\":\"2020-09-06T21:40:26+00:00\",\"mainEntityOfPage\":{\"@id\":\"https:\\\/\\\/www.meydan.tv\\\/az\\\/article\\\/goycay-sakini-meni-polis-sobesinde-doyub-videoya-cekdiler-indi-de-santaj-edirler\\\/\"},\"wordCount\":2422,\"publisher\":{\"@id\":\"https:\\\/\\\/www.meydan.tv\\\/az\\\/#organization\"},\"image\":{\"@id\":\"https:\\\/\\\/www.meydan.tv\\\/az\\\/article\\\/goycay-sakini-meni-polis-sobesinde-doyub-videoya-cekdiler-indi-de-santaj-edirler\\\/#primaryimage\"},\"thumbnailUrl\":\"https:\\\/\\\/www.meydan.tv\\\/wp-content\\\/uploads\\\/untitled_design_1_5ilgu6o.png\",\"articleSection\":[\"B\u00f6lg\u0259\"],\"inLanguage\":\"az\"},{\"@type\":\"WebPage\",\"@id\":\"https:\\\/\\\/www.meydan.tv\\\/az\\\/article\\\/goycay-sakini-meni-polis-sobesinde-doyub-videoya-cekdiler-indi-de-santaj-edirler\\\/\",\"url\":\"https:\\\/\\\/www.meydan.tv\\\/az\\\/article\\\/goycay-sakini-meni-polis-sobesinde-doyub-videoya-cekdiler-indi-de-santaj-edirler\\\/\",\"name\":\"G\u00f6y\u00e7ay sakini: M\u0259ni polis \u015f\u00f6b\u0259sind\u0259 d\u00f6y\u00fcb videoya \u00e7\u0259kdil\u0259r, indi d\u0259 \u015fantaj edirl\u0259r - MEYDAN.TV\",\"isPartOf\":{\"@id\":\"https:\\\/\\\/www.meydan.tv\\\/az\\\/#website\"},\"primaryImageOfPage\":{\"@id\":\"https:\\\/\\\/www.meydan.tv\\\/az\\\/article\\\/goycay-sakini-meni-polis-sobesinde-doyub-videoya-cekdiler-indi-de-santaj-edirler\\\/#primaryimage\"},\"image\":{\"@id\":\"https:\\\/\\\/www.meydan.tv\\\/az\\\/article\\\/goycay-sakini-meni-polis-sobesinde-doyub-videoya-cekdiler-indi-de-santaj-edirler\\\/#primaryimage\"},\"thumbnailUrl\":\"https:\\\/\\\/www.meydan.tv\\\/wp-content\\\/uploads\\\/untitled_design_1_5ilgu6o.png\",\"datePublished\":\"2020-09-06T21:40:26+00:00\",\"breadcrumb\":{\"@id\":\"https:\\\/\\\/www.meydan.tv\\\/az\\\/article\\\/goycay-sakini-meni-polis-sobesinde-doyub-videoya-cekdiler-indi-de-santaj-edirler\\\/#breadcrumb\"},\"inLanguage\":\"az\",\"potentialAction\":[{\"@type\":\"ReadAction\",\"target\":[\"https:\\\/\\\/www.meydan.tv\\\/az\\\/article\\\/goycay-sakini-meni-polis-sobesinde-doyub-videoya-cekdiler-indi-de-santaj-edirler\\\/\"]}]},{\"@type\":\"ImageObject\",\"inLanguage\":\"az\",\"@id\":\"https:\\\/\\\/www.meydan.tv\\\/az\\\/article\\\/goycay-sakini-meni-polis-sobesinde-doyub-videoya-cekdiler-indi-de-santaj-edirler\\\/#primaryimage\",\"url\":\"https:\\\/\\\/www.meydan.tv\\\/wp-content\\\/uploads\\\/untitled_design_1_5ilgu6o.png\",\"contentUrl\":\"https:\\\/\\\/www.meydan.tv\\\/wp-content\\\/uploads\\\/untitled_design_1_5ilgu6o.png\",\"width\":1280,\"height\":720,\"caption\":\"Source: Specify Source\"},{\"@type\":\"BreadcrumbList\",\"@id\":\"https:\\\/\\\/www.meydan.tv\\\/az\\\/article\\\/goycay-sakini-meni-polis-sobesinde-doyub-videoya-cekdiler-indi-de-santaj-edirler\\\/#breadcrumb\",\"itemListElement\":[{\"@type\":\"ListItem\",\"position\":1,\"name\":\"Ana s\u0259hif\u0259\",\"item\":\"https:\\\/\\\/www.meydan.tv\\\/az\\\/\"},{\"@type\":\"ListItem\",\"position\":2,\"name\":\"B\u00f6lg\u0259\",\"item\":\"https:\\\/\\\/www.meydan.tv\\\/az\\\/section\\\/bolge\\\/\"},{\"@type\":\"ListItem\",\"position\":3,\"name\":\"G\u00f6y\u00e7ay sakini: M\u0259ni polis \u015f\u00f6b\u0259sind\u0259 d\u00f6y\u00fcb videoya \u00e7\u0259kdil\u0259r, indi d\u0259 \u015fantaj edirl\u0259r\"}]},{\"@type\":\"WebSite\",\"@id\":\"https:\\\/\\\/www.meydan.tv\\\/az\\\/#website\",\"url\":\"https:\\\/\\\/www.meydan.tv\\\/az\\\/\",\"name\":\"MEYDAN.TV\",\"description\":\"Meydan TV Az\u0259rbaycan\u0131n media m\u0259kan\u0131ndak\u0131 alternativ s\u0259sidir\",\"publisher\":{\"@id\":\"https:\\\/\\\/www.meydan.tv\\\/az\\\/#organization\"},\"potentialAction\":[{\"@type\":\"SearchAction\",\"target\":{\"@type\":\"EntryPoint\",\"urlTemplate\":\"https:\\\/\\\/www.meydan.tv\\\/az\\\/?s={search_term_string}\"},\"query-input\":{\"@type\":\"PropertyValueSpecification\",\"valueRequired\":true,\"valueName\":\"search_term_string\"}}],\"inLanguage\":\"az\"},{\"@type\":\"Organization\",\"@id\":\"https:\\\/\\\/www.meydan.tv\\\/az\\\/#organization\",\"name\":\"Meydan TV\",\"url\":\"https:\\\/\\\/www.meydan.tv\\\/az\\\/\",\"logo\":{\"@type\":\"ImageObject\",\"inLanguage\":\"az\",\"@id\":\"https:\\\/\\\/www.meydan.tv\\\/az\\\/#\\\/schema\\\/logo\\\/image\\\/\",\"url\":\"https:\\\/\\\/www.meydan.tv\\\/wp-content\\\/uploads\\\/2021\\\/07\\\/meydan-logo.svg\",\"contentUrl\":\"https:\\\/\\\/www.meydan.tv\\\/wp-content\\\/uploads\\\/2021\\\/07\\\/meydan-logo.svg\",\"width\":195,\"height\":46,\"caption\":\"Meydan TV\"},\"image\":{\"@id\":\"https:\\\/\\\/www.meydan.tv\\\/az\\\/#\\\/schema\\\/logo\\\/image\\\/\"}},{\"@type\":\"Person\",\"@id\":\"https:\\\/\\\/www.meydan.tv\\\/az\\\/#\\\/schema\\\/person\\\/10d11eccf6da3662cf5fdab9806ea91a\",\"name\":\"user-manager\"}]}<\/script>\n<!-- \/ Yoast SEO plugin. -->","yoast_head_json":{"title":"G\u00f6y\u00e7ay sakini: M\u0259ni polis \u015f\u00f6b\u0259sind\u0259 d\u00f6y\u00fcb videoya \u00e7\u0259kdil\u0259r, indi d\u0259 \u015fantaj edirl\u0259r - MEYDAN.TV","robots":{"index":"index","follow":"follow","max-snippet":"max-snippet:-1","max-image-preview":"max-image-preview:large","max-video-preview":"max-video-preview:-1"},"canonical":"https:\/\/www.meydan.tv\/az\/article\/goycay-sakini-meni-polis-sobesinde-doyub-videoya-cekdiler-indi-de-santaj-edirler\/","og_locale":"az_AZ","og_type":"article","og_title":"G\u00f6y\u00e7ay sakini: M\u0259ni polis \u015f\u00f6b\u0259sind\u0259 d\u00f6y\u00fcb videoya \u00e7\u0259kdil\u0259r, indi d\u0259 \u015fantaj edirl\u0259r - MEYDAN.TV","og_description":"\u201cAncaq ba\u015f\u00e7\u0131n\u0131n bununla \u00fcr\u0259yi soyumad\u0131, siz\u0259 yuxar\u0131da dan\u0131\u015fd\u0131\u011f\u0131m kimi, m\u0259ni polisin \u0259liyl\u0259 \u201cc\u0259zaland\u0131rmaq\u201d ist\u0259di, bir ne\u00e7\u0259 g\u00fcnd\u0259n sonra i\u00e7\u0259risind\u0259 oldu\u011fum ma\u015f\u0131n\u0131 saxlad\u0131lar v\u0259 gerisini art\u0131q bilirsiz\".","og_url":"https:\/\/www.meydan.tv\/az\/article\/goycay-sakini-meni-polis-sobesinde-doyub-videoya-cekdiler-indi-de-santaj-edirler\/","og_site_name":"MEYDAN.TV","article_published_time":"2020-09-06T21:40:26+00:00","og_image":[{"width":1280,"height":720,"url":"https:\/\/www.meydan.tv\/wp-content\/uploads\/untitled_design_1_5ilgu6o.png","type":"image\/png"}],"author":"user-manager","twitter_card":"summary_large_image","schema":{"@context":"https:\/\/schema.org","@graph":[{"@type":"Article","@id":"https:\/\/www.meydan.tv\/az\/article\/goycay-sakini-meni-polis-sobesinde-doyub-videoya-cekdiler-indi-de-santaj-edirler\/#article","isPartOf":{"@id":"https:\/\/www.meydan.tv\/az\/article\/goycay-sakini-meni-polis-sobesinde-doyub-videoya-cekdiler-indi-de-santaj-edirler\/"},"author":{"name":"user-manager","@id":"https:\/\/www.meydan.tv\/az\/#\/schema\/person\/10d11eccf6da3662cf5fdab9806ea91a"},"headline":"G\u00f6y\u00e7ay sakini: M\u0259ni polis \u015f\u00f6b\u0259sind\u0259 d\u00f6y\u00fcb videoya \u00e7\u0259kdil\u0259r, indi d\u0259 \u015fantaj edirl\u0259r","datePublished":"2020-09-06T21:40:26+00:00","mainEntityOfPage":{"@id":"https:\/\/www.meydan.tv\/az\/article\/goycay-sakini-meni-polis-sobesinde-doyub-videoya-cekdiler-indi-de-santaj-edirler\/"},"wordCount":2422,"publisher":{"@id":"https:\/\/www.meydan.tv\/az\/#organization"},"image":{"@id":"https:\/\/www.meydan.tv\/az\/article\/goycay-sakini-meni-polis-sobesinde-doyub-videoya-cekdiler-indi-de-santaj-edirler\/#primaryimage"},"thumbnailUrl":"https:\/\/www.meydan.tv\/wp-content\/uploads\/untitled_design_1_5ilgu6o.png","articleSection":["B\u00f6lg\u0259"],"inLanguage":"az"},{"@type":"WebPage","@id":"https:\/\/www.meydan.tv\/az\/article\/goycay-sakini-meni-polis-sobesinde-doyub-videoya-cekdiler-indi-de-santaj-edirler\/","url":"https:\/\/www.meydan.tv\/az\/article\/goycay-sakini-meni-polis-sobesinde-doyub-videoya-cekdiler-indi-de-santaj-edirler\/","name":"G\u00f6y\u00e7ay sakini: M\u0259ni polis \u015f\u00f6b\u0259sind\u0259 d\u00f6y\u00fcb videoya \u00e7\u0259kdil\u0259r, indi d\u0259 \u015fantaj edirl\u0259r - MEYDAN.TV","isPartOf":{"@id":"https:\/\/www.meydan.tv\/az\/#website"},"primaryImageOfPage":{"@id":"https:\/\/www.meydan.tv\/az\/article\/goycay-sakini-meni-polis-sobesinde-doyub-videoya-cekdiler-indi-de-santaj-edirler\/#primaryimage"},"image":{"@id":"https:\/\/www.meydan.tv\/az\/article\/goycay-sakini-meni-polis-sobesinde-doyub-videoya-cekdiler-indi-de-santaj-edirler\/#primaryimage"},"thumbnailUrl":"https:\/\/www.meydan.tv\/wp-content\/uploads\/untitled_design_1_5ilgu6o.png","datePublished":"2020-09-06T21:40:26+00:00","breadcrumb":{"@id":"https:\/\/www.meydan.tv\/az\/article\/goycay-sakini-meni-polis-sobesinde-doyub-videoya-cekdiler-indi-de-santaj-edirler\/#breadcrumb"},"inLanguage":"az","potentialAction":[{"@type":"ReadAction","target":["https:\/\/www.meydan.tv\/az\/article\/goycay-sakini-meni-polis-sobesinde-doyub-videoya-cekdiler-indi-de-santaj-edirler\/"]}]},{"@type":"ImageObject","inLanguage":"az","@id":"https:\/\/www.meydan.tv\/az\/article\/goycay-sakini-meni-polis-sobesinde-doyub-videoya-cekdiler-indi-de-santaj-edirler\/#primaryimage","url":"https:\/\/www.meydan.tv\/wp-content\/uploads\/untitled_design_1_5ilgu6o.png","contentUrl":"https:\/\/www.meydan.tv\/wp-content\/uploads\/untitled_design_1_5ilgu6o.png","width":1280,"height":720,"caption":"Source: Specify Source"},{"@type":"BreadcrumbList","@id":"https:\/\/www.meydan.tv\/az\/article\/goycay-sakini-meni-polis-sobesinde-doyub-videoya-cekdiler-indi-de-santaj-edirler\/#breadcrumb","itemListElement":[{"@type":"ListItem","position":1,"name":"Ana s\u0259hif\u0259","item":"https:\/\/www.meydan.tv\/az\/"},{"@type":"ListItem","position":2,"name":"B\u00f6lg\u0259","item":"https:\/\/www.meydan.tv\/az\/section\/bolge\/"},{"@type":"ListItem","position":3,"name":"G\u00f6y\u00e7ay sakini: M\u0259ni polis \u015f\u00f6b\u0259sind\u0259 d\u00f6y\u00fcb videoya \u00e7\u0259kdil\u0259r, indi d\u0259 \u015fantaj edirl\u0259r"}]},{"@type":"WebSite","@id":"https:\/\/www.meydan.tv\/az\/#website","url":"https:\/\/www.meydan.tv\/az\/","name":"MEYDAN.TV","description":"Meydan TV Az\u0259rbaycan\u0131n media m\u0259kan\u0131ndak\u0131 alternativ s\u0259sidir","publisher":{"@id":"https:\/\/www.meydan.tv\/az\/#organization"},"potentialAction":[{"@type":"SearchAction","target":{"@type":"EntryPoint","urlTemplate":"https:\/\/www.meydan.tv\/az\/?s={search_term_string}"},"query-input":{"@type":"PropertyValueSpecification","valueRequired":true,"valueName":"search_term_string"}}],"inLanguage":"az"},{"@type":"Organization","@id":"https:\/\/www.meydan.tv\/az\/#organization","name":"Meydan TV","url":"https:\/\/www.meydan.tv\/az\/","logo":{"@type":"ImageObject","inLanguage":"az","@id":"https:\/\/www.meydan.tv\/az\/#\/schema\/logo\/image\/","url":"https:\/\/www.meydan.tv\/wp-content\/uploads\/2021\/07\/meydan-logo.svg","contentUrl":"https:\/\/www.meydan.tv\/wp-content\/uploads\/2021\/07\/meydan-logo.svg","width":195,"height":46,"caption":"Meydan TV"},"image":{"@id":"https:\/\/www.meydan.tv\/az\/#\/schema\/logo\/image\/"}},{"@type":"Person","@id":"https:\/\/www.meydan.tv\/az\/#\/schema\/person\/10d11eccf6da3662cf5fdab9806ea91a","name":"user-manager"}]}},"_links":{"self":[{"href":"https:\/\/www.meydan.tv\/az\/wp-json\/wp\/v2\/posts\/202293","targetHints":{"allow":["GET"]}}],"collection":[{"href":"https:\/\/www.meydan.tv\/az\/wp-json\/wp\/v2\/posts"}],"about":[{"href":"https:\/\/www.meydan.tv\/az\/wp-json\/wp\/v2\/types\/post"}],"author":[{"embeddable":true,"href":"https:\/\/www.meydan.tv\/az\/wp-json\/wp\/v2\/users\/11"}],"replies":[{"embeddable":true,"href":"https:\/\/www.meydan.tv\/az\/wp-json\/wp\/v2\/comments?post=202293"}],"version-history":[{"count":0,"href":"https:\/\/www.meydan.tv\/az\/wp-json\/wp\/v2\/posts\/202293\/revisions"}],"wp:featuredmedia":[{"embeddable":true,"href":"https:\/\/www.meydan.tv\/az\/wp-json\/wp\/v2\/media\/147158"}],"wp:attachment":[{"href":"https:\/\/www.meydan.tv\/az\/wp-json\/wp\/v2\/media?parent=202293"}],"wp:term":[{"taxonomy":"category","embeddable":true,"href":"https:\/\/www.meydan.tv\/az\/wp-json\/wp\/v2\/categories?post=202293"},{"taxonomy":"post_tag","embeddable":true,"href":"https:\/\/www.meydan.tv\/az\/wp-json\/wp\/v2\/tags?post=202293"}],"curies":[{"name":"wp","href":"https:\/\/api.w.org\/{rel}","templated":true}]}}