{"id":202284,"date":"2020-09-05T15:02:52","date_gmt":"2020-09-05T15:02:52","guid":{"rendered":"https:\/\/www.meydan.tv\/article\/olke-bascisina-seslenirem-oz-usaqlariniz-bele-seraitde-yasasalar-ne-edersiniz\/"},"modified":"2020-09-05T15:02:52","modified_gmt":"2020-09-05T15:02:52","slug":"olke-bascisina-seslenirem-oz-usaqlariniz-bele-seraitde-yasasalar-ne-edersiniz","status":"publish","type":"post","link":"https:\/\/www.meydan.tv\/az\/article\/olke-bascisina-seslenirem-oz-usaqlariniz-bele-seraitde-yasasalar-ne-edersiniz\/","title":{"rendered":"\u201c\u00d6lk\u0259 ba\u015f\u00e7\u0131s\u0131na s\u0259sl\u0259nir\u0259m, \u00f6z u\u015faqlar\u0131n\u0131z bel\u0259 \u015f\u0259raitd\u0259 ya\u015fasalar, n\u0259 ed\u0259rsiniz?\u201d"},"content":{"rendered":"<figure class=\"wp-block-embed is-type-video is-provider-youtube wp-block-embed-youtube wp-embed-aspect-16-9 wp-has-aspect-ratio\">\n<div class=\"wp-block-embed__wrapper\">\n    <iframe\ttitle=\"Tovuz sakini: \u201c\u00d6lk\u0259 ba\u015f\u00e7\u0131s\u0131na s\u0259sl\u0259nir\u0259m, \u00f6z u\u015faqlar\u0131n\u0131z bel\u0259 \u015f\u0259raitd\u0259 ya\u015fasalar, n\u0259 ed\u0259rsiniz?\u201d\" width=\"1200\" height=\"675\" data-src=\"https:\/\/www.youtube.com\/embed\/Pov-KParXqY\"\tframeborder=\"0\"\tallow=\"accelerometer; autoplay; clipboard-write; encrypted-media; gyroscope; picture-in-picture\" allowfullscreen src=\"data:image\/svg+xml;base64,PHN2ZyB3aWR0aD0iMSIgaGVpZ2h0PSIxIiB4bWxucz0iaHR0cDovL3d3dy53My5vcmcvMjAwMC9zdmciPjwvc3ZnPg==\" class=\"lazyload\" data-load-mode=\"1\"><\/iframe>\n  <\/div><figcaption>\n    Tovuz sakini: \u201c\u00d6lk\u0259 ba\u015f\u00e7\u0131s\u0131na s\u0259sl\u0259nir\u0259m, \u00f6z u\u015faqlar\u0131n\u0131z bel\u0259 \u015f\u0259raitd\u0259 ya\u015fasalar, n\u0259 ed\u0259rsiniz?\u201d<br \/>\n  <\/figcaption><\/figure>\n<p>\n  <i><br \/>\n    Tovuz rayon sakini: \u201cPrezident g\u00f6rs\u00fcn ki, kas\u0131b adamlar\u0131n h\u00f6rm\u0259ti yoxdur\u201d<br \/>\n  <\/i>\n<\/p>\n<p>\n  \u201cO\u011flum ail\u0259 qurandan sonra minbir \u0259ziyy\u0259tl\u0259 \u00f6z\u00fcn\u0259 ev tikdi. Otaqlardan yaln\u0131z birini t\u0259mir ed\u0259 bildi. G\u0259linim d\u0259 bayramqaba\u011f\u0131 \u00f6z evin\u0259 getdi. Dedi ki, i\u015f\u0131q \u00e7\u0259kdirib, Yeni ili \u00f6z evimd\u0259 ke\u00e7ir\u0259c\u0259y\u0259m. Amma qism\u0259t olmad\u0131, daha do\u011frusu, imkan verm\u0259dil\u0259r\u201d.\n<\/p>\n<p>\n  Tovuz rayonu, Yan\u0131ql\u0131 k\u0259nd sakini V\u00fcsal Vilay\u0259t o\u011flu H\u00fcseynov yeni tikdiyi evin\u0259 elektrik x\u0259tti \u00e7\u0259kdir\u0259 bilmir. V\u0259t\u0259nda\u015f\u0131n anas\u0131 B\u0259sti \u0130sa q\u0131z\u0131 H\u00fcseynova Meydan TV-y\u0259 deyib ki, elektrik x\u0259ttinin \u00e7\u0259kilm\u0259si il\u0259 \u0259laq\u0259dar \u201cAz\u0259ri\u015f\u0131q\u201d A\u00e7\u0131q S\u0259hmdar C\u0259miyy\u0259tinin rayon \u00fczr\u0259 \u201cASAN Kommunal Xidm\u0259t\u201din\u0259 m\u00fcraci\u0259t edibl\u0259r. V\u0259t\u0259nda\u015f\u0131n s\u00f6zl\u0259rin\u0259 g\u00f6r\u0259, laz\u0131m olan s\u0259n\u0259dl\u0259r t\u0259qdim olunduqdan sonra \u201cAz\u0259ri\u015f\u0131q\u201d ASC-nin regional n\u00fcmay\u0259nd\u0259si onlardan elektrik x\u0259ttinin \u00e7\u0259kilm\u0259si \u00fc\u00e7\u00fcn \u0259lav\u0259 pul ist\u0259yib:\n<\/p>\n<p>\n  \u201cM\u0259h\u0259mm\u0259d adl\u0131 elektrik bizd\u0259n i\u015f\u0131\u011f\u0131n \u00e7\u0259kilm\u0259si \u00fc\u00e7\u00fcn 1300 manat pul ist\u0259di. Dedi ki, ev \u0259sas elektrik enerjisinin yerl\u0259\u015fdiyi \u0259razid\u0259n \u00e7ox uzaqd\u0131r. Ona dedik ki, yax\u0131nl\u0131qda elektrik kabell\u0259ri ke\u00e7ir. Niy\u0259 oradan \u00e7\u0259kmirsiniz? Biz\u0259 m\u00fcxt\u0259lif b\u0259han\u0259l\u0259r g\u0259tirdi. Onun dediyi m\u0259bl\u0259\u011fd\u0259 pula da m\u0259nim g\u00fcc\u00fcm \u00e7atmad\u0131. El\u0259 imkanl\u0131 deyil\u0259m ki, t\u0259z\u0259d\u0259n ev tikim, ya da kiray\u0259 tutum. Evd\u0259n 180 metr aral\u0131da elektrik naqill\u0259rind\u0259n i\u015f\u0131q \u00e7\u0259km\u0259k ist\u0259dik. Dedil\u0259r ki, sizi dama basarlar. Qorxumuzdan he\u00e7 n\u0259 ed\u0259 bilmirik, qaranl\u0131qda qalm\u0131\u015f\u0131q\u201d.\n<\/p>\n<figure class=\"wp-block-image size-large\">\n  <img decoding=\"async\" src=\"https:\/\/www.meydan.tv\/az\/image_from_ios-11-jpg-22\/\" alt=\"image_from_ios (11).jpg\" class=\"wp-image-147215\"\/><figcaption>\n    &#8220;\u018ft v\u0259 \u0259rzaq paylad\u0131\u011f\u0131 ail\u0259l\u0259rin ham\u0131s\u0131 da imkanl\u0131d\u0131r&#8221;<br \/>\n  <\/figcaption><\/figure>\n<p>\n  B\u0259sti H\u00fcseynova deyir ki, o\u011flu v\u0259 ail\u0259si \u2013 h\u0259yat yolda\u015f\u0131, iki azya\u015fl\u0131 u\u015fa\u011f\u0131 il\u0259 birg\u0259 aylard\u0131r qaranl\u0131qda ya\u015fay\u0131r. Yeni tikil\u0259n evd\u0259 i\u015f\u0131qla yana\u015f\u0131, qaz da yoxdur:\n<\/p>\n<p>\n  \u201cO\u011flum \u0259kin sah\u0259l\u0259rind\u0259 10-15 manata g\u00fcn\u0259muzd i\u015fl\u0259yir. Yolpulunun d\u0259rdind\u0259n ev\u0259 h\u0259ft\u0259d\u0259 bir d\u0259f\u0259 g\u0259lir. \u0130ki azya\u015fl\u0131 u\u015fa\u011f\u0131 var, biri d\u0259 bu yax\u0131nlarda do\u011fulacaq. \u015e\u0259r qar\u0131\u015fan kimi \u00e7aqqal v\u0259 canavarlar ula\u015fma\u011fa ba\u015flay\u0131r. U\u015faqlar\u0131n \u00e7\u0131\u011f\u0131rt\u0131s\u0131 al\u0259ml\u0259 bir olur, qaranl\u0131qdan qorxurlar. Yeddi ayd\u0131r ki, did\u0259rgin h\u0259yat\u0131 ya\u015fay\u0131rlar. G\u0259lin s\u0259h\u0259r-ax\u015fam iki u\u015faq yan\u0131nda, biri d\u0259 b\u0259tnind\u0259 g\u0259lir. Toyuq-c\u00fcc\u0259ni hind\u0259n \u00e7\u0131xar\u0131b yeml\u0259yir, geri qay\u0131d\u0131r. M\u0259n d\u0259 bunlarla qalm\u0131\u015fam iki evin aras\u0131nda. D\u0259r\u0259l\u0259r itl\u0259 doludur, t\u0259k buraxma\u011fa qorxuram. Hans\u0131 \u0259srd\u0259 ya\u015fayasan ki, neft lampas\u0131 yand\u0131rasan? Prezidentin bu u\u015faqlara yaz\u0131\u011f\u0131 g\u0259lsin. \u00d6lk\u0259 ba\u015f\u00e7\u0131s\u0131na s\u0259sl\u0259nir\u0259m, \u00f6z u\u015faqlar\u0131n\u0131z bel\u0259 \u015f\u0259raitd\u0259 ya\u015fasalar, n\u0259 ed\u0259rsiniz? D\u00f6vl\u0259t imkans\u0131zlara yard\u0131m etm\u0259lidir. \u0130\u015fl\u0259, sosial yard\u0131mla t\u0259min etm\u0259lidir. \u0130\u015f\u0131\u011f\u0131n\u0131, qaz\u0131n\u0131 d\u00fcz\u0259ltm\u0259lidir. Bel\u0259 ya\u015famaq olmaz\u201d.\n<\/p>\n<p>\n  \u201cTovuz rayonunda v\u0259zif\u0259d\u0259 oturanlar\u0131n ham\u0131s\u0131 r\u00fc\u015fv\u0259txordur. Rayon \u0130cra Hakimiyy\u0259ti insanlar\u0131n \u015fikay\u0259tin\u0259 baxm\u0131r\u201d, &#8211; ail\u0259nin g\u0259lini P\u0259rvin\u0259 H\u00fcseynovan\u0131n anas\u0131 Sevinc M\u00fcrs\u0259lova bel\u0259 deyir:\n<\/p>\n<figure class=\"wp-block-image size-large\">\n  <img decoding=\"async\" src=\"https:\/\/www.meydan.tv\/az\/image_from_ios-8-jpg-43\/\" alt=\"image_from_ios (8).jpg\" class=\"wp-image-147212\"\/><figcaption>\n    \u201cAz\u0259ri\u015f\u0131q\u201d ASC-nin regional n\u00fcmay\u0259nd\u0259si onlardan elektrik x\u0259ttinin \u00e7\u0259kilm\u0259si \u00fc\u00e7\u00fcn \u0259lav\u0259 pul ist\u0259yib<br \/>\n  <\/figcaption><\/figure>\n<p>\n  \u201c\u0130\u015f\u0131q m\u0259s\u0259l\u0259sin\u0259 g\u00f6r\u0259 q\u0131z\u0131m\u0131 icra hakimiyy\u0259tin\u0259 aparm\u0131\u015fam. Ora kim d\u0259rdini dan\u0131\u015fma\u011fa gedirs\u0259, icra ba\u015f\u00e7\u0131s\u0131n\u0131n m\u00fcavini deyir ki, tullay\u0131n bay\u0131ra. Polisl\u0259r d\u0259 qad\u0131nlar\u0131 s\u00fcr\u00fcy\u00fcb h\u0259y\u0259t\u0259 tullay\u0131r. Kimin pulu var, i\u015f\u0131\u011f\u0131 yan\u0131r, qaz\u0131 g\u0259lir. M\u0259nim balam da yanvar ay\u0131ndan i\u015f\u0131qs\u0131z, qazs\u0131z qal\u0131b. Prezidentimiz sa\u011f olsun, u\u015faq b\u00f6y\u00fcy\u0259n kimi \u0259sg\u0259r\u0259 aparacaq. Daha dem\u0259y\u0259c\u0259k ki, ana bu u\u015faqlar\u0131 qaranl\u0131qda b\u00f6y\u00fcd\u00fcb. Hamil\u0259 qad\u0131n yolu gedib-g\u0259lm\u0259kd\u0259n ayaqlar\u0131nda damarlar \u00e7\u0131x\u0131b. Hans\u0131 z\u0259man\u0259d\u0259 ya\u015fay\u0131r\u0131q ki, bu q\u0259d\u0259r m\u00fcdd\u0259t qaranl\u0131qda ya\u015fayasan? \u201cAz\u0259ri\u015f\u0131q\u201da getdim, m\u00fcdir dedi ki, s\u0259nin q\u0131z\u0131na i\u015f\u0131q d\u00fc\u015fm\u00fcr. Soru\u015fdum ki, niy\u0259? Erm\u0259nistandan g\u0259lib, erm\u0259nidir? Dedi ki, elektrik ustas\u0131 imtina vurub. M\u0259n d\u0259 dedim ki, onu bura \u00e7a\u011f\u0131r\u0131n g\u00f6r\u00fcm, n\u0259y\u0259 g\u00f6r\u0259 qon\u015fular\u0131n i\u015f\u0131\u011f\u0131 yan\u0131r, m\u0259nim q\u0131z\u0131m\u0131n is\u0259 i\u015f\u0131\u011f\u0131 yoxdur? Yalandan m\u0259saf\u0259ni b\u0259han\u0259 etdil\u0259r. Harada g\u00f6r\u00fcn\u00fcb ki, i\u015f\u0131q x\u0259tti birba\u015fa transfarmatordan \u00e7\u0259kilm\u0259lidir? Yax\u0131n dayaq 180 metr m\u0259saf\u0259d\u0259 yerl\u0259\u015fir. Prezident g\u00f6rs\u00fcn ki, kas\u0131b adamlar\u0131n h\u00f6rm\u0259ti yoxdur. Ham\u0131s\u0131 ac\u0131ndan q\u0131r\u0131l\u0131b, bat\u0131r\u201d.\n<\/p>\n<p>\n  Sevinc M\u00fcrs\u0259lova deyir ki, pandemiya d\u00f6vr\u00fcnd\u0259 d\u00f6vl\u0259t t\u0259r\u0259find\u0259n ail\u0259l\u0259r\u0259 \u0259rzaq yard\u0131m\u0131 edilib. Lakin Yan\u0131ql\u0131 k\u0259ndinin inzibati \u0259razi dair\u0259si \u00fczr\u0259 n\u00fcmay\u0259nd\u0259si q\u0131z\u0131n\u0131n ail\u0259sin\u0259 \u0259rzaq yard\u0131m\u0131 verm\u0259yib:\n<\/p>\n<figure class=\"wp-block-image size-large\">\n  <img decoding=\"async\" src=\"https:\/\/www.meydan.tv\/az\/image_from_ios-6-jpg-96\/\" alt=\"image_from_ios (6).jpg\" class=\"wp-image-147203\"\/><figcaption>\n    \u201cM\u0259nim balam da yanvar ay\u0131ndan i\u015f\u0131qs\u0131z, qazs\u0131z qal\u0131b&#8221;<br \/>\n  <\/figcaption><\/figure>\n<p>\n  \u201cYaqub Qas\u0131mov g\u0259tirib, b\u00fct\u00fcn qon\u015fulara yard\u0131m paylay\u0131b. \u018ft v\u0259 \u0259rzaq paylad\u0131\u011f\u0131 ail\u0259l\u0259rin ham\u0131s\u0131 da imkanl\u0131d\u0131r. Prezident \u0259mr verib ki, harada varl\u0131 adamlar var, ancaq onlara h\u00f6rm\u0259t edin? Tovuz rayonunda prezidentin g\u00f6st\u0259ri\u015f v\u0259 \u0259mrl\u0259rin\u0259, s\u0259r\u0259ncamlar\u0131na \u0259m\u0259l etmirl\u0259r. Gedib, soru\u015fmu\u015fam ki, ay Yaqub m\u00fc\u0259llim, niy\u0259 b\u00fct\u00fcn qon\u015fulara yard\u0131m paylam\u0131san, m\u0259nim u\u015fa\u011f\u0131mdan ba\u015fqa? M\u0259n\u0259 qay\u0131d\u0131b deyib ki, yax\u015f\u0131 el\u0259mi\u015f\u0259m, get n\u0259 ist\u0259yirs\u0259n et. Yax\u015f\u0131 edir\u0259m. M\u0259n d\u0259 demi\u015f\u0259m ki, s\u0259nd\u0259n b\u00f6y\u00fck prezidentimiz var. N\u0259 vaxtsa prezident\u0259 ba\u015f\u0131m\u0131za a\u00e7d\u0131\u011f\u0131n\u0131z oyunlar \u00e7atacaq\u201d.\n<\/p>\n<p>\n  Tovuz Rayon \u0130cra Hakimiyy\u0259ti \u0130nformasiya T\u0259minat\u0131 v\u0259 t\u0259hlil sektorunun m\u00fcdiri Ceyhun Zeynalov Sevinc M\u00fcrs\u0259lovan\u0131n s\u00f6zl\u0259rinin h\u0259qiq\u0259t olmad\u0131\u011f\u0131n\u0131 deyib:\n<\/p>\n<p>\n  \u201cYalan dan\u0131\u015f\u0131rlar, burada polis he\u00e7 kimin qolundan tutub bay\u0131ra atm\u0131r. Bu m\u0259s\u0259l\u0259d\u0259 icra hakimiyy\u0259ti n\u0259 ed\u0259 bil\u0259r? V\u0259t\u0259nda\u015f m\u00fcraci\u0259t edir, m\u0259saf\u0259 hesablan\u0131r. R\u00fcsum t\u0259yin olunur. \u018fg\u0259r v\u0259t\u0259nda\u015f hesab edir ki, ondan art\u0131q pul ist\u0259nilib, aidiyy\u0259ti \u00fczr\u0259 m\u0259hk\u0259m\u0259y\u0259 m\u00fcraci\u0259t ed\u0259 bil\u0259r\u201d.\n<\/p>\n<figure class=\"wp-block-image size-large\">\n  <img decoding=\"async\" src=\"https:\/\/www.meydan.tv\/az\/image_from_ios-7-jpg-60\/\" alt=\"image_from_ios (7).jpg\" class=\"wp-image-147206\"\/><figcaption>\n    &#8220;M\u0259n d\u0259 bunlarla qalm\u0131\u015fam iki evin aras\u0131nda&#8221;<br \/>\n  <\/figcaption><\/figure>\n<p>\n  Yan\u0131ql\u0131 k\u0259ndinin inzibati \u0259razi dair\u0259si \u00fczr\u0259 n\u00fcmay\u0259nd\u0259si Yaqub Qas\u0131mov Meydan TV-y\u0259 bildirib ki, V\u00fcsal H\u00fcseynov evin\u0259 i\u015f\u0131q \u00e7\u0259kilm\u0259si \u00fc\u00e7\u00fcn m\u00fcraci\u0259t edib:\n<\/p>\n<p>\n  \u201c\u0130ki d\u0259f\u0259 ev\u0259 i\u015f\u0131q \u00e7\u0259kilm\u0259si il\u0259 ba\u011fl\u0131 aray\u0131\u015f t\u0259qdim etmi\u015fik, bax\u0131\u015f ke\u00e7irilib, m\u0259saf\u0259 \u00f6l\u00e7\u00fcl\u00fcb. H\u0259min ail\u0259d\u0259 d\u0259 dey\u0259s\u0259n, m\u0259saf\u0259 uzaq oldu\u011fu \u00fc\u00e7\u00fcn bildiyim q\u0259d\u0259ril\u0259 imtina verilib. Y\u0259ni bizlik bir i\u015f yoxdur. \u018flav\u0259 x\u0259rc laz\u0131m olarsa, v\u0259t\u0259nda\u015f \u00f6z\u00fc h\u0259min pulu \u00f6d\u0259m\u0259lidir. Bundan sonra i\u015f\u0131q x\u0259tti \u00e7\u0259kilm\u0259lidir. Pandemiya d\u00f6vr\u00fcnd\u0259 ail\u0259l\u0259r\u0259 veril\u0259n yard\u0131mlar qeydiyyat apar\u0131laraq s\u0259n\u0259dl\u0259\u015fdirilib. Laz\u0131m g\u0259l\u0259rs\u0259, t\u0259qdim ed\u0259 bil\u0259rik\u201d.\n<\/p>\n<p>\n  Meydan TV elektik x\u0259ttinin \u00e7\u0259kilm\u0259sin\u0259 cavabdeh olan \u201cAz\u0259ri\u015f\u0131q\u201d ASC-nin Tovuz Rayonu \u00fczr\u0259 regional idar\u0259si il\u0259 \u0259laq\u0259 saxlama\u011fa \u00e7al\u0131\u015fsa da, z\u0259ngl\u0259r\u0259 cavab ver\u0259n olmay\u0131b.\n<\/p>\n<figure class=\"wp-block-image size-large\">\n  <img decoding=\"async\" src=\"https:\/\/www.meydan.tv\/az\/image_from_ios-10-jpg-23\/\" alt=\"image_from_ios (10).jpg\" class=\"wp-image-147218\"\/><figcaption>\n    H\u00fcseynovlar ail\u0259sinin evi<br \/>\n  <\/figcaption><\/figure>\n<figure class=\"wp-block-image size-large\">\n  <img decoding=\"async\" src=\"https:\/\/www.meydan.tv\/az\/image_from_ios-9-jpg-33\/\" alt=\"image_from_ios (9).jpg\" class=\"wp-image-147209\"\/><figcaption>\n    &#8220;Hans\u0131 \u0259srd\u0259 ya\u015fayasan ki, neft lampas\u0131 yand\u0131rasan?&#8221;<br \/>\n  <\/figcaption><\/figure>\n<figure class=\"wp-block-image size-large\">\n  <img decoding=\"async\" src=\"https:\/\/www.meydan.tv\/az\/image_from_ios-4-jpg-159\/\" alt=\"image_from_ios (4).jpg\" class=\"wp-image-147197\"\/><figcaption>\n    &#8220;Tovuz rayonunda prezidentin g\u00f6st\u0259ri\u015f v\u0259 \u0259mrl\u0259rin\u0259, s\u0259r\u0259ncamlar\u0131na \u0259m\u0259l etmirl\u0259r&#8221;<br \/>\n  <\/figcaption><\/figure>\n","protected":false},"excerpt":{"rendered":"<p>&#8220;Tovuz rayonunda prezidentin g\u00f6st\u0259ri\u015f v\u0259 \u0259mrl\u0259rin\u0259, s\u0259r\u0259ncamlar\u0131na \u0259m\u0259l etmirl\u0259r&#8221;<\/p>\n","protected":false},"author":11,"featured_media":147221,"comment_status":"closed","ping_status":"open","sticky":false,"template":"","format":"standard","meta":{"_acf_changed":false,"_sitemap_exclude":false,"_sitemap_priority":"","_sitemap_frequency":"","footnotes":""},"categories":[60],"tags":[],"class_list":["post-202284","post","type-post","status-publish","format-standard","has-post-thumbnail","hentry","category-bolge","infinite-scroll-item","generate-columns","tablet-grid-50","mobile-grid-100","grid-parent","grid-33","no-featured-image-padding"],"acf":[],"yoast_head":"<!-- This site is optimized with the Yoast SEO plugin v27.5 - https:\/\/yoast.com\/product\/yoast-seo-wordpress\/ -->\n<title>\u201c\u00d6lk\u0259 ba\u015f\u00e7\u0131s\u0131na s\u0259sl\u0259nir\u0259m, \u00f6z u\u015faqlar\u0131n\u0131z bel\u0259 \u015f\u0259raitd\u0259 ya\u015fasalar, n\u0259 ed\u0259rsiniz?\u201d - MEYDAN.TV<\/title>\n<meta name=\"robots\" content=\"index, follow, max-snippet:-1, max-image-preview:large, max-video-preview:-1\" \/>\n<link rel=\"canonical\" href=\"https:\/\/www.meydan.tv\/az\/article\/olke-bascisina-seslenirem-oz-usaqlariniz-bele-seraitde-yasasalar-ne-edersiniz\/\" \/>\n<meta property=\"og:locale\" content=\"az_AZ\" \/>\n<meta property=\"og:type\" content=\"article\" \/>\n<meta property=\"og:title\" content=\"\u201c\u00d6lk\u0259 ba\u015f\u00e7\u0131s\u0131na s\u0259sl\u0259nir\u0259m, \u00f6z u\u015faqlar\u0131n\u0131z bel\u0259 \u015f\u0259raitd\u0259 ya\u015fasalar, n\u0259 ed\u0259rsiniz?\u201d - MEYDAN.TV\" \/>\n<meta property=\"og:description\" content=\"&quot;Tovuz rayonunda prezidentin g\u00f6st\u0259ri\u015f v\u0259 \u0259mrl\u0259rin\u0259, s\u0259r\u0259ncamlar\u0131na \u0259m\u0259l etmirl\u0259r&quot;\" \/>\n<meta property=\"og:url\" content=\"https:\/\/www.meydan.tv\/az\/article\/olke-bascisina-seslenirem-oz-usaqlariniz-bele-seraitde-yasasalar-ne-edersiniz\/\" \/>\n<meta property=\"og:site_name\" content=\"MEYDAN.TV\" \/>\n<meta property=\"article:published_time\" content=\"2020-09-05T15:02:52+00:00\" \/>\n<meta property=\"og:image\" content=\"https:\/\/www.meydan.tv\/wp-content\/uploads\/copy_of_untitled9_uuoqsgl.png\" \/>\n\t<meta property=\"og:image:width\" content=\"1000\" \/>\n\t<meta property=\"og:image:height\" content=\"555\" \/>\n\t<meta property=\"og:image:type\" content=\"image\/png\" \/>\n<meta name=\"author\" content=\"user-manager\" \/>\n<meta name=\"twitter:card\" content=\"summary_large_image\" \/>\n<script type=\"application\/ld+json\" class=\"yoast-schema-graph\">{\"@context\":\"https:\\\/\\\/schema.org\",\"@graph\":[{\"@type\":\"Article\",\"@id\":\"https:\\\/\\\/www.meydan.tv\\\/az\\\/article\\\/olke-bascisina-seslenirem-oz-usaqlariniz-bele-seraitde-yasasalar-ne-edersiniz\\\/#article\",\"isPartOf\":{\"@id\":\"https:\\\/\\\/www.meydan.tv\\\/az\\\/article\\\/olke-bascisina-seslenirem-oz-usaqlariniz-bele-seraitde-yasasalar-ne-edersiniz\\\/\"},\"author\":{\"name\":\"user-manager\",\"@id\":\"https:\\\/\\\/www.meydan.tv\\\/az\\\/#\\\/schema\\\/person\\\/10d11eccf6da3662cf5fdab9806ea91a\"},\"headline\":\"\u201c\u00d6lk\u0259 ba\u015f\u00e7\u0131s\u0131na s\u0259sl\u0259nir\u0259m, \u00f6z u\u015faqlar\u0131n\u0131z bel\u0259 \u015f\u0259raitd\u0259 ya\u015fasalar, n\u0259 ed\u0259rsiniz?\u201d\",\"datePublished\":\"2020-09-05T15:02:52+00:00\",\"mainEntityOfPage\":{\"@id\":\"https:\\\/\\\/www.meydan.tv\\\/az\\\/article\\\/olke-bascisina-seslenirem-oz-usaqlariniz-bele-seraitde-yasasalar-ne-edersiniz\\\/\"},\"wordCount\":1391,\"publisher\":{\"@id\":\"https:\\\/\\\/www.meydan.tv\\\/az\\\/#organization\"},\"image\":{\"@id\":\"https:\\\/\\\/www.meydan.tv\\\/az\\\/article\\\/olke-bascisina-seslenirem-oz-usaqlariniz-bele-seraitde-yasasalar-ne-edersiniz\\\/#primaryimage\"},\"thumbnailUrl\":\"https:\\\/\\\/www.meydan.tv\\\/wp-content\\\/uploads\\\/copy_of_untitled9_uuoqsgl.png\",\"articleSection\":[\"B\u00f6lg\u0259\"],\"inLanguage\":\"az\"},{\"@type\":\"WebPage\",\"@id\":\"https:\\\/\\\/www.meydan.tv\\\/az\\\/article\\\/olke-bascisina-seslenirem-oz-usaqlariniz-bele-seraitde-yasasalar-ne-edersiniz\\\/\",\"url\":\"https:\\\/\\\/www.meydan.tv\\\/az\\\/article\\\/olke-bascisina-seslenirem-oz-usaqlariniz-bele-seraitde-yasasalar-ne-edersiniz\\\/\",\"name\":\"\u201c\u00d6lk\u0259 ba\u015f\u00e7\u0131s\u0131na s\u0259sl\u0259nir\u0259m, \u00f6z u\u015faqlar\u0131n\u0131z bel\u0259 \u015f\u0259raitd\u0259 ya\u015fasalar, n\u0259 ed\u0259rsiniz?\u201d - MEYDAN.TV\",\"isPartOf\":{\"@id\":\"https:\\\/\\\/www.meydan.tv\\\/az\\\/#website\"},\"primaryImageOfPage\":{\"@id\":\"https:\\\/\\\/www.meydan.tv\\\/az\\\/article\\\/olke-bascisina-seslenirem-oz-usaqlariniz-bele-seraitde-yasasalar-ne-edersiniz\\\/#primaryimage\"},\"image\":{\"@id\":\"https:\\\/\\\/www.meydan.tv\\\/az\\\/article\\\/olke-bascisina-seslenirem-oz-usaqlariniz-bele-seraitde-yasasalar-ne-edersiniz\\\/#primaryimage\"},\"thumbnailUrl\":\"https:\\\/\\\/www.meydan.tv\\\/wp-content\\\/uploads\\\/copy_of_untitled9_uuoqsgl.png\",\"datePublished\":\"2020-09-05T15:02:52+00:00\",\"breadcrumb\":{\"@id\":\"https:\\\/\\\/www.meydan.tv\\\/az\\\/article\\\/olke-bascisina-seslenirem-oz-usaqlariniz-bele-seraitde-yasasalar-ne-edersiniz\\\/#breadcrumb\"},\"inLanguage\":\"az\",\"potentialAction\":[{\"@type\":\"ReadAction\",\"target\":[\"https:\\\/\\\/www.meydan.tv\\\/az\\\/article\\\/olke-bascisina-seslenirem-oz-usaqlariniz-bele-seraitde-yasasalar-ne-edersiniz\\\/\"]}]},{\"@type\":\"ImageObject\",\"inLanguage\":\"az\",\"@id\":\"https:\\\/\\\/www.meydan.tv\\\/az\\\/article\\\/olke-bascisina-seslenirem-oz-usaqlariniz-bele-seraitde-yasasalar-ne-edersiniz\\\/#primaryimage\",\"url\":\"https:\\\/\\\/www.meydan.tv\\\/wp-content\\\/uploads\\\/copy_of_untitled9_uuoqsgl.png\",\"contentUrl\":\"https:\\\/\\\/www.meydan.tv\\\/wp-content\\\/uploads\\\/copy_of_untitled9_uuoqsgl.png\",\"width\":1000,\"height\":555,\"caption\":\"Source: Meydan.TV\"},{\"@type\":\"BreadcrumbList\",\"@id\":\"https:\\\/\\\/www.meydan.tv\\\/az\\\/article\\\/olke-bascisina-seslenirem-oz-usaqlariniz-bele-seraitde-yasasalar-ne-edersiniz\\\/#breadcrumb\",\"itemListElement\":[{\"@type\":\"ListItem\",\"position\":1,\"name\":\"Ana s\u0259hif\u0259\",\"item\":\"https:\\\/\\\/www.meydan.tv\\\/az\\\/\"},{\"@type\":\"ListItem\",\"position\":2,\"name\":\"B\u00f6lg\u0259\",\"item\":\"https:\\\/\\\/www.meydan.tv\\\/az\\\/section\\\/bolge\\\/\"},{\"@type\":\"ListItem\",\"position\":3,\"name\":\"\u201c\u00d6lk\u0259 ba\u015f\u00e7\u0131s\u0131na s\u0259sl\u0259nir\u0259m, \u00f6z u\u015faqlar\u0131n\u0131z bel\u0259 \u015f\u0259raitd\u0259 ya\u015fasalar, n\u0259 ed\u0259rsiniz?\u201d\"}]},{\"@type\":\"WebSite\",\"@id\":\"https:\\\/\\\/www.meydan.tv\\\/az\\\/#website\",\"url\":\"https:\\\/\\\/www.meydan.tv\\\/az\\\/\",\"name\":\"MEYDAN.TV\",\"description\":\"Meydan TV Az\u0259rbaycan\u0131n media m\u0259kan\u0131ndak\u0131 alternativ s\u0259sidir\",\"publisher\":{\"@id\":\"https:\\\/\\\/www.meydan.tv\\\/az\\\/#organization\"},\"potentialAction\":[{\"@type\":\"SearchAction\",\"target\":{\"@type\":\"EntryPoint\",\"urlTemplate\":\"https:\\\/\\\/www.meydan.tv\\\/az\\\/?s={search_term_string}\"},\"query-input\":{\"@type\":\"PropertyValueSpecification\",\"valueRequired\":true,\"valueName\":\"search_term_string\"}}],\"inLanguage\":\"az\"},{\"@type\":\"Organization\",\"@id\":\"https:\\\/\\\/www.meydan.tv\\\/az\\\/#organization\",\"name\":\"Meydan TV\",\"url\":\"https:\\\/\\\/www.meydan.tv\\\/az\\\/\",\"logo\":{\"@type\":\"ImageObject\",\"inLanguage\":\"az\",\"@id\":\"https:\\\/\\\/www.meydan.tv\\\/az\\\/#\\\/schema\\\/logo\\\/image\\\/\",\"url\":\"https:\\\/\\\/www.meydan.tv\\\/wp-content\\\/uploads\\\/2021\\\/07\\\/meydan-logo.svg\",\"contentUrl\":\"https:\\\/\\\/www.meydan.tv\\\/wp-content\\\/uploads\\\/2021\\\/07\\\/meydan-logo.svg\",\"width\":195,\"height\":46,\"caption\":\"Meydan TV\"},\"image\":{\"@id\":\"https:\\\/\\\/www.meydan.tv\\\/az\\\/#\\\/schema\\\/logo\\\/image\\\/\"}},{\"@type\":\"Person\",\"@id\":\"https:\\\/\\\/www.meydan.tv\\\/az\\\/#\\\/schema\\\/person\\\/10d11eccf6da3662cf5fdab9806ea91a\",\"name\":\"user-manager\"}]}<\/script>\n<!-- \/ Yoast SEO plugin. -->","yoast_head_json":{"title":"\u201c\u00d6lk\u0259 ba\u015f\u00e7\u0131s\u0131na s\u0259sl\u0259nir\u0259m, \u00f6z u\u015faqlar\u0131n\u0131z bel\u0259 \u015f\u0259raitd\u0259 ya\u015fasalar, n\u0259 ed\u0259rsiniz?\u201d - MEYDAN.TV","robots":{"index":"index","follow":"follow","max-snippet":"max-snippet:-1","max-image-preview":"max-image-preview:large","max-video-preview":"max-video-preview:-1"},"canonical":"https:\/\/www.meydan.tv\/az\/article\/olke-bascisina-seslenirem-oz-usaqlariniz-bele-seraitde-yasasalar-ne-edersiniz\/","og_locale":"az_AZ","og_type":"article","og_title":"\u201c\u00d6lk\u0259 ba\u015f\u00e7\u0131s\u0131na s\u0259sl\u0259nir\u0259m, \u00f6z u\u015faqlar\u0131n\u0131z bel\u0259 \u015f\u0259raitd\u0259 ya\u015fasalar, n\u0259 ed\u0259rsiniz?\u201d - MEYDAN.TV","og_description":"\"Tovuz rayonunda prezidentin g\u00f6st\u0259ri\u015f v\u0259 \u0259mrl\u0259rin\u0259, s\u0259r\u0259ncamlar\u0131na \u0259m\u0259l etmirl\u0259r\"","og_url":"https:\/\/www.meydan.tv\/az\/article\/olke-bascisina-seslenirem-oz-usaqlariniz-bele-seraitde-yasasalar-ne-edersiniz\/","og_site_name":"MEYDAN.TV","article_published_time":"2020-09-05T15:02:52+00:00","og_image":[{"width":1000,"height":555,"url":"https:\/\/www.meydan.tv\/wp-content\/uploads\/copy_of_untitled9_uuoqsgl.png","type":"image\/png"}],"author":"user-manager","twitter_card":"summary_large_image","schema":{"@context":"https:\/\/schema.org","@graph":[{"@type":"Article","@id":"https:\/\/www.meydan.tv\/az\/article\/olke-bascisina-seslenirem-oz-usaqlariniz-bele-seraitde-yasasalar-ne-edersiniz\/#article","isPartOf":{"@id":"https:\/\/www.meydan.tv\/az\/article\/olke-bascisina-seslenirem-oz-usaqlariniz-bele-seraitde-yasasalar-ne-edersiniz\/"},"author":{"name":"user-manager","@id":"https:\/\/www.meydan.tv\/az\/#\/schema\/person\/10d11eccf6da3662cf5fdab9806ea91a"},"headline":"\u201c\u00d6lk\u0259 ba\u015f\u00e7\u0131s\u0131na s\u0259sl\u0259nir\u0259m, \u00f6z u\u015faqlar\u0131n\u0131z bel\u0259 \u015f\u0259raitd\u0259 ya\u015fasalar, n\u0259 ed\u0259rsiniz?\u201d","datePublished":"2020-09-05T15:02:52+00:00","mainEntityOfPage":{"@id":"https:\/\/www.meydan.tv\/az\/article\/olke-bascisina-seslenirem-oz-usaqlariniz-bele-seraitde-yasasalar-ne-edersiniz\/"},"wordCount":1391,"publisher":{"@id":"https:\/\/www.meydan.tv\/az\/#organization"},"image":{"@id":"https:\/\/www.meydan.tv\/az\/article\/olke-bascisina-seslenirem-oz-usaqlariniz-bele-seraitde-yasasalar-ne-edersiniz\/#primaryimage"},"thumbnailUrl":"https:\/\/www.meydan.tv\/wp-content\/uploads\/copy_of_untitled9_uuoqsgl.png","articleSection":["B\u00f6lg\u0259"],"inLanguage":"az"},{"@type":"WebPage","@id":"https:\/\/www.meydan.tv\/az\/article\/olke-bascisina-seslenirem-oz-usaqlariniz-bele-seraitde-yasasalar-ne-edersiniz\/","url":"https:\/\/www.meydan.tv\/az\/article\/olke-bascisina-seslenirem-oz-usaqlariniz-bele-seraitde-yasasalar-ne-edersiniz\/","name":"\u201c\u00d6lk\u0259 ba\u015f\u00e7\u0131s\u0131na s\u0259sl\u0259nir\u0259m, \u00f6z u\u015faqlar\u0131n\u0131z bel\u0259 \u015f\u0259raitd\u0259 ya\u015fasalar, n\u0259 ed\u0259rsiniz?\u201d - MEYDAN.TV","isPartOf":{"@id":"https:\/\/www.meydan.tv\/az\/#website"},"primaryImageOfPage":{"@id":"https:\/\/www.meydan.tv\/az\/article\/olke-bascisina-seslenirem-oz-usaqlariniz-bele-seraitde-yasasalar-ne-edersiniz\/#primaryimage"},"image":{"@id":"https:\/\/www.meydan.tv\/az\/article\/olke-bascisina-seslenirem-oz-usaqlariniz-bele-seraitde-yasasalar-ne-edersiniz\/#primaryimage"},"thumbnailUrl":"https:\/\/www.meydan.tv\/wp-content\/uploads\/copy_of_untitled9_uuoqsgl.png","datePublished":"2020-09-05T15:02:52+00:00","breadcrumb":{"@id":"https:\/\/www.meydan.tv\/az\/article\/olke-bascisina-seslenirem-oz-usaqlariniz-bele-seraitde-yasasalar-ne-edersiniz\/#breadcrumb"},"inLanguage":"az","potentialAction":[{"@type":"ReadAction","target":["https:\/\/www.meydan.tv\/az\/article\/olke-bascisina-seslenirem-oz-usaqlariniz-bele-seraitde-yasasalar-ne-edersiniz\/"]}]},{"@type":"ImageObject","inLanguage":"az","@id":"https:\/\/www.meydan.tv\/az\/article\/olke-bascisina-seslenirem-oz-usaqlariniz-bele-seraitde-yasasalar-ne-edersiniz\/#primaryimage","url":"https:\/\/www.meydan.tv\/wp-content\/uploads\/copy_of_untitled9_uuoqsgl.png","contentUrl":"https:\/\/www.meydan.tv\/wp-content\/uploads\/copy_of_untitled9_uuoqsgl.png","width":1000,"height":555,"caption":"Source: Meydan.TV"},{"@type":"BreadcrumbList","@id":"https:\/\/www.meydan.tv\/az\/article\/olke-bascisina-seslenirem-oz-usaqlariniz-bele-seraitde-yasasalar-ne-edersiniz\/#breadcrumb","itemListElement":[{"@type":"ListItem","position":1,"name":"Ana s\u0259hif\u0259","item":"https:\/\/www.meydan.tv\/az\/"},{"@type":"ListItem","position":2,"name":"B\u00f6lg\u0259","item":"https:\/\/www.meydan.tv\/az\/section\/bolge\/"},{"@type":"ListItem","position":3,"name":"\u201c\u00d6lk\u0259 ba\u015f\u00e7\u0131s\u0131na s\u0259sl\u0259nir\u0259m, \u00f6z u\u015faqlar\u0131n\u0131z bel\u0259 \u015f\u0259raitd\u0259 ya\u015fasalar, n\u0259 ed\u0259rsiniz?\u201d"}]},{"@type":"WebSite","@id":"https:\/\/www.meydan.tv\/az\/#website","url":"https:\/\/www.meydan.tv\/az\/","name":"MEYDAN.TV","description":"Meydan TV Az\u0259rbaycan\u0131n media m\u0259kan\u0131ndak\u0131 alternativ s\u0259sidir","publisher":{"@id":"https:\/\/www.meydan.tv\/az\/#organization"},"potentialAction":[{"@type":"SearchAction","target":{"@type":"EntryPoint","urlTemplate":"https:\/\/www.meydan.tv\/az\/?s={search_term_string}"},"query-input":{"@type":"PropertyValueSpecification","valueRequired":true,"valueName":"search_term_string"}}],"inLanguage":"az"},{"@type":"Organization","@id":"https:\/\/www.meydan.tv\/az\/#organization","name":"Meydan TV","url":"https:\/\/www.meydan.tv\/az\/","logo":{"@type":"ImageObject","inLanguage":"az","@id":"https:\/\/www.meydan.tv\/az\/#\/schema\/logo\/image\/","url":"https:\/\/www.meydan.tv\/wp-content\/uploads\/2021\/07\/meydan-logo.svg","contentUrl":"https:\/\/www.meydan.tv\/wp-content\/uploads\/2021\/07\/meydan-logo.svg","width":195,"height":46,"caption":"Meydan TV"},"image":{"@id":"https:\/\/www.meydan.tv\/az\/#\/schema\/logo\/image\/"}},{"@type":"Person","@id":"https:\/\/www.meydan.tv\/az\/#\/schema\/person\/10d11eccf6da3662cf5fdab9806ea91a","name":"user-manager"}]}},"_links":{"self":[{"href":"https:\/\/www.meydan.tv\/az\/wp-json\/wp\/v2\/posts\/202284","targetHints":{"allow":["GET"]}}],"collection":[{"href":"https:\/\/www.meydan.tv\/az\/wp-json\/wp\/v2\/posts"}],"about":[{"href":"https:\/\/www.meydan.tv\/az\/wp-json\/wp\/v2\/types\/post"}],"author":[{"embeddable":true,"href":"https:\/\/www.meydan.tv\/az\/wp-json\/wp\/v2\/users\/11"}],"replies":[{"embeddable":true,"href":"https:\/\/www.meydan.tv\/az\/wp-json\/wp\/v2\/comments?post=202284"}],"version-history":[{"count":0,"href":"https:\/\/www.meydan.tv\/az\/wp-json\/wp\/v2\/posts\/202284\/revisions"}],"wp:featuredmedia":[{"embeddable":true,"href":"https:\/\/www.meydan.tv\/az\/wp-json\/wp\/v2\/media\/147221"}],"wp:attachment":[{"href":"https:\/\/www.meydan.tv\/az\/wp-json\/wp\/v2\/media?parent=202284"}],"wp:term":[{"taxonomy":"category","embeddable":true,"href":"https:\/\/www.meydan.tv\/az\/wp-json\/wp\/v2\/categories?post=202284"},{"taxonomy":"post_tag","embeddable":true,"href":"https:\/\/www.meydan.tv\/az\/wp-json\/wp\/v2\/tags?post=202284"}],"curies":[{"name":"wp","href":"https:\/\/api.w.org\/{rel}","templated":true}]}}