{"id":202250,"date":"2020-09-03T16:07:51","date_gmt":"2020-09-03T16:07:51","guid":{"rendered":"https:\/\/www.meydan.tv\/article\/tofiq-yaqublu-olum-acligina-baslayib\/"},"modified":"2020-09-03T16:07:51","modified_gmt":"2020-09-03T16:07:51","slug":"tofiq-yaqublu-olum-acligina-baslayib","status":"publish","type":"post","link":"https:\/\/www.meydan.tv\/az\/article\/tofiq-yaqublu-olum-acligina-baslayib\/","title":{"rendered":"Tofiq Yaqublu \u201c\u00f6l\u00fcm acl\u0131\u011f\u0131\u201dna ba\u015flay\u0131b"},"content":{"rendered":"<p>\n  <i><br \/>\n    &quot;Ya m\u0259ni h\u0259bsd\u0259n azad ed\u0259c\u0259kl\u0259r, ya da ki, \u00f6ld\u00fcr\u0259c\u0259kl\u0259r!&quot;<br \/>\n  <\/i>\n<\/p>\n<p>\n  Nizami Rayon M\u0259hk\u0259m\u0259sinin q\u0259rar\u0131 il\u0259 4 il 3 ay azadl\u0131qdan m\u0259hrum edil\u0259n Tofiq Yaqublu acl\u0131q aksiyas\u0131n\u0131 dayand\u0131rmayaca\u011f\u0131n\u0131 deyib.\n<\/p>\n<p>\n  Bu bar\u0259d\u0259 onunla g\u00f6r\u00fc\u015fd\u00fcy\u00fcn\u00fc dey\u0259n q\u0131z\u0131 Nigar H\u0259zi m\u0259lumat yay\u0131b.\n<\/p>\n<p>\n  Tofiq Yaqublu deyib ki, acl\u0131q aksiyas\u0131n\u0131 dayand\u0131rma\u011f\u0131 kims\u0259 ondan xahi\u015f etm\u0259sin:\n<\/p>\n<p>\n  \u201cAtam ona d\u0259st\u0259k olan h\u0259r k\u0259s\u0259 minn\u0259tdarl\u0131\u011f\u0131n\u0131 bildirdi. Bu g\u00fcn acl\u0131\u011f\u0131n\u0131n ikinci g\u00fcn\u00fcd\u00fcr. M\u0259n atama &quot;acl\u0131\u011f\u0131 dayand\u0131r&quot; dem\u0259dim. \u00c7\u00fcnki bilir\u0259m ki, bu onun q\u0259rar\u0131na t\u0259sir etm\u0259y\u0259c\u0259k. Atam dedi ki, q\u0259rar\u0131m\u0131 he\u00e7 kim d\u0259yi\u015fdir\u0259 bilm\u0259y\u0259c\u0259k. Xahi\u015f edir\u0259m m\u0259n\u0259 &quot;acl\u0131\u011f\u0131 dayand\u0131r\u0131n&quot; \u00e7a\u011f\u0131r\u0131\u015flar\u0131 etm\u0259yin. \u00d6ld\u00fc var, d\u00f6nd\u00fc yoxdur! Bu q\u0259d\u0259r haqs\u0131zl\u0131\u011fa g\u00f6z yummayaca\u011fam. Ya m\u0259ni h\u0259bsd\u0259n azad ed\u0259c\u0259kl\u0259r, ya da ki, \u00f6ld\u00fcr\u0259c\u0259kl\u0259r!&quot;.\n<\/p>\n<p>\n  Sentyabr\u0131n 3-d\u0259 Nizami Rayon M\u0259hk\u0259m\u0259sind\u0259 siyasi f\u0259al Tofiq Yaqublunun i\u015fi il\u0259 ba\u011fl\u0131 m\u0259hk\u0259m\u0259 prosesi ba\u015fa \u00e7at\u0131b.\n<\/p>\n<p>\n  M\u0259hk\u0259m\u0259d\u0259 M\u00fcsavat Partiyas\u0131n\u0131n v\u0259 Milli \u015euran\u0131n \u00fczv\u00fc Tofiq Yaqubluya h\u00f6km oxunub.\n<\/p>\n<p>\n  O, 4 il 3 ay m\u00fcdd\u0259tind\u0259 azadl\u0131qdan m\u0259rhum edilib. C\u0259zas\u0131n\u0131 ciddi rejimli c\u0259za\u00e7\u0259km\u0259 m\u00fc\u0259ssis\u0259sind\u0259 \u00e7\u0259k\u0259c\u0259k.<\/p>\n","protected":false},"excerpt":{"rendered":"<p>&#8220;Atam dedi ki, q\u0259rar\u0131m\u0131 he\u00e7 kim d\u0259yi\u015fdir\u0259 bilm\u0259y\u0259c\u0259k&#8221;.<\/p>\n","protected":false},"author":11,"featured_media":132002,"comment_status":"closed","ping_status":"open","sticky":false,"template":"","format":"standard","meta":{"_acf_changed":false,"_sitemap_exclude":false,"_sitemap_priority":"","_sitemap_frequency":"","footnotes":""},"categories":[59],"tags":[],"class_list":["post-202250","post","type-post","status-publish","format-standard","has-post-thumbnail","hentry","category-siyaset","infinite-scroll-item","generate-columns","tablet-grid-50","mobile-grid-100","grid-parent","grid-33","no-featured-image-padding"],"acf":[],"yoast_head":"<!-- This site is optimized with the Yoast SEO plugin v28.3 - https:\/\/yoast.com\/product\/yoast-seo-wordpress\/ -->\n<title>Tofiq Yaqublu \u201c\u00f6l\u00fcm acl\u0131\u011f\u0131\u201dna ba\u015flay\u0131b - MEYDAN.TV<\/title>\n<meta name=\"robots\" content=\"index, follow, max-snippet:-1, max-image-preview:large, max-video-preview:-1\" \/>\n<link rel=\"canonical\" href=\"https:\/\/www.meydan.tv\/az\/article\/tofiq-yaqublu-olum-acligina-baslayib\/\" \/>\n<meta property=\"og:locale\" content=\"az_AZ\" \/>\n<meta property=\"og:type\" content=\"article\" \/>\n<meta property=\"og:title\" content=\"Tofiq Yaqublu \u201c\u00f6l\u00fcm acl\u0131\u011f\u0131\u201dna ba\u015flay\u0131b - MEYDAN.TV\" \/>\n<meta property=\"og:description\" content=\"&quot;Atam dedi ki, q\u0259rar\u0131m\u0131 he\u00e7 kim d\u0259yi\u015fdir\u0259 bilm\u0259y\u0259c\u0259k&quot;.\" \/>\n<meta property=\"og:url\" content=\"https:\/\/www.meydan.tv\/az\/article\/tofiq-yaqublu-olum-acligina-baslayib\/\" \/>\n<meta property=\"og:site_name\" content=\"MEYDAN.TV\" \/>\n<meta property=\"article:published_time\" content=\"2020-09-03T16:07:51+00:00\" \/>\n<meta property=\"og:image\" content=\"https:\/\/www.meydan.tv\/wp-content\/uploads\/91939f28-7111-401f-af90-4a8fcc6dd08b_cx1_cy15_cw61_w1200_r1_s.jpg\" \/>\n\t<meta property=\"og:image:width\" content=\"1200\" \/>\n\t<meta property=\"og:image:height\" content=\"675\" \/>\n\t<meta property=\"og:image:type\" content=\"image\/jpeg\" \/>\n<meta name=\"twitter:card\" content=\"summary_large_image\" \/>\n<!-- \/ Yoast SEO plugin. -->","yoast_head_json":{"title":"Tofiq Yaqublu \u201c\u00f6l\u00fcm acl\u0131\u011f\u0131\u201dna ba\u015flay\u0131b - MEYDAN.TV","robots":{"index":"index","follow":"follow","max-snippet":"max-snippet:-1","max-image-preview":"max-image-preview:large","max-video-preview":"max-video-preview:-1"},"canonical":"https:\/\/www.meydan.tv\/az\/article\/tofiq-yaqublu-olum-acligina-baslayib\/","og_locale":"az_AZ","og_type":"article","og_title":"Tofiq Yaqublu \u201c\u00f6l\u00fcm acl\u0131\u011f\u0131\u201dna ba\u015flay\u0131b - MEYDAN.TV","og_description":"\"Atam dedi ki, q\u0259rar\u0131m\u0131 he\u00e7 kim d\u0259yi\u015fdir\u0259 bilm\u0259y\u0259c\u0259k\".","og_url":"https:\/\/www.meydan.tv\/az\/article\/tofiq-yaqublu-olum-acligina-baslayib\/","og_site_name":"MEYDAN.TV","article_published_time":"2020-09-03T16:07:51+00:00","og_image":[{"width":1200,"height":675,"url":"https:\/\/www.meydan.tv\/wp-content\/uploads\/91939f28-7111-401f-af90-4a8fcc6dd08b_cx1_cy15_cw61_w1200_r1_s.jpg","type":"image\/jpeg"}],"twitter_card":"summary_large_image","schema":{"@context":"https:\/\/schema.org","@graph":[{"@type":"Article","@id":"https:\/\/www.meydan.tv\/az\/article\/tofiq-yaqublu-olum-acligina-baslayib\/#article","isPartOf":{"@id":"https:\/\/www.meydan.tv\/az\/article\/tofiq-yaqublu-olum-acligina-baslayib\/"},"author":{"name":"user-manager","@id":"https:\/\/www.meydan.tv\/az\/#\/schema\/person\/10d11eccf6da3662cf5fdab9806ea91a"},"headline":"Tofiq Yaqublu \u201c\u00f6l\u00fcm acl\u0131\u011f\u0131\u201dna ba\u015flay\u0131b","datePublished":"2020-09-03T16:07:51+00:00","mainEntityOfPage":{"@id":"https:\/\/www.meydan.tv\/az\/article\/tofiq-yaqublu-olum-acligina-baslayib\/"},"wordCount":280,"publisher":{"@id":"https:\/\/www.meydan.tv\/az\/#organization"},"image":{"@id":"https:\/\/www.meydan.tv\/az\/article\/tofiq-yaqublu-olum-acligina-baslayib\/#primaryimage"},"thumbnailUrl":"https:\/\/www.meydan.tv\/wp-content\/uploads\/91939f28-7111-401f-af90-4a8fcc6dd08b_cx1_cy15_cw61_w1200_r1_s.jpg","articleSection":["Siyas\u0259t"],"inLanguage":"az"},{"@type":"WebPage","@id":"https:\/\/www.meydan.tv\/az\/article\/tofiq-yaqublu-olum-acligina-baslayib\/","url":"https:\/\/www.meydan.tv\/az\/article\/tofiq-yaqublu-olum-acligina-baslayib\/","name":"Tofiq Yaqublu \u201c\u00f6l\u00fcm acl\u0131\u011f\u0131\u201dna ba\u015flay\u0131b - MEYDAN.TV","isPartOf":{"@id":"https:\/\/www.meydan.tv\/az\/#website"},"primaryImageOfPage":{"@id":"https:\/\/www.meydan.tv\/az\/article\/tofiq-yaqublu-olum-acligina-baslayib\/#primaryimage"},"image":{"@id":"https:\/\/www.meydan.tv\/az\/article\/tofiq-yaqublu-olum-acligina-baslayib\/#primaryimage"},"thumbnailUrl":"https:\/\/www.meydan.tv\/wp-content\/uploads\/91939f28-7111-401f-af90-4a8fcc6dd08b_cx1_cy15_cw61_w1200_r1_s.jpg","datePublished":"2020-09-03T16:07:51+00:00","breadcrumb":{"@id":"https:\/\/www.meydan.tv\/az\/article\/tofiq-yaqublu-olum-acligina-baslayib\/#breadcrumb"},"inLanguage":"az","potentialAction":[{"@type":"ReadAction","target":["https:\/\/www.meydan.tv\/az\/article\/tofiq-yaqublu-olum-acligina-baslayib\/"]}]},{"@type":"ImageObject","inLanguage":"az","@id":"https:\/\/www.meydan.tv\/az\/article\/tofiq-yaqublu-olum-acligina-baslayib\/#primaryimage","url":"https:\/\/www.meydan.tv\/wp-content\/uploads\/91939f28-7111-401f-af90-4a8fcc6dd08b_cx1_cy15_cw61_w1200_r1_s.jpg","contentUrl":"https:\/\/www.meydan.tv\/wp-content\/uploads\/91939f28-7111-401f-af90-4a8fcc6dd08b_cx1_cy15_cw61_w1200_r1_s.jpg","width":1200,"height":675,"caption":"Source: Meydan TV"},{"@type":"BreadcrumbList","@id":"https:\/\/www.meydan.tv\/az\/article\/tofiq-yaqublu-olum-acligina-baslayib\/#breadcrumb","itemListElement":[{"@type":"ListItem","position":1,"name":"Ana s\u0259hif\u0259","item":"https:\/\/www.meydan.tv\/az\/"},{"@type":"ListItem","position":2,"name":"Siyas\u0259t","item":"https:\/\/www.meydan.tv\/az\/section\/siyaset\/"},{"@type":"ListItem","position":3,"name":"Tofiq Yaqublu \u201c\u00f6l\u00fcm acl\u0131\u011f\u0131\u201dna ba\u015flay\u0131b"}]},{"@type":"WebSite","@id":"https:\/\/www.meydan.tv\/az\/#website","url":"https:\/\/www.meydan.tv\/az\/","name":"MEYDAN.TV","description":"Meydan TV Az\u0259rbaycan\u0131n media m\u0259kan\u0131ndak\u0131 alternativ s\u0259sidir","publisher":{"@id":"https:\/\/www.meydan.tv\/az\/#organization"},"potentialAction":[{"@type":"SearchAction","target":{"@type":"EntryPoint","urlTemplate":"https:\/\/www.meydan.tv\/az\/?s={search_term_string}"},"query-input":{"@type":"PropertyValueSpecification","valueRequired":true,"valueName":"search_term_string"}}],"inLanguage":"az"},{"@type":"Organization","@id":"https:\/\/www.meydan.tv\/az\/#organization","name":"Meydan TV","url":"https:\/\/www.meydan.tv\/az\/","logo":{"@type":"ImageObject","inLanguage":"az","@id":"https:\/\/www.meydan.tv\/az\/#\/schema\/logo\/image\/","url":"https:\/\/www.meydan.tv\/wp-content\/uploads\/2021\/07\/meydan-logo.svg","contentUrl":"https:\/\/www.meydan.tv\/wp-content\/uploads\/2021\/07\/meydan-logo.svg","width":195,"height":46,"caption":"Meydan TV"},"image":{"@id":"https:\/\/www.meydan.tv\/az\/#\/schema\/logo\/image\/"}},{"@type":"Person","@id":"https:\/\/www.meydan.tv\/az\/#\/schema\/person\/10d11eccf6da3662cf5fdab9806ea91a","name":"user-manager"}]}},"_links":{"self":[{"href":"https:\/\/www.meydan.tv\/az\/wp-json\/wp\/v2\/posts\/202250","targetHints":{"allow":["GET"]}}],"collection":[{"href":"https:\/\/www.meydan.tv\/az\/wp-json\/wp\/v2\/posts"}],"about":[{"href":"https:\/\/www.meydan.tv\/az\/wp-json\/wp\/v2\/types\/post"}],"author":[{"embeddable":true,"href":"https:\/\/www.meydan.tv\/az\/wp-json\/wp\/v2\/users\/11"}],"replies":[{"embeddable":true,"href":"https:\/\/www.meydan.tv\/az\/wp-json\/wp\/v2\/comments?post=202250"}],"version-history":[{"count":0,"href":"https:\/\/www.meydan.tv\/az\/wp-json\/wp\/v2\/posts\/202250\/revisions"}],"wp:featuredmedia":[{"embeddable":true,"href":"https:\/\/www.meydan.tv\/az\/wp-json\/wp\/v2\/media\/132002"}],"wp:attachment":[{"href":"https:\/\/www.meydan.tv\/az\/wp-json\/wp\/v2\/media?parent=202250"}],"wp:term":[{"taxonomy":"category","embeddable":true,"href":"https:\/\/www.meydan.tv\/az\/wp-json\/wp\/v2\/categories?post=202250"},{"taxonomy":"post_tag","embeddable":true,"href":"https:\/\/www.meydan.tv\/az\/wp-json\/wp\/v2\/tags?post=202250"}],"curies":[{"name":"wp","href":"https:\/\/api.w.org\/{rel}","templated":true}]}}